{"id":22321,"date":"2021-08-09T06:09:40","date_gmt":"2021-08-09T10:09:40","guid":{"rendered":"https:\/\/www.eldiario.net\/portal\/?p=22321"},"modified":"2021-08-09T06:09:40","modified_gmt":"2021-08-09T10:09:40","slug":"fiscalia-investiga-muerte-de-dos-mujeres-en-santa-cruz","status":"publish","type":"post","link":"https:\/\/www.eldiario.net\/portal\/2021\/08\/09\/fiscalia-investiga-muerte-de-dos-mujeres-en-santa-cruz\/","title":{"rendered":"Fiscal\u00eda investiga muerte de dos mujeres en Santa Cruz"},"content":{"rendered":"<p>El fiscal departamental de Santa Cruz, Roger Mariaca, inform\u00f3 ayer que se investiga la muerte de dos mujeres y se presume feminicidio. El primero es el caso de una mujer cuyo cuerpo fue encontrado semienterrado y la segunda v\u00edctima que fue encontrada sin vida en su domicilio.<br \/>\nMariaca precis\u00f3 que en el primer caso, la mujer, a\u00fan no identificada, es de aproximadamente 26 a 30 a\u00f1os de edad, su cuerpo fue encontrado semienterrado en la zona Las Lomas de Centellas, carretera al municipio de Porongo de Santa Cruz.<br \/>\nEl fiscal del caso, Cirilo Chambilla, manifest\u00f3 que el 7 de agosto a las 12.00 horas, aproximadamente, comunarios de la zona la Loma de Centellas dieron aviso a la Polic\u00eda del municipio de Porongo del hallazgo de un cad\u00e1ver semienterrado con amputaci\u00f3n de manos y pies, la mujer vest\u00eda una blusa de color negro y un short celeste.<br \/>\n\u201cA trav\u00e9s de los tatuajes que presenta el cuerpo se podr\u00e1 identificar la identidad de la v\u00edctima. Se inici\u00f3 la investigaci\u00f3n contra el autor o autores por delito de feminicidio ante los evidentes signos de violencia\u201d, indic\u00f3 Chambilla.<br \/>\nDe acuerdo con la autopsia m\u00e9dico legal realizada por el Instituto de Investigaciones Forenses (IDIF), la causa de la muerte de la mujer es asfixia mec\u00e1nica por obstrucci\u00f3n en v\u00edas respiratorias con una data de muerte de 3 a 5 d\u00edas.<\/p>\n<p>YAPACAN\u00cd<br \/>\nOtro hecho que investiga el Ministerio P\u00fablico es el feminicidio de Marlene G. M. de 24 a\u00f1os de edad, quien fue encontrada sin vida en su domicilio ubicado en el distrito Surut\u00fa en el municipio de Yapacan\u00ed Antacagua.<br \/>\nEn este caso, el presunto autor del hecho es su enamorado Vicente H. T. de 37 a\u00f1os de edad, quien fue aprehendido en su domicilio y fue puesto a disposici\u00f3n de la Fiscal\u00eda que proceder\u00e1 a su imputaci\u00f3n formal.<br \/>\nEl fiscal del caso, Clovis Huarteche, se\u00f1al\u00f3 que el viernes 6 de agosto, aproximadamente a las 18.00 horas, el padre de la joven lleg\u00f3 a su domicilio y encontr\u00f3 a su hija sentada sin signos vitales y con heridas en el pecho producida por un arma blanca. Inmediatamente busc\u00f3 a sus otras hijas para contarles lo sucedido y luego comunic\u00f3 el hecho en la Jefatura Policial de Santa Fe. De acuerdo con la autopsia m\u00e9dico legal realizada por el Instituto de Investigaciones Forenses (IDIF), la causa de la muerte de la v\u00edctima es shock hipovol\u00e9mico, anoxia an\u00e9mica, hipotensi\u00f3n arterial con taponamiento cardial, heridas punzo cortantes con lesi\u00f3n penetrante en el pulm\u00f3n por arma blanca. d\u00edas.<\/p>\n","protected":false},"excerpt":{"rendered":"<p>El fiscal departamental de Santa Cruz, Roger Mariaca, inform\u00f3 ayer que se investiga la muerte de dos mujeres y se presume feminicidio. El primero es el caso de una mujer cuyo cuerpo fue encontrado semienterrado y la segunda v\u00edctima que fue encontrada sin vida en su domicilio. Mariaca precis\u00f3 que en el primer caso, la [&hellip;]<\/p>\n","protected":false},"author":1,"featured_media":22322,"comment_status":"closed","ping_status":"closed","sticky":false,"template":"","format":"standard","meta":{"_acf_changed":false,"footnotes":""},"categories":[39],"tags":[],"class_list":["post-22321","post","type-post","status-publish","format-standard","has-post-thumbnail","category-sociedad"],"acf":{"antetitulo":""},"yoast_head":"<!-- This site is optimized with the Yoast SEO plugin v28.4 - https:\/\/yoast.com\/product\/yoast-seo-wordpress\/ -->\n<title>Fiscal\u00eda investiga muerte de dos mujeres en Santa Cruz - El Diario - Bolivia<\/title>\n<meta name=\"robots\" content=\"index, follow, max-snippet:-1, max-image-preview:large, max-video-preview:-1\" \/>\n<link rel=\"canonical\" href=\"https:\/\/www.eldiario.net\/portal\/2021\/08\/09\/fiscalia-investiga-muerte-de-dos-mujeres-en-santa-cruz\/\" \/>\n<meta property=\"og:locale\" content=\"es_ES\" \/>\n<meta property=\"og:type\" content=\"article\" \/>\n<meta property=\"og:title\" content=\"Fiscal\u00eda investiga muerte de dos mujeres en Santa Cruz - El Diario - Bolivia\" \/>\n<meta property=\"og:description\" content=\"El fiscal departamental de Santa Cruz, Roger Mariaca, inform\u00f3 ayer que se investiga la muerte de dos mujeres y se presume feminicidio. El primero es el caso de una mujer cuyo cuerpo fue encontrado semienterrado y la segunda v\u00edctima que fue encontrada sin vida en su domicilio. Mariaca precis\u00f3 que en el primer caso, la [&hellip;]\" \/>\n<meta property=\"og:url\" content=\"https:\/\/www.eldiario.net\/portal\/2021\/08\/09\/fiscalia-investiga-muerte-de-dos-mujeres-en-santa-cruz\/\" \/>\n<meta property=\"og:site_name\" content=\"El Diario - Bolivia\" \/>\n<meta property=\"article:publisher\" content=\"https:\/\/www.facebook.com\/eldiario.bolivia\/\" \/>\n<meta property=\"article:published_time\" content=\"2021-08-09T10:09:40+00:00\" \/>\n<meta name=\"author\" content=\"Jeanette\" \/>\n<meta name=\"twitter:card\" content=\"summary_large_image\" \/>\n<meta name=\"twitter:creator\" content=\"@eldiario_net\" \/>\n<meta name=\"twitter:site\" content=\"@eldiario_net\" \/>\n<meta name=\"twitter:label1\" content=\"Escrito por\" \/>\n\t<meta name=\"twitter:data1\" content=\"Jeanette\" \/>\n\t<meta name=\"twitter:label2\" content=\"Tiempo de lectura\" \/>\n\t<meta name=\"twitter:data2\" content=\"2 minutos\" \/>\n<script type=\"application\/ld+json\" class=\"yoast-schema-graph\">{\"@context\":\"https:\\\/\\\/schema.org\",\"@graph\":[{\"@type\":\"Article\",\"@id\":\"https:\\\/\\\/www.eldiario.net\\\/portal\\\/2021\\\/08\\\/09\\\/fiscalia-investiga-muerte-de-dos-mujeres-en-santa-cruz\\\/#article\",\"isPartOf\":{\"@id\":\"https:\\\/\\\/www.eldiario.net\\\/portal\\\/2021\\\/08\\\/09\\\/fiscalia-investiga-muerte-de-dos-mujeres-en-santa-cruz\\\/\"},\"author\":{\"name\":\"Jeanette\",\"@id\":\"https:\\\/\\\/www.eldiario.net\\\/portal\\\/#\\\/schema\\\/person\\\/f46445640444750d7d753ccd04ae01b7\"},\"headline\":\"Fiscal\u00eda investiga muerte de dos mujeres en Santa Cruz\",\"datePublished\":\"2021-08-09T10:09:40+00:00\",\"mainEntityOfPage\":{\"@id\":\"https:\\\/\\\/www.eldiario.net\\\/portal\\\/2021\\\/08\\\/09\\\/fiscalia-investiga-muerte-de-dos-mujeres-en-santa-cruz\\\/\"},\"wordCount\":448,\"publisher\":{\"@id\":\"https:\\\/\\\/www.eldiario.net\\\/portal\\\/#organization\"},\"image\":{\"@id\":\"https:\\\/\\\/www.eldiario.net\\\/portal\\\/2021\\\/08\\\/09\\\/fiscalia-investiga-muerte-de-dos-mujeres-en-santa-cruz\\\/#primaryimage\"},\"thumbnailUrl\":\"\",\"articleSection\":[\"Sociedad - Seguridad\"],\"inLanguage\":\"es\"},{\"@type\":\"WebPage\",\"@id\":\"https:\\\/\\\/www.eldiario.net\\\/portal\\\/2021\\\/08\\\/09\\\/fiscalia-investiga-muerte-de-dos-mujeres-en-santa-cruz\\\/\",\"url\":\"https:\\\/\\\/www.eldiario.net\\\/portal\\\/2021\\\/08\\\/09\\\/fiscalia-investiga-muerte-de-dos-mujeres-en-santa-cruz\\\/\",\"name\":\"Fiscal\u00eda investiga muerte de dos mujeres en Santa Cruz - El Diario - Bolivia\",\"isPartOf\":{\"@id\":\"https:\\\/\\\/www.eldiario.net\\\/portal\\\/#website\"},\"primaryImageOfPage\":{\"@id\":\"https:\\\/\\\/www.eldiario.net\\\/portal\\\/2021\\\/08\\\/09\\\/fiscalia-investiga-muerte-de-dos-mujeres-en-santa-cruz\\\/#primaryimage\"},\"image\":{\"@id\":\"https:\\\/\\\/www.eldiario.net\\\/portal\\\/2021\\\/08\\\/09\\\/fiscalia-investiga-muerte-de-dos-mujeres-en-santa-cruz\\\/#primaryimage\"},\"thumbnailUrl\":\"\",\"datePublished\":\"2021-08-09T10:09:40+00:00\",\"breadcrumb\":{\"@id\":\"https:\\\/\\\/www.eldiario.net\\\/portal\\\/2021\\\/08\\\/09\\\/fiscalia-investiga-muerte-de-dos-mujeres-en-santa-cruz\\\/#breadcrumb\"},\"inLanguage\":\"es\",\"potentialAction\":[{\"@type\":\"ReadAction\",\"target\":[\"https:\\\/\\\/www.eldiario.net\\\/portal\\\/2021\\\/08\\\/09\\\/fiscalia-investiga-muerte-de-dos-mujeres-en-santa-cruz\\\/\"]}]},{\"@type\":\"ImageObject\",\"inLanguage\":\"es\",\"@id\":\"https:\\\/\\\/www.eldiario.net\\\/portal\\\/2021\\\/08\\\/09\\\/fiscalia-investiga-muerte-de-dos-mujeres-en-santa-cruz\\\/#primaryimage\",\"url\":\"\",\"contentUrl\":\"\"},{\"@type\":\"BreadcrumbList\",\"@id\":\"https:\\\/\\\/www.eldiario.net\\\/portal\\\/2021\\\/08\\\/09\\\/fiscalia-investiga-muerte-de-dos-mujeres-en-santa-cruz\\\/#breadcrumb\",\"itemListElement\":[{\"@type\":\"ListItem\",\"position\":1,\"name\":\"Portada\",\"item\":\"https:\\\/\\\/www.eldiario.net\\\/portal\\\/\"},{\"@type\":\"ListItem\",\"position\":2,\"name\":\"Fiscal\u00eda investiga muerte de dos mujeres en Santa Cruz\"}]},{\"@type\":\"WebSite\",\"@id\":\"https:\\\/\\\/www.eldiario.net\\\/portal\\\/#website\",\"url\":\"https:\\\/\\\/www.eldiario.net\\\/portal\\\/\",\"name\":\"El Diario - Decano de la prensa nacional\",\"description\":\"El Diario - Decano de la prensa nacional\",\"publisher\":{\"@id\":\"https:\\\/\\\/www.eldiario.net\\\/portal\\\/#organization\"},\"potentialAction\":[{\"@type\":\"SearchAction\",\"target\":{\"@type\":\"EntryPoint\",\"urlTemplate\":\"https:\\\/\\\/www.eldiario.net\\\/portal\\\/?s={search_term_string}\"},\"query-input\":{\"@type\":\"PropertyValueSpecification\",\"valueRequired\":true,\"valueName\":\"search_term_string\"}}],\"inLanguage\":\"es\"},{\"@type\":\"Organization\",\"@id\":\"https:\\\/\\\/www.eldiario.net\\\/portal\\\/#organization\",\"name\":\"El Diario - Decano de la prensa nacional\",\"url\":\"https:\\\/\\\/www.eldiario.net\\\/portal\\\/\",\"logo\":{\"@type\":\"ImageObject\",\"inLanguage\":\"es\",\"@id\":\"https:\\\/\\\/www.eldiario.net\\\/portal\\\/#\\\/schema\\\/logo\\\/image\\\/\",\"url\":\"https:\\\/\\\/www.eldiario.net\\\/portal\\\/wp-content\\\/uploads\\\/2023\\\/07\\\/logo_ED.jpg\",\"contentUrl\":\"https:\\\/\\\/www.eldiario.net\\\/portal\\\/wp-content\\\/uploads\\\/2023\\\/07\\\/logo_ED.jpg\",\"width\":272,\"height\":52,\"caption\":\"El Diario - Decano de la prensa nacional\"},\"image\":{\"@id\":\"https:\\\/\\\/www.eldiario.net\\\/portal\\\/#\\\/schema\\\/logo\\\/image\\\/\"},\"sameAs\":[\"https:\\\/\\\/www.facebook.com\\\/eldiario.bolivia\\\/\",\"https:\\\/\\\/x.com\\\/eldiario_net\"]},{\"@type\":\"Person\",\"@id\":\"https:\\\/\\\/www.eldiario.net\\\/portal\\\/#\\\/schema\\\/person\\\/f46445640444750d7d753ccd04ae01b7\",\"name\":\"Jeanette\",\"image\":{\"@type\":\"ImageObject\",\"inLanguage\":\"es\",\"@id\":\"https:\\\/\\\/secure.gravatar.com\\\/avatar\\\/3ea2118a5f7dad2b7138b1187a6b7ee55f160b9968b66013c3a3ef39dd7e5798?s=96&d=mm&r=g\",\"url\":\"https:\\\/\\\/secure.gravatar.com\\\/avatar\\\/3ea2118a5f7dad2b7138b1187a6b7ee55f160b9968b66013c3a3ef39dd7e5798?s=96&d=mm&r=g\",\"contentUrl\":\"https:\\\/\\\/secure.gravatar.com\\\/avatar\\\/3ea2118a5f7dad2b7138b1187a6b7ee55f160b9968b66013c3a3ef39dd7e5798?s=96&d=mm&r=g\",\"caption\":\"Jeanette\"},\"sameAs\":[\"https:\\\/\\\/www.eldiario.net\\\/portal\"],\"url\":\"https:\\\/\\\/www.eldiario.net\\\/portal\\\/author\\\/jeanette\\\/\"}]}<\/script>\n<!-- \/ Yoast SEO plugin. -->","yoast_head_json":{"title":"Fiscal\u00eda investiga muerte de dos mujeres en Santa Cruz - El Diario - Bolivia","robots":{"index":"index","follow":"follow","max-snippet":"max-snippet:-1","max-image-preview":"max-image-preview:large","max-video-preview":"max-video-preview:-1"},"canonical":"https:\/\/www.eldiario.net\/portal\/2021\/08\/09\/fiscalia-investiga-muerte-de-dos-mujeres-en-santa-cruz\/","og_locale":"es_ES","og_type":"article","og_title":"Fiscal\u00eda investiga muerte de dos mujeres en Santa Cruz - El Diario - Bolivia","og_description":"El fiscal departamental de Santa Cruz, Roger Mariaca, inform\u00f3 ayer que se investiga la muerte de dos mujeres y se presume feminicidio. El primero es el caso de una mujer cuyo cuerpo fue encontrado semienterrado y la segunda v\u00edctima que fue encontrada sin vida en su domicilio. Mariaca precis\u00f3 que en el primer caso, la [&hellip;]","og_url":"https:\/\/www.eldiario.net\/portal\/2021\/08\/09\/fiscalia-investiga-muerte-de-dos-mujeres-en-santa-cruz\/","og_site_name":"El Diario - Bolivia","article_publisher":"https:\/\/www.facebook.com\/eldiario.bolivia\/","article_published_time":"2021-08-09T10:09:40+00:00","author":"Jeanette","twitter_card":"summary_large_image","twitter_creator":"@eldiario_net","twitter_site":"@eldiario_net","twitter_misc":{"Escrito por":"Jeanette","Tiempo de lectura":"2 minutos"},"schema":{"@context":"https:\/\/schema.org","@graph":[{"@type":"Article","@id":"https:\/\/www.eldiario.net\/portal\/2021\/08\/09\/fiscalia-investiga-muerte-de-dos-mujeres-en-santa-cruz\/#article","isPartOf":{"@id":"https:\/\/www.eldiario.net\/portal\/2021\/08\/09\/fiscalia-investiga-muerte-de-dos-mujeres-en-santa-cruz\/"},"author":{"name":"Jeanette","@id":"https:\/\/www.eldiario.net\/portal\/#\/schema\/person\/f46445640444750d7d753ccd04ae01b7"},"headline":"Fiscal\u00eda investiga muerte de dos mujeres en Santa Cruz","datePublished":"2021-08-09T10:09:40+00:00","mainEntityOfPage":{"@id":"https:\/\/www.eldiario.net\/portal\/2021\/08\/09\/fiscalia-investiga-muerte-de-dos-mujeres-en-santa-cruz\/"},"wordCount":448,"publisher":{"@id":"https:\/\/www.eldiario.net\/portal\/#organization"},"image":{"@id":"https:\/\/www.eldiario.net\/portal\/2021\/08\/09\/fiscalia-investiga-muerte-de-dos-mujeres-en-santa-cruz\/#primaryimage"},"thumbnailUrl":"","articleSection":["Sociedad - Seguridad"],"inLanguage":"es"},{"@type":"WebPage","@id":"https:\/\/www.eldiario.net\/portal\/2021\/08\/09\/fiscalia-investiga-muerte-de-dos-mujeres-en-santa-cruz\/","url":"https:\/\/www.eldiario.net\/portal\/2021\/08\/09\/fiscalia-investiga-muerte-de-dos-mujeres-en-santa-cruz\/","name":"Fiscal\u00eda investiga muerte de dos mujeres en Santa Cruz - El Diario - Bolivia","isPartOf":{"@id":"https:\/\/www.eldiario.net\/portal\/#website"},"primaryImageOfPage":{"@id":"https:\/\/www.eldiario.net\/portal\/2021\/08\/09\/fiscalia-investiga-muerte-de-dos-mujeres-en-santa-cruz\/#primaryimage"},"image":{"@id":"https:\/\/www.eldiario.net\/portal\/2021\/08\/09\/fiscalia-investiga-muerte-de-dos-mujeres-en-santa-cruz\/#primaryimage"},"thumbnailUrl":"","datePublished":"2021-08-09T10:09:40+00:00","breadcrumb":{"@id":"https:\/\/www.eldiario.net\/portal\/2021\/08\/09\/fiscalia-investiga-muerte-de-dos-mujeres-en-santa-cruz\/#breadcrumb"},"inLanguage":"es","potentialAction":[{"@type":"ReadAction","target":["https:\/\/www.eldiario.net\/portal\/2021\/08\/09\/fiscalia-investiga-muerte-de-dos-mujeres-en-santa-cruz\/"]}]},{"@type":"ImageObject","inLanguage":"es","@id":"https:\/\/www.eldiario.net\/portal\/2021\/08\/09\/fiscalia-investiga-muerte-de-dos-mujeres-en-santa-cruz\/#primaryimage","url":"","contentUrl":""},{"@type":"BreadcrumbList","@id":"https:\/\/www.eldiario.net\/portal\/2021\/08\/09\/fiscalia-investiga-muerte-de-dos-mujeres-en-santa-cruz\/#breadcrumb","itemListElement":[{"@type":"ListItem","position":1,"name":"Portada","item":"https:\/\/www.eldiario.net\/portal\/"},{"@type":"ListItem","position":2,"name":"Fiscal\u00eda investiga muerte de dos mujeres en Santa Cruz"}]},{"@type":"WebSite","@id":"https:\/\/www.eldiario.net\/portal\/#website","url":"https:\/\/www.eldiario.net\/portal\/","name":"El Diario - Decano de la prensa nacional","description":"El Diario - Decano de la prensa nacional","publisher":{"@id":"https:\/\/www.eldiario.net\/portal\/#organization"},"potentialAction":[{"@type":"SearchAction","target":{"@type":"EntryPoint","urlTemplate":"https:\/\/www.eldiario.net\/portal\/?s={search_term_string}"},"query-input":{"@type":"PropertyValueSpecification","valueRequired":true,"valueName":"search_term_string"}}],"inLanguage":"es"},{"@type":"Organization","@id":"https:\/\/www.eldiario.net\/portal\/#organization","name":"El Diario - Decano de la prensa nacional","url":"https:\/\/www.eldiario.net\/portal\/","logo":{"@type":"ImageObject","inLanguage":"es","@id":"https:\/\/www.eldiario.net\/portal\/#\/schema\/logo\/image\/","url":"https:\/\/www.eldiario.net\/portal\/wp-content\/uploads\/2023\/07\/logo_ED.jpg","contentUrl":"https:\/\/www.eldiario.net\/portal\/wp-content\/uploads\/2023\/07\/logo_ED.jpg","width":272,"height":52,"caption":"El Diario - Decano de la prensa nacional"},"image":{"@id":"https:\/\/www.eldiario.net\/portal\/#\/schema\/logo\/image\/"},"sameAs":["https:\/\/www.facebook.com\/eldiario.bolivia\/","https:\/\/x.com\/eldiario_net"]},{"@type":"Person","@id":"https:\/\/www.eldiario.net\/portal\/#\/schema\/person\/f46445640444750d7d753ccd04ae01b7","name":"Jeanette","image":{"@type":"ImageObject","inLanguage":"es","@id":"https:\/\/secure.gravatar.com\/avatar\/3ea2118a5f7dad2b7138b1187a6b7ee55f160b9968b66013c3a3ef39dd7e5798?s=96&d=mm&r=g","url":"https:\/\/secure.gravatar.com\/avatar\/3ea2118a5f7dad2b7138b1187a6b7ee55f160b9968b66013c3a3ef39dd7e5798?s=96&d=mm&r=g","contentUrl":"https:\/\/secure.gravatar.com\/avatar\/3ea2118a5f7dad2b7138b1187a6b7ee55f160b9968b66013c3a3ef39dd7e5798?s=96&d=mm&r=g","caption":"Jeanette"},"sameAs":["https:\/\/www.eldiario.net\/portal"],"url":"https:\/\/www.eldiario.net\/portal\/author\/jeanette\/"}]}},"_links":{"self":[{"href":"https:\/\/www.eldiario.net\/portal\/wp-json\/wp\/v2\/posts\/22321","targetHints":{"allow":["GET"]}}],"collection":[{"href":"https:\/\/www.eldiario.net\/portal\/wp-json\/wp\/v2\/posts"}],"about":[{"href":"https:\/\/www.eldiario.net\/portal\/wp-json\/wp\/v2\/types\/post"}],"author":[{"embeddable":true,"href":"https:\/\/www.eldiario.net\/portal\/wp-json\/wp\/v2\/users\/1"}],"replies":[{"embeddable":true,"href":"https:\/\/www.eldiario.net\/portal\/wp-json\/wp\/v2\/comments?post=22321"}],"version-history":[{"count":0,"href":"https:\/\/www.eldiario.net\/portal\/wp-json\/wp\/v2\/posts\/22321\/revisions"}],"wp:attachment":[{"href":"https:\/\/www.eldiario.net\/portal\/wp-json\/wp\/v2\/media?parent=22321"}],"wp:term":[{"taxonomy":"category","embeddable":true,"href":"https:\/\/www.eldiario.net\/portal\/wp-json\/wp\/v2\/categories?post=22321"},{"taxonomy":"post_tag","embeddable":true,"href":"https:\/\/www.eldiario.net\/portal\/wp-json\/wp\/v2\/tags?post=22321"}],"curies":[{"name":"wp","href":"https:\/\/api.w.org\/{rel}","templated":true}]}}