{"id":22318,"date":"2021-08-09T06:08:20","date_gmt":"2021-08-09T10:08:20","guid":{"rendered":"https:\/\/www.eldiario.net\/portal\/?p=22318"},"modified":"2021-08-09T06:08:20","modified_gmt":"2021-08-09T10:08:20","slug":"control-en-horarios-de-trafico-sera-estricto-en-amor-de-dios","status":"publish","type":"post","link":"https:\/\/www.eldiario.net\/portal\/2021\/08\/09\/control-en-horarios-de-trafico-sera-estricto-en-amor-de-dios\/","title":{"rendered":"Control en horarios de tr\u00e1fico ser\u00e1 estricto en Amor de Dios"},"content":{"rendered":"<p>Desde este lunes el control de los horarios de circulaci\u00f3n en la avenida Hern\u00e1n Siles, de la zona Amor de Dios a Mallasa, ser\u00e1 m\u00e1s estricto porque los trabajos de desplome controlado de rocas en el talud proseguir\u00e1n por espacio de tres semanas, seg\u00fan informe de la Alcald\u00eda de La Paz.<br \/>\nLos horarios de circulaci\u00f3n son: de 07.00 a 09.00, de 12.00 a 14.00 y de 17.00 a 19.00 horas.<br \/>\n\u201cPara el d\u00eda de ma\u00f1ana (lunes) hemos previsto cumplir estrictamente los horarios puesto que ya es d\u00eda de semana (laboral) y tenemos m\u00e1s afluencia de movilidades y tr\u00e1fico (de personas)\u201d, inform\u00f3 la subalcaldesa de Mallasa, Sheila D\u00e1valos, en una emisora local.<br \/>\nCerca de las 09.30 de este domingo se habilit\u00f3 la v\u00eda alterna de circulaci\u00f3n situada sobre la ciclov\u00eda, lo que permite el tr\u00e1nsito de veh\u00edculos y personas por espacio de 15 minutos de ida y 15 minutos de vuelta, con intervalos de 40 minutos para hacer los trabajos de desplome de rocas.<br \/>\nEl secretario municipal de Gesti\u00f3n Integral de Riesgos (SMGIR), Germ\u00e1n Quisbert, inform\u00f3 que el \u201ctrabajo m\u00e1s duro\u201d se realizar\u00e1 las pr\u00f3ximas tres semanas, dado que se requiere provocar la ca\u00edda de un gran contingente de rocas y material que qued\u00f3 suspendido en el talud, adem\u00e1s de los pedrones que est\u00e1n situados en la cima del cerro. Este tiempo servir\u00e1 tambi\u00e9n para restaurar el ornato p\u00fablico da\u00f1ado.<br \/>\n\u201cHay que hacer descender otras rocas de la parte superior, ese trabajo es delicado porque el descenso de rocas es mayor\u201d, indic\u00f3 Quisbert que explic\u00f3 que una vez que termine este trabajo controlado, se proceder\u00e1 con la limpieza del talud y armar defensivos. Con todo este trabajo se prev\u00e9 que las tareas sean concluidas en un mes.<br \/>\n\u201cVamos a hacer camellones, defensivos, luego la limpieza general y vamos a terminar en un mes los trabajos de protecci\u00f3n. Vamos a poner una malla de protecci\u00f3n por seguridad, pero primero es todo el descenso de rocas\u201d, a\u00f1adi\u00f3.<br \/>\nLa subalcaldesa D\u00e1valos confirm\u00f3 que se reuni\u00f3 con la Asociaci\u00f3n de Gastron\u00f3micos de Mallasa que se vio afectada el s\u00e1bado ante la dificultad de que la poblaci\u00f3n llegue a Mallasa, donde hay muchos restaurantes y una variedad de locales de expendio de comida.<br \/>\nSin embargo, despu\u00e9s de un d\u00eda de p\u00e9rdidas, este domingo los veh\u00edculos pudieron acceder a este sector de la ciudad con la habilitaci\u00f3n de la v\u00eda alterna situada sobre la ciclov\u00eda. \u201cHoy (domingo) hemos solucionado (el acceso con intervalos); hay mayor afluencia de ingreso a Mallasa, hoy cambi\u00f3 el panorama para favorecer a los emprendedores\u201d, indic\u00f3 D\u00e1valos.<br \/>\nDesde tempranas horas de este domingo se observ\u00f3 a mucha gente utilizar el paso peatonal habilitado, de y hacia Mallasa por el sector de Amor de Dios, donde la madrugada del s\u00e1bado cayeron piedras grandes del tama\u00f1o de cuatro metros y m\u00e1s que son partidas y levantadas por cuadrillas de trabajadores con apoyo de maquinaria pesada.<br \/>\n\u201cEstamos d\u00e1ndole seguridad a la gente, mientras trabajamos los peatones tienen un paso de circulaci\u00f3n en el \u00e1rea del jard\u00edn, por donde est\u00e1n caminando por ese rumbo; hay mucho peat\u00f3n porque el transporte p\u00fablico los deja en un extremo de subida y otro de bajada\u201d, a\u00f1adi\u00f3 el secretario municipal de Gesti\u00f3n Integral de Riesgos.<br \/>\nA las 02.30 del s\u00e1bado se produjo el desprendimiento de rocas y material que cubri\u00f3 por completo la v\u00eda de acceso a Aranjuez a la altura de Amor de Dios. Tras la intervenci\u00f3n de la Alcald\u00eda se logr\u00f3 limpiar el camino con maquinaria pesada y de forma manual, se habilit\u00f3 un sector como camino alterno y se procede al descenso controlado de rocas para evitar mayores da\u00f1os.<\/p>\n","protected":false},"excerpt":{"rendered":"<p>Desde este lunes el control de los horarios de circulaci\u00f3n en la avenida Hern\u00e1n Siles, de la zona Amor de Dios a Mallasa, ser\u00e1 m\u00e1s estricto porque los trabajos de desplome controlado de rocas en el talud proseguir\u00e1n por espacio de tres semanas, seg\u00fan informe de la Alcald\u00eda de La Paz. Los horarios de circulaci\u00f3n [&hellip;]<\/p>\n","protected":false},"author":1,"featured_media":22319,"comment_status":"closed","ping_status":"closed","sticky":false,"template":"","format":"standard","meta":{"_acf_changed":false,"footnotes":""},"categories":[12],"tags":[],"class_list":["post-22318","post","type-post","status-publish","format-standard","has-post-thumbnail","category-nacional"],"acf":{"antetitulo":""},"yoast_head":"<!-- This site is optimized with the Yoast SEO plugin v28.4 - https:\/\/yoast.com\/product\/yoast-seo-wordpress\/ -->\n<title>Control en horarios de tr\u00e1fico ser\u00e1 estricto en Amor de Dios - El Diario - Bolivia<\/title>\n<meta name=\"robots\" content=\"index, follow, max-snippet:-1, max-image-preview:large, max-video-preview:-1\" \/>\n<link rel=\"canonical\" href=\"https:\/\/www.eldiario.net\/portal\/2021\/08\/09\/control-en-horarios-de-trafico-sera-estricto-en-amor-de-dios\/\" \/>\n<meta property=\"og:locale\" content=\"es_ES\" \/>\n<meta property=\"og:type\" content=\"article\" \/>\n<meta property=\"og:title\" content=\"Control en horarios de tr\u00e1fico ser\u00e1 estricto en Amor de Dios - El Diario - Bolivia\" \/>\n<meta property=\"og:description\" content=\"Desde este lunes el control de los horarios de circulaci\u00f3n en la avenida Hern\u00e1n Siles, de la zona Amor de Dios a Mallasa, ser\u00e1 m\u00e1s estricto porque los trabajos de desplome controlado de rocas en el talud proseguir\u00e1n por espacio de tres semanas, seg\u00fan informe de la Alcald\u00eda de La Paz. Los horarios de circulaci\u00f3n [&hellip;]\" \/>\n<meta property=\"og:url\" content=\"https:\/\/www.eldiario.net\/portal\/2021\/08\/09\/control-en-horarios-de-trafico-sera-estricto-en-amor-de-dios\/\" \/>\n<meta property=\"og:site_name\" content=\"El Diario - Bolivia\" \/>\n<meta property=\"article:publisher\" content=\"https:\/\/www.facebook.com\/eldiario.bolivia\/\" \/>\n<meta property=\"article:published_time\" content=\"2021-08-09T10:08:20+00:00\" \/>\n<meta property=\"og:image\" content=\"https:\/\/www.eldiario.net\/portal\/wp-content\/uploads\/2021\/08\/1LP-4.jpg\" \/>\n\t<meta property=\"og:image:width\" content=\"1200\" \/>\n\t<meta property=\"og:image:height\" content=\"800\" \/>\n\t<meta property=\"og:image:type\" content=\"image\/jpeg\" \/>\n<meta name=\"author\" content=\"Jeanette\" \/>\n<meta name=\"twitter:card\" content=\"summary_large_image\" \/>\n<meta name=\"twitter:creator\" content=\"@eldiario_net\" \/>\n<meta name=\"twitter:site\" content=\"@eldiario_net\" \/>\n<meta name=\"twitter:label1\" content=\"Escrito por\" \/>\n\t<meta name=\"twitter:data1\" content=\"Jeanette\" \/>\n\t<meta name=\"twitter:label2\" content=\"Tiempo de lectura\" \/>\n\t<meta name=\"twitter:data2\" content=\"3 minutos\" \/>\n<script type=\"application\/ld+json\" class=\"yoast-schema-graph\">{\"@context\":\"https:\\\/\\\/schema.org\",\"@graph\":[{\"@type\":\"Article\",\"@id\":\"https:\\\/\\\/www.eldiario.net\\\/portal\\\/2021\\\/08\\\/09\\\/control-en-horarios-de-trafico-sera-estricto-en-amor-de-dios\\\/#article\",\"isPartOf\":{\"@id\":\"https:\\\/\\\/www.eldiario.net\\\/portal\\\/2021\\\/08\\\/09\\\/control-en-horarios-de-trafico-sera-estricto-en-amor-de-dios\\\/\"},\"author\":{\"name\":\"Jeanette\",\"@id\":\"https:\\\/\\\/www.eldiario.net\\\/portal\\\/#\\\/schema\\\/person\\\/f46445640444750d7d753ccd04ae01b7\"},\"headline\":\"Control en horarios de tr\u00e1fico ser\u00e1 estricto en Amor de Dios\",\"datePublished\":\"2021-08-09T10:08:20+00:00\",\"mainEntityOfPage\":{\"@id\":\"https:\\\/\\\/www.eldiario.net\\\/portal\\\/2021\\\/08\\\/09\\\/control-en-horarios-de-trafico-sera-estricto-en-amor-de-dios\\\/\"},\"wordCount\":662,\"publisher\":{\"@id\":\"https:\\\/\\\/www.eldiario.net\\\/portal\\\/#organization\"},\"image\":{\"@id\":\"https:\\\/\\\/www.eldiario.net\\\/portal\\\/2021\\\/08\\\/09\\\/control-en-horarios-de-trafico-sera-estricto-en-amor-de-dios\\\/#primaryimage\"},\"thumbnailUrl\":\"https:\\\/\\\/www.eldiario.net\\\/portal\\\/wp-content\\\/uploads\\\/2021\\\/08\\\/1LP-4.jpg\",\"articleSection\":[\"Nacional\"],\"inLanguage\":\"es\"},{\"@type\":\"WebPage\",\"@id\":\"https:\\\/\\\/www.eldiario.net\\\/portal\\\/2021\\\/08\\\/09\\\/control-en-horarios-de-trafico-sera-estricto-en-amor-de-dios\\\/\",\"url\":\"https:\\\/\\\/www.eldiario.net\\\/portal\\\/2021\\\/08\\\/09\\\/control-en-horarios-de-trafico-sera-estricto-en-amor-de-dios\\\/\",\"name\":\"Control en horarios de tr\u00e1fico ser\u00e1 estricto en Amor de Dios - El Diario - Bolivia\",\"isPartOf\":{\"@id\":\"https:\\\/\\\/www.eldiario.net\\\/portal\\\/#website\"},\"primaryImageOfPage\":{\"@id\":\"https:\\\/\\\/www.eldiario.net\\\/portal\\\/2021\\\/08\\\/09\\\/control-en-horarios-de-trafico-sera-estricto-en-amor-de-dios\\\/#primaryimage\"},\"image\":{\"@id\":\"https:\\\/\\\/www.eldiario.net\\\/portal\\\/2021\\\/08\\\/09\\\/control-en-horarios-de-trafico-sera-estricto-en-amor-de-dios\\\/#primaryimage\"},\"thumbnailUrl\":\"https:\\\/\\\/www.eldiario.net\\\/portal\\\/wp-content\\\/uploads\\\/2021\\\/08\\\/1LP-4.jpg\",\"datePublished\":\"2021-08-09T10:08:20+00:00\",\"breadcrumb\":{\"@id\":\"https:\\\/\\\/www.eldiario.net\\\/portal\\\/2021\\\/08\\\/09\\\/control-en-horarios-de-trafico-sera-estricto-en-amor-de-dios\\\/#breadcrumb\"},\"inLanguage\":\"es\",\"potentialAction\":[{\"@type\":\"ReadAction\",\"target\":[\"https:\\\/\\\/www.eldiario.net\\\/portal\\\/2021\\\/08\\\/09\\\/control-en-horarios-de-trafico-sera-estricto-en-amor-de-dios\\\/\"]}]},{\"@type\":\"ImageObject\",\"inLanguage\":\"es\",\"@id\":\"https:\\\/\\\/www.eldiario.net\\\/portal\\\/2021\\\/08\\\/09\\\/control-en-horarios-de-trafico-sera-estricto-en-amor-de-dios\\\/#primaryimage\",\"url\":\"https:\\\/\\\/www.eldiario.net\\\/portal\\\/wp-content\\\/uploads\\\/2021\\\/08\\\/1LP-4.jpg\",\"contentUrl\":\"https:\\\/\\\/www.eldiario.net\\\/portal\\\/wp-content\\\/uploads\\\/2021\\\/08\\\/1LP-4.jpg\",\"width\":1200,\"height\":800,\"caption\":\"Los vecinos prev\u00e9n gran perjuicio para la circulaci\u00f3n, durante el tiempo que duren los trabajos de rehabilitaci\u00f3n de la v\u00eda. APG\"},{\"@type\":\"BreadcrumbList\",\"@id\":\"https:\\\/\\\/www.eldiario.net\\\/portal\\\/2021\\\/08\\\/09\\\/control-en-horarios-de-trafico-sera-estricto-en-amor-de-dios\\\/#breadcrumb\",\"itemListElement\":[{\"@type\":\"ListItem\",\"position\":1,\"name\":\"Portada\",\"item\":\"https:\\\/\\\/www.eldiario.net\\\/portal\\\/\"},{\"@type\":\"ListItem\",\"position\":2,\"name\":\"Control en horarios de tr\u00e1fico ser\u00e1 estricto en Amor de Dios\"}]},{\"@type\":\"WebSite\",\"@id\":\"https:\\\/\\\/www.eldiario.net\\\/portal\\\/#website\",\"url\":\"https:\\\/\\\/www.eldiario.net\\\/portal\\\/\",\"name\":\"El Diario - Decano de la prensa nacional\",\"description\":\"El Diario - Decano de la prensa nacional\",\"publisher\":{\"@id\":\"https:\\\/\\\/www.eldiario.net\\\/portal\\\/#organization\"},\"potentialAction\":[{\"@type\":\"SearchAction\",\"target\":{\"@type\":\"EntryPoint\",\"urlTemplate\":\"https:\\\/\\\/www.eldiario.net\\\/portal\\\/?s={search_term_string}\"},\"query-input\":{\"@type\":\"PropertyValueSpecification\",\"valueRequired\":true,\"valueName\":\"search_term_string\"}}],\"inLanguage\":\"es\"},{\"@type\":\"Organization\",\"@id\":\"https:\\\/\\\/www.eldiario.net\\\/portal\\\/#organization\",\"name\":\"El Diario - Decano de la prensa nacional\",\"url\":\"https:\\\/\\\/www.eldiario.net\\\/portal\\\/\",\"logo\":{\"@type\":\"ImageObject\",\"inLanguage\":\"es\",\"@id\":\"https:\\\/\\\/www.eldiario.net\\\/portal\\\/#\\\/schema\\\/logo\\\/image\\\/\",\"url\":\"https:\\\/\\\/www.eldiario.net\\\/portal\\\/wp-content\\\/uploads\\\/2023\\\/07\\\/logo_ED.jpg\",\"contentUrl\":\"https:\\\/\\\/www.eldiario.net\\\/portal\\\/wp-content\\\/uploads\\\/2023\\\/07\\\/logo_ED.jpg\",\"width\":272,\"height\":52,\"caption\":\"El Diario - Decano de la prensa nacional\"},\"image\":{\"@id\":\"https:\\\/\\\/www.eldiario.net\\\/portal\\\/#\\\/schema\\\/logo\\\/image\\\/\"},\"sameAs\":[\"https:\\\/\\\/www.facebook.com\\\/eldiario.bolivia\\\/\",\"https:\\\/\\\/x.com\\\/eldiario_net\"]},{\"@type\":\"Person\",\"@id\":\"https:\\\/\\\/www.eldiario.net\\\/portal\\\/#\\\/schema\\\/person\\\/f46445640444750d7d753ccd04ae01b7\",\"name\":\"Jeanette\",\"image\":{\"@type\":\"ImageObject\",\"inLanguage\":\"es\",\"@id\":\"https:\\\/\\\/secure.gravatar.com\\\/avatar\\\/3ea2118a5f7dad2b7138b1187a6b7ee55f160b9968b66013c3a3ef39dd7e5798?s=96&d=mm&r=g\",\"url\":\"https:\\\/\\\/secure.gravatar.com\\\/avatar\\\/3ea2118a5f7dad2b7138b1187a6b7ee55f160b9968b66013c3a3ef39dd7e5798?s=96&d=mm&r=g\",\"contentUrl\":\"https:\\\/\\\/secure.gravatar.com\\\/avatar\\\/3ea2118a5f7dad2b7138b1187a6b7ee55f160b9968b66013c3a3ef39dd7e5798?s=96&d=mm&r=g\",\"caption\":\"Jeanette\"},\"sameAs\":[\"https:\\\/\\\/www.eldiario.net\\\/portal\"],\"url\":\"https:\\\/\\\/www.eldiario.net\\\/portal\\\/author\\\/jeanette\\\/\"}]}<\/script>\n<!-- \/ Yoast SEO plugin. -->","yoast_head_json":{"title":"Control en horarios de tr\u00e1fico ser\u00e1 estricto en Amor de Dios - El Diario - Bolivia","robots":{"index":"index","follow":"follow","max-snippet":"max-snippet:-1","max-image-preview":"max-image-preview:large","max-video-preview":"max-video-preview:-1"},"canonical":"https:\/\/www.eldiario.net\/portal\/2021\/08\/09\/control-en-horarios-de-trafico-sera-estricto-en-amor-de-dios\/","og_locale":"es_ES","og_type":"article","og_title":"Control en horarios de tr\u00e1fico ser\u00e1 estricto en Amor de Dios - El Diario - Bolivia","og_description":"Desde este lunes el control de los horarios de circulaci\u00f3n en la avenida Hern\u00e1n Siles, de la zona Amor de Dios a Mallasa, ser\u00e1 m\u00e1s estricto porque los trabajos de desplome controlado de rocas en el talud proseguir\u00e1n por espacio de tres semanas, seg\u00fan informe de la Alcald\u00eda de La Paz. Los horarios de circulaci\u00f3n [&hellip;]","og_url":"https:\/\/www.eldiario.net\/portal\/2021\/08\/09\/control-en-horarios-de-trafico-sera-estricto-en-amor-de-dios\/","og_site_name":"El Diario - Bolivia","article_publisher":"https:\/\/www.facebook.com\/eldiario.bolivia\/","article_published_time":"2021-08-09T10:08:20+00:00","og_image":[{"width":1200,"height":800,"url":"https:\/\/www.eldiario.net\/portal\/wp-content\/uploads\/2021\/08\/1LP-4.jpg","type":"image\/jpeg"}],"author":"Jeanette","twitter_card":"summary_large_image","twitter_creator":"@eldiario_net","twitter_site":"@eldiario_net","twitter_misc":{"Escrito por":"Jeanette","Tiempo de lectura":"3 minutos"},"schema":{"@context":"https:\/\/schema.org","@graph":[{"@type":"Article","@id":"https:\/\/www.eldiario.net\/portal\/2021\/08\/09\/control-en-horarios-de-trafico-sera-estricto-en-amor-de-dios\/#article","isPartOf":{"@id":"https:\/\/www.eldiario.net\/portal\/2021\/08\/09\/control-en-horarios-de-trafico-sera-estricto-en-amor-de-dios\/"},"author":{"name":"Jeanette","@id":"https:\/\/www.eldiario.net\/portal\/#\/schema\/person\/f46445640444750d7d753ccd04ae01b7"},"headline":"Control en horarios de tr\u00e1fico ser\u00e1 estricto en Amor de Dios","datePublished":"2021-08-09T10:08:20+00:00","mainEntityOfPage":{"@id":"https:\/\/www.eldiario.net\/portal\/2021\/08\/09\/control-en-horarios-de-trafico-sera-estricto-en-amor-de-dios\/"},"wordCount":662,"publisher":{"@id":"https:\/\/www.eldiario.net\/portal\/#organization"},"image":{"@id":"https:\/\/www.eldiario.net\/portal\/2021\/08\/09\/control-en-horarios-de-trafico-sera-estricto-en-amor-de-dios\/#primaryimage"},"thumbnailUrl":"https:\/\/www.eldiario.net\/portal\/wp-content\/uploads\/2021\/08\/1LP-4.jpg","articleSection":["Nacional"],"inLanguage":"es"},{"@type":"WebPage","@id":"https:\/\/www.eldiario.net\/portal\/2021\/08\/09\/control-en-horarios-de-trafico-sera-estricto-en-amor-de-dios\/","url":"https:\/\/www.eldiario.net\/portal\/2021\/08\/09\/control-en-horarios-de-trafico-sera-estricto-en-amor-de-dios\/","name":"Control en horarios de tr\u00e1fico ser\u00e1 estricto en Amor de Dios - El Diario - Bolivia","isPartOf":{"@id":"https:\/\/www.eldiario.net\/portal\/#website"},"primaryImageOfPage":{"@id":"https:\/\/www.eldiario.net\/portal\/2021\/08\/09\/control-en-horarios-de-trafico-sera-estricto-en-amor-de-dios\/#primaryimage"},"image":{"@id":"https:\/\/www.eldiario.net\/portal\/2021\/08\/09\/control-en-horarios-de-trafico-sera-estricto-en-amor-de-dios\/#primaryimage"},"thumbnailUrl":"https:\/\/www.eldiario.net\/portal\/wp-content\/uploads\/2021\/08\/1LP-4.jpg","datePublished":"2021-08-09T10:08:20+00:00","breadcrumb":{"@id":"https:\/\/www.eldiario.net\/portal\/2021\/08\/09\/control-en-horarios-de-trafico-sera-estricto-en-amor-de-dios\/#breadcrumb"},"inLanguage":"es","potentialAction":[{"@type":"ReadAction","target":["https:\/\/www.eldiario.net\/portal\/2021\/08\/09\/control-en-horarios-de-trafico-sera-estricto-en-amor-de-dios\/"]}]},{"@type":"ImageObject","inLanguage":"es","@id":"https:\/\/www.eldiario.net\/portal\/2021\/08\/09\/control-en-horarios-de-trafico-sera-estricto-en-amor-de-dios\/#primaryimage","url":"https:\/\/www.eldiario.net\/portal\/wp-content\/uploads\/2021\/08\/1LP-4.jpg","contentUrl":"https:\/\/www.eldiario.net\/portal\/wp-content\/uploads\/2021\/08\/1LP-4.jpg","width":1200,"height":800,"caption":"Los vecinos prev\u00e9n gran perjuicio para la circulaci\u00f3n, durante el tiempo que duren los trabajos de rehabilitaci\u00f3n de la v\u00eda. APG"},{"@type":"BreadcrumbList","@id":"https:\/\/www.eldiario.net\/portal\/2021\/08\/09\/control-en-horarios-de-trafico-sera-estricto-en-amor-de-dios\/#breadcrumb","itemListElement":[{"@type":"ListItem","position":1,"name":"Portada","item":"https:\/\/www.eldiario.net\/portal\/"},{"@type":"ListItem","position":2,"name":"Control en horarios de tr\u00e1fico ser\u00e1 estricto en Amor de Dios"}]},{"@type":"WebSite","@id":"https:\/\/www.eldiario.net\/portal\/#website","url":"https:\/\/www.eldiario.net\/portal\/","name":"El Diario - Decano de la prensa nacional","description":"El Diario - Decano de la prensa nacional","publisher":{"@id":"https:\/\/www.eldiario.net\/portal\/#organization"},"potentialAction":[{"@type":"SearchAction","target":{"@type":"EntryPoint","urlTemplate":"https:\/\/www.eldiario.net\/portal\/?s={search_term_string}"},"query-input":{"@type":"PropertyValueSpecification","valueRequired":true,"valueName":"search_term_string"}}],"inLanguage":"es"},{"@type":"Organization","@id":"https:\/\/www.eldiario.net\/portal\/#organization","name":"El Diario - Decano de la prensa nacional","url":"https:\/\/www.eldiario.net\/portal\/","logo":{"@type":"ImageObject","inLanguage":"es","@id":"https:\/\/www.eldiario.net\/portal\/#\/schema\/logo\/image\/","url":"https:\/\/www.eldiario.net\/portal\/wp-content\/uploads\/2023\/07\/logo_ED.jpg","contentUrl":"https:\/\/www.eldiario.net\/portal\/wp-content\/uploads\/2023\/07\/logo_ED.jpg","width":272,"height":52,"caption":"El Diario - Decano de la prensa nacional"},"image":{"@id":"https:\/\/www.eldiario.net\/portal\/#\/schema\/logo\/image\/"},"sameAs":["https:\/\/www.facebook.com\/eldiario.bolivia\/","https:\/\/x.com\/eldiario_net"]},{"@type":"Person","@id":"https:\/\/www.eldiario.net\/portal\/#\/schema\/person\/f46445640444750d7d753ccd04ae01b7","name":"Jeanette","image":{"@type":"ImageObject","inLanguage":"es","@id":"https:\/\/secure.gravatar.com\/avatar\/3ea2118a5f7dad2b7138b1187a6b7ee55f160b9968b66013c3a3ef39dd7e5798?s=96&d=mm&r=g","url":"https:\/\/secure.gravatar.com\/avatar\/3ea2118a5f7dad2b7138b1187a6b7ee55f160b9968b66013c3a3ef39dd7e5798?s=96&d=mm&r=g","contentUrl":"https:\/\/secure.gravatar.com\/avatar\/3ea2118a5f7dad2b7138b1187a6b7ee55f160b9968b66013c3a3ef39dd7e5798?s=96&d=mm&r=g","caption":"Jeanette"},"sameAs":["https:\/\/www.eldiario.net\/portal"],"url":"https:\/\/www.eldiario.net\/portal\/author\/jeanette\/"}]}},"_links":{"self":[{"href":"https:\/\/www.eldiario.net\/portal\/wp-json\/wp\/v2\/posts\/22318","targetHints":{"allow":["GET"]}}],"collection":[{"href":"https:\/\/www.eldiario.net\/portal\/wp-json\/wp\/v2\/posts"}],"about":[{"href":"https:\/\/www.eldiario.net\/portal\/wp-json\/wp\/v2\/types\/post"}],"author":[{"embeddable":true,"href":"https:\/\/www.eldiario.net\/portal\/wp-json\/wp\/v2\/users\/1"}],"replies":[{"embeddable":true,"href":"https:\/\/www.eldiario.net\/portal\/wp-json\/wp\/v2\/comments?post=22318"}],"version-history":[{"count":0,"href":"https:\/\/www.eldiario.net\/portal\/wp-json\/wp\/v2\/posts\/22318\/revisions"}],"wp:featuredmedia":[{"embeddable":true,"href":"https:\/\/www.eldiario.net\/portal\/wp-json\/wp\/v2\/media\/22319"}],"wp:attachment":[{"href":"https:\/\/www.eldiario.net\/portal\/wp-json\/wp\/v2\/media?parent=22318"}],"wp:term":[{"taxonomy":"category","embeddable":true,"href":"https:\/\/www.eldiario.net\/portal\/wp-json\/wp\/v2\/categories?post=22318"},{"taxonomy":"post_tag","embeddable":true,"href":"https:\/\/www.eldiario.net\/portal\/wp-json\/wp\/v2\/tags?post=22318"}],"curies":[{"name":"wp","href":"https:\/\/api.w.org\/{rel}","templated":true}]}}