{"id":22315,"date":"2021-08-09T06:07:13","date_gmt":"2021-08-09T10:07:13","guid":{"rendered":"https:\/\/www.eldiario.net\/portal\/?p=22315"},"modified":"2021-08-09T06:07:13","modified_gmt":"2021-08-09T10:07:13","slug":"anuncian-llegada-de-segunda-dosis-de-sputnik-v-a-bolivia","status":"publish","type":"post","link":"https:\/\/www.eldiario.net\/portal\/2021\/08\/09\/anuncian-llegada-de-segunda-dosis-de-sputnik-v-a-bolivia\/","title":{"rendered":"Anuncian llegada de segunda dosis de Sputnik V a Bolivia"},"content":{"rendered":"<p>El Fondo Ruso de Inversi\u00f3n Directa entreg\u00f3 las segundas dosis de la vacuna contra el coronavirus Sputnik V para Bolivia, que comenzar\u00e1n a llegar al pa\u00eds en lotes para ser aplicadas en los pr\u00f3ximos d\u00edas, anunci\u00f3 este domingo el presidente, Luis Arce Catacora.<br \/>\n\u201cComo hab\u00eda comprometido, el Fondo Ruso de Inversi\u00f3n Directa ha entregado a #Bolivia las segundas dosis necesarias de la vacuna #Sputnik V. Las vacunas llegan en lotes y comenzar\u00e1n a aplicarse en esta semana\u201d, public\u00f3 en su cuenta de Twitter.<br \/>\nEl centro ruso Gamaleya inform\u00f3 en pasados d\u00edas, mediante un comunicado, que en agosto y septiembre se resolver\u00edan por completo todos los retrasos temporales en la entrega del segundo componente de la vacuna Sputnik V.<br \/>\n\u201cSputnik V ha establecido acuerdos de producci\u00f3n con fabricantes de 14 pa\u00edses y duplicar\u00e1 su capacidad en septiembre gracias a la asociaci\u00f3n con grandes firmas como el Serum Institute of India, el mayor productor de vacunas del mundo\u201d, se\u00f1alaba el comunicado difundido en su portal oficial.<br \/>\nAunque no hubo el recibimiento de los f\u00e1rmacos, hasta las primeras horas de la noche de ayer, la viceministra de Promoci\u00f3n, Vigilancia Epidemiol\u00f3gica y Medicina Tradicional, Mar\u00eda Renee Castro, inform\u00f3 que las segundas dosis de la vacuna Sputnik V comenzar\u00e1n a ser aplicadas desde el martes en todos los departamentos, para lo cual anunci\u00f3 que se realizar\u00e1 la distribuci\u00f3n en cuanto los lotes arriben al pa\u00eds.<br \/>\n\u201cLas segundas dosis de la vacuna Sputnik V, que es el segundo componente, ya est\u00e1n arribando a nuestro pa\u00eds en diferentes lotes. El d\u00eda de ma\u00f1ana (lunes) empezamos la distribuci\u00f3n y desde el martes se podr\u00e1 comenzar la aplicaci\u00f3n en los diferentes departamentos\u201d, dijo en una entrevista en un programa de la televisi\u00f3n estatal, report\u00f3 ABI.<br \/>\nIndic\u00f3 que a partir del martes la ciudadan\u00eda podr\u00e1 acercarse a los puntos de vacunaci\u00f3n, pero de forma organizada, ya que quienes pueden asistir a los puntos son los que hayan cumplido los 90 d\u00edas desde la aplicaci\u00f3n de la primera dosis.<\/p>\n","protected":false},"excerpt":{"rendered":"<p>El Fondo Ruso de Inversi\u00f3n Directa entreg\u00f3 las segundas dosis de la vacuna contra el coronavirus Sputnik V para Bolivia, que comenzar\u00e1n a llegar al pa\u00eds en lotes para ser aplicadas en los pr\u00f3ximos d\u00edas, anunci\u00f3 este domingo el presidente, Luis Arce Catacora. \u201cComo hab\u00eda comprometido, el Fondo Ruso de Inversi\u00f3n Directa ha entregado a [&hellip;]<\/p>\n","protected":false},"author":1,"featured_media":22316,"comment_status":"closed","ping_status":"closed","sticky":false,"template":"","format":"standard","meta":{"_acf_changed":false,"footnotes":""},"categories":[12],"tags":[],"class_list":["post-22315","post","type-post","status-publish","format-standard","has-post-thumbnail","category-nacional"],"acf":{"antetitulo":""},"yoast_head":"<!-- This site is optimized with the Yoast SEO plugin v28.4 - https:\/\/yoast.com\/product\/yoast-seo-wordpress\/ -->\n<title>Anuncian llegada de segunda dosis de Sputnik V a Bolivia - El Diario - Bolivia<\/title>\n<meta name=\"robots\" content=\"index, follow, max-snippet:-1, max-image-preview:large, max-video-preview:-1\" \/>\n<link rel=\"canonical\" href=\"https:\/\/www.eldiario.net\/portal\/2021\/08\/09\/anuncian-llegada-de-segunda-dosis-de-sputnik-v-a-bolivia\/\" \/>\n<meta property=\"og:locale\" content=\"es_ES\" \/>\n<meta property=\"og:type\" content=\"article\" \/>\n<meta property=\"og:title\" content=\"Anuncian llegada de segunda dosis de Sputnik V a Bolivia - El Diario - Bolivia\" \/>\n<meta property=\"og:description\" content=\"El Fondo Ruso de Inversi\u00f3n Directa entreg\u00f3 las segundas dosis de la vacuna contra el coronavirus Sputnik V para Bolivia, que comenzar\u00e1n a llegar al pa\u00eds en lotes para ser aplicadas en los pr\u00f3ximos d\u00edas, anunci\u00f3 este domingo el presidente, Luis Arce Catacora. \u201cComo hab\u00eda comprometido, el Fondo Ruso de Inversi\u00f3n Directa ha entregado a [&hellip;]\" \/>\n<meta property=\"og:url\" content=\"https:\/\/www.eldiario.net\/portal\/2021\/08\/09\/anuncian-llegada-de-segunda-dosis-de-sputnik-v-a-bolivia\/\" \/>\n<meta property=\"og:site_name\" content=\"El Diario - Bolivia\" \/>\n<meta property=\"article:publisher\" content=\"https:\/\/www.facebook.com\/eldiario.bolivia\/\" \/>\n<meta property=\"article:published_time\" content=\"2021-08-09T10:07:13+00:00\" \/>\n<meta name=\"author\" content=\"Jeanette\" \/>\n<meta name=\"twitter:card\" content=\"summary_large_image\" \/>\n<meta name=\"twitter:creator\" content=\"@eldiario_net\" \/>\n<meta name=\"twitter:site\" content=\"@eldiario_net\" \/>\n<meta name=\"twitter:label1\" content=\"Escrito por\" \/>\n\t<meta name=\"twitter:data1\" content=\"Jeanette\" \/>\n\t<meta name=\"twitter:label2\" content=\"Tiempo de lectura\" \/>\n\t<meta name=\"twitter:data2\" content=\"2 minutos\" \/>\n<script type=\"application\/ld+json\" class=\"yoast-schema-graph\">{\"@context\":\"https:\\\/\\\/schema.org\",\"@graph\":[{\"@type\":\"Article\",\"@id\":\"https:\\\/\\\/www.eldiario.net\\\/portal\\\/2021\\\/08\\\/09\\\/anuncian-llegada-de-segunda-dosis-de-sputnik-v-a-bolivia\\\/#article\",\"isPartOf\":{\"@id\":\"https:\\\/\\\/www.eldiario.net\\\/portal\\\/2021\\\/08\\\/09\\\/anuncian-llegada-de-segunda-dosis-de-sputnik-v-a-bolivia\\\/\"},\"author\":{\"name\":\"Jeanette\",\"@id\":\"https:\\\/\\\/www.eldiario.net\\\/portal\\\/#\\\/schema\\\/person\\\/f46445640444750d7d753ccd04ae01b7\"},\"headline\":\"Anuncian llegada de segunda dosis de Sputnik V a Bolivia\",\"datePublished\":\"2021-08-09T10:07:13+00:00\",\"mainEntityOfPage\":{\"@id\":\"https:\\\/\\\/www.eldiario.net\\\/portal\\\/2021\\\/08\\\/09\\\/anuncian-llegada-de-segunda-dosis-de-sputnik-v-a-bolivia\\\/\"},\"wordCount\":368,\"publisher\":{\"@id\":\"https:\\\/\\\/www.eldiario.net\\\/portal\\\/#organization\"},\"image\":{\"@id\":\"https:\\\/\\\/www.eldiario.net\\\/portal\\\/2021\\\/08\\\/09\\\/anuncian-llegada-de-segunda-dosis-de-sputnik-v-a-bolivia\\\/#primaryimage\"},\"thumbnailUrl\":\"\",\"articleSection\":[\"Nacional\"],\"inLanguage\":\"es\"},{\"@type\":\"WebPage\",\"@id\":\"https:\\\/\\\/www.eldiario.net\\\/portal\\\/2021\\\/08\\\/09\\\/anuncian-llegada-de-segunda-dosis-de-sputnik-v-a-bolivia\\\/\",\"url\":\"https:\\\/\\\/www.eldiario.net\\\/portal\\\/2021\\\/08\\\/09\\\/anuncian-llegada-de-segunda-dosis-de-sputnik-v-a-bolivia\\\/\",\"name\":\"Anuncian llegada de segunda dosis de Sputnik V a Bolivia - El Diario - Bolivia\",\"isPartOf\":{\"@id\":\"https:\\\/\\\/www.eldiario.net\\\/portal\\\/#website\"},\"primaryImageOfPage\":{\"@id\":\"https:\\\/\\\/www.eldiario.net\\\/portal\\\/2021\\\/08\\\/09\\\/anuncian-llegada-de-segunda-dosis-de-sputnik-v-a-bolivia\\\/#primaryimage\"},\"image\":{\"@id\":\"https:\\\/\\\/www.eldiario.net\\\/portal\\\/2021\\\/08\\\/09\\\/anuncian-llegada-de-segunda-dosis-de-sputnik-v-a-bolivia\\\/#primaryimage\"},\"thumbnailUrl\":\"\",\"datePublished\":\"2021-08-09T10:07:13+00:00\",\"breadcrumb\":{\"@id\":\"https:\\\/\\\/www.eldiario.net\\\/portal\\\/2021\\\/08\\\/09\\\/anuncian-llegada-de-segunda-dosis-de-sputnik-v-a-bolivia\\\/#breadcrumb\"},\"inLanguage\":\"es\",\"potentialAction\":[{\"@type\":\"ReadAction\",\"target\":[\"https:\\\/\\\/www.eldiario.net\\\/portal\\\/2021\\\/08\\\/09\\\/anuncian-llegada-de-segunda-dosis-de-sputnik-v-a-bolivia\\\/\"]}]},{\"@type\":\"ImageObject\",\"inLanguage\":\"es\",\"@id\":\"https:\\\/\\\/www.eldiario.net\\\/portal\\\/2021\\\/08\\\/09\\\/anuncian-llegada-de-segunda-dosis-de-sputnik-v-a-bolivia\\\/#primaryimage\",\"url\":\"\",\"contentUrl\":\"\"},{\"@type\":\"BreadcrumbList\",\"@id\":\"https:\\\/\\\/www.eldiario.net\\\/portal\\\/2021\\\/08\\\/09\\\/anuncian-llegada-de-segunda-dosis-de-sputnik-v-a-bolivia\\\/#breadcrumb\",\"itemListElement\":[{\"@type\":\"ListItem\",\"position\":1,\"name\":\"Portada\",\"item\":\"https:\\\/\\\/www.eldiario.net\\\/portal\\\/\"},{\"@type\":\"ListItem\",\"position\":2,\"name\":\"Anuncian llegada de segunda dosis de Sputnik V a Bolivia\"}]},{\"@type\":\"WebSite\",\"@id\":\"https:\\\/\\\/www.eldiario.net\\\/portal\\\/#website\",\"url\":\"https:\\\/\\\/www.eldiario.net\\\/portal\\\/\",\"name\":\"El Diario - Decano de la prensa nacional\",\"description\":\"El Diario - Decano de la prensa nacional\",\"publisher\":{\"@id\":\"https:\\\/\\\/www.eldiario.net\\\/portal\\\/#organization\"},\"potentialAction\":[{\"@type\":\"SearchAction\",\"target\":{\"@type\":\"EntryPoint\",\"urlTemplate\":\"https:\\\/\\\/www.eldiario.net\\\/portal\\\/?s={search_term_string}\"},\"query-input\":{\"@type\":\"PropertyValueSpecification\",\"valueRequired\":true,\"valueName\":\"search_term_string\"}}],\"inLanguage\":\"es\"},{\"@type\":\"Organization\",\"@id\":\"https:\\\/\\\/www.eldiario.net\\\/portal\\\/#organization\",\"name\":\"El Diario - Decano de la prensa nacional\",\"url\":\"https:\\\/\\\/www.eldiario.net\\\/portal\\\/\",\"logo\":{\"@type\":\"ImageObject\",\"inLanguage\":\"es\",\"@id\":\"https:\\\/\\\/www.eldiario.net\\\/portal\\\/#\\\/schema\\\/logo\\\/image\\\/\",\"url\":\"https:\\\/\\\/www.eldiario.net\\\/portal\\\/wp-content\\\/uploads\\\/2023\\\/07\\\/logo_ED.jpg\",\"contentUrl\":\"https:\\\/\\\/www.eldiario.net\\\/portal\\\/wp-content\\\/uploads\\\/2023\\\/07\\\/logo_ED.jpg\",\"width\":272,\"height\":52,\"caption\":\"El Diario - Decano de la prensa nacional\"},\"image\":{\"@id\":\"https:\\\/\\\/www.eldiario.net\\\/portal\\\/#\\\/schema\\\/logo\\\/image\\\/\"},\"sameAs\":[\"https:\\\/\\\/www.facebook.com\\\/eldiario.bolivia\\\/\",\"https:\\\/\\\/x.com\\\/eldiario_net\"]},{\"@type\":\"Person\",\"@id\":\"https:\\\/\\\/www.eldiario.net\\\/portal\\\/#\\\/schema\\\/person\\\/f46445640444750d7d753ccd04ae01b7\",\"name\":\"Jeanette\",\"image\":{\"@type\":\"ImageObject\",\"inLanguage\":\"es\",\"@id\":\"https:\\\/\\\/secure.gravatar.com\\\/avatar\\\/3ea2118a5f7dad2b7138b1187a6b7ee55f160b9968b66013c3a3ef39dd7e5798?s=96&d=mm&r=g\",\"url\":\"https:\\\/\\\/secure.gravatar.com\\\/avatar\\\/3ea2118a5f7dad2b7138b1187a6b7ee55f160b9968b66013c3a3ef39dd7e5798?s=96&d=mm&r=g\",\"contentUrl\":\"https:\\\/\\\/secure.gravatar.com\\\/avatar\\\/3ea2118a5f7dad2b7138b1187a6b7ee55f160b9968b66013c3a3ef39dd7e5798?s=96&d=mm&r=g\",\"caption\":\"Jeanette\"},\"sameAs\":[\"https:\\\/\\\/www.eldiario.net\\\/portal\"],\"url\":\"https:\\\/\\\/www.eldiario.net\\\/portal\\\/author\\\/jeanette\\\/\"}]}<\/script>\n<!-- \/ Yoast SEO plugin. -->","yoast_head_json":{"title":"Anuncian llegada de segunda dosis de Sputnik V a Bolivia - El Diario - Bolivia","robots":{"index":"index","follow":"follow","max-snippet":"max-snippet:-1","max-image-preview":"max-image-preview:large","max-video-preview":"max-video-preview:-1"},"canonical":"https:\/\/www.eldiario.net\/portal\/2021\/08\/09\/anuncian-llegada-de-segunda-dosis-de-sputnik-v-a-bolivia\/","og_locale":"es_ES","og_type":"article","og_title":"Anuncian llegada de segunda dosis de Sputnik V a Bolivia - El Diario - Bolivia","og_description":"El Fondo Ruso de Inversi\u00f3n Directa entreg\u00f3 las segundas dosis de la vacuna contra el coronavirus Sputnik V para Bolivia, que comenzar\u00e1n a llegar al pa\u00eds en lotes para ser aplicadas en los pr\u00f3ximos d\u00edas, anunci\u00f3 este domingo el presidente, Luis Arce Catacora. \u201cComo hab\u00eda comprometido, el Fondo Ruso de Inversi\u00f3n Directa ha entregado a [&hellip;]","og_url":"https:\/\/www.eldiario.net\/portal\/2021\/08\/09\/anuncian-llegada-de-segunda-dosis-de-sputnik-v-a-bolivia\/","og_site_name":"El Diario - Bolivia","article_publisher":"https:\/\/www.facebook.com\/eldiario.bolivia\/","article_published_time":"2021-08-09T10:07:13+00:00","author":"Jeanette","twitter_card":"summary_large_image","twitter_creator":"@eldiario_net","twitter_site":"@eldiario_net","twitter_misc":{"Escrito por":"Jeanette","Tiempo de lectura":"2 minutos"},"schema":{"@context":"https:\/\/schema.org","@graph":[{"@type":"Article","@id":"https:\/\/www.eldiario.net\/portal\/2021\/08\/09\/anuncian-llegada-de-segunda-dosis-de-sputnik-v-a-bolivia\/#article","isPartOf":{"@id":"https:\/\/www.eldiario.net\/portal\/2021\/08\/09\/anuncian-llegada-de-segunda-dosis-de-sputnik-v-a-bolivia\/"},"author":{"name":"Jeanette","@id":"https:\/\/www.eldiario.net\/portal\/#\/schema\/person\/f46445640444750d7d753ccd04ae01b7"},"headline":"Anuncian llegada de segunda dosis de Sputnik V a Bolivia","datePublished":"2021-08-09T10:07:13+00:00","mainEntityOfPage":{"@id":"https:\/\/www.eldiario.net\/portal\/2021\/08\/09\/anuncian-llegada-de-segunda-dosis-de-sputnik-v-a-bolivia\/"},"wordCount":368,"publisher":{"@id":"https:\/\/www.eldiario.net\/portal\/#organization"},"image":{"@id":"https:\/\/www.eldiario.net\/portal\/2021\/08\/09\/anuncian-llegada-de-segunda-dosis-de-sputnik-v-a-bolivia\/#primaryimage"},"thumbnailUrl":"","articleSection":["Nacional"],"inLanguage":"es"},{"@type":"WebPage","@id":"https:\/\/www.eldiario.net\/portal\/2021\/08\/09\/anuncian-llegada-de-segunda-dosis-de-sputnik-v-a-bolivia\/","url":"https:\/\/www.eldiario.net\/portal\/2021\/08\/09\/anuncian-llegada-de-segunda-dosis-de-sputnik-v-a-bolivia\/","name":"Anuncian llegada de segunda dosis de Sputnik V a Bolivia - El Diario - Bolivia","isPartOf":{"@id":"https:\/\/www.eldiario.net\/portal\/#website"},"primaryImageOfPage":{"@id":"https:\/\/www.eldiario.net\/portal\/2021\/08\/09\/anuncian-llegada-de-segunda-dosis-de-sputnik-v-a-bolivia\/#primaryimage"},"image":{"@id":"https:\/\/www.eldiario.net\/portal\/2021\/08\/09\/anuncian-llegada-de-segunda-dosis-de-sputnik-v-a-bolivia\/#primaryimage"},"thumbnailUrl":"","datePublished":"2021-08-09T10:07:13+00:00","breadcrumb":{"@id":"https:\/\/www.eldiario.net\/portal\/2021\/08\/09\/anuncian-llegada-de-segunda-dosis-de-sputnik-v-a-bolivia\/#breadcrumb"},"inLanguage":"es","potentialAction":[{"@type":"ReadAction","target":["https:\/\/www.eldiario.net\/portal\/2021\/08\/09\/anuncian-llegada-de-segunda-dosis-de-sputnik-v-a-bolivia\/"]}]},{"@type":"ImageObject","inLanguage":"es","@id":"https:\/\/www.eldiario.net\/portal\/2021\/08\/09\/anuncian-llegada-de-segunda-dosis-de-sputnik-v-a-bolivia\/#primaryimage","url":"","contentUrl":""},{"@type":"BreadcrumbList","@id":"https:\/\/www.eldiario.net\/portal\/2021\/08\/09\/anuncian-llegada-de-segunda-dosis-de-sputnik-v-a-bolivia\/#breadcrumb","itemListElement":[{"@type":"ListItem","position":1,"name":"Portada","item":"https:\/\/www.eldiario.net\/portal\/"},{"@type":"ListItem","position":2,"name":"Anuncian llegada de segunda dosis de Sputnik V a Bolivia"}]},{"@type":"WebSite","@id":"https:\/\/www.eldiario.net\/portal\/#website","url":"https:\/\/www.eldiario.net\/portal\/","name":"El Diario - Decano de la prensa nacional","description":"El Diario - Decano de la prensa nacional","publisher":{"@id":"https:\/\/www.eldiario.net\/portal\/#organization"},"potentialAction":[{"@type":"SearchAction","target":{"@type":"EntryPoint","urlTemplate":"https:\/\/www.eldiario.net\/portal\/?s={search_term_string}"},"query-input":{"@type":"PropertyValueSpecification","valueRequired":true,"valueName":"search_term_string"}}],"inLanguage":"es"},{"@type":"Organization","@id":"https:\/\/www.eldiario.net\/portal\/#organization","name":"El Diario - Decano de la prensa nacional","url":"https:\/\/www.eldiario.net\/portal\/","logo":{"@type":"ImageObject","inLanguage":"es","@id":"https:\/\/www.eldiario.net\/portal\/#\/schema\/logo\/image\/","url":"https:\/\/www.eldiario.net\/portal\/wp-content\/uploads\/2023\/07\/logo_ED.jpg","contentUrl":"https:\/\/www.eldiario.net\/portal\/wp-content\/uploads\/2023\/07\/logo_ED.jpg","width":272,"height":52,"caption":"El Diario - Decano de la prensa nacional"},"image":{"@id":"https:\/\/www.eldiario.net\/portal\/#\/schema\/logo\/image\/"},"sameAs":["https:\/\/www.facebook.com\/eldiario.bolivia\/","https:\/\/x.com\/eldiario_net"]},{"@type":"Person","@id":"https:\/\/www.eldiario.net\/portal\/#\/schema\/person\/f46445640444750d7d753ccd04ae01b7","name":"Jeanette","image":{"@type":"ImageObject","inLanguage":"es","@id":"https:\/\/secure.gravatar.com\/avatar\/3ea2118a5f7dad2b7138b1187a6b7ee55f160b9968b66013c3a3ef39dd7e5798?s=96&d=mm&r=g","url":"https:\/\/secure.gravatar.com\/avatar\/3ea2118a5f7dad2b7138b1187a6b7ee55f160b9968b66013c3a3ef39dd7e5798?s=96&d=mm&r=g","contentUrl":"https:\/\/secure.gravatar.com\/avatar\/3ea2118a5f7dad2b7138b1187a6b7ee55f160b9968b66013c3a3ef39dd7e5798?s=96&d=mm&r=g","caption":"Jeanette"},"sameAs":["https:\/\/www.eldiario.net\/portal"],"url":"https:\/\/www.eldiario.net\/portal\/author\/jeanette\/"}]}},"_links":{"self":[{"href":"https:\/\/www.eldiario.net\/portal\/wp-json\/wp\/v2\/posts\/22315","targetHints":{"allow":["GET"]}}],"collection":[{"href":"https:\/\/www.eldiario.net\/portal\/wp-json\/wp\/v2\/posts"}],"about":[{"href":"https:\/\/www.eldiario.net\/portal\/wp-json\/wp\/v2\/types\/post"}],"author":[{"embeddable":true,"href":"https:\/\/www.eldiario.net\/portal\/wp-json\/wp\/v2\/users\/1"}],"replies":[{"embeddable":true,"href":"https:\/\/www.eldiario.net\/portal\/wp-json\/wp\/v2\/comments?post=22315"}],"version-history":[{"count":0,"href":"https:\/\/www.eldiario.net\/portal\/wp-json\/wp\/v2\/posts\/22315\/revisions"}],"wp:attachment":[{"href":"https:\/\/www.eldiario.net\/portal\/wp-json\/wp\/v2\/media?parent=22315"}],"wp:term":[{"taxonomy":"category","embeddable":true,"href":"https:\/\/www.eldiario.net\/portal\/wp-json\/wp\/v2\/categories?post=22315"},{"taxonomy":"post_tag","embeddable":true,"href":"https:\/\/www.eldiario.net\/portal\/wp-json\/wp\/v2\/tags?post=22315"}],"curies":[{"name":"wp","href":"https:\/\/api.w.org\/{rel}","templated":true}]}}