{"id":223143,"date":"2024-05-27T06:14:13","date_gmt":"2024-05-27T10:14:13","guid":{"rendered":"https:\/\/www.eldiario.net\/portal\/?p=223143"},"modified":"2024-05-27T06:14:31","modified_gmt":"2024-05-27T10:14:31","slug":"moscoso-gana-su-primer-titulo-profesional-de-la-temporada","status":"publish","type":"post","link":"https:\/\/www.eldiario.net\/portal\/2024\/05\/27\/moscoso-gana-su-primer-titulo-profesional-de-la-temporada\/","title":{"rendered":"Moscoso gana su primer t\u00edtulo profesional de la temporada"},"content":{"rendered":"<p>El raquetbolista boliviano Conrrado Moscoso gan\u00f3 la final del torneo JMB SoCal Open, que concluy\u00f3 ayer domingo en California, Estados Unidos, conquistando su primer t\u00edtulo profesional de la temporada en la modalidad de singles, luego de imponerse al mexicano Jordy Alonso por dos sets contra ninguno, con los parciales de 15-3 y 15-5.<br \/>\nMoscoso coron\u00f3 una excelente campa\u00f1a en este torneo que forma parte del Tour International, volviendo a ocupar los primeros lugares, no s\u00f3lo en la modalidad de singles, sino en dobles, porque tambi\u00e9n ocup\u00f3 la segunda casilla junto a Kadim Carrasco.<br \/>\nEn la fase de eliminaci\u00f3n directa, Moscoso comenz\u00f3 derrotando a Rocky Carson (Estados Unidos) con los parciales de 15-9 y 15-4, en los cuartos de final super\u00f3 a Alan Natera (M\u00e9xico) por 15-8 y 15-6 y en la semifinal venci\u00f3 a Jake Bredenbeck (Estados Unidos) por 15-4 y 15-9.<br \/>\nEn la final, Moscoso (n\u00famero uno en el ranking de la IRT) se enfrent\u00f3 a Alonso (n\u00famero 30) con un 2-0 (15-3 y 15-5) en un partido que tuvo bajo su control, apelando a su roce internacional, resolviendo las jugadas sin dar espacio de reacci\u00f3n al contrario.<br \/>\nEn la primera cancha, Moscoso logr\u00f3 sacar una diferencia de 9-3 que le permiti\u00f3 manejar el juego hasta cerrar con un contundente 15-3. Mientras, en el segundo set remont\u00f3 un 0-2 y volvi\u00f3 a colocar contra la pared al mexicano con un repunte imparable.(APG)<\/p>\n","protected":false},"excerpt":{"rendered":"<p>El raquetbolista boliviano Conrrado Moscoso gan\u00f3 la final del torneo JMB SoCal Open, que concluy\u00f3 ayer domingo en California, Estados Unidos, conquistando su primer t\u00edtulo profesional de la temporada en la modalidad de singles, luego de imponerse al mexicano Jordy Alonso por dos sets contra ninguno, con los parciales de 15-3 y 15-5. Moscoso coron\u00f3 [&hellip;]<\/p>\n","protected":false},"author":1,"featured_media":223144,"comment_status":"open","ping_status":"open","sticky":false,"template":"","format":"standard","meta":{"_acf_changed":false,"footnotes":""},"categories":[6],"tags":[],"class_list":["post-223143","post","type-post","status-publish","format-standard","has-post-thumbnail","category-deportes"],"acf":{"antetitulo":""},"yoast_head":"<!-- This site is optimized with the Yoast SEO plugin v28.3 - https:\/\/yoast.com\/product\/yoast-seo-wordpress\/ -->\n<title>Moscoso gana su primer t\u00edtulo profesional de la temporada - El Diario - Bolivia<\/title>\n<meta name=\"robots\" content=\"index, follow, max-snippet:-1, max-image-preview:large, max-video-preview:-1\" \/>\n<link rel=\"canonical\" href=\"https:\/\/www.eldiario.net\/portal\/2024\/05\/27\/moscoso-gana-su-primer-titulo-profesional-de-la-temporada\/\" \/>\n<meta property=\"og:locale\" content=\"es_ES\" \/>\n<meta property=\"og:type\" content=\"article\" \/>\n<meta property=\"og:title\" content=\"Moscoso gana su primer t\u00edtulo profesional de la temporada - El Diario - Bolivia\" \/>\n<meta property=\"og:description\" content=\"El raquetbolista boliviano Conrrado Moscoso gan\u00f3 la final del torneo JMB SoCal Open, que concluy\u00f3 ayer domingo en California, Estados Unidos, conquistando su primer t\u00edtulo profesional de la temporada en la modalidad de singles, luego de imponerse al mexicano Jordy Alonso por dos sets contra ninguno, con los parciales de 15-3 y 15-5. Moscoso coron\u00f3 [&hellip;]\" \/>\n<meta property=\"og:url\" content=\"https:\/\/www.eldiario.net\/portal\/2024\/05\/27\/moscoso-gana-su-primer-titulo-profesional-de-la-temporada\/\" \/>\n<meta property=\"og:site_name\" content=\"El Diario - Bolivia\" \/>\n<meta property=\"article:publisher\" content=\"https:\/\/www.facebook.com\/eldiario.bolivia\/\" \/>\n<meta property=\"article:published_time\" content=\"2024-05-27T10:14:13+00:00\" \/>\n<meta property=\"article:modified_time\" content=\"2024-05-27T10:14:31+00:00\" \/>\n<meta property=\"og:image\" content=\"https:\/\/www.eldiario.net\/portal\/wp-content\/uploads\/2024\/05\/FOTO-73-6.jpg\" \/>\n\t<meta property=\"og:image:width\" content=\"992\" \/>\n\t<meta property=\"og:image:height\" content=\"558\" \/>\n\t<meta property=\"og:image:type\" content=\"image\/jpeg\" \/>\n<meta name=\"author\" content=\"Jeanette\" \/>\n<meta name=\"twitter:card\" content=\"summary_large_image\" \/>\n<meta name=\"twitter:creator\" content=\"@eldiario_net\" \/>\n<meta name=\"twitter:site\" content=\"@eldiario_net\" \/>\n<meta name=\"twitter:label1\" content=\"Escrito por\" \/>\n\t<meta name=\"twitter:data1\" content=\"Jeanette\" \/>\n\t<meta name=\"twitter:label2\" content=\"Tiempo de lectura\" \/>\n\t<meta name=\"twitter:data2\" content=\"2 minutos\" \/>\n<script type=\"application\/ld+json\" class=\"yoast-schema-graph\">{\"@context\":\"https:\\\/\\\/schema.org\",\"@graph\":[{\"@type\":\"Article\",\"@id\":\"https:\\\/\\\/www.eldiario.net\\\/portal\\\/2024\\\/05\\\/27\\\/moscoso-gana-su-primer-titulo-profesional-de-la-temporada\\\/#article\",\"isPartOf\":{\"@id\":\"https:\\\/\\\/www.eldiario.net\\\/portal\\\/2024\\\/05\\\/27\\\/moscoso-gana-su-primer-titulo-profesional-de-la-temporada\\\/\"},\"author\":{\"name\":\"Jeanette\",\"@id\":\"https:\\\/\\\/www.eldiario.net\\\/portal\\\/#\\\/schema\\\/person\\\/f46445640444750d7d753ccd04ae01b7\"},\"headline\":\"Moscoso gana su primer t\u00edtulo profesional de la temporada\",\"datePublished\":\"2024-05-27T10:14:13+00:00\",\"dateModified\":\"2024-05-27T10:14:31+00:00\",\"mainEntityOfPage\":{\"@id\":\"https:\\\/\\\/www.eldiario.net\\\/portal\\\/2024\\\/05\\\/27\\\/moscoso-gana-su-primer-titulo-profesional-de-la-temporada\\\/\"},\"wordCount\":252,\"commentCount\":0,\"publisher\":{\"@id\":\"https:\\\/\\\/www.eldiario.net\\\/portal\\\/#organization\"},\"image\":{\"@id\":\"https:\\\/\\\/www.eldiario.net\\\/portal\\\/2024\\\/05\\\/27\\\/moscoso-gana-su-primer-titulo-profesional-de-la-temporada\\\/#primaryimage\"},\"thumbnailUrl\":\"https:\\\/\\\/www.eldiario.net\\\/portal\\\/wp-content\\\/uploads\\\/2024\\\/05\\\/FOTO-73-6.jpg\",\"articleSection\":[\"Deportes\"],\"inLanguage\":\"es\",\"potentialAction\":[{\"@type\":\"CommentAction\",\"name\":\"Comment\",\"target\":[\"https:\\\/\\\/www.eldiario.net\\\/portal\\\/2024\\\/05\\\/27\\\/moscoso-gana-su-primer-titulo-profesional-de-la-temporada\\\/#respond\"]}]},{\"@type\":\"WebPage\",\"@id\":\"https:\\\/\\\/www.eldiario.net\\\/portal\\\/2024\\\/05\\\/27\\\/moscoso-gana-su-primer-titulo-profesional-de-la-temporada\\\/\",\"url\":\"https:\\\/\\\/www.eldiario.net\\\/portal\\\/2024\\\/05\\\/27\\\/moscoso-gana-su-primer-titulo-profesional-de-la-temporada\\\/\",\"name\":\"Moscoso gana su primer t\u00edtulo profesional de la temporada - El Diario - Bolivia\",\"isPartOf\":{\"@id\":\"https:\\\/\\\/www.eldiario.net\\\/portal\\\/#website\"},\"primaryImageOfPage\":{\"@id\":\"https:\\\/\\\/www.eldiario.net\\\/portal\\\/2024\\\/05\\\/27\\\/moscoso-gana-su-primer-titulo-profesional-de-la-temporada\\\/#primaryimage\"},\"image\":{\"@id\":\"https:\\\/\\\/www.eldiario.net\\\/portal\\\/2024\\\/05\\\/27\\\/moscoso-gana-su-primer-titulo-profesional-de-la-temporada\\\/#primaryimage\"},\"thumbnailUrl\":\"https:\\\/\\\/www.eldiario.net\\\/portal\\\/wp-content\\\/uploads\\\/2024\\\/05\\\/FOTO-73-6.jpg\",\"datePublished\":\"2024-05-27T10:14:13+00:00\",\"dateModified\":\"2024-05-27T10:14:31+00:00\",\"breadcrumb\":{\"@id\":\"https:\\\/\\\/www.eldiario.net\\\/portal\\\/2024\\\/05\\\/27\\\/moscoso-gana-su-primer-titulo-profesional-de-la-temporada\\\/#breadcrumb\"},\"inLanguage\":\"es\",\"potentialAction\":[{\"@type\":\"ReadAction\",\"target\":[\"https:\\\/\\\/www.eldiario.net\\\/portal\\\/2024\\\/05\\\/27\\\/moscoso-gana-su-primer-titulo-profesional-de-la-temporada\\\/\"]}]},{\"@type\":\"ImageObject\",\"inLanguage\":\"es\",\"@id\":\"https:\\\/\\\/www.eldiario.net\\\/portal\\\/2024\\\/05\\\/27\\\/moscoso-gana-su-primer-titulo-profesional-de-la-temporada\\\/#primaryimage\",\"url\":\"https:\\\/\\\/www.eldiario.net\\\/portal\\\/wp-content\\\/uploads\\\/2024\\\/05\\\/FOTO-73-6.jpg\",\"contentUrl\":\"https:\\\/\\\/www.eldiario.net\\\/portal\\\/wp-content\\\/uploads\\\/2024\\\/05\\\/FOTO-73-6.jpg\",\"width\":992,\"height\":558},{\"@type\":\"BreadcrumbList\",\"@id\":\"https:\\\/\\\/www.eldiario.net\\\/portal\\\/2024\\\/05\\\/27\\\/moscoso-gana-su-primer-titulo-profesional-de-la-temporada\\\/#breadcrumb\",\"itemListElement\":[{\"@type\":\"ListItem\",\"position\":1,\"name\":\"Portada\",\"item\":\"https:\\\/\\\/www.eldiario.net\\\/portal\\\/\"},{\"@type\":\"ListItem\",\"position\":2,\"name\":\"Moscoso gana su primer t\u00edtulo profesional de la temporada\"}]},{\"@type\":\"WebSite\",\"@id\":\"https:\\\/\\\/www.eldiario.net\\\/portal\\\/#website\",\"url\":\"https:\\\/\\\/www.eldiario.net\\\/portal\\\/\",\"name\":\"El Diario - Decano de la prensa nacional\",\"description\":\"El Diario - Decano de la prensa nacional\",\"publisher\":{\"@id\":\"https:\\\/\\\/www.eldiario.net\\\/portal\\\/#organization\"},\"potentialAction\":[{\"@type\":\"SearchAction\",\"target\":{\"@type\":\"EntryPoint\",\"urlTemplate\":\"https:\\\/\\\/www.eldiario.net\\\/portal\\\/?s={search_term_string}\"},\"query-input\":{\"@type\":\"PropertyValueSpecification\",\"valueRequired\":true,\"valueName\":\"search_term_string\"}}],\"inLanguage\":\"es\"},{\"@type\":\"Organization\",\"@id\":\"https:\\\/\\\/www.eldiario.net\\\/portal\\\/#organization\",\"name\":\"El Diario - Decano de la prensa nacional\",\"url\":\"https:\\\/\\\/www.eldiario.net\\\/portal\\\/\",\"logo\":{\"@type\":\"ImageObject\",\"inLanguage\":\"es\",\"@id\":\"https:\\\/\\\/www.eldiario.net\\\/portal\\\/#\\\/schema\\\/logo\\\/image\\\/\",\"url\":\"https:\\\/\\\/www.eldiario.net\\\/portal\\\/wp-content\\\/uploads\\\/2023\\\/07\\\/logo_ED.jpg\",\"contentUrl\":\"https:\\\/\\\/www.eldiario.net\\\/portal\\\/wp-content\\\/uploads\\\/2023\\\/07\\\/logo_ED.jpg\",\"width\":272,\"height\":52,\"caption\":\"El Diario - Decano de la prensa nacional\"},\"image\":{\"@id\":\"https:\\\/\\\/www.eldiario.net\\\/portal\\\/#\\\/schema\\\/logo\\\/image\\\/\"},\"sameAs\":[\"https:\\\/\\\/www.facebook.com\\\/eldiario.bolivia\\\/\",\"https:\\\/\\\/x.com\\\/eldiario_net\"]},{\"@type\":\"Person\",\"@id\":\"https:\\\/\\\/www.eldiario.net\\\/portal\\\/#\\\/schema\\\/person\\\/f46445640444750d7d753ccd04ae01b7\",\"name\":\"Jeanette\",\"image\":{\"@type\":\"ImageObject\",\"inLanguage\":\"es\",\"@id\":\"https:\\\/\\\/secure.gravatar.com\\\/avatar\\\/3ea2118a5f7dad2b7138b1187a6b7ee55f160b9968b66013c3a3ef39dd7e5798?s=96&d=mm&r=g\",\"url\":\"https:\\\/\\\/secure.gravatar.com\\\/avatar\\\/3ea2118a5f7dad2b7138b1187a6b7ee55f160b9968b66013c3a3ef39dd7e5798?s=96&d=mm&r=g\",\"contentUrl\":\"https:\\\/\\\/secure.gravatar.com\\\/avatar\\\/3ea2118a5f7dad2b7138b1187a6b7ee55f160b9968b66013c3a3ef39dd7e5798?s=96&d=mm&r=g\",\"caption\":\"Jeanette\"},\"sameAs\":[\"https:\\\/\\\/www.eldiario.net\\\/portal\"],\"url\":\"https:\\\/\\\/www.eldiario.net\\\/portal\\\/author\\\/jeanette\\\/\"}]}<\/script>\n<!-- \/ Yoast SEO plugin. -->","yoast_head_json":{"title":"Moscoso gana su primer t\u00edtulo profesional de la temporada - El Diario - Bolivia","robots":{"index":"index","follow":"follow","max-snippet":"max-snippet:-1","max-image-preview":"max-image-preview:large","max-video-preview":"max-video-preview:-1"},"canonical":"https:\/\/www.eldiario.net\/portal\/2024\/05\/27\/moscoso-gana-su-primer-titulo-profesional-de-la-temporada\/","og_locale":"es_ES","og_type":"article","og_title":"Moscoso gana su primer t\u00edtulo profesional de la temporada - El Diario - Bolivia","og_description":"El raquetbolista boliviano Conrrado Moscoso gan\u00f3 la final del torneo JMB SoCal Open, que concluy\u00f3 ayer domingo en California, Estados Unidos, conquistando su primer t\u00edtulo profesional de la temporada en la modalidad de singles, luego de imponerse al mexicano Jordy Alonso por dos sets contra ninguno, con los parciales de 15-3 y 15-5. Moscoso coron\u00f3 [&hellip;]","og_url":"https:\/\/www.eldiario.net\/portal\/2024\/05\/27\/moscoso-gana-su-primer-titulo-profesional-de-la-temporada\/","og_site_name":"El Diario - Bolivia","article_publisher":"https:\/\/www.facebook.com\/eldiario.bolivia\/","article_published_time":"2024-05-27T10:14:13+00:00","article_modified_time":"2024-05-27T10:14:31+00:00","og_image":[{"width":992,"height":558,"url":"https:\/\/www.eldiario.net\/portal\/wp-content\/uploads\/2024\/05\/FOTO-73-6.jpg","type":"image\/jpeg"}],"author":"Jeanette","twitter_card":"summary_large_image","twitter_creator":"@eldiario_net","twitter_site":"@eldiario_net","twitter_misc":{"Escrito por":"Jeanette","Tiempo de lectura":"2 minutos"},"schema":{"@context":"https:\/\/schema.org","@graph":[{"@type":"Article","@id":"https:\/\/www.eldiario.net\/portal\/2024\/05\/27\/moscoso-gana-su-primer-titulo-profesional-de-la-temporada\/#article","isPartOf":{"@id":"https:\/\/www.eldiario.net\/portal\/2024\/05\/27\/moscoso-gana-su-primer-titulo-profesional-de-la-temporada\/"},"author":{"name":"Jeanette","@id":"https:\/\/www.eldiario.net\/portal\/#\/schema\/person\/f46445640444750d7d753ccd04ae01b7"},"headline":"Moscoso gana su primer t\u00edtulo profesional de la temporada","datePublished":"2024-05-27T10:14:13+00:00","dateModified":"2024-05-27T10:14:31+00:00","mainEntityOfPage":{"@id":"https:\/\/www.eldiario.net\/portal\/2024\/05\/27\/moscoso-gana-su-primer-titulo-profesional-de-la-temporada\/"},"wordCount":252,"commentCount":0,"publisher":{"@id":"https:\/\/www.eldiario.net\/portal\/#organization"},"image":{"@id":"https:\/\/www.eldiario.net\/portal\/2024\/05\/27\/moscoso-gana-su-primer-titulo-profesional-de-la-temporada\/#primaryimage"},"thumbnailUrl":"https:\/\/www.eldiario.net\/portal\/wp-content\/uploads\/2024\/05\/FOTO-73-6.jpg","articleSection":["Deportes"],"inLanguage":"es","potentialAction":[{"@type":"CommentAction","name":"Comment","target":["https:\/\/www.eldiario.net\/portal\/2024\/05\/27\/moscoso-gana-su-primer-titulo-profesional-de-la-temporada\/#respond"]}]},{"@type":"WebPage","@id":"https:\/\/www.eldiario.net\/portal\/2024\/05\/27\/moscoso-gana-su-primer-titulo-profesional-de-la-temporada\/","url":"https:\/\/www.eldiario.net\/portal\/2024\/05\/27\/moscoso-gana-su-primer-titulo-profesional-de-la-temporada\/","name":"Moscoso gana su primer t\u00edtulo profesional de la temporada - El Diario - Bolivia","isPartOf":{"@id":"https:\/\/www.eldiario.net\/portal\/#website"},"primaryImageOfPage":{"@id":"https:\/\/www.eldiario.net\/portal\/2024\/05\/27\/moscoso-gana-su-primer-titulo-profesional-de-la-temporada\/#primaryimage"},"image":{"@id":"https:\/\/www.eldiario.net\/portal\/2024\/05\/27\/moscoso-gana-su-primer-titulo-profesional-de-la-temporada\/#primaryimage"},"thumbnailUrl":"https:\/\/www.eldiario.net\/portal\/wp-content\/uploads\/2024\/05\/FOTO-73-6.jpg","datePublished":"2024-05-27T10:14:13+00:00","dateModified":"2024-05-27T10:14:31+00:00","breadcrumb":{"@id":"https:\/\/www.eldiario.net\/portal\/2024\/05\/27\/moscoso-gana-su-primer-titulo-profesional-de-la-temporada\/#breadcrumb"},"inLanguage":"es","potentialAction":[{"@type":"ReadAction","target":["https:\/\/www.eldiario.net\/portal\/2024\/05\/27\/moscoso-gana-su-primer-titulo-profesional-de-la-temporada\/"]}]},{"@type":"ImageObject","inLanguage":"es","@id":"https:\/\/www.eldiario.net\/portal\/2024\/05\/27\/moscoso-gana-su-primer-titulo-profesional-de-la-temporada\/#primaryimage","url":"https:\/\/www.eldiario.net\/portal\/wp-content\/uploads\/2024\/05\/FOTO-73-6.jpg","contentUrl":"https:\/\/www.eldiario.net\/portal\/wp-content\/uploads\/2024\/05\/FOTO-73-6.jpg","width":992,"height":558},{"@type":"BreadcrumbList","@id":"https:\/\/www.eldiario.net\/portal\/2024\/05\/27\/moscoso-gana-su-primer-titulo-profesional-de-la-temporada\/#breadcrumb","itemListElement":[{"@type":"ListItem","position":1,"name":"Portada","item":"https:\/\/www.eldiario.net\/portal\/"},{"@type":"ListItem","position":2,"name":"Moscoso gana su primer t\u00edtulo profesional de la temporada"}]},{"@type":"WebSite","@id":"https:\/\/www.eldiario.net\/portal\/#website","url":"https:\/\/www.eldiario.net\/portal\/","name":"El Diario - Decano de la prensa nacional","description":"El Diario - Decano de la prensa nacional","publisher":{"@id":"https:\/\/www.eldiario.net\/portal\/#organization"},"potentialAction":[{"@type":"SearchAction","target":{"@type":"EntryPoint","urlTemplate":"https:\/\/www.eldiario.net\/portal\/?s={search_term_string}"},"query-input":{"@type":"PropertyValueSpecification","valueRequired":true,"valueName":"search_term_string"}}],"inLanguage":"es"},{"@type":"Organization","@id":"https:\/\/www.eldiario.net\/portal\/#organization","name":"El Diario - Decano de la prensa nacional","url":"https:\/\/www.eldiario.net\/portal\/","logo":{"@type":"ImageObject","inLanguage":"es","@id":"https:\/\/www.eldiario.net\/portal\/#\/schema\/logo\/image\/","url":"https:\/\/www.eldiario.net\/portal\/wp-content\/uploads\/2023\/07\/logo_ED.jpg","contentUrl":"https:\/\/www.eldiario.net\/portal\/wp-content\/uploads\/2023\/07\/logo_ED.jpg","width":272,"height":52,"caption":"El Diario - Decano de la prensa nacional"},"image":{"@id":"https:\/\/www.eldiario.net\/portal\/#\/schema\/logo\/image\/"},"sameAs":["https:\/\/www.facebook.com\/eldiario.bolivia\/","https:\/\/x.com\/eldiario_net"]},{"@type":"Person","@id":"https:\/\/www.eldiario.net\/portal\/#\/schema\/person\/f46445640444750d7d753ccd04ae01b7","name":"Jeanette","image":{"@type":"ImageObject","inLanguage":"es","@id":"https:\/\/secure.gravatar.com\/avatar\/3ea2118a5f7dad2b7138b1187a6b7ee55f160b9968b66013c3a3ef39dd7e5798?s=96&d=mm&r=g","url":"https:\/\/secure.gravatar.com\/avatar\/3ea2118a5f7dad2b7138b1187a6b7ee55f160b9968b66013c3a3ef39dd7e5798?s=96&d=mm&r=g","contentUrl":"https:\/\/secure.gravatar.com\/avatar\/3ea2118a5f7dad2b7138b1187a6b7ee55f160b9968b66013c3a3ef39dd7e5798?s=96&d=mm&r=g","caption":"Jeanette"},"sameAs":["https:\/\/www.eldiario.net\/portal"],"url":"https:\/\/www.eldiario.net\/portal\/author\/jeanette\/"}]}},"_links":{"self":[{"href":"https:\/\/www.eldiario.net\/portal\/wp-json\/wp\/v2\/posts\/223143","targetHints":{"allow":["GET"]}}],"collection":[{"href":"https:\/\/www.eldiario.net\/portal\/wp-json\/wp\/v2\/posts"}],"about":[{"href":"https:\/\/www.eldiario.net\/portal\/wp-json\/wp\/v2\/types\/post"}],"author":[{"embeddable":true,"href":"https:\/\/www.eldiario.net\/portal\/wp-json\/wp\/v2\/users\/1"}],"replies":[{"embeddable":true,"href":"https:\/\/www.eldiario.net\/portal\/wp-json\/wp\/v2\/comments?post=223143"}],"version-history":[{"count":2,"href":"https:\/\/www.eldiario.net\/portal\/wp-json\/wp\/v2\/posts\/223143\/revisions"}],"predecessor-version":[{"id":223146,"href":"https:\/\/www.eldiario.net\/portal\/wp-json\/wp\/v2\/posts\/223143\/revisions\/223146"}],"wp:featuredmedia":[{"embeddable":true,"href":"https:\/\/www.eldiario.net\/portal\/wp-json\/wp\/v2\/media\/223144"}],"wp:attachment":[{"href":"https:\/\/www.eldiario.net\/portal\/wp-json\/wp\/v2\/media?parent=223143"}],"wp:term":[{"taxonomy":"category","embeddable":true,"href":"https:\/\/www.eldiario.net\/portal\/wp-json\/wp\/v2\/categories?post=223143"},{"taxonomy":"post_tag","embeddable":true,"href":"https:\/\/www.eldiario.net\/portal\/wp-json\/wp\/v2\/tags?post=223143"}],"curies":[{"name":"wp","href":"https:\/\/api.w.org\/{rel}","templated":true}]}}