{"id":223122,"date":"2024-05-26T07:38:48","date_gmt":"2024-05-26T11:38:48","guid":{"rendered":"https:\/\/www.eldiario.net\/portal\/?p=223122"},"modified":"2024-05-26T07:38:48","modified_gmt":"2024-05-26T11:38:48","slug":"porque-se-deberia-considerar-el-uso-de-selladores-dentales","status":"publish","type":"post","link":"https:\/\/www.eldiario.net\/portal\/2024\/05\/26\/porque-se-deberia-considerar-el-uso-de-selladores-dentales\/","title":{"rendered":"\u00bfPORQUE SE DEBER\u00cdA CONSIDERAR EL USO DE SELLADORES DENTALES?"},"content":{"rendered":"<p><strong>Dr. Franklin Novoa Flores \u2013 Especialista en Ortodoncia ortopedia &#8211; 72022459<\/strong><\/p>\n<p>Los selladores de fosas y fisuras es un tratamiento fundamental en el cuidado de la salud bucal, ya que ayudan a prevenir la aparici\u00f3n de caries en los dientes. Este tratamiento consiste en la aplicaci\u00f3n de una capa delgada de resina especificas resistente a los \u00e1cidos de las bacterias que se aplican en las fosas y fisuras que presentas la cara oclusal de los dientes molares o premolares, evitando as\u00ed que los restos alimenticios y bacterias se acumulen en esas \u00e1reas y provoquen la formaci\u00f3n de caries.<\/p>\n<p>La importancia de los selladores radica en que estas partes que presentan los dientes anat\u00f3micamente en su superficie masticatoria unos surcos y depresiones marcadas, son propensas a la acumulaci\u00f3n de placa bacteriana debido a que son zonas de dif\u00edcil acceso para el cepillo dental.<\/p>\n<p>Si no se realiza una adecuada limpieza en estas \u00e1reas, las bacterias pueden producir \u00e1cidos que atacan el esmalte dental y provocando un nicho de bacterias y destrucci\u00f3n del esmalte.<\/p>\n<p>Los selladores de fosas y fisuras act\u00faan como una barrera protectora que evita que los restos alimenticios y las bacterias se acumulen en estas \u00e1reas m\u00e1s propensas a la caries, protegiendo as\u00ed la integridad de los dientes. Adem\u00e1s, este tratamiento especialmente beneficioso en los ni\u00f1os, ya que sus dientes son m\u00e1s susceptibles a la formaci\u00f3n de caries debido a la falta de destreza en el cepillado.<\/p>\n<p>Es importante tener en cuenta que los selladores no son una soluci\u00f3n definitiva por lo que es fundamental mantener una adecuada higiene bucal, que incluya el cepillado diario, el uso del hilo dental y visitas regulares al odont\u00f3logo. Sin embargo, este tipo de tratamiento como parte de un plan integral de cuidado bucal puede ser de gran ayuda en la prevenci\u00f3n de caries, sobre todo en aquellas personas que tienen mayor elevado riesgo de caries, pacientes con medicaciones azucaradas y pacientes con disminuci\u00f3n del flujo salival.<\/p>\n\r\n                <style type=\"text\/css\">\r\n                    \r\n                    #tdi_1  .td-doubleSlider-2 .td-item1 {\r\n                        background: url(https:\/\/www.eldiario.net\/portal\/wp-content\/uploads\/2024\/05\/\u00bfPORQUE-SE-DEBERIA-CONSIDERAR-EL-USO-DE-SELLADORES-DENTALES-2-80x60.jpg) 0 0 no-repeat;\r\n                    }\r\n                    #tdi_1  .td-doubleSlider-2 .td-item2 {\r\n                        background: url(https:\/\/www.eldiario.net\/portal\/wp-content\/uploads\/2024\/05\/\u00bfPORQUE-SE-DEBERIA-CONSIDERAR-EL-USO-DE-SELLADORES-DENTALES-80x60.jpg) 0 0 no-repeat;\r\n                    }\r\n                <\/style>\r\n\r\n                <div id=\"tdi_1\" class=\"td-gallery td-slide-on-2-columns\">\r\n                    <div class=\"post_td_gallery\">\r\n                        <div class=\"td-gallery-slide-top\">\r\n                           <div class=\"td-gallery-title\"><\/div>\r\n\r\n                            <div class=\"td-gallery-controls-wrapper\">\r\n                                <div class=\"td-gallery-slide-count\"><span class=\"td-gallery-slide-item-focus\">1<\/span> de 2<\/div>\r\n                                <div class=\"td-gallery-slide-prev-next-but\">\r\n                                    <i class = \"td-icon-left doubleSliderPrevButton\"><\/i>\r\n                                    <i class = \"td-icon-right doubleSliderNextButton\"><\/i>\r\n                                <\/div>\r\n                            <\/div>\r\n                        <\/div>\r\n\r\n                        <div class = \"td-doubleSlider-1 \">\r\n                            <div class = \"td-slider\">\r\n                                \r\n                    <div class = \"td-slide-item td-item1\">\r\n                        <figure class=\"td-slide-galery-figure td-slide-popup-gallery\">\r\n                            <a class=\"slide-gallery-image-link\" href=\"https:\/\/www.eldiario.net\/portal\/wp-content\/uploads\/2024\/05\/\u00bfPORQUE-SE-DEBERIA-CONSIDERAR-EL-USO-DE-SELLADORES-DENTALES-2.jpg\" title=\"\u00bfPORQUE-SE-DEBERIA-CONSIDERAR-EL-USO-DE-SELLADORES-DENTALES-(2)\"  data-caption=\"\"  data-description=\"\">\r\n                                <img decoding=\"async\" src=\"https:\/\/www.eldiario.net\/portal\/wp-content\/uploads\/2024\/05\/\u00bfPORQUE-SE-DEBERIA-CONSIDERAR-EL-USO-DE-SELLADORES-DENTALES-2.jpg\" srcset=\"https:\/\/www.eldiario.net\/portal\/wp-content\/uploads\/2024\/05\/\u00bfPORQUE-SE-DEBERIA-CONSIDERAR-EL-USO-DE-SELLADORES-DENTALES-2.jpg 421w, https:\/\/www.eldiario.net\/portal\/wp-content\/uploads\/2024\/05\/\u00bfPORQUE-SE-DEBERIA-CONSIDERAR-EL-USO-DE-SELLADORES-DENTALES-2-300x217.jpg 300w\" sizes=\"(max-width: 421px) 100vw, 421px\" alt=\"\">\r\n                            <\/a>\r\n                            \r\n                        <\/figure>\r\n                    <\/div>\r\n                    <div class = \"td-slide-item td-item2\">\r\n                        <figure class=\"td-slide-galery-figure td-slide-popup-gallery\">\r\n                            <a class=\"slide-gallery-image-link\" href=\"https:\/\/www.eldiario.net\/portal\/wp-content\/uploads\/2024\/05\/\u00bfPORQUE-SE-DEBERIA-CONSIDERAR-EL-USO-DE-SELLADORES-DENTALES.jpg\" title=\"\u00bfPORQUE-SE-DEBERIA-CONSIDERAR-EL-USO-DE-SELLADORES-DENTALES\"  data-caption=\"\"  data-description=\"\">\r\n                                <img decoding=\"async\" src=\"https:\/\/www.eldiario.net\/portal\/wp-content\/uploads\/2024\/05\/\u00bfPORQUE-SE-DEBERIA-CONSIDERAR-EL-USO-DE-SELLADORES-DENTALES.jpg\" srcset=\"https:\/\/www.eldiario.net\/portal\/wp-content\/uploads\/2024\/05\/\u00bfPORQUE-SE-DEBERIA-CONSIDERAR-EL-USO-DE-SELLADORES-DENTALES.jpg 421w, https:\/\/www.eldiario.net\/portal\/wp-content\/uploads\/2024\/05\/\u00bfPORQUE-SE-DEBERIA-CONSIDERAR-EL-USO-DE-SELLADORES-DENTALES-300x217.jpg 300w\" sizes=\"(max-width: 421px) 100vw, 421px\" alt=\"\">\r\n                            <\/a>\r\n                            \r\n                        <\/figure>\r\n                    <\/div>\r\n                            <\/div>\r\n                        <\/div>\r\n\r\n                        <div class = \"td-doubleSlider-2\">\r\n                            <div class = \"td-slider\">\r\n                                \r\n                    <div class = \"td-button td-item1\">\r\n                        <div class = \"td-border\"><\/div>\r\n                    <\/div>\r\n                    <div class = \"td-button td-item2\">\r\n                        <div class = \"td-border\"><\/div>\r\n                    <\/div>\r\n                            <\/div>\r\n                        <\/div>\r\n\r\n                    <\/div>\r\n\r\n                <\/div>\r\n                \n<p>&nbsp;<\/p>\n","protected":false},"excerpt":{"rendered":"<p>Dr. Franklin Novoa Flores \u2013 Especialista en Ortodoncia ortopedia &#8211; 72022459 Los selladores de fosas y fisuras es un tratamiento fundamental en el cuidado de la salud bucal, ya que ayudan a prevenir la aparici\u00f3n de caries en los dientes. Este tratamiento consiste en la aplicaci\u00f3n de una capa delgada de resina especificas resistente a [&hellip;]<\/p>\n","protected":false},"author":1,"featured_media":223123,"comment_status":"open","ping_status":"open","sticky":false,"template":"","format":"standard","meta":{"_acf_changed":false,"footnotes":""},"categories":[52],"tags":[],"class_list":["post-223122","post","type-post","status-publish","format-standard","has-post-thumbnail","category-de-salud-mas-vida"],"acf":{"antetitulo":""},"yoast_head":"<!-- This site is optimized with the Yoast SEO plugin v28.3 - https:\/\/yoast.com\/product\/yoast-seo-wordpress\/ -->\n<title>\u00bfPORQUE SE DEBER\u00cdA CONSIDERAR EL USO DE SELLADORES DENTALES? - El Diario - Bolivia<\/title>\n<meta name=\"robots\" content=\"index, follow, max-snippet:-1, max-image-preview:large, max-video-preview:-1\" \/>\n<link rel=\"canonical\" href=\"https:\/\/www.eldiario.net\/portal\/2024\/05\/26\/porque-se-deberia-considerar-el-uso-de-selladores-dentales\/\" \/>\n<meta property=\"og:locale\" content=\"es_ES\" \/>\n<meta property=\"og:type\" content=\"article\" \/>\n<meta property=\"og:title\" content=\"\u00bfPORQUE SE DEBER\u00cdA CONSIDERAR EL USO DE SELLADORES DENTALES? - El Diario - Bolivia\" \/>\n<meta property=\"og:description\" content=\"Dr. Franklin Novoa Flores \u2013 Especialista en Ortodoncia ortopedia &#8211; 72022459 Los selladores de fosas y fisuras es un tratamiento fundamental en el cuidado de la salud bucal, ya que ayudan a prevenir la aparici\u00f3n de caries en los dientes. Este tratamiento consiste en la aplicaci\u00f3n de una capa delgada de resina especificas resistente a [&hellip;]\" \/>\n<meta property=\"og:url\" content=\"https:\/\/www.eldiario.net\/portal\/2024\/05\/26\/porque-se-deberia-considerar-el-uso-de-selladores-dentales\/\" \/>\n<meta property=\"og:site_name\" content=\"El Diario - Bolivia\" \/>\n<meta property=\"article:publisher\" content=\"https:\/\/www.facebook.com\/eldiario.bolivia\/\" \/>\n<meta property=\"article:published_time\" content=\"2024-05-26T11:38:48+00:00\" \/>\n<meta property=\"og:image\" content=\"https:\/\/www.eldiario.net\/portal\/wp-content\/uploads\/2024\/05\/\u00bfPORQUE-SE-DEBERIA-CONSIDERAR-EL-USO-DE-SELLADORES-DENTALES-2.jpg\" \/>\n\t<meta property=\"og:image:width\" content=\"421\" \/>\n\t<meta property=\"og:image:height\" content=\"305\" \/>\n\t<meta property=\"og:image:type\" content=\"image\/jpeg\" \/>\n<meta name=\"author\" content=\"Jeanette\" \/>\n<meta name=\"twitter:card\" content=\"summary_large_image\" \/>\n<meta name=\"twitter:creator\" content=\"@eldiario_net\" \/>\n<meta name=\"twitter:site\" content=\"@eldiario_net\" \/>\n<meta name=\"twitter:label1\" content=\"Escrito por\" \/>\n\t<meta name=\"twitter:data1\" content=\"Jeanette\" \/>\n\t<meta name=\"twitter:label2\" content=\"Tiempo de lectura\" \/>\n\t<meta name=\"twitter:data2\" content=\"2 minutos\" \/>\n<script type=\"application\/ld+json\" class=\"yoast-schema-graph\">{\"@context\":\"https:\\\/\\\/schema.org\",\"@graph\":[{\"@type\":\"Article\",\"@id\":\"https:\\\/\\\/www.eldiario.net\\\/portal\\\/2024\\\/05\\\/26\\\/porque-se-deberia-considerar-el-uso-de-selladores-dentales\\\/#article\",\"isPartOf\":{\"@id\":\"https:\\\/\\\/www.eldiario.net\\\/portal\\\/2024\\\/05\\\/26\\\/porque-se-deberia-considerar-el-uso-de-selladores-dentales\\\/\"},\"author\":{\"name\":\"Jeanette\",\"@id\":\"https:\\\/\\\/www.eldiario.net\\\/portal\\\/#\\\/schema\\\/person\\\/f46445640444750d7d753ccd04ae01b7\"},\"headline\":\"\u00bfPORQUE SE DEBER\u00cdA CONSIDERAR EL USO DE SELLADORES DENTALES?\",\"datePublished\":\"2024-05-26T11:38:48+00:00\",\"mainEntityOfPage\":{\"@id\":\"https:\\\/\\\/www.eldiario.net\\\/portal\\\/2024\\\/05\\\/26\\\/porque-se-deberia-considerar-el-uso-de-selladores-dentales\\\/\"},\"wordCount\":359,\"commentCount\":0,\"publisher\":{\"@id\":\"https:\\\/\\\/www.eldiario.net\\\/portal\\\/#organization\"},\"image\":{\"@id\":\"https:\\\/\\\/www.eldiario.net\\\/portal\\\/2024\\\/05\\\/26\\\/porque-se-deberia-considerar-el-uso-de-selladores-dentales\\\/#primaryimage\"},\"thumbnailUrl\":\"https:\\\/\\\/www.eldiario.net\\\/portal\\\/wp-content\\\/uploads\\\/2024\\\/05\\\/\u00bfPORQUE-SE-DEBERIA-CONSIDERAR-EL-USO-DE-SELLADORES-DENTALES-2.jpg\",\"articleSection\":[\"De Salud + vida\"],\"inLanguage\":\"es\",\"potentialAction\":[{\"@type\":\"CommentAction\",\"name\":\"Comment\",\"target\":[\"https:\\\/\\\/www.eldiario.net\\\/portal\\\/2024\\\/05\\\/26\\\/porque-se-deberia-considerar-el-uso-de-selladores-dentales\\\/#respond\"]}]},{\"@type\":\"WebPage\",\"@id\":\"https:\\\/\\\/www.eldiario.net\\\/portal\\\/2024\\\/05\\\/26\\\/porque-se-deberia-considerar-el-uso-de-selladores-dentales\\\/\",\"url\":\"https:\\\/\\\/www.eldiario.net\\\/portal\\\/2024\\\/05\\\/26\\\/porque-se-deberia-considerar-el-uso-de-selladores-dentales\\\/\",\"name\":\"\u00bfPORQUE SE DEBER\u00cdA CONSIDERAR EL USO DE SELLADORES DENTALES? - El Diario - Bolivia\",\"isPartOf\":{\"@id\":\"https:\\\/\\\/www.eldiario.net\\\/portal\\\/#website\"},\"primaryImageOfPage\":{\"@id\":\"https:\\\/\\\/www.eldiario.net\\\/portal\\\/2024\\\/05\\\/26\\\/porque-se-deberia-considerar-el-uso-de-selladores-dentales\\\/#primaryimage\"},\"image\":{\"@id\":\"https:\\\/\\\/www.eldiario.net\\\/portal\\\/2024\\\/05\\\/26\\\/porque-se-deberia-considerar-el-uso-de-selladores-dentales\\\/#primaryimage\"},\"thumbnailUrl\":\"https:\\\/\\\/www.eldiario.net\\\/portal\\\/wp-content\\\/uploads\\\/2024\\\/05\\\/\u00bfPORQUE-SE-DEBERIA-CONSIDERAR-EL-USO-DE-SELLADORES-DENTALES-2.jpg\",\"datePublished\":\"2024-05-26T11:38:48+00:00\",\"breadcrumb\":{\"@id\":\"https:\\\/\\\/www.eldiario.net\\\/portal\\\/2024\\\/05\\\/26\\\/porque-se-deberia-considerar-el-uso-de-selladores-dentales\\\/#breadcrumb\"},\"inLanguage\":\"es\",\"potentialAction\":[{\"@type\":\"ReadAction\",\"target\":[\"https:\\\/\\\/www.eldiario.net\\\/portal\\\/2024\\\/05\\\/26\\\/porque-se-deberia-considerar-el-uso-de-selladores-dentales\\\/\"]}]},{\"@type\":\"ImageObject\",\"inLanguage\":\"es\",\"@id\":\"https:\\\/\\\/www.eldiario.net\\\/portal\\\/2024\\\/05\\\/26\\\/porque-se-deberia-considerar-el-uso-de-selladores-dentales\\\/#primaryimage\",\"url\":\"https:\\\/\\\/www.eldiario.net\\\/portal\\\/wp-content\\\/uploads\\\/2024\\\/05\\\/\u00bfPORQUE-SE-DEBERIA-CONSIDERAR-EL-USO-DE-SELLADORES-DENTALES-2.jpg\",\"contentUrl\":\"https:\\\/\\\/www.eldiario.net\\\/portal\\\/wp-content\\\/uploads\\\/2024\\\/05\\\/\u00bfPORQUE-SE-DEBERIA-CONSIDERAR-EL-USO-DE-SELLADORES-DENTALES-2.jpg\",\"width\":421,\"height\":305},{\"@type\":\"BreadcrumbList\",\"@id\":\"https:\\\/\\\/www.eldiario.net\\\/portal\\\/2024\\\/05\\\/26\\\/porque-se-deberia-considerar-el-uso-de-selladores-dentales\\\/#breadcrumb\",\"itemListElement\":[{\"@type\":\"ListItem\",\"position\":1,\"name\":\"Portada\",\"item\":\"https:\\\/\\\/www.eldiario.net\\\/portal\\\/\"},{\"@type\":\"ListItem\",\"position\":2,\"name\":\"\u00bfPORQUE SE DEBER\u00cdA CONSIDERAR EL USO DE SELLADORES DENTALES?\"}]},{\"@type\":\"WebSite\",\"@id\":\"https:\\\/\\\/www.eldiario.net\\\/portal\\\/#website\",\"url\":\"https:\\\/\\\/www.eldiario.net\\\/portal\\\/\",\"name\":\"El Diario - Decano de la prensa nacional\",\"description\":\"El Diario - Decano de la prensa nacional\",\"publisher\":{\"@id\":\"https:\\\/\\\/www.eldiario.net\\\/portal\\\/#organization\"},\"potentialAction\":[{\"@type\":\"SearchAction\",\"target\":{\"@type\":\"EntryPoint\",\"urlTemplate\":\"https:\\\/\\\/www.eldiario.net\\\/portal\\\/?s={search_term_string}\"},\"query-input\":{\"@type\":\"PropertyValueSpecification\",\"valueRequired\":true,\"valueName\":\"search_term_string\"}}],\"inLanguage\":\"es\"},{\"@type\":\"Organization\",\"@id\":\"https:\\\/\\\/www.eldiario.net\\\/portal\\\/#organization\",\"name\":\"El Diario - Decano de la prensa nacional\",\"url\":\"https:\\\/\\\/www.eldiario.net\\\/portal\\\/\",\"logo\":{\"@type\":\"ImageObject\",\"inLanguage\":\"es\",\"@id\":\"https:\\\/\\\/www.eldiario.net\\\/portal\\\/#\\\/schema\\\/logo\\\/image\\\/\",\"url\":\"https:\\\/\\\/www.eldiario.net\\\/portal\\\/wp-content\\\/uploads\\\/2023\\\/07\\\/logo_ED.jpg\",\"contentUrl\":\"https:\\\/\\\/www.eldiario.net\\\/portal\\\/wp-content\\\/uploads\\\/2023\\\/07\\\/logo_ED.jpg\",\"width\":272,\"height\":52,\"caption\":\"El Diario - Decano de la prensa nacional\"},\"image\":{\"@id\":\"https:\\\/\\\/www.eldiario.net\\\/portal\\\/#\\\/schema\\\/logo\\\/image\\\/\"},\"sameAs\":[\"https:\\\/\\\/www.facebook.com\\\/eldiario.bolivia\\\/\",\"https:\\\/\\\/x.com\\\/eldiario_net\"]},{\"@type\":\"Person\",\"@id\":\"https:\\\/\\\/www.eldiario.net\\\/portal\\\/#\\\/schema\\\/person\\\/f46445640444750d7d753ccd04ae01b7\",\"name\":\"Jeanette\",\"image\":{\"@type\":\"ImageObject\",\"inLanguage\":\"es\",\"@id\":\"https:\\\/\\\/secure.gravatar.com\\\/avatar\\\/3ea2118a5f7dad2b7138b1187a6b7ee55f160b9968b66013c3a3ef39dd7e5798?s=96&d=mm&r=g\",\"url\":\"https:\\\/\\\/secure.gravatar.com\\\/avatar\\\/3ea2118a5f7dad2b7138b1187a6b7ee55f160b9968b66013c3a3ef39dd7e5798?s=96&d=mm&r=g\",\"contentUrl\":\"https:\\\/\\\/secure.gravatar.com\\\/avatar\\\/3ea2118a5f7dad2b7138b1187a6b7ee55f160b9968b66013c3a3ef39dd7e5798?s=96&d=mm&r=g\",\"caption\":\"Jeanette\"},\"sameAs\":[\"https:\\\/\\\/www.eldiario.net\\\/portal\"],\"url\":\"https:\\\/\\\/www.eldiario.net\\\/portal\\\/author\\\/jeanette\\\/\"}]}<\/script>\n<!-- \/ Yoast SEO plugin. -->","yoast_head_json":{"title":"\u00bfPORQUE SE DEBER\u00cdA CONSIDERAR EL USO DE SELLADORES DENTALES? - El Diario - Bolivia","robots":{"index":"index","follow":"follow","max-snippet":"max-snippet:-1","max-image-preview":"max-image-preview:large","max-video-preview":"max-video-preview:-1"},"canonical":"https:\/\/www.eldiario.net\/portal\/2024\/05\/26\/porque-se-deberia-considerar-el-uso-de-selladores-dentales\/","og_locale":"es_ES","og_type":"article","og_title":"\u00bfPORQUE SE DEBER\u00cdA CONSIDERAR EL USO DE SELLADORES DENTALES? - El Diario - Bolivia","og_description":"Dr. Franklin Novoa Flores \u2013 Especialista en Ortodoncia ortopedia &#8211; 72022459 Los selladores de fosas y fisuras es un tratamiento fundamental en el cuidado de la salud bucal, ya que ayudan a prevenir la aparici\u00f3n de caries en los dientes. Este tratamiento consiste en la aplicaci\u00f3n de una capa delgada de resina especificas resistente a [&hellip;]","og_url":"https:\/\/www.eldiario.net\/portal\/2024\/05\/26\/porque-se-deberia-considerar-el-uso-de-selladores-dentales\/","og_site_name":"El Diario - Bolivia","article_publisher":"https:\/\/www.facebook.com\/eldiario.bolivia\/","article_published_time":"2024-05-26T11:38:48+00:00","og_image":[{"width":421,"height":305,"url":"https:\/\/www.eldiario.net\/portal\/wp-content\/uploads\/2024\/05\/\u00bfPORQUE-SE-DEBERIA-CONSIDERAR-EL-USO-DE-SELLADORES-DENTALES-2.jpg","type":"image\/jpeg"}],"author":"Jeanette","twitter_card":"summary_large_image","twitter_creator":"@eldiario_net","twitter_site":"@eldiario_net","twitter_misc":{"Escrito por":"Jeanette","Tiempo de lectura":"2 minutos"},"schema":{"@context":"https:\/\/schema.org","@graph":[{"@type":"Article","@id":"https:\/\/www.eldiario.net\/portal\/2024\/05\/26\/porque-se-deberia-considerar-el-uso-de-selladores-dentales\/#article","isPartOf":{"@id":"https:\/\/www.eldiario.net\/portal\/2024\/05\/26\/porque-se-deberia-considerar-el-uso-de-selladores-dentales\/"},"author":{"name":"Jeanette","@id":"https:\/\/www.eldiario.net\/portal\/#\/schema\/person\/f46445640444750d7d753ccd04ae01b7"},"headline":"\u00bfPORQUE SE DEBER\u00cdA CONSIDERAR EL USO DE SELLADORES DENTALES?","datePublished":"2024-05-26T11:38:48+00:00","mainEntityOfPage":{"@id":"https:\/\/www.eldiario.net\/portal\/2024\/05\/26\/porque-se-deberia-considerar-el-uso-de-selladores-dentales\/"},"wordCount":359,"commentCount":0,"publisher":{"@id":"https:\/\/www.eldiario.net\/portal\/#organization"},"image":{"@id":"https:\/\/www.eldiario.net\/portal\/2024\/05\/26\/porque-se-deberia-considerar-el-uso-de-selladores-dentales\/#primaryimage"},"thumbnailUrl":"https:\/\/www.eldiario.net\/portal\/wp-content\/uploads\/2024\/05\/\u00bfPORQUE-SE-DEBERIA-CONSIDERAR-EL-USO-DE-SELLADORES-DENTALES-2.jpg","articleSection":["De Salud + vida"],"inLanguage":"es","potentialAction":[{"@type":"CommentAction","name":"Comment","target":["https:\/\/www.eldiario.net\/portal\/2024\/05\/26\/porque-se-deberia-considerar-el-uso-de-selladores-dentales\/#respond"]}]},{"@type":"WebPage","@id":"https:\/\/www.eldiario.net\/portal\/2024\/05\/26\/porque-se-deberia-considerar-el-uso-de-selladores-dentales\/","url":"https:\/\/www.eldiario.net\/portal\/2024\/05\/26\/porque-se-deberia-considerar-el-uso-de-selladores-dentales\/","name":"\u00bfPORQUE SE DEBER\u00cdA CONSIDERAR EL USO DE SELLADORES DENTALES? - El Diario - Bolivia","isPartOf":{"@id":"https:\/\/www.eldiario.net\/portal\/#website"},"primaryImageOfPage":{"@id":"https:\/\/www.eldiario.net\/portal\/2024\/05\/26\/porque-se-deberia-considerar-el-uso-de-selladores-dentales\/#primaryimage"},"image":{"@id":"https:\/\/www.eldiario.net\/portal\/2024\/05\/26\/porque-se-deberia-considerar-el-uso-de-selladores-dentales\/#primaryimage"},"thumbnailUrl":"https:\/\/www.eldiario.net\/portal\/wp-content\/uploads\/2024\/05\/\u00bfPORQUE-SE-DEBERIA-CONSIDERAR-EL-USO-DE-SELLADORES-DENTALES-2.jpg","datePublished":"2024-05-26T11:38:48+00:00","breadcrumb":{"@id":"https:\/\/www.eldiario.net\/portal\/2024\/05\/26\/porque-se-deberia-considerar-el-uso-de-selladores-dentales\/#breadcrumb"},"inLanguage":"es","potentialAction":[{"@type":"ReadAction","target":["https:\/\/www.eldiario.net\/portal\/2024\/05\/26\/porque-se-deberia-considerar-el-uso-de-selladores-dentales\/"]}]},{"@type":"ImageObject","inLanguage":"es","@id":"https:\/\/www.eldiario.net\/portal\/2024\/05\/26\/porque-se-deberia-considerar-el-uso-de-selladores-dentales\/#primaryimage","url":"https:\/\/www.eldiario.net\/portal\/wp-content\/uploads\/2024\/05\/\u00bfPORQUE-SE-DEBERIA-CONSIDERAR-EL-USO-DE-SELLADORES-DENTALES-2.jpg","contentUrl":"https:\/\/www.eldiario.net\/portal\/wp-content\/uploads\/2024\/05\/\u00bfPORQUE-SE-DEBERIA-CONSIDERAR-EL-USO-DE-SELLADORES-DENTALES-2.jpg","width":421,"height":305},{"@type":"BreadcrumbList","@id":"https:\/\/www.eldiario.net\/portal\/2024\/05\/26\/porque-se-deberia-considerar-el-uso-de-selladores-dentales\/#breadcrumb","itemListElement":[{"@type":"ListItem","position":1,"name":"Portada","item":"https:\/\/www.eldiario.net\/portal\/"},{"@type":"ListItem","position":2,"name":"\u00bfPORQUE SE DEBER\u00cdA CONSIDERAR EL USO DE SELLADORES DENTALES?"}]},{"@type":"WebSite","@id":"https:\/\/www.eldiario.net\/portal\/#website","url":"https:\/\/www.eldiario.net\/portal\/","name":"El Diario - Decano de la prensa nacional","description":"El Diario - Decano de la prensa nacional","publisher":{"@id":"https:\/\/www.eldiario.net\/portal\/#organization"},"potentialAction":[{"@type":"SearchAction","target":{"@type":"EntryPoint","urlTemplate":"https:\/\/www.eldiario.net\/portal\/?s={search_term_string}"},"query-input":{"@type":"PropertyValueSpecification","valueRequired":true,"valueName":"search_term_string"}}],"inLanguage":"es"},{"@type":"Organization","@id":"https:\/\/www.eldiario.net\/portal\/#organization","name":"El Diario - Decano de la prensa nacional","url":"https:\/\/www.eldiario.net\/portal\/","logo":{"@type":"ImageObject","inLanguage":"es","@id":"https:\/\/www.eldiario.net\/portal\/#\/schema\/logo\/image\/","url":"https:\/\/www.eldiario.net\/portal\/wp-content\/uploads\/2023\/07\/logo_ED.jpg","contentUrl":"https:\/\/www.eldiario.net\/portal\/wp-content\/uploads\/2023\/07\/logo_ED.jpg","width":272,"height":52,"caption":"El Diario - Decano de la prensa nacional"},"image":{"@id":"https:\/\/www.eldiario.net\/portal\/#\/schema\/logo\/image\/"},"sameAs":["https:\/\/www.facebook.com\/eldiario.bolivia\/","https:\/\/x.com\/eldiario_net"]},{"@type":"Person","@id":"https:\/\/www.eldiario.net\/portal\/#\/schema\/person\/f46445640444750d7d753ccd04ae01b7","name":"Jeanette","image":{"@type":"ImageObject","inLanguage":"es","@id":"https:\/\/secure.gravatar.com\/avatar\/3ea2118a5f7dad2b7138b1187a6b7ee55f160b9968b66013c3a3ef39dd7e5798?s=96&d=mm&r=g","url":"https:\/\/secure.gravatar.com\/avatar\/3ea2118a5f7dad2b7138b1187a6b7ee55f160b9968b66013c3a3ef39dd7e5798?s=96&d=mm&r=g","contentUrl":"https:\/\/secure.gravatar.com\/avatar\/3ea2118a5f7dad2b7138b1187a6b7ee55f160b9968b66013c3a3ef39dd7e5798?s=96&d=mm&r=g","caption":"Jeanette"},"sameAs":["https:\/\/www.eldiario.net\/portal"],"url":"https:\/\/www.eldiario.net\/portal\/author\/jeanette\/"}]}},"_links":{"self":[{"href":"https:\/\/www.eldiario.net\/portal\/wp-json\/wp\/v2\/posts\/223122","targetHints":{"allow":["GET"]}}],"collection":[{"href":"https:\/\/www.eldiario.net\/portal\/wp-json\/wp\/v2\/posts"}],"about":[{"href":"https:\/\/www.eldiario.net\/portal\/wp-json\/wp\/v2\/types\/post"}],"author":[{"embeddable":true,"href":"https:\/\/www.eldiario.net\/portal\/wp-json\/wp\/v2\/users\/1"}],"replies":[{"embeddable":true,"href":"https:\/\/www.eldiario.net\/portal\/wp-json\/wp\/v2\/comments?post=223122"}],"version-history":[{"count":1,"href":"https:\/\/www.eldiario.net\/portal\/wp-json\/wp\/v2\/posts\/223122\/revisions"}],"predecessor-version":[{"id":223125,"href":"https:\/\/www.eldiario.net\/portal\/wp-json\/wp\/v2\/posts\/223122\/revisions\/223125"}],"wp:featuredmedia":[{"embeddable":true,"href":"https:\/\/www.eldiario.net\/portal\/wp-json\/wp\/v2\/media\/223123"}],"wp:attachment":[{"href":"https:\/\/www.eldiario.net\/portal\/wp-json\/wp\/v2\/media?parent=223122"}],"wp:term":[{"taxonomy":"category","embeddable":true,"href":"https:\/\/www.eldiario.net\/portal\/wp-json\/wp\/v2\/categories?post=223122"},{"taxonomy":"post_tag","embeddable":true,"href":"https:\/\/www.eldiario.net\/portal\/wp-json\/wp\/v2\/tags?post=223122"}],"curies":[{"name":"wp","href":"https:\/\/api.w.org\/{rel}","templated":true}]}}