{"id":22312,"date":"2021-08-09T06:05:27","date_gmt":"2021-08-09T10:05:27","guid":{"rendered":"https:\/\/www.eldiario.net\/portal\/?p=22312"},"modified":"2021-08-09T06:05:27","modified_gmt":"2021-08-09T10:05:27","slug":"denuncian-venta-de-certificados-falsos-de-vacunas","status":"publish","type":"post","link":"https:\/\/www.eldiario.net\/portal\/2021\/08\/09\/denuncian-venta-de-certificados-falsos-de-vacunas\/","title":{"rendered":"Denuncian venta de certificados falsos de vacunas"},"content":{"rendered":"<p>El viceministro de Defensa del Usuario y Consumidor, Jorge Silva, inform\u00f3 ayer que recibi\u00f3 m\u00e1s de 10 denuncias por la comercializaci\u00f3n de certificados falsificados de la vacuna contra el covid-19 mediante redes sociales.<br \/>\n\u201cHemos recibido m\u00e1s de 10 casos de personas que estar\u00edan ofreciendo estos documentos, pretendiendo sorprender a algunas personas, hemos detectado que esta venta se est\u00e1 realizando por las redes sociales\u201d, indic\u00f3 Silva en una entrevista con un canal de TV.<br \/>\nDetall\u00f3 que esos documentos ilegales se estar\u00edan comercializando en las ciudades de El Alto, Quillacollo, Cochabamba y Santa Cruz.<br \/>\nLa autoridad afirm\u00f3 que entregar\u00e1 toda la informaci\u00f3n a la Divisi\u00f3n Cibercrimen de la Fuerza Especial de Lucha Contra el Crimen (Felcc) para su correspondiente investigaci\u00f3n.<br \/>\nAsimismo, exhort\u00f3 a la poblaci\u00f3n a no dejarse enga\u00f1ar y ser c\u00f3mplice de la comisi\u00f3n de un delito al adquirir un certificado falsificado, reflej\u00f3 ABI.<br \/>\nEse tipo de falta tiene una pena de seis a\u00f1os de c\u00e1rcel por uso de instrumento falsificado.<br \/>\nSeg\u00fan los usuarios, las redes sociales se han convertido en instrumentos adecuados para delinquir vendiendo todo tipo de objetos de dudosa procedencia, sin que exista ning\u00fan control de autoridades, se ofrecen desde celulares a medio uso, electrodom\u00e9sticos y medicamentos, en especial en toda la \u00e9poca de pandemia viral, Facebook contin\u00faa siendo la v\u00eda para expender f\u00e1rmacos falsos o con sobreprecio y esta vez toca a los certificados de vacunaci\u00f3n, las autoridades anuncian investigaciones permanentemente, pero no se conoce de procesos ni sanciones para los culpables de estos delitos, algunos con graves da\u00f1os a la salud de los estafados, afirmaron.<\/p>\n","protected":false},"excerpt":{"rendered":"<p>El viceministro de Defensa del Usuario y Consumidor, Jorge Silva, inform\u00f3 ayer que recibi\u00f3 m\u00e1s de 10 denuncias por la comercializaci\u00f3n de certificados falsificados de la vacuna contra el covid-19 mediante redes sociales. \u201cHemos recibido m\u00e1s de 10 casos de personas que estar\u00edan ofreciendo estos documentos, pretendiendo sorprender a algunas personas, hemos detectado que esta [&hellip;]<\/p>\n","protected":false},"author":1,"featured_media":0,"comment_status":"closed","ping_status":"closed","sticky":false,"template":"","format":"standard","meta":{"_acf_changed":false,"footnotes":""},"categories":[12],"tags":[],"class_list":["post-22312","post","type-post","status-publish","format-standard","category-nacional"],"acf":{"antetitulo":""},"yoast_head":"<!-- This site is optimized with the Yoast SEO plugin v28.4 - https:\/\/yoast.com\/product\/yoast-seo-wordpress\/ -->\n<title>Denuncian venta de certificados falsos de vacunas - El Diario - Bolivia<\/title>\n<meta name=\"robots\" content=\"index, follow, max-snippet:-1, max-image-preview:large, max-video-preview:-1\" \/>\n<link rel=\"canonical\" href=\"https:\/\/www.eldiario.net\/portal\/2021\/08\/09\/denuncian-venta-de-certificados-falsos-de-vacunas\/\" \/>\n<meta property=\"og:locale\" content=\"es_ES\" \/>\n<meta property=\"og:type\" content=\"article\" \/>\n<meta property=\"og:title\" content=\"Denuncian venta de certificados falsos de vacunas - El Diario - Bolivia\" \/>\n<meta property=\"og:description\" content=\"El viceministro de Defensa del Usuario y Consumidor, Jorge Silva, inform\u00f3 ayer que recibi\u00f3 m\u00e1s de 10 denuncias por la comercializaci\u00f3n de certificados falsificados de la vacuna contra el covid-19 mediante redes sociales. \u201cHemos recibido m\u00e1s de 10 casos de personas que estar\u00edan ofreciendo estos documentos, pretendiendo sorprender a algunas personas, hemos detectado que esta [&hellip;]\" \/>\n<meta property=\"og:url\" content=\"https:\/\/www.eldiario.net\/portal\/2021\/08\/09\/denuncian-venta-de-certificados-falsos-de-vacunas\/\" \/>\n<meta property=\"og:site_name\" content=\"El Diario - Bolivia\" \/>\n<meta property=\"article:publisher\" content=\"https:\/\/www.facebook.com\/eldiario.bolivia\/\" \/>\n<meta property=\"article:published_time\" content=\"2021-08-09T10:05:27+00:00\" \/>\n<meta name=\"author\" content=\"Jeanette\" \/>\n<meta name=\"twitter:card\" content=\"summary_large_image\" \/>\n<meta name=\"twitter:creator\" content=\"@eldiario_net\" \/>\n<meta name=\"twitter:site\" content=\"@eldiario_net\" \/>\n<meta name=\"twitter:label1\" content=\"Escrito por\" \/>\n\t<meta name=\"twitter:data1\" content=\"Jeanette\" \/>\n\t<meta name=\"twitter:label2\" content=\"Tiempo de lectura\" \/>\n\t<meta name=\"twitter:data2\" content=\"2 minutos\" \/>\n<script type=\"application\/ld+json\" class=\"yoast-schema-graph\">{\"@context\":\"https:\\\/\\\/schema.org\",\"@graph\":[{\"@type\":\"Article\",\"@id\":\"https:\\\/\\\/www.eldiario.net\\\/portal\\\/2021\\\/08\\\/09\\\/denuncian-venta-de-certificados-falsos-de-vacunas\\\/#article\",\"isPartOf\":{\"@id\":\"https:\\\/\\\/www.eldiario.net\\\/portal\\\/2021\\\/08\\\/09\\\/denuncian-venta-de-certificados-falsos-de-vacunas\\\/\"},\"author\":{\"name\":\"Jeanette\",\"@id\":\"https:\\\/\\\/www.eldiario.net\\\/portal\\\/#\\\/schema\\\/person\\\/f46445640444750d7d753ccd04ae01b7\"},\"headline\":\"Denuncian venta de certificados falsos de vacunas\",\"datePublished\":\"2021-08-09T10:05:27+00:00\",\"mainEntityOfPage\":{\"@id\":\"https:\\\/\\\/www.eldiario.net\\\/portal\\\/2021\\\/08\\\/09\\\/denuncian-venta-de-certificados-falsos-de-vacunas\\\/\"},\"wordCount\":286,\"publisher\":{\"@id\":\"https:\\\/\\\/www.eldiario.net\\\/portal\\\/#organization\"},\"articleSection\":[\"Nacional\"],\"inLanguage\":\"es\"},{\"@type\":\"WebPage\",\"@id\":\"https:\\\/\\\/www.eldiario.net\\\/portal\\\/2021\\\/08\\\/09\\\/denuncian-venta-de-certificados-falsos-de-vacunas\\\/\",\"url\":\"https:\\\/\\\/www.eldiario.net\\\/portal\\\/2021\\\/08\\\/09\\\/denuncian-venta-de-certificados-falsos-de-vacunas\\\/\",\"name\":\"Denuncian venta de certificados falsos de vacunas - El Diario - Bolivia\",\"isPartOf\":{\"@id\":\"https:\\\/\\\/www.eldiario.net\\\/portal\\\/#website\"},\"datePublished\":\"2021-08-09T10:05:27+00:00\",\"breadcrumb\":{\"@id\":\"https:\\\/\\\/www.eldiario.net\\\/portal\\\/2021\\\/08\\\/09\\\/denuncian-venta-de-certificados-falsos-de-vacunas\\\/#breadcrumb\"},\"inLanguage\":\"es\",\"potentialAction\":[{\"@type\":\"ReadAction\",\"target\":[\"https:\\\/\\\/www.eldiario.net\\\/portal\\\/2021\\\/08\\\/09\\\/denuncian-venta-de-certificados-falsos-de-vacunas\\\/\"]}]},{\"@type\":\"BreadcrumbList\",\"@id\":\"https:\\\/\\\/www.eldiario.net\\\/portal\\\/2021\\\/08\\\/09\\\/denuncian-venta-de-certificados-falsos-de-vacunas\\\/#breadcrumb\",\"itemListElement\":[{\"@type\":\"ListItem\",\"position\":1,\"name\":\"Portada\",\"item\":\"https:\\\/\\\/www.eldiario.net\\\/portal\\\/\"},{\"@type\":\"ListItem\",\"position\":2,\"name\":\"Denuncian venta de certificados falsos de vacunas\"}]},{\"@type\":\"WebSite\",\"@id\":\"https:\\\/\\\/www.eldiario.net\\\/portal\\\/#website\",\"url\":\"https:\\\/\\\/www.eldiario.net\\\/portal\\\/\",\"name\":\"El Diario - Decano de la prensa nacional\",\"description\":\"El Diario - Decano de la prensa nacional\",\"publisher\":{\"@id\":\"https:\\\/\\\/www.eldiario.net\\\/portal\\\/#organization\"},\"potentialAction\":[{\"@type\":\"SearchAction\",\"target\":{\"@type\":\"EntryPoint\",\"urlTemplate\":\"https:\\\/\\\/www.eldiario.net\\\/portal\\\/?s={search_term_string}\"},\"query-input\":{\"@type\":\"PropertyValueSpecification\",\"valueRequired\":true,\"valueName\":\"search_term_string\"}}],\"inLanguage\":\"es\"},{\"@type\":\"Organization\",\"@id\":\"https:\\\/\\\/www.eldiario.net\\\/portal\\\/#organization\",\"name\":\"El Diario - Decano de la prensa nacional\",\"url\":\"https:\\\/\\\/www.eldiario.net\\\/portal\\\/\",\"logo\":{\"@type\":\"ImageObject\",\"inLanguage\":\"es\",\"@id\":\"https:\\\/\\\/www.eldiario.net\\\/portal\\\/#\\\/schema\\\/logo\\\/image\\\/\",\"url\":\"https:\\\/\\\/www.eldiario.net\\\/portal\\\/wp-content\\\/uploads\\\/2023\\\/07\\\/logo_ED.jpg\",\"contentUrl\":\"https:\\\/\\\/www.eldiario.net\\\/portal\\\/wp-content\\\/uploads\\\/2023\\\/07\\\/logo_ED.jpg\",\"width\":272,\"height\":52,\"caption\":\"El Diario - Decano de la prensa nacional\"},\"image\":{\"@id\":\"https:\\\/\\\/www.eldiario.net\\\/portal\\\/#\\\/schema\\\/logo\\\/image\\\/\"},\"sameAs\":[\"https:\\\/\\\/www.facebook.com\\\/eldiario.bolivia\\\/\",\"https:\\\/\\\/x.com\\\/eldiario_net\"]},{\"@type\":\"Person\",\"@id\":\"https:\\\/\\\/www.eldiario.net\\\/portal\\\/#\\\/schema\\\/person\\\/f46445640444750d7d753ccd04ae01b7\",\"name\":\"Jeanette\",\"image\":{\"@type\":\"ImageObject\",\"inLanguage\":\"es\",\"@id\":\"https:\\\/\\\/secure.gravatar.com\\\/avatar\\\/3ea2118a5f7dad2b7138b1187a6b7ee55f160b9968b66013c3a3ef39dd7e5798?s=96&d=mm&r=g\",\"url\":\"https:\\\/\\\/secure.gravatar.com\\\/avatar\\\/3ea2118a5f7dad2b7138b1187a6b7ee55f160b9968b66013c3a3ef39dd7e5798?s=96&d=mm&r=g\",\"contentUrl\":\"https:\\\/\\\/secure.gravatar.com\\\/avatar\\\/3ea2118a5f7dad2b7138b1187a6b7ee55f160b9968b66013c3a3ef39dd7e5798?s=96&d=mm&r=g\",\"caption\":\"Jeanette\"},\"sameAs\":[\"https:\\\/\\\/www.eldiario.net\\\/portal\"],\"url\":\"https:\\\/\\\/www.eldiario.net\\\/portal\\\/author\\\/jeanette\\\/\"}]}<\/script>\n<!-- \/ Yoast SEO plugin. -->","yoast_head_json":{"title":"Denuncian venta de certificados falsos de vacunas - El Diario - Bolivia","robots":{"index":"index","follow":"follow","max-snippet":"max-snippet:-1","max-image-preview":"max-image-preview:large","max-video-preview":"max-video-preview:-1"},"canonical":"https:\/\/www.eldiario.net\/portal\/2021\/08\/09\/denuncian-venta-de-certificados-falsos-de-vacunas\/","og_locale":"es_ES","og_type":"article","og_title":"Denuncian venta de certificados falsos de vacunas - El Diario - Bolivia","og_description":"El viceministro de Defensa del Usuario y Consumidor, Jorge Silva, inform\u00f3 ayer que recibi\u00f3 m\u00e1s de 10 denuncias por la comercializaci\u00f3n de certificados falsificados de la vacuna contra el covid-19 mediante redes sociales. \u201cHemos recibido m\u00e1s de 10 casos de personas que estar\u00edan ofreciendo estos documentos, pretendiendo sorprender a algunas personas, hemos detectado que esta [&hellip;]","og_url":"https:\/\/www.eldiario.net\/portal\/2021\/08\/09\/denuncian-venta-de-certificados-falsos-de-vacunas\/","og_site_name":"El Diario - Bolivia","article_publisher":"https:\/\/www.facebook.com\/eldiario.bolivia\/","article_published_time":"2021-08-09T10:05:27+00:00","author":"Jeanette","twitter_card":"summary_large_image","twitter_creator":"@eldiario_net","twitter_site":"@eldiario_net","twitter_misc":{"Escrito por":"Jeanette","Tiempo de lectura":"2 minutos"},"schema":{"@context":"https:\/\/schema.org","@graph":[{"@type":"Article","@id":"https:\/\/www.eldiario.net\/portal\/2021\/08\/09\/denuncian-venta-de-certificados-falsos-de-vacunas\/#article","isPartOf":{"@id":"https:\/\/www.eldiario.net\/portal\/2021\/08\/09\/denuncian-venta-de-certificados-falsos-de-vacunas\/"},"author":{"name":"Jeanette","@id":"https:\/\/www.eldiario.net\/portal\/#\/schema\/person\/f46445640444750d7d753ccd04ae01b7"},"headline":"Denuncian venta de certificados falsos de vacunas","datePublished":"2021-08-09T10:05:27+00:00","mainEntityOfPage":{"@id":"https:\/\/www.eldiario.net\/portal\/2021\/08\/09\/denuncian-venta-de-certificados-falsos-de-vacunas\/"},"wordCount":286,"publisher":{"@id":"https:\/\/www.eldiario.net\/portal\/#organization"},"articleSection":["Nacional"],"inLanguage":"es"},{"@type":"WebPage","@id":"https:\/\/www.eldiario.net\/portal\/2021\/08\/09\/denuncian-venta-de-certificados-falsos-de-vacunas\/","url":"https:\/\/www.eldiario.net\/portal\/2021\/08\/09\/denuncian-venta-de-certificados-falsos-de-vacunas\/","name":"Denuncian venta de certificados falsos de vacunas - El Diario - Bolivia","isPartOf":{"@id":"https:\/\/www.eldiario.net\/portal\/#website"},"datePublished":"2021-08-09T10:05:27+00:00","breadcrumb":{"@id":"https:\/\/www.eldiario.net\/portal\/2021\/08\/09\/denuncian-venta-de-certificados-falsos-de-vacunas\/#breadcrumb"},"inLanguage":"es","potentialAction":[{"@type":"ReadAction","target":["https:\/\/www.eldiario.net\/portal\/2021\/08\/09\/denuncian-venta-de-certificados-falsos-de-vacunas\/"]}]},{"@type":"BreadcrumbList","@id":"https:\/\/www.eldiario.net\/portal\/2021\/08\/09\/denuncian-venta-de-certificados-falsos-de-vacunas\/#breadcrumb","itemListElement":[{"@type":"ListItem","position":1,"name":"Portada","item":"https:\/\/www.eldiario.net\/portal\/"},{"@type":"ListItem","position":2,"name":"Denuncian venta de certificados falsos de vacunas"}]},{"@type":"WebSite","@id":"https:\/\/www.eldiario.net\/portal\/#website","url":"https:\/\/www.eldiario.net\/portal\/","name":"El Diario - Decano de la prensa nacional","description":"El Diario - Decano de la prensa nacional","publisher":{"@id":"https:\/\/www.eldiario.net\/portal\/#organization"},"potentialAction":[{"@type":"SearchAction","target":{"@type":"EntryPoint","urlTemplate":"https:\/\/www.eldiario.net\/portal\/?s={search_term_string}"},"query-input":{"@type":"PropertyValueSpecification","valueRequired":true,"valueName":"search_term_string"}}],"inLanguage":"es"},{"@type":"Organization","@id":"https:\/\/www.eldiario.net\/portal\/#organization","name":"El Diario - Decano de la prensa nacional","url":"https:\/\/www.eldiario.net\/portal\/","logo":{"@type":"ImageObject","inLanguage":"es","@id":"https:\/\/www.eldiario.net\/portal\/#\/schema\/logo\/image\/","url":"https:\/\/www.eldiario.net\/portal\/wp-content\/uploads\/2023\/07\/logo_ED.jpg","contentUrl":"https:\/\/www.eldiario.net\/portal\/wp-content\/uploads\/2023\/07\/logo_ED.jpg","width":272,"height":52,"caption":"El Diario - Decano de la prensa nacional"},"image":{"@id":"https:\/\/www.eldiario.net\/portal\/#\/schema\/logo\/image\/"},"sameAs":["https:\/\/www.facebook.com\/eldiario.bolivia\/","https:\/\/x.com\/eldiario_net"]},{"@type":"Person","@id":"https:\/\/www.eldiario.net\/portal\/#\/schema\/person\/f46445640444750d7d753ccd04ae01b7","name":"Jeanette","image":{"@type":"ImageObject","inLanguage":"es","@id":"https:\/\/secure.gravatar.com\/avatar\/3ea2118a5f7dad2b7138b1187a6b7ee55f160b9968b66013c3a3ef39dd7e5798?s=96&d=mm&r=g","url":"https:\/\/secure.gravatar.com\/avatar\/3ea2118a5f7dad2b7138b1187a6b7ee55f160b9968b66013c3a3ef39dd7e5798?s=96&d=mm&r=g","contentUrl":"https:\/\/secure.gravatar.com\/avatar\/3ea2118a5f7dad2b7138b1187a6b7ee55f160b9968b66013c3a3ef39dd7e5798?s=96&d=mm&r=g","caption":"Jeanette"},"sameAs":["https:\/\/www.eldiario.net\/portal"],"url":"https:\/\/www.eldiario.net\/portal\/author\/jeanette\/"}]}},"_links":{"self":[{"href":"https:\/\/www.eldiario.net\/portal\/wp-json\/wp\/v2\/posts\/22312","targetHints":{"allow":["GET"]}}],"collection":[{"href":"https:\/\/www.eldiario.net\/portal\/wp-json\/wp\/v2\/posts"}],"about":[{"href":"https:\/\/www.eldiario.net\/portal\/wp-json\/wp\/v2\/types\/post"}],"author":[{"embeddable":true,"href":"https:\/\/www.eldiario.net\/portal\/wp-json\/wp\/v2\/users\/1"}],"replies":[{"embeddable":true,"href":"https:\/\/www.eldiario.net\/portal\/wp-json\/wp\/v2\/comments?post=22312"}],"version-history":[{"count":0,"href":"https:\/\/www.eldiario.net\/portal\/wp-json\/wp\/v2\/posts\/22312\/revisions"}],"wp:attachment":[{"href":"https:\/\/www.eldiario.net\/portal\/wp-json\/wp\/v2\/media?parent=22312"}],"wp:term":[{"taxonomy":"category","embeddable":true,"href":"https:\/\/www.eldiario.net\/portal\/wp-json\/wp\/v2\/categories?post=22312"},{"taxonomy":"post_tag","embeddable":true,"href":"https:\/\/www.eldiario.net\/portal\/wp-json\/wp\/v2\/tags?post=22312"}],"curies":[{"name":"wp","href":"https:\/\/api.w.org\/{rel}","templated":true}]}}