{"id":223119,"date":"2024-05-26T07:38:10","date_gmt":"2024-05-26T11:38:10","guid":{"rendered":"https:\/\/www.eldiario.net\/portal\/?p=223119"},"modified":"2024-05-26T07:38:10","modified_gmt":"2024-05-26T11:38:10","slug":"que-es-la-meningitis","status":"publish","type":"post","link":"https:\/\/www.eldiario.net\/portal\/2024\/05\/26\/que-es-la-meningitis\/","title":{"rendered":"\u00bfQU\u00c9 ES LA MENINGITIS?"},"content":{"rendered":"<p>Lic. Lupe Fern\u00e1ndez Calix &#8211; Enfermera.<\/p>\n<p>La meningitis es una inflamaci\u00f3n de las meninges del tejido delgado(membranas) que rodea el cerebro y la m\u00e9dula espinal es una enfermedad con alta tasa de mortalidad causando serias complicaciones a largo plazo en personas que padecieron esta enfermedad y no recibieron\u00a0\u00a0 tratamiento oportuno puede presentar Da\u00f1o Cerebral (problemas en la memoria), Perdida Auditiva, Da\u00f1os Neurol\u00f3gicos Permanentes (problemas al caminar), Convulsiones, Choque, Descesos (fallecimientos) etc.<\/p>\n<p>Son causantes de esta enfermedad Bacterias, virus, hongos y par\u00e1sitos generalmente afecta a reci\u00e9n nacidos, menores de 5 a\u00f1os, adolecentes, adultos j\u00f3venes, adultos mayores y personas con patolog\u00edas Adyacentes el contagio es atraves del contacto con personas infectadas, atraves de los estornudos, tos, etc.<\/p>\n<p><strong>\u00bfC\u00d3MO SE CLASIFICA LA MENIGITIS?<\/strong><\/p>\n<p>Meningitis Bacteriana, provocada por bacterias:<\/p>\n<p><strong>La bacteria neumococo <\/strong>afecta a bebes ni\u00f1os menores de 5 a\u00f1os puede provocar Neumon\u00eda, infecci\u00f3n de o\u00eddo, senos paranasales.<\/p>\n<p><strong>La bacteria meningococo<\/strong> muy contagiosa provoca infecci\u00f3n de las v\u00edas respiratorias superiores afecta a adolecentes y adultos j\u00f3venes afecta la sangre y muchos \u00f3rganos llegar a formar co\u00e1gulos en sangre da\u00f1ando tejidos necrosis (muerte) y sangrado debajo de la piel ocaciona la formaci\u00f3n de manchas rojas en piel.<\/p>\n<p><strong>La bacteria Listeria Monocitogenes <\/strong>se puede encontrar en quesos no pasteurizados, carnes procesadas, afecta a mujeres embarazadas, reci\u00e9n nacidos adultos mayores.<\/p>\n<p><strong>Bacteria haemophilus Influenzae <\/strong>es poco frecuente en zonas donde los ni\u00f1os no reciben vacunas don propenso a esta enfermedad.<\/p>\n<p><strong>Meningitis Viral<\/strong> la infecci\u00f3n es leve denominada virus estacional desaparece sola.<\/p>\n<p><strong>Meningitis Fundica<\/strong> se contrae al inhalar esporas de hongos de encuentra en madera en descomposici\u00f3n, en el suelo, excremento de aves es muy letal es muy importante uso de antifugico.<\/p>\n<p><strong>Meningitis Parasitaria<\/strong> causada por la presencia de Ten\u00eda en el cerebro (cistecircosis) contagio a trav\u00e9s de alimentos, etc.<\/p>\n<p><strong>\u00bfSIGNOS Y S\u00cdNTOMAS?<\/strong><\/p>\n<p>Cefalea (fuertes dolores de cabeza)<\/p>\n<p>Fiebre (muy alta)<\/p>\n<p>V\u00f3mitos y n\u00e1useas<\/p>\n<p>Rigidez de cuello<\/p>\n<p>Mal estar general<\/p>\n<p>Fotofobia (baja tolerancia a la luz)<\/p>\n<p>Somnolienza<\/p>\n<p>Convulsiones.<\/p>\n<p>En ni\u00f1os presenta:<\/p>\n<p>Espalda arqueada<\/p>\n<p>Color p\u00e1lido y manchado de la piel<\/p>\n<p>Fiebre, v\u00f3mitos, llanto agudo<\/p>\n<p><strong>\u00bfC\u00d3MO PREVENIR LA MENINGITIS?<\/strong><\/p>\n<p>Lavado de manos<\/p>\n<p>Ejercicios<\/p>\n<p>Consumo de l\u00edquidos (agua)<\/p>\n<p>Evitar consumo de tabaco y bebidas Alcoh\u00f3licas<\/p>\n<p>Uso de mascarillas<\/p>\n<p>Evitar consumo de alimentos procesados y de procedencia dudosa<\/p>\n<p>Ventilar habitaciones<\/p>\n<p>No a la automedicaci\u00f3n<\/p>\n<p>Acudir peri\u00f3dicamente a centros de Salud<\/p>\n<p>Fomentar campa\u00f1as de Vacunaci\u00f3n<\/p>\n<p>Aplicaci\u00f3n de la Vacuna Pentavalente (en ni\u00f1os reci\u00e9n nacidos seg\u00fan esquema).<\/p>\n<p>En el pa\u00eds se reporto cuatro casos de Meningitis en la Academia de Polic\u00edas (Anapol) uno en Terapia Intensiva recuper\u00e1ndose se dispuso pruebas a 33 personas como casos sospechosos en mayo 2024. Por la importancia de esta enfermedad si se trata precozmente la mayor\u00eda de las personas se puede recuperar al primer s\u00edntoma acudir de inmediato al Hospital para su tratamiento, solicitud de ex\u00e1menes complementarios como laboratorios, administraci\u00f3n de medicamentos, y ser atendidos por el equipo de Salud M\u00e9dicos, Enfermeras, Laboratoristas, Radi\u00f3logos.<\/p>\n<p><strong>\u201cAPRECIA Y VALORA TU SALUD TODOS LOS D\u00cdAS \u201c<\/strong><\/p>\n<p>&nbsp;<\/p>\n","protected":false},"excerpt":{"rendered":"<p>Lic. Lupe Fern\u00e1ndez Calix &#8211; Enfermera. La meningitis es una inflamaci\u00f3n de las meninges del tejido delgado(membranas) que rodea el cerebro y la m\u00e9dula espinal es una enfermedad con alta tasa de mortalidad causando serias complicaciones a largo plazo en personas que padecieron esta enfermedad y no recibieron\u00a0\u00a0 tratamiento oportuno puede presentar Da\u00f1o Cerebral (problemas [&hellip;]<\/p>\n","protected":false},"author":1,"featured_media":223120,"comment_status":"open","ping_status":"open","sticky":false,"template":"","format":"standard","meta":{"_acf_changed":false,"footnotes":""},"categories":[52],"tags":[],"class_list":["post-223119","post","type-post","status-publish","format-standard","has-post-thumbnail","category-de-salud-mas-vida"],"acf":{"antetitulo":""},"yoast_head":"<!-- This site is optimized with the Yoast SEO plugin v28.3 - https:\/\/yoast.com\/product\/yoast-seo-wordpress\/ -->\n<title>\u00bfQU\u00c9 ES LA MENINGITIS? - El Diario - Bolivia<\/title>\n<meta name=\"robots\" content=\"index, follow, max-snippet:-1, max-image-preview:large, max-video-preview:-1\" \/>\n<link rel=\"canonical\" href=\"https:\/\/www.eldiario.net\/portal\/2024\/05\/26\/que-es-la-meningitis\/\" \/>\n<meta property=\"og:locale\" content=\"es_ES\" \/>\n<meta property=\"og:type\" content=\"article\" \/>\n<meta property=\"og:title\" content=\"\u00bfQU\u00c9 ES LA MENINGITIS? - El Diario - Bolivia\" \/>\n<meta property=\"og:description\" content=\"Lic. Lupe Fern\u00e1ndez Calix &#8211; Enfermera. La meningitis es una inflamaci\u00f3n de las meninges del tejido delgado(membranas) que rodea el cerebro y la m\u00e9dula espinal es una enfermedad con alta tasa de mortalidad causando serias complicaciones a largo plazo en personas que padecieron esta enfermedad y no recibieron\u00a0\u00a0 tratamiento oportuno puede presentar Da\u00f1o Cerebral (problemas [&hellip;]\" \/>\n<meta property=\"og:url\" content=\"https:\/\/www.eldiario.net\/portal\/2024\/05\/26\/que-es-la-meningitis\/\" \/>\n<meta property=\"og:site_name\" content=\"El Diario - Bolivia\" \/>\n<meta property=\"article:publisher\" content=\"https:\/\/www.facebook.com\/eldiario.bolivia\/\" \/>\n<meta property=\"article:published_time\" content=\"2024-05-26T11:38:10+00:00\" \/>\n<meta property=\"og:image\" content=\"https:\/\/www.eldiario.net\/portal\/wp-content\/uploads\/2024\/05\/\u00bfQUE-ES-LA-MENINGITIS.jpg\" \/>\n\t<meta property=\"og:image:width\" content=\"1475\" \/>\n\t<meta property=\"og:image:height\" content=\"1119\" \/>\n\t<meta property=\"og:image:type\" content=\"image\/jpeg\" \/>\n<meta name=\"author\" content=\"Jeanette\" \/>\n<meta name=\"twitter:card\" content=\"summary_large_image\" \/>\n<meta name=\"twitter:creator\" content=\"@eldiario_net\" \/>\n<meta name=\"twitter:site\" content=\"@eldiario_net\" \/>\n<meta name=\"twitter:label1\" content=\"Escrito por\" \/>\n\t<meta name=\"twitter:data1\" content=\"Jeanette\" \/>\n\t<meta name=\"twitter:label2\" content=\"Tiempo de lectura\" \/>\n\t<meta name=\"twitter:data2\" content=\"3 minutos\" \/>\n<script type=\"application\/ld+json\" class=\"yoast-schema-graph\">{\"@context\":\"https:\\\/\\\/schema.org\",\"@graph\":[{\"@type\":\"Article\",\"@id\":\"https:\\\/\\\/www.eldiario.net\\\/portal\\\/2024\\\/05\\\/26\\\/que-es-la-meningitis\\\/#article\",\"isPartOf\":{\"@id\":\"https:\\\/\\\/www.eldiario.net\\\/portal\\\/2024\\\/05\\\/26\\\/que-es-la-meningitis\\\/\"},\"author\":{\"name\":\"Jeanette\",\"@id\":\"https:\\\/\\\/www.eldiario.net\\\/portal\\\/#\\\/schema\\\/person\\\/f46445640444750d7d753ccd04ae01b7\"},\"headline\":\"\u00bfQU\u00c9 ES LA MENINGITIS?\",\"datePublished\":\"2024-05-26T11:38:10+00:00\",\"mainEntityOfPage\":{\"@id\":\"https:\\\/\\\/www.eldiario.net\\\/portal\\\/2024\\\/05\\\/26\\\/que-es-la-meningitis\\\/\"},\"wordCount\":541,\"commentCount\":0,\"publisher\":{\"@id\":\"https:\\\/\\\/www.eldiario.net\\\/portal\\\/#organization\"},\"image\":{\"@id\":\"https:\\\/\\\/www.eldiario.net\\\/portal\\\/2024\\\/05\\\/26\\\/que-es-la-meningitis\\\/#primaryimage\"},\"thumbnailUrl\":\"https:\\\/\\\/www.eldiario.net\\\/portal\\\/wp-content\\\/uploads\\\/2024\\\/05\\\/\u00bfQUE-ES-LA-MENINGITIS.jpg\",\"articleSection\":[\"De Salud + vida\"],\"inLanguage\":\"es\",\"potentialAction\":[{\"@type\":\"CommentAction\",\"name\":\"Comment\",\"target\":[\"https:\\\/\\\/www.eldiario.net\\\/portal\\\/2024\\\/05\\\/26\\\/que-es-la-meningitis\\\/#respond\"]}]},{\"@type\":\"WebPage\",\"@id\":\"https:\\\/\\\/www.eldiario.net\\\/portal\\\/2024\\\/05\\\/26\\\/que-es-la-meningitis\\\/\",\"url\":\"https:\\\/\\\/www.eldiario.net\\\/portal\\\/2024\\\/05\\\/26\\\/que-es-la-meningitis\\\/\",\"name\":\"\u00bfQU\u00c9 ES LA MENINGITIS? - El Diario - Bolivia\",\"isPartOf\":{\"@id\":\"https:\\\/\\\/www.eldiario.net\\\/portal\\\/#website\"},\"primaryImageOfPage\":{\"@id\":\"https:\\\/\\\/www.eldiario.net\\\/portal\\\/2024\\\/05\\\/26\\\/que-es-la-meningitis\\\/#primaryimage\"},\"image\":{\"@id\":\"https:\\\/\\\/www.eldiario.net\\\/portal\\\/2024\\\/05\\\/26\\\/que-es-la-meningitis\\\/#primaryimage\"},\"thumbnailUrl\":\"https:\\\/\\\/www.eldiario.net\\\/portal\\\/wp-content\\\/uploads\\\/2024\\\/05\\\/\u00bfQUE-ES-LA-MENINGITIS.jpg\",\"datePublished\":\"2024-05-26T11:38:10+00:00\",\"breadcrumb\":{\"@id\":\"https:\\\/\\\/www.eldiario.net\\\/portal\\\/2024\\\/05\\\/26\\\/que-es-la-meningitis\\\/#breadcrumb\"},\"inLanguage\":\"es\",\"potentialAction\":[{\"@type\":\"ReadAction\",\"target\":[\"https:\\\/\\\/www.eldiario.net\\\/portal\\\/2024\\\/05\\\/26\\\/que-es-la-meningitis\\\/\"]}]},{\"@type\":\"ImageObject\",\"inLanguage\":\"es\",\"@id\":\"https:\\\/\\\/www.eldiario.net\\\/portal\\\/2024\\\/05\\\/26\\\/que-es-la-meningitis\\\/#primaryimage\",\"url\":\"https:\\\/\\\/www.eldiario.net\\\/portal\\\/wp-content\\\/uploads\\\/2024\\\/05\\\/\u00bfQUE-ES-LA-MENINGITIS.jpg\",\"contentUrl\":\"https:\\\/\\\/www.eldiario.net\\\/portal\\\/wp-content\\\/uploads\\\/2024\\\/05\\\/\u00bfQUE-ES-LA-MENINGITIS.jpg\",\"width\":1475,\"height\":1119},{\"@type\":\"BreadcrumbList\",\"@id\":\"https:\\\/\\\/www.eldiario.net\\\/portal\\\/2024\\\/05\\\/26\\\/que-es-la-meningitis\\\/#breadcrumb\",\"itemListElement\":[{\"@type\":\"ListItem\",\"position\":1,\"name\":\"Portada\",\"item\":\"https:\\\/\\\/www.eldiario.net\\\/portal\\\/\"},{\"@type\":\"ListItem\",\"position\":2,\"name\":\"\u00bfQU\u00c9 ES LA MENINGITIS?\"}]},{\"@type\":\"WebSite\",\"@id\":\"https:\\\/\\\/www.eldiario.net\\\/portal\\\/#website\",\"url\":\"https:\\\/\\\/www.eldiario.net\\\/portal\\\/\",\"name\":\"El Diario - Decano de la prensa nacional\",\"description\":\"El Diario - Decano de la prensa nacional\",\"publisher\":{\"@id\":\"https:\\\/\\\/www.eldiario.net\\\/portal\\\/#organization\"},\"potentialAction\":[{\"@type\":\"SearchAction\",\"target\":{\"@type\":\"EntryPoint\",\"urlTemplate\":\"https:\\\/\\\/www.eldiario.net\\\/portal\\\/?s={search_term_string}\"},\"query-input\":{\"@type\":\"PropertyValueSpecification\",\"valueRequired\":true,\"valueName\":\"search_term_string\"}}],\"inLanguage\":\"es\"},{\"@type\":\"Organization\",\"@id\":\"https:\\\/\\\/www.eldiario.net\\\/portal\\\/#organization\",\"name\":\"El Diario - Decano de la prensa nacional\",\"url\":\"https:\\\/\\\/www.eldiario.net\\\/portal\\\/\",\"logo\":{\"@type\":\"ImageObject\",\"inLanguage\":\"es\",\"@id\":\"https:\\\/\\\/www.eldiario.net\\\/portal\\\/#\\\/schema\\\/logo\\\/image\\\/\",\"url\":\"https:\\\/\\\/www.eldiario.net\\\/portal\\\/wp-content\\\/uploads\\\/2023\\\/07\\\/logo_ED.jpg\",\"contentUrl\":\"https:\\\/\\\/www.eldiario.net\\\/portal\\\/wp-content\\\/uploads\\\/2023\\\/07\\\/logo_ED.jpg\",\"width\":272,\"height\":52,\"caption\":\"El Diario - Decano de la prensa nacional\"},\"image\":{\"@id\":\"https:\\\/\\\/www.eldiario.net\\\/portal\\\/#\\\/schema\\\/logo\\\/image\\\/\"},\"sameAs\":[\"https:\\\/\\\/www.facebook.com\\\/eldiario.bolivia\\\/\",\"https:\\\/\\\/x.com\\\/eldiario_net\"]},{\"@type\":\"Person\",\"@id\":\"https:\\\/\\\/www.eldiario.net\\\/portal\\\/#\\\/schema\\\/person\\\/f46445640444750d7d753ccd04ae01b7\",\"name\":\"Jeanette\",\"image\":{\"@type\":\"ImageObject\",\"inLanguage\":\"es\",\"@id\":\"https:\\\/\\\/secure.gravatar.com\\\/avatar\\\/3ea2118a5f7dad2b7138b1187a6b7ee55f160b9968b66013c3a3ef39dd7e5798?s=96&d=mm&r=g\",\"url\":\"https:\\\/\\\/secure.gravatar.com\\\/avatar\\\/3ea2118a5f7dad2b7138b1187a6b7ee55f160b9968b66013c3a3ef39dd7e5798?s=96&d=mm&r=g\",\"contentUrl\":\"https:\\\/\\\/secure.gravatar.com\\\/avatar\\\/3ea2118a5f7dad2b7138b1187a6b7ee55f160b9968b66013c3a3ef39dd7e5798?s=96&d=mm&r=g\",\"caption\":\"Jeanette\"},\"sameAs\":[\"https:\\\/\\\/www.eldiario.net\\\/portal\"],\"url\":\"https:\\\/\\\/www.eldiario.net\\\/portal\\\/author\\\/jeanette\\\/\"}]}<\/script>\n<!-- \/ Yoast SEO plugin. -->","yoast_head_json":{"title":"\u00bfQU\u00c9 ES LA MENINGITIS? - El Diario - Bolivia","robots":{"index":"index","follow":"follow","max-snippet":"max-snippet:-1","max-image-preview":"max-image-preview:large","max-video-preview":"max-video-preview:-1"},"canonical":"https:\/\/www.eldiario.net\/portal\/2024\/05\/26\/que-es-la-meningitis\/","og_locale":"es_ES","og_type":"article","og_title":"\u00bfQU\u00c9 ES LA MENINGITIS? - El Diario - Bolivia","og_description":"Lic. Lupe Fern\u00e1ndez Calix &#8211; Enfermera. La meningitis es una inflamaci\u00f3n de las meninges del tejido delgado(membranas) que rodea el cerebro y la m\u00e9dula espinal es una enfermedad con alta tasa de mortalidad causando serias complicaciones a largo plazo en personas que padecieron esta enfermedad y no recibieron\u00a0\u00a0 tratamiento oportuno puede presentar Da\u00f1o Cerebral (problemas [&hellip;]","og_url":"https:\/\/www.eldiario.net\/portal\/2024\/05\/26\/que-es-la-meningitis\/","og_site_name":"El Diario - Bolivia","article_publisher":"https:\/\/www.facebook.com\/eldiario.bolivia\/","article_published_time":"2024-05-26T11:38:10+00:00","og_image":[{"width":1475,"height":1119,"url":"https:\/\/www.eldiario.net\/portal\/wp-content\/uploads\/2024\/05\/\u00bfQUE-ES-LA-MENINGITIS.jpg","type":"image\/jpeg"}],"author":"Jeanette","twitter_card":"summary_large_image","twitter_creator":"@eldiario_net","twitter_site":"@eldiario_net","twitter_misc":{"Escrito por":"Jeanette","Tiempo de lectura":"3 minutos"},"schema":{"@context":"https:\/\/schema.org","@graph":[{"@type":"Article","@id":"https:\/\/www.eldiario.net\/portal\/2024\/05\/26\/que-es-la-meningitis\/#article","isPartOf":{"@id":"https:\/\/www.eldiario.net\/portal\/2024\/05\/26\/que-es-la-meningitis\/"},"author":{"name":"Jeanette","@id":"https:\/\/www.eldiario.net\/portal\/#\/schema\/person\/f46445640444750d7d753ccd04ae01b7"},"headline":"\u00bfQU\u00c9 ES LA MENINGITIS?","datePublished":"2024-05-26T11:38:10+00:00","mainEntityOfPage":{"@id":"https:\/\/www.eldiario.net\/portal\/2024\/05\/26\/que-es-la-meningitis\/"},"wordCount":541,"commentCount":0,"publisher":{"@id":"https:\/\/www.eldiario.net\/portal\/#organization"},"image":{"@id":"https:\/\/www.eldiario.net\/portal\/2024\/05\/26\/que-es-la-meningitis\/#primaryimage"},"thumbnailUrl":"https:\/\/www.eldiario.net\/portal\/wp-content\/uploads\/2024\/05\/\u00bfQUE-ES-LA-MENINGITIS.jpg","articleSection":["De Salud + vida"],"inLanguage":"es","potentialAction":[{"@type":"CommentAction","name":"Comment","target":["https:\/\/www.eldiario.net\/portal\/2024\/05\/26\/que-es-la-meningitis\/#respond"]}]},{"@type":"WebPage","@id":"https:\/\/www.eldiario.net\/portal\/2024\/05\/26\/que-es-la-meningitis\/","url":"https:\/\/www.eldiario.net\/portal\/2024\/05\/26\/que-es-la-meningitis\/","name":"\u00bfQU\u00c9 ES LA MENINGITIS? - El Diario - Bolivia","isPartOf":{"@id":"https:\/\/www.eldiario.net\/portal\/#website"},"primaryImageOfPage":{"@id":"https:\/\/www.eldiario.net\/portal\/2024\/05\/26\/que-es-la-meningitis\/#primaryimage"},"image":{"@id":"https:\/\/www.eldiario.net\/portal\/2024\/05\/26\/que-es-la-meningitis\/#primaryimage"},"thumbnailUrl":"https:\/\/www.eldiario.net\/portal\/wp-content\/uploads\/2024\/05\/\u00bfQUE-ES-LA-MENINGITIS.jpg","datePublished":"2024-05-26T11:38:10+00:00","breadcrumb":{"@id":"https:\/\/www.eldiario.net\/portal\/2024\/05\/26\/que-es-la-meningitis\/#breadcrumb"},"inLanguage":"es","potentialAction":[{"@type":"ReadAction","target":["https:\/\/www.eldiario.net\/portal\/2024\/05\/26\/que-es-la-meningitis\/"]}]},{"@type":"ImageObject","inLanguage":"es","@id":"https:\/\/www.eldiario.net\/portal\/2024\/05\/26\/que-es-la-meningitis\/#primaryimage","url":"https:\/\/www.eldiario.net\/portal\/wp-content\/uploads\/2024\/05\/\u00bfQUE-ES-LA-MENINGITIS.jpg","contentUrl":"https:\/\/www.eldiario.net\/portal\/wp-content\/uploads\/2024\/05\/\u00bfQUE-ES-LA-MENINGITIS.jpg","width":1475,"height":1119},{"@type":"BreadcrumbList","@id":"https:\/\/www.eldiario.net\/portal\/2024\/05\/26\/que-es-la-meningitis\/#breadcrumb","itemListElement":[{"@type":"ListItem","position":1,"name":"Portada","item":"https:\/\/www.eldiario.net\/portal\/"},{"@type":"ListItem","position":2,"name":"\u00bfQU\u00c9 ES LA MENINGITIS?"}]},{"@type":"WebSite","@id":"https:\/\/www.eldiario.net\/portal\/#website","url":"https:\/\/www.eldiario.net\/portal\/","name":"El Diario - Decano de la prensa nacional","description":"El Diario - Decano de la prensa nacional","publisher":{"@id":"https:\/\/www.eldiario.net\/portal\/#organization"},"potentialAction":[{"@type":"SearchAction","target":{"@type":"EntryPoint","urlTemplate":"https:\/\/www.eldiario.net\/portal\/?s={search_term_string}"},"query-input":{"@type":"PropertyValueSpecification","valueRequired":true,"valueName":"search_term_string"}}],"inLanguage":"es"},{"@type":"Organization","@id":"https:\/\/www.eldiario.net\/portal\/#organization","name":"El Diario - Decano de la prensa nacional","url":"https:\/\/www.eldiario.net\/portal\/","logo":{"@type":"ImageObject","inLanguage":"es","@id":"https:\/\/www.eldiario.net\/portal\/#\/schema\/logo\/image\/","url":"https:\/\/www.eldiario.net\/portal\/wp-content\/uploads\/2023\/07\/logo_ED.jpg","contentUrl":"https:\/\/www.eldiario.net\/portal\/wp-content\/uploads\/2023\/07\/logo_ED.jpg","width":272,"height":52,"caption":"El Diario - Decano de la prensa nacional"},"image":{"@id":"https:\/\/www.eldiario.net\/portal\/#\/schema\/logo\/image\/"},"sameAs":["https:\/\/www.facebook.com\/eldiario.bolivia\/","https:\/\/x.com\/eldiario_net"]},{"@type":"Person","@id":"https:\/\/www.eldiario.net\/portal\/#\/schema\/person\/f46445640444750d7d753ccd04ae01b7","name":"Jeanette","image":{"@type":"ImageObject","inLanguage":"es","@id":"https:\/\/secure.gravatar.com\/avatar\/3ea2118a5f7dad2b7138b1187a6b7ee55f160b9968b66013c3a3ef39dd7e5798?s=96&d=mm&r=g","url":"https:\/\/secure.gravatar.com\/avatar\/3ea2118a5f7dad2b7138b1187a6b7ee55f160b9968b66013c3a3ef39dd7e5798?s=96&d=mm&r=g","contentUrl":"https:\/\/secure.gravatar.com\/avatar\/3ea2118a5f7dad2b7138b1187a6b7ee55f160b9968b66013c3a3ef39dd7e5798?s=96&d=mm&r=g","caption":"Jeanette"},"sameAs":["https:\/\/www.eldiario.net\/portal"],"url":"https:\/\/www.eldiario.net\/portal\/author\/jeanette\/"}]}},"_links":{"self":[{"href":"https:\/\/www.eldiario.net\/portal\/wp-json\/wp\/v2\/posts\/223119","targetHints":{"allow":["GET"]}}],"collection":[{"href":"https:\/\/www.eldiario.net\/portal\/wp-json\/wp\/v2\/posts"}],"about":[{"href":"https:\/\/www.eldiario.net\/portal\/wp-json\/wp\/v2\/types\/post"}],"author":[{"embeddable":true,"href":"https:\/\/www.eldiario.net\/portal\/wp-json\/wp\/v2\/users\/1"}],"replies":[{"embeddable":true,"href":"https:\/\/www.eldiario.net\/portal\/wp-json\/wp\/v2\/comments?post=223119"}],"version-history":[{"count":1,"href":"https:\/\/www.eldiario.net\/portal\/wp-json\/wp\/v2\/posts\/223119\/revisions"}],"predecessor-version":[{"id":223121,"href":"https:\/\/www.eldiario.net\/portal\/wp-json\/wp\/v2\/posts\/223119\/revisions\/223121"}],"wp:featuredmedia":[{"embeddable":true,"href":"https:\/\/www.eldiario.net\/portal\/wp-json\/wp\/v2\/media\/223120"}],"wp:attachment":[{"href":"https:\/\/www.eldiario.net\/portal\/wp-json\/wp\/v2\/media?parent=223119"}],"wp:term":[{"taxonomy":"category","embeddable":true,"href":"https:\/\/www.eldiario.net\/portal\/wp-json\/wp\/v2\/categories?post=223119"},{"taxonomy":"post_tag","embeddable":true,"href":"https:\/\/www.eldiario.net\/portal\/wp-json\/wp\/v2\/tags?post=223119"}],"curies":[{"name":"wp","href":"https:\/\/api.w.org\/{rel}","templated":true}]}}