{"id":223112,"date":"2024-05-26T07:36:02","date_gmt":"2024-05-26T11:36:02","guid":{"rendered":"https:\/\/www.eldiario.net\/portal\/?p=223112"},"modified":"2024-05-26T08:07:08","modified_gmt":"2024-05-26T12:07:08","slug":"cuando-acudir-a-un-oncologo-pediatra","status":"publish","type":"post","link":"https:\/\/www.eldiario.net\/portal\/2024\/05\/26\/cuando-acudir-a-un-oncologo-pediatra\/","title":{"rendered":"CU\u00c1NDO ACUDIR A UN ONC\u00d3LOGO PEDIATRA"},"content":{"rendered":"<p>Dr. Paulo I. Guti\u00e9rrez Torres \u2013 Cirujano de Trasplante Pedi\u00e1trico y Cirujano Onc\u00f3logo Pediatra<\/p>\n<p>La oncolog\u00eda infantil es una especialidad m\u00e9dica muy satisfactoria y pocos son los m\u00e9dicos apasionados al cuidado infantil, como los que nos dedicamos a esta \u00e1rea donde entregamos alma, vida y coraz\u00f3n y una lucha constante en contra de las enfermedades malignas en los peque\u00f1os. Lo que hace especial esta profesi\u00f3n es el v\u00ednculo y la uni\u00f3n entre dos m\u00e9dicos que tratan el c\u00e1ncer en los ni\u00f1os. Por un lado, el onc\u00f3logo pediatra y por otro el cirujano onc\u00f3logo pediatra.<\/p>\n<p>La historia inicia, donde para formarse como onc\u00f3logo pediatra, es necesario superar 6 a\u00f1os de la carrera de medicina, 3 a\u00f1os de pediatr\u00eda m\u00e9dica y 2 a\u00f1os m\u00e1s de oncolog\u00eda. En contraparte para formarse como cirujano onc\u00f3logo pediatra, se requiere ser m\u00e9dico general, pediatra, realizar 4 a\u00f1os de cirug\u00eda pedi\u00e1trica y por \u00faltimo 2 a\u00f1os m\u00e1s de cirug\u00eda oncol\u00f3gica.<\/p>\n<p>Habilidades de los expertos en la atenci\u00f3n de los ni\u00f1os con C\u00e1ncer El onc\u00f3logo dedicado a los ni\u00f1os debe contar con una serie de competencias personales que le ayuden a llevar a cabo sus funciones de manera efectiva, algunas habilidades pueden ser 1) empat\u00eda, 2) comunicaci\u00f3n afectiva 3) trabajo en equipo y 4) tolerancia al estr\u00e9s.<\/p>\n<p>De forma m\u00e1s espec\u00edfica, \u00bfQu\u00e9 funciones cumplen ambos expertos en la medicina?<\/p>\n<ul>\n<li>Identificar el tipo de c\u00e1ncer que tiene el ni\u00f1o o ni\u00f1a y determinar la etapa en la que se encuentra.<\/li>\n<li>Explicar las diferentes opciones de tratamiento m\u00e9dico y\/o quir\u00fargico.<\/li>\n<li>Brindar atenci\u00f3n de calidad a cada paciente.<\/li>\n<li>Ayudar al paciente a sobrellevar los s\u00edntomas y efectos secundarios que pueden provocar sus cuidados.<\/li>\n<li>Promover el bienestar de sus pacientes a largo plazo.<\/li>\n<li>Ofrecer asesor\u00eda respecto a las pr\u00e1cticas que mejoren la calidad de vida de cada paciente de manera individual y digna.<\/li>\n<li>Colaborar con otros especialistas de la salud para brindarles una atenci\u00f3n integral. \u2022Realizar investigaciones cl\u00ednicas basadas en la ciencia, con el objetivo de mantenerse actualizados respecto a las nuevas formas de tratar el c\u00e1ncer infantil.<\/li>\n<\/ul>\n","protected":false},"excerpt":{"rendered":"<p>Dr. Paulo I. Guti\u00e9rrez Torres \u2013 Cirujano de Trasplante Pedi\u00e1trico y Cirujano Onc\u00f3logo Pediatra La oncolog\u00eda infantil es una especialidad m\u00e9dica muy satisfactoria y pocos son los m\u00e9dicos apasionados al cuidado infantil, como los que nos dedicamos a esta \u00e1rea donde entregamos alma, vida y coraz\u00f3n y una lucha constante en contra de las enfermedades [&hellip;]<\/p>\n","protected":false},"author":1,"featured_media":223113,"comment_status":"open","ping_status":"open","sticky":false,"template":"","format":"standard","meta":{"_acf_changed":false,"footnotes":""},"categories":[52],"tags":[],"class_list":["post-223112","post","type-post","status-publish","format-standard","has-post-thumbnail","category-de-salud-mas-vida"],"acf":{"antetitulo":""},"yoast_head":"<!-- This site is optimized with the Yoast SEO plugin v28.3 - https:\/\/yoast.com\/product\/yoast-seo-wordpress\/ -->\n<title>CU\u00c1NDO ACUDIR A UN ONC\u00d3LOGO PEDIATRA - El Diario - Bolivia<\/title>\n<meta name=\"robots\" content=\"index, follow, max-snippet:-1, max-image-preview:large, max-video-preview:-1\" \/>\n<link rel=\"canonical\" href=\"https:\/\/www.eldiario.net\/portal\/2024\/05\/26\/cuando-acudir-a-un-oncologo-pediatra\/\" \/>\n<meta property=\"og:locale\" content=\"es_ES\" \/>\n<meta property=\"og:type\" content=\"article\" \/>\n<meta property=\"og:title\" content=\"CU\u00c1NDO ACUDIR A UN ONC\u00d3LOGO PEDIATRA - El Diario - Bolivia\" \/>\n<meta property=\"og:description\" content=\"Dr. Paulo I. Guti\u00e9rrez Torres \u2013 Cirujano de Trasplante Pedi\u00e1trico y Cirujano Onc\u00f3logo Pediatra La oncolog\u00eda infantil es una especialidad m\u00e9dica muy satisfactoria y pocos son los m\u00e9dicos apasionados al cuidado infantil, como los que nos dedicamos a esta \u00e1rea donde entregamos alma, vida y coraz\u00f3n y una lucha constante en contra de las enfermedades [&hellip;]\" \/>\n<meta property=\"og:url\" content=\"https:\/\/www.eldiario.net\/portal\/2024\/05\/26\/cuando-acudir-a-un-oncologo-pediatra\/\" \/>\n<meta property=\"og:site_name\" content=\"El Diario - Bolivia\" \/>\n<meta property=\"article:publisher\" content=\"https:\/\/www.facebook.com\/eldiario.bolivia\/\" \/>\n<meta property=\"article:published_time\" content=\"2024-05-26T11:36:02+00:00\" \/>\n<meta property=\"article:modified_time\" content=\"2024-05-26T12:07:08+00:00\" \/>\n<meta property=\"og:image\" content=\"https:\/\/www.eldiario.net\/portal\/wp-content\/uploads\/2024\/05\/CUANDO-ACUDIR-A-UN-ONCOLOGO-PEDIATRA.jpg\" \/>\n\t<meta property=\"og:image:width\" content=\"1200\" \/>\n\t<meta property=\"og:image:height\" content=\"788\" \/>\n\t<meta property=\"og:image:type\" content=\"image\/jpeg\" \/>\n<meta name=\"author\" content=\"Jeanette\" \/>\n<meta name=\"twitter:card\" content=\"summary_large_image\" \/>\n<meta name=\"twitter:creator\" content=\"@eldiario_net\" \/>\n<meta name=\"twitter:site\" content=\"@eldiario_net\" \/>\n<meta name=\"twitter:label1\" content=\"Escrito por\" \/>\n\t<meta name=\"twitter:data1\" content=\"Jeanette\" \/>\n\t<meta name=\"twitter:label2\" content=\"Tiempo de lectura\" \/>\n\t<meta name=\"twitter:data2\" content=\"2 minutos\" \/>\n<script type=\"application\/ld+json\" class=\"yoast-schema-graph\">{\"@context\":\"https:\\\/\\\/schema.org\",\"@graph\":[{\"@type\":\"Article\",\"@id\":\"https:\\\/\\\/www.eldiario.net\\\/portal\\\/2024\\\/05\\\/26\\\/cuando-acudir-a-un-oncologo-pediatra\\\/#article\",\"isPartOf\":{\"@id\":\"https:\\\/\\\/www.eldiario.net\\\/portal\\\/2024\\\/05\\\/26\\\/cuando-acudir-a-un-oncologo-pediatra\\\/\"},\"author\":{\"name\":\"Jeanette\",\"@id\":\"https:\\\/\\\/www.eldiario.net\\\/portal\\\/#\\\/schema\\\/person\\\/f46445640444750d7d753ccd04ae01b7\"},\"headline\":\"CU\u00c1NDO ACUDIR A UN ONC\u00d3LOGO PEDIATRA\",\"datePublished\":\"2024-05-26T11:36:02+00:00\",\"dateModified\":\"2024-05-26T12:07:08+00:00\",\"mainEntityOfPage\":{\"@id\":\"https:\\\/\\\/www.eldiario.net\\\/portal\\\/2024\\\/05\\\/26\\\/cuando-acudir-a-un-oncologo-pediatra\\\/\"},\"wordCount\":390,\"commentCount\":0,\"publisher\":{\"@id\":\"https:\\\/\\\/www.eldiario.net\\\/portal\\\/#organization\"},\"image\":{\"@id\":\"https:\\\/\\\/www.eldiario.net\\\/portal\\\/2024\\\/05\\\/26\\\/cuando-acudir-a-un-oncologo-pediatra\\\/#primaryimage\"},\"thumbnailUrl\":\"https:\\\/\\\/www.eldiario.net\\\/portal\\\/wp-content\\\/uploads\\\/2024\\\/05\\\/CUANDO-ACUDIR-A-UN-ONCOLOGO-PEDIATRA.jpg\",\"articleSection\":[\"De Salud + vida\"],\"inLanguage\":\"es\",\"potentialAction\":[{\"@type\":\"CommentAction\",\"name\":\"Comment\",\"target\":[\"https:\\\/\\\/www.eldiario.net\\\/portal\\\/2024\\\/05\\\/26\\\/cuando-acudir-a-un-oncologo-pediatra\\\/#respond\"]}]},{\"@type\":\"WebPage\",\"@id\":\"https:\\\/\\\/www.eldiario.net\\\/portal\\\/2024\\\/05\\\/26\\\/cuando-acudir-a-un-oncologo-pediatra\\\/\",\"url\":\"https:\\\/\\\/www.eldiario.net\\\/portal\\\/2024\\\/05\\\/26\\\/cuando-acudir-a-un-oncologo-pediatra\\\/\",\"name\":\"CU\u00c1NDO ACUDIR A UN ONC\u00d3LOGO PEDIATRA - El Diario - Bolivia\",\"isPartOf\":{\"@id\":\"https:\\\/\\\/www.eldiario.net\\\/portal\\\/#website\"},\"primaryImageOfPage\":{\"@id\":\"https:\\\/\\\/www.eldiario.net\\\/portal\\\/2024\\\/05\\\/26\\\/cuando-acudir-a-un-oncologo-pediatra\\\/#primaryimage\"},\"image\":{\"@id\":\"https:\\\/\\\/www.eldiario.net\\\/portal\\\/2024\\\/05\\\/26\\\/cuando-acudir-a-un-oncologo-pediatra\\\/#primaryimage\"},\"thumbnailUrl\":\"https:\\\/\\\/www.eldiario.net\\\/portal\\\/wp-content\\\/uploads\\\/2024\\\/05\\\/CUANDO-ACUDIR-A-UN-ONCOLOGO-PEDIATRA.jpg\",\"datePublished\":\"2024-05-26T11:36:02+00:00\",\"dateModified\":\"2024-05-26T12:07:08+00:00\",\"breadcrumb\":{\"@id\":\"https:\\\/\\\/www.eldiario.net\\\/portal\\\/2024\\\/05\\\/26\\\/cuando-acudir-a-un-oncologo-pediatra\\\/#breadcrumb\"},\"inLanguage\":\"es\",\"potentialAction\":[{\"@type\":\"ReadAction\",\"target\":[\"https:\\\/\\\/www.eldiario.net\\\/portal\\\/2024\\\/05\\\/26\\\/cuando-acudir-a-un-oncologo-pediatra\\\/\"]}]},{\"@type\":\"ImageObject\",\"inLanguage\":\"es\",\"@id\":\"https:\\\/\\\/www.eldiario.net\\\/portal\\\/2024\\\/05\\\/26\\\/cuando-acudir-a-un-oncologo-pediatra\\\/#primaryimage\",\"url\":\"https:\\\/\\\/www.eldiario.net\\\/portal\\\/wp-content\\\/uploads\\\/2024\\\/05\\\/CUANDO-ACUDIR-A-UN-ONCOLOGO-PEDIATRA.jpg\",\"contentUrl\":\"https:\\\/\\\/www.eldiario.net\\\/portal\\\/wp-content\\\/uploads\\\/2024\\\/05\\\/CUANDO-ACUDIR-A-UN-ONCOLOGO-PEDIATRA.jpg\",\"width\":1200,\"height\":788},{\"@type\":\"BreadcrumbList\",\"@id\":\"https:\\\/\\\/www.eldiario.net\\\/portal\\\/2024\\\/05\\\/26\\\/cuando-acudir-a-un-oncologo-pediatra\\\/#breadcrumb\",\"itemListElement\":[{\"@type\":\"ListItem\",\"position\":1,\"name\":\"Portada\",\"item\":\"https:\\\/\\\/www.eldiario.net\\\/portal\\\/\"},{\"@type\":\"ListItem\",\"position\":2,\"name\":\"CU\u00c1NDO ACUDIR A UN ONC\u00d3LOGO PEDIATRA\"}]},{\"@type\":\"WebSite\",\"@id\":\"https:\\\/\\\/www.eldiario.net\\\/portal\\\/#website\",\"url\":\"https:\\\/\\\/www.eldiario.net\\\/portal\\\/\",\"name\":\"El Diario - Decano de la prensa nacional\",\"description\":\"El Diario - Decano de la prensa nacional\",\"publisher\":{\"@id\":\"https:\\\/\\\/www.eldiario.net\\\/portal\\\/#organization\"},\"potentialAction\":[{\"@type\":\"SearchAction\",\"target\":{\"@type\":\"EntryPoint\",\"urlTemplate\":\"https:\\\/\\\/www.eldiario.net\\\/portal\\\/?s={search_term_string}\"},\"query-input\":{\"@type\":\"PropertyValueSpecification\",\"valueRequired\":true,\"valueName\":\"search_term_string\"}}],\"inLanguage\":\"es\"},{\"@type\":\"Organization\",\"@id\":\"https:\\\/\\\/www.eldiario.net\\\/portal\\\/#organization\",\"name\":\"El Diario - Decano de la prensa nacional\",\"url\":\"https:\\\/\\\/www.eldiario.net\\\/portal\\\/\",\"logo\":{\"@type\":\"ImageObject\",\"inLanguage\":\"es\",\"@id\":\"https:\\\/\\\/www.eldiario.net\\\/portal\\\/#\\\/schema\\\/logo\\\/image\\\/\",\"url\":\"https:\\\/\\\/www.eldiario.net\\\/portal\\\/wp-content\\\/uploads\\\/2023\\\/07\\\/logo_ED.jpg\",\"contentUrl\":\"https:\\\/\\\/www.eldiario.net\\\/portal\\\/wp-content\\\/uploads\\\/2023\\\/07\\\/logo_ED.jpg\",\"width\":272,\"height\":52,\"caption\":\"El Diario - Decano de la prensa nacional\"},\"image\":{\"@id\":\"https:\\\/\\\/www.eldiario.net\\\/portal\\\/#\\\/schema\\\/logo\\\/image\\\/\"},\"sameAs\":[\"https:\\\/\\\/www.facebook.com\\\/eldiario.bolivia\\\/\",\"https:\\\/\\\/x.com\\\/eldiario_net\"]},{\"@type\":\"Person\",\"@id\":\"https:\\\/\\\/www.eldiario.net\\\/portal\\\/#\\\/schema\\\/person\\\/f46445640444750d7d753ccd04ae01b7\",\"name\":\"Jeanette\",\"image\":{\"@type\":\"ImageObject\",\"inLanguage\":\"es\",\"@id\":\"https:\\\/\\\/secure.gravatar.com\\\/avatar\\\/3ea2118a5f7dad2b7138b1187a6b7ee55f160b9968b66013c3a3ef39dd7e5798?s=96&d=mm&r=g\",\"url\":\"https:\\\/\\\/secure.gravatar.com\\\/avatar\\\/3ea2118a5f7dad2b7138b1187a6b7ee55f160b9968b66013c3a3ef39dd7e5798?s=96&d=mm&r=g\",\"contentUrl\":\"https:\\\/\\\/secure.gravatar.com\\\/avatar\\\/3ea2118a5f7dad2b7138b1187a6b7ee55f160b9968b66013c3a3ef39dd7e5798?s=96&d=mm&r=g\",\"caption\":\"Jeanette\"},\"sameAs\":[\"https:\\\/\\\/www.eldiario.net\\\/portal\"],\"url\":\"https:\\\/\\\/www.eldiario.net\\\/portal\\\/author\\\/jeanette\\\/\"}]}<\/script>\n<!-- \/ Yoast SEO plugin. -->","yoast_head_json":{"title":"CU\u00c1NDO ACUDIR A UN ONC\u00d3LOGO PEDIATRA - El Diario - Bolivia","robots":{"index":"index","follow":"follow","max-snippet":"max-snippet:-1","max-image-preview":"max-image-preview:large","max-video-preview":"max-video-preview:-1"},"canonical":"https:\/\/www.eldiario.net\/portal\/2024\/05\/26\/cuando-acudir-a-un-oncologo-pediatra\/","og_locale":"es_ES","og_type":"article","og_title":"CU\u00c1NDO ACUDIR A UN ONC\u00d3LOGO PEDIATRA - El Diario - Bolivia","og_description":"Dr. Paulo I. Guti\u00e9rrez Torres \u2013 Cirujano de Trasplante Pedi\u00e1trico y Cirujano Onc\u00f3logo Pediatra La oncolog\u00eda infantil es una especialidad m\u00e9dica muy satisfactoria y pocos son los m\u00e9dicos apasionados al cuidado infantil, como los que nos dedicamos a esta \u00e1rea donde entregamos alma, vida y coraz\u00f3n y una lucha constante en contra de las enfermedades [&hellip;]","og_url":"https:\/\/www.eldiario.net\/portal\/2024\/05\/26\/cuando-acudir-a-un-oncologo-pediatra\/","og_site_name":"El Diario - Bolivia","article_publisher":"https:\/\/www.facebook.com\/eldiario.bolivia\/","article_published_time":"2024-05-26T11:36:02+00:00","article_modified_time":"2024-05-26T12:07:08+00:00","og_image":[{"width":1200,"height":788,"url":"https:\/\/www.eldiario.net\/portal\/wp-content\/uploads\/2024\/05\/CUANDO-ACUDIR-A-UN-ONCOLOGO-PEDIATRA.jpg","type":"image\/jpeg"}],"author":"Jeanette","twitter_card":"summary_large_image","twitter_creator":"@eldiario_net","twitter_site":"@eldiario_net","twitter_misc":{"Escrito por":"Jeanette","Tiempo de lectura":"2 minutos"},"schema":{"@context":"https:\/\/schema.org","@graph":[{"@type":"Article","@id":"https:\/\/www.eldiario.net\/portal\/2024\/05\/26\/cuando-acudir-a-un-oncologo-pediatra\/#article","isPartOf":{"@id":"https:\/\/www.eldiario.net\/portal\/2024\/05\/26\/cuando-acudir-a-un-oncologo-pediatra\/"},"author":{"name":"Jeanette","@id":"https:\/\/www.eldiario.net\/portal\/#\/schema\/person\/f46445640444750d7d753ccd04ae01b7"},"headline":"CU\u00c1NDO ACUDIR A UN ONC\u00d3LOGO PEDIATRA","datePublished":"2024-05-26T11:36:02+00:00","dateModified":"2024-05-26T12:07:08+00:00","mainEntityOfPage":{"@id":"https:\/\/www.eldiario.net\/portal\/2024\/05\/26\/cuando-acudir-a-un-oncologo-pediatra\/"},"wordCount":390,"commentCount":0,"publisher":{"@id":"https:\/\/www.eldiario.net\/portal\/#organization"},"image":{"@id":"https:\/\/www.eldiario.net\/portal\/2024\/05\/26\/cuando-acudir-a-un-oncologo-pediatra\/#primaryimage"},"thumbnailUrl":"https:\/\/www.eldiario.net\/portal\/wp-content\/uploads\/2024\/05\/CUANDO-ACUDIR-A-UN-ONCOLOGO-PEDIATRA.jpg","articleSection":["De Salud + vida"],"inLanguage":"es","potentialAction":[{"@type":"CommentAction","name":"Comment","target":["https:\/\/www.eldiario.net\/portal\/2024\/05\/26\/cuando-acudir-a-un-oncologo-pediatra\/#respond"]}]},{"@type":"WebPage","@id":"https:\/\/www.eldiario.net\/portal\/2024\/05\/26\/cuando-acudir-a-un-oncologo-pediatra\/","url":"https:\/\/www.eldiario.net\/portal\/2024\/05\/26\/cuando-acudir-a-un-oncologo-pediatra\/","name":"CU\u00c1NDO ACUDIR A UN ONC\u00d3LOGO PEDIATRA - El Diario - Bolivia","isPartOf":{"@id":"https:\/\/www.eldiario.net\/portal\/#website"},"primaryImageOfPage":{"@id":"https:\/\/www.eldiario.net\/portal\/2024\/05\/26\/cuando-acudir-a-un-oncologo-pediatra\/#primaryimage"},"image":{"@id":"https:\/\/www.eldiario.net\/portal\/2024\/05\/26\/cuando-acudir-a-un-oncologo-pediatra\/#primaryimage"},"thumbnailUrl":"https:\/\/www.eldiario.net\/portal\/wp-content\/uploads\/2024\/05\/CUANDO-ACUDIR-A-UN-ONCOLOGO-PEDIATRA.jpg","datePublished":"2024-05-26T11:36:02+00:00","dateModified":"2024-05-26T12:07:08+00:00","breadcrumb":{"@id":"https:\/\/www.eldiario.net\/portal\/2024\/05\/26\/cuando-acudir-a-un-oncologo-pediatra\/#breadcrumb"},"inLanguage":"es","potentialAction":[{"@type":"ReadAction","target":["https:\/\/www.eldiario.net\/portal\/2024\/05\/26\/cuando-acudir-a-un-oncologo-pediatra\/"]}]},{"@type":"ImageObject","inLanguage":"es","@id":"https:\/\/www.eldiario.net\/portal\/2024\/05\/26\/cuando-acudir-a-un-oncologo-pediatra\/#primaryimage","url":"https:\/\/www.eldiario.net\/portal\/wp-content\/uploads\/2024\/05\/CUANDO-ACUDIR-A-UN-ONCOLOGO-PEDIATRA.jpg","contentUrl":"https:\/\/www.eldiario.net\/portal\/wp-content\/uploads\/2024\/05\/CUANDO-ACUDIR-A-UN-ONCOLOGO-PEDIATRA.jpg","width":1200,"height":788},{"@type":"BreadcrumbList","@id":"https:\/\/www.eldiario.net\/portal\/2024\/05\/26\/cuando-acudir-a-un-oncologo-pediatra\/#breadcrumb","itemListElement":[{"@type":"ListItem","position":1,"name":"Portada","item":"https:\/\/www.eldiario.net\/portal\/"},{"@type":"ListItem","position":2,"name":"CU\u00c1NDO ACUDIR A UN ONC\u00d3LOGO PEDIATRA"}]},{"@type":"WebSite","@id":"https:\/\/www.eldiario.net\/portal\/#website","url":"https:\/\/www.eldiario.net\/portal\/","name":"El Diario - Decano de la prensa nacional","description":"El Diario - Decano de la prensa nacional","publisher":{"@id":"https:\/\/www.eldiario.net\/portal\/#organization"},"potentialAction":[{"@type":"SearchAction","target":{"@type":"EntryPoint","urlTemplate":"https:\/\/www.eldiario.net\/portal\/?s={search_term_string}"},"query-input":{"@type":"PropertyValueSpecification","valueRequired":true,"valueName":"search_term_string"}}],"inLanguage":"es"},{"@type":"Organization","@id":"https:\/\/www.eldiario.net\/portal\/#organization","name":"El Diario - Decano de la prensa nacional","url":"https:\/\/www.eldiario.net\/portal\/","logo":{"@type":"ImageObject","inLanguage":"es","@id":"https:\/\/www.eldiario.net\/portal\/#\/schema\/logo\/image\/","url":"https:\/\/www.eldiario.net\/portal\/wp-content\/uploads\/2023\/07\/logo_ED.jpg","contentUrl":"https:\/\/www.eldiario.net\/portal\/wp-content\/uploads\/2023\/07\/logo_ED.jpg","width":272,"height":52,"caption":"El Diario - Decano de la prensa nacional"},"image":{"@id":"https:\/\/www.eldiario.net\/portal\/#\/schema\/logo\/image\/"},"sameAs":["https:\/\/www.facebook.com\/eldiario.bolivia\/","https:\/\/x.com\/eldiario_net"]},{"@type":"Person","@id":"https:\/\/www.eldiario.net\/portal\/#\/schema\/person\/f46445640444750d7d753ccd04ae01b7","name":"Jeanette","image":{"@type":"ImageObject","inLanguage":"es","@id":"https:\/\/secure.gravatar.com\/avatar\/3ea2118a5f7dad2b7138b1187a6b7ee55f160b9968b66013c3a3ef39dd7e5798?s=96&d=mm&r=g","url":"https:\/\/secure.gravatar.com\/avatar\/3ea2118a5f7dad2b7138b1187a6b7ee55f160b9968b66013c3a3ef39dd7e5798?s=96&d=mm&r=g","contentUrl":"https:\/\/secure.gravatar.com\/avatar\/3ea2118a5f7dad2b7138b1187a6b7ee55f160b9968b66013c3a3ef39dd7e5798?s=96&d=mm&r=g","caption":"Jeanette"},"sameAs":["https:\/\/www.eldiario.net\/portal"],"url":"https:\/\/www.eldiario.net\/portal\/author\/jeanette\/"}]}},"_links":{"self":[{"href":"https:\/\/www.eldiario.net\/portal\/wp-json\/wp\/v2\/posts\/223112","targetHints":{"allow":["GET"]}}],"collection":[{"href":"https:\/\/www.eldiario.net\/portal\/wp-json\/wp\/v2\/posts"}],"about":[{"href":"https:\/\/www.eldiario.net\/portal\/wp-json\/wp\/v2\/types\/post"}],"author":[{"embeddable":true,"href":"https:\/\/www.eldiario.net\/portal\/wp-json\/wp\/v2\/users\/1"}],"replies":[{"embeddable":true,"href":"https:\/\/www.eldiario.net\/portal\/wp-json\/wp\/v2\/comments?post=223112"}],"version-history":[{"count":1,"href":"https:\/\/www.eldiario.net\/portal\/wp-json\/wp\/v2\/posts\/223112\/revisions"}],"predecessor-version":[{"id":223114,"href":"https:\/\/www.eldiario.net\/portal\/wp-json\/wp\/v2\/posts\/223112\/revisions\/223114"}],"wp:featuredmedia":[{"embeddable":true,"href":"https:\/\/www.eldiario.net\/portal\/wp-json\/wp\/v2\/media\/223113"}],"wp:attachment":[{"href":"https:\/\/www.eldiario.net\/portal\/wp-json\/wp\/v2\/media?parent=223112"}],"wp:term":[{"taxonomy":"category","embeddable":true,"href":"https:\/\/www.eldiario.net\/portal\/wp-json\/wp\/v2\/categories?post=223112"},{"taxonomy":"post_tag","embeddable":true,"href":"https:\/\/www.eldiario.net\/portal\/wp-json\/wp\/v2\/tags?post=223112"}],"curies":[{"name":"wp","href":"https:\/\/api.w.org\/{rel}","templated":true}]}}