{"id":223108,"date":"2024-05-26T07:35:10","date_gmt":"2024-05-26T11:35:10","guid":{"rendered":"https:\/\/www.eldiario.net\/portal\/?p=223108"},"modified":"2024-05-26T07:35:10","modified_gmt":"2024-05-26T11:35:10","slug":"cuidados-del-adulto-mayor-previo-a-la-kinesioterapia-grupal","status":"publish","type":"post","link":"https:\/\/www.eldiario.net\/portal\/2024\/05\/26\/cuidados-del-adulto-mayor-previo-a-la-kinesioterapia-grupal\/","title":{"rendered":"CUIDADOS DEL ADULTO MAYOR PREVIO A LA KINESIOTERAPIA GRUPAL"},"content":{"rendered":"<p>Lic. Jaime Julio Ticona Pardo Fisioterapeuta Kinesi\u00f3logo &#8211; Ref. 72556224<br \/>\nEs bien sabido que en la etapa adulta mayor veremos la presencia de diversas patolog\u00edas y\/o afecciones en cuanto a la salud y el bienestar de la persona adulta mayor, es as\u00ed que los adultos mayores llegan a ser un grupo etario de mucho cuidado.<br \/>\nTendremos por tanto la presencia de afecciones osteoarticulares, musculares, respiratorias, g\u00e1stricas, neurol\u00f3gicas, renales, cardiacas e incluso motoras, es decir presentaran problemas en las articulaciones debido a traumatismos que aquejan con larga data, patolog\u00edas reum\u00e1ticas, artritis, artrosis; p\u00e9rdida de la masa muscular, hipotrofia, atrofia muscular marcada, debilidad muscular, afecciones pulmonares, neumon\u00edas, secuelas de enfermedades obstructivas cr\u00f3nicas, fibrosis pulmonares, secuelas post-covid 19, gastritis, colon irritable, hemorroides, infecciones g\u00e1stricas, \u00falceras g\u00e1stricas, estre\u00f1imiento, s\u00edndrome metab\u00f3lico, e incluso obesidad, diabetes, Parkinson, hemiplejia, parresias, hipertensi\u00f3n, infecciones de tracto urinario, incontinencia urinaria, poliglobulia, trombosis venosas, \u00falceras varicosas, perdidas de campo visual, etc.<br \/>\n\u00bfQu\u00e9 hacer?<br \/>\nEn si muchas de ellas siempre vienen de la mano con otras o son \u201csecuelas\u201d de una causa principal, secundarias a una patolog\u00eda de base. Es por ello que al trabajar con los adultos mayores debemos realizar las debidas valoraciones m\u00e9dicas, y la correspondiente evaluaci\u00f3n kin\u00e9sica, esto para  determinar el tiempo, la resistencia, el gasto cardiaco y el l\u00edmite m\u00e1ximo de exigencia aplicada a cada rutina de ejercicios.<br \/>\n\u00bfC\u00f3mo iniciar?<br \/>\nLas elongaciones articulares y los estiramientos de grupos musculares, son una buena opci\u00f3n para iniciar una terapia grupal, para posteriormente entrar en una etapa de calentamiento muscular, combinados con ejercicios respiratorios.<br \/>\n\u00bfQuerernos?  Claro que s\u00ed.<br \/>\nAl introducir una peque\u00f1a rutina de ejercicios respiratorios siempre preguntaba a mis adultos mayores:  -\u00bfQu\u00e9 supon\u00edan que era lo primero que deber\u00edamos hacer?-\u2026 obten\u00eda muchas respuestas, pero jam\u00e1s la indicada, que era \u201cQUERERNOS\u201d, y \u201cQUERER A LOS DEMAS\u201d, este ejercicio consiste en que estando parado se incline el tronco hacia adelante abraz\u00e1ndonos (querernos) inhalar aire y al tiempo que nos vamos incorporando lentamente desplegamos los brazos exhalando el aire contenido tratando de juntar las escapulas, hasta extender los brazos en su totalidad (querer a los dem\u00e1s). \u00bfEntonces qu\u00e9 esperamos para querernos?<br \/>\n\u201cEL MOVIENTO ES PARTE ESENCIAL PARA MANTENER UNA VIDA ACTIVA\u201d<br \/>\n<img loading=\"lazy\" decoding=\"async\" src=\"https:\/\/www.eldiario.net\/portal\/wp-content\/uploads\/2024\/05\/CUIDADOS-DEL-ADULTO-MAYOR-PREVIO-A-LA-KINESIOTERAPIA-GRUPAL-150x150.jpg\" alt=\"\" width=\"150\" height=\"150\" class=\"alignleft size-thumbnail wp-image-223110\" \/><\/p>\n","protected":false},"excerpt":{"rendered":"<p>Lic. Jaime Julio Ticona Pardo Fisioterapeuta Kinesi\u00f3logo &#8211; Ref. 72556224 Es bien sabido que en la etapa adulta mayor veremos la presencia de diversas patolog\u00edas y\/o afecciones en cuanto a la salud y el bienestar de la persona adulta mayor, es as\u00ed que los adultos mayores llegan a ser un grupo etario de mucho cuidado. [&hellip;]<\/p>\n","protected":false},"author":1,"featured_media":223109,"comment_status":"open","ping_status":"open","sticky":false,"template":"","format":"standard","meta":{"_acf_changed":false,"footnotes":""},"categories":[52],"tags":[],"class_list":["post-223108","post","type-post","status-publish","format-standard","has-post-thumbnail","category-de-salud-mas-vida"],"acf":{"antetitulo":""},"yoast_head":"<!-- This site is optimized with the Yoast SEO plugin v28.3 - https:\/\/yoast.com\/product\/yoast-seo-wordpress\/ -->\n<title>CUIDADOS DEL ADULTO MAYOR PREVIO A LA KINESIOTERAPIA GRUPAL - El Diario - Bolivia<\/title>\n<meta name=\"robots\" content=\"index, follow, max-snippet:-1, max-image-preview:large, max-video-preview:-1\" \/>\n<link rel=\"canonical\" href=\"https:\/\/www.eldiario.net\/portal\/2024\/05\/26\/cuidados-del-adulto-mayor-previo-a-la-kinesioterapia-grupal\/\" \/>\n<meta property=\"og:locale\" content=\"es_ES\" \/>\n<meta property=\"og:type\" content=\"article\" \/>\n<meta property=\"og:title\" content=\"CUIDADOS DEL ADULTO MAYOR PREVIO A LA KINESIOTERAPIA GRUPAL - El Diario - Bolivia\" \/>\n<meta property=\"og:description\" content=\"Lic. Jaime Julio Ticona Pardo Fisioterapeuta Kinesi\u00f3logo &#8211; Ref. 72556224 Es bien sabido que en la etapa adulta mayor veremos la presencia de diversas patolog\u00edas y\/o afecciones en cuanto a la salud y el bienestar de la persona adulta mayor, es as\u00ed que los adultos mayores llegan a ser un grupo etario de mucho cuidado. [&hellip;]\" \/>\n<meta property=\"og:url\" content=\"https:\/\/www.eldiario.net\/portal\/2024\/05\/26\/cuidados-del-adulto-mayor-previo-a-la-kinesioterapia-grupal\/\" \/>\n<meta property=\"og:site_name\" content=\"El Diario - Bolivia\" \/>\n<meta property=\"article:publisher\" content=\"https:\/\/www.facebook.com\/eldiario.bolivia\/\" \/>\n<meta property=\"article:published_time\" content=\"2024-05-26T11:35:10+00:00\" \/>\n<meta property=\"og:image\" content=\"https:\/\/www.eldiario.net\/portal\/wp-content\/uploads\/2024\/05\/CUIDADOS-DEL-ADULTO-MAYOR-PREVIO-A-LA-KINESIOTERAPIA-GRUPAL-2.jpg\" \/>\n\t<meta property=\"og:image:width\" content=\"2133\" \/>\n\t<meta property=\"og:image:height\" content=\"1200\" \/>\n\t<meta property=\"og:image:type\" content=\"image\/jpeg\" \/>\n<meta name=\"author\" content=\"Jeanette\" \/>\n<meta name=\"twitter:card\" content=\"summary_large_image\" \/>\n<meta name=\"twitter:creator\" content=\"@eldiario_net\" \/>\n<meta name=\"twitter:site\" content=\"@eldiario_net\" \/>\n<meta name=\"twitter:label1\" content=\"Escrito por\" \/>\n\t<meta name=\"twitter:data1\" content=\"Jeanette\" \/>\n\t<meta name=\"twitter:label2\" content=\"Tiempo de lectura\" \/>\n\t<meta name=\"twitter:data2\" content=\"1 minuto\" \/>\n<script type=\"application\/ld+json\" class=\"yoast-schema-graph\">{\"@context\":\"https:\\\/\\\/schema.org\",\"@graph\":[{\"@type\":\"Article\",\"@id\":\"https:\\\/\\\/www.eldiario.net\\\/portal\\\/2024\\\/05\\\/26\\\/cuidados-del-adulto-mayor-previo-a-la-kinesioterapia-grupal\\\/#article\",\"isPartOf\":{\"@id\":\"https:\\\/\\\/www.eldiario.net\\\/portal\\\/2024\\\/05\\\/26\\\/cuidados-del-adulto-mayor-previo-a-la-kinesioterapia-grupal\\\/\"},\"author\":{\"name\":\"Jeanette\",\"@id\":\"https:\\\/\\\/www.eldiario.net\\\/portal\\\/#\\\/schema\\\/person\\\/f46445640444750d7d753ccd04ae01b7\"},\"headline\":\"CUIDADOS DEL ADULTO MAYOR PREVIO A LA KINESIOTERAPIA GRUPAL\",\"datePublished\":\"2024-05-26T11:35:10+00:00\",\"mainEntityOfPage\":{\"@id\":\"https:\\\/\\\/www.eldiario.net\\\/portal\\\/2024\\\/05\\\/26\\\/cuidados-del-adulto-mayor-previo-a-la-kinesioterapia-grupal\\\/\"},\"wordCount\":398,\"commentCount\":0,\"publisher\":{\"@id\":\"https:\\\/\\\/www.eldiario.net\\\/portal\\\/#organization\"},\"image\":{\"@id\":\"https:\\\/\\\/www.eldiario.net\\\/portal\\\/2024\\\/05\\\/26\\\/cuidados-del-adulto-mayor-previo-a-la-kinesioterapia-grupal\\\/#primaryimage\"},\"thumbnailUrl\":\"https:\\\/\\\/www.eldiario.net\\\/portal\\\/wp-content\\\/uploads\\\/2024\\\/05\\\/CUIDADOS-DEL-ADULTO-MAYOR-PREVIO-A-LA-KINESIOTERAPIA-GRUPAL-2.jpg\",\"articleSection\":[\"De Salud + vida\"],\"inLanguage\":\"es\",\"potentialAction\":[{\"@type\":\"CommentAction\",\"name\":\"Comment\",\"target\":[\"https:\\\/\\\/www.eldiario.net\\\/portal\\\/2024\\\/05\\\/26\\\/cuidados-del-adulto-mayor-previo-a-la-kinesioterapia-grupal\\\/#respond\"]}]},{\"@type\":\"WebPage\",\"@id\":\"https:\\\/\\\/www.eldiario.net\\\/portal\\\/2024\\\/05\\\/26\\\/cuidados-del-adulto-mayor-previo-a-la-kinesioterapia-grupal\\\/\",\"url\":\"https:\\\/\\\/www.eldiario.net\\\/portal\\\/2024\\\/05\\\/26\\\/cuidados-del-adulto-mayor-previo-a-la-kinesioterapia-grupal\\\/\",\"name\":\"CUIDADOS DEL ADULTO MAYOR PREVIO A LA KINESIOTERAPIA GRUPAL - El Diario - Bolivia\",\"isPartOf\":{\"@id\":\"https:\\\/\\\/www.eldiario.net\\\/portal\\\/#website\"},\"primaryImageOfPage\":{\"@id\":\"https:\\\/\\\/www.eldiario.net\\\/portal\\\/2024\\\/05\\\/26\\\/cuidados-del-adulto-mayor-previo-a-la-kinesioterapia-grupal\\\/#primaryimage\"},\"image\":{\"@id\":\"https:\\\/\\\/www.eldiario.net\\\/portal\\\/2024\\\/05\\\/26\\\/cuidados-del-adulto-mayor-previo-a-la-kinesioterapia-grupal\\\/#primaryimage\"},\"thumbnailUrl\":\"https:\\\/\\\/www.eldiario.net\\\/portal\\\/wp-content\\\/uploads\\\/2024\\\/05\\\/CUIDADOS-DEL-ADULTO-MAYOR-PREVIO-A-LA-KINESIOTERAPIA-GRUPAL-2.jpg\",\"datePublished\":\"2024-05-26T11:35:10+00:00\",\"breadcrumb\":{\"@id\":\"https:\\\/\\\/www.eldiario.net\\\/portal\\\/2024\\\/05\\\/26\\\/cuidados-del-adulto-mayor-previo-a-la-kinesioterapia-grupal\\\/#breadcrumb\"},\"inLanguage\":\"es\",\"potentialAction\":[{\"@type\":\"ReadAction\",\"target\":[\"https:\\\/\\\/www.eldiario.net\\\/portal\\\/2024\\\/05\\\/26\\\/cuidados-del-adulto-mayor-previo-a-la-kinesioterapia-grupal\\\/\"]}]},{\"@type\":\"ImageObject\",\"inLanguage\":\"es\",\"@id\":\"https:\\\/\\\/www.eldiario.net\\\/portal\\\/2024\\\/05\\\/26\\\/cuidados-del-adulto-mayor-previo-a-la-kinesioterapia-grupal\\\/#primaryimage\",\"url\":\"https:\\\/\\\/www.eldiario.net\\\/portal\\\/wp-content\\\/uploads\\\/2024\\\/05\\\/CUIDADOS-DEL-ADULTO-MAYOR-PREVIO-A-LA-KINESIOTERAPIA-GRUPAL-2.jpg\",\"contentUrl\":\"https:\\\/\\\/www.eldiario.net\\\/portal\\\/wp-content\\\/uploads\\\/2024\\\/05\\\/CUIDADOS-DEL-ADULTO-MAYOR-PREVIO-A-LA-KINESIOTERAPIA-GRUPAL-2.jpg\",\"width\":2133,\"height\":1200},{\"@type\":\"BreadcrumbList\",\"@id\":\"https:\\\/\\\/www.eldiario.net\\\/portal\\\/2024\\\/05\\\/26\\\/cuidados-del-adulto-mayor-previo-a-la-kinesioterapia-grupal\\\/#breadcrumb\",\"itemListElement\":[{\"@type\":\"ListItem\",\"position\":1,\"name\":\"Portada\",\"item\":\"https:\\\/\\\/www.eldiario.net\\\/portal\\\/\"},{\"@type\":\"ListItem\",\"position\":2,\"name\":\"CUIDADOS DEL ADULTO MAYOR PREVIO A LA KINESIOTERAPIA GRUPAL\"}]},{\"@type\":\"WebSite\",\"@id\":\"https:\\\/\\\/www.eldiario.net\\\/portal\\\/#website\",\"url\":\"https:\\\/\\\/www.eldiario.net\\\/portal\\\/\",\"name\":\"El Diario - Decano de la prensa nacional\",\"description\":\"El Diario - Decano de la prensa nacional\",\"publisher\":{\"@id\":\"https:\\\/\\\/www.eldiario.net\\\/portal\\\/#organization\"},\"potentialAction\":[{\"@type\":\"SearchAction\",\"target\":{\"@type\":\"EntryPoint\",\"urlTemplate\":\"https:\\\/\\\/www.eldiario.net\\\/portal\\\/?s={search_term_string}\"},\"query-input\":{\"@type\":\"PropertyValueSpecification\",\"valueRequired\":true,\"valueName\":\"search_term_string\"}}],\"inLanguage\":\"es\"},{\"@type\":\"Organization\",\"@id\":\"https:\\\/\\\/www.eldiario.net\\\/portal\\\/#organization\",\"name\":\"El Diario - Decano de la prensa nacional\",\"url\":\"https:\\\/\\\/www.eldiario.net\\\/portal\\\/\",\"logo\":{\"@type\":\"ImageObject\",\"inLanguage\":\"es\",\"@id\":\"https:\\\/\\\/www.eldiario.net\\\/portal\\\/#\\\/schema\\\/logo\\\/image\\\/\",\"url\":\"https:\\\/\\\/www.eldiario.net\\\/portal\\\/wp-content\\\/uploads\\\/2023\\\/07\\\/logo_ED.jpg\",\"contentUrl\":\"https:\\\/\\\/www.eldiario.net\\\/portal\\\/wp-content\\\/uploads\\\/2023\\\/07\\\/logo_ED.jpg\",\"width\":272,\"height\":52,\"caption\":\"El Diario - Decano de la prensa nacional\"},\"image\":{\"@id\":\"https:\\\/\\\/www.eldiario.net\\\/portal\\\/#\\\/schema\\\/logo\\\/image\\\/\"},\"sameAs\":[\"https:\\\/\\\/www.facebook.com\\\/eldiario.bolivia\\\/\",\"https:\\\/\\\/x.com\\\/eldiario_net\"]},{\"@type\":\"Person\",\"@id\":\"https:\\\/\\\/www.eldiario.net\\\/portal\\\/#\\\/schema\\\/person\\\/f46445640444750d7d753ccd04ae01b7\",\"name\":\"Jeanette\",\"image\":{\"@type\":\"ImageObject\",\"inLanguage\":\"es\",\"@id\":\"https:\\\/\\\/secure.gravatar.com\\\/avatar\\\/3ea2118a5f7dad2b7138b1187a6b7ee55f160b9968b66013c3a3ef39dd7e5798?s=96&d=mm&r=g\",\"url\":\"https:\\\/\\\/secure.gravatar.com\\\/avatar\\\/3ea2118a5f7dad2b7138b1187a6b7ee55f160b9968b66013c3a3ef39dd7e5798?s=96&d=mm&r=g\",\"contentUrl\":\"https:\\\/\\\/secure.gravatar.com\\\/avatar\\\/3ea2118a5f7dad2b7138b1187a6b7ee55f160b9968b66013c3a3ef39dd7e5798?s=96&d=mm&r=g\",\"caption\":\"Jeanette\"},\"sameAs\":[\"https:\\\/\\\/www.eldiario.net\\\/portal\"],\"url\":\"https:\\\/\\\/www.eldiario.net\\\/portal\\\/author\\\/jeanette\\\/\"}]}<\/script>\n<!-- \/ Yoast SEO plugin. -->","yoast_head_json":{"title":"CUIDADOS DEL ADULTO MAYOR PREVIO A LA KINESIOTERAPIA GRUPAL - El Diario - Bolivia","robots":{"index":"index","follow":"follow","max-snippet":"max-snippet:-1","max-image-preview":"max-image-preview:large","max-video-preview":"max-video-preview:-1"},"canonical":"https:\/\/www.eldiario.net\/portal\/2024\/05\/26\/cuidados-del-adulto-mayor-previo-a-la-kinesioterapia-grupal\/","og_locale":"es_ES","og_type":"article","og_title":"CUIDADOS DEL ADULTO MAYOR PREVIO A LA KINESIOTERAPIA GRUPAL - El Diario - Bolivia","og_description":"Lic. Jaime Julio Ticona Pardo Fisioterapeuta Kinesi\u00f3logo &#8211; Ref. 72556224 Es bien sabido que en la etapa adulta mayor veremos la presencia de diversas patolog\u00edas y\/o afecciones en cuanto a la salud y el bienestar de la persona adulta mayor, es as\u00ed que los adultos mayores llegan a ser un grupo etario de mucho cuidado. [&hellip;]","og_url":"https:\/\/www.eldiario.net\/portal\/2024\/05\/26\/cuidados-del-adulto-mayor-previo-a-la-kinesioterapia-grupal\/","og_site_name":"El Diario - Bolivia","article_publisher":"https:\/\/www.facebook.com\/eldiario.bolivia\/","article_published_time":"2024-05-26T11:35:10+00:00","og_image":[{"width":2133,"height":1200,"url":"https:\/\/www.eldiario.net\/portal\/wp-content\/uploads\/2024\/05\/CUIDADOS-DEL-ADULTO-MAYOR-PREVIO-A-LA-KINESIOTERAPIA-GRUPAL-2.jpg","type":"image\/jpeg"}],"author":"Jeanette","twitter_card":"summary_large_image","twitter_creator":"@eldiario_net","twitter_site":"@eldiario_net","twitter_misc":{"Escrito por":"Jeanette","Tiempo de lectura":"1 minuto"},"schema":{"@context":"https:\/\/schema.org","@graph":[{"@type":"Article","@id":"https:\/\/www.eldiario.net\/portal\/2024\/05\/26\/cuidados-del-adulto-mayor-previo-a-la-kinesioterapia-grupal\/#article","isPartOf":{"@id":"https:\/\/www.eldiario.net\/portal\/2024\/05\/26\/cuidados-del-adulto-mayor-previo-a-la-kinesioterapia-grupal\/"},"author":{"name":"Jeanette","@id":"https:\/\/www.eldiario.net\/portal\/#\/schema\/person\/f46445640444750d7d753ccd04ae01b7"},"headline":"CUIDADOS DEL ADULTO MAYOR PREVIO A LA KINESIOTERAPIA GRUPAL","datePublished":"2024-05-26T11:35:10+00:00","mainEntityOfPage":{"@id":"https:\/\/www.eldiario.net\/portal\/2024\/05\/26\/cuidados-del-adulto-mayor-previo-a-la-kinesioterapia-grupal\/"},"wordCount":398,"commentCount":0,"publisher":{"@id":"https:\/\/www.eldiario.net\/portal\/#organization"},"image":{"@id":"https:\/\/www.eldiario.net\/portal\/2024\/05\/26\/cuidados-del-adulto-mayor-previo-a-la-kinesioterapia-grupal\/#primaryimage"},"thumbnailUrl":"https:\/\/www.eldiario.net\/portal\/wp-content\/uploads\/2024\/05\/CUIDADOS-DEL-ADULTO-MAYOR-PREVIO-A-LA-KINESIOTERAPIA-GRUPAL-2.jpg","articleSection":["De Salud + vida"],"inLanguage":"es","potentialAction":[{"@type":"CommentAction","name":"Comment","target":["https:\/\/www.eldiario.net\/portal\/2024\/05\/26\/cuidados-del-adulto-mayor-previo-a-la-kinesioterapia-grupal\/#respond"]}]},{"@type":"WebPage","@id":"https:\/\/www.eldiario.net\/portal\/2024\/05\/26\/cuidados-del-adulto-mayor-previo-a-la-kinesioterapia-grupal\/","url":"https:\/\/www.eldiario.net\/portal\/2024\/05\/26\/cuidados-del-adulto-mayor-previo-a-la-kinesioterapia-grupal\/","name":"CUIDADOS DEL ADULTO MAYOR PREVIO A LA KINESIOTERAPIA GRUPAL - El Diario - Bolivia","isPartOf":{"@id":"https:\/\/www.eldiario.net\/portal\/#website"},"primaryImageOfPage":{"@id":"https:\/\/www.eldiario.net\/portal\/2024\/05\/26\/cuidados-del-adulto-mayor-previo-a-la-kinesioterapia-grupal\/#primaryimage"},"image":{"@id":"https:\/\/www.eldiario.net\/portal\/2024\/05\/26\/cuidados-del-adulto-mayor-previo-a-la-kinesioterapia-grupal\/#primaryimage"},"thumbnailUrl":"https:\/\/www.eldiario.net\/portal\/wp-content\/uploads\/2024\/05\/CUIDADOS-DEL-ADULTO-MAYOR-PREVIO-A-LA-KINESIOTERAPIA-GRUPAL-2.jpg","datePublished":"2024-05-26T11:35:10+00:00","breadcrumb":{"@id":"https:\/\/www.eldiario.net\/portal\/2024\/05\/26\/cuidados-del-adulto-mayor-previo-a-la-kinesioterapia-grupal\/#breadcrumb"},"inLanguage":"es","potentialAction":[{"@type":"ReadAction","target":["https:\/\/www.eldiario.net\/portal\/2024\/05\/26\/cuidados-del-adulto-mayor-previo-a-la-kinesioterapia-grupal\/"]}]},{"@type":"ImageObject","inLanguage":"es","@id":"https:\/\/www.eldiario.net\/portal\/2024\/05\/26\/cuidados-del-adulto-mayor-previo-a-la-kinesioterapia-grupal\/#primaryimage","url":"https:\/\/www.eldiario.net\/portal\/wp-content\/uploads\/2024\/05\/CUIDADOS-DEL-ADULTO-MAYOR-PREVIO-A-LA-KINESIOTERAPIA-GRUPAL-2.jpg","contentUrl":"https:\/\/www.eldiario.net\/portal\/wp-content\/uploads\/2024\/05\/CUIDADOS-DEL-ADULTO-MAYOR-PREVIO-A-LA-KINESIOTERAPIA-GRUPAL-2.jpg","width":2133,"height":1200},{"@type":"BreadcrumbList","@id":"https:\/\/www.eldiario.net\/portal\/2024\/05\/26\/cuidados-del-adulto-mayor-previo-a-la-kinesioterapia-grupal\/#breadcrumb","itemListElement":[{"@type":"ListItem","position":1,"name":"Portada","item":"https:\/\/www.eldiario.net\/portal\/"},{"@type":"ListItem","position":2,"name":"CUIDADOS DEL ADULTO MAYOR PREVIO A LA KINESIOTERAPIA GRUPAL"}]},{"@type":"WebSite","@id":"https:\/\/www.eldiario.net\/portal\/#website","url":"https:\/\/www.eldiario.net\/portal\/","name":"El Diario - Decano de la prensa nacional","description":"El Diario - Decano de la prensa nacional","publisher":{"@id":"https:\/\/www.eldiario.net\/portal\/#organization"},"potentialAction":[{"@type":"SearchAction","target":{"@type":"EntryPoint","urlTemplate":"https:\/\/www.eldiario.net\/portal\/?s={search_term_string}"},"query-input":{"@type":"PropertyValueSpecification","valueRequired":true,"valueName":"search_term_string"}}],"inLanguage":"es"},{"@type":"Organization","@id":"https:\/\/www.eldiario.net\/portal\/#organization","name":"El Diario - Decano de la prensa nacional","url":"https:\/\/www.eldiario.net\/portal\/","logo":{"@type":"ImageObject","inLanguage":"es","@id":"https:\/\/www.eldiario.net\/portal\/#\/schema\/logo\/image\/","url":"https:\/\/www.eldiario.net\/portal\/wp-content\/uploads\/2023\/07\/logo_ED.jpg","contentUrl":"https:\/\/www.eldiario.net\/portal\/wp-content\/uploads\/2023\/07\/logo_ED.jpg","width":272,"height":52,"caption":"El Diario - Decano de la prensa nacional"},"image":{"@id":"https:\/\/www.eldiario.net\/portal\/#\/schema\/logo\/image\/"},"sameAs":["https:\/\/www.facebook.com\/eldiario.bolivia\/","https:\/\/x.com\/eldiario_net"]},{"@type":"Person","@id":"https:\/\/www.eldiario.net\/portal\/#\/schema\/person\/f46445640444750d7d753ccd04ae01b7","name":"Jeanette","image":{"@type":"ImageObject","inLanguage":"es","@id":"https:\/\/secure.gravatar.com\/avatar\/3ea2118a5f7dad2b7138b1187a6b7ee55f160b9968b66013c3a3ef39dd7e5798?s=96&d=mm&r=g","url":"https:\/\/secure.gravatar.com\/avatar\/3ea2118a5f7dad2b7138b1187a6b7ee55f160b9968b66013c3a3ef39dd7e5798?s=96&d=mm&r=g","contentUrl":"https:\/\/secure.gravatar.com\/avatar\/3ea2118a5f7dad2b7138b1187a6b7ee55f160b9968b66013c3a3ef39dd7e5798?s=96&d=mm&r=g","caption":"Jeanette"},"sameAs":["https:\/\/www.eldiario.net\/portal"],"url":"https:\/\/www.eldiario.net\/portal\/author\/jeanette\/"}]}},"_links":{"self":[{"href":"https:\/\/www.eldiario.net\/portal\/wp-json\/wp\/v2\/posts\/223108","targetHints":{"allow":["GET"]}}],"collection":[{"href":"https:\/\/www.eldiario.net\/portal\/wp-json\/wp\/v2\/posts"}],"about":[{"href":"https:\/\/www.eldiario.net\/portal\/wp-json\/wp\/v2\/types\/post"}],"author":[{"embeddable":true,"href":"https:\/\/www.eldiario.net\/portal\/wp-json\/wp\/v2\/users\/1"}],"replies":[{"embeddable":true,"href":"https:\/\/www.eldiario.net\/portal\/wp-json\/wp\/v2\/comments?post=223108"}],"version-history":[{"count":1,"href":"https:\/\/www.eldiario.net\/portal\/wp-json\/wp\/v2\/posts\/223108\/revisions"}],"predecessor-version":[{"id":223111,"href":"https:\/\/www.eldiario.net\/portal\/wp-json\/wp\/v2\/posts\/223108\/revisions\/223111"}],"wp:featuredmedia":[{"embeddable":true,"href":"https:\/\/www.eldiario.net\/portal\/wp-json\/wp\/v2\/media\/223109"}],"wp:attachment":[{"href":"https:\/\/www.eldiario.net\/portal\/wp-json\/wp\/v2\/media?parent=223108"}],"wp:term":[{"taxonomy":"category","embeddable":true,"href":"https:\/\/www.eldiario.net\/portal\/wp-json\/wp\/v2\/categories?post=223108"},{"taxonomy":"post_tag","embeddable":true,"href":"https:\/\/www.eldiario.net\/portal\/wp-json\/wp\/v2\/tags?post=223108"}],"curies":[{"name":"wp","href":"https:\/\/api.w.org\/{rel}","templated":true}]}}