{"id":223105,"date":"2024-05-26T07:34:32","date_gmt":"2024-05-26T11:34:32","guid":{"rendered":"https:\/\/www.eldiario.net\/portal\/?p=223105"},"modified":"2024-05-26T07:34:32","modified_gmt":"2024-05-26T11:34:32","slug":"las-senales-tempranas-de-la-artritis","status":"publish","type":"post","link":"https:\/\/www.eldiario.net\/portal\/2024\/05\/26\/las-senales-tempranas-de-la-artritis\/","title":{"rendered":"LAS SE\u00d1ALES TEMPRANAS DE LA ARTRITIS"},"content":{"rendered":"<p>Dr. Luis Miguel Estrada Figueroa &#8211; Medicina interna<br \/>\nNo es raro sentir dolor en las articulaciones de vez en cuando, en particular si eres activo y participas en actividades de alto impacto, como correr. Esa molestia inoportuna puede responder a lesiones en los m\u00fasculos, los tendones y los ligamentos que rodean las articulaciones, por tendinitis, un esguince o una distensi\u00f3n.<br \/>\nSin embargo, si comienzas a sentir dolor y rigidez de forma habitual, y en particular si el dolor se localiza exactamente en la articulaci\u00f3n, tal vez puedan ser los inicios de artritis.<br \/>\nEl riesgo de padecer artritis aumenta a medida que envejeces. La artritis incluye m\u00e1s de cien trastornos distintos que afectan las articulaciones y los tejidos que las rodean. Se dividen en dos categor\u00edas principales: Artritis inflamatoria y osteoartritis.<br \/>\nEn la artritis inflamatoria, los mecanismos que normalmente protegen el organismo atacan las propias articulaciones y tejidos. El ejemplo m\u00e1s conocido es la artritis reumatoide. El segundo tipo de artritis, que es el m\u00e1s com\u00fan, es la osteoartritis. Se trata de un trastorno degenerativo que se produce por un traumatismo o por el desgaste de las articulaciones que sucede con el tiempo por la edad.<br \/>\nEstos son algunos de los primeros s\u00edntomas de la artritis, los cuales es recomendable saber identificar:<br \/>\nDolor en una articulaci\u00f3n. El dolor o molestia en una articulaci\u00f3n que empeora de forma gradual con el tiempo.<br \/>\nHinchaz\u00f3n y sensibilidad en las articulaciones, adem\u00e1s es posible que exista dolor si pones presi\u00f3n sobre la articulaci\u00f3n.<br \/>\nRigidez articular, en especial por la ma\u00f1ana. La rigidez puede aparecer despu\u00e9s de estar sentado durante mucho tiempo, tras realizar una actividad o al despertarte.<br \/>\nSonido o sensaci\u00f3n de chirrido. El chirrido o el crujido cuando se mueve una articulaci\u00f3n es una se\u00f1al de que el cart\u00edlago de la articulaci\u00f3n se ha desgastado.<br \/>\nDolor en la ingle. Muchas personas no se dan cuenta de que el dolor de la artritis de cadera se irradia a la ingle, no a la parte exterior de la cadera.<br \/>\nDolor articular sim\u00e9trico. La artritis reumatoide suele causar problemas en las mismas articulaciones de ambos lados del cuerpo, como las mu\u00f1ecas o las rodillas.<br \/>\nDolor o rigidez en las manos y los pies. La artritis reumatoide y otros tipos de artritis inflamatoria suelen presentarse primero en las peque\u00f1as articulaciones de las manos, las mu\u00f1ecas y los pies.<br \/>\nLa identificaci\u00f3n temprana de los s\u00edntomas y el acceso a un tratamiento adecuado son fundamentales para ralentizar la progresi\u00f3n de la artritis y mejorar la calidad de vida de los pacientes. <\/p>\n","protected":false},"excerpt":{"rendered":"<p>Dr. Luis Miguel Estrada Figueroa &#8211; Medicina interna No es raro sentir dolor en las articulaciones de vez en cuando, en particular si eres activo y participas en actividades de alto impacto, como correr. Esa molestia inoportuna puede responder a lesiones en los m\u00fasculos, los tendones y los ligamentos que rodean las articulaciones, por tendinitis, [&hellip;]<\/p>\n","protected":false},"author":1,"featured_media":223106,"comment_status":"open","ping_status":"open","sticky":false,"template":"","format":"standard","meta":{"_acf_changed":false,"footnotes":""},"categories":[52],"tags":[],"class_list":["post-223105","post","type-post","status-publish","format-standard","has-post-thumbnail","category-de-salud-mas-vida"],"acf":{"antetitulo":""},"yoast_head":"<!-- This site is optimized with the Yoast SEO plugin v28.3 - https:\/\/yoast.com\/product\/yoast-seo-wordpress\/ -->\n<title>LAS SE\u00d1ALES TEMPRANAS DE LA ARTRITIS - El Diario - Bolivia<\/title>\n<meta name=\"robots\" content=\"index, follow, max-snippet:-1, max-image-preview:large, max-video-preview:-1\" \/>\n<link rel=\"canonical\" href=\"https:\/\/www.eldiario.net\/portal\/2024\/05\/26\/las-senales-tempranas-de-la-artritis\/\" \/>\n<meta property=\"og:locale\" content=\"es_ES\" \/>\n<meta property=\"og:type\" content=\"article\" \/>\n<meta property=\"og:title\" content=\"LAS SE\u00d1ALES TEMPRANAS DE LA ARTRITIS - El Diario - Bolivia\" \/>\n<meta property=\"og:description\" content=\"Dr. Luis Miguel Estrada Figueroa &#8211; Medicina interna No es raro sentir dolor en las articulaciones de vez en cuando, en particular si eres activo y participas en actividades de alto impacto, como correr. Esa molestia inoportuna puede responder a lesiones en los m\u00fasculos, los tendones y los ligamentos que rodean las articulaciones, por tendinitis, [&hellip;]\" \/>\n<meta property=\"og:url\" content=\"https:\/\/www.eldiario.net\/portal\/2024\/05\/26\/las-senales-tempranas-de-la-artritis\/\" \/>\n<meta property=\"og:site_name\" content=\"El Diario - Bolivia\" \/>\n<meta property=\"article:publisher\" content=\"https:\/\/www.facebook.com\/eldiario.bolivia\/\" \/>\n<meta property=\"article:published_time\" content=\"2024-05-26T11:34:32+00:00\" \/>\n<meta property=\"og:image\" content=\"https:\/\/www.eldiario.net\/portal\/wp-content\/uploads\/2024\/05\/LAS-SENALES-TEMPRANAS-DE-LA-ARTRITIS.jpg\" \/>\n\t<meta property=\"og:image:width\" content=\"1100\" \/>\n\t<meta property=\"og:image:height\" content=\"733\" \/>\n\t<meta property=\"og:image:type\" content=\"image\/jpeg\" \/>\n<meta name=\"author\" content=\"Jeanette\" \/>\n<meta name=\"twitter:card\" content=\"summary_large_image\" \/>\n<meta name=\"twitter:creator\" content=\"@eldiario_net\" \/>\n<meta name=\"twitter:site\" content=\"@eldiario_net\" \/>\n<meta name=\"twitter:label1\" content=\"Escrito por\" \/>\n\t<meta name=\"twitter:data1\" content=\"Jeanette\" \/>\n\t<meta name=\"twitter:label2\" content=\"Tiempo de lectura\" \/>\n\t<meta name=\"twitter:data2\" content=\"1 minuto\" \/>\n<script type=\"application\/ld+json\" class=\"yoast-schema-graph\">{\"@context\":\"https:\\\/\\\/schema.org\",\"@graph\":[{\"@type\":\"Article\",\"@id\":\"https:\\\/\\\/www.eldiario.net\\\/portal\\\/2024\\\/05\\\/26\\\/las-senales-tempranas-de-la-artritis\\\/#article\",\"isPartOf\":{\"@id\":\"https:\\\/\\\/www.eldiario.net\\\/portal\\\/2024\\\/05\\\/26\\\/las-senales-tempranas-de-la-artritis\\\/\"},\"author\":{\"name\":\"Jeanette\",\"@id\":\"https:\\\/\\\/www.eldiario.net\\\/portal\\\/#\\\/schema\\\/person\\\/f46445640444750d7d753ccd04ae01b7\"},\"headline\":\"LAS SE\u00d1ALES TEMPRANAS DE LA ARTRITIS\",\"datePublished\":\"2024-05-26T11:34:32+00:00\",\"mainEntityOfPage\":{\"@id\":\"https:\\\/\\\/www.eldiario.net\\\/portal\\\/2024\\\/05\\\/26\\\/las-senales-tempranas-de-la-artritis\\\/\"},\"wordCount\":457,\"commentCount\":0,\"publisher\":{\"@id\":\"https:\\\/\\\/www.eldiario.net\\\/portal\\\/#organization\"},\"image\":{\"@id\":\"https:\\\/\\\/www.eldiario.net\\\/portal\\\/2024\\\/05\\\/26\\\/las-senales-tempranas-de-la-artritis\\\/#primaryimage\"},\"thumbnailUrl\":\"https:\\\/\\\/www.eldiario.net\\\/portal\\\/wp-content\\\/uploads\\\/2024\\\/05\\\/LAS-SENALES-TEMPRANAS-DE-LA-ARTRITIS.jpg\",\"articleSection\":[\"De Salud + vida\"],\"inLanguage\":\"es\",\"potentialAction\":[{\"@type\":\"CommentAction\",\"name\":\"Comment\",\"target\":[\"https:\\\/\\\/www.eldiario.net\\\/portal\\\/2024\\\/05\\\/26\\\/las-senales-tempranas-de-la-artritis\\\/#respond\"]}]},{\"@type\":\"WebPage\",\"@id\":\"https:\\\/\\\/www.eldiario.net\\\/portal\\\/2024\\\/05\\\/26\\\/las-senales-tempranas-de-la-artritis\\\/\",\"url\":\"https:\\\/\\\/www.eldiario.net\\\/portal\\\/2024\\\/05\\\/26\\\/las-senales-tempranas-de-la-artritis\\\/\",\"name\":\"LAS SE\u00d1ALES TEMPRANAS DE LA ARTRITIS - El Diario - Bolivia\",\"isPartOf\":{\"@id\":\"https:\\\/\\\/www.eldiario.net\\\/portal\\\/#website\"},\"primaryImageOfPage\":{\"@id\":\"https:\\\/\\\/www.eldiario.net\\\/portal\\\/2024\\\/05\\\/26\\\/las-senales-tempranas-de-la-artritis\\\/#primaryimage\"},\"image\":{\"@id\":\"https:\\\/\\\/www.eldiario.net\\\/portal\\\/2024\\\/05\\\/26\\\/las-senales-tempranas-de-la-artritis\\\/#primaryimage\"},\"thumbnailUrl\":\"https:\\\/\\\/www.eldiario.net\\\/portal\\\/wp-content\\\/uploads\\\/2024\\\/05\\\/LAS-SENALES-TEMPRANAS-DE-LA-ARTRITIS.jpg\",\"datePublished\":\"2024-05-26T11:34:32+00:00\",\"breadcrumb\":{\"@id\":\"https:\\\/\\\/www.eldiario.net\\\/portal\\\/2024\\\/05\\\/26\\\/las-senales-tempranas-de-la-artritis\\\/#breadcrumb\"},\"inLanguage\":\"es\",\"potentialAction\":[{\"@type\":\"ReadAction\",\"target\":[\"https:\\\/\\\/www.eldiario.net\\\/portal\\\/2024\\\/05\\\/26\\\/las-senales-tempranas-de-la-artritis\\\/\"]}]},{\"@type\":\"ImageObject\",\"inLanguage\":\"es\",\"@id\":\"https:\\\/\\\/www.eldiario.net\\\/portal\\\/2024\\\/05\\\/26\\\/las-senales-tempranas-de-la-artritis\\\/#primaryimage\",\"url\":\"https:\\\/\\\/www.eldiario.net\\\/portal\\\/wp-content\\\/uploads\\\/2024\\\/05\\\/LAS-SENALES-TEMPRANAS-DE-LA-ARTRITIS.jpg\",\"contentUrl\":\"https:\\\/\\\/www.eldiario.net\\\/portal\\\/wp-content\\\/uploads\\\/2024\\\/05\\\/LAS-SENALES-TEMPRANAS-DE-LA-ARTRITIS.jpg\",\"width\":1100,\"height\":733},{\"@type\":\"BreadcrumbList\",\"@id\":\"https:\\\/\\\/www.eldiario.net\\\/portal\\\/2024\\\/05\\\/26\\\/las-senales-tempranas-de-la-artritis\\\/#breadcrumb\",\"itemListElement\":[{\"@type\":\"ListItem\",\"position\":1,\"name\":\"Portada\",\"item\":\"https:\\\/\\\/www.eldiario.net\\\/portal\\\/\"},{\"@type\":\"ListItem\",\"position\":2,\"name\":\"LAS SE\u00d1ALES TEMPRANAS DE LA ARTRITIS\"}]},{\"@type\":\"WebSite\",\"@id\":\"https:\\\/\\\/www.eldiario.net\\\/portal\\\/#website\",\"url\":\"https:\\\/\\\/www.eldiario.net\\\/portal\\\/\",\"name\":\"El Diario - Decano de la prensa nacional\",\"description\":\"El Diario - Decano de la prensa nacional\",\"publisher\":{\"@id\":\"https:\\\/\\\/www.eldiario.net\\\/portal\\\/#organization\"},\"potentialAction\":[{\"@type\":\"SearchAction\",\"target\":{\"@type\":\"EntryPoint\",\"urlTemplate\":\"https:\\\/\\\/www.eldiario.net\\\/portal\\\/?s={search_term_string}\"},\"query-input\":{\"@type\":\"PropertyValueSpecification\",\"valueRequired\":true,\"valueName\":\"search_term_string\"}}],\"inLanguage\":\"es\"},{\"@type\":\"Organization\",\"@id\":\"https:\\\/\\\/www.eldiario.net\\\/portal\\\/#organization\",\"name\":\"El Diario - Decano de la prensa nacional\",\"url\":\"https:\\\/\\\/www.eldiario.net\\\/portal\\\/\",\"logo\":{\"@type\":\"ImageObject\",\"inLanguage\":\"es\",\"@id\":\"https:\\\/\\\/www.eldiario.net\\\/portal\\\/#\\\/schema\\\/logo\\\/image\\\/\",\"url\":\"https:\\\/\\\/www.eldiario.net\\\/portal\\\/wp-content\\\/uploads\\\/2023\\\/07\\\/logo_ED.jpg\",\"contentUrl\":\"https:\\\/\\\/www.eldiario.net\\\/portal\\\/wp-content\\\/uploads\\\/2023\\\/07\\\/logo_ED.jpg\",\"width\":272,\"height\":52,\"caption\":\"El Diario - Decano de la prensa nacional\"},\"image\":{\"@id\":\"https:\\\/\\\/www.eldiario.net\\\/portal\\\/#\\\/schema\\\/logo\\\/image\\\/\"},\"sameAs\":[\"https:\\\/\\\/www.facebook.com\\\/eldiario.bolivia\\\/\",\"https:\\\/\\\/x.com\\\/eldiario_net\"]},{\"@type\":\"Person\",\"@id\":\"https:\\\/\\\/www.eldiario.net\\\/portal\\\/#\\\/schema\\\/person\\\/f46445640444750d7d753ccd04ae01b7\",\"name\":\"Jeanette\",\"image\":{\"@type\":\"ImageObject\",\"inLanguage\":\"es\",\"@id\":\"https:\\\/\\\/secure.gravatar.com\\\/avatar\\\/3ea2118a5f7dad2b7138b1187a6b7ee55f160b9968b66013c3a3ef39dd7e5798?s=96&d=mm&r=g\",\"url\":\"https:\\\/\\\/secure.gravatar.com\\\/avatar\\\/3ea2118a5f7dad2b7138b1187a6b7ee55f160b9968b66013c3a3ef39dd7e5798?s=96&d=mm&r=g\",\"contentUrl\":\"https:\\\/\\\/secure.gravatar.com\\\/avatar\\\/3ea2118a5f7dad2b7138b1187a6b7ee55f160b9968b66013c3a3ef39dd7e5798?s=96&d=mm&r=g\",\"caption\":\"Jeanette\"},\"sameAs\":[\"https:\\\/\\\/www.eldiario.net\\\/portal\"],\"url\":\"https:\\\/\\\/www.eldiario.net\\\/portal\\\/author\\\/jeanette\\\/\"}]}<\/script>\n<!-- \/ Yoast SEO plugin. -->","yoast_head_json":{"title":"LAS SE\u00d1ALES TEMPRANAS DE LA ARTRITIS - El Diario - Bolivia","robots":{"index":"index","follow":"follow","max-snippet":"max-snippet:-1","max-image-preview":"max-image-preview:large","max-video-preview":"max-video-preview:-1"},"canonical":"https:\/\/www.eldiario.net\/portal\/2024\/05\/26\/las-senales-tempranas-de-la-artritis\/","og_locale":"es_ES","og_type":"article","og_title":"LAS SE\u00d1ALES TEMPRANAS DE LA ARTRITIS - El Diario - Bolivia","og_description":"Dr. Luis Miguel Estrada Figueroa &#8211; Medicina interna No es raro sentir dolor en las articulaciones de vez en cuando, en particular si eres activo y participas en actividades de alto impacto, como correr. Esa molestia inoportuna puede responder a lesiones en los m\u00fasculos, los tendones y los ligamentos que rodean las articulaciones, por tendinitis, [&hellip;]","og_url":"https:\/\/www.eldiario.net\/portal\/2024\/05\/26\/las-senales-tempranas-de-la-artritis\/","og_site_name":"El Diario - Bolivia","article_publisher":"https:\/\/www.facebook.com\/eldiario.bolivia\/","article_published_time":"2024-05-26T11:34:32+00:00","og_image":[{"width":1100,"height":733,"url":"https:\/\/www.eldiario.net\/portal\/wp-content\/uploads\/2024\/05\/LAS-SENALES-TEMPRANAS-DE-LA-ARTRITIS.jpg","type":"image\/jpeg"}],"author":"Jeanette","twitter_card":"summary_large_image","twitter_creator":"@eldiario_net","twitter_site":"@eldiario_net","twitter_misc":{"Escrito por":"Jeanette","Tiempo de lectura":"1 minuto"},"schema":{"@context":"https:\/\/schema.org","@graph":[{"@type":"Article","@id":"https:\/\/www.eldiario.net\/portal\/2024\/05\/26\/las-senales-tempranas-de-la-artritis\/#article","isPartOf":{"@id":"https:\/\/www.eldiario.net\/portal\/2024\/05\/26\/las-senales-tempranas-de-la-artritis\/"},"author":{"name":"Jeanette","@id":"https:\/\/www.eldiario.net\/portal\/#\/schema\/person\/f46445640444750d7d753ccd04ae01b7"},"headline":"LAS SE\u00d1ALES TEMPRANAS DE LA ARTRITIS","datePublished":"2024-05-26T11:34:32+00:00","mainEntityOfPage":{"@id":"https:\/\/www.eldiario.net\/portal\/2024\/05\/26\/las-senales-tempranas-de-la-artritis\/"},"wordCount":457,"commentCount":0,"publisher":{"@id":"https:\/\/www.eldiario.net\/portal\/#organization"},"image":{"@id":"https:\/\/www.eldiario.net\/portal\/2024\/05\/26\/las-senales-tempranas-de-la-artritis\/#primaryimage"},"thumbnailUrl":"https:\/\/www.eldiario.net\/portal\/wp-content\/uploads\/2024\/05\/LAS-SENALES-TEMPRANAS-DE-LA-ARTRITIS.jpg","articleSection":["De Salud + vida"],"inLanguage":"es","potentialAction":[{"@type":"CommentAction","name":"Comment","target":["https:\/\/www.eldiario.net\/portal\/2024\/05\/26\/las-senales-tempranas-de-la-artritis\/#respond"]}]},{"@type":"WebPage","@id":"https:\/\/www.eldiario.net\/portal\/2024\/05\/26\/las-senales-tempranas-de-la-artritis\/","url":"https:\/\/www.eldiario.net\/portal\/2024\/05\/26\/las-senales-tempranas-de-la-artritis\/","name":"LAS SE\u00d1ALES TEMPRANAS DE LA ARTRITIS - El Diario - Bolivia","isPartOf":{"@id":"https:\/\/www.eldiario.net\/portal\/#website"},"primaryImageOfPage":{"@id":"https:\/\/www.eldiario.net\/portal\/2024\/05\/26\/las-senales-tempranas-de-la-artritis\/#primaryimage"},"image":{"@id":"https:\/\/www.eldiario.net\/portal\/2024\/05\/26\/las-senales-tempranas-de-la-artritis\/#primaryimage"},"thumbnailUrl":"https:\/\/www.eldiario.net\/portal\/wp-content\/uploads\/2024\/05\/LAS-SENALES-TEMPRANAS-DE-LA-ARTRITIS.jpg","datePublished":"2024-05-26T11:34:32+00:00","breadcrumb":{"@id":"https:\/\/www.eldiario.net\/portal\/2024\/05\/26\/las-senales-tempranas-de-la-artritis\/#breadcrumb"},"inLanguage":"es","potentialAction":[{"@type":"ReadAction","target":["https:\/\/www.eldiario.net\/portal\/2024\/05\/26\/las-senales-tempranas-de-la-artritis\/"]}]},{"@type":"ImageObject","inLanguage":"es","@id":"https:\/\/www.eldiario.net\/portal\/2024\/05\/26\/las-senales-tempranas-de-la-artritis\/#primaryimage","url":"https:\/\/www.eldiario.net\/portal\/wp-content\/uploads\/2024\/05\/LAS-SENALES-TEMPRANAS-DE-LA-ARTRITIS.jpg","contentUrl":"https:\/\/www.eldiario.net\/portal\/wp-content\/uploads\/2024\/05\/LAS-SENALES-TEMPRANAS-DE-LA-ARTRITIS.jpg","width":1100,"height":733},{"@type":"BreadcrumbList","@id":"https:\/\/www.eldiario.net\/portal\/2024\/05\/26\/las-senales-tempranas-de-la-artritis\/#breadcrumb","itemListElement":[{"@type":"ListItem","position":1,"name":"Portada","item":"https:\/\/www.eldiario.net\/portal\/"},{"@type":"ListItem","position":2,"name":"LAS SE\u00d1ALES TEMPRANAS DE LA ARTRITIS"}]},{"@type":"WebSite","@id":"https:\/\/www.eldiario.net\/portal\/#website","url":"https:\/\/www.eldiario.net\/portal\/","name":"El Diario - Decano de la prensa nacional","description":"El Diario - Decano de la prensa nacional","publisher":{"@id":"https:\/\/www.eldiario.net\/portal\/#organization"},"potentialAction":[{"@type":"SearchAction","target":{"@type":"EntryPoint","urlTemplate":"https:\/\/www.eldiario.net\/portal\/?s={search_term_string}"},"query-input":{"@type":"PropertyValueSpecification","valueRequired":true,"valueName":"search_term_string"}}],"inLanguage":"es"},{"@type":"Organization","@id":"https:\/\/www.eldiario.net\/portal\/#organization","name":"El Diario - Decano de la prensa nacional","url":"https:\/\/www.eldiario.net\/portal\/","logo":{"@type":"ImageObject","inLanguage":"es","@id":"https:\/\/www.eldiario.net\/portal\/#\/schema\/logo\/image\/","url":"https:\/\/www.eldiario.net\/portal\/wp-content\/uploads\/2023\/07\/logo_ED.jpg","contentUrl":"https:\/\/www.eldiario.net\/portal\/wp-content\/uploads\/2023\/07\/logo_ED.jpg","width":272,"height":52,"caption":"El Diario - Decano de la prensa nacional"},"image":{"@id":"https:\/\/www.eldiario.net\/portal\/#\/schema\/logo\/image\/"},"sameAs":["https:\/\/www.facebook.com\/eldiario.bolivia\/","https:\/\/x.com\/eldiario_net"]},{"@type":"Person","@id":"https:\/\/www.eldiario.net\/portal\/#\/schema\/person\/f46445640444750d7d753ccd04ae01b7","name":"Jeanette","image":{"@type":"ImageObject","inLanguage":"es","@id":"https:\/\/secure.gravatar.com\/avatar\/3ea2118a5f7dad2b7138b1187a6b7ee55f160b9968b66013c3a3ef39dd7e5798?s=96&d=mm&r=g","url":"https:\/\/secure.gravatar.com\/avatar\/3ea2118a5f7dad2b7138b1187a6b7ee55f160b9968b66013c3a3ef39dd7e5798?s=96&d=mm&r=g","contentUrl":"https:\/\/secure.gravatar.com\/avatar\/3ea2118a5f7dad2b7138b1187a6b7ee55f160b9968b66013c3a3ef39dd7e5798?s=96&d=mm&r=g","caption":"Jeanette"},"sameAs":["https:\/\/www.eldiario.net\/portal"],"url":"https:\/\/www.eldiario.net\/portal\/author\/jeanette\/"}]}},"_links":{"self":[{"href":"https:\/\/www.eldiario.net\/portal\/wp-json\/wp\/v2\/posts\/223105","targetHints":{"allow":["GET"]}}],"collection":[{"href":"https:\/\/www.eldiario.net\/portal\/wp-json\/wp\/v2\/posts"}],"about":[{"href":"https:\/\/www.eldiario.net\/portal\/wp-json\/wp\/v2\/types\/post"}],"author":[{"embeddable":true,"href":"https:\/\/www.eldiario.net\/portal\/wp-json\/wp\/v2\/users\/1"}],"replies":[{"embeddable":true,"href":"https:\/\/www.eldiario.net\/portal\/wp-json\/wp\/v2\/comments?post=223105"}],"version-history":[{"count":1,"href":"https:\/\/www.eldiario.net\/portal\/wp-json\/wp\/v2\/posts\/223105\/revisions"}],"predecessor-version":[{"id":223107,"href":"https:\/\/www.eldiario.net\/portal\/wp-json\/wp\/v2\/posts\/223105\/revisions\/223107"}],"wp:featuredmedia":[{"embeddable":true,"href":"https:\/\/www.eldiario.net\/portal\/wp-json\/wp\/v2\/media\/223106"}],"wp:attachment":[{"href":"https:\/\/www.eldiario.net\/portal\/wp-json\/wp\/v2\/media?parent=223105"}],"wp:term":[{"taxonomy":"category","embeddable":true,"href":"https:\/\/www.eldiario.net\/portal\/wp-json\/wp\/v2\/categories?post=223105"},{"taxonomy":"post_tag","embeddable":true,"href":"https:\/\/www.eldiario.net\/portal\/wp-json\/wp\/v2\/tags?post=223105"}],"curies":[{"name":"wp","href":"https:\/\/api.w.org\/{rel}","templated":true}]}}