{"id":223102,"date":"2024-05-26T07:33:42","date_gmt":"2024-05-26T11:33:42","guid":{"rendered":"https:\/\/www.eldiario.net\/portal\/?p=223102"},"modified":"2024-05-26T07:33:42","modified_gmt":"2024-05-26T11:33:42","slug":"tumores-cerebrales-infantiles","status":"publish","type":"post","link":"https:\/\/www.eldiario.net\/portal\/2024\/05\/26\/tumores-cerebrales-infantiles\/","title":{"rendered":"TUMORES CEREBRALES INFANTILES"},"content":{"rendered":"<p>Cuando la detecci\u00f3n temprana juega un papel esencial<br \/>\nDr. Luis Alberto Ramirez L\u00f3pez &#8211; Cirug\u00eda neur\u00f3logica, cirug\u00eda cerebro-vascular y cirug\u00eda de columna vertebral<br \/>\nLos tumores cerebrales infantiles son masas o crecimientos de c\u00e9lulas anormales que se producen en el cerebro de un ni\u00f1o o en el tejido y las estructuras cercanas. Existen muchos tipos diferentes de tumores cerebrales infantiles, algunos no cancerosos (benignos) y otros cancerosos (malignos).<\/p>\n<p>El tratamiento y la probabilidad de recuperaci\u00f3n dependen del tipo de tumor, su ubicaci\u00f3n dentro del cerebro, si se ha diseminado y el estado de salud general del infante. <\/p>\n<p>Los signos y s\u00edntomas de un tumor cerebral en los ni\u00f1os var\u00edan ampliamente y dependen del tipo, el tama\u00f1o, la ubicaci\u00f3n y la velocidad de crecimiento del tumor. Estos son algunos de los s\u00edntomas m\u00e1s frecuentes de un tumor cerebral infantil: Dolores de cabeza, que se pueden volver m\u00e1s frecuentes e intensos, n\u00e1useas o v\u00f3mitos sin causa aparente, aparici\u00f3n repentina de problemas de visi\u00f3n, como visi\u00f3n doble, una protuberancia en el punto blando (fontanela) en el cr\u00e1neo de los beb\u00e9s, convulsiones, especialmente cuando no hay antecedentes, movimientos oculares anormales, balbuceo, dificultad para mantener el equilibrio, desorientaci\u00f3n, irritabilidad, cambios en la personalidad o el comportamiento y problemas de audici\u00f3n.<br \/>\nEl diagn\u00f3stico de un tumor cerebral puede ser complicado en los ni\u00f1os, sobre todo en los m\u00e1s peque\u00f1os, incapaces de referir sus s\u00edntomas. <\/p>\n<p>En los ni\u00f1os m\u00e1s peque\u00f1os, principalmente los que tienen menos de 3 o 4 a\u00f1os en el momento del diagn\u00f3stico, el tratamiento posquir\u00fargico suele realizarse con quimioterapia solamente, incluyendo altas dosis con rescate de progenitores hematopoy\u00e9ticos, debido al impacto que las altas dosis de radiaci\u00f3n pueden tener en el cerebro en desarrollo. <\/p>\n<p>Existen diversas opciones de tratamiento que, fundamentalmente, son cirug\u00eda, quimioterapia y radioterapia. Las alteraciones neurocognitivas son uno de los efectos tard\u00edos m\u00e1s devastadores en los pacientes pedi\u00e1tricos con tumores cerebrales; var\u00edan desde niveles leves a graves de deterioro y pueden persistir y\/o empeorar con el tiempo, en ocasiones hay dificultades de atenci\u00f3n y concentraci\u00f3n, alteraciones de la memoria de trabajo, de la velocidad de procesamiento y del lenguaje. <\/p>\n<p>La detecci\u00f3n temprana adem\u00e1s de tener un papel esencial, es una esperanza de vida para nuestros ni\u00f1os. <\/p>\n","protected":false},"excerpt":{"rendered":"<p>Cuando la detecci\u00f3n temprana juega un papel esencial Dr. Luis Alberto Ramirez L\u00f3pez &#8211; Cirug\u00eda neur\u00f3logica, cirug\u00eda cerebro-vascular y cirug\u00eda de columna vertebral Los tumores cerebrales infantiles son masas o crecimientos de c\u00e9lulas anormales que se producen en el cerebro de un ni\u00f1o o en el tejido y las estructuras cercanas. Existen muchos tipos diferentes [&hellip;]<\/p>\n","protected":false},"author":1,"featured_media":223103,"comment_status":"open","ping_status":"open","sticky":false,"template":"","format":"standard","meta":{"_acf_changed":false,"footnotes":""},"categories":[52],"tags":[],"class_list":["post-223102","post","type-post","status-publish","format-standard","has-post-thumbnail","category-de-salud-mas-vida"],"acf":{"antetitulo":""},"yoast_head":"<!-- This site is optimized with the Yoast SEO plugin v28.3 - https:\/\/yoast.com\/product\/yoast-seo-wordpress\/ -->\n<title>TUMORES CEREBRALES INFANTILES - El Diario - Bolivia<\/title>\n<meta name=\"robots\" content=\"index, follow, max-snippet:-1, max-image-preview:large, max-video-preview:-1\" \/>\n<link rel=\"canonical\" href=\"https:\/\/www.eldiario.net\/portal\/2024\/05\/26\/tumores-cerebrales-infantiles\/\" \/>\n<meta property=\"og:locale\" content=\"es_ES\" \/>\n<meta property=\"og:type\" content=\"article\" \/>\n<meta property=\"og:title\" content=\"TUMORES CEREBRALES INFANTILES - El Diario - Bolivia\" \/>\n<meta property=\"og:description\" content=\"Cuando la detecci\u00f3n temprana juega un papel esencial Dr. Luis Alberto Ramirez L\u00f3pez &#8211; Cirug\u00eda neur\u00f3logica, cirug\u00eda cerebro-vascular y cirug\u00eda de columna vertebral Los tumores cerebrales infantiles son masas o crecimientos de c\u00e9lulas anormales que se producen en el cerebro de un ni\u00f1o o en el tejido y las estructuras cercanas. Existen muchos tipos diferentes [&hellip;]\" \/>\n<meta property=\"og:url\" content=\"https:\/\/www.eldiario.net\/portal\/2024\/05\/26\/tumores-cerebrales-infantiles\/\" \/>\n<meta property=\"og:site_name\" content=\"El Diario - Bolivia\" \/>\n<meta property=\"article:publisher\" content=\"https:\/\/www.facebook.com\/eldiario.bolivia\/\" \/>\n<meta property=\"article:published_time\" content=\"2024-05-26T11:33:42+00:00\" \/>\n<meta property=\"og:image\" content=\"https:\/\/www.eldiario.net\/portal\/wp-content\/uploads\/2024\/05\/TUMORES-CEREBRALES-INFANTILES.jpg\" \/>\n\t<meta property=\"og:image:width\" content=\"1110\" \/>\n\t<meta property=\"og:image:height\" content=\"913\" \/>\n\t<meta property=\"og:image:type\" content=\"image\/jpeg\" \/>\n<meta name=\"author\" content=\"Jeanette\" \/>\n<meta name=\"twitter:card\" content=\"summary_large_image\" \/>\n<meta name=\"twitter:creator\" content=\"@eldiario_net\" \/>\n<meta name=\"twitter:site\" content=\"@eldiario_net\" \/>\n<meta name=\"twitter:label1\" content=\"Escrito por\" \/>\n\t<meta name=\"twitter:data1\" content=\"Jeanette\" \/>\n\t<meta name=\"twitter:label2\" content=\"Tiempo de lectura\" \/>\n\t<meta name=\"twitter:data2\" content=\"1 minuto\" \/>\n<script type=\"application\/ld+json\" class=\"yoast-schema-graph\">{\"@context\":\"https:\\\/\\\/schema.org\",\"@graph\":[{\"@type\":\"Article\",\"@id\":\"https:\\\/\\\/www.eldiario.net\\\/portal\\\/2024\\\/05\\\/26\\\/tumores-cerebrales-infantiles\\\/#article\",\"isPartOf\":{\"@id\":\"https:\\\/\\\/www.eldiario.net\\\/portal\\\/2024\\\/05\\\/26\\\/tumores-cerebrales-infantiles\\\/\"},\"author\":{\"name\":\"Jeanette\",\"@id\":\"https:\\\/\\\/www.eldiario.net\\\/portal\\\/#\\\/schema\\\/person\\\/f46445640444750d7d753ccd04ae01b7\"},\"headline\":\"TUMORES CEREBRALES INFANTILES\",\"datePublished\":\"2024-05-26T11:33:42+00:00\",\"mainEntityOfPage\":{\"@id\":\"https:\\\/\\\/www.eldiario.net\\\/portal\\\/2024\\\/05\\\/26\\\/tumores-cerebrales-infantiles\\\/\"},\"wordCount\":416,\"commentCount\":0,\"publisher\":{\"@id\":\"https:\\\/\\\/www.eldiario.net\\\/portal\\\/#organization\"},\"image\":{\"@id\":\"https:\\\/\\\/www.eldiario.net\\\/portal\\\/2024\\\/05\\\/26\\\/tumores-cerebrales-infantiles\\\/#primaryimage\"},\"thumbnailUrl\":\"https:\\\/\\\/www.eldiario.net\\\/portal\\\/wp-content\\\/uploads\\\/2024\\\/05\\\/TUMORES-CEREBRALES-INFANTILES.jpg\",\"articleSection\":[\"De Salud + vida\"],\"inLanguage\":\"es\",\"potentialAction\":[{\"@type\":\"CommentAction\",\"name\":\"Comment\",\"target\":[\"https:\\\/\\\/www.eldiario.net\\\/portal\\\/2024\\\/05\\\/26\\\/tumores-cerebrales-infantiles\\\/#respond\"]}]},{\"@type\":\"WebPage\",\"@id\":\"https:\\\/\\\/www.eldiario.net\\\/portal\\\/2024\\\/05\\\/26\\\/tumores-cerebrales-infantiles\\\/\",\"url\":\"https:\\\/\\\/www.eldiario.net\\\/portal\\\/2024\\\/05\\\/26\\\/tumores-cerebrales-infantiles\\\/\",\"name\":\"TUMORES CEREBRALES INFANTILES - El Diario - Bolivia\",\"isPartOf\":{\"@id\":\"https:\\\/\\\/www.eldiario.net\\\/portal\\\/#website\"},\"primaryImageOfPage\":{\"@id\":\"https:\\\/\\\/www.eldiario.net\\\/portal\\\/2024\\\/05\\\/26\\\/tumores-cerebrales-infantiles\\\/#primaryimage\"},\"image\":{\"@id\":\"https:\\\/\\\/www.eldiario.net\\\/portal\\\/2024\\\/05\\\/26\\\/tumores-cerebrales-infantiles\\\/#primaryimage\"},\"thumbnailUrl\":\"https:\\\/\\\/www.eldiario.net\\\/portal\\\/wp-content\\\/uploads\\\/2024\\\/05\\\/TUMORES-CEREBRALES-INFANTILES.jpg\",\"datePublished\":\"2024-05-26T11:33:42+00:00\",\"breadcrumb\":{\"@id\":\"https:\\\/\\\/www.eldiario.net\\\/portal\\\/2024\\\/05\\\/26\\\/tumores-cerebrales-infantiles\\\/#breadcrumb\"},\"inLanguage\":\"es\",\"potentialAction\":[{\"@type\":\"ReadAction\",\"target\":[\"https:\\\/\\\/www.eldiario.net\\\/portal\\\/2024\\\/05\\\/26\\\/tumores-cerebrales-infantiles\\\/\"]}]},{\"@type\":\"ImageObject\",\"inLanguage\":\"es\",\"@id\":\"https:\\\/\\\/www.eldiario.net\\\/portal\\\/2024\\\/05\\\/26\\\/tumores-cerebrales-infantiles\\\/#primaryimage\",\"url\":\"https:\\\/\\\/www.eldiario.net\\\/portal\\\/wp-content\\\/uploads\\\/2024\\\/05\\\/TUMORES-CEREBRALES-INFANTILES.jpg\",\"contentUrl\":\"https:\\\/\\\/www.eldiario.net\\\/portal\\\/wp-content\\\/uploads\\\/2024\\\/05\\\/TUMORES-CEREBRALES-INFANTILES.jpg\",\"width\":1110,\"height\":913},{\"@type\":\"BreadcrumbList\",\"@id\":\"https:\\\/\\\/www.eldiario.net\\\/portal\\\/2024\\\/05\\\/26\\\/tumores-cerebrales-infantiles\\\/#breadcrumb\",\"itemListElement\":[{\"@type\":\"ListItem\",\"position\":1,\"name\":\"Portada\",\"item\":\"https:\\\/\\\/www.eldiario.net\\\/portal\\\/\"},{\"@type\":\"ListItem\",\"position\":2,\"name\":\"TUMORES CEREBRALES INFANTILES\"}]},{\"@type\":\"WebSite\",\"@id\":\"https:\\\/\\\/www.eldiario.net\\\/portal\\\/#website\",\"url\":\"https:\\\/\\\/www.eldiario.net\\\/portal\\\/\",\"name\":\"El Diario - Decano de la prensa nacional\",\"description\":\"El Diario - Decano de la prensa nacional\",\"publisher\":{\"@id\":\"https:\\\/\\\/www.eldiario.net\\\/portal\\\/#organization\"},\"potentialAction\":[{\"@type\":\"SearchAction\",\"target\":{\"@type\":\"EntryPoint\",\"urlTemplate\":\"https:\\\/\\\/www.eldiario.net\\\/portal\\\/?s={search_term_string}\"},\"query-input\":{\"@type\":\"PropertyValueSpecification\",\"valueRequired\":true,\"valueName\":\"search_term_string\"}}],\"inLanguage\":\"es\"},{\"@type\":\"Organization\",\"@id\":\"https:\\\/\\\/www.eldiario.net\\\/portal\\\/#organization\",\"name\":\"El Diario - Decano de la prensa nacional\",\"url\":\"https:\\\/\\\/www.eldiario.net\\\/portal\\\/\",\"logo\":{\"@type\":\"ImageObject\",\"inLanguage\":\"es\",\"@id\":\"https:\\\/\\\/www.eldiario.net\\\/portal\\\/#\\\/schema\\\/logo\\\/image\\\/\",\"url\":\"https:\\\/\\\/www.eldiario.net\\\/portal\\\/wp-content\\\/uploads\\\/2023\\\/07\\\/logo_ED.jpg\",\"contentUrl\":\"https:\\\/\\\/www.eldiario.net\\\/portal\\\/wp-content\\\/uploads\\\/2023\\\/07\\\/logo_ED.jpg\",\"width\":272,\"height\":52,\"caption\":\"El Diario - Decano de la prensa nacional\"},\"image\":{\"@id\":\"https:\\\/\\\/www.eldiario.net\\\/portal\\\/#\\\/schema\\\/logo\\\/image\\\/\"},\"sameAs\":[\"https:\\\/\\\/www.facebook.com\\\/eldiario.bolivia\\\/\",\"https:\\\/\\\/x.com\\\/eldiario_net\"]},{\"@type\":\"Person\",\"@id\":\"https:\\\/\\\/www.eldiario.net\\\/portal\\\/#\\\/schema\\\/person\\\/f46445640444750d7d753ccd04ae01b7\",\"name\":\"Jeanette\",\"image\":{\"@type\":\"ImageObject\",\"inLanguage\":\"es\",\"@id\":\"https:\\\/\\\/secure.gravatar.com\\\/avatar\\\/3ea2118a5f7dad2b7138b1187a6b7ee55f160b9968b66013c3a3ef39dd7e5798?s=96&d=mm&r=g\",\"url\":\"https:\\\/\\\/secure.gravatar.com\\\/avatar\\\/3ea2118a5f7dad2b7138b1187a6b7ee55f160b9968b66013c3a3ef39dd7e5798?s=96&d=mm&r=g\",\"contentUrl\":\"https:\\\/\\\/secure.gravatar.com\\\/avatar\\\/3ea2118a5f7dad2b7138b1187a6b7ee55f160b9968b66013c3a3ef39dd7e5798?s=96&d=mm&r=g\",\"caption\":\"Jeanette\"},\"sameAs\":[\"https:\\\/\\\/www.eldiario.net\\\/portal\"],\"url\":\"https:\\\/\\\/www.eldiario.net\\\/portal\\\/author\\\/jeanette\\\/\"}]}<\/script>\n<!-- \/ Yoast SEO plugin. -->","yoast_head_json":{"title":"TUMORES CEREBRALES INFANTILES - El Diario - Bolivia","robots":{"index":"index","follow":"follow","max-snippet":"max-snippet:-1","max-image-preview":"max-image-preview:large","max-video-preview":"max-video-preview:-1"},"canonical":"https:\/\/www.eldiario.net\/portal\/2024\/05\/26\/tumores-cerebrales-infantiles\/","og_locale":"es_ES","og_type":"article","og_title":"TUMORES CEREBRALES INFANTILES - El Diario - Bolivia","og_description":"Cuando la detecci\u00f3n temprana juega un papel esencial Dr. Luis Alberto Ramirez L\u00f3pez &#8211; Cirug\u00eda neur\u00f3logica, cirug\u00eda cerebro-vascular y cirug\u00eda de columna vertebral Los tumores cerebrales infantiles son masas o crecimientos de c\u00e9lulas anormales que se producen en el cerebro de un ni\u00f1o o en el tejido y las estructuras cercanas. Existen muchos tipos diferentes [&hellip;]","og_url":"https:\/\/www.eldiario.net\/portal\/2024\/05\/26\/tumores-cerebrales-infantiles\/","og_site_name":"El Diario - Bolivia","article_publisher":"https:\/\/www.facebook.com\/eldiario.bolivia\/","article_published_time":"2024-05-26T11:33:42+00:00","og_image":[{"width":1110,"height":913,"url":"https:\/\/www.eldiario.net\/portal\/wp-content\/uploads\/2024\/05\/TUMORES-CEREBRALES-INFANTILES.jpg","type":"image\/jpeg"}],"author":"Jeanette","twitter_card":"summary_large_image","twitter_creator":"@eldiario_net","twitter_site":"@eldiario_net","twitter_misc":{"Escrito por":"Jeanette","Tiempo de lectura":"1 minuto"},"schema":{"@context":"https:\/\/schema.org","@graph":[{"@type":"Article","@id":"https:\/\/www.eldiario.net\/portal\/2024\/05\/26\/tumores-cerebrales-infantiles\/#article","isPartOf":{"@id":"https:\/\/www.eldiario.net\/portal\/2024\/05\/26\/tumores-cerebrales-infantiles\/"},"author":{"name":"Jeanette","@id":"https:\/\/www.eldiario.net\/portal\/#\/schema\/person\/f46445640444750d7d753ccd04ae01b7"},"headline":"TUMORES CEREBRALES INFANTILES","datePublished":"2024-05-26T11:33:42+00:00","mainEntityOfPage":{"@id":"https:\/\/www.eldiario.net\/portal\/2024\/05\/26\/tumores-cerebrales-infantiles\/"},"wordCount":416,"commentCount":0,"publisher":{"@id":"https:\/\/www.eldiario.net\/portal\/#organization"},"image":{"@id":"https:\/\/www.eldiario.net\/portal\/2024\/05\/26\/tumores-cerebrales-infantiles\/#primaryimage"},"thumbnailUrl":"https:\/\/www.eldiario.net\/portal\/wp-content\/uploads\/2024\/05\/TUMORES-CEREBRALES-INFANTILES.jpg","articleSection":["De Salud + vida"],"inLanguage":"es","potentialAction":[{"@type":"CommentAction","name":"Comment","target":["https:\/\/www.eldiario.net\/portal\/2024\/05\/26\/tumores-cerebrales-infantiles\/#respond"]}]},{"@type":"WebPage","@id":"https:\/\/www.eldiario.net\/portal\/2024\/05\/26\/tumores-cerebrales-infantiles\/","url":"https:\/\/www.eldiario.net\/portal\/2024\/05\/26\/tumores-cerebrales-infantiles\/","name":"TUMORES CEREBRALES INFANTILES - El Diario - Bolivia","isPartOf":{"@id":"https:\/\/www.eldiario.net\/portal\/#website"},"primaryImageOfPage":{"@id":"https:\/\/www.eldiario.net\/portal\/2024\/05\/26\/tumores-cerebrales-infantiles\/#primaryimage"},"image":{"@id":"https:\/\/www.eldiario.net\/portal\/2024\/05\/26\/tumores-cerebrales-infantiles\/#primaryimage"},"thumbnailUrl":"https:\/\/www.eldiario.net\/portal\/wp-content\/uploads\/2024\/05\/TUMORES-CEREBRALES-INFANTILES.jpg","datePublished":"2024-05-26T11:33:42+00:00","breadcrumb":{"@id":"https:\/\/www.eldiario.net\/portal\/2024\/05\/26\/tumores-cerebrales-infantiles\/#breadcrumb"},"inLanguage":"es","potentialAction":[{"@type":"ReadAction","target":["https:\/\/www.eldiario.net\/portal\/2024\/05\/26\/tumores-cerebrales-infantiles\/"]}]},{"@type":"ImageObject","inLanguage":"es","@id":"https:\/\/www.eldiario.net\/portal\/2024\/05\/26\/tumores-cerebrales-infantiles\/#primaryimage","url":"https:\/\/www.eldiario.net\/portal\/wp-content\/uploads\/2024\/05\/TUMORES-CEREBRALES-INFANTILES.jpg","contentUrl":"https:\/\/www.eldiario.net\/portal\/wp-content\/uploads\/2024\/05\/TUMORES-CEREBRALES-INFANTILES.jpg","width":1110,"height":913},{"@type":"BreadcrumbList","@id":"https:\/\/www.eldiario.net\/portal\/2024\/05\/26\/tumores-cerebrales-infantiles\/#breadcrumb","itemListElement":[{"@type":"ListItem","position":1,"name":"Portada","item":"https:\/\/www.eldiario.net\/portal\/"},{"@type":"ListItem","position":2,"name":"TUMORES CEREBRALES INFANTILES"}]},{"@type":"WebSite","@id":"https:\/\/www.eldiario.net\/portal\/#website","url":"https:\/\/www.eldiario.net\/portal\/","name":"El Diario - Decano de la prensa nacional","description":"El Diario - Decano de la prensa nacional","publisher":{"@id":"https:\/\/www.eldiario.net\/portal\/#organization"},"potentialAction":[{"@type":"SearchAction","target":{"@type":"EntryPoint","urlTemplate":"https:\/\/www.eldiario.net\/portal\/?s={search_term_string}"},"query-input":{"@type":"PropertyValueSpecification","valueRequired":true,"valueName":"search_term_string"}}],"inLanguage":"es"},{"@type":"Organization","@id":"https:\/\/www.eldiario.net\/portal\/#organization","name":"El Diario - Decano de la prensa nacional","url":"https:\/\/www.eldiario.net\/portal\/","logo":{"@type":"ImageObject","inLanguage":"es","@id":"https:\/\/www.eldiario.net\/portal\/#\/schema\/logo\/image\/","url":"https:\/\/www.eldiario.net\/portal\/wp-content\/uploads\/2023\/07\/logo_ED.jpg","contentUrl":"https:\/\/www.eldiario.net\/portal\/wp-content\/uploads\/2023\/07\/logo_ED.jpg","width":272,"height":52,"caption":"El Diario - Decano de la prensa nacional"},"image":{"@id":"https:\/\/www.eldiario.net\/portal\/#\/schema\/logo\/image\/"},"sameAs":["https:\/\/www.facebook.com\/eldiario.bolivia\/","https:\/\/x.com\/eldiario_net"]},{"@type":"Person","@id":"https:\/\/www.eldiario.net\/portal\/#\/schema\/person\/f46445640444750d7d753ccd04ae01b7","name":"Jeanette","image":{"@type":"ImageObject","inLanguage":"es","@id":"https:\/\/secure.gravatar.com\/avatar\/3ea2118a5f7dad2b7138b1187a6b7ee55f160b9968b66013c3a3ef39dd7e5798?s=96&d=mm&r=g","url":"https:\/\/secure.gravatar.com\/avatar\/3ea2118a5f7dad2b7138b1187a6b7ee55f160b9968b66013c3a3ef39dd7e5798?s=96&d=mm&r=g","contentUrl":"https:\/\/secure.gravatar.com\/avatar\/3ea2118a5f7dad2b7138b1187a6b7ee55f160b9968b66013c3a3ef39dd7e5798?s=96&d=mm&r=g","caption":"Jeanette"},"sameAs":["https:\/\/www.eldiario.net\/portal"],"url":"https:\/\/www.eldiario.net\/portal\/author\/jeanette\/"}]}},"_links":{"self":[{"href":"https:\/\/www.eldiario.net\/portal\/wp-json\/wp\/v2\/posts\/223102","targetHints":{"allow":["GET"]}}],"collection":[{"href":"https:\/\/www.eldiario.net\/portal\/wp-json\/wp\/v2\/posts"}],"about":[{"href":"https:\/\/www.eldiario.net\/portal\/wp-json\/wp\/v2\/types\/post"}],"author":[{"embeddable":true,"href":"https:\/\/www.eldiario.net\/portal\/wp-json\/wp\/v2\/users\/1"}],"replies":[{"embeddable":true,"href":"https:\/\/www.eldiario.net\/portal\/wp-json\/wp\/v2\/comments?post=223102"}],"version-history":[{"count":1,"href":"https:\/\/www.eldiario.net\/portal\/wp-json\/wp\/v2\/posts\/223102\/revisions"}],"predecessor-version":[{"id":223104,"href":"https:\/\/www.eldiario.net\/portal\/wp-json\/wp\/v2\/posts\/223102\/revisions\/223104"}],"wp:featuredmedia":[{"embeddable":true,"href":"https:\/\/www.eldiario.net\/portal\/wp-json\/wp\/v2\/media\/223103"}],"wp:attachment":[{"href":"https:\/\/www.eldiario.net\/portal\/wp-json\/wp\/v2\/media?parent=223102"}],"wp:term":[{"taxonomy":"category","embeddable":true,"href":"https:\/\/www.eldiario.net\/portal\/wp-json\/wp\/v2\/categories?post=223102"},{"taxonomy":"post_tag","embeddable":true,"href":"https:\/\/www.eldiario.net\/portal\/wp-json\/wp\/v2\/tags?post=223102"}],"curies":[{"name":"wp","href":"https:\/\/api.w.org\/{rel}","templated":true}]}}