{"id":223093,"date":"2024-05-26T07:31:39","date_gmt":"2024-05-26T11:31:39","guid":{"rendered":"https:\/\/www.eldiario.net\/portal\/?p=223093"},"modified":"2024-05-26T07:31:39","modified_gmt":"2024-05-26T11:31:39","slug":"el-poster-y-las-imagenes-de-la-premiere-mundial-de-tipos-de-gentileza-en-el-festival-internacional-de-cine-de-cannes","status":"publish","type":"post","link":"https:\/\/www.eldiario.net\/portal\/2024\/05\/26\/el-poster-y-las-imagenes-de-la-premiere-mundial-de-tipos-de-gentileza-en-el-festival-internacional-de-cine-de-cannes\/","title":{"rendered":"El p\u00f3ster y las im\u00e1genes de la premiere mundial de Tipos de Gentileza en el Festival Internacional de Cine de Cannes"},"content":{"rendered":"<p>La nueva pel\u00edcula de Searchlight Pictures dirigida por Yorgos Lanthimos y protagonizada por Emma Stone, Jesse Plemons, Willem Dafoe, Margaret Qualley, Hong Chau, Joe Alwyn, Mamoudou Athie y Hunter Schafer estrena el 22 de agosto en cines<\/p>\n<p>En esta edici\u00f3n tenemos las im\u00e1genes exclusivas de la premiere mundial de Tipos de Gentileza de Searchlight Pictures en la 77\u00aa edici\u00f3n del Festival Internacional de Cine de Cannes. Asistieron al Grand Th\u00e9\u00e2tre Lumi\u00e8re el director Yorgos Lanthimos y las estrellas Emma Stone, Jesse Plemons, Willem Dafoe, Margaret Qualley, Hong Chau, Joe Alwyn, y Mamoudou Athie.<\/p>\n<p>Tipos de Gentileza es una f\u00e1bula tr\u00edptica que sigue a un hombre sin elecci\u00f3n que intenta tomar las riendas de su propia vida; a un polic\u00eda alarmado porque su esposa, desaparecida en el mar, ha regresado y parece otra persona; y a una mujer decidida a encontrar a alguien espec\u00edfico con una habilidad especial, destinada a convertirse en un prodigioso l\u00edder espiritual.<br \/>\nTipos de Gentileza llega a los cines de Latinoam\u00e9rica el 22 de agosto de 2024.<br \/>\nSearchlight Pictures presenta Tipos de Gentileza, dirigida por el nominado al Oscar Yorgos Lanthimos. Emma Stone, dos veces ganadora del Oscar, protagoniza la pel\u00edcula junto a Jesse Plemons, nominado al Oscar, Willem Dafoe, Margaret Qualley, Hong Chau, nominado al Oscar, Joe Alwyn, Mamoudou Athie y Hunter Schafer. El guion original fue escrito por Lanthimos y Efthimis Filippou, haciendo de este proyecto su quinta colaboraci\u00f3n (La Langosta, El sacrificio del ciervo sagrado, Colmillos, Alps: los suplantadores). La pel\u00edcula fue producida por Ed Guiney, Andrew Lowe, Kasia Malipan y Yorgos Lanthimos.<br \/>\n\r\n                <style type=\"text\/css\">\r\n                    \r\n                    #tdi_1  .td-doubleSlider-2 .td-item1 {\r\n                        background: url(https:\/\/www.eldiario.net\/portal\/wp-content\/uploads\/2024\/05\/El-poster-y-las-imagenes-de-la-premiere-mundial-de-Tipos-de-Gentileza-en-el-Festival-Internacional-de-Cine-de-Cannes-Jesse-Plemons-80x60.jpg) 0 0 no-repeat;\r\n                    }\r\n                    #tdi_1  .td-doubleSlider-2 .td-item2 {\r\n                        background: url(https:\/\/www.eldiario.net\/portal\/wp-content\/uploads\/2024\/05\/El-poster-y-las-imagenes-de-la-premiere-mundial-de-Tipos-de-Gentileza-en-el-Festival-Internacional-de-Cine-de-Cannes-Willem-Dafoe-80x60.jpg) 0 0 no-repeat;\r\n                    }\r\n                    #tdi_1  .td-doubleSlider-2 .td-item3 {\r\n                        background: url(https:\/\/www.eldiario.net\/portal\/wp-content\/uploads\/2024\/05\/El-poster-y-las-imagenes-de-la-premiere-mundial-de-Tipos-de-Gentileza-en-el-Festival-Internacional-de-Cine-de-Cannes-Emma-Stone-80x60.jpg) 0 0 no-repeat;\r\n                    }\r\n                <\/style>\r\n\r\n                <div id=\"tdi_1\" class=\"td-gallery td-slide-on-2-columns\">\r\n                    <div class=\"post_td_gallery\">\r\n                        <div class=\"td-gallery-slide-top\">\r\n                           <div class=\"td-gallery-title\"><\/div>\r\n\r\n                            <div class=\"td-gallery-controls-wrapper\">\r\n                                <div class=\"td-gallery-slide-count\"><span class=\"td-gallery-slide-item-focus\">1<\/span> de 3<\/div>\r\n                                <div class=\"td-gallery-slide-prev-next-but\">\r\n                                    <i class = \"td-icon-left doubleSliderPrevButton\"><\/i>\r\n                                    <i class = \"td-icon-right doubleSliderNextButton\"><\/i>\r\n                                <\/div>\r\n                            <\/div>\r\n                        <\/div>\r\n\r\n                        <div class = \"td-doubleSlider-1 \">\r\n                            <div class = \"td-slider\">\r\n                                \r\n                    <div class = \"td-slide-item td-item1\">\r\n                        <figure class=\"td-slide-galery-figure td-slide-popup-gallery\">\r\n                            <a class=\"slide-gallery-image-link\" href=\"https:\/\/www.eldiario.net\/portal\/wp-content\/uploads\/2024\/05\/El-poster-y-las-imagenes-de-la-premiere-mundial-de-Tipos-de-Gentileza-en-el-Festival-Internacional-de-Cine-de-Cannes-Jesse-Plemons.jpg\" title=\"El-p\u00f3ster-y-las-im\u00e1genes-de-la-premiere-mundial-de-Tipos-de-Gentileza-en-el-Festival-Internacional-de-Cine-de-Cannes-Jesse-Plemons\"  data-caption=\"\"  data-description=\"\">\r\n                                <img decoding=\"async\" src=\"https:\/\/www.eldiario.net\/portal\/wp-content\/uploads\/2024\/05\/El-poster-y-las-imagenes-de-la-premiere-mundial-de-Tipos-de-Gentileza-en-el-Festival-Internacional-de-Cine-de-Cannes-Jesse-Plemons-280x420.jpg\" srcset=\"https:\/\/www.eldiario.net\/portal\/wp-content\/uploads\/2024\/05\/El-poster-y-las-imagenes-de-la-premiere-mundial-de-Tipos-de-Gentileza-en-el-Festival-Internacional-de-Cine-de-Cannes-Jesse-Plemons-280x420.jpg 280w, https:\/\/www.eldiario.net\/portal\/wp-content\/uploads\/2024\/05\/El-poster-y-las-imagenes-de-la-premiere-mundial-de-Tipos-de-Gentileza-en-el-Festival-Internacional-de-Cine-de-Cannes-Jesse-Plemons-200x300.jpg 200w, https:\/\/www.eldiario.net\/portal\/wp-content\/uploads\/2024\/05\/El-poster-y-las-imagenes-de-la-premiere-mundial-de-Tipos-de-Gentileza-en-el-Festival-Internacional-de-Cine-de-Cannes-Jesse-Plemons.jpg 655w\" sizes=\"(max-width: 280px) 100vw, 280px\" alt=\"\">\r\n                            <\/a>\r\n                            \r\n                        <\/figure>\r\n                    <\/div>\r\n                    <div class = \"td-slide-item td-item2\">\r\n                        <figure class=\"td-slide-galery-figure td-slide-popup-gallery\">\r\n                            <a class=\"slide-gallery-image-link\" href=\"https:\/\/www.eldiario.net\/portal\/wp-content\/uploads\/2024\/05\/El-poster-y-las-imagenes-de-la-premiere-mundial-de-Tipos-de-Gentileza-en-el-Festival-Internacional-de-Cine-de-Cannes-Willem-Dafoe.jpg\" title=\"El-p\u00f3ster-y-las-im\u00e1genes-de-la-premiere-mundial-de-Tipos-de-Gentileza-en-el-Festival-Internacional-de-Cine-de-Cannes-Willem-Dafoe\"  data-caption=\"\"  data-description=\"\">\r\n                                <img decoding=\"async\" src=\"https:\/\/www.eldiario.net\/portal\/wp-content\/uploads\/2024\/05\/El-poster-y-las-imagenes-de-la-premiere-mundial-de-Tipos-de-Gentileza-en-el-Festival-Internacional-de-Cine-de-Cannes-Willem-Dafoe-279x420.jpg\" srcset=\"https:\/\/www.eldiario.net\/portal\/wp-content\/uploads\/2024\/05\/El-poster-y-las-imagenes-de-la-premiere-mundial-de-Tipos-de-Gentileza-en-el-Festival-Internacional-de-Cine-de-Cannes-Willem-Dafoe-279x420.jpg 279w, https:\/\/www.eldiario.net\/portal\/wp-content\/uploads\/2024\/05\/El-poster-y-las-imagenes-de-la-premiere-mundial-de-Tipos-de-Gentileza-en-el-Festival-Internacional-de-Cine-de-Cannes-Willem-Dafoe-199x300.jpg 199w, https:\/\/www.eldiario.net\/portal\/wp-content\/uploads\/2024\/05\/El-poster-y-las-imagenes-de-la-premiere-mundial-de-Tipos-de-Gentileza-en-el-Festival-Internacional-de-Cine-de-Cannes-Willem-Dafoe.jpg 678w\" sizes=\"(max-width: 279px) 100vw, 279px\" alt=\"\">\r\n                            <\/a>\r\n                            \r\n                        <\/figure>\r\n                    <\/div>\r\n                    <div class = \"td-slide-item td-item3\">\r\n                        <figure class=\"td-slide-galery-figure td-slide-popup-gallery\">\r\n                            <a class=\"slide-gallery-image-link\" href=\"https:\/\/www.eldiario.net\/portal\/wp-content\/uploads\/2024\/05\/El-poster-y-las-imagenes-de-la-premiere-mundial-de-Tipos-de-Gentileza-en-el-Festival-Internacional-de-Cine-de-Cannes-Emma-Stone.jpg\" title=\"El-p\u00f3ster-y-las-im\u00e1genes-de-la-premiere-mundial-de-Tipos-de-Gentileza-en-el-Festival-Internacional-de-Cine-de-Cannes--Emma-Stone\"  data-caption=\"\"  data-description=\"\">\r\n                                <img decoding=\"async\" src=\"https:\/\/www.eldiario.net\/portal\/wp-content\/uploads\/2024\/05\/El-poster-y-las-imagenes-de-la-premiere-mundial-de-Tipos-de-Gentileza-en-el-Festival-Internacional-de-Cine-de-Cannes-Emma-Stone-279x420.jpg\" srcset=\"https:\/\/www.eldiario.net\/portal\/wp-content\/uploads\/2024\/05\/El-poster-y-las-imagenes-de-la-premiere-mundial-de-Tipos-de-Gentileza-en-el-Festival-Internacional-de-Cine-de-Cannes-Emma-Stone-279x420.jpg 279w, https:\/\/www.eldiario.net\/portal\/wp-content\/uploads\/2024\/05\/El-poster-y-las-imagenes-de-la-premiere-mundial-de-Tipos-de-Gentileza-en-el-Festival-Internacional-de-Cine-de-Cannes-Emma-Stone-200x300.jpg 200w, https:\/\/www.eldiario.net\/portal\/wp-content\/uploads\/2024\/05\/El-poster-y-las-imagenes-de-la-premiere-mundial-de-Tipos-de-Gentileza-en-el-Festival-Internacional-de-Cine-de-Cannes-Emma-Stone.jpg 656w\" sizes=\"(max-width: 279px) 100vw, 279px\" alt=\"\">\r\n                            <\/a>\r\n                            \r\n                        <\/figure>\r\n                    <\/div>\r\n                            <\/div>\r\n                        <\/div>\r\n\r\n                        <div class = \"td-doubleSlider-2\">\r\n                            <div class = \"td-slider\">\r\n                                \r\n                    <div class = \"td-button td-item1\">\r\n                        <div class = \"td-border\"><\/div>\r\n                    <\/div>\r\n                    <div class = \"td-button td-item2\">\r\n                        <div class = \"td-border\"><\/div>\r\n                    <\/div>\r\n                    <div class = \"td-button td-item3\">\r\n                        <div class = \"td-border\"><\/div>\r\n                    <\/div>\r\n                            <\/div>\r\n                        <\/div>\r\n\r\n                    <\/div>\r\n\r\n                <\/div>\r\n                <\/p>\n","protected":false},"excerpt":{"rendered":"<p>La nueva pel\u00edcula de Searchlight Pictures dirigida por Yorgos Lanthimos y protagonizada por Emma Stone, Jesse Plemons, Willem Dafoe, Margaret Qualley, Hong Chau, Joe Alwyn, Mamoudou Athie y Hunter Schafer estrena el 22 de agosto en cines En esta edici\u00f3n tenemos las im\u00e1genes exclusivas de la premiere mundial de Tipos de Gentileza de Searchlight Pictures [&hellip;]<\/p>\n","protected":false},"author":1,"featured_media":223094,"comment_status":"open","ping_status":"open","sticky":false,"template":"","format":"standard","meta":{"_acf_changed":false,"footnotes":""},"categories":[45],"tags":[],"class_list":["post-223093","post","type-post","status-publish","format-standard","has-post-thumbnail","category-cine-mundo"],"acf":{"antetitulo":""},"yoast_head":"<!-- This site is optimized with the Yoast SEO plugin v28.4 - https:\/\/yoast.com\/product\/yoast-seo-wordpress\/ -->\n<title>El p\u00f3ster y las im\u00e1genes de la premiere mundial de Tipos de Gentileza en el Festival Internacional de Cine de Cannes - El Diario - Bolivia<\/title>\n<meta name=\"robots\" content=\"index, follow, max-snippet:-1, max-image-preview:large, max-video-preview:-1\" \/>\n<link rel=\"canonical\" href=\"https:\/\/www.eldiario.net\/portal\/2024\/05\/26\/el-poster-y-las-imagenes-de-la-premiere-mundial-de-tipos-de-gentileza-en-el-festival-internacional-de-cine-de-cannes\/\" \/>\n<meta property=\"og:locale\" content=\"es_ES\" \/>\n<meta property=\"og:type\" content=\"article\" \/>\n<meta property=\"og:title\" content=\"El p\u00f3ster y las im\u00e1genes de la premiere mundial de Tipos de Gentileza en el Festival Internacional de Cine de Cannes - El Diario - Bolivia\" \/>\n<meta property=\"og:description\" content=\"La nueva pel\u00edcula de Searchlight Pictures dirigida por Yorgos Lanthimos y protagonizada por Emma Stone, Jesse Plemons, Willem Dafoe, Margaret Qualley, Hong Chau, Joe Alwyn, Mamoudou Athie y Hunter Schafer estrena el 22 de agosto en cines En esta edici\u00f3n tenemos las im\u00e1genes exclusivas de la premiere mundial de Tipos de Gentileza de Searchlight Pictures [&hellip;]\" \/>\n<meta property=\"og:url\" content=\"https:\/\/www.eldiario.net\/portal\/2024\/05\/26\/el-poster-y-las-imagenes-de-la-premiere-mundial-de-tipos-de-gentileza-en-el-festival-internacional-de-cine-de-cannes\/\" \/>\n<meta property=\"og:site_name\" content=\"El Diario - Bolivia\" \/>\n<meta property=\"article:publisher\" content=\"https:\/\/www.facebook.com\/eldiario.bolivia\/\" \/>\n<meta property=\"article:published_time\" content=\"2024-05-26T11:31:39+00:00\" \/>\n<meta property=\"og:image\" content=\"https:\/\/www.eldiario.net\/portal\/wp-content\/uploads\/2024\/05\/El-poster-y-las-imagenes-de-la-premiere-mundial-de-Tipos-de-Gentileza-en-el-Festival-Internacional-de-Cine-de-Cannes.jpg\" \/>\n\t<meta property=\"og:image:width\" content=\"907\" \/>\n\t<meta property=\"og:image:height\" content=\"1065\" \/>\n\t<meta property=\"og:image:type\" content=\"image\/jpeg\" \/>\n<meta name=\"author\" content=\"Jeanette\" \/>\n<meta name=\"twitter:card\" content=\"summary_large_image\" \/>\n<meta name=\"twitter:creator\" content=\"@eldiario_net\" \/>\n<meta name=\"twitter:site\" content=\"@eldiario_net\" \/>\n<meta name=\"twitter:label1\" content=\"Escrito por\" \/>\n\t<meta name=\"twitter:data1\" content=\"Jeanette\" \/>\n\t<meta name=\"twitter:label2\" content=\"Tiempo de lectura\" \/>\n\t<meta name=\"twitter:data2\" content=\"1 minuto\" \/>\n<script type=\"application\/ld+json\" class=\"yoast-schema-graph\">{\"@context\":\"https:\\\/\\\/schema.org\",\"@graph\":[{\"@type\":\"Article\",\"@id\":\"https:\\\/\\\/www.eldiario.net\\\/portal\\\/2024\\\/05\\\/26\\\/el-poster-y-las-imagenes-de-la-premiere-mundial-de-tipos-de-gentileza-en-el-festival-internacional-de-cine-de-cannes\\\/#article\",\"isPartOf\":{\"@id\":\"https:\\\/\\\/www.eldiario.net\\\/portal\\\/2024\\\/05\\\/26\\\/el-poster-y-las-imagenes-de-la-premiere-mundial-de-tipos-de-gentileza-en-el-festival-internacional-de-cine-de-cannes\\\/\"},\"author\":{\"name\":\"Jeanette\",\"@id\":\"https:\\\/\\\/www.eldiario.net\\\/portal\\\/#\\\/schema\\\/person\\\/f46445640444750d7d753ccd04ae01b7\"},\"headline\":\"El p\u00f3ster y las im\u00e1genes de la premiere mundial de Tipos de Gentileza en el Festival Internacional de Cine de Cannes\",\"datePublished\":\"2024-05-26T11:31:39+00:00\",\"mainEntityOfPage\":{\"@id\":\"https:\\\/\\\/www.eldiario.net\\\/portal\\\/2024\\\/05\\\/26\\\/el-poster-y-las-imagenes-de-la-premiere-mundial-de-tipos-de-gentileza-en-el-festival-internacional-de-cine-de-cannes\\\/\"},\"wordCount\":303,\"commentCount\":0,\"publisher\":{\"@id\":\"https:\\\/\\\/www.eldiario.net\\\/portal\\\/#organization\"},\"image\":{\"@id\":\"https:\\\/\\\/www.eldiario.net\\\/portal\\\/2024\\\/05\\\/26\\\/el-poster-y-las-imagenes-de-la-premiere-mundial-de-tipos-de-gentileza-en-el-festival-internacional-de-cine-de-cannes\\\/#primaryimage\"},\"thumbnailUrl\":\"https:\\\/\\\/www.eldiario.net\\\/portal\\\/wp-content\\\/uploads\\\/2024\\\/05\\\/El-poster-y-las-imagenes-de-la-premiere-mundial-de-Tipos-de-Gentileza-en-el-Festival-Internacional-de-Cine-de-Cannes.jpg\",\"articleSection\":[\"Cine Mundo\"],\"inLanguage\":\"es\",\"potentialAction\":[{\"@type\":\"CommentAction\",\"name\":\"Comment\",\"target\":[\"https:\\\/\\\/www.eldiario.net\\\/portal\\\/2024\\\/05\\\/26\\\/el-poster-y-las-imagenes-de-la-premiere-mundial-de-tipos-de-gentileza-en-el-festival-internacional-de-cine-de-cannes\\\/#respond\"]}]},{\"@type\":\"WebPage\",\"@id\":\"https:\\\/\\\/www.eldiario.net\\\/portal\\\/2024\\\/05\\\/26\\\/el-poster-y-las-imagenes-de-la-premiere-mundial-de-tipos-de-gentileza-en-el-festival-internacional-de-cine-de-cannes\\\/\",\"url\":\"https:\\\/\\\/www.eldiario.net\\\/portal\\\/2024\\\/05\\\/26\\\/el-poster-y-las-imagenes-de-la-premiere-mundial-de-tipos-de-gentileza-en-el-festival-internacional-de-cine-de-cannes\\\/\",\"name\":\"El p\u00f3ster y las im\u00e1genes de la premiere mundial de Tipos de Gentileza en el Festival Internacional de Cine de Cannes - El Diario - Bolivia\",\"isPartOf\":{\"@id\":\"https:\\\/\\\/www.eldiario.net\\\/portal\\\/#website\"},\"primaryImageOfPage\":{\"@id\":\"https:\\\/\\\/www.eldiario.net\\\/portal\\\/2024\\\/05\\\/26\\\/el-poster-y-las-imagenes-de-la-premiere-mundial-de-tipos-de-gentileza-en-el-festival-internacional-de-cine-de-cannes\\\/#primaryimage\"},\"image\":{\"@id\":\"https:\\\/\\\/www.eldiario.net\\\/portal\\\/2024\\\/05\\\/26\\\/el-poster-y-las-imagenes-de-la-premiere-mundial-de-tipos-de-gentileza-en-el-festival-internacional-de-cine-de-cannes\\\/#primaryimage\"},\"thumbnailUrl\":\"https:\\\/\\\/www.eldiario.net\\\/portal\\\/wp-content\\\/uploads\\\/2024\\\/05\\\/El-poster-y-las-imagenes-de-la-premiere-mundial-de-Tipos-de-Gentileza-en-el-Festival-Internacional-de-Cine-de-Cannes.jpg\",\"datePublished\":\"2024-05-26T11:31:39+00:00\",\"breadcrumb\":{\"@id\":\"https:\\\/\\\/www.eldiario.net\\\/portal\\\/2024\\\/05\\\/26\\\/el-poster-y-las-imagenes-de-la-premiere-mundial-de-tipos-de-gentileza-en-el-festival-internacional-de-cine-de-cannes\\\/#breadcrumb\"},\"inLanguage\":\"es\",\"potentialAction\":[{\"@type\":\"ReadAction\",\"target\":[\"https:\\\/\\\/www.eldiario.net\\\/portal\\\/2024\\\/05\\\/26\\\/el-poster-y-las-imagenes-de-la-premiere-mundial-de-tipos-de-gentileza-en-el-festival-internacional-de-cine-de-cannes\\\/\"]}]},{\"@type\":\"ImageObject\",\"inLanguage\":\"es\",\"@id\":\"https:\\\/\\\/www.eldiario.net\\\/portal\\\/2024\\\/05\\\/26\\\/el-poster-y-las-imagenes-de-la-premiere-mundial-de-tipos-de-gentileza-en-el-festival-internacional-de-cine-de-cannes\\\/#primaryimage\",\"url\":\"https:\\\/\\\/www.eldiario.net\\\/portal\\\/wp-content\\\/uploads\\\/2024\\\/05\\\/El-poster-y-las-imagenes-de-la-premiere-mundial-de-Tipos-de-Gentileza-en-el-Festival-Internacional-de-Cine-de-Cannes.jpg\",\"contentUrl\":\"https:\\\/\\\/www.eldiario.net\\\/portal\\\/wp-content\\\/uploads\\\/2024\\\/05\\\/El-poster-y-las-imagenes-de-la-premiere-mundial-de-Tipos-de-Gentileza-en-el-Festival-Internacional-de-Cine-de-Cannes.jpg\",\"width\":907,\"height\":1065},{\"@type\":\"BreadcrumbList\",\"@id\":\"https:\\\/\\\/www.eldiario.net\\\/portal\\\/2024\\\/05\\\/26\\\/el-poster-y-las-imagenes-de-la-premiere-mundial-de-tipos-de-gentileza-en-el-festival-internacional-de-cine-de-cannes\\\/#breadcrumb\",\"itemListElement\":[{\"@type\":\"ListItem\",\"position\":1,\"name\":\"Portada\",\"item\":\"https:\\\/\\\/www.eldiario.net\\\/portal\\\/\"},{\"@type\":\"ListItem\",\"position\":2,\"name\":\"El p\u00f3ster y las im\u00e1genes de la premiere mundial de Tipos de Gentileza en el Festival Internacional de Cine de Cannes\"}]},{\"@type\":\"WebSite\",\"@id\":\"https:\\\/\\\/www.eldiario.net\\\/portal\\\/#website\",\"url\":\"https:\\\/\\\/www.eldiario.net\\\/portal\\\/\",\"name\":\"El Diario - Decano de la prensa nacional\",\"description\":\"El Diario - Decano de la prensa nacional\",\"publisher\":{\"@id\":\"https:\\\/\\\/www.eldiario.net\\\/portal\\\/#organization\"},\"potentialAction\":[{\"@type\":\"SearchAction\",\"target\":{\"@type\":\"EntryPoint\",\"urlTemplate\":\"https:\\\/\\\/www.eldiario.net\\\/portal\\\/?s={search_term_string}\"},\"query-input\":{\"@type\":\"PropertyValueSpecification\",\"valueRequired\":true,\"valueName\":\"search_term_string\"}}],\"inLanguage\":\"es\"},{\"@type\":\"Organization\",\"@id\":\"https:\\\/\\\/www.eldiario.net\\\/portal\\\/#organization\",\"name\":\"El Diario - Decano de la prensa nacional\",\"url\":\"https:\\\/\\\/www.eldiario.net\\\/portal\\\/\",\"logo\":{\"@type\":\"ImageObject\",\"inLanguage\":\"es\",\"@id\":\"https:\\\/\\\/www.eldiario.net\\\/portal\\\/#\\\/schema\\\/logo\\\/image\\\/\",\"url\":\"https:\\\/\\\/www.eldiario.net\\\/portal\\\/wp-content\\\/uploads\\\/2023\\\/07\\\/logo_ED.jpg\",\"contentUrl\":\"https:\\\/\\\/www.eldiario.net\\\/portal\\\/wp-content\\\/uploads\\\/2023\\\/07\\\/logo_ED.jpg\",\"width\":272,\"height\":52,\"caption\":\"El Diario - Decano de la prensa nacional\"},\"image\":{\"@id\":\"https:\\\/\\\/www.eldiario.net\\\/portal\\\/#\\\/schema\\\/logo\\\/image\\\/\"},\"sameAs\":[\"https:\\\/\\\/www.facebook.com\\\/eldiario.bolivia\\\/\",\"https:\\\/\\\/x.com\\\/eldiario_net\"]},{\"@type\":\"Person\",\"@id\":\"https:\\\/\\\/www.eldiario.net\\\/portal\\\/#\\\/schema\\\/person\\\/f46445640444750d7d753ccd04ae01b7\",\"name\":\"Jeanette\",\"image\":{\"@type\":\"ImageObject\",\"inLanguage\":\"es\",\"@id\":\"https:\\\/\\\/secure.gravatar.com\\\/avatar\\\/3ea2118a5f7dad2b7138b1187a6b7ee55f160b9968b66013c3a3ef39dd7e5798?s=96&d=mm&r=g\",\"url\":\"https:\\\/\\\/secure.gravatar.com\\\/avatar\\\/3ea2118a5f7dad2b7138b1187a6b7ee55f160b9968b66013c3a3ef39dd7e5798?s=96&d=mm&r=g\",\"contentUrl\":\"https:\\\/\\\/secure.gravatar.com\\\/avatar\\\/3ea2118a5f7dad2b7138b1187a6b7ee55f160b9968b66013c3a3ef39dd7e5798?s=96&d=mm&r=g\",\"caption\":\"Jeanette\"},\"sameAs\":[\"https:\\\/\\\/www.eldiario.net\\\/portal\"],\"url\":\"https:\\\/\\\/www.eldiario.net\\\/portal\\\/author\\\/jeanette\\\/\"}]}<\/script>\n<!-- \/ Yoast SEO plugin. -->","yoast_head_json":{"title":"El p\u00f3ster y las im\u00e1genes de la premiere mundial de Tipos de Gentileza en el Festival Internacional de Cine de Cannes - El Diario - Bolivia","robots":{"index":"index","follow":"follow","max-snippet":"max-snippet:-1","max-image-preview":"max-image-preview:large","max-video-preview":"max-video-preview:-1"},"canonical":"https:\/\/www.eldiario.net\/portal\/2024\/05\/26\/el-poster-y-las-imagenes-de-la-premiere-mundial-de-tipos-de-gentileza-en-el-festival-internacional-de-cine-de-cannes\/","og_locale":"es_ES","og_type":"article","og_title":"El p\u00f3ster y las im\u00e1genes de la premiere mundial de Tipos de Gentileza en el Festival Internacional de Cine de Cannes - El Diario - Bolivia","og_description":"La nueva pel\u00edcula de Searchlight Pictures dirigida por Yorgos Lanthimos y protagonizada por Emma Stone, Jesse Plemons, Willem Dafoe, Margaret Qualley, Hong Chau, Joe Alwyn, Mamoudou Athie y Hunter Schafer estrena el 22 de agosto en cines En esta edici\u00f3n tenemos las im\u00e1genes exclusivas de la premiere mundial de Tipos de Gentileza de Searchlight Pictures [&hellip;]","og_url":"https:\/\/www.eldiario.net\/portal\/2024\/05\/26\/el-poster-y-las-imagenes-de-la-premiere-mundial-de-tipos-de-gentileza-en-el-festival-internacional-de-cine-de-cannes\/","og_site_name":"El Diario - Bolivia","article_publisher":"https:\/\/www.facebook.com\/eldiario.bolivia\/","article_published_time":"2024-05-26T11:31:39+00:00","og_image":[{"width":907,"height":1065,"url":"https:\/\/www.eldiario.net\/portal\/wp-content\/uploads\/2024\/05\/El-poster-y-las-imagenes-de-la-premiere-mundial-de-Tipos-de-Gentileza-en-el-Festival-Internacional-de-Cine-de-Cannes.jpg","type":"image\/jpeg"}],"author":"Jeanette","twitter_card":"summary_large_image","twitter_creator":"@eldiario_net","twitter_site":"@eldiario_net","twitter_misc":{"Escrito por":"Jeanette","Tiempo de lectura":"1 minuto"},"schema":{"@context":"https:\/\/schema.org","@graph":[{"@type":"Article","@id":"https:\/\/www.eldiario.net\/portal\/2024\/05\/26\/el-poster-y-las-imagenes-de-la-premiere-mundial-de-tipos-de-gentileza-en-el-festival-internacional-de-cine-de-cannes\/#article","isPartOf":{"@id":"https:\/\/www.eldiario.net\/portal\/2024\/05\/26\/el-poster-y-las-imagenes-de-la-premiere-mundial-de-tipos-de-gentileza-en-el-festival-internacional-de-cine-de-cannes\/"},"author":{"name":"Jeanette","@id":"https:\/\/www.eldiario.net\/portal\/#\/schema\/person\/f46445640444750d7d753ccd04ae01b7"},"headline":"El p\u00f3ster y las im\u00e1genes de la premiere mundial de Tipos de Gentileza en el Festival Internacional de Cine de Cannes","datePublished":"2024-05-26T11:31:39+00:00","mainEntityOfPage":{"@id":"https:\/\/www.eldiario.net\/portal\/2024\/05\/26\/el-poster-y-las-imagenes-de-la-premiere-mundial-de-tipos-de-gentileza-en-el-festival-internacional-de-cine-de-cannes\/"},"wordCount":303,"commentCount":0,"publisher":{"@id":"https:\/\/www.eldiario.net\/portal\/#organization"},"image":{"@id":"https:\/\/www.eldiario.net\/portal\/2024\/05\/26\/el-poster-y-las-imagenes-de-la-premiere-mundial-de-tipos-de-gentileza-en-el-festival-internacional-de-cine-de-cannes\/#primaryimage"},"thumbnailUrl":"https:\/\/www.eldiario.net\/portal\/wp-content\/uploads\/2024\/05\/El-poster-y-las-imagenes-de-la-premiere-mundial-de-Tipos-de-Gentileza-en-el-Festival-Internacional-de-Cine-de-Cannes.jpg","articleSection":["Cine Mundo"],"inLanguage":"es","potentialAction":[{"@type":"CommentAction","name":"Comment","target":["https:\/\/www.eldiario.net\/portal\/2024\/05\/26\/el-poster-y-las-imagenes-de-la-premiere-mundial-de-tipos-de-gentileza-en-el-festival-internacional-de-cine-de-cannes\/#respond"]}]},{"@type":"WebPage","@id":"https:\/\/www.eldiario.net\/portal\/2024\/05\/26\/el-poster-y-las-imagenes-de-la-premiere-mundial-de-tipos-de-gentileza-en-el-festival-internacional-de-cine-de-cannes\/","url":"https:\/\/www.eldiario.net\/portal\/2024\/05\/26\/el-poster-y-las-imagenes-de-la-premiere-mundial-de-tipos-de-gentileza-en-el-festival-internacional-de-cine-de-cannes\/","name":"El p\u00f3ster y las im\u00e1genes de la premiere mundial de Tipos de Gentileza en el Festival Internacional de Cine de Cannes - El Diario - Bolivia","isPartOf":{"@id":"https:\/\/www.eldiario.net\/portal\/#website"},"primaryImageOfPage":{"@id":"https:\/\/www.eldiario.net\/portal\/2024\/05\/26\/el-poster-y-las-imagenes-de-la-premiere-mundial-de-tipos-de-gentileza-en-el-festival-internacional-de-cine-de-cannes\/#primaryimage"},"image":{"@id":"https:\/\/www.eldiario.net\/portal\/2024\/05\/26\/el-poster-y-las-imagenes-de-la-premiere-mundial-de-tipos-de-gentileza-en-el-festival-internacional-de-cine-de-cannes\/#primaryimage"},"thumbnailUrl":"https:\/\/www.eldiario.net\/portal\/wp-content\/uploads\/2024\/05\/El-poster-y-las-imagenes-de-la-premiere-mundial-de-Tipos-de-Gentileza-en-el-Festival-Internacional-de-Cine-de-Cannes.jpg","datePublished":"2024-05-26T11:31:39+00:00","breadcrumb":{"@id":"https:\/\/www.eldiario.net\/portal\/2024\/05\/26\/el-poster-y-las-imagenes-de-la-premiere-mundial-de-tipos-de-gentileza-en-el-festival-internacional-de-cine-de-cannes\/#breadcrumb"},"inLanguage":"es","potentialAction":[{"@type":"ReadAction","target":["https:\/\/www.eldiario.net\/portal\/2024\/05\/26\/el-poster-y-las-imagenes-de-la-premiere-mundial-de-tipos-de-gentileza-en-el-festival-internacional-de-cine-de-cannes\/"]}]},{"@type":"ImageObject","inLanguage":"es","@id":"https:\/\/www.eldiario.net\/portal\/2024\/05\/26\/el-poster-y-las-imagenes-de-la-premiere-mundial-de-tipos-de-gentileza-en-el-festival-internacional-de-cine-de-cannes\/#primaryimage","url":"https:\/\/www.eldiario.net\/portal\/wp-content\/uploads\/2024\/05\/El-poster-y-las-imagenes-de-la-premiere-mundial-de-Tipos-de-Gentileza-en-el-Festival-Internacional-de-Cine-de-Cannes.jpg","contentUrl":"https:\/\/www.eldiario.net\/portal\/wp-content\/uploads\/2024\/05\/El-poster-y-las-imagenes-de-la-premiere-mundial-de-Tipos-de-Gentileza-en-el-Festival-Internacional-de-Cine-de-Cannes.jpg","width":907,"height":1065},{"@type":"BreadcrumbList","@id":"https:\/\/www.eldiario.net\/portal\/2024\/05\/26\/el-poster-y-las-imagenes-de-la-premiere-mundial-de-tipos-de-gentileza-en-el-festival-internacional-de-cine-de-cannes\/#breadcrumb","itemListElement":[{"@type":"ListItem","position":1,"name":"Portada","item":"https:\/\/www.eldiario.net\/portal\/"},{"@type":"ListItem","position":2,"name":"El p\u00f3ster y las im\u00e1genes de la premiere mundial de Tipos de Gentileza en el Festival Internacional de Cine de Cannes"}]},{"@type":"WebSite","@id":"https:\/\/www.eldiario.net\/portal\/#website","url":"https:\/\/www.eldiario.net\/portal\/","name":"El Diario - Decano de la prensa nacional","description":"El Diario - Decano de la prensa nacional","publisher":{"@id":"https:\/\/www.eldiario.net\/portal\/#organization"},"potentialAction":[{"@type":"SearchAction","target":{"@type":"EntryPoint","urlTemplate":"https:\/\/www.eldiario.net\/portal\/?s={search_term_string}"},"query-input":{"@type":"PropertyValueSpecification","valueRequired":true,"valueName":"search_term_string"}}],"inLanguage":"es"},{"@type":"Organization","@id":"https:\/\/www.eldiario.net\/portal\/#organization","name":"El Diario - Decano de la prensa nacional","url":"https:\/\/www.eldiario.net\/portal\/","logo":{"@type":"ImageObject","inLanguage":"es","@id":"https:\/\/www.eldiario.net\/portal\/#\/schema\/logo\/image\/","url":"https:\/\/www.eldiario.net\/portal\/wp-content\/uploads\/2023\/07\/logo_ED.jpg","contentUrl":"https:\/\/www.eldiario.net\/portal\/wp-content\/uploads\/2023\/07\/logo_ED.jpg","width":272,"height":52,"caption":"El Diario - Decano de la prensa nacional"},"image":{"@id":"https:\/\/www.eldiario.net\/portal\/#\/schema\/logo\/image\/"},"sameAs":["https:\/\/www.facebook.com\/eldiario.bolivia\/","https:\/\/x.com\/eldiario_net"]},{"@type":"Person","@id":"https:\/\/www.eldiario.net\/portal\/#\/schema\/person\/f46445640444750d7d753ccd04ae01b7","name":"Jeanette","image":{"@type":"ImageObject","inLanguage":"es","@id":"https:\/\/secure.gravatar.com\/avatar\/3ea2118a5f7dad2b7138b1187a6b7ee55f160b9968b66013c3a3ef39dd7e5798?s=96&d=mm&r=g","url":"https:\/\/secure.gravatar.com\/avatar\/3ea2118a5f7dad2b7138b1187a6b7ee55f160b9968b66013c3a3ef39dd7e5798?s=96&d=mm&r=g","contentUrl":"https:\/\/secure.gravatar.com\/avatar\/3ea2118a5f7dad2b7138b1187a6b7ee55f160b9968b66013c3a3ef39dd7e5798?s=96&d=mm&r=g","caption":"Jeanette"},"sameAs":["https:\/\/www.eldiario.net\/portal"],"url":"https:\/\/www.eldiario.net\/portal\/author\/jeanette\/"}]}},"_links":{"self":[{"href":"https:\/\/www.eldiario.net\/portal\/wp-json\/wp\/v2\/posts\/223093","targetHints":{"allow":["GET"]}}],"collection":[{"href":"https:\/\/www.eldiario.net\/portal\/wp-json\/wp\/v2\/posts"}],"about":[{"href":"https:\/\/www.eldiario.net\/portal\/wp-json\/wp\/v2\/types\/post"}],"author":[{"embeddable":true,"href":"https:\/\/www.eldiario.net\/portal\/wp-json\/wp\/v2\/users\/1"}],"replies":[{"embeddable":true,"href":"https:\/\/www.eldiario.net\/portal\/wp-json\/wp\/v2\/comments?post=223093"}],"version-history":[{"count":1,"href":"https:\/\/www.eldiario.net\/portal\/wp-json\/wp\/v2\/posts\/223093\/revisions"}],"predecessor-version":[{"id":223098,"href":"https:\/\/www.eldiario.net\/portal\/wp-json\/wp\/v2\/posts\/223093\/revisions\/223098"}],"wp:featuredmedia":[{"embeddable":true,"href":"https:\/\/www.eldiario.net\/portal\/wp-json\/wp\/v2\/media\/223094"}],"wp:attachment":[{"href":"https:\/\/www.eldiario.net\/portal\/wp-json\/wp\/v2\/media?parent=223093"}],"wp:term":[{"taxonomy":"category","embeddable":true,"href":"https:\/\/www.eldiario.net\/portal\/wp-json\/wp\/v2\/categories?post=223093"},{"taxonomy":"post_tag","embeddable":true,"href":"https:\/\/www.eldiario.net\/portal\/wp-json\/wp\/v2\/tags?post=223093"}],"curies":[{"name":"wp","href":"https:\/\/api.w.org\/{rel}","templated":true}]}}