{"id":22309,"date":"2021-08-09T06:04:52","date_gmt":"2021-08-09T10:04:52","guid":{"rendered":"https:\/\/www.eldiario.net\/portal\/?p=22309"},"modified":"2021-08-09T06:04:52","modified_gmt":"2021-08-09T10:04:52","slug":"estudiantes-de-trabajo-social-recuperan-anhelo-de-titularse","status":"publish","type":"post","link":"https:\/\/www.eldiario.net\/portal\/2021\/08\/09\/estudiantes-de-trabajo-social-recuperan-anhelo-de-titularse\/","title":{"rendered":"Estudiantes de Trabajo Social recuperan anhelo de titularse"},"content":{"rendered":"<p>La principal universidad estatal de Bolivia est\u00e1 entre otros centros educativos que tienen procesos administrativos complejos, llenos de requisitos y que terminan agotando las energ\u00edas de los estudiantes por obtener un t\u00edtulo profesional, tras completar estudios de cinco a\u00f1os.<br \/>\nEl llanto de una alumna de la Carrera de Trabajo Social de la Universidad Mayor de San Andr\u00e9s (UMSA) que hab\u00eda perdido la esperanza de obtener su t\u00edtulo, tras cinco a\u00f1os de espera por un tr\u00e1mite simple, fue el conmovedor gesto de agradecimiento por la gesti\u00f3n de la directora interina de la especialidad, Marcela Molina Avil\u00e9s que hizo posible la obtenci\u00f3n del documento esperado.<br \/>\nMolina Avil\u00e9s es licenciada en Trabajo Social, especialista en Educaci\u00f3n Superior y gesti\u00f3n universitaria y con una maestr\u00eda en Administraci\u00f3n de Servicios Sociales obtenida en la Universidad de la Coru\u00f1a de Madrid (Espa\u00f1a).<br \/>\nLa profesional ejerci\u00f3 de manera interina la Direcci\u00f3n de la Carrera de Trabajo Social durante tres meses, y en ese corto tiempo emple\u00f3 su experiencia de 39 a\u00f1os como docente, y dedic\u00f3 atenci\u00f3n a los temas de urgencia de 150 estudiantes.<br \/>\nLas estudiantes de quinto a\u00f1o se quejaban de la demora en los tr\u00e1mites realizados en la unidad de kardex \u201cy no pod\u00eda creer que una emisi\u00f3n de certificado de conclusi\u00f3n de estudios tardase un a\u00f1o, al igual que los certificados \u00fanicos que requieren los estudiantes para su titulaci\u00f3n\u201d, comenta.<br \/>\nQued\u00f3 sorprendida al conocer el caso de una alumna que esperaba un certificado de conclusi\u00f3n de estudios, desde hace cinco a\u00f1os, y no se atend\u00eda el pedido bajo el argumento de la falta de una resoluci\u00f3n de excepci\u00f3n que le permiti\u00f3 cursar materias atrasadas.<br \/>\nEn s\u00edntesis, el tr\u00e1mite consist\u00eda en incluir una fotocopia de la resoluci\u00f3n en el historial de la estudiante, \u201cpero la negligencia de la archivista de ese entonces, afect\u00f3 a la estudiante\u201d, recuerda Molina.<br \/>\nPronto las se\u00f1ales de atenci\u00f3n inmediata a las peticiones de las estudiantes recibieron gratificaci\u00f3n.<br \/>\n\u201cUna veintena de estudiantes vinieron, incluso con sus hijos y, en algunos casos con sus padres, para agradecer de todo coraz\u00f3n por haberles posibilitado el inicio de tr\u00e1mites de titulaci\u00f3n\u201d, explica.<br \/>\n\u201cUna alumna llor\u00f3 de emoci\u00f3n porque ella, seg\u00fan su testimonio, ya hab\u00eda perdido la esperanza de titularse\u201d en la especialidad de trabajadora social.<br \/>\nComo conclusi\u00f3n de los testimonios recogidos y su experiencia en la funci\u00f3n de Directora interina, Molina considera que los tr\u00e1mites previos a la titulaci\u00f3n de profesionales deben simplificarse y resumirse en la obtenci\u00f3n del certificado \u00fanico que incluya las notas de las materias vencidas durante el ciclo de formaci\u00f3n acad\u00e9mica.<br \/>\nPropone la capacitaci\u00f3n del personal administrativo en la atenci\u00f3n de los estudiantes, con \u00e9nfasis en las relaciones humanas y capacidad para atender oportunamente los tr\u00e1mites solicitados por los estudiantes.<br \/>\nSugiere la creaci\u00f3n de un gobierno digital en la UMSA que permita la agilidad de tr\u00e1mites \u201csin necesidad de concurrir a las oficinas universitarias\u201d. Como medida complementaria alienta la creaci\u00f3n de c\u00f3digos de seguridad y de firmas digitales.<\/p>\n","protected":false},"excerpt":{"rendered":"<p>La principal universidad estatal de Bolivia est\u00e1 entre otros centros educativos que tienen procesos administrativos complejos, llenos de requisitos y que terminan agotando las energ\u00edas de los estudiantes por obtener un t\u00edtulo profesional, tras completar estudios de cinco a\u00f1os. El llanto de una alumna de la Carrera de Trabajo Social de la Universidad Mayor de [&hellip;]<\/p>\n","protected":false},"author":1,"featured_media":22310,"comment_status":"closed","ping_status":"closed","sticky":false,"template":"","format":"standard","meta":{"_acf_changed":false,"footnotes":""},"categories":[12],"tags":[],"class_list":["post-22309","post","type-post","status-publish","format-standard","has-post-thumbnail","category-nacional"],"acf":{"antetitulo":""},"yoast_head":"<!-- This site is optimized with the Yoast SEO plugin v28.4 - https:\/\/yoast.com\/product\/yoast-seo-wordpress\/ -->\n<title>Estudiantes de Trabajo Social recuperan anhelo de titularse - El Diario - Bolivia<\/title>\n<meta name=\"robots\" content=\"index, follow, max-snippet:-1, max-image-preview:large, max-video-preview:-1\" \/>\n<link rel=\"canonical\" href=\"https:\/\/www.eldiario.net\/portal\/2021\/08\/09\/estudiantes-de-trabajo-social-recuperan-anhelo-de-titularse\/\" \/>\n<meta property=\"og:locale\" content=\"es_ES\" \/>\n<meta property=\"og:type\" content=\"article\" \/>\n<meta property=\"og:title\" content=\"Estudiantes de Trabajo Social recuperan anhelo de titularse - El Diario - Bolivia\" \/>\n<meta property=\"og:description\" content=\"La principal universidad estatal de Bolivia est\u00e1 entre otros centros educativos que tienen procesos administrativos complejos, llenos de requisitos y que terminan agotando las energ\u00edas de los estudiantes por obtener un t\u00edtulo profesional, tras completar estudios de cinco a\u00f1os. El llanto de una alumna de la Carrera de Trabajo Social de la Universidad Mayor de [&hellip;]\" \/>\n<meta property=\"og:url\" content=\"https:\/\/www.eldiario.net\/portal\/2021\/08\/09\/estudiantes-de-trabajo-social-recuperan-anhelo-de-titularse\/\" \/>\n<meta property=\"og:site_name\" content=\"El Diario - Bolivia\" \/>\n<meta property=\"article:publisher\" content=\"https:\/\/www.facebook.com\/eldiario.bolivia\/\" \/>\n<meta property=\"article:published_time\" content=\"2021-08-09T10:04:52+00:00\" \/>\n<meta name=\"author\" content=\"Jeanette\" \/>\n<meta name=\"twitter:card\" content=\"summary_large_image\" \/>\n<meta name=\"twitter:creator\" content=\"@eldiario_net\" \/>\n<meta name=\"twitter:site\" content=\"@eldiario_net\" \/>\n<meta name=\"twitter:label1\" content=\"Escrito por\" \/>\n\t<meta name=\"twitter:data1\" content=\"Jeanette\" \/>\n\t<meta name=\"twitter:label2\" content=\"Tiempo de lectura\" \/>\n\t<meta name=\"twitter:data2\" content=\"3 minutos\" \/>\n<script type=\"application\/ld+json\" class=\"yoast-schema-graph\">{\"@context\":\"https:\\\/\\\/schema.org\",\"@graph\":[{\"@type\":\"Article\",\"@id\":\"https:\\\/\\\/www.eldiario.net\\\/portal\\\/2021\\\/08\\\/09\\\/estudiantes-de-trabajo-social-recuperan-anhelo-de-titularse\\\/#article\",\"isPartOf\":{\"@id\":\"https:\\\/\\\/www.eldiario.net\\\/portal\\\/2021\\\/08\\\/09\\\/estudiantes-de-trabajo-social-recuperan-anhelo-de-titularse\\\/\"},\"author\":{\"name\":\"Jeanette\",\"@id\":\"https:\\\/\\\/www.eldiario.net\\\/portal\\\/#\\\/schema\\\/person\\\/f46445640444750d7d753ccd04ae01b7\"},\"headline\":\"Estudiantes de Trabajo Social recuperan anhelo de titularse\",\"datePublished\":\"2021-08-09T10:04:52+00:00\",\"mainEntityOfPage\":{\"@id\":\"https:\\\/\\\/www.eldiario.net\\\/portal\\\/2021\\\/08\\\/09\\\/estudiantes-de-trabajo-social-recuperan-anhelo-de-titularse\\\/\"},\"wordCount\":554,\"publisher\":{\"@id\":\"https:\\\/\\\/www.eldiario.net\\\/portal\\\/#organization\"},\"image\":{\"@id\":\"https:\\\/\\\/www.eldiario.net\\\/portal\\\/2021\\\/08\\\/09\\\/estudiantes-de-trabajo-social-recuperan-anhelo-de-titularse\\\/#primaryimage\"},\"thumbnailUrl\":\"\",\"articleSection\":[\"Nacional\"],\"inLanguage\":\"es\"},{\"@type\":\"WebPage\",\"@id\":\"https:\\\/\\\/www.eldiario.net\\\/portal\\\/2021\\\/08\\\/09\\\/estudiantes-de-trabajo-social-recuperan-anhelo-de-titularse\\\/\",\"url\":\"https:\\\/\\\/www.eldiario.net\\\/portal\\\/2021\\\/08\\\/09\\\/estudiantes-de-trabajo-social-recuperan-anhelo-de-titularse\\\/\",\"name\":\"Estudiantes de Trabajo Social recuperan anhelo de titularse - El Diario - Bolivia\",\"isPartOf\":{\"@id\":\"https:\\\/\\\/www.eldiario.net\\\/portal\\\/#website\"},\"primaryImageOfPage\":{\"@id\":\"https:\\\/\\\/www.eldiario.net\\\/portal\\\/2021\\\/08\\\/09\\\/estudiantes-de-trabajo-social-recuperan-anhelo-de-titularse\\\/#primaryimage\"},\"image\":{\"@id\":\"https:\\\/\\\/www.eldiario.net\\\/portal\\\/2021\\\/08\\\/09\\\/estudiantes-de-trabajo-social-recuperan-anhelo-de-titularse\\\/#primaryimage\"},\"thumbnailUrl\":\"\",\"datePublished\":\"2021-08-09T10:04:52+00:00\",\"breadcrumb\":{\"@id\":\"https:\\\/\\\/www.eldiario.net\\\/portal\\\/2021\\\/08\\\/09\\\/estudiantes-de-trabajo-social-recuperan-anhelo-de-titularse\\\/#breadcrumb\"},\"inLanguage\":\"es\",\"potentialAction\":[{\"@type\":\"ReadAction\",\"target\":[\"https:\\\/\\\/www.eldiario.net\\\/portal\\\/2021\\\/08\\\/09\\\/estudiantes-de-trabajo-social-recuperan-anhelo-de-titularse\\\/\"]}]},{\"@type\":\"ImageObject\",\"inLanguage\":\"es\",\"@id\":\"https:\\\/\\\/www.eldiario.net\\\/portal\\\/2021\\\/08\\\/09\\\/estudiantes-de-trabajo-social-recuperan-anhelo-de-titularse\\\/#primaryimage\",\"url\":\"\",\"contentUrl\":\"\"},{\"@type\":\"BreadcrumbList\",\"@id\":\"https:\\\/\\\/www.eldiario.net\\\/portal\\\/2021\\\/08\\\/09\\\/estudiantes-de-trabajo-social-recuperan-anhelo-de-titularse\\\/#breadcrumb\",\"itemListElement\":[{\"@type\":\"ListItem\",\"position\":1,\"name\":\"Portada\",\"item\":\"https:\\\/\\\/www.eldiario.net\\\/portal\\\/\"},{\"@type\":\"ListItem\",\"position\":2,\"name\":\"Estudiantes de Trabajo Social recuperan anhelo de titularse\"}]},{\"@type\":\"WebSite\",\"@id\":\"https:\\\/\\\/www.eldiario.net\\\/portal\\\/#website\",\"url\":\"https:\\\/\\\/www.eldiario.net\\\/portal\\\/\",\"name\":\"El Diario - Decano de la prensa nacional\",\"description\":\"El Diario - Decano de la prensa nacional\",\"publisher\":{\"@id\":\"https:\\\/\\\/www.eldiario.net\\\/portal\\\/#organization\"},\"potentialAction\":[{\"@type\":\"SearchAction\",\"target\":{\"@type\":\"EntryPoint\",\"urlTemplate\":\"https:\\\/\\\/www.eldiario.net\\\/portal\\\/?s={search_term_string}\"},\"query-input\":{\"@type\":\"PropertyValueSpecification\",\"valueRequired\":true,\"valueName\":\"search_term_string\"}}],\"inLanguage\":\"es\"},{\"@type\":\"Organization\",\"@id\":\"https:\\\/\\\/www.eldiario.net\\\/portal\\\/#organization\",\"name\":\"El Diario - Decano de la prensa nacional\",\"url\":\"https:\\\/\\\/www.eldiario.net\\\/portal\\\/\",\"logo\":{\"@type\":\"ImageObject\",\"inLanguage\":\"es\",\"@id\":\"https:\\\/\\\/www.eldiario.net\\\/portal\\\/#\\\/schema\\\/logo\\\/image\\\/\",\"url\":\"https:\\\/\\\/www.eldiario.net\\\/portal\\\/wp-content\\\/uploads\\\/2023\\\/07\\\/logo_ED.jpg\",\"contentUrl\":\"https:\\\/\\\/www.eldiario.net\\\/portal\\\/wp-content\\\/uploads\\\/2023\\\/07\\\/logo_ED.jpg\",\"width\":272,\"height\":52,\"caption\":\"El Diario - Decano de la prensa nacional\"},\"image\":{\"@id\":\"https:\\\/\\\/www.eldiario.net\\\/portal\\\/#\\\/schema\\\/logo\\\/image\\\/\"},\"sameAs\":[\"https:\\\/\\\/www.facebook.com\\\/eldiario.bolivia\\\/\",\"https:\\\/\\\/x.com\\\/eldiario_net\"]},{\"@type\":\"Person\",\"@id\":\"https:\\\/\\\/www.eldiario.net\\\/portal\\\/#\\\/schema\\\/person\\\/f46445640444750d7d753ccd04ae01b7\",\"name\":\"Jeanette\",\"image\":{\"@type\":\"ImageObject\",\"inLanguage\":\"es\",\"@id\":\"https:\\\/\\\/secure.gravatar.com\\\/avatar\\\/3ea2118a5f7dad2b7138b1187a6b7ee55f160b9968b66013c3a3ef39dd7e5798?s=96&d=mm&r=g\",\"url\":\"https:\\\/\\\/secure.gravatar.com\\\/avatar\\\/3ea2118a5f7dad2b7138b1187a6b7ee55f160b9968b66013c3a3ef39dd7e5798?s=96&d=mm&r=g\",\"contentUrl\":\"https:\\\/\\\/secure.gravatar.com\\\/avatar\\\/3ea2118a5f7dad2b7138b1187a6b7ee55f160b9968b66013c3a3ef39dd7e5798?s=96&d=mm&r=g\",\"caption\":\"Jeanette\"},\"sameAs\":[\"https:\\\/\\\/www.eldiario.net\\\/portal\"],\"url\":\"https:\\\/\\\/www.eldiario.net\\\/portal\\\/author\\\/jeanette\\\/\"}]}<\/script>\n<!-- \/ Yoast SEO plugin. -->","yoast_head_json":{"title":"Estudiantes de Trabajo Social recuperan anhelo de titularse - El Diario - Bolivia","robots":{"index":"index","follow":"follow","max-snippet":"max-snippet:-1","max-image-preview":"max-image-preview:large","max-video-preview":"max-video-preview:-1"},"canonical":"https:\/\/www.eldiario.net\/portal\/2021\/08\/09\/estudiantes-de-trabajo-social-recuperan-anhelo-de-titularse\/","og_locale":"es_ES","og_type":"article","og_title":"Estudiantes de Trabajo Social recuperan anhelo de titularse - El Diario - Bolivia","og_description":"La principal universidad estatal de Bolivia est\u00e1 entre otros centros educativos que tienen procesos administrativos complejos, llenos de requisitos y que terminan agotando las energ\u00edas de los estudiantes por obtener un t\u00edtulo profesional, tras completar estudios de cinco a\u00f1os. El llanto de una alumna de la Carrera de Trabajo Social de la Universidad Mayor de [&hellip;]","og_url":"https:\/\/www.eldiario.net\/portal\/2021\/08\/09\/estudiantes-de-trabajo-social-recuperan-anhelo-de-titularse\/","og_site_name":"El Diario - Bolivia","article_publisher":"https:\/\/www.facebook.com\/eldiario.bolivia\/","article_published_time":"2021-08-09T10:04:52+00:00","author":"Jeanette","twitter_card":"summary_large_image","twitter_creator":"@eldiario_net","twitter_site":"@eldiario_net","twitter_misc":{"Escrito por":"Jeanette","Tiempo de lectura":"3 minutos"},"schema":{"@context":"https:\/\/schema.org","@graph":[{"@type":"Article","@id":"https:\/\/www.eldiario.net\/portal\/2021\/08\/09\/estudiantes-de-trabajo-social-recuperan-anhelo-de-titularse\/#article","isPartOf":{"@id":"https:\/\/www.eldiario.net\/portal\/2021\/08\/09\/estudiantes-de-trabajo-social-recuperan-anhelo-de-titularse\/"},"author":{"name":"Jeanette","@id":"https:\/\/www.eldiario.net\/portal\/#\/schema\/person\/f46445640444750d7d753ccd04ae01b7"},"headline":"Estudiantes de Trabajo Social recuperan anhelo de titularse","datePublished":"2021-08-09T10:04:52+00:00","mainEntityOfPage":{"@id":"https:\/\/www.eldiario.net\/portal\/2021\/08\/09\/estudiantes-de-trabajo-social-recuperan-anhelo-de-titularse\/"},"wordCount":554,"publisher":{"@id":"https:\/\/www.eldiario.net\/portal\/#organization"},"image":{"@id":"https:\/\/www.eldiario.net\/portal\/2021\/08\/09\/estudiantes-de-trabajo-social-recuperan-anhelo-de-titularse\/#primaryimage"},"thumbnailUrl":"","articleSection":["Nacional"],"inLanguage":"es"},{"@type":"WebPage","@id":"https:\/\/www.eldiario.net\/portal\/2021\/08\/09\/estudiantes-de-trabajo-social-recuperan-anhelo-de-titularse\/","url":"https:\/\/www.eldiario.net\/portal\/2021\/08\/09\/estudiantes-de-trabajo-social-recuperan-anhelo-de-titularse\/","name":"Estudiantes de Trabajo Social recuperan anhelo de titularse - El Diario - Bolivia","isPartOf":{"@id":"https:\/\/www.eldiario.net\/portal\/#website"},"primaryImageOfPage":{"@id":"https:\/\/www.eldiario.net\/portal\/2021\/08\/09\/estudiantes-de-trabajo-social-recuperan-anhelo-de-titularse\/#primaryimage"},"image":{"@id":"https:\/\/www.eldiario.net\/portal\/2021\/08\/09\/estudiantes-de-trabajo-social-recuperan-anhelo-de-titularse\/#primaryimage"},"thumbnailUrl":"","datePublished":"2021-08-09T10:04:52+00:00","breadcrumb":{"@id":"https:\/\/www.eldiario.net\/portal\/2021\/08\/09\/estudiantes-de-trabajo-social-recuperan-anhelo-de-titularse\/#breadcrumb"},"inLanguage":"es","potentialAction":[{"@type":"ReadAction","target":["https:\/\/www.eldiario.net\/portal\/2021\/08\/09\/estudiantes-de-trabajo-social-recuperan-anhelo-de-titularse\/"]}]},{"@type":"ImageObject","inLanguage":"es","@id":"https:\/\/www.eldiario.net\/portal\/2021\/08\/09\/estudiantes-de-trabajo-social-recuperan-anhelo-de-titularse\/#primaryimage","url":"","contentUrl":""},{"@type":"BreadcrumbList","@id":"https:\/\/www.eldiario.net\/portal\/2021\/08\/09\/estudiantes-de-trabajo-social-recuperan-anhelo-de-titularse\/#breadcrumb","itemListElement":[{"@type":"ListItem","position":1,"name":"Portada","item":"https:\/\/www.eldiario.net\/portal\/"},{"@type":"ListItem","position":2,"name":"Estudiantes de Trabajo Social recuperan anhelo de titularse"}]},{"@type":"WebSite","@id":"https:\/\/www.eldiario.net\/portal\/#website","url":"https:\/\/www.eldiario.net\/portal\/","name":"El Diario - Decano de la prensa nacional","description":"El Diario - Decano de la prensa nacional","publisher":{"@id":"https:\/\/www.eldiario.net\/portal\/#organization"},"potentialAction":[{"@type":"SearchAction","target":{"@type":"EntryPoint","urlTemplate":"https:\/\/www.eldiario.net\/portal\/?s={search_term_string}"},"query-input":{"@type":"PropertyValueSpecification","valueRequired":true,"valueName":"search_term_string"}}],"inLanguage":"es"},{"@type":"Organization","@id":"https:\/\/www.eldiario.net\/portal\/#organization","name":"El Diario - Decano de la prensa nacional","url":"https:\/\/www.eldiario.net\/portal\/","logo":{"@type":"ImageObject","inLanguage":"es","@id":"https:\/\/www.eldiario.net\/portal\/#\/schema\/logo\/image\/","url":"https:\/\/www.eldiario.net\/portal\/wp-content\/uploads\/2023\/07\/logo_ED.jpg","contentUrl":"https:\/\/www.eldiario.net\/portal\/wp-content\/uploads\/2023\/07\/logo_ED.jpg","width":272,"height":52,"caption":"El Diario - Decano de la prensa nacional"},"image":{"@id":"https:\/\/www.eldiario.net\/portal\/#\/schema\/logo\/image\/"},"sameAs":["https:\/\/www.facebook.com\/eldiario.bolivia\/","https:\/\/x.com\/eldiario_net"]},{"@type":"Person","@id":"https:\/\/www.eldiario.net\/portal\/#\/schema\/person\/f46445640444750d7d753ccd04ae01b7","name":"Jeanette","image":{"@type":"ImageObject","inLanguage":"es","@id":"https:\/\/secure.gravatar.com\/avatar\/3ea2118a5f7dad2b7138b1187a6b7ee55f160b9968b66013c3a3ef39dd7e5798?s=96&d=mm&r=g","url":"https:\/\/secure.gravatar.com\/avatar\/3ea2118a5f7dad2b7138b1187a6b7ee55f160b9968b66013c3a3ef39dd7e5798?s=96&d=mm&r=g","contentUrl":"https:\/\/secure.gravatar.com\/avatar\/3ea2118a5f7dad2b7138b1187a6b7ee55f160b9968b66013c3a3ef39dd7e5798?s=96&d=mm&r=g","caption":"Jeanette"},"sameAs":["https:\/\/www.eldiario.net\/portal"],"url":"https:\/\/www.eldiario.net\/portal\/author\/jeanette\/"}]}},"_links":{"self":[{"href":"https:\/\/www.eldiario.net\/portal\/wp-json\/wp\/v2\/posts\/22309","targetHints":{"allow":["GET"]}}],"collection":[{"href":"https:\/\/www.eldiario.net\/portal\/wp-json\/wp\/v2\/posts"}],"about":[{"href":"https:\/\/www.eldiario.net\/portal\/wp-json\/wp\/v2\/types\/post"}],"author":[{"embeddable":true,"href":"https:\/\/www.eldiario.net\/portal\/wp-json\/wp\/v2\/users\/1"}],"replies":[{"embeddable":true,"href":"https:\/\/www.eldiario.net\/portal\/wp-json\/wp\/v2\/comments?post=22309"}],"version-history":[{"count":0,"href":"https:\/\/www.eldiario.net\/portal\/wp-json\/wp\/v2\/posts\/22309\/revisions"}],"wp:attachment":[{"href":"https:\/\/www.eldiario.net\/portal\/wp-json\/wp\/v2\/media?parent=22309"}],"wp:term":[{"taxonomy":"category","embeddable":true,"href":"https:\/\/www.eldiario.net\/portal\/wp-json\/wp\/v2\/categories?post=22309"},{"taxonomy":"post_tag","embeddable":true,"href":"https:\/\/www.eldiario.net\/portal\/wp-json\/wp\/v2\/tags?post=22309"}],"curies":[{"name":"wp","href":"https:\/\/api.w.org\/{rel}","templated":true}]}}