{"id":22306,"date":"2021-08-09T06:03:30","date_gmt":"2021-08-09T10:03:30","guid":{"rendered":"https:\/\/www.eldiario.net\/portal\/?p=22306"},"modified":"2021-08-09T06:03:30","modified_gmt":"2021-08-09T10:03:30","slug":"unidad-educativa-guillermo-monje-ortiz-cumple-50-anos","status":"publish","type":"post","link":"https:\/\/www.eldiario.net\/portal\/2021\/08\/09\/unidad-educativa-guillermo-monje-ortiz-cumple-50-anos\/","title":{"rendered":"Unidad Educativa \u201cGuillermo  Monje Ortiz\u201d cumple 50 a\u00f1os"},"content":{"rendered":"<p>La Unidad Educativa \u201cGuillermo Monje Ortiz\u201d fue fundada el 9 de agosto de 1971, con dependencia fiscal o estatal en Educaci\u00f3n Primaria Comunitaria Vocacional y pertenece a la Direcci\u00f3n Distrital de Educaci\u00f3n La Paz 3.<br \/>\nEl establecimiento est\u00e1 ubicado en la avenida Ramos Gavil\u00e1n, calle 4 de la zona de Achachicala, funciona en el turno ma\u00f1ana, cuenta con aulas aptas para el desarrollo pedag\u00f3gico de estudiantes que son de la misma zona y tambi\u00e9n de otras aleda\u00f1as.<br \/>\nSeg\u00fan la Lic. Melvy Rosario Ger\u00f3nimo Yucra, directora del establecimiento, el a\u00f1o 2020, durante la pandemia de coronavirus, la Unidad Educativa \u201cGuillermo Monje Ortiz\u201d continu\u00f3 impartiendo clases virtuales a trav\u00e9s de diferentes plataformas, medios y aplicaciones con el principal objetivo de seguir formando a la ni\u00f1ez boliviana a pesar de la clausura de la gesti\u00f3n escolar emitida por el Ministerio de Educaci\u00f3n, lo que ha demostrado el compromiso y vocaci\u00f3n de servicio del plantel docente y administrativo.<br \/>\nEn la presente gesti\u00f3n, 2021, esta unidad educativa conmemora sus Bodas de Oro, es decir 50 a\u00f1os de trabajo, compromiso y servicio a la ni\u00f1ez boliviana, destacando la contribuci\u00f3n fundamental que ha realizado el plantel docente para garantizar que la educaci\u00f3n y aprendizaje contin\u00fae a pesar de la pandemia y la crisis educativa por la que hemos pasado, y as\u00ed brindar un apoyo a la salud emocional y bienestar de los y las estudiantes, afirm\u00f3 la docente.<br \/>\nActualmente, la unidad educativa cuenta con 24 maestros distribuidos en cada nivel y especialidad, asimismo con cinco administrativos al servicio de la comunidad educativa; el plantel estudiantil es de 500 alumnos matriculados, entre ni\u00f1os y ni\u00f1as de 1ro a 6to a\u00f1o de escolaridad.<br \/>\nTodos los profesores de esta unidad escolar han trabajado individual y colectivamente en la b\u00fasqueda de soluciones y crear nuevos entornos de aprendizaje para todos los<br \/>\nestudiantes, y que su funci\u00f3n de orientar en la elaboraci\u00f3n de un protocolo de bioseguridad con miras a la reapertura de la escuela y apoyar a los estudiantes para su regreso, es de vital importancia, indic\u00f3 la directora.<br \/>\nA pesar de contar con una infraestructura aceptable, la instituci\u00f3n no cuenta con una oficina propia para la Direcci\u00f3n, es decir las tres unidades educativas que comparten la infraestructura han improvisado un ambiente para su funcionamiento; asimismo, se requiere, por el crecimiento vegetativo, la dotaci\u00f3n de un \u00edtem de acuerdo a lo que indica la Ley de Educaci\u00f3n 070 Avelino-Si\u00f1ani.<br \/>\n\u201cLa Educaci\u00f3n es el arma m\u00e1s poderosa que puedes tener para cambiar el mundo\u201d (Nelson Mandela)<\/p>\n","protected":false},"excerpt":{"rendered":"<p>La Unidad Educativa \u201cGuillermo Monje Ortiz\u201d fue fundada el 9 de agosto de 1971, con dependencia fiscal o estatal en Educaci\u00f3n Primaria Comunitaria Vocacional y pertenece a la Direcci\u00f3n Distrital de Educaci\u00f3n La Paz 3. El establecimiento est\u00e1 ubicado en la avenida Ramos Gavil\u00e1n, calle 4 de la zona de Achachicala, funciona en el turno [&hellip;]<\/p>\n","protected":false},"author":1,"featured_media":22307,"comment_status":"closed","ping_status":"closed","sticky":false,"template":"","format":"standard","meta":{"_acf_changed":false,"footnotes":""},"categories":[12],"tags":[],"class_list":["post-22306","post","type-post","status-publish","format-standard","has-post-thumbnail","category-nacional"],"acf":{"antetitulo":""},"yoast_head":"<!-- This site is optimized with the Yoast SEO plugin v28.4 - https:\/\/yoast.com\/product\/yoast-seo-wordpress\/ -->\n<title>Unidad Educativa \u201cGuillermo Monje Ortiz\u201d cumple 50 a\u00f1os - El Diario - Bolivia<\/title>\n<meta name=\"robots\" content=\"index, follow, max-snippet:-1, max-image-preview:large, max-video-preview:-1\" \/>\n<link rel=\"canonical\" href=\"https:\/\/www.eldiario.net\/portal\/2021\/08\/09\/unidad-educativa-guillermo-monje-ortiz-cumple-50-anos\/\" \/>\n<meta property=\"og:locale\" content=\"es_ES\" \/>\n<meta property=\"og:type\" content=\"article\" \/>\n<meta property=\"og:title\" content=\"Unidad Educativa \u201cGuillermo Monje Ortiz\u201d cumple 50 a\u00f1os - El Diario - Bolivia\" \/>\n<meta property=\"og:description\" content=\"La Unidad Educativa \u201cGuillermo Monje Ortiz\u201d fue fundada el 9 de agosto de 1971, con dependencia fiscal o estatal en Educaci\u00f3n Primaria Comunitaria Vocacional y pertenece a la Direcci\u00f3n Distrital de Educaci\u00f3n La Paz 3. El establecimiento est\u00e1 ubicado en la avenida Ramos Gavil\u00e1n, calle 4 de la zona de Achachicala, funciona en el turno [&hellip;]\" \/>\n<meta property=\"og:url\" content=\"https:\/\/www.eldiario.net\/portal\/2021\/08\/09\/unidad-educativa-guillermo-monje-ortiz-cumple-50-anos\/\" \/>\n<meta property=\"og:site_name\" content=\"El Diario - Bolivia\" \/>\n<meta property=\"article:publisher\" content=\"https:\/\/www.facebook.com\/eldiario.bolivia\/\" \/>\n<meta property=\"article:published_time\" content=\"2021-08-09T10:03:30+00:00\" \/>\n<meta property=\"og:image\" content=\"https:\/\/www.eldiario.net\/portal\/wp-content\/uploads\/2021\/08\/4LP-1.jpg\" \/>\n\t<meta property=\"og:image:width\" content=\"1152\" \/>\n\t<meta property=\"og:image:height\" content=\"864\" \/>\n\t<meta property=\"og:image:type\" content=\"image\/jpeg\" \/>\n<meta name=\"author\" content=\"Jeanette\" \/>\n<meta name=\"twitter:card\" content=\"summary_large_image\" \/>\n<meta name=\"twitter:creator\" content=\"@eldiario_net\" \/>\n<meta name=\"twitter:site\" content=\"@eldiario_net\" \/>\n<meta name=\"twitter:label1\" content=\"Escrito por\" \/>\n\t<meta name=\"twitter:data1\" content=\"Jeanette\" \/>\n\t<meta name=\"twitter:label2\" content=\"Tiempo de lectura\" \/>\n\t<meta name=\"twitter:data2\" content=\"2 minutos\" \/>\n<script type=\"application\/ld+json\" class=\"yoast-schema-graph\">{\"@context\":\"https:\\\/\\\/schema.org\",\"@graph\":[{\"@type\":\"Article\",\"@id\":\"https:\\\/\\\/www.eldiario.net\\\/portal\\\/2021\\\/08\\\/09\\\/unidad-educativa-guillermo-monje-ortiz-cumple-50-anos\\\/#article\",\"isPartOf\":{\"@id\":\"https:\\\/\\\/www.eldiario.net\\\/portal\\\/2021\\\/08\\\/09\\\/unidad-educativa-guillermo-monje-ortiz-cumple-50-anos\\\/\"},\"author\":{\"name\":\"Jeanette\",\"@id\":\"https:\\\/\\\/www.eldiario.net\\\/portal\\\/#\\\/schema\\\/person\\\/f46445640444750d7d753ccd04ae01b7\"},\"headline\":\"Unidad Educativa \u201cGuillermo Monje Ortiz\u201d cumple 50 a\u00f1os\",\"datePublished\":\"2021-08-09T10:03:30+00:00\",\"mainEntityOfPage\":{\"@id\":\"https:\\\/\\\/www.eldiario.net\\\/portal\\\/2021\\\/08\\\/09\\\/unidad-educativa-guillermo-monje-ortiz-cumple-50-anos\\\/\"},\"wordCount\":447,\"publisher\":{\"@id\":\"https:\\\/\\\/www.eldiario.net\\\/portal\\\/#organization\"},\"image\":{\"@id\":\"https:\\\/\\\/www.eldiario.net\\\/portal\\\/2021\\\/08\\\/09\\\/unidad-educativa-guillermo-monje-ortiz-cumple-50-anos\\\/#primaryimage\"},\"thumbnailUrl\":\"https:\\\/\\\/www.eldiario.net\\\/portal\\\/wp-content\\\/uploads\\\/2021\\\/08\\\/4LP-1.jpg\",\"articleSection\":[\"Nacional\"],\"inLanguage\":\"es\"},{\"@type\":\"WebPage\",\"@id\":\"https:\\\/\\\/www.eldiario.net\\\/portal\\\/2021\\\/08\\\/09\\\/unidad-educativa-guillermo-monje-ortiz-cumple-50-anos\\\/\",\"url\":\"https:\\\/\\\/www.eldiario.net\\\/portal\\\/2021\\\/08\\\/09\\\/unidad-educativa-guillermo-monje-ortiz-cumple-50-anos\\\/\",\"name\":\"Unidad Educativa \u201cGuillermo Monje Ortiz\u201d cumple 50 a\u00f1os - El Diario - Bolivia\",\"isPartOf\":{\"@id\":\"https:\\\/\\\/www.eldiario.net\\\/portal\\\/#website\"},\"primaryImageOfPage\":{\"@id\":\"https:\\\/\\\/www.eldiario.net\\\/portal\\\/2021\\\/08\\\/09\\\/unidad-educativa-guillermo-monje-ortiz-cumple-50-anos\\\/#primaryimage\"},\"image\":{\"@id\":\"https:\\\/\\\/www.eldiario.net\\\/portal\\\/2021\\\/08\\\/09\\\/unidad-educativa-guillermo-monje-ortiz-cumple-50-anos\\\/#primaryimage\"},\"thumbnailUrl\":\"https:\\\/\\\/www.eldiario.net\\\/portal\\\/wp-content\\\/uploads\\\/2021\\\/08\\\/4LP-1.jpg\",\"datePublished\":\"2021-08-09T10:03:30+00:00\",\"breadcrumb\":{\"@id\":\"https:\\\/\\\/www.eldiario.net\\\/portal\\\/2021\\\/08\\\/09\\\/unidad-educativa-guillermo-monje-ortiz-cumple-50-anos\\\/#breadcrumb\"},\"inLanguage\":\"es\",\"potentialAction\":[{\"@type\":\"ReadAction\",\"target\":[\"https:\\\/\\\/www.eldiario.net\\\/portal\\\/2021\\\/08\\\/09\\\/unidad-educativa-guillermo-monje-ortiz-cumple-50-anos\\\/\"]}]},{\"@type\":\"ImageObject\",\"inLanguage\":\"es\",\"@id\":\"https:\\\/\\\/www.eldiario.net\\\/portal\\\/2021\\\/08\\\/09\\\/unidad-educativa-guillermo-monje-ortiz-cumple-50-anos\\\/#primaryimage\",\"url\":\"https:\\\/\\\/www.eldiario.net\\\/portal\\\/wp-content\\\/uploads\\\/2021\\\/08\\\/4LP-1.jpg\",\"contentUrl\":\"https:\\\/\\\/www.eldiario.net\\\/portal\\\/wp-content\\\/uploads\\\/2021\\\/08\\\/4LP-1.jpg\",\"width\":1152,\"height\":864,\"caption\":\"Durante 2020, en plena pandemia, la unidad educativa dict\u00f3 clases virtuales, afirm\u00f3 su directora.\"},{\"@type\":\"BreadcrumbList\",\"@id\":\"https:\\\/\\\/www.eldiario.net\\\/portal\\\/2021\\\/08\\\/09\\\/unidad-educativa-guillermo-monje-ortiz-cumple-50-anos\\\/#breadcrumb\",\"itemListElement\":[{\"@type\":\"ListItem\",\"position\":1,\"name\":\"Portada\",\"item\":\"https:\\\/\\\/www.eldiario.net\\\/portal\\\/\"},{\"@type\":\"ListItem\",\"position\":2,\"name\":\"Unidad Educativa \u201cGuillermo Monje Ortiz\u201d cumple 50 a\u00f1os\"}]},{\"@type\":\"WebSite\",\"@id\":\"https:\\\/\\\/www.eldiario.net\\\/portal\\\/#website\",\"url\":\"https:\\\/\\\/www.eldiario.net\\\/portal\\\/\",\"name\":\"El Diario - Decano de la prensa nacional\",\"description\":\"El Diario - Decano de la prensa nacional\",\"publisher\":{\"@id\":\"https:\\\/\\\/www.eldiario.net\\\/portal\\\/#organization\"},\"potentialAction\":[{\"@type\":\"SearchAction\",\"target\":{\"@type\":\"EntryPoint\",\"urlTemplate\":\"https:\\\/\\\/www.eldiario.net\\\/portal\\\/?s={search_term_string}\"},\"query-input\":{\"@type\":\"PropertyValueSpecification\",\"valueRequired\":true,\"valueName\":\"search_term_string\"}}],\"inLanguage\":\"es\"},{\"@type\":\"Organization\",\"@id\":\"https:\\\/\\\/www.eldiario.net\\\/portal\\\/#organization\",\"name\":\"El Diario - Decano de la prensa nacional\",\"url\":\"https:\\\/\\\/www.eldiario.net\\\/portal\\\/\",\"logo\":{\"@type\":\"ImageObject\",\"inLanguage\":\"es\",\"@id\":\"https:\\\/\\\/www.eldiario.net\\\/portal\\\/#\\\/schema\\\/logo\\\/image\\\/\",\"url\":\"https:\\\/\\\/www.eldiario.net\\\/portal\\\/wp-content\\\/uploads\\\/2023\\\/07\\\/logo_ED.jpg\",\"contentUrl\":\"https:\\\/\\\/www.eldiario.net\\\/portal\\\/wp-content\\\/uploads\\\/2023\\\/07\\\/logo_ED.jpg\",\"width\":272,\"height\":52,\"caption\":\"El Diario - Decano de la prensa nacional\"},\"image\":{\"@id\":\"https:\\\/\\\/www.eldiario.net\\\/portal\\\/#\\\/schema\\\/logo\\\/image\\\/\"},\"sameAs\":[\"https:\\\/\\\/www.facebook.com\\\/eldiario.bolivia\\\/\",\"https:\\\/\\\/x.com\\\/eldiario_net\"]},{\"@type\":\"Person\",\"@id\":\"https:\\\/\\\/www.eldiario.net\\\/portal\\\/#\\\/schema\\\/person\\\/f46445640444750d7d753ccd04ae01b7\",\"name\":\"Jeanette\",\"image\":{\"@type\":\"ImageObject\",\"inLanguage\":\"es\",\"@id\":\"https:\\\/\\\/secure.gravatar.com\\\/avatar\\\/3ea2118a5f7dad2b7138b1187a6b7ee55f160b9968b66013c3a3ef39dd7e5798?s=96&d=mm&r=g\",\"url\":\"https:\\\/\\\/secure.gravatar.com\\\/avatar\\\/3ea2118a5f7dad2b7138b1187a6b7ee55f160b9968b66013c3a3ef39dd7e5798?s=96&d=mm&r=g\",\"contentUrl\":\"https:\\\/\\\/secure.gravatar.com\\\/avatar\\\/3ea2118a5f7dad2b7138b1187a6b7ee55f160b9968b66013c3a3ef39dd7e5798?s=96&d=mm&r=g\",\"caption\":\"Jeanette\"},\"sameAs\":[\"https:\\\/\\\/www.eldiario.net\\\/portal\"],\"url\":\"https:\\\/\\\/www.eldiario.net\\\/portal\\\/author\\\/jeanette\\\/\"}]}<\/script>\n<!-- \/ Yoast SEO plugin. -->","yoast_head_json":{"title":"Unidad Educativa \u201cGuillermo Monje Ortiz\u201d cumple 50 a\u00f1os - El Diario - Bolivia","robots":{"index":"index","follow":"follow","max-snippet":"max-snippet:-1","max-image-preview":"max-image-preview:large","max-video-preview":"max-video-preview:-1"},"canonical":"https:\/\/www.eldiario.net\/portal\/2021\/08\/09\/unidad-educativa-guillermo-monje-ortiz-cumple-50-anos\/","og_locale":"es_ES","og_type":"article","og_title":"Unidad Educativa \u201cGuillermo Monje Ortiz\u201d cumple 50 a\u00f1os - El Diario - Bolivia","og_description":"La Unidad Educativa \u201cGuillermo Monje Ortiz\u201d fue fundada el 9 de agosto de 1971, con dependencia fiscal o estatal en Educaci\u00f3n Primaria Comunitaria Vocacional y pertenece a la Direcci\u00f3n Distrital de Educaci\u00f3n La Paz 3. El establecimiento est\u00e1 ubicado en la avenida Ramos Gavil\u00e1n, calle 4 de la zona de Achachicala, funciona en el turno [&hellip;]","og_url":"https:\/\/www.eldiario.net\/portal\/2021\/08\/09\/unidad-educativa-guillermo-monje-ortiz-cumple-50-anos\/","og_site_name":"El Diario - Bolivia","article_publisher":"https:\/\/www.facebook.com\/eldiario.bolivia\/","article_published_time":"2021-08-09T10:03:30+00:00","og_image":[{"width":1152,"height":864,"url":"https:\/\/www.eldiario.net\/portal\/wp-content\/uploads\/2021\/08\/4LP-1.jpg","type":"image\/jpeg"}],"author":"Jeanette","twitter_card":"summary_large_image","twitter_creator":"@eldiario_net","twitter_site":"@eldiario_net","twitter_misc":{"Escrito por":"Jeanette","Tiempo de lectura":"2 minutos"},"schema":{"@context":"https:\/\/schema.org","@graph":[{"@type":"Article","@id":"https:\/\/www.eldiario.net\/portal\/2021\/08\/09\/unidad-educativa-guillermo-monje-ortiz-cumple-50-anos\/#article","isPartOf":{"@id":"https:\/\/www.eldiario.net\/portal\/2021\/08\/09\/unidad-educativa-guillermo-monje-ortiz-cumple-50-anos\/"},"author":{"name":"Jeanette","@id":"https:\/\/www.eldiario.net\/portal\/#\/schema\/person\/f46445640444750d7d753ccd04ae01b7"},"headline":"Unidad Educativa \u201cGuillermo Monje Ortiz\u201d cumple 50 a\u00f1os","datePublished":"2021-08-09T10:03:30+00:00","mainEntityOfPage":{"@id":"https:\/\/www.eldiario.net\/portal\/2021\/08\/09\/unidad-educativa-guillermo-monje-ortiz-cumple-50-anos\/"},"wordCount":447,"publisher":{"@id":"https:\/\/www.eldiario.net\/portal\/#organization"},"image":{"@id":"https:\/\/www.eldiario.net\/portal\/2021\/08\/09\/unidad-educativa-guillermo-monje-ortiz-cumple-50-anos\/#primaryimage"},"thumbnailUrl":"https:\/\/www.eldiario.net\/portal\/wp-content\/uploads\/2021\/08\/4LP-1.jpg","articleSection":["Nacional"],"inLanguage":"es"},{"@type":"WebPage","@id":"https:\/\/www.eldiario.net\/portal\/2021\/08\/09\/unidad-educativa-guillermo-monje-ortiz-cumple-50-anos\/","url":"https:\/\/www.eldiario.net\/portal\/2021\/08\/09\/unidad-educativa-guillermo-monje-ortiz-cumple-50-anos\/","name":"Unidad Educativa \u201cGuillermo Monje Ortiz\u201d cumple 50 a\u00f1os - El Diario - Bolivia","isPartOf":{"@id":"https:\/\/www.eldiario.net\/portal\/#website"},"primaryImageOfPage":{"@id":"https:\/\/www.eldiario.net\/portal\/2021\/08\/09\/unidad-educativa-guillermo-monje-ortiz-cumple-50-anos\/#primaryimage"},"image":{"@id":"https:\/\/www.eldiario.net\/portal\/2021\/08\/09\/unidad-educativa-guillermo-monje-ortiz-cumple-50-anos\/#primaryimage"},"thumbnailUrl":"https:\/\/www.eldiario.net\/portal\/wp-content\/uploads\/2021\/08\/4LP-1.jpg","datePublished":"2021-08-09T10:03:30+00:00","breadcrumb":{"@id":"https:\/\/www.eldiario.net\/portal\/2021\/08\/09\/unidad-educativa-guillermo-monje-ortiz-cumple-50-anos\/#breadcrumb"},"inLanguage":"es","potentialAction":[{"@type":"ReadAction","target":["https:\/\/www.eldiario.net\/portal\/2021\/08\/09\/unidad-educativa-guillermo-monje-ortiz-cumple-50-anos\/"]}]},{"@type":"ImageObject","inLanguage":"es","@id":"https:\/\/www.eldiario.net\/portal\/2021\/08\/09\/unidad-educativa-guillermo-monje-ortiz-cumple-50-anos\/#primaryimage","url":"https:\/\/www.eldiario.net\/portal\/wp-content\/uploads\/2021\/08\/4LP-1.jpg","contentUrl":"https:\/\/www.eldiario.net\/portal\/wp-content\/uploads\/2021\/08\/4LP-1.jpg","width":1152,"height":864,"caption":"Durante 2020, en plena pandemia, la unidad educativa dict\u00f3 clases virtuales, afirm\u00f3 su directora."},{"@type":"BreadcrumbList","@id":"https:\/\/www.eldiario.net\/portal\/2021\/08\/09\/unidad-educativa-guillermo-monje-ortiz-cumple-50-anos\/#breadcrumb","itemListElement":[{"@type":"ListItem","position":1,"name":"Portada","item":"https:\/\/www.eldiario.net\/portal\/"},{"@type":"ListItem","position":2,"name":"Unidad Educativa \u201cGuillermo Monje Ortiz\u201d cumple 50 a\u00f1os"}]},{"@type":"WebSite","@id":"https:\/\/www.eldiario.net\/portal\/#website","url":"https:\/\/www.eldiario.net\/portal\/","name":"El Diario - Decano de la prensa nacional","description":"El Diario - Decano de la prensa nacional","publisher":{"@id":"https:\/\/www.eldiario.net\/portal\/#organization"},"potentialAction":[{"@type":"SearchAction","target":{"@type":"EntryPoint","urlTemplate":"https:\/\/www.eldiario.net\/portal\/?s={search_term_string}"},"query-input":{"@type":"PropertyValueSpecification","valueRequired":true,"valueName":"search_term_string"}}],"inLanguage":"es"},{"@type":"Organization","@id":"https:\/\/www.eldiario.net\/portal\/#organization","name":"El Diario - Decano de la prensa nacional","url":"https:\/\/www.eldiario.net\/portal\/","logo":{"@type":"ImageObject","inLanguage":"es","@id":"https:\/\/www.eldiario.net\/portal\/#\/schema\/logo\/image\/","url":"https:\/\/www.eldiario.net\/portal\/wp-content\/uploads\/2023\/07\/logo_ED.jpg","contentUrl":"https:\/\/www.eldiario.net\/portal\/wp-content\/uploads\/2023\/07\/logo_ED.jpg","width":272,"height":52,"caption":"El Diario - Decano de la prensa nacional"},"image":{"@id":"https:\/\/www.eldiario.net\/portal\/#\/schema\/logo\/image\/"},"sameAs":["https:\/\/www.facebook.com\/eldiario.bolivia\/","https:\/\/x.com\/eldiario_net"]},{"@type":"Person","@id":"https:\/\/www.eldiario.net\/portal\/#\/schema\/person\/f46445640444750d7d753ccd04ae01b7","name":"Jeanette","image":{"@type":"ImageObject","inLanguage":"es","@id":"https:\/\/secure.gravatar.com\/avatar\/3ea2118a5f7dad2b7138b1187a6b7ee55f160b9968b66013c3a3ef39dd7e5798?s=96&d=mm&r=g","url":"https:\/\/secure.gravatar.com\/avatar\/3ea2118a5f7dad2b7138b1187a6b7ee55f160b9968b66013c3a3ef39dd7e5798?s=96&d=mm&r=g","contentUrl":"https:\/\/secure.gravatar.com\/avatar\/3ea2118a5f7dad2b7138b1187a6b7ee55f160b9968b66013c3a3ef39dd7e5798?s=96&d=mm&r=g","caption":"Jeanette"},"sameAs":["https:\/\/www.eldiario.net\/portal"],"url":"https:\/\/www.eldiario.net\/portal\/author\/jeanette\/"}]}},"_links":{"self":[{"href":"https:\/\/www.eldiario.net\/portal\/wp-json\/wp\/v2\/posts\/22306","targetHints":{"allow":["GET"]}}],"collection":[{"href":"https:\/\/www.eldiario.net\/portal\/wp-json\/wp\/v2\/posts"}],"about":[{"href":"https:\/\/www.eldiario.net\/portal\/wp-json\/wp\/v2\/types\/post"}],"author":[{"embeddable":true,"href":"https:\/\/www.eldiario.net\/portal\/wp-json\/wp\/v2\/users\/1"}],"replies":[{"embeddable":true,"href":"https:\/\/www.eldiario.net\/portal\/wp-json\/wp\/v2\/comments?post=22306"}],"version-history":[{"count":0,"href":"https:\/\/www.eldiario.net\/portal\/wp-json\/wp\/v2\/posts\/22306\/revisions"}],"wp:featuredmedia":[{"embeddable":true,"href":"https:\/\/www.eldiario.net\/portal\/wp-json\/wp\/v2\/media\/22307"}],"wp:attachment":[{"href":"https:\/\/www.eldiario.net\/portal\/wp-json\/wp\/v2\/media?parent=22306"}],"wp:term":[{"taxonomy":"category","embeddable":true,"href":"https:\/\/www.eldiario.net\/portal\/wp-json\/wp\/v2\/categories?post=22306"},{"taxonomy":"post_tag","embeddable":true,"href":"https:\/\/www.eldiario.net\/portal\/wp-json\/wp\/v2\/tags?post=22306"}],"curies":[{"name":"wp","href":"https:\/\/api.w.org\/{rel}","templated":true}]}}