{"id":22303,"date":"2021-08-09T05:59:25","date_gmt":"2021-08-09T09:59:25","guid":{"rendered":"https:\/\/www.eldiario.net\/portal\/?p=22303"},"modified":"2021-08-09T05:59:25","modified_gmt":"2021-08-09T09:59:25","slug":"urge-a-indigenas-contar-con-nueva-ley-de-gestion-publica-y-censo-2022","status":"publish","type":"post","link":"https:\/\/www.eldiario.net\/portal\/2021\/08\/09\/urge-a-indigenas-contar-con-nueva-ley-de-gestion-publica-y-censo-2022\/","title":{"rendered":"Urge a ind\u00edgenas contar con nueva ley de gesti\u00f3n p\u00fablica y Censo 2022"},"content":{"rendered":"<p>Las autoridades ind\u00edgenas de los territorios que se encuentran en proceso de acceso a la autonom\u00eda de las tierras altas y bajas del pa\u00eds participar\u00e1n en la sesi\u00f3n especial que desarrollar\u00e1 la Comisi\u00f3n de Naciones y Pueblos Ind\u00edgenas de la Asamblea Legislativa Plurinacional (ALP) que realizar\u00e1n en el territorio del Gobierno Ind\u00edgena de Charagua Iyambae, en Santa Cruz, donde plantear\u00e1n sus demandas, no solo en relaci\u00f3n a este proceso, sino tambi\u00e9n a la necesidad de contar con una nueva ley de gesti\u00f3n p\u00fablica y el Censo 2022, entre otros.<br \/>\nLa sesi\u00f3n, que se realizar\u00e1 en conmemoraci\u00f3n al D\u00eda Internacional de los Pueblos Ind\u00edgenas que se conmemora el 9 de agosto, recibir\u00e1 en audiencia p\u00fablica al Consejo de Capitanes de la Asamblea del Pueblo Guaran\u00ed (APG), a la Capitan\u00eda del Alto Isoso, la Capitan\u00eda del Bajo Isoso, la Capitan\u00eda Charagua Norte, la Capitan\u00eda Charagua Sud, la Capitan\u00eda Tacovo Mora, la Capitan\u00eda Kaipipendi Karahuaychu, al Territorio Ind\u00edgena Lomer\u00edo (Santa Cruz), al Territorio Ind\u00edgena Multi\u00e9tnico (TIM 1), al Pueblo Ind\u00edgena Cavive\u00f1o (Beni), al Gobierno Aut\u00f3nomo Ind\u00edgena de Raqaypampa (Cochabamba), el Pueblo Ind\u00edgena Ch\u00b4alla (Cochabamba), adem\u00e1s de otros pueblos que se encuentran en este camino.<br \/>\nDe estos, los procesos del TIM 1 y de Lomer\u00edo son los m\u00e1s avanzados. En diciembre de 2020 aprobaron sus estatutos auton\u00f3micos constitucionalizados, a trav\u00e9s de normas y procedimientos propios, en el marco de lo dispuesto en la Ley N\u00b0 1198 que modific\u00f3 la Ley Marco de Autonom\u00edas y Descentralizaci\u00f3n, en lo referido a la aprobaci\u00f3n de los estatutos de los procesos de acceso a la autonom\u00eda ind\u00edgena a trav\u00e9s de la v\u00eda territorial.<br \/>\nAl momento, ambos se encuentran esperando la aprobaci\u00f3n de sus respectivas leyes de creaci\u00f3n de unidad territorial que les permitir\u00e1 aplicar su estatuto en su propia jurisdicci\u00f3n. Los proyectos de ley fueron entregados a la ALP en enero de 2020.<br \/>\nAdem\u00e1s, el caso del TIM 1 se encuentra a la espera de que el Tribunal Constitucional Plurinacional (TCP) emita un pronunciamiento sobre la modificaci\u00f3n del art\u00edculo transitorio que realizaron a su estatuto auton\u00f3mico, referido, precisamente, a la forma de aprobaci\u00f3n de la norma b\u00e1sica institucional.<br \/>\nEn Bolivia, hasta la fecha, se tienen cinco gobiernos ind\u00edgenas conformados: Charagua Iyambae, Gutierr\u00e9z \u2013 Kereimba Iyambae (Santa Cruz), Uru Chipaya (Oruro) y Salinas (Oruro), que atravesaron este proceso a trav\u00e9s de la v\u00eda municipal; y Raqaypampa (Cochabamba), que accedi\u00f3 a la autonom\u00eda por la v\u00eda territorial. (Cejis)<\/p>\n","protected":false},"excerpt":{"rendered":"<p>Las autoridades ind\u00edgenas de los territorios que se encuentran en proceso de acceso a la autonom\u00eda de las tierras altas y bajas del pa\u00eds participar\u00e1n en la sesi\u00f3n especial que desarrollar\u00e1 la Comisi\u00f3n de Naciones y Pueblos Ind\u00edgenas de la Asamblea Legislativa Plurinacional (ALP) que realizar\u00e1n en el territorio del Gobierno Ind\u00edgena de Charagua Iyambae, [&hellip;]<\/p>\n","protected":false},"author":1,"featured_media":22304,"comment_status":"closed","ping_status":"closed","sticky":false,"template":"","format":"standard","meta":{"_acf_changed":false,"footnotes":""},"categories":[12],"tags":[],"class_list":["post-22303","post","type-post","status-publish","format-standard","has-post-thumbnail","category-nacional"],"acf":{"antetitulo":""},"yoast_head":"<!-- This site is optimized with the Yoast SEO plugin v28.4 - https:\/\/yoast.com\/product\/yoast-seo-wordpress\/ -->\n<title>Urge a ind\u00edgenas contar con nueva ley de gesti\u00f3n p\u00fablica y Censo 2022 - El Diario - Bolivia<\/title>\n<meta name=\"robots\" content=\"index, follow, max-snippet:-1, max-image-preview:large, max-video-preview:-1\" \/>\n<link rel=\"canonical\" href=\"https:\/\/www.eldiario.net\/portal\/2021\/08\/09\/urge-a-indigenas-contar-con-nueva-ley-de-gestion-publica-y-censo-2022\/\" \/>\n<meta property=\"og:locale\" content=\"es_ES\" \/>\n<meta property=\"og:type\" content=\"article\" \/>\n<meta property=\"og:title\" content=\"Urge a ind\u00edgenas contar con nueva ley de gesti\u00f3n p\u00fablica y Censo 2022 - El Diario - Bolivia\" \/>\n<meta property=\"og:description\" content=\"Las autoridades ind\u00edgenas de los territorios que se encuentran en proceso de acceso a la autonom\u00eda de las tierras altas y bajas del pa\u00eds participar\u00e1n en la sesi\u00f3n especial que desarrollar\u00e1 la Comisi\u00f3n de Naciones y Pueblos Ind\u00edgenas de la Asamblea Legislativa Plurinacional (ALP) que realizar\u00e1n en el territorio del Gobierno Ind\u00edgena de Charagua Iyambae, [&hellip;]\" \/>\n<meta property=\"og:url\" content=\"https:\/\/www.eldiario.net\/portal\/2021\/08\/09\/urge-a-indigenas-contar-con-nueva-ley-de-gestion-publica-y-censo-2022\/\" \/>\n<meta property=\"og:site_name\" content=\"El Diario - Bolivia\" \/>\n<meta property=\"article:publisher\" content=\"https:\/\/www.facebook.com\/eldiario.bolivia\/\" \/>\n<meta property=\"article:published_time\" content=\"2021-08-09T09:59:25+00:00\" \/>\n<meta name=\"author\" content=\"Jeanette\" \/>\n<meta name=\"twitter:card\" content=\"summary_large_image\" \/>\n<meta name=\"twitter:creator\" content=\"@eldiario_net\" \/>\n<meta name=\"twitter:site\" content=\"@eldiario_net\" \/>\n<meta name=\"twitter:label1\" content=\"Escrito por\" \/>\n\t<meta name=\"twitter:data1\" content=\"Jeanette\" \/>\n\t<meta name=\"twitter:label2\" content=\"Tiempo de lectura\" \/>\n\t<meta name=\"twitter:data2\" content=\"2 minutos\" \/>\n<script type=\"application\/ld+json\" class=\"yoast-schema-graph\">{\"@context\":\"https:\\\/\\\/schema.org\",\"@graph\":[{\"@type\":\"Article\",\"@id\":\"https:\\\/\\\/www.eldiario.net\\\/portal\\\/2021\\\/08\\\/09\\\/urge-a-indigenas-contar-con-nueva-ley-de-gestion-publica-y-censo-2022\\\/#article\",\"isPartOf\":{\"@id\":\"https:\\\/\\\/www.eldiario.net\\\/portal\\\/2021\\\/08\\\/09\\\/urge-a-indigenas-contar-con-nueva-ley-de-gestion-publica-y-censo-2022\\\/\"},\"author\":{\"name\":\"Jeanette\",\"@id\":\"https:\\\/\\\/www.eldiario.net\\\/portal\\\/#\\\/schema\\\/person\\\/f46445640444750d7d753ccd04ae01b7\"},\"headline\":\"Urge a ind\u00edgenas contar con nueva ley de gesti\u00f3n p\u00fablica y Censo 2022\",\"datePublished\":\"2021-08-09T09:59:25+00:00\",\"mainEntityOfPage\":{\"@id\":\"https:\\\/\\\/www.eldiario.net\\\/portal\\\/2021\\\/08\\\/09\\\/urge-a-indigenas-contar-con-nueva-ley-de-gestion-publica-y-censo-2022\\\/\"},\"wordCount\":466,\"publisher\":{\"@id\":\"https:\\\/\\\/www.eldiario.net\\\/portal\\\/#organization\"},\"image\":{\"@id\":\"https:\\\/\\\/www.eldiario.net\\\/portal\\\/2021\\\/08\\\/09\\\/urge-a-indigenas-contar-con-nueva-ley-de-gestion-publica-y-censo-2022\\\/#primaryimage\"},\"thumbnailUrl\":\"\",\"articleSection\":[\"Nacional\"],\"inLanguage\":\"es\"},{\"@type\":\"WebPage\",\"@id\":\"https:\\\/\\\/www.eldiario.net\\\/portal\\\/2021\\\/08\\\/09\\\/urge-a-indigenas-contar-con-nueva-ley-de-gestion-publica-y-censo-2022\\\/\",\"url\":\"https:\\\/\\\/www.eldiario.net\\\/portal\\\/2021\\\/08\\\/09\\\/urge-a-indigenas-contar-con-nueva-ley-de-gestion-publica-y-censo-2022\\\/\",\"name\":\"Urge a ind\u00edgenas contar con nueva ley de gesti\u00f3n p\u00fablica y Censo 2022 - El Diario - Bolivia\",\"isPartOf\":{\"@id\":\"https:\\\/\\\/www.eldiario.net\\\/portal\\\/#website\"},\"primaryImageOfPage\":{\"@id\":\"https:\\\/\\\/www.eldiario.net\\\/portal\\\/2021\\\/08\\\/09\\\/urge-a-indigenas-contar-con-nueva-ley-de-gestion-publica-y-censo-2022\\\/#primaryimage\"},\"image\":{\"@id\":\"https:\\\/\\\/www.eldiario.net\\\/portal\\\/2021\\\/08\\\/09\\\/urge-a-indigenas-contar-con-nueva-ley-de-gestion-publica-y-censo-2022\\\/#primaryimage\"},\"thumbnailUrl\":\"\",\"datePublished\":\"2021-08-09T09:59:25+00:00\",\"breadcrumb\":{\"@id\":\"https:\\\/\\\/www.eldiario.net\\\/portal\\\/2021\\\/08\\\/09\\\/urge-a-indigenas-contar-con-nueva-ley-de-gestion-publica-y-censo-2022\\\/#breadcrumb\"},\"inLanguage\":\"es\",\"potentialAction\":[{\"@type\":\"ReadAction\",\"target\":[\"https:\\\/\\\/www.eldiario.net\\\/portal\\\/2021\\\/08\\\/09\\\/urge-a-indigenas-contar-con-nueva-ley-de-gestion-publica-y-censo-2022\\\/\"]}]},{\"@type\":\"ImageObject\",\"inLanguage\":\"es\",\"@id\":\"https:\\\/\\\/www.eldiario.net\\\/portal\\\/2021\\\/08\\\/09\\\/urge-a-indigenas-contar-con-nueva-ley-de-gestion-publica-y-censo-2022\\\/#primaryimage\",\"url\":\"\",\"contentUrl\":\"\"},{\"@type\":\"BreadcrumbList\",\"@id\":\"https:\\\/\\\/www.eldiario.net\\\/portal\\\/2021\\\/08\\\/09\\\/urge-a-indigenas-contar-con-nueva-ley-de-gestion-publica-y-censo-2022\\\/#breadcrumb\",\"itemListElement\":[{\"@type\":\"ListItem\",\"position\":1,\"name\":\"Portada\",\"item\":\"https:\\\/\\\/www.eldiario.net\\\/portal\\\/\"},{\"@type\":\"ListItem\",\"position\":2,\"name\":\"Urge a ind\u00edgenas contar con nueva ley de gesti\u00f3n p\u00fablica y Censo 2022\"}]},{\"@type\":\"WebSite\",\"@id\":\"https:\\\/\\\/www.eldiario.net\\\/portal\\\/#website\",\"url\":\"https:\\\/\\\/www.eldiario.net\\\/portal\\\/\",\"name\":\"El Diario - Decano de la prensa nacional\",\"description\":\"El Diario - Decano de la prensa nacional\",\"publisher\":{\"@id\":\"https:\\\/\\\/www.eldiario.net\\\/portal\\\/#organization\"},\"potentialAction\":[{\"@type\":\"SearchAction\",\"target\":{\"@type\":\"EntryPoint\",\"urlTemplate\":\"https:\\\/\\\/www.eldiario.net\\\/portal\\\/?s={search_term_string}\"},\"query-input\":{\"@type\":\"PropertyValueSpecification\",\"valueRequired\":true,\"valueName\":\"search_term_string\"}}],\"inLanguage\":\"es\"},{\"@type\":\"Organization\",\"@id\":\"https:\\\/\\\/www.eldiario.net\\\/portal\\\/#organization\",\"name\":\"El Diario - Decano de la prensa nacional\",\"url\":\"https:\\\/\\\/www.eldiario.net\\\/portal\\\/\",\"logo\":{\"@type\":\"ImageObject\",\"inLanguage\":\"es\",\"@id\":\"https:\\\/\\\/www.eldiario.net\\\/portal\\\/#\\\/schema\\\/logo\\\/image\\\/\",\"url\":\"https:\\\/\\\/www.eldiario.net\\\/portal\\\/wp-content\\\/uploads\\\/2023\\\/07\\\/logo_ED.jpg\",\"contentUrl\":\"https:\\\/\\\/www.eldiario.net\\\/portal\\\/wp-content\\\/uploads\\\/2023\\\/07\\\/logo_ED.jpg\",\"width\":272,\"height\":52,\"caption\":\"El Diario - Decano de la prensa nacional\"},\"image\":{\"@id\":\"https:\\\/\\\/www.eldiario.net\\\/portal\\\/#\\\/schema\\\/logo\\\/image\\\/\"},\"sameAs\":[\"https:\\\/\\\/www.facebook.com\\\/eldiario.bolivia\\\/\",\"https:\\\/\\\/x.com\\\/eldiario_net\"]},{\"@type\":\"Person\",\"@id\":\"https:\\\/\\\/www.eldiario.net\\\/portal\\\/#\\\/schema\\\/person\\\/f46445640444750d7d753ccd04ae01b7\",\"name\":\"Jeanette\",\"image\":{\"@type\":\"ImageObject\",\"inLanguage\":\"es\",\"@id\":\"https:\\\/\\\/secure.gravatar.com\\\/avatar\\\/3ea2118a5f7dad2b7138b1187a6b7ee55f160b9968b66013c3a3ef39dd7e5798?s=96&d=mm&r=g\",\"url\":\"https:\\\/\\\/secure.gravatar.com\\\/avatar\\\/3ea2118a5f7dad2b7138b1187a6b7ee55f160b9968b66013c3a3ef39dd7e5798?s=96&d=mm&r=g\",\"contentUrl\":\"https:\\\/\\\/secure.gravatar.com\\\/avatar\\\/3ea2118a5f7dad2b7138b1187a6b7ee55f160b9968b66013c3a3ef39dd7e5798?s=96&d=mm&r=g\",\"caption\":\"Jeanette\"},\"sameAs\":[\"https:\\\/\\\/www.eldiario.net\\\/portal\"],\"url\":\"https:\\\/\\\/www.eldiario.net\\\/portal\\\/author\\\/jeanette\\\/\"}]}<\/script>\n<!-- \/ Yoast SEO plugin. -->","yoast_head_json":{"title":"Urge a ind\u00edgenas contar con nueva ley de gesti\u00f3n p\u00fablica y Censo 2022 - El Diario - Bolivia","robots":{"index":"index","follow":"follow","max-snippet":"max-snippet:-1","max-image-preview":"max-image-preview:large","max-video-preview":"max-video-preview:-1"},"canonical":"https:\/\/www.eldiario.net\/portal\/2021\/08\/09\/urge-a-indigenas-contar-con-nueva-ley-de-gestion-publica-y-censo-2022\/","og_locale":"es_ES","og_type":"article","og_title":"Urge a ind\u00edgenas contar con nueva ley de gesti\u00f3n p\u00fablica y Censo 2022 - El Diario - Bolivia","og_description":"Las autoridades ind\u00edgenas de los territorios que se encuentran en proceso de acceso a la autonom\u00eda de las tierras altas y bajas del pa\u00eds participar\u00e1n en la sesi\u00f3n especial que desarrollar\u00e1 la Comisi\u00f3n de Naciones y Pueblos Ind\u00edgenas de la Asamblea Legislativa Plurinacional (ALP) que realizar\u00e1n en el territorio del Gobierno Ind\u00edgena de Charagua Iyambae, [&hellip;]","og_url":"https:\/\/www.eldiario.net\/portal\/2021\/08\/09\/urge-a-indigenas-contar-con-nueva-ley-de-gestion-publica-y-censo-2022\/","og_site_name":"El Diario - Bolivia","article_publisher":"https:\/\/www.facebook.com\/eldiario.bolivia\/","article_published_time":"2021-08-09T09:59:25+00:00","author":"Jeanette","twitter_card":"summary_large_image","twitter_creator":"@eldiario_net","twitter_site":"@eldiario_net","twitter_misc":{"Escrito por":"Jeanette","Tiempo de lectura":"2 minutos"},"schema":{"@context":"https:\/\/schema.org","@graph":[{"@type":"Article","@id":"https:\/\/www.eldiario.net\/portal\/2021\/08\/09\/urge-a-indigenas-contar-con-nueva-ley-de-gestion-publica-y-censo-2022\/#article","isPartOf":{"@id":"https:\/\/www.eldiario.net\/portal\/2021\/08\/09\/urge-a-indigenas-contar-con-nueva-ley-de-gestion-publica-y-censo-2022\/"},"author":{"name":"Jeanette","@id":"https:\/\/www.eldiario.net\/portal\/#\/schema\/person\/f46445640444750d7d753ccd04ae01b7"},"headline":"Urge a ind\u00edgenas contar con nueva ley de gesti\u00f3n p\u00fablica y Censo 2022","datePublished":"2021-08-09T09:59:25+00:00","mainEntityOfPage":{"@id":"https:\/\/www.eldiario.net\/portal\/2021\/08\/09\/urge-a-indigenas-contar-con-nueva-ley-de-gestion-publica-y-censo-2022\/"},"wordCount":466,"publisher":{"@id":"https:\/\/www.eldiario.net\/portal\/#organization"},"image":{"@id":"https:\/\/www.eldiario.net\/portal\/2021\/08\/09\/urge-a-indigenas-contar-con-nueva-ley-de-gestion-publica-y-censo-2022\/#primaryimage"},"thumbnailUrl":"","articleSection":["Nacional"],"inLanguage":"es"},{"@type":"WebPage","@id":"https:\/\/www.eldiario.net\/portal\/2021\/08\/09\/urge-a-indigenas-contar-con-nueva-ley-de-gestion-publica-y-censo-2022\/","url":"https:\/\/www.eldiario.net\/portal\/2021\/08\/09\/urge-a-indigenas-contar-con-nueva-ley-de-gestion-publica-y-censo-2022\/","name":"Urge a ind\u00edgenas contar con nueva ley de gesti\u00f3n p\u00fablica y Censo 2022 - El Diario - Bolivia","isPartOf":{"@id":"https:\/\/www.eldiario.net\/portal\/#website"},"primaryImageOfPage":{"@id":"https:\/\/www.eldiario.net\/portal\/2021\/08\/09\/urge-a-indigenas-contar-con-nueva-ley-de-gestion-publica-y-censo-2022\/#primaryimage"},"image":{"@id":"https:\/\/www.eldiario.net\/portal\/2021\/08\/09\/urge-a-indigenas-contar-con-nueva-ley-de-gestion-publica-y-censo-2022\/#primaryimage"},"thumbnailUrl":"","datePublished":"2021-08-09T09:59:25+00:00","breadcrumb":{"@id":"https:\/\/www.eldiario.net\/portal\/2021\/08\/09\/urge-a-indigenas-contar-con-nueva-ley-de-gestion-publica-y-censo-2022\/#breadcrumb"},"inLanguage":"es","potentialAction":[{"@type":"ReadAction","target":["https:\/\/www.eldiario.net\/portal\/2021\/08\/09\/urge-a-indigenas-contar-con-nueva-ley-de-gestion-publica-y-censo-2022\/"]}]},{"@type":"ImageObject","inLanguage":"es","@id":"https:\/\/www.eldiario.net\/portal\/2021\/08\/09\/urge-a-indigenas-contar-con-nueva-ley-de-gestion-publica-y-censo-2022\/#primaryimage","url":"","contentUrl":""},{"@type":"BreadcrumbList","@id":"https:\/\/www.eldiario.net\/portal\/2021\/08\/09\/urge-a-indigenas-contar-con-nueva-ley-de-gestion-publica-y-censo-2022\/#breadcrumb","itemListElement":[{"@type":"ListItem","position":1,"name":"Portada","item":"https:\/\/www.eldiario.net\/portal\/"},{"@type":"ListItem","position":2,"name":"Urge a ind\u00edgenas contar con nueva ley de gesti\u00f3n p\u00fablica y Censo 2022"}]},{"@type":"WebSite","@id":"https:\/\/www.eldiario.net\/portal\/#website","url":"https:\/\/www.eldiario.net\/portal\/","name":"El Diario - Decano de la prensa nacional","description":"El Diario - Decano de la prensa nacional","publisher":{"@id":"https:\/\/www.eldiario.net\/portal\/#organization"},"potentialAction":[{"@type":"SearchAction","target":{"@type":"EntryPoint","urlTemplate":"https:\/\/www.eldiario.net\/portal\/?s={search_term_string}"},"query-input":{"@type":"PropertyValueSpecification","valueRequired":true,"valueName":"search_term_string"}}],"inLanguage":"es"},{"@type":"Organization","@id":"https:\/\/www.eldiario.net\/portal\/#organization","name":"El Diario - Decano de la prensa nacional","url":"https:\/\/www.eldiario.net\/portal\/","logo":{"@type":"ImageObject","inLanguage":"es","@id":"https:\/\/www.eldiario.net\/portal\/#\/schema\/logo\/image\/","url":"https:\/\/www.eldiario.net\/portal\/wp-content\/uploads\/2023\/07\/logo_ED.jpg","contentUrl":"https:\/\/www.eldiario.net\/portal\/wp-content\/uploads\/2023\/07\/logo_ED.jpg","width":272,"height":52,"caption":"El Diario - Decano de la prensa nacional"},"image":{"@id":"https:\/\/www.eldiario.net\/portal\/#\/schema\/logo\/image\/"},"sameAs":["https:\/\/www.facebook.com\/eldiario.bolivia\/","https:\/\/x.com\/eldiario_net"]},{"@type":"Person","@id":"https:\/\/www.eldiario.net\/portal\/#\/schema\/person\/f46445640444750d7d753ccd04ae01b7","name":"Jeanette","image":{"@type":"ImageObject","inLanguage":"es","@id":"https:\/\/secure.gravatar.com\/avatar\/3ea2118a5f7dad2b7138b1187a6b7ee55f160b9968b66013c3a3ef39dd7e5798?s=96&d=mm&r=g","url":"https:\/\/secure.gravatar.com\/avatar\/3ea2118a5f7dad2b7138b1187a6b7ee55f160b9968b66013c3a3ef39dd7e5798?s=96&d=mm&r=g","contentUrl":"https:\/\/secure.gravatar.com\/avatar\/3ea2118a5f7dad2b7138b1187a6b7ee55f160b9968b66013c3a3ef39dd7e5798?s=96&d=mm&r=g","caption":"Jeanette"},"sameAs":["https:\/\/www.eldiario.net\/portal"],"url":"https:\/\/www.eldiario.net\/portal\/author\/jeanette\/"}]}},"_links":{"self":[{"href":"https:\/\/www.eldiario.net\/portal\/wp-json\/wp\/v2\/posts\/22303","targetHints":{"allow":["GET"]}}],"collection":[{"href":"https:\/\/www.eldiario.net\/portal\/wp-json\/wp\/v2\/posts"}],"about":[{"href":"https:\/\/www.eldiario.net\/portal\/wp-json\/wp\/v2\/types\/post"}],"author":[{"embeddable":true,"href":"https:\/\/www.eldiario.net\/portal\/wp-json\/wp\/v2\/users\/1"}],"replies":[{"embeddable":true,"href":"https:\/\/www.eldiario.net\/portal\/wp-json\/wp\/v2\/comments?post=22303"}],"version-history":[{"count":0,"href":"https:\/\/www.eldiario.net\/portal\/wp-json\/wp\/v2\/posts\/22303\/revisions"}],"wp:attachment":[{"href":"https:\/\/www.eldiario.net\/portal\/wp-json\/wp\/v2\/media?parent=22303"}],"wp:term":[{"taxonomy":"category","embeddable":true,"href":"https:\/\/www.eldiario.net\/portal\/wp-json\/wp\/v2\/categories?post=22303"},{"taxonomy":"post_tag","embeddable":true,"href":"https:\/\/www.eldiario.net\/portal\/wp-json\/wp\/v2\/tags?post=22303"}],"curies":[{"name":"wp","href":"https:\/\/api.w.org\/{rel}","templated":true}]}}