{"id":22291,"date":"2021-08-09T05:55:14","date_gmt":"2021-08-09T09:55:14","guid":{"rendered":"https:\/\/www.eldiario.net\/portal\/?p=22291"},"modified":"2021-08-09T05:55:14","modified_gmt":"2021-08-09T09:55:14","slug":"6-de-agosto-de-cara-al-bicentenario-2","status":"publish","type":"post","link":"https:\/\/www.eldiario.net\/portal\/2021\/08\/09\/6-de-agosto-de-cara-al-bicentenario-2\/","title":{"rendered":"6 de agosto, de cara al bicentenario"},"content":{"rendered":"<p style=\"text-align: center;\">Parte II<\/p>\n<p>La construcci\u00f3n plurinacional, como eje transversal, radica en la articulaci\u00f3n estatal democr\u00e1tica, dialogada, de nuestros distintos pueblos y culturas, especialmente de sus dos grandes vertientes, la ind\u00edgena originaria y la occidental. La plurinacionalidad es la convivencia arm\u00f3nica entre distintos pueblos y culturas que conforman el pa\u00eds a partir de relaciones de igualdad superando cualquier subordinaci\u00f3n. Es un valor esencial de nuestra diversidad y un concepto estatal de gran contenido estructurante que no lo invent\u00f3 el MAS. Que se revindic\u00f3 primero en tierras altas desde los 70 con el manifiesto de Tiwanaku, seguido en los 90 por los pueblos de tierras bajas con la marcha por la dignidad y el territorio y continuada luego en la vida democr\u00e1tica hasta plasmarse en la Constituci\u00f3n, inicialmente en 1994 y 2004 y plenamente en 2009. Construcci\u00f3n plurinacional significa pluralismo, interculturalidad, respeto al otro y mutua alimentaci\u00f3n de valores diferentes que acaben la exclusi\u00f3n de unos y de otros en un pa\u00eds de iguales y de todos.<br \/>\nLa construcci\u00f3n auton\u00f3mica, supone la construcci\u00f3n de gobierno, deliberaci\u00f3n, democracia, productividad y desarrollo, en cada una de las regiones, departamentos, municipios y autonom\u00edas ind\u00edgenas, como condici\u00f3n para construir nuestro pa\u00eds como espacio unido, vertebrado y ocupado social, econ\u00f3mica y pol\u00edticamente por su poblaci\u00f3n. Se trata del gobierno propio y de la administraci\u00f3n de los intereses colectivos en cada lugar organizado del territorio nacional, articulando descentralizaci\u00f3n y democratizaci\u00f3n para acabar con el centralismo autoritario. La construcci\u00f3n de una Bolivia auton\u00f3mica apareja un redise\u00f1o estatal territorial que debe iniciarse en un gran pacto fiscal que, diagnosticadas nuestras falencias y desigualdades, redefina la utilizaci\u00f3n descentralizada de los recursos, sus fuentes de financiamiento y las competencias, potenciando municipios, gobernaciones y autonom\u00edas ind\u00edgenas. S\u00f3lo as\u00ed avanzaremos en una estrategia geopol\u00edtica de equidad territorial, ocupaci\u00f3n geogr\u00e1fica integral y soberan\u00eda nacional.<br \/>\nLa construcci\u00f3n productiva tiene que iniciarse con un paulatino pero decidido abandono del extractivismo primario exportador de claro raigambre colonial, que sell\u00f3 la explotaci\u00f3n ind\u00edgena y el saqueo de nuestros recursos. La verdadera defensa de la madre naturaleza y el medio ambiente requiere el cambio radical, aunque gradual, de la matriz productiva para una industrializaci\u00f3n nacional de base ancha, especializando al pa\u00eds en determinadas tecnolog\u00edas, en econom\u00edas agr\u00edcolas org\u00e1nicas y en las que desplieguen nuestras vocaciones culturales, tur\u00edsticas, gastron\u00f3micas y artesanales.<br \/>\nLa construcci\u00f3n del estado de derecho es la tarea siempre pendiente de la institucionalidad que garantice libertad y dignidad individual y colectiva frente al gobierno y al Estado que deben cumplir leyes, respetar derechos y promover bienestar. La reforma estructural de la justicia es el primer paso que ya no admite demora para terminar con su bochornosa dependencia, para acabar con la persecuci\u00f3n judicial, pero adem\u00e1s con la burocracia, la corrupci\u00f3n, la inseguridad ciudadana y el violentismo de una sociedad machista y adultista. La independencia real de los poderes, el respeto a la soberan\u00eda del voto, los l\u00edmites infranqueables de la ley al poder, y el servicio p\u00fablico como raz\u00f3n principal de la representaci\u00f3n y la pol\u00edtica, s\u00f3lo podr\u00e1n construirse en su integralidad a partir de un \u00f3rgano judicial reconstituido con jueces id\u00f3neos e independientes.<br \/>\nLas grandes potencialidades del pa\u00eds s\u00f3lo podr\u00e1n ser desatadas en renovados escenarios de concertaci\u00f3n que hoy los gobernantes deben construir abandonando el autoritarismo y la intolerancia, pero que ser\u00e1n \u00fatiles solo si los opositores concurren con visiones m\u00e1s trascendentes que la sola negociaci\u00f3n de lo avanzado o la nostalgia del viejo pa\u00eds que no debe retornar.<br \/>\nHoy, a 196 a\u00f1os de la independencia, necesitamos que los lideres actuales logren alzar la vista para perfilar el horizonte. De lo contrario habr\u00e1 que reemplazarlos porque el bicentenario pr\u00f3ximo no nos puede encontrar entrampados entre quienes mutuamente se descalifican como \u201ctiranuelos masistas\u201d y \u201cderechistas vende patrias\u201d que siguen ignorando las potencialidades del pa\u00eds que, pese a todo, despu\u00e9s de casi 200 a\u00f1os sigue de pie y tiene camino por delante.<\/p>\n","protected":false},"excerpt":{"rendered":"<p>Parte II La construcci\u00f3n plurinacional, como eje transversal, radica en la articulaci\u00f3n estatal democr\u00e1tica, dialogada, de nuestros distintos pueblos y culturas, especialmente de sus dos grandes vertientes, la ind\u00edgena originaria y la occidental. La plurinacionalidad es la convivencia arm\u00f3nica entre distintos pueblos y culturas que conforman el pa\u00eds a partir de relaciones de igualdad superando [&hellip;]<\/p>\n","protected":false},"author":1,"featured_media":12000,"comment_status":"closed","ping_status":"closed","sticky":false,"template":"","format":"standard","meta":{"_acf_changed":false,"footnotes":""},"categories":[9],"tags":[],"class_list":["post-22291","post","type-post","status-publish","format-standard","has-post-thumbnail","category-opinion"],"acf":{"antetitulo":""},"yoast_head":"<!-- This site is optimized with the Yoast SEO plugin v28.4 - https:\/\/yoast.com\/product\/yoast-seo-wordpress\/ -->\n<title>6 de agosto, de cara al bicentenario - El Diario - Bolivia<\/title>\n<meta name=\"robots\" content=\"index, follow, max-snippet:-1, max-image-preview:large, max-video-preview:-1\" \/>\n<link rel=\"canonical\" href=\"https:\/\/www.eldiario.net\/portal\/2021\/08\/09\/6-de-agosto-de-cara-al-bicentenario-2\/\" \/>\n<meta property=\"og:locale\" content=\"es_ES\" \/>\n<meta property=\"og:type\" content=\"article\" \/>\n<meta property=\"og:title\" content=\"6 de agosto, de cara al bicentenario - El Diario - Bolivia\" \/>\n<meta property=\"og:description\" content=\"Parte II La construcci\u00f3n plurinacional, como eje transversal, radica en la articulaci\u00f3n estatal democr\u00e1tica, dialogada, de nuestros distintos pueblos y culturas, especialmente de sus dos grandes vertientes, la ind\u00edgena originaria y la occidental. La plurinacionalidad es la convivencia arm\u00f3nica entre distintos pueblos y culturas que conforman el pa\u00eds a partir de relaciones de igualdad superando [&hellip;]\" \/>\n<meta property=\"og:url\" content=\"https:\/\/www.eldiario.net\/portal\/2021\/08\/09\/6-de-agosto-de-cara-al-bicentenario-2\/\" \/>\n<meta property=\"og:site_name\" content=\"El Diario - Bolivia\" \/>\n<meta property=\"article:publisher\" content=\"https:\/\/www.facebook.com\/eldiario.bolivia\/\" \/>\n<meta property=\"article:published_time\" content=\"2021-08-09T09:55:14+00:00\" \/>\n<meta name=\"author\" content=\"Jeanette\" \/>\n<meta name=\"twitter:card\" content=\"summary_large_image\" \/>\n<meta name=\"twitter:creator\" content=\"@eldiario_net\" \/>\n<meta name=\"twitter:site\" content=\"@eldiario_net\" \/>\n<meta name=\"twitter:label1\" content=\"Escrito por\" \/>\n\t<meta name=\"twitter:data1\" content=\"Jeanette\" \/>\n\t<meta name=\"twitter:label2\" content=\"Tiempo de lectura\" \/>\n\t<meta name=\"twitter:data2\" content=\"3 minutos\" \/>\n<script type=\"application\/ld+json\" class=\"yoast-schema-graph\">{\"@context\":\"https:\\\/\\\/schema.org\",\"@graph\":[{\"@type\":\"Article\",\"@id\":\"https:\\\/\\\/www.eldiario.net\\\/portal\\\/2021\\\/08\\\/09\\\/6-de-agosto-de-cara-al-bicentenario-2\\\/#article\",\"isPartOf\":{\"@id\":\"https:\\\/\\\/www.eldiario.net\\\/portal\\\/2021\\\/08\\\/09\\\/6-de-agosto-de-cara-al-bicentenario-2\\\/\"},\"author\":{\"name\":\"Jeanette\",\"@id\":\"https:\\\/\\\/www.eldiario.net\\\/portal\\\/#\\\/schema\\\/person\\\/f46445640444750d7d753ccd04ae01b7\"},\"headline\":\"6 de agosto, de cara al bicentenario\",\"datePublished\":\"2021-08-09T09:55:14+00:00\",\"mainEntityOfPage\":{\"@id\":\"https:\\\/\\\/www.eldiario.net\\\/portal\\\/2021\\\/08\\\/09\\\/6-de-agosto-de-cara-al-bicentenario-2\\\/\"},\"wordCount\":715,\"publisher\":{\"@id\":\"https:\\\/\\\/www.eldiario.net\\\/portal\\\/#organization\"},\"image\":{\"@id\":\"https:\\\/\\\/www.eldiario.net\\\/portal\\\/2021\\\/08\\\/09\\\/6-de-agosto-de-cara-al-bicentenario-2\\\/#primaryimage\"},\"thumbnailUrl\":\"\",\"articleSection\":[\"Opini\u00f3n\"],\"inLanguage\":\"es\"},{\"@type\":\"WebPage\",\"@id\":\"https:\\\/\\\/www.eldiario.net\\\/portal\\\/2021\\\/08\\\/09\\\/6-de-agosto-de-cara-al-bicentenario-2\\\/\",\"url\":\"https:\\\/\\\/www.eldiario.net\\\/portal\\\/2021\\\/08\\\/09\\\/6-de-agosto-de-cara-al-bicentenario-2\\\/\",\"name\":\"6 de agosto, de cara al bicentenario - El Diario - Bolivia\",\"isPartOf\":{\"@id\":\"https:\\\/\\\/www.eldiario.net\\\/portal\\\/#website\"},\"primaryImageOfPage\":{\"@id\":\"https:\\\/\\\/www.eldiario.net\\\/portal\\\/2021\\\/08\\\/09\\\/6-de-agosto-de-cara-al-bicentenario-2\\\/#primaryimage\"},\"image\":{\"@id\":\"https:\\\/\\\/www.eldiario.net\\\/portal\\\/2021\\\/08\\\/09\\\/6-de-agosto-de-cara-al-bicentenario-2\\\/#primaryimage\"},\"thumbnailUrl\":\"\",\"datePublished\":\"2021-08-09T09:55:14+00:00\",\"breadcrumb\":{\"@id\":\"https:\\\/\\\/www.eldiario.net\\\/portal\\\/2021\\\/08\\\/09\\\/6-de-agosto-de-cara-al-bicentenario-2\\\/#breadcrumb\"},\"inLanguage\":\"es\",\"potentialAction\":[{\"@type\":\"ReadAction\",\"target\":[\"https:\\\/\\\/www.eldiario.net\\\/portal\\\/2021\\\/08\\\/09\\\/6-de-agosto-de-cara-al-bicentenario-2\\\/\"]}]},{\"@type\":\"ImageObject\",\"inLanguage\":\"es\",\"@id\":\"https:\\\/\\\/www.eldiario.net\\\/portal\\\/2021\\\/08\\\/09\\\/6-de-agosto-de-cara-al-bicentenario-2\\\/#primaryimage\",\"url\":\"\",\"contentUrl\":\"\"},{\"@type\":\"BreadcrumbList\",\"@id\":\"https:\\\/\\\/www.eldiario.net\\\/portal\\\/2021\\\/08\\\/09\\\/6-de-agosto-de-cara-al-bicentenario-2\\\/#breadcrumb\",\"itemListElement\":[{\"@type\":\"ListItem\",\"position\":1,\"name\":\"Portada\",\"item\":\"https:\\\/\\\/www.eldiario.net\\\/portal\\\/\"},{\"@type\":\"ListItem\",\"position\":2,\"name\":\"6 de agosto, de cara al bicentenario\"}]},{\"@type\":\"WebSite\",\"@id\":\"https:\\\/\\\/www.eldiario.net\\\/portal\\\/#website\",\"url\":\"https:\\\/\\\/www.eldiario.net\\\/portal\\\/\",\"name\":\"El Diario - Decano de la prensa nacional\",\"description\":\"El Diario - Decano de la prensa nacional\",\"publisher\":{\"@id\":\"https:\\\/\\\/www.eldiario.net\\\/portal\\\/#organization\"},\"potentialAction\":[{\"@type\":\"SearchAction\",\"target\":{\"@type\":\"EntryPoint\",\"urlTemplate\":\"https:\\\/\\\/www.eldiario.net\\\/portal\\\/?s={search_term_string}\"},\"query-input\":{\"@type\":\"PropertyValueSpecification\",\"valueRequired\":true,\"valueName\":\"search_term_string\"}}],\"inLanguage\":\"es\"},{\"@type\":\"Organization\",\"@id\":\"https:\\\/\\\/www.eldiario.net\\\/portal\\\/#organization\",\"name\":\"El Diario - Decano de la prensa nacional\",\"url\":\"https:\\\/\\\/www.eldiario.net\\\/portal\\\/\",\"logo\":{\"@type\":\"ImageObject\",\"inLanguage\":\"es\",\"@id\":\"https:\\\/\\\/www.eldiario.net\\\/portal\\\/#\\\/schema\\\/logo\\\/image\\\/\",\"url\":\"https:\\\/\\\/www.eldiario.net\\\/portal\\\/wp-content\\\/uploads\\\/2023\\\/07\\\/logo_ED.jpg\",\"contentUrl\":\"https:\\\/\\\/www.eldiario.net\\\/portal\\\/wp-content\\\/uploads\\\/2023\\\/07\\\/logo_ED.jpg\",\"width\":272,\"height\":52,\"caption\":\"El Diario - Decano de la prensa nacional\"},\"image\":{\"@id\":\"https:\\\/\\\/www.eldiario.net\\\/portal\\\/#\\\/schema\\\/logo\\\/image\\\/\"},\"sameAs\":[\"https:\\\/\\\/www.facebook.com\\\/eldiario.bolivia\\\/\",\"https:\\\/\\\/x.com\\\/eldiario_net\"]},{\"@type\":\"Person\",\"@id\":\"https:\\\/\\\/www.eldiario.net\\\/portal\\\/#\\\/schema\\\/person\\\/f46445640444750d7d753ccd04ae01b7\",\"name\":\"Jeanette\",\"image\":{\"@type\":\"ImageObject\",\"inLanguage\":\"es\",\"@id\":\"https:\\\/\\\/secure.gravatar.com\\\/avatar\\\/3ea2118a5f7dad2b7138b1187a6b7ee55f160b9968b66013c3a3ef39dd7e5798?s=96&d=mm&r=g\",\"url\":\"https:\\\/\\\/secure.gravatar.com\\\/avatar\\\/3ea2118a5f7dad2b7138b1187a6b7ee55f160b9968b66013c3a3ef39dd7e5798?s=96&d=mm&r=g\",\"contentUrl\":\"https:\\\/\\\/secure.gravatar.com\\\/avatar\\\/3ea2118a5f7dad2b7138b1187a6b7ee55f160b9968b66013c3a3ef39dd7e5798?s=96&d=mm&r=g\",\"caption\":\"Jeanette\"},\"sameAs\":[\"https:\\\/\\\/www.eldiario.net\\\/portal\"],\"url\":\"https:\\\/\\\/www.eldiario.net\\\/portal\\\/author\\\/jeanette\\\/\"}]}<\/script>\n<!-- \/ Yoast SEO plugin. -->","yoast_head_json":{"title":"6 de agosto, de cara al bicentenario - El Diario - Bolivia","robots":{"index":"index","follow":"follow","max-snippet":"max-snippet:-1","max-image-preview":"max-image-preview:large","max-video-preview":"max-video-preview:-1"},"canonical":"https:\/\/www.eldiario.net\/portal\/2021\/08\/09\/6-de-agosto-de-cara-al-bicentenario-2\/","og_locale":"es_ES","og_type":"article","og_title":"6 de agosto, de cara al bicentenario - El Diario - Bolivia","og_description":"Parte II La construcci\u00f3n plurinacional, como eje transversal, radica en la articulaci\u00f3n estatal democr\u00e1tica, dialogada, de nuestros distintos pueblos y culturas, especialmente de sus dos grandes vertientes, la ind\u00edgena originaria y la occidental. La plurinacionalidad es la convivencia arm\u00f3nica entre distintos pueblos y culturas que conforman el pa\u00eds a partir de relaciones de igualdad superando [&hellip;]","og_url":"https:\/\/www.eldiario.net\/portal\/2021\/08\/09\/6-de-agosto-de-cara-al-bicentenario-2\/","og_site_name":"El Diario - Bolivia","article_publisher":"https:\/\/www.facebook.com\/eldiario.bolivia\/","article_published_time":"2021-08-09T09:55:14+00:00","author":"Jeanette","twitter_card":"summary_large_image","twitter_creator":"@eldiario_net","twitter_site":"@eldiario_net","twitter_misc":{"Escrito por":"Jeanette","Tiempo de lectura":"3 minutos"},"schema":{"@context":"https:\/\/schema.org","@graph":[{"@type":"Article","@id":"https:\/\/www.eldiario.net\/portal\/2021\/08\/09\/6-de-agosto-de-cara-al-bicentenario-2\/#article","isPartOf":{"@id":"https:\/\/www.eldiario.net\/portal\/2021\/08\/09\/6-de-agosto-de-cara-al-bicentenario-2\/"},"author":{"name":"Jeanette","@id":"https:\/\/www.eldiario.net\/portal\/#\/schema\/person\/f46445640444750d7d753ccd04ae01b7"},"headline":"6 de agosto, de cara al bicentenario","datePublished":"2021-08-09T09:55:14+00:00","mainEntityOfPage":{"@id":"https:\/\/www.eldiario.net\/portal\/2021\/08\/09\/6-de-agosto-de-cara-al-bicentenario-2\/"},"wordCount":715,"publisher":{"@id":"https:\/\/www.eldiario.net\/portal\/#organization"},"image":{"@id":"https:\/\/www.eldiario.net\/portal\/2021\/08\/09\/6-de-agosto-de-cara-al-bicentenario-2\/#primaryimage"},"thumbnailUrl":"","articleSection":["Opini\u00f3n"],"inLanguage":"es"},{"@type":"WebPage","@id":"https:\/\/www.eldiario.net\/portal\/2021\/08\/09\/6-de-agosto-de-cara-al-bicentenario-2\/","url":"https:\/\/www.eldiario.net\/portal\/2021\/08\/09\/6-de-agosto-de-cara-al-bicentenario-2\/","name":"6 de agosto, de cara al bicentenario - El Diario - Bolivia","isPartOf":{"@id":"https:\/\/www.eldiario.net\/portal\/#website"},"primaryImageOfPage":{"@id":"https:\/\/www.eldiario.net\/portal\/2021\/08\/09\/6-de-agosto-de-cara-al-bicentenario-2\/#primaryimage"},"image":{"@id":"https:\/\/www.eldiario.net\/portal\/2021\/08\/09\/6-de-agosto-de-cara-al-bicentenario-2\/#primaryimage"},"thumbnailUrl":"","datePublished":"2021-08-09T09:55:14+00:00","breadcrumb":{"@id":"https:\/\/www.eldiario.net\/portal\/2021\/08\/09\/6-de-agosto-de-cara-al-bicentenario-2\/#breadcrumb"},"inLanguage":"es","potentialAction":[{"@type":"ReadAction","target":["https:\/\/www.eldiario.net\/portal\/2021\/08\/09\/6-de-agosto-de-cara-al-bicentenario-2\/"]}]},{"@type":"ImageObject","inLanguage":"es","@id":"https:\/\/www.eldiario.net\/portal\/2021\/08\/09\/6-de-agosto-de-cara-al-bicentenario-2\/#primaryimage","url":"","contentUrl":""},{"@type":"BreadcrumbList","@id":"https:\/\/www.eldiario.net\/portal\/2021\/08\/09\/6-de-agosto-de-cara-al-bicentenario-2\/#breadcrumb","itemListElement":[{"@type":"ListItem","position":1,"name":"Portada","item":"https:\/\/www.eldiario.net\/portal\/"},{"@type":"ListItem","position":2,"name":"6 de agosto, de cara al bicentenario"}]},{"@type":"WebSite","@id":"https:\/\/www.eldiario.net\/portal\/#website","url":"https:\/\/www.eldiario.net\/portal\/","name":"El Diario - Decano de la prensa nacional","description":"El Diario - Decano de la prensa nacional","publisher":{"@id":"https:\/\/www.eldiario.net\/portal\/#organization"},"potentialAction":[{"@type":"SearchAction","target":{"@type":"EntryPoint","urlTemplate":"https:\/\/www.eldiario.net\/portal\/?s={search_term_string}"},"query-input":{"@type":"PropertyValueSpecification","valueRequired":true,"valueName":"search_term_string"}}],"inLanguage":"es"},{"@type":"Organization","@id":"https:\/\/www.eldiario.net\/portal\/#organization","name":"El Diario - Decano de la prensa nacional","url":"https:\/\/www.eldiario.net\/portal\/","logo":{"@type":"ImageObject","inLanguage":"es","@id":"https:\/\/www.eldiario.net\/portal\/#\/schema\/logo\/image\/","url":"https:\/\/www.eldiario.net\/portal\/wp-content\/uploads\/2023\/07\/logo_ED.jpg","contentUrl":"https:\/\/www.eldiario.net\/portal\/wp-content\/uploads\/2023\/07\/logo_ED.jpg","width":272,"height":52,"caption":"El Diario - Decano de la prensa nacional"},"image":{"@id":"https:\/\/www.eldiario.net\/portal\/#\/schema\/logo\/image\/"},"sameAs":["https:\/\/www.facebook.com\/eldiario.bolivia\/","https:\/\/x.com\/eldiario_net"]},{"@type":"Person","@id":"https:\/\/www.eldiario.net\/portal\/#\/schema\/person\/f46445640444750d7d753ccd04ae01b7","name":"Jeanette","image":{"@type":"ImageObject","inLanguage":"es","@id":"https:\/\/secure.gravatar.com\/avatar\/3ea2118a5f7dad2b7138b1187a6b7ee55f160b9968b66013c3a3ef39dd7e5798?s=96&d=mm&r=g","url":"https:\/\/secure.gravatar.com\/avatar\/3ea2118a5f7dad2b7138b1187a6b7ee55f160b9968b66013c3a3ef39dd7e5798?s=96&d=mm&r=g","contentUrl":"https:\/\/secure.gravatar.com\/avatar\/3ea2118a5f7dad2b7138b1187a6b7ee55f160b9968b66013c3a3ef39dd7e5798?s=96&d=mm&r=g","caption":"Jeanette"},"sameAs":["https:\/\/www.eldiario.net\/portal"],"url":"https:\/\/www.eldiario.net\/portal\/author\/jeanette\/"}]}},"_links":{"self":[{"href":"https:\/\/www.eldiario.net\/portal\/wp-json\/wp\/v2\/posts\/22291","targetHints":{"allow":["GET"]}}],"collection":[{"href":"https:\/\/www.eldiario.net\/portal\/wp-json\/wp\/v2\/posts"}],"about":[{"href":"https:\/\/www.eldiario.net\/portal\/wp-json\/wp\/v2\/types\/post"}],"author":[{"embeddable":true,"href":"https:\/\/www.eldiario.net\/portal\/wp-json\/wp\/v2\/users\/1"}],"replies":[{"embeddable":true,"href":"https:\/\/www.eldiario.net\/portal\/wp-json\/wp\/v2\/comments?post=22291"}],"version-history":[{"count":0,"href":"https:\/\/www.eldiario.net\/portal\/wp-json\/wp\/v2\/posts\/22291\/revisions"}],"wp:attachment":[{"href":"https:\/\/www.eldiario.net\/portal\/wp-json\/wp\/v2\/media?parent=22291"}],"wp:term":[{"taxonomy":"category","embeddable":true,"href":"https:\/\/www.eldiario.net\/portal\/wp-json\/wp\/v2\/categories?post=22291"},{"taxonomy":"post_tag","embeddable":true,"href":"https:\/\/www.eldiario.net\/portal\/wp-json\/wp\/v2\/tags?post=22291"}],"curies":[{"name":"wp","href":"https:\/\/api.w.org\/{rel}","templated":true}]}}