{"id":22289,"date":"2021-08-09T05:54:34","date_gmt":"2021-08-09T09:54:34","guid":{"rendered":"https:\/\/www.eldiario.net\/portal\/?p=22289"},"modified":"2021-08-09T05:54:34","modified_gmt":"2021-08-09T09:54:34","slug":"mas-papistas-que-el-papa","status":"publish","type":"post","link":"https:\/\/www.eldiario.net\/portal\/2021\/08\/09\/mas-papistas-que-el-papa\/","title":{"rendered":"M\u00e1s papistas que el Papa"},"content":{"rendered":"<p>Hasta hace poco se hac\u00eda referencia a la izquierda nacional o la representaci\u00f3n democr\u00e1tica del pueblo, identificada, sobre todas las cosas, con los supremos intereses de un pa\u00eds. Al servicio de su poblaci\u00f3n desprotegida e int\u00e9rprete de sus valores culturales e hist\u00f3ricos. No rend\u00eda pleites\u00eda a personajes for\u00e1neos, ni obedec\u00eda consignas del mundo exterior.<br \/>\nA estas alturas de la historia no existen izquierdas de esa \u00edndole: moderadas, democr\u00e1ticas y no autoritarias. Ahora las izquierdas son radicales, que desconocen, inclusive, las exigencias populares. Todas esas tendencias ideol\u00f3gicas han proliferado en tiempos democr\u00e1ticos. La lucha armada que alentaban pas\u00f3 a la historia. \u201cSangre de minero, semilla de guerrillero\u201d, canturreaban. Hoy se aferran a la praxis electoral y son \u201cm\u00e1s papistas que el Papa\u201d. Sus propulsores ya est\u00e1n bajo tierra. Son hechuras de harina de un solo costal. Por lo visto asumen actitudes de hostigamiento, aprovechando la potabilidad democr\u00e1tica. Enarbolando triunfos electorales, un tanto dudosos y controvertidos. Jam\u00e1s practican el di\u00e1logo, sino imponen a rajatabla. Para ello parece que tuvieran un libreto que circula profusamente entre dichas fuerzas. Posiblemente es una inspiraci\u00f3n de cierto dictador caribe\u00f1o que habla con las aves.<br \/>\nIzquierdas que se han propuesto acabar, siguiendo los m\u00e9todos de sus predecesores del siglo pasado, con quienes piensan diferente. Acosan a opositores que no socavan los cimientos de la Democracia. Asimismo, a personas e instituciones comprometidas con las libertades ciudadanas y el bienestar de los pueblos.<br \/>\nIzquierdas que se resisten a tender puentes de reconciliaci\u00f3n, de concertaci\u00f3n y unidad, por el bien com\u00fan. No les interesa, por lo visto, encarar tareas prioritarias, como la reactivaci\u00f3n econ\u00f3mica, en pandemia. No les importa el hambre ni la miseria de sus pueblos. Tampoco el contingente de descontentos que abandonan sus territorios. Quiz\u00e1 es mucho mejor para ellos. De esa manera tendr\u00e1n el camino expedito para medrar en nombre de los pobres.<br \/>\nEsas izquierdas no son tranquilizadoras, sino que promueven la confrontaci\u00f3n. El odio, particularmente, contra los ricos. Provocan la fuga de capitales, generadoras de empleo. Menosprecian a las personas, posponen sus aspiraciones de mejores d\u00edas y aplican pol\u00edticas hambreadoras. Mantienen en vilo, controlando el pensamiento y la expresi\u00f3n ciudadanas, a pueblos pac\u00edficos, pero combativos. Que reaccionan con contundencia, ante el abuso y la arbitrariedad.<br \/>\nPrueba de ello es que m\u00e1s de cinco millones de venezolanos han huido de su tierra natal, desde el a\u00f1o 2014 a la fecha, como consecuencia de la represi\u00f3n, escasez de alimentos y medicinas. El hecho fue calificado como una de las mayores crisis de desplazamiento en el mundo. Adem\u00e1s, se contabiliz\u00f3 300 \u201cpresos pol\u00edticos\u201d en ese pa\u00eds. \u00c9stos fueron encarcelados por ser contestatarios a un r\u00e9gimen que manipula la Democracia. Este hecho se traduce no solo como una vulneraci\u00f3n a la libertad de expresi\u00f3n, sino como un atentado a los m\u00e1s elementales Derechos Humanos. La comunidad internacional ha condenado tales excesos.<br \/>\nEn Nicaragua encarcelaron a candidatos opositores a la primera magistratura de la Naci\u00f3n, con el prop\u00f3sito de buscar la reelecci\u00f3n del actual dignatario de Estado. Y las fuerzas represoras del r\u00e9gimen cubano atropellaron las protestas antigubernamentales.<br \/>\nEn suma: he ah\u00ed el accionar de las izquierdas radicales que, mediante el sufragio universal, pretenden someter a pueblos libres y democr\u00e1ticos\u2026<\/p>\n","protected":false},"excerpt":{"rendered":"<p>Hasta hace poco se hac\u00eda referencia a la izquierda nacional o la representaci\u00f3n democr\u00e1tica del pueblo, identificada, sobre todas las cosas, con los supremos intereses de un pa\u00eds. Al servicio de su poblaci\u00f3n desprotegida e int\u00e9rprete de sus valores culturales e hist\u00f3ricos. No rend\u00eda pleites\u00eda a personajes for\u00e1neos, ni obedec\u00eda consignas del mundo exterior. A [&hellip;]<\/p>\n","protected":false},"author":1,"featured_media":3790,"comment_status":"closed","ping_status":"closed","sticky":false,"template":"","format":"standard","meta":{"_acf_changed":false,"footnotes":""},"categories":[9],"tags":[],"class_list":["post-22289","post","type-post","status-publish","format-standard","has-post-thumbnail","category-opinion"],"acf":{"antetitulo":""},"yoast_head":"<!-- This site is optimized with the Yoast SEO plugin v28.4 - https:\/\/yoast.com\/product\/yoast-seo-wordpress\/ -->\n<title>M\u00e1s papistas que el Papa - El Diario - Bolivia<\/title>\n<meta name=\"robots\" content=\"index, follow, max-snippet:-1, max-image-preview:large, max-video-preview:-1\" \/>\n<link rel=\"canonical\" href=\"https:\/\/www.eldiario.net\/portal\/2021\/08\/09\/mas-papistas-que-el-papa\/\" \/>\n<meta property=\"og:locale\" content=\"es_ES\" \/>\n<meta property=\"og:type\" content=\"article\" \/>\n<meta property=\"og:title\" content=\"M\u00e1s papistas que el Papa - El Diario - Bolivia\" \/>\n<meta property=\"og:description\" content=\"Hasta hace poco se hac\u00eda referencia a la izquierda nacional o la representaci\u00f3n democr\u00e1tica del pueblo, identificada, sobre todas las cosas, con los supremos intereses de un pa\u00eds. Al servicio de su poblaci\u00f3n desprotegida e int\u00e9rprete de sus valores culturales e hist\u00f3ricos. No rend\u00eda pleites\u00eda a personajes for\u00e1neos, ni obedec\u00eda consignas del mundo exterior. A [&hellip;]\" \/>\n<meta property=\"og:url\" content=\"https:\/\/www.eldiario.net\/portal\/2021\/08\/09\/mas-papistas-que-el-papa\/\" \/>\n<meta property=\"og:site_name\" content=\"El Diario - Bolivia\" \/>\n<meta property=\"article:publisher\" content=\"https:\/\/www.facebook.com\/eldiario.bolivia\/\" \/>\n<meta property=\"article:published_time\" content=\"2021-08-09T09:54:34+00:00\" \/>\n<meta name=\"author\" content=\"Jeanette\" \/>\n<meta name=\"twitter:card\" content=\"summary_large_image\" \/>\n<meta name=\"twitter:creator\" content=\"@eldiario_net\" \/>\n<meta name=\"twitter:site\" content=\"@eldiario_net\" \/>\n<meta name=\"twitter:label1\" content=\"Escrito por\" \/>\n\t<meta name=\"twitter:data1\" content=\"Jeanette\" \/>\n\t<meta name=\"twitter:label2\" content=\"Tiempo de lectura\" \/>\n\t<meta name=\"twitter:data2\" content=\"3 minutos\" \/>\n<script type=\"application\/ld+json\" class=\"yoast-schema-graph\">{\"@context\":\"https:\\\/\\\/schema.org\",\"@graph\":[{\"@type\":\"Article\",\"@id\":\"https:\\\/\\\/www.eldiario.net\\\/portal\\\/2021\\\/08\\\/09\\\/mas-papistas-que-el-papa\\\/#article\",\"isPartOf\":{\"@id\":\"https:\\\/\\\/www.eldiario.net\\\/portal\\\/2021\\\/08\\\/09\\\/mas-papistas-que-el-papa\\\/\"},\"author\":{\"name\":\"Jeanette\",\"@id\":\"https:\\\/\\\/www.eldiario.net\\\/portal\\\/#\\\/schema\\\/person\\\/f46445640444750d7d753ccd04ae01b7\"},\"headline\":\"M\u00e1s papistas que el Papa\",\"datePublished\":\"2021-08-09T09:54:34+00:00\",\"mainEntityOfPage\":{\"@id\":\"https:\\\/\\\/www.eldiario.net\\\/portal\\\/2021\\\/08\\\/09\\\/mas-papistas-que-el-papa\\\/\"},\"wordCount\":581,\"publisher\":{\"@id\":\"https:\\\/\\\/www.eldiario.net\\\/portal\\\/#organization\"},\"image\":{\"@id\":\"https:\\\/\\\/www.eldiario.net\\\/portal\\\/2021\\\/08\\\/09\\\/mas-papistas-que-el-papa\\\/#primaryimage\"},\"thumbnailUrl\":\"\",\"articleSection\":[\"Opini\u00f3n\"],\"inLanguage\":\"es\"},{\"@type\":\"WebPage\",\"@id\":\"https:\\\/\\\/www.eldiario.net\\\/portal\\\/2021\\\/08\\\/09\\\/mas-papistas-que-el-papa\\\/\",\"url\":\"https:\\\/\\\/www.eldiario.net\\\/portal\\\/2021\\\/08\\\/09\\\/mas-papistas-que-el-papa\\\/\",\"name\":\"M\u00e1s papistas que el Papa - El Diario - Bolivia\",\"isPartOf\":{\"@id\":\"https:\\\/\\\/www.eldiario.net\\\/portal\\\/#website\"},\"primaryImageOfPage\":{\"@id\":\"https:\\\/\\\/www.eldiario.net\\\/portal\\\/2021\\\/08\\\/09\\\/mas-papistas-que-el-papa\\\/#primaryimage\"},\"image\":{\"@id\":\"https:\\\/\\\/www.eldiario.net\\\/portal\\\/2021\\\/08\\\/09\\\/mas-papistas-que-el-papa\\\/#primaryimage\"},\"thumbnailUrl\":\"\",\"datePublished\":\"2021-08-09T09:54:34+00:00\",\"breadcrumb\":{\"@id\":\"https:\\\/\\\/www.eldiario.net\\\/portal\\\/2021\\\/08\\\/09\\\/mas-papistas-que-el-papa\\\/#breadcrumb\"},\"inLanguage\":\"es\",\"potentialAction\":[{\"@type\":\"ReadAction\",\"target\":[\"https:\\\/\\\/www.eldiario.net\\\/portal\\\/2021\\\/08\\\/09\\\/mas-papistas-que-el-papa\\\/\"]}]},{\"@type\":\"ImageObject\",\"inLanguage\":\"es\",\"@id\":\"https:\\\/\\\/www.eldiario.net\\\/portal\\\/2021\\\/08\\\/09\\\/mas-papistas-que-el-papa\\\/#primaryimage\",\"url\":\"\",\"contentUrl\":\"\"},{\"@type\":\"BreadcrumbList\",\"@id\":\"https:\\\/\\\/www.eldiario.net\\\/portal\\\/2021\\\/08\\\/09\\\/mas-papistas-que-el-papa\\\/#breadcrumb\",\"itemListElement\":[{\"@type\":\"ListItem\",\"position\":1,\"name\":\"Portada\",\"item\":\"https:\\\/\\\/www.eldiario.net\\\/portal\\\/\"},{\"@type\":\"ListItem\",\"position\":2,\"name\":\"M\u00e1s papistas que el Papa\"}]},{\"@type\":\"WebSite\",\"@id\":\"https:\\\/\\\/www.eldiario.net\\\/portal\\\/#website\",\"url\":\"https:\\\/\\\/www.eldiario.net\\\/portal\\\/\",\"name\":\"El Diario - Decano de la prensa nacional\",\"description\":\"El Diario - Decano de la prensa nacional\",\"publisher\":{\"@id\":\"https:\\\/\\\/www.eldiario.net\\\/portal\\\/#organization\"},\"potentialAction\":[{\"@type\":\"SearchAction\",\"target\":{\"@type\":\"EntryPoint\",\"urlTemplate\":\"https:\\\/\\\/www.eldiario.net\\\/portal\\\/?s={search_term_string}\"},\"query-input\":{\"@type\":\"PropertyValueSpecification\",\"valueRequired\":true,\"valueName\":\"search_term_string\"}}],\"inLanguage\":\"es\"},{\"@type\":\"Organization\",\"@id\":\"https:\\\/\\\/www.eldiario.net\\\/portal\\\/#organization\",\"name\":\"El Diario - Decano de la prensa nacional\",\"url\":\"https:\\\/\\\/www.eldiario.net\\\/portal\\\/\",\"logo\":{\"@type\":\"ImageObject\",\"inLanguage\":\"es\",\"@id\":\"https:\\\/\\\/www.eldiario.net\\\/portal\\\/#\\\/schema\\\/logo\\\/image\\\/\",\"url\":\"https:\\\/\\\/www.eldiario.net\\\/portal\\\/wp-content\\\/uploads\\\/2023\\\/07\\\/logo_ED.jpg\",\"contentUrl\":\"https:\\\/\\\/www.eldiario.net\\\/portal\\\/wp-content\\\/uploads\\\/2023\\\/07\\\/logo_ED.jpg\",\"width\":272,\"height\":52,\"caption\":\"El Diario - Decano de la prensa nacional\"},\"image\":{\"@id\":\"https:\\\/\\\/www.eldiario.net\\\/portal\\\/#\\\/schema\\\/logo\\\/image\\\/\"},\"sameAs\":[\"https:\\\/\\\/www.facebook.com\\\/eldiario.bolivia\\\/\",\"https:\\\/\\\/x.com\\\/eldiario_net\"]},{\"@type\":\"Person\",\"@id\":\"https:\\\/\\\/www.eldiario.net\\\/portal\\\/#\\\/schema\\\/person\\\/f46445640444750d7d753ccd04ae01b7\",\"name\":\"Jeanette\",\"image\":{\"@type\":\"ImageObject\",\"inLanguage\":\"es\",\"@id\":\"https:\\\/\\\/secure.gravatar.com\\\/avatar\\\/3ea2118a5f7dad2b7138b1187a6b7ee55f160b9968b66013c3a3ef39dd7e5798?s=96&d=mm&r=g\",\"url\":\"https:\\\/\\\/secure.gravatar.com\\\/avatar\\\/3ea2118a5f7dad2b7138b1187a6b7ee55f160b9968b66013c3a3ef39dd7e5798?s=96&d=mm&r=g\",\"contentUrl\":\"https:\\\/\\\/secure.gravatar.com\\\/avatar\\\/3ea2118a5f7dad2b7138b1187a6b7ee55f160b9968b66013c3a3ef39dd7e5798?s=96&d=mm&r=g\",\"caption\":\"Jeanette\"},\"sameAs\":[\"https:\\\/\\\/www.eldiario.net\\\/portal\"],\"url\":\"https:\\\/\\\/www.eldiario.net\\\/portal\\\/author\\\/jeanette\\\/\"}]}<\/script>\n<!-- \/ Yoast SEO plugin. -->","yoast_head_json":{"title":"M\u00e1s papistas que el Papa - El Diario - Bolivia","robots":{"index":"index","follow":"follow","max-snippet":"max-snippet:-1","max-image-preview":"max-image-preview:large","max-video-preview":"max-video-preview:-1"},"canonical":"https:\/\/www.eldiario.net\/portal\/2021\/08\/09\/mas-papistas-que-el-papa\/","og_locale":"es_ES","og_type":"article","og_title":"M\u00e1s papistas que el Papa - El Diario - Bolivia","og_description":"Hasta hace poco se hac\u00eda referencia a la izquierda nacional o la representaci\u00f3n democr\u00e1tica del pueblo, identificada, sobre todas las cosas, con los supremos intereses de un pa\u00eds. Al servicio de su poblaci\u00f3n desprotegida e int\u00e9rprete de sus valores culturales e hist\u00f3ricos. No rend\u00eda pleites\u00eda a personajes for\u00e1neos, ni obedec\u00eda consignas del mundo exterior. A [&hellip;]","og_url":"https:\/\/www.eldiario.net\/portal\/2021\/08\/09\/mas-papistas-que-el-papa\/","og_site_name":"El Diario - Bolivia","article_publisher":"https:\/\/www.facebook.com\/eldiario.bolivia\/","article_published_time":"2021-08-09T09:54:34+00:00","author":"Jeanette","twitter_card":"summary_large_image","twitter_creator":"@eldiario_net","twitter_site":"@eldiario_net","twitter_misc":{"Escrito por":"Jeanette","Tiempo de lectura":"3 minutos"},"schema":{"@context":"https:\/\/schema.org","@graph":[{"@type":"Article","@id":"https:\/\/www.eldiario.net\/portal\/2021\/08\/09\/mas-papistas-que-el-papa\/#article","isPartOf":{"@id":"https:\/\/www.eldiario.net\/portal\/2021\/08\/09\/mas-papistas-que-el-papa\/"},"author":{"name":"Jeanette","@id":"https:\/\/www.eldiario.net\/portal\/#\/schema\/person\/f46445640444750d7d753ccd04ae01b7"},"headline":"M\u00e1s papistas que el Papa","datePublished":"2021-08-09T09:54:34+00:00","mainEntityOfPage":{"@id":"https:\/\/www.eldiario.net\/portal\/2021\/08\/09\/mas-papistas-que-el-papa\/"},"wordCount":581,"publisher":{"@id":"https:\/\/www.eldiario.net\/portal\/#organization"},"image":{"@id":"https:\/\/www.eldiario.net\/portal\/2021\/08\/09\/mas-papistas-que-el-papa\/#primaryimage"},"thumbnailUrl":"","articleSection":["Opini\u00f3n"],"inLanguage":"es"},{"@type":"WebPage","@id":"https:\/\/www.eldiario.net\/portal\/2021\/08\/09\/mas-papistas-que-el-papa\/","url":"https:\/\/www.eldiario.net\/portal\/2021\/08\/09\/mas-papistas-que-el-papa\/","name":"M\u00e1s papistas que el Papa - El Diario - Bolivia","isPartOf":{"@id":"https:\/\/www.eldiario.net\/portal\/#website"},"primaryImageOfPage":{"@id":"https:\/\/www.eldiario.net\/portal\/2021\/08\/09\/mas-papistas-que-el-papa\/#primaryimage"},"image":{"@id":"https:\/\/www.eldiario.net\/portal\/2021\/08\/09\/mas-papistas-que-el-papa\/#primaryimage"},"thumbnailUrl":"","datePublished":"2021-08-09T09:54:34+00:00","breadcrumb":{"@id":"https:\/\/www.eldiario.net\/portal\/2021\/08\/09\/mas-papistas-que-el-papa\/#breadcrumb"},"inLanguage":"es","potentialAction":[{"@type":"ReadAction","target":["https:\/\/www.eldiario.net\/portal\/2021\/08\/09\/mas-papistas-que-el-papa\/"]}]},{"@type":"ImageObject","inLanguage":"es","@id":"https:\/\/www.eldiario.net\/portal\/2021\/08\/09\/mas-papistas-que-el-papa\/#primaryimage","url":"","contentUrl":""},{"@type":"BreadcrumbList","@id":"https:\/\/www.eldiario.net\/portal\/2021\/08\/09\/mas-papistas-que-el-papa\/#breadcrumb","itemListElement":[{"@type":"ListItem","position":1,"name":"Portada","item":"https:\/\/www.eldiario.net\/portal\/"},{"@type":"ListItem","position":2,"name":"M\u00e1s papistas que el Papa"}]},{"@type":"WebSite","@id":"https:\/\/www.eldiario.net\/portal\/#website","url":"https:\/\/www.eldiario.net\/portal\/","name":"El Diario - Decano de la prensa nacional","description":"El Diario - Decano de la prensa nacional","publisher":{"@id":"https:\/\/www.eldiario.net\/portal\/#organization"},"potentialAction":[{"@type":"SearchAction","target":{"@type":"EntryPoint","urlTemplate":"https:\/\/www.eldiario.net\/portal\/?s={search_term_string}"},"query-input":{"@type":"PropertyValueSpecification","valueRequired":true,"valueName":"search_term_string"}}],"inLanguage":"es"},{"@type":"Organization","@id":"https:\/\/www.eldiario.net\/portal\/#organization","name":"El Diario - Decano de la prensa nacional","url":"https:\/\/www.eldiario.net\/portal\/","logo":{"@type":"ImageObject","inLanguage":"es","@id":"https:\/\/www.eldiario.net\/portal\/#\/schema\/logo\/image\/","url":"https:\/\/www.eldiario.net\/portal\/wp-content\/uploads\/2023\/07\/logo_ED.jpg","contentUrl":"https:\/\/www.eldiario.net\/portal\/wp-content\/uploads\/2023\/07\/logo_ED.jpg","width":272,"height":52,"caption":"El Diario - Decano de la prensa nacional"},"image":{"@id":"https:\/\/www.eldiario.net\/portal\/#\/schema\/logo\/image\/"},"sameAs":["https:\/\/www.facebook.com\/eldiario.bolivia\/","https:\/\/x.com\/eldiario_net"]},{"@type":"Person","@id":"https:\/\/www.eldiario.net\/portal\/#\/schema\/person\/f46445640444750d7d753ccd04ae01b7","name":"Jeanette","image":{"@type":"ImageObject","inLanguage":"es","@id":"https:\/\/secure.gravatar.com\/avatar\/3ea2118a5f7dad2b7138b1187a6b7ee55f160b9968b66013c3a3ef39dd7e5798?s=96&d=mm&r=g","url":"https:\/\/secure.gravatar.com\/avatar\/3ea2118a5f7dad2b7138b1187a6b7ee55f160b9968b66013c3a3ef39dd7e5798?s=96&d=mm&r=g","contentUrl":"https:\/\/secure.gravatar.com\/avatar\/3ea2118a5f7dad2b7138b1187a6b7ee55f160b9968b66013c3a3ef39dd7e5798?s=96&d=mm&r=g","caption":"Jeanette"},"sameAs":["https:\/\/www.eldiario.net\/portal"],"url":"https:\/\/www.eldiario.net\/portal\/author\/jeanette\/"}]}},"_links":{"self":[{"href":"https:\/\/www.eldiario.net\/portal\/wp-json\/wp\/v2\/posts\/22289","targetHints":{"allow":["GET"]}}],"collection":[{"href":"https:\/\/www.eldiario.net\/portal\/wp-json\/wp\/v2\/posts"}],"about":[{"href":"https:\/\/www.eldiario.net\/portal\/wp-json\/wp\/v2\/types\/post"}],"author":[{"embeddable":true,"href":"https:\/\/www.eldiario.net\/portal\/wp-json\/wp\/v2\/users\/1"}],"replies":[{"embeddable":true,"href":"https:\/\/www.eldiario.net\/portal\/wp-json\/wp\/v2\/comments?post=22289"}],"version-history":[{"count":0,"href":"https:\/\/www.eldiario.net\/portal\/wp-json\/wp\/v2\/posts\/22289\/revisions"}],"wp:attachment":[{"href":"https:\/\/www.eldiario.net\/portal\/wp-json\/wp\/v2\/media?parent=22289"}],"wp:term":[{"taxonomy":"category","embeddable":true,"href":"https:\/\/www.eldiario.net\/portal\/wp-json\/wp\/v2\/categories?post=22289"},{"taxonomy":"post_tag","embeddable":true,"href":"https:\/\/www.eldiario.net\/portal\/wp-json\/wp\/v2\/tags?post=22289"}],"curies":[{"name":"wp","href":"https:\/\/api.w.org\/{rel}","templated":true}]}}