{"id":22287,"date":"2021-08-09T05:53:47","date_gmt":"2021-08-09T09:53:47","guid":{"rendered":"https:\/\/www.eldiario.net\/portal\/?p=22287"},"modified":"2021-08-09T05:53:47","modified_gmt":"2021-08-09T09:53:47","slug":"todo-se-olvida-en-un-pais-seguro","status":"publish","type":"post","link":"https:\/\/www.eldiario.net\/portal\/2021\/08\/09\/todo-se-olvida-en-un-pais-seguro\/","title":{"rendered":"Todo se olvida en un pa\u00eds \u201cseguro\u201d"},"content":{"rendered":"<p>Hace algunos d\u00edas alguien me record\u00f3 aquello de que vivimos en un pa\u00eds donde todo es \u201cseguro\u201d: seguro te roban, seguro te matan, seguro te enga\u00f1an, seguro te hacen el cuento del t\u00edo, seguro no te hacen justicia\u201d, etc., algo sobre lo cual ya hab\u00eda escrito hace un tiempo. La misma persona tambi\u00e9n me hizo recordar otros aspectos o hechos que, a decir verdad, pareciera que nunca ocurrieron, puesto que casi la generalidad de la poblaci\u00f3n los ha olvidado.<br \/>\nY no se trata de que sea una naci\u00f3n habitada por desmemoriados, sino que, al parecer, la din\u00e1mica que imprimimos los bolivianos en todo acontecimiento que encaramos, bien pudiese ser lo que nos empuja sin darnos cuenta a ese olvido, especie de virtual amnesia colectiva, ya que, por ejemplo, \u00bfcu\u00e1ntos recuerdan que por estas fechas, hace tres a\u00f1os, la medalla presidencial, que no deja de ser una reliquia hist\u00f3rica, anduvo por sitios no justamente de buena reputaci\u00f3n? Eso sucedi\u00f3 merced a las andanzas de quien la ten\u00eda bajo su custodia, pues la medalla fue robada, y tras operativos de la polic\u00eda fue felizmente recuperada.<br \/>\nVaya que en un pa\u00eds \u201cseguro\u201d evidentemente casi todo se olvida, y es as\u00ed que, pasando el tiempo, veloz o lentamente, la modorra y el \u201cno me importismo\u201d hacen que dejemos de reparar en tantos y tama\u00f1os hechos que, de un modo u otro, se constituyen en una especie de lastre para la bolivianidad. Otro recuerdo tiene que ver con la promesa de dos candidatos a la presidencia y la \u201cvice\u201d que ofrecieron la creaci\u00f3n de 500 mil empleos, inclusive \u201ccontrato\u201d firmado de por medio con algunos representantes de la poblaci\u00f3n, lo que al final nunca fue cumplido, siendo el desempleo o la desocupaci\u00f3n, hasta hoy, uno de los azotes de la sociedad boliviana.<br \/>\nHubo tambi\u00e9n quien, ante las pantallas de televisi\u00f3n, palabras m\u00e1s, palabras menos, reconoci\u00f3 \u201cs\u00ed tuvimos un hijo, pero por desgracia muri\u00f3, si vive, d\u00f3nde est\u00e1, me lo voy a recoger\u201d, pero luego de tanto machacar con que \u201cfue mentira\u201d, digamos que el olvido \u00bfse impuso? O quiz\u00e1 evocando a otras autoridades que prometieron con bombos y platillos \u201cnunca m\u00e1s habr\u00e1 colas\u201d. Claro, hablamos de aquellas aberrantes filas que son hechas desde siempre, para sacar una ficha con el fin de poder ser atendido por m\u00e9dicos, o lograr un cupo en la escuela o colegio estatales, un espacio para postulantes a centros de formaci\u00f3n militar, o ingresar al cuartel. Ello hasta hoy no desaparece y conste que hubo decisiones \u201csesudas\u201d, dizque \u201cplanificadas\u201d y hasta \u201ccient\u00edficas\u201d, con la finalidad de evitar tales afrentas a los ciudadanos de a pie.<br \/>\nTambi\u00e9n se peror\u00f3 mucho sobre que \u201cdesde hoy, con la promulgaci\u00f3n de esta ley, nunca m\u00e1s habr\u00e1 feminicidios en Bolivia\u201d, etc., empero la realidad muestra otra cosa, y el cerebro del boliviano pareciese que no quiere recordar o tempranamente ya olvid\u00f3. Hay much\u00edsimos otros ejemplos, pero creo que \u00a1ya me he olvidado de ellos!<\/p>\n","protected":false},"excerpt":{"rendered":"<p>Hace algunos d\u00edas alguien me record\u00f3 aquello de que vivimos en un pa\u00eds donde todo es \u201cseguro\u201d: seguro te roban, seguro te matan, seguro te enga\u00f1an, seguro te hacen el cuento del t\u00edo, seguro no te hacen justicia\u201d, etc., algo sobre lo cual ya hab\u00eda escrito hace un tiempo. La misma persona tambi\u00e9n me hizo [&hellip;]<\/p>\n","protected":false},"author":1,"featured_media":7016,"comment_status":"closed","ping_status":"closed","sticky":false,"template":"","format":"standard","meta":{"_acf_changed":false,"footnotes":""},"categories":[9],"tags":[],"class_list":["post-22287","post","type-post","status-publish","format-standard","has-post-thumbnail","category-opinion"],"acf":{"antetitulo":""},"yoast_head":"<!-- This site is optimized with the Yoast SEO plugin v28.4 - https:\/\/yoast.com\/product\/yoast-seo-wordpress\/ -->\n<title>Todo se olvida en un pa\u00eds \u201cseguro\u201d - El Diario - Bolivia<\/title>\n<meta name=\"robots\" content=\"index, follow, max-snippet:-1, max-image-preview:large, max-video-preview:-1\" \/>\n<link rel=\"canonical\" href=\"https:\/\/www.eldiario.net\/portal\/2021\/08\/09\/todo-se-olvida-en-un-pais-seguro\/\" \/>\n<meta property=\"og:locale\" content=\"es_ES\" \/>\n<meta property=\"og:type\" content=\"article\" \/>\n<meta property=\"og:title\" content=\"Todo se olvida en un pa\u00eds \u201cseguro\u201d - El Diario - Bolivia\" \/>\n<meta property=\"og:description\" content=\"Hace algunos d\u00edas alguien me record\u00f3 aquello de que vivimos en un pa\u00eds donde todo es \u201cseguro\u201d: seguro te roban, seguro te matan, seguro te enga\u00f1an, seguro te hacen el cuento del t\u00edo, seguro no te hacen justicia\u201d, etc., algo sobre lo cual ya hab\u00eda escrito hace un tiempo. La misma persona tambi\u00e9n me hizo [&hellip;]\" \/>\n<meta property=\"og:url\" content=\"https:\/\/www.eldiario.net\/portal\/2021\/08\/09\/todo-se-olvida-en-un-pais-seguro\/\" \/>\n<meta property=\"og:site_name\" content=\"El Diario - Bolivia\" \/>\n<meta property=\"article:publisher\" content=\"https:\/\/www.facebook.com\/eldiario.bolivia\/\" \/>\n<meta property=\"article:published_time\" content=\"2021-08-09T09:53:47+00:00\" \/>\n<meta name=\"author\" content=\"Jeanette\" \/>\n<meta name=\"twitter:card\" content=\"summary_large_image\" \/>\n<meta name=\"twitter:creator\" content=\"@eldiario_net\" \/>\n<meta name=\"twitter:site\" content=\"@eldiario_net\" \/>\n<meta name=\"twitter:label1\" content=\"Escrito por\" \/>\n\t<meta name=\"twitter:data1\" content=\"Jeanette\" \/>\n\t<meta name=\"twitter:label2\" content=\"Tiempo de lectura\" \/>\n\t<meta name=\"twitter:data2\" content=\"3 minutos\" \/>\n<script type=\"application\/ld+json\" class=\"yoast-schema-graph\">{\"@context\":\"https:\\\/\\\/schema.org\",\"@graph\":[{\"@type\":\"Article\",\"@id\":\"https:\\\/\\\/www.eldiario.net\\\/portal\\\/2021\\\/08\\\/09\\\/todo-se-olvida-en-un-pais-seguro\\\/#article\",\"isPartOf\":{\"@id\":\"https:\\\/\\\/www.eldiario.net\\\/portal\\\/2021\\\/08\\\/09\\\/todo-se-olvida-en-un-pais-seguro\\\/\"},\"author\":{\"name\":\"Jeanette\",\"@id\":\"https:\\\/\\\/www.eldiario.net\\\/portal\\\/#\\\/schema\\\/person\\\/f46445640444750d7d753ccd04ae01b7\"},\"headline\":\"Todo se olvida en un pa\u00eds \u201cseguro\u201d\",\"datePublished\":\"2021-08-09T09:53:47+00:00\",\"mainEntityOfPage\":{\"@id\":\"https:\\\/\\\/www.eldiario.net\\\/portal\\\/2021\\\/08\\\/09\\\/todo-se-olvida-en-un-pais-seguro\\\/\"},\"wordCount\":527,\"publisher\":{\"@id\":\"https:\\\/\\\/www.eldiario.net\\\/portal\\\/#organization\"},\"image\":{\"@id\":\"https:\\\/\\\/www.eldiario.net\\\/portal\\\/2021\\\/08\\\/09\\\/todo-se-olvida-en-un-pais-seguro\\\/#primaryimage\"},\"thumbnailUrl\":\"\",\"articleSection\":[\"Opini\u00f3n\"],\"inLanguage\":\"es\"},{\"@type\":\"WebPage\",\"@id\":\"https:\\\/\\\/www.eldiario.net\\\/portal\\\/2021\\\/08\\\/09\\\/todo-se-olvida-en-un-pais-seguro\\\/\",\"url\":\"https:\\\/\\\/www.eldiario.net\\\/portal\\\/2021\\\/08\\\/09\\\/todo-se-olvida-en-un-pais-seguro\\\/\",\"name\":\"Todo se olvida en un pa\u00eds \u201cseguro\u201d - El Diario - Bolivia\",\"isPartOf\":{\"@id\":\"https:\\\/\\\/www.eldiario.net\\\/portal\\\/#website\"},\"primaryImageOfPage\":{\"@id\":\"https:\\\/\\\/www.eldiario.net\\\/portal\\\/2021\\\/08\\\/09\\\/todo-se-olvida-en-un-pais-seguro\\\/#primaryimage\"},\"image\":{\"@id\":\"https:\\\/\\\/www.eldiario.net\\\/portal\\\/2021\\\/08\\\/09\\\/todo-se-olvida-en-un-pais-seguro\\\/#primaryimage\"},\"thumbnailUrl\":\"\",\"datePublished\":\"2021-08-09T09:53:47+00:00\",\"breadcrumb\":{\"@id\":\"https:\\\/\\\/www.eldiario.net\\\/portal\\\/2021\\\/08\\\/09\\\/todo-se-olvida-en-un-pais-seguro\\\/#breadcrumb\"},\"inLanguage\":\"es\",\"potentialAction\":[{\"@type\":\"ReadAction\",\"target\":[\"https:\\\/\\\/www.eldiario.net\\\/portal\\\/2021\\\/08\\\/09\\\/todo-se-olvida-en-un-pais-seguro\\\/\"]}]},{\"@type\":\"ImageObject\",\"inLanguage\":\"es\",\"@id\":\"https:\\\/\\\/www.eldiario.net\\\/portal\\\/2021\\\/08\\\/09\\\/todo-se-olvida-en-un-pais-seguro\\\/#primaryimage\",\"url\":\"\",\"contentUrl\":\"\"},{\"@type\":\"BreadcrumbList\",\"@id\":\"https:\\\/\\\/www.eldiario.net\\\/portal\\\/2021\\\/08\\\/09\\\/todo-se-olvida-en-un-pais-seguro\\\/#breadcrumb\",\"itemListElement\":[{\"@type\":\"ListItem\",\"position\":1,\"name\":\"Portada\",\"item\":\"https:\\\/\\\/www.eldiario.net\\\/portal\\\/\"},{\"@type\":\"ListItem\",\"position\":2,\"name\":\"Todo se olvida en un pa\u00eds \u201cseguro\u201d\"}]},{\"@type\":\"WebSite\",\"@id\":\"https:\\\/\\\/www.eldiario.net\\\/portal\\\/#website\",\"url\":\"https:\\\/\\\/www.eldiario.net\\\/portal\\\/\",\"name\":\"El Diario - Decano de la prensa nacional\",\"description\":\"El Diario - Decano de la prensa nacional\",\"publisher\":{\"@id\":\"https:\\\/\\\/www.eldiario.net\\\/portal\\\/#organization\"},\"potentialAction\":[{\"@type\":\"SearchAction\",\"target\":{\"@type\":\"EntryPoint\",\"urlTemplate\":\"https:\\\/\\\/www.eldiario.net\\\/portal\\\/?s={search_term_string}\"},\"query-input\":{\"@type\":\"PropertyValueSpecification\",\"valueRequired\":true,\"valueName\":\"search_term_string\"}}],\"inLanguage\":\"es\"},{\"@type\":\"Organization\",\"@id\":\"https:\\\/\\\/www.eldiario.net\\\/portal\\\/#organization\",\"name\":\"El Diario - Decano de la prensa nacional\",\"url\":\"https:\\\/\\\/www.eldiario.net\\\/portal\\\/\",\"logo\":{\"@type\":\"ImageObject\",\"inLanguage\":\"es\",\"@id\":\"https:\\\/\\\/www.eldiario.net\\\/portal\\\/#\\\/schema\\\/logo\\\/image\\\/\",\"url\":\"https:\\\/\\\/www.eldiario.net\\\/portal\\\/wp-content\\\/uploads\\\/2023\\\/07\\\/logo_ED.jpg\",\"contentUrl\":\"https:\\\/\\\/www.eldiario.net\\\/portal\\\/wp-content\\\/uploads\\\/2023\\\/07\\\/logo_ED.jpg\",\"width\":272,\"height\":52,\"caption\":\"El Diario - Decano de la prensa nacional\"},\"image\":{\"@id\":\"https:\\\/\\\/www.eldiario.net\\\/portal\\\/#\\\/schema\\\/logo\\\/image\\\/\"},\"sameAs\":[\"https:\\\/\\\/www.facebook.com\\\/eldiario.bolivia\\\/\",\"https:\\\/\\\/x.com\\\/eldiario_net\"]},{\"@type\":\"Person\",\"@id\":\"https:\\\/\\\/www.eldiario.net\\\/portal\\\/#\\\/schema\\\/person\\\/f46445640444750d7d753ccd04ae01b7\",\"name\":\"Jeanette\",\"image\":{\"@type\":\"ImageObject\",\"inLanguage\":\"es\",\"@id\":\"https:\\\/\\\/secure.gravatar.com\\\/avatar\\\/3ea2118a5f7dad2b7138b1187a6b7ee55f160b9968b66013c3a3ef39dd7e5798?s=96&d=mm&r=g\",\"url\":\"https:\\\/\\\/secure.gravatar.com\\\/avatar\\\/3ea2118a5f7dad2b7138b1187a6b7ee55f160b9968b66013c3a3ef39dd7e5798?s=96&d=mm&r=g\",\"contentUrl\":\"https:\\\/\\\/secure.gravatar.com\\\/avatar\\\/3ea2118a5f7dad2b7138b1187a6b7ee55f160b9968b66013c3a3ef39dd7e5798?s=96&d=mm&r=g\",\"caption\":\"Jeanette\"},\"sameAs\":[\"https:\\\/\\\/www.eldiario.net\\\/portal\"],\"url\":\"https:\\\/\\\/www.eldiario.net\\\/portal\\\/author\\\/jeanette\\\/\"}]}<\/script>\n<!-- \/ Yoast SEO plugin. -->","yoast_head_json":{"title":"Todo se olvida en un pa\u00eds \u201cseguro\u201d - El Diario - Bolivia","robots":{"index":"index","follow":"follow","max-snippet":"max-snippet:-1","max-image-preview":"max-image-preview:large","max-video-preview":"max-video-preview:-1"},"canonical":"https:\/\/www.eldiario.net\/portal\/2021\/08\/09\/todo-se-olvida-en-un-pais-seguro\/","og_locale":"es_ES","og_type":"article","og_title":"Todo se olvida en un pa\u00eds \u201cseguro\u201d - El Diario - Bolivia","og_description":"Hace algunos d\u00edas alguien me record\u00f3 aquello de que vivimos en un pa\u00eds donde todo es \u201cseguro\u201d: seguro te roban, seguro te matan, seguro te enga\u00f1an, seguro te hacen el cuento del t\u00edo, seguro no te hacen justicia\u201d, etc., algo sobre lo cual ya hab\u00eda escrito hace un tiempo. La misma persona tambi\u00e9n me hizo [&hellip;]","og_url":"https:\/\/www.eldiario.net\/portal\/2021\/08\/09\/todo-se-olvida-en-un-pais-seguro\/","og_site_name":"El Diario - Bolivia","article_publisher":"https:\/\/www.facebook.com\/eldiario.bolivia\/","article_published_time":"2021-08-09T09:53:47+00:00","author":"Jeanette","twitter_card":"summary_large_image","twitter_creator":"@eldiario_net","twitter_site":"@eldiario_net","twitter_misc":{"Escrito por":"Jeanette","Tiempo de lectura":"3 minutos"},"schema":{"@context":"https:\/\/schema.org","@graph":[{"@type":"Article","@id":"https:\/\/www.eldiario.net\/portal\/2021\/08\/09\/todo-se-olvida-en-un-pais-seguro\/#article","isPartOf":{"@id":"https:\/\/www.eldiario.net\/portal\/2021\/08\/09\/todo-se-olvida-en-un-pais-seguro\/"},"author":{"name":"Jeanette","@id":"https:\/\/www.eldiario.net\/portal\/#\/schema\/person\/f46445640444750d7d753ccd04ae01b7"},"headline":"Todo se olvida en un pa\u00eds \u201cseguro\u201d","datePublished":"2021-08-09T09:53:47+00:00","mainEntityOfPage":{"@id":"https:\/\/www.eldiario.net\/portal\/2021\/08\/09\/todo-se-olvida-en-un-pais-seguro\/"},"wordCount":527,"publisher":{"@id":"https:\/\/www.eldiario.net\/portal\/#organization"},"image":{"@id":"https:\/\/www.eldiario.net\/portal\/2021\/08\/09\/todo-se-olvida-en-un-pais-seguro\/#primaryimage"},"thumbnailUrl":"","articleSection":["Opini\u00f3n"],"inLanguage":"es"},{"@type":"WebPage","@id":"https:\/\/www.eldiario.net\/portal\/2021\/08\/09\/todo-se-olvida-en-un-pais-seguro\/","url":"https:\/\/www.eldiario.net\/portal\/2021\/08\/09\/todo-se-olvida-en-un-pais-seguro\/","name":"Todo se olvida en un pa\u00eds \u201cseguro\u201d - El Diario - Bolivia","isPartOf":{"@id":"https:\/\/www.eldiario.net\/portal\/#website"},"primaryImageOfPage":{"@id":"https:\/\/www.eldiario.net\/portal\/2021\/08\/09\/todo-se-olvida-en-un-pais-seguro\/#primaryimage"},"image":{"@id":"https:\/\/www.eldiario.net\/portal\/2021\/08\/09\/todo-se-olvida-en-un-pais-seguro\/#primaryimage"},"thumbnailUrl":"","datePublished":"2021-08-09T09:53:47+00:00","breadcrumb":{"@id":"https:\/\/www.eldiario.net\/portal\/2021\/08\/09\/todo-se-olvida-en-un-pais-seguro\/#breadcrumb"},"inLanguage":"es","potentialAction":[{"@type":"ReadAction","target":["https:\/\/www.eldiario.net\/portal\/2021\/08\/09\/todo-se-olvida-en-un-pais-seguro\/"]}]},{"@type":"ImageObject","inLanguage":"es","@id":"https:\/\/www.eldiario.net\/portal\/2021\/08\/09\/todo-se-olvida-en-un-pais-seguro\/#primaryimage","url":"","contentUrl":""},{"@type":"BreadcrumbList","@id":"https:\/\/www.eldiario.net\/portal\/2021\/08\/09\/todo-se-olvida-en-un-pais-seguro\/#breadcrumb","itemListElement":[{"@type":"ListItem","position":1,"name":"Portada","item":"https:\/\/www.eldiario.net\/portal\/"},{"@type":"ListItem","position":2,"name":"Todo se olvida en un pa\u00eds \u201cseguro\u201d"}]},{"@type":"WebSite","@id":"https:\/\/www.eldiario.net\/portal\/#website","url":"https:\/\/www.eldiario.net\/portal\/","name":"El Diario - Decano de la prensa nacional","description":"El Diario - Decano de la prensa nacional","publisher":{"@id":"https:\/\/www.eldiario.net\/portal\/#organization"},"potentialAction":[{"@type":"SearchAction","target":{"@type":"EntryPoint","urlTemplate":"https:\/\/www.eldiario.net\/portal\/?s={search_term_string}"},"query-input":{"@type":"PropertyValueSpecification","valueRequired":true,"valueName":"search_term_string"}}],"inLanguage":"es"},{"@type":"Organization","@id":"https:\/\/www.eldiario.net\/portal\/#organization","name":"El Diario - Decano de la prensa nacional","url":"https:\/\/www.eldiario.net\/portal\/","logo":{"@type":"ImageObject","inLanguage":"es","@id":"https:\/\/www.eldiario.net\/portal\/#\/schema\/logo\/image\/","url":"https:\/\/www.eldiario.net\/portal\/wp-content\/uploads\/2023\/07\/logo_ED.jpg","contentUrl":"https:\/\/www.eldiario.net\/portal\/wp-content\/uploads\/2023\/07\/logo_ED.jpg","width":272,"height":52,"caption":"El Diario - Decano de la prensa nacional"},"image":{"@id":"https:\/\/www.eldiario.net\/portal\/#\/schema\/logo\/image\/"},"sameAs":["https:\/\/www.facebook.com\/eldiario.bolivia\/","https:\/\/x.com\/eldiario_net"]},{"@type":"Person","@id":"https:\/\/www.eldiario.net\/portal\/#\/schema\/person\/f46445640444750d7d753ccd04ae01b7","name":"Jeanette","image":{"@type":"ImageObject","inLanguage":"es","@id":"https:\/\/secure.gravatar.com\/avatar\/3ea2118a5f7dad2b7138b1187a6b7ee55f160b9968b66013c3a3ef39dd7e5798?s=96&d=mm&r=g","url":"https:\/\/secure.gravatar.com\/avatar\/3ea2118a5f7dad2b7138b1187a6b7ee55f160b9968b66013c3a3ef39dd7e5798?s=96&d=mm&r=g","contentUrl":"https:\/\/secure.gravatar.com\/avatar\/3ea2118a5f7dad2b7138b1187a6b7ee55f160b9968b66013c3a3ef39dd7e5798?s=96&d=mm&r=g","caption":"Jeanette"},"sameAs":["https:\/\/www.eldiario.net\/portal"],"url":"https:\/\/www.eldiario.net\/portal\/author\/jeanette\/"}]}},"_links":{"self":[{"href":"https:\/\/www.eldiario.net\/portal\/wp-json\/wp\/v2\/posts\/22287","targetHints":{"allow":["GET"]}}],"collection":[{"href":"https:\/\/www.eldiario.net\/portal\/wp-json\/wp\/v2\/posts"}],"about":[{"href":"https:\/\/www.eldiario.net\/portal\/wp-json\/wp\/v2\/types\/post"}],"author":[{"embeddable":true,"href":"https:\/\/www.eldiario.net\/portal\/wp-json\/wp\/v2\/users\/1"}],"replies":[{"embeddable":true,"href":"https:\/\/www.eldiario.net\/portal\/wp-json\/wp\/v2\/comments?post=22287"}],"version-history":[{"count":0,"href":"https:\/\/www.eldiario.net\/portal\/wp-json\/wp\/v2\/posts\/22287\/revisions"}],"wp:attachment":[{"href":"https:\/\/www.eldiario.net\/portal\/wp-json\/wp\/v2\/media?parent=22287"}],"wp:term":[{"taxonomy":"category","embeddable":true,"href":"https:\/\/www.eldiario.net\/portal\/wp-json\/wp\/v2\/categories?post=22287"},{"taxonomy":"post_tag","embeddable":true,"href":"https:\/\/www.eldiario.net\/portal\/wp-json\/wp\/v2\/tags?post=22287"}],"curies":[{"name":"wp","href":"https:\/\/api.w.org\/{rel}","templated":true}]}}