{"id":221794,"date":"2024-05-20T05:34:51","date_gmt":"2024-05-20T09:34:51","guid":{"rendered":"https:\/\/www.eldiario.net\/portal\/?p=221794"},"modified":"2024-05-20T05:34:51","modified_gmt":"2024-05-20T09:34:51","slug":"la-nasa-nombra-a-su-primer-director-de-inteligencia-artificial","status":"publish","type":"post","link":"https:\/\/www.eldiario.net\/portal\/2024\/05\/20\/la-nasa-nombra-a-su-primer-director-de-inteligencia-artificial\/","title":{"rendered":"La NASA nombra a su primer director de Inteligencia Artificial"},"content":{"rendered":"<p>La NASA ha sido una de las pioneras en el uso de la inteligencia artificial (IA) durante d\u00e9cadas, y con la reciente designaci\u00f3n de David Salvagnini como su primer Director de Inteligencia Artificial (CIAO), la agencia espacial estadounidense refuerza su compromiso con esta tecnolog\u00eda en constante evoluci\u00f3n. Esta decisi\u00f3n resalta la importancia cada vez mayor que se espera que la IA juegue en los programas de la NASA, y representa un paso significativo hacia la coordinaci\u00f3n y garant\u00eda del uso efectivo de la IA en la agencia.<\/p>\n<p>David Salvagnini, quien previamente ocupaba el cargo de Director de Datos en la NASA desde junio de 2023, ha sido elegido para liderar el desarrollo de los programas de IA de la agencia en colaboraci\u00f3n con instituciones acad\u00e9micas, socios industriales y otras entidades gubernamentales. Con una trayectoria profesional que incluye 21 a\u00f1os en las Fuerzas A\u00e9reas estadounidenses y experiencia previa en la Oficina del Director de Inteligencia Nacional, Salvagnini aporta una s\u00f3lida base para asumir este nuevo rol estrat\u00e9gico en la NASA.<\/p>\n<p>Si bien la NASA ha utilizado la IA de manera innovadora a lo largo de los a\u00f1os, dos factores clave han motivado la necesidad de designar un l\u00edder espec\u00edfico para dirigir esta tecnolog\u00eda dentro de la agencia. Por un lado, la Orden Ejecutiva del Presidente Biden sobre el Desarrollo y Uso Seguro y Fidedigno de la Inteligencia Artificial ha establecido la obligatoriedad de contar con un Director de Inteligencia Artificial en cada organismo federal para coordinar el uso de la IA y garantizar salvaguardias para proteger los derechos humanos y mantener la seguridad p\u00fablica.<\/p>\n<p>Por otro lado, el creciente uso de la IA en las operaciones diarias de la NASA ha generado la necesidad de contar con una figura dedicada a supervisar y optimizar su implementaci\u00f3n. La agencia se enfrenta a enormes vol\u00famenes de datos generados por diversas fuentes, como sat\u00e9lites, telescopios y misiones espaciales, as\u00ed como datos relacionados con investigaciones sobre el cambio clim\u00e1tico y la detecci\u00f3n de exoplanetas. En este contexto, la IA se ha convertido en una herramienta fundamental para procesar y analizar esta informaci\u00f3n de manera eficiente.<\/p>\n<p>La evoluci\u00f3n de la IA, especialmente con el surgimiento de tecnolog\u00edas como la IA generativa, ha transformado su papel en las organizaciones gubernamentales y empresariales, convirti\u00e9ndola en una prioridad estrat\u00e9gica. La designaci\u00f3n de un Director de Inteligencia Artificial se est\u00e1 volviendo cada vez m\u00e1s com\u00fan tanto en el sector p\u00fablico como en el privado, reflejando el reconocimiento de la importancia de esta tecnolog\u00eda en diversos \u00e1mbitos.<\/p>\n<p>A pesar de los desaf\u00edos que puede plantear la implementaci\u00f3n efectiva de la IA en organizaciones donde a\u00fan existe desconocimiento o malinterpretaci\u00f3n sobre su funcionamiento, David Salvagnini tiene la oportunidad \u00fanica de desempe\u00f1ar un papel crucial en el impulso y la optimizaci\u00f3n del uso de la IA en la NASA. En una agencia donde la IA es una herramienta fundamental e indispensable para llevar a cabo sus operaciones diarias, su liderazgo ser\u00e1 fundamental para garantizar que esta tecnolog\u00eda se utilice de manera efectiva y \u00e9tica en todos los programas y proyectos de la agencia.<\/p>\n","protected":false},"excerpt":{"rendered":"<p>La NASA ha sido una de las pioneras en el uso de la inteligencia artificial (IA) durante d\u00e9cadas, y con la reciente designaci\u00f3n de David Salvagnini como su primer Director de Inteligencia Artificial (CIAO), la agencia espacial estadounidense refuerza su compromiso con esta tecnolog\u00eda en constante evoluci\u00f3n. Esta decisi\u00f3n resalta la importancia cada vez mayor [&hellip;]<\/p>\n","protected":false},"author":1,"featured_media":221795,"comment_status":"open","ping_status":"open","sticky":false,"template":"","format":"standard","meta":{"_acf_changed":false,"footnotes":""},"categories":[46],"tags":[],"class_list":["post-221794","post","type-post","status-publish","format-standard","has-post-thumbnail","category-ciencia-computacion"],"acf":{"antetitulo":""},"yoast_head":"<!-- This site is optimized with the Yoast SEO plugin v28.3 - https:\/\/yoast.com\/product\/yoast-seo-wordpress\/ -->\n<title>La NASA nombra a su primer director de Inteligencia Artificial - El Diario - Bolivia<\/title>\n<meta name=\"robots\" content=\"index, follow, max-snippet:-1, max-image-preview:large, max-video-preview:-1\" \/>\n<link rel=\"canonical\" href=\"https:\/\/www.eldiario.net\/portal\/2024\/05\/20\/la-nasa-nombra-a-su-primer-director-de-inteligencia-artificial\/\" \/>\n<meta property=\"og:locale\" content=\"es_ES\" \/>\n<meta property=\"og:type\" content=\"article\" \/>\n<meta property=\"og:title\" content=\"La NASA nombra a su primer director de Inteligencia Artificial - El Diario - Bolivia\" \/>\n<meta property=\"og:description\" content=\"La NASA ha sido una de las pioneras en el uso de la inteligencia artificial (IA) durante d\u00e9cadas, y con la reciente designaci\u00f3n de David Salvagnini como su primer Director de Inteligencia Artificial (CIAO), la agencia espacial estadounidense refuerza su compromiso con esta tecnolog\u00eda en constante evoluci\u00f3n. Esta decisi\u00f3n resalta la importancia cada vez mayor [&hellip;]\" \/>\n<meta property=\"og:url\" content=\"https:\/\/www.eldiario.net\/portal\/2024\/05\/20\/la-nasa-nombra-a-su-primer-director-de-inteligencia-artificial\/\" \/>\n<meta property=\"og:site_name\" content=\"El Diario - Bolivia\" \/>\n<meta property=\"article:publisher\" content=\"https:\/\/www.facebook.com\/eldiario.bolivia\/\" \/>\n<meta property=\"article:published_time\" content=\"2024-05-20T09:34:51+00:00\" \/>\n<meta property=\"og:image\" content=\"https:\/\/www.eldiario.net\/portal\/wp-content\/uploads\/2024\/05\/8-A-2.jpg\" \/>\n\t<meta property=\"og:image:width\" content=\"908\" \/>\n\t<meta property=\"og:image:height\" content=\"607\" \/>\n\t<meta property=\"og:image:type\" content=\"image\/jpeg\" \/>\n<meta name=\"author\" content=\"Jeanette\" \/>\n<meta name=\"twitter:card\" content=\"summary_large_image\" \/>\n<meta name=\"twitter:creator\" content=\"@eldiario_net\" \/>\n<meta name=\"twitter:site\" content=\"@eldiario_net\" \/>\n<meta name=\"twitter:label1\" content=\"Escrito por\" \/>\n\t<meta name=\"twitter:data1\" content=\"Jeanette\" \/>\n\t<meta name=\"twitter:label2\" content=\"Tiempo de lectura\" \/>\n\t<meta name=\"twitter:data2\" content=\"3 minutos\" \/>\n<script type=\"application\/ld+json\" class=\"yoast-schema-graph\">{\"@context\":\"https:\\\/\\\/schema.org\",\"@graph\":[{\"@type\":\"Article\",\"@id\":\"https:\\\/\\\/www.eldiario.net\\\/portal\\\/2024\\\/05\\\/20\\\/la-nasa-nombra-a-su-primer-director-de-inteligencia-artificial\\\/#article\",\"isPartOf\":{\"@id\":\"https:\\\/\\\/www.eldiario.net\\\/portal\\\/2024\\\/05\\\/20\\\/la-nasa-nombra-a-su-primer-director-de-inteligencia-artificial\\\/\"},\"author\":{\"name\":\"Jeanette\",\"@id\":\"https:\\\/\\\/www.eldiario.net\\\/portal\\\/#\\\/schema\\\/person\\\/f46445640444750d7d753ccd04ae01b7\"},\"headline\":\"La NASA nombra a su primer director de Inteligencia Artificial\",\"datePublished\":\"2024-05-20T09:34:51+00:00\",\"mainEntityOfPage\":{\"@id\":\"https:\\\/\\\/www.eldiario.net\\\/portal\\\/2024\\\/05\\\/20\\\/la-nasa-nombra-a-su-primer-director-de-inteligencia-artificial\\\/\"},\"wordCount\":558,\"commentCount\":0,\"publisher\":{\"@id\":\"https:\\\/\\\/www.eldiario.net\\\/portal\\\/#organization\"},\"image\":{\"@id\":\"https:\\\/\\\/www.eldiario.net\\\/portal\\\/2024\\\/05\\\/20\\\/la-nasa-nombra-a-su-primer-director-de-inteligencia-artificial\\\/#primaryimage\"},\"thumbnailUrl\":\"https:\\\/\\\/www.eldiario.net\\\/portal\\\/wp-content\\\/uploads\\\/2024\\\/05\\\/8-A-2.jpg\",\"articleSection\":[\"Ciencia y Computaci\u00f3n\"],\"inLanguage\":\"es\",\"potentialAction\":[{\"@type\":\"CommentAction\",\"name\":\"Comment\",\"target\":[\"https:\\\/\\\/www.eldiario.net\\\/portal\\\/2024\\\/05\\\/20\\\/la-nasa-nombra-a-su-primer-director-de-inteligencia-artificial\\\/#respond\"]}]},{\"@type\":\"WebPage\",\"@id\":\"https:\\\/\\\/www.eldiario.net\\\/portal\\\/2024\\\/05\\\/20\\\/la-nasa-nombra-a-su-primer-director-de-inteligencia-artificial\\\/\",\"url\":\"https:\\\/\\\/www.eldiario.net\\\/portal\\\/2024\\\/05\\\/20\\\/la-nasa-nombra-a-su-primer-director-de-inteligencia-artificial\\\/\",\"name\":\"La NASA nombra a su primer director de Inteligencia Artificial - El Diario - Bolivia\",\"isPartOf\":{\"@id\":\"https:\\\/\\\/www.eldiario.net\\\/portal\\\/#website\"},\"primaryImageOfPage\":{\"@id\":\"https:\\\/\\\/www.eldiario.net\\\/portal\\\/2024\\\/05\\\/20\\\/la-nasa-nombra-a-su-primer-director-de-inteligencia-artificial\\\/#primaryimage\"},\"image\":{\"@id\":\"https:\\\/\\\/www.eldiario.net\\\/portal\\\/2024\\\/05\\\/20\\\/la-nasa-nombra-a-su-primer-director-de-inteligencia-artificial\\\/#primaryimage\"},\"thumbnailUrl\":\"https:\\\/\\\/www.eldiario.net\\\/portal\\\/wp-content\\\/uploads\\\/2024\\\/05\\\/8-A-2.jpg\",\"datePublished\":\"2024-05-20T09:34:51+00:00\",\"breadcrumb\":{\"@id\":\"https:\\\/\\\/www.eldiario.net\\\/portal\\\/2024\\\/05\\\/20\\\/la-nasa-nombra-a-su-primer-director-de-inteligencia-artificial\\\/#breadcrumb\"},\"inLanguage\":\"es\",\"potentialAction\":[{\"@type\":\"ReadAction\",\"target\":[\"https:\\\/\\\/www.eldiario.net\\\/portal\\\/2024\\\/05\\\/20\\\/la-nasa-nombra-a-su-primer-director-de-inteligencia-artificial\\\/\"]}]},{\"@type\":\"ImageObject\",\"inLanguage\":\"es\",\"@id\":\"https:\\\/\\\/www.eldiario.net\\\/portal\\\/2024\\\/05\\\/20\\\/la-nasa-nombra-a-su-primer-director-de-inteligencia-artificial\\\/#primaryimage\",\"url\":\"https:\\\/\\\/www.eldiario.net\\\/portal\\\/wp-content\\\/uploads\\\/2024\\\/05\\\/8-A-2.jpg\",\"contentUrl\":\"https:\\\/\\\/www.eldiario.net\\\/portal\\\/wp-content\\\/uploads\\\/2024\\\/05\\\/8-A-2.jpg\",\"width\":908,\"height\":607},{\"@type\":\"BreadcrumbList\",\"@id\":\"https:\\\/\\\/www.eldiario.net\\\/portal\\\/2024\\\/05\\\/20\\\/la-nasa-nombra-a-su-primer-director-de-inteligencia-artificial\\\/#breadcrumb\",\"itemListElement\":[{\"@type\":\"ListItem\",\"position\":1,\"name\":\"Portada\",\"item\":\"https:\\\/\\\/www.eldiario.net\\\/portal\\\/\"},{\"@type\":\"ListItem\",\"position\":2,\"name\":\"La NASA nombra a su primer director de Inteligencia Artificial\"}]},{\"@type\":\"WebSite\",\"@id\":\"https:\\\/\\\/www.eldiario.net\\\/portal\\\/#website\",\"url\":\"https:\\\/\\\/www.eldiario.net\\\/portal\\\/\",\"name\":\"El Diario - Decano de la prensa nacional\",\"description\":\"El Diario - Decano de la prensa nacional\",\"publisher\":{\"@id\":\"https:\\\/\\\/www.eldiario.net\\\/portal\\\/#organization\"},\"potentialAction\":[{\"@type\":\"SearchAction\",\"target\":{\"@type\":\"EntryPoint\",\"urlTemplate\":\"https:\\\/\\\/www.eldiario.net\\\/portal\\\/?s={search_term_string}\"},\"query-input\":{\"@type\":\"PropertyValueSpecification\",\"valueRequired\":true,\"valueName\":\"search_term_string\"}}],\"inLanguage\":\"es\"},{\"@type\":\"Organization\",\"@id\":\"https:\\\/\\\/www.eldiario.net\\\/portal\\\/#organization\",\"name\":\"El Diario - Decano de la prensa nacional\",\"url\":\"https:\\\/\\\/www.eldiario.net\\\/portal\\\/\",\"logo\":{\"@type\":\"ImageObject\",\"inLanguage\":\"es\",\"@id\":\"https:\\\/\\\/www.eldiario.net\\\/portal\\\/#\\\/schema\\\/logo\\\/image\\\/\",\"url\":\"https:\\\/\\\/www.eldiario.net\\\/portal\\\/wp-content\\\/uploads\\\/2023\\\/07\\\/logo_ED.jpg\",\"contentUrl\":\"https:\\\/\\\/www.eldiario.net\\\/portal\\\/wp-content\\\/uploads\\\/2023\\\/07\\\/logo_ED.jpg\",\"width\":272,\"height\":52,\"caption\":\"El Diario - Decano de la prensa nacional\"},\"image\":{\"@id\":\"https:\\\/\\\/www.eldiario.net\\\/portal\\\/#\\\/schema\\\/logo\\\/image\\\/\"},\"sameAs\":[\"https:\\\/\\\/www.facebook.com\\\/eldiario.bolivia\\\/\",\"https:\\\/\\\/x.com\\\/eldiario_net\"]},{\"@type\":\"Person\",\"@id\":\"https:\\\/\\\/www.eldiario.net\\\/portal\\\/#\\\/schema\\\/person\\\/f46445640444750d7d753ccd04ae01b7\",\"name\":\"Jeanette\",\"image\":{\"@type\":\"ImageObject\",\"inLanguage\":\"es\",\"@id\":\"https:\\\/\\\/secure.gravatar.com\\\/avatar\\\/3ea2118a5f7dad2b7138b1187a6b7ee55f160b9968b66013c3a3ef39dd7e5798?s=96&d=mm&r=g\",\"url\":\"https:\\\/\\\/secure.gravatar.com\\\/avatar\\\/3ea2118a5f7dad2b7138b1187a6b7ee55f160b9968b66013c3a3ef39dd7e5798?s=96&d=mm&r=g\",\"contentUrl\":\"https:\\\/\\\/secure.gravatar.com\\\/avatar\\\/3ea2118a5f7dad2b7138b1187a6b7ee55f160b9968b66013c3a3ef39dd7e5798?s=96&d=mm&r=g\",\"caption\":\"Jeanette\"},\"sameAs\":[\"https:\\\/\\\/www.eldiario.net\\\/portal\"],\"url\":\"https:\\\/\\\/www.eldiario.net\\\/portal\\\/author\\\/jeanette\\\/\"}]}<\/script>\n<!-- \/ Yoast SEO plugin. -->","yoast_head_json":{"title":"La NASA nombra a su primer director de Inteligencia Artificial - El Diario - Bolivia","robots":{"index":"index","follow":"follow","max-snippet":"max-snippet:-1","max-image-preview":"max-image-preview:large","max-video-preview":"max-video-preview:-1"},"canonical":"https:\/\/www.eldiario.net\/portal\/2024\/05\/20\/la-nasa-nombra-a-su-primer-director-de-inteligencia-artificial\/","og_locale":"es_ES","og_type":"article","og_title":"La NASA nombra a su primer director de Inteligencia Artificial - El Diario - Bolivia","og_description":"La NASA ha sido una de las pioneras en el uso de la inteligencia artificial (IA) durante d\u00e9cadas, y con la reciente designaci\u00f3n de David Salvagnini como su primer Director de Inteligencia Artificial (CIAO), la agencia espacial estadounidense refuerza su compromiso con esta tecnolog\u00eda en constante evoluci\u00f3n. Esta decisi\u00f3n resalta la importancia cada vez mayor [&hellip;]","og_url":"https:\/\/www.eldiario.net\/portal\/2024\/05\/20\/la-nasa-nombra-a-su-primer-director-de-inteligencia-artificial\/","og_site_name":"El Diario - Bolivia","article_publisher":"https:\/\/www.facebook.com\/eldiario.bolivia\/","article_published_time":"2024-05-20T09:34:51+00:00","og_image":[{"width":908,"height":607,"url":"https:\/\/www.eldiario.net\/portal\/wp-content\/uploads\/2024\/05\/8-A-2.jpg","type":"image\/jpeg"}],"author":"Jeanette","twitter_card":"summary_large_image","twitter_creator":"@eldiario_net","twitter_site":"@eldiario_net","twitter_misc":{"Escrito por":"Jeanette","Tiempo de lectura":"3 minutos"},"schema":{"@context":"https:\/\/schema.org","@graph":[{"@type":"Article","@id":"https:\/\/www.eldiario.net\/portal\/2024\/05\/20\/la-nasa-nombra-a-su-primer-director-de-inteligencia-artificial\/#article","isPartOf":{"@id":"https:\/\/www.eldiario.net\/portal\/2024\/05\/20\/la-nasa-nombra-a-su-primer-director-de-inteligencia-artificial\/"},"author":{"name":"Jeanette","@id":"https:\/\/www.eldiario.net\/portal\/#\/schema\/person\/f46445640444750d7d753ccd04ae01b7"},"headline":"La NASA nombra a su primer director de Inteligencia Artificial","datePublished":"2024-05-20T09:34:51+00:00","mainEntityOfPage":{"@id":"https:\/\/www.eldiario.net\/portal\/2024\/05\/20\/la-nasa-nombra-a-su-primer-director-de-inteligencia-artificial\/"},"wordCount":558,"commentCount":0,"publisher":{"@id":"https:\/\/www.eldiario.net\/portal\/#organization"},"image":{"@id":"https:\/\/www.eldiario.net\/portal\/2024\/05\/20\/la-nasa-nombra-a-su-primer-director-de-inteligencia-artificial\/#primaryimage"},"thumbnailUrl":"https:\/\/www.eldiario.net\/portal\/wp-content\/uploads\/2024\/05\/8-A-2.jpg","articleSection":["Ciencia y Computaci\u00f3n"],"inLanguage":"es","potentialAction":[{"@type":"CommentAction","name":"Comment","target":["https:\/\/www.eldiario.net\/portal\/2024\/05\/20\/la-nasa-nombra-a-su-primer-director-de-inteligencia-artificial\/#respond"]}]},{"@type":"WebPage","@id":"https:\/\/www.eldiario.net\/portal\/2024\/05\/20\/la-nasa-nombra-a-su-primer-director-de-inteligencia-artificial\/","url":"https:\/\/www.eldiario.net\/portal\/2024\/05\/20\/la-nasa-nombra-a-su-primer-director-de-inteligencia-artificial\/","name":"La NASA nombra a su primer director de Inteligencia Artificial - El Diario - Bolivia","isPartOf":{"@id":"https:\/\/www.eldiario.net\/portal\/#website"},"primaryImageOfPage":{"@id":"https:\/\/www.eldiario.net\/portal\/2024\/05\/20\/la-nasa-nombra-a-su-primer-director-de-inteligencia-artificial\/#primaryimage"},"image":{"@id":"https:\/\/www.eldiario.net\/portal\/2024\/05\/20\/la-nasa-nombra-a-su-primer-director-de-inteligencia-artificial\/#primaryimage"},"thumbnailUrl":"https:\/\/www.eldiario.net\/portal\/wp-content\/uploads\/2024\/05\/8-A-2.jpg","datePublished":"2024-05-20T09:34:51+00:00","breadcrumb":{"@id":"https:\/\/www.eldiario.net\/portal\/2024\/05\/20\/la-nasa-nombra-a-su-primer-director-de-inteligencia-artificial\/#breadcrumb"},"inLanguage":"es","potentialAction":[{"@type":"ReadAction","target":["https:\/\/www.eldiario.net\/portal\/2024\/05\/20\/la-nasa-nombra-a-su-primer-director-de-inteligencia-artificial\/"]}]},{"@type":"ImageObject","inLanguage":"es","@id":"https:\/\/www.eldiario.net\/portal\/2024\/05\/20\/la-nasa-nombra-a-su-primer-director-de-inteligencia-artificial\/#primaryimage","url":"https:\/\/www.eldiario.net\/portal\/wp-content\/uploads\/2024\/05\/8-A-2.jpg","contentUrl":"https:\/\/www.eldiario.net\/portal\/wp-content\/uploads\/2024\/05\/8-A-2.jpg","width":908,"height":607},{"@type":"BreadcrumbList","@id":"https:\/\/www.eldiario.net\/portal\/2024\/05\/20\/la-nasa-nombra-a-su-primer-director-de-inteligencia-artificial\/#breadcrumb","itemListElement":[{"@type":"ListItem","position":1,"name":"Portada","item":"https:\/\/www.eldiario.net\/portal\/"},{"@type":"ListItem","position":2,"name":"La NASA nombra a su primer director de Inteligencia Artificial"}]},{"@type":"WebSite","@id":"https:\/\/www.eldiario.net\/portal\/#website","url":"https:\/\/www.eldiario.net\/portal\/","name":"El Diario - Decano de la prensa nacional","description":"El Diario - Decano de la prensa nacional","publisher":{"@id":"https:\/\/www.eldiario.net\/portal\/#organization"},"potentialAction":[{"@type":"SearchAction","target":{"@type":"EntryPoint","urlTemplate":"https:\/\/www.eldiario.net\/portal\/?s={search_term_string}"},"query-input":{"@type":"PropertyValueSpecification","valueRequired":true,"valueName":"search_term_string"}}],"inLanguage":"es"},{"@type":"Organization","@id":"https:\/\/www.eldiario.net\/portal\/#organization","name":"El Diario - Decano de la prensa nacional","url":"https:\/\/www.eldiario.net\/portal\/","logo":{"@type":"ImageObject","inLanguage":"es","@id":"https:\/\/www.eldiario.net\/portal\/#\/schema\/logo\/image\/","url":"https:\/\/www.eldiario.net\/portal\/wp-content\/uploads\/2023\/07\/logo_ED.jpg","contentUrl":"https:\/\/www.eldiario.net\/portal\/wp-content\/uploads\/2023\/07\/logo_ED.jpg","width":272,"height":52,"caption":"El Diario - Decano de la prensa nacional"},"image":{"@id":"https:\/\/www.eldiario.net\/portal\/#\/schema\/logo\/image\/"},"sameAs":["https:\/\/www.facebook.com\/eldiario.bolivia\/","https:\/\/x.com\/eldiario_net"]},{"@type":"Person","@id":"https:\/\/www.eldiario.net\/portal\/#\/schema\/person\/f46445640444750d7d753ccd04ae01b7","name":"Jeanette","image":{"@type":"ImageObject","inLanguage":"es","@id":"https:\/\/secure.gravatar.com\/avatar\/3ea2118a5f7dad2b7138b1187a6b7ee55f160b9968b66013c3a3ef39dd7e5798?s=96&d=mm&r=g","url":"https:\/\/secure.gravatar.com\/avatar\/3ea2118a5f7dad2b7138b1187a6b7ee55f160b9968b66013c3a3ef39dd7e5798?s=96&d=mm&r=g","contentUrl":"https:\/\/secure.gravatar.com\/avatar\/3ea2118a5f7dad2b7138b1187a6b7ee55f160b9968b66013c3a3ef39dd7e5798?s=96&d=mm&r=g","caption":"Jeanette"},"sameAs":["https:\/\/www.eldiario.net\/portal"],"url":"https:\/\/www.eldiario.net\/portal\/author\/jeanette\/"}]}},"_links":{"self":[{"href":"https:\/\/www.eldiario.net\/portal\/wp-json\/wp\/v2\/posts\/221794","targetHints":{"allow":["GET"]}}],"collection":[{"href":"https:\/\/www.eldiario.net\/portal\/wp-json\/wp\/v2\/posts"}],"about":[{"href":"https:\/\/www.eldiario.net\/portal\/wp-json\/wp\/v2\/types\/post"}],"author":[{"embeddable":true,"href":"https:\/\/www.eldiario.net\/portal\/wp-json\/wp\/v2\/users\/1"}],"replies":[{"embeddable":true,"href":"https:\/\/www.eldiario.net\/portal\/wp-json\/wp\/v2\/comments?post=221794"}],"version-history":[{"count":1,"href":"https:\/\/www.eldiario.net\/portal\/wp-json\/wp\/v2\/posts\/221794\/revisions"}],"predecessor-version":[{"id":221796,"href":"https:\/\/www.eldiario.net\/portal\/wp-json\/wp\/v2\/posts\/221794\/revisions\/221796"}],"wp:featuredmedia":[{"embeddable":true,"href":"https:\/\/www.eldiario.net\/portal\/wp-json\/wp\/v2\/media\/221795"}],"wp:attachment":[{"href":"https:\/\/www.eldiario.net\/portal\/wp-json\/wp\/v2\/media?parent=221794"}],"wp:term":[{"taxonomy":"category","embeddable":true,"href":"https:\/\/www.eldiario.net\/portal\/wp-json\/wp\/v2\/categories?post=221794"},{"taxonomy":"post_tag","embeddable":true,"href":"https:\/\/www.eldiario.net\/portal\/wp-json\/wp\/v2\/tags?post=221794"}],"curies":[{"name":"wp","href":"https:\/\/api.w.org\/{rel}","templated":true}]}}