{"id":221791,"date":"2024-05-20T05:34:20","date_gmt":"2024-05-20T09:34:20","guid":{"rendered":"https:\/\/www.eldiario.net\/portal\/?p=221791"},"modified":"2024-05-20T05:34:20","modified_gmt":"2024-05-20T09:34:20","slug":"la-tecnologia-cuantica-revolucionara-la-vida-del-ser-humano","status":"publish","type":"post","link":"https:\/\/www.eldiario.net\/portal\/2024\/05\/20\/la-tecnologia-cuantica-revolucionara-la-vida-del-ser-humano\/","title":{"rendered":"La tecnolog\u00eda cu\u00e1ntica revolucionar\u00e1 la vida del ser humano"},"content":{"rendered":"<p>El estudio de la tecnolog\u00eda cu\u00e1ntica ha demostrado potenciar aplicaciones que previenen cat\u00e1strofes, diagnostican enfermedades y refuerzan la ciberseguridad. La mec\u00e1nica cu\u00e1ntica, basada en los fundamentos de cient\u00edficos como Erwin Schr\u00f6dinger y Werner Heisenberg, contin\u00faa siendo el motor de avances tecnol\u00f3gicos significativos que reconfiguran la forma en que procesamos informaci\u00f3n y entendemos la materia a escala subat\u00f3mica.<\/p>\n<p>La influencia de la tecnolog\u00eda cu\u00e1ntica se extiende a diversos sectores industriales, transformando la manera en que interactuamos con la tecnolog\u00eda. Las computadoras cu\u00e1nticas, por ejemplo, aprovechan conceptos como la superposici\u00f3n y el entrelazamiento cu\u00e1ntico para procesar informaci\u00f3n a velocidades sin precedentes. Este avance promete revolucionar campos como la medicina, las finanzas y la gesti\u00f3n del cambio clim\u00e1tico.<\/p>\n<p>En el \u00e1mbito de la seguridad inform\u00e1tica, la tecnolog\u00eda cu\u00e1ntica se vislumbra como una evoluci\u00f3n crucial, ofreciendo m\u00e9todos de cifrado basados en propiedades cu\u00e1nticas \u00fanicas para proteger datos sensibles de manera m\u00e1s eficiente contra amenazas cibern\u00e9ticas.<\/p>\n<p>Adem\u00e1s, la detecci\u00f3n cu\u00e1ntica abre nuevas posibilidades en la prevenci\u00f3n de desastres naturales, el diagn\u00f3stico temprano de enfermedades complejas y la detecci\u00f3n de fraudes. La comunicaci\u00f3n cu\u00e1ntica promete revolucionar la seguridad en transacciones y comunicaciones en l\u00ednea, elevando los est\u00e1ndares de protecci\u00f3n a niveles inalcanzables por m\u00e9todos tradicionales.<\/p>\n<p>La mec\u00e1nica cu\u00e1ntica tambi\u00e9n plantea cuestiones profundas sobre la naturaleza de la realidad, explorando c\u00f3mo la observaci\u00f3n puede influir en el estado de una part\u00edcula cu\u00e1ntica. Estas reflexiones contin\u00faan inspirando a cient\u00edficos y tecn\u00f3logos en su b\u00fasqueda de aplicaciones pr\u00e1cticas de estos fen\u00f3menos en constante evoluci\u00f3n.<\/p>\n<p>La tecnolog\u00eda cu\u00e1ntica sigue ampliando los horizontes de la tecnolog\u00eda moderna al potenciar aplicaciones innovadoras que abarcan desde la prevenci\u00f3n de desastres hasta la seguridad inform\u00e1tica. Con su capacidad para transformar sectores clave de la sociedad, la tecnolog\u00eda cu\u00e1ntica promete revolucionar la forma en que interactuamos con el mundo digital y f\u00edsico, ofreciendo soluciones avanzadas a desaf\u00edos contempor\u00e1neos.<\/p>\n","protected":false},"excerpt":{"rendered":"<p>El estudio de la tecnolog\u00eda cu\u00e1ntica ha demostrado potenciar aplicaciones que previenen cat\u00e1strofes, diagnostican enfermedades y refuerzan la ciberseguridad. La mec\u00e1nica cu\u00e1ntica, basada en los fundamentos de cient\u00edficos como Erwin Schr\u00f6dinger y Werner Heisenberg, contin\u00faa siendo el motor de avances tecnol\u00f3gicos significativos que reconfiguran la forma en que procesamos informaci\u00f3n y entendemos la materia a [&hellip;]<\/p>\n","protected":false},"author":1,"featured_media":221792,"comment_status":"open","ping_status":"open","sticky":false,"template":"","format":"standard","meta":{"_acf_changed":false,"footnotes":""},"categories":[46],"tags":[],"class_list":["post-221791","post","type-post","status-publish","format-standard","has-post-thumbnail","category-ciencia-computacion"],"acf":{"antetitulo":""},"yoast_head":"<!-- This site is optimized with the Yoast SEO plugin v28.3 - https:\/\/yoast.com\/product\/yoast-seo-wordpress\/ -->\n<title>La tecnolog\u00eda cu\u00e1ntica revolucionar\u00e1 la vida del ser humano - El Diario - Bolivia<\/title>\n<meta name=\"robots\" content=\"index, follow, max-snippet:-1, max-image-preview:large, max-video-preview:-1\" \/>\n<link rel=\"canonical\" href=\"https:\/\/www.eldiario.net\/portal\/2024\/05\/20\/la-tecnologia-cuantica-revolucionara-la-vida-del-ser-humano\/\" \/>\n<meta property=\"og:locale\" content=\"es_ES\" \/>\n<meta property=\"og:type\" content=\"article\" \/>\n<meta property=\"og:title\" content=\"La tecnolog\u00eda cu\u00e1ntica revolucionar\u00e1 la vida del ser humano - El Diario - Bolivia\" \/>\n<meta property=\"og:description\" content=\"El estudio de la tecnolog\u00eda cu\u00e1ntica ha demostrado potenciar aplicaciones que previenen cat\u00e1strofes, diagnostican enfermedades y refuerzan la ciberseguridad. La mec\u00e1nica cu\u00e1ntica, basada en los fundamentos de cient\u00edficos como Erwin Schr\u00f6dinger y Werner Heisenberg, contin\u00faa siendo el motor de avances tecnol\u00f3gicos significativos que reconfiguran la forma en que procesamos informaci\u00f3n y entendemos la materia a [&hellip;]\" \/>\n<meta property=\"og:url\" content=\"https:\/\/www.eldiario.net\/portal\/2024\/05\/20\/la-tecnologia-cuantica-revolucionara-la-vida-del-ser-humano\/\" \/>\n<meta property=\"og:site_name\" content=\"El Diario - Bolivia\" \/>\n<meta property=\"article:publisher\" content=\"https:\/\/www.facebook.com\/eldiario.bolivia\/\" \/>\n<meta property=\"article:published_time\" content=\"2024-05-20T09:34:20+00:00\" \/>\n<meta property=\"og:image\" content=\"https:\/\/www.eldiario.net\/portal\/wp-content\/uploads\/2024\/05\/8-B-2.jpg\" \/>\n\t<meta property=\"og:image:width\" content=\"889\" \/>\n\t<meta property=\"og:image:height\" content=\"612\" \/>\n\t<meta property=\"og:image:type\" content=\"image\/jpeg\" \/>\n<meta name=\"author\" content=\"Jeanette\" \/>\n<meta name=\"twitter:card\" content=\"summary_large_image\" \/>\n<meta name=\"twitter:creator\" content=\"@eldiario_net\" \/>\n<meta name=\"twitter:site\" content=\"@eldiario_net\" \/>\n<meta name=\"twitter:label1\" content=\"Escrito por\" \/>\n\t<meta name=\"twitter:data1\" content=\"Jeanette\" \/>\n\t<meta name=\"twitter:label2\" content=\"Tiempo de lectura\" \/>\n\t<meta name=\"twitter:data2\" content=\"2 minutos\" \/>\n<script type=\"application\/ld+json\" class=\"yoast-schema-graph\">{\"@context\":\"https:\\\/\\\/schema.org\",\"@graph\":[{\"@type\":\"Article\",\"@id\":\"https:\\\/\\\/www.eldiario.net\\\/portal\\\/2024\\\/05\\\/20\\\/la-tecnologia-cuantica-revolucionara-la-vida-del-ser-humano\\\/#article\",\"isPartOf\":{\"@id\":\"https:\\\/\\\/www.eldiario.net\\\/portal\\\/2024\\\/05\\\/20\\\/la-tecnologia-cuantica-revolucionara-la-vida-del-ser-humano\\\/\"},\"author\":{\"name\":\"Jeanette\",\"@id\":\"https:\\\/\\\/www.eldiario.net\\\/portal\\\/#\\\/schema\\\/person\\\/f46445640444750d7d753ccd04ae01b7\"},\"headline\":\"La tecnolog\u00eda cu\u00e1ntica revolucionar\u00e1 la vida del ser humano\",\"datePublished\":\"2024-05-20T09:34:20+00:00\",\"mainEntityOfPage\":{\"@id\":\"https:\\\/\\\/www.eldiario.net\\\/portal\\\/2024\\\/05\\\/20\\\/la-tecnologia-cuantica-revolucionara-la-vida-del-ser-humano\\\/\"},\"wordCount\":378,\"commentCount\":0,\"publisher\":{\"@id\":\"https:\\\/\\\/www.eldiario.net\\\/portal\\\/#organization\"},\"image\":{\"@id\":\"https:\\\/\\\/www.eldiario.net\\\/portal\\\/2024\\\/05\\\/20\\\/la-tecnologia-cuantica-revolucionara-la-vida-del-ser-humano\\\/#primaryimage\"},\"thumbnailUrl\":\"https:\\\/\\\/www.eldiario.net\\\/portal\\\/wp-content\\\/uploads\\\/2024\\\/05\\\/8-B-2.jpg\",\"articleSection\":[\"Ciencia y Computaci\u00f3n\"],\"inLanguage\":\"es\",\"potentialAction\":[{\"@type\":\"CommentAction\",\"name\":\"Comment\",\"target\":[\"https:\\\/\\\/www.eldiario.net\\\/portal\\\/2024\\\/05\\\/20\\\/la-tecnologia-cuantica-revolucionara-la-vida-del-ser-humano\\\/#respond\"]}]},{\"@type\":\"WebPage\",\"@id\":\"https:\\\/\\\/www.eldiario.net\\\/portal\\\/2024\\\/05\\\/20\\\/la-tecnologia-cuantica-revolucionara-la-vida-del-ser-humano\\\/\",\"url\":\"https:\\\/\\\/www.eldiario.net\\\/portal\\\/2024\\\/05\\\/20\\\/la-tecnologia-cuantica-revolucionara-la-vida-del-ser-humano\\\/\",\"name\":\"La tecnolog\u00eda cu\u00e1ntica revolucionar\u00e1 la vida del ser humano - El Diario - Bolivia\",\"isPartOf\":{\"@id\":\"https:\\\/\\\/www.eldiario.net\\\/portal\\\/#website\"},\"primaryImageOfPage\":{\"@id\":\"https:\\\/\\\/www.eldiario.net\\\/portal\\\/2024\\\/05\\\/20\\\/la-tecnologia-cuantica-revolucionara-la-vida-del-ser-humano\\\/#primaryimage\"},\"image\":{\"@id\":\"https:\\\/\\\/www.eldiario.net\\\/portal\\\/2024\\\/05\\\/20\\\/la-tecnologia-cuantica-revolucionara-la-vida-del-ser-humano\\\/#primaryimage\"},\"thumbnailUrl\":\"https:\\\/\\\/www.eldiario.net\\\/portal\\\/wp-content\\\/uploads\\\/2024\\\/05\\\/8-B-2.jpg\",\"datePublished\":\"2024-05-20T09:34:20+00:00\",\"breadcrumb\":{\"@id\":\"https:\\\/\\\/www.eldiario.net\\\/portal\\\/2024\\\/05\\\/20\\\/la-tecnologia-cuantica-revolucionara-la-vida-del-ser-humano\\\/#breadcrumb\"},\"inLanguage\":\"es\",\"potentialAction\":[{\"@type\":\"ReadAction\",\"target\":[\"https:\\\/\\\/www.eldiario.net\\\/portal\\\/2024\\\/05\\\/20\\\/la-tecnologia-cuantica-revolucionara-la-vida-del-ser-humano\\\/\"]}]},{\"@type\":\"ImageObject\",\"inLanguage\":\"es\",\"@id\":\"https:\\\/\\\/www.eldiario.net\\\/portal\\\/2024\\\/05\\\/20\\\/la-tecnologia-cuantica-revolucionara-la-vida-del-ser-humano\\\/#primaryimage\",\"url\":\"https:\\\/\\\/www.eldiario.net\\\/portal\\\/wp-content\\\/uploads\\\/2024\\\/05\\\/8-B-2.jpg\",\"contentUrl\":\"https:\\\/\\\/www.eldiario.net\\\/portal\\\/wp-content\\\/uploads\\\/2024\\\/05\\\/8-B-2.jpg\",\"width\":889,\"height\":612},{\"@type\":\"BreadcrumbList\",\"@id\":\"https:\\\/\\\/www.eldiario.net\\\/portal\\\/2024\\\/05\\\/20\\\/la-tecnologia-cuantica-revolucionara-la-vida-del-ser-humano\\\/#breadcrumb\",\"itemListElement\":[{\"@type\":\"ListItem\",\"position\":1,\"name\":\"Portada\",\"item\":\"https:\\\/\\\/www.eldiario.net\\\/portal\\\/\"},{\"@type\":\"ListItem\",\"position\":2,\"name\":\"La tecnolog\u00eda cu\u00e1ntica revolucionar\u00e1 la vida del ser humano\"}]},{\"@type\":\"WebSite\",\"@id\":\"https:\\\/\\\/www.eldiario.net\\\/portal\\\/#website\",\"url\":\"https:\\\/\\\/www.eldiario.net\\\/portal\\\/\",\"name\":\"El Diario - Decano de la prensa nacional\",\"description\":\"El Diario - Decano de la prensa nacional\",\"publisher\":{\"@id\":\"https:\\\/\\\/www.eldiario.net\\\/portal\\\/#organization\"},\"potentialAction\":[{\"@type\":\"SearchAction\",\"target\":{\"@type\":\"EntryPoint\",\"urlTemplate\":\"https:\\\/\\\/www.eldiario.net\\\/portal\\\/?s={search_term_string}\"},\"query-input\":{\"@type\":\"PropertyValueSpecification\",\"valueRequired\":true,\"valueName\":\"search_term_string\"}}],\"inLanguage\":\"es\"},{\"@type\":\"Organization\",\"@id\":\"https:\\\/\\\/www.eldiario.net\\\/portal\\\/#organization\",\"name\":\"El Diario - Decano de la prensa nacional\",\"url\":\"https:\\\/\\\/www.eldiario.net\\\/portal\\\/\",\"logo\":{\"@type\":\"ImageObject\",\"inLanguage\":\"es\",\"@id\":\"https:\\\/\\\/www.eldiario.net\\\/portal\\\/#\\\/schema\\\/logo\\\/image\\\/\",\"url\":\"https:\\\/\\\/www.eldiario.net\\\/portal\\\/wp-content\\\/uploads\\\/2023\\\/07\\\/logo_ED.jpg\",\"contentUrl\":\"https:\\\/\\\/www.eldiario.net\\\/portal\\\/wp-content\\\/uploads\\\/2023\\\/07\\\/logo_ED.jpg\",\"width\":272,\"height\":52,\"caption\":\"El Diario - Decano de la prensa nacional\"},\"image\":{\"@id\":\"https:\\\/\\\/www.eldiario.net\\\/portal\\\/#\\\/schema\\\/logo\\\/image\\\/\"},\"sameAs\":[\"https:\\\/\\\/www.facebook.com\\\/eldiario.bolivia\\\/\",\"https:\\\/\\\/x.com\\\/eldiario_net\"]},{\"@type\":\"Person\",\"@id\":\"https:\\\/\\\/www.eldiario.net\\\/portal\\\/#\\\/schema\\\/person\\\/f46445640444750d7d753ccd04ae01b7\",\"name\":\"Jeanette\",\"image\":{\"@type\":\"ImageObject\",\"inLanguage\":\"es\",\"@id\":\"https:\\\/\\\/secure.gravatar.com\\\/avatar\\\/3ea2118a5f7dad2b7138b1187a6b7ee55f160b9968b66013c3a3ef39dd7e5798?s=96&d=mm&r=g\",\"url\":\"https:\\\/\\\/secure.gravatar.com\\\/avatar\\\/3ea2118a5f7dad2b7138b1187a6b7ee55f160b9968b66013c3a3ef39dd7e5798?s=96&d=mm&r=g\",\"contentUrl\":\"https:\\\/\\\/secure.gravatar.com\\\/avatar\\\/3ea2118a5f7dad2b7138b1187a6b7ee55f160b9968b66013c3a3ef39dd7e5798?s=96&d=mm&r=g\",\"caption\":\"Jeanette\"},\"sameAs\":[\"https:\\\/\\\/www.eldiario.net\\\/portal\"],\"url\":\"https:\\\/\\\/www.eldiario.net\\\/portal\\\/author\\\/jeanette\\\/\"}]}<\/script>\n<!-- \/ Yoast SEO plugin. -->","yoast_head_json":{"title":"La tecnolog\u00eda cu\u00e1ntica revolucionar\u00e1 la vida del ser humano - El Diario - Bolivia","robots":{"index":"index","follow":"follow","max-snippet":"max-snippet:-1","max-image-preview":"max-image-preview:large","max-video-preview":"max-video-preview:-1"},"canonical":"https:\/\/www.eldiario.net\/portal\/2024\/05\/20\/la-tecnologia-cuantica-revolucionara-la-vida-del-ser-humano\/","og_locale":"es_ES","og_type":"article","og_title":"La tecnolog\u00eda cu\u00e1ntica revolucionar\u00e1 la vida del ser humano - El Diario - Bolivia","og_description":"El estudio de la tecnolog\u00eda cu\u00e1ntica ha demostrado potenciar aplicaciones que previenen cat\u00e1strofes, diagnostican enfermedades y refuerzan la ciberseguridad. La mec\u00e1nica cu\u00e1ntica, basada en los fundamentos de cient\u00edficos como Erwin Schr\u00f6dinger y Werner Heisenberg, contin\u00faa siendo el motor de avances tecnol\u00f3gicos significativos que reconfiguran la forma en que procesamos informaci\u00f3n y entendemos la materia a [&hellip;]","og_url":"https:\/\/www.eldiario.net\/portal\/2024\/05\/20\/la-tecnologia-cuantica-revolucionara-la-vida-del-ser-humano\/","og_site_name":"El Diario - Bolivia","article_publisher":"https:\/\/www.facebook.com\/eldiario.bolivia\/","article_published_time":"2024-05-20T09:34:20+00:00","og_image":[{"width":889,"height":612,"url":"https:\/\/www.eldiario.net\/portal\/wp-content\/uploads\/2024\/05\/8-B-2.jpg","type":"image\/jpeg"}],"author":"Jeanette","twitter_card":"summary_large_image","twitter_creator":"@eldiario_net","twitter_site":"@eldiario_net","twitter_misc":{"Escrito por":"Jeanette","Tiempo de lectura":"2 minutos"},"schema":{"@context":"https:\/\/schema.org","@graph":[{"@type":"Article","@id":"https:\/\/www.eldiario.net\/portal\/2024\/05\/20\/la-tecnologia-cuantica-revolucionara-la-vida-del-ser-humano\/#article","isPartOf":{"@id":"https:\/\/www.eldiario.net\/portal\/2024\/05\/20\/la-tecnologia-cuantica-revolucionara-la-vida-del-ser-humano\/"},"author":{"name":"Jeanette","@id":"https:\/\/www.eldiario.net\/portal\/#\/schema\/person\/f46445640444750d7d753ccd04ae01b7"},"headline":"La tecnolog\u00eda cu\u00e1ntica revolucionar\u00e1 la vida del ser humano","datePublished":"2024-05-20T09:34:20+00:00","mainEntityOfPage":{"@id":"https:\/\/www.eldiario.net\/portal\/2024\/05\/20\/la-tecnologia-cuantica-revolucionara-la-vida-del-ser-humano\/"},"wordCount":378,"commentCount":0,"publisher":{"@id":"https:\/\/www.eldiario.net\/portal\/#organization"},"image":{"@id":"https:\/\/www.eldiario.net\/portal\/2024\/05\/20\/la-tecnologia-cuantica-revolucionara-la-vida-del-ser-humano\/#primaryimage"},"thumbnailUrl":"https:\/\/www.eldiario.net\/portal\/wp-content\/uploads\/2024\/05\/8-B-2.jpg","articleSection":["Ciencia y Computaci\u00f3n"],"inLanguage":"es","potentialAction":[{"@type":"CommentAction","name":"Comment","target":["https:\/\/www.eldiario.net\/portal\/2024\/05\/20\/la-tecnologia-cuantica-revolucionara-la-vida-del-ser-humano\/#respond"]}]},{"@type":"WebPage","@id":"https:\/\/www.eldiario.net\/portal\/2024\/05\/20\/la-tecnologia-cuantica-revolucionara-la-vida-del-ser-humano\/","url":"https:\/\/www.eldiario.net\/portal\/2024\/05\/20\/la-tecnologia-cuantica-revolucionara-la-vida-del-ser-humano\/","name":"La tecnolog\u00eda cu\u00e1ntica revolucionar\u00e1 la vida del ser humano - El Diario - Bolivia","isPartOf":{"@id":"https:\/\/www.eldiario.net\/portal\/#website"},"primaryImageOfPage":{"@id":"https:\/\/www.eldiario.net\/portal\/2024\/05\/20\/la-tecnologia-cuantica-revolucionara-la-vida-del-ser-humano\/#primaryimage"},"image":{"@id":"https:\/\/www.eldiario.net\/portal\/2024\/05\/20\/la-tecnologia-cuantica-revolucionara-la-vida-del-ser-humano\/#primaryimage"},"thumbnailUrl":"https:\/\/www.eldiario.net\/portal\/wp-content\/uploads\/2024\/05\/8-B-2.jpg","datePublished":"2024-05-20T09:34:20+00:00","breadcrumb":{"@id":"https:\/\/www.eldiario.net\/portal\/2024\/05\/20\/la-tecnologia-cuantica-revolucionara-la-vida-del-ser-humano\/#breadcrumb"},"inLanguage":"es","potentialAction":[{"@type":"ReadAction","target":["https:\/\/www.eldiario.net\/portal\/2024\/05\/20\/la-tecnologia-cuantica-revolucionara-la-vida-del-ser-humano\/"]}]},{"@type":"ImageObject","inLanguage":"es","@id":"https:\/\/www.eldiario.net\/portal\/2024\/05\/20\/la-tecnologia-cuantica-revolucionara-la-vida-del-ser-humano\/#primaryimage","url":"https:\/\/www.eldiario.net\/portal\/wp-content\/uploads\/2024\/05\/8-B-2.jpg","contentUrl":"https:\/\/www.eldiario.net\/portal\/wp-content\/uploads\/2024\/05\/8-B-2.jpg","width":889,"height":612},{"@type":"BreadcrumbList","@id":"https:\/\/www.eldiario.net\/portal\/2024\/05\/20\/la-tecnologia-cuantica-revolucionara-la-vida-del-ser-humano\/#breadcrumb","itemListElement":[{"@type":"ListItem","position":1,"name":"Portada","item":"https:\/\/www.eldiario.net\/portal\/"},{"@type":"ListItem","position":2,"name":"La tecnolog\u00eda cu\u00e1ntica revolucionar\u00e1 la vida del ser humano"}]},{"@type":"WebSite","@id":"https:\/\/www.eldiario.net\/portal\/#website","url":"https:\/\/www.eldiario.net\/portal\/","name":"El Diario - Decano de la prensa nacional","description":"El Diario - Decano de la prensa nacional","publisher":{"@id":"https:\/\/www.eldiario.net\/portal\/#organization"},"potentialAction":[{"@type":"SearchAction","target":{"@type":"EntryPoint","urlTemplate":"https:\/\/www.eldiario.net\/portal\/?s={search_term_string}"},"query-input":{"@type":"PropertyValueSpecification","valueRequired":true,"valueName":"search_term_string"}}],"inLanguage":"es"},{"@type":"Organization","@id":"https:\/\/www.eldiario.net\/portal\/#organization","name":"El Diario - Decano de la prensa nacional","url":"https:\/\/www.eldiario.net\/portal\/","logo":{"@type":"ImageObject","inLanguage":"es","@id":"https:\/\/www.eldiario.net\/portal\/#\/schema\/logo\/image\/","url":"https:\/\/www.eldiario.net\/portal\/wp-content\/uploads\/2023\/07\/logo_ED.jpg","contentUrl":"https:\/\/www.eldiario.net\/portal\/wp-content\/uploads\/2023\/07\/logo_ED.jpg","width":272,"height":52,"caption":"El Diario - Decano de la prensa nacional"},"image":{"@id":"https:\/\/www.eldiario.net\/portal\/#\/schema\/logo\/image\/"},"sameAs":["https:\/\/www.facebook.com\/eldiario.bolivia\/","https:\/\/x.com\/eldiario_net"]},{"@type":"Person","@id":"https:\/\/www.eldiario.net\/portal\/#\/schema\/person\/f46445640444750d7d753ccd04ae01b7","name":"Jeanette","image":{"@type":"ImageObject","inLanguage":"es","@id":"https:\/\/secure.gravatar.com\/avatar\/3ea2118a5f7dad2b7138b1187a6b7ee55f160b9968b66013c3a3ef39dd7e5798?s=96&d=mm&r=g","url":"https:\/\/secure.gravatar.com\/avatar\/3ea2118a5f7dad2b7138b1187a6b7ee55f160b9968b66013c3a3ef39dd7e5798?s=96&d=mm&r=g","contentUrl":"https:\/\/secure.gravatar.com\/avatar\/3ea2118a5f7dad2b7138b1187a6b7ee55f160b9968b66013c3a3ef39dd7e5798?s=96&d=mm&r=g","caption":"Jeanette"},"sameAs":["https:\/\/www.eldiario.net\/portal"],"url":"https:\/\/www.eldiario.net\/portal\/author\/jeanette\/"}]}},"_links":{"self":[{"href":"https:\/\/www.eldiario.net\/portal\/wp-json\/wp\/v2\/posts\/221791","targetHints":{"allow":["GET"]}}],"collection":[{"href":"https:\/\/www.eldiario.net\/portal\/wp-json\/wp\/v2\/posts"}],"about":[{"href":"https:\/\/www.eldiario.net\/portal\/wp-json\/wp\/v2\/types\/post"}],"author":[{"embeddable":true,"href":"https:\/\/www.eldiario.net\/portal\/wp-json\/wp\/v2\/users\/1"}],"replies":[{"embeddable":true,"href":"https:\/\/www.eldiario.net\/portal\/wp-json\/wp\/v2\/comments?post=221791"}],"version-history":[{"count":1,"href":"https:\/\/www.eldiario.net\/portal\/wp-json\/wp\/v2\/posts\/221791\/revisions"}],"predecessor-version":[{"id":221793,"href":"https:\/\/www.eldiario.net\/portal\/wp-json\/wp\/v2\/posts\/221791\/revisions\/221793"}],"wp:featuredmedia":[{"embeddable":true,"href":"https:\/\/www.eldiario.net\/portal\/wp-json\/wp\/v2\/media\/221792"}],"wp:attachment":[{"href":"https:\/\/www.eldiario.net\/portal\/wp-json\/wp\/v2\/media?parent=221791"}],"wp:term":[{"taxonomy":"category","embeddable":true,"href":"https:\/\/www.eldiario.net\/portal\/wp-json\/wp\/v2\/categories?post=221791"},{"taxonomy":"post_tag","embeddable":true,"href":"https:\/\/www.eldiario.net\/portal\/wp-json\/wp\/v2\/tags?post=221791"}],"curies":[{"name":"wp","href":"https:\/\/api.w.org\/{rel}","templated":true}]}}