{"id":221781,"date":"2024-05-20T05:26:30","date_gmt":"2024-05-20T09:26:30","guid":{"rendered":"https:\/\/www.eldiario.net\/portal\/?p=221781"},"modified":"2024-05-20T05:26:30","modified_gmt":"2024-05-20T09:26:30","slug":"christian-benitez-y-mau-montero-unen-sus-voces-en-di-ver-ti-entes","status":"publish","type":"post","link":"https:\/\/www.eldiario.net\/portal\/2024\/05\/20\/christian-benitez-y-mau-montero-unen-sus-voces-en-di-ver-ti-entes\/","title":{"rendered":"Christian Ben\u00edtez y Mau Montero  unen sus voces en \u201cDi-ver-ti-entes\u201d"},"content":{"rendered":"<p>Los cantautores pace\u00f1os Christian Ben\u00edtez (D\u00fao Negro y Blanco) y Mauricio Montero (Entre Dos Aguas) unen sus voces y estilos en un proyecto musical \u00edntimo y ac\u00fastico. Se trata de un concierto en el cual intercalar\u00e1n sus composiciones propias con una selecci\u00f3n de canciones de artistas de varios g\u00e9neros musicales que han inspirado a estos dos cantautores.<\/p>\n<p>El proyecto lleva por t\u00edtulo DI-VER-TI-ENTES, una mezcla entre los conceptos de divertirse sobre el escenario y las diferentes vertientes musicales que influenciaron las creaciones de ambos trovadores.<\/p>\n<p>\u201cSer\u00e1 una noche para escuchar una selecci\u00f3n de canciones que amamos interpretar entre composiciones propias y de otros artistas del rock cl\u00e1sico, la trova y del folclore boliviano y latinoamericano. Canciones que muestran las diversas vertientes de las cuales proviene nuestro canto\u201d, afirmaron coincidentemente los artistas pace\u00f1os en la nota de prensa de DI-VER-TI-ENTES.<\/p>\n<p>Para armar el repertorio, Christian y Mau eligieron veinticuatro canciones de una lista de m\u00e1s de sesenta temas. El viaje musical pasar\u00e1 por artistas y bandas como Queen, Savia Nueva, Led Zeppelin, Silvio Rodr\u00edguez, Matilde Casazola, entre otros. Los arreglos de guitarra y voces, en algunos casos, saldr\u00e1n de combinar los diversos g\u00e9neros musicales y de canciones. Ser\u00e1 una propuesta que, sin lugar a dudas, sorprender\u00e1 a los asistentes al concierto.<\/p>\n<p>Los cantautores pace\u00f1os tendr\u00e1n como invitados especiales a Carla Ojopi y Ren\u00e9 Uzqueda.<\/p>\n<p>La cita es el viernes 24 de mayo, a horas 20:00, en el Teatro Nuna Espacio Arte, ubicado en la final Calle 21 de Calacoto, parada PumaKatari, zona sur de la ciudad<\/p>\n<p>Las entradas tienen un costo de Mesa: 80 bs. \/ Grader\u00eda: 60 BS.<\/p>\n<p>Y las puedes adquirir en el siguiente enlace https:\/\/www.nunaespacioarte.com\/cartelera\/454_di-ver-ti-entes-por-chris-benitez-y-mau-montero<\/p>\n<p>Tambi\u00e9n en boleter\u00eda del teatro de 16:30 a 20:30 horas, de mi\u00e9rcoles a viernes.<\/p>\n<p>M\u00e1s informaci\u00f3n mediante los n\u00fameros de celular: 63090822 o 70543667.<\/p>\n<p><strong>LA TRAYECTORIA DE LOS CANTAUTORES<\/strong><\/p>\n<p>La carrera musical de Christian Ben\u00edtez comienza desde muy temprana edad, integrando varios coros, tanto en el colegio San Calixto como en la Universidad Cat\u00f3lica Boliviana. Particip\u00f3 tambi\u00e9n de Coral Nova y es en \u00e9sta \u00e9poca universitaria que conoce a Mario Ram\u00edrez, con quien conforman en 1999 el d\u00fao Negro y Blanco, dueto que en este 2024 cumple 25 a\u00f1os de carrera profesional en el \u00e1mbito musical.<\/p>\n<p>Ben\u00edtez tiene en su haber m\u00e1s de 18 producciones discogr\u00e1ficas y ha realizado decenas de viajes, tanto fuera como dentro del pa\u00eds, compartiendo escenario con artistas nacionales como Vero P\u00e9rez, Grillo Villegas, C\u00e9sar Junaro, Willy Claure, Manuel Monrroy Chazarreta, Adri\u00e1n Barrenechea, Esther Marisol, Gu\u00edsela Santa Cruz, Las Majas e internacionales como Pedro Guerra, Alejandro Filio, Vicente y Santiago Feli\u00fa, Silvio Rodr\u00edguez y Facundo Cabral, entre otros. Su principal labor es la de la composici\u00f3n musical, siendo el autor de la canci\u00f3n <em>P\u00edntame Bolivia<\/em> y de m\u00e1s de 1.500 composiciones en letra y m\u00fasica. Ha ganado el concurso nacional de composici\u00f3n de <em>Cueca Alte\u00f1a 2024<\/em> y actualmente se encuentra trabajando en la grabaci\u00f3n de su primer trabajo discogr\u00e1fico como solista, material que ser\u00e1 presentado a inicios del 2025.<\/p>\n<p>Mau Montero, cantautor, m\u00fasico residente y poeta en el espacio Los Versos del Capit\u00e1n, es endorser de la afamada marca de guitarras japonesas Takamine, guitarrista virtuoso, compositor, productor musical, instrumentista vers\u00e1til y cantante de rock, poeta y comunicador social, con m\u00e1s de 25 a\u00f1os de oficio art\u00edstico.<\/p>\n<p>Es fundador del reconocido grupo Entre 2 Aguas, del Colectivo de Cantautores Guitarra en Mano en Bolivia y la agrupaci\u00f3n Chola-Chal\u00e1. Fue director musical de la producci\u00f3n Boliviana Rock Forever, director musical del Especial de Mercedes Sosa en La Paz y director musical en el proyecto internacional <em>Sal de tu Guarida Bolivia-Per\u00fa<\/em> (Entre2Aguas y Negro y Blanco), Particip\u00f3 en la direcci\u00f3n musical y como protagonista en el musical \u201cHoy no me puedo levantar Bolivia\u201d, entre muchos otros proyectos importantes en el pa\u00eds. Fue invitado tambi\u00e9n a participar como m\u00fasico y compositor en eventos como el Festijazz (Menescal de los Andes) y el Festibossa (Menescal de los Andes) en La Paz, el \u201cFestival de la Cultura\u201d en Sucre (por 3 a\u00f1os seguidos), el \u201cFestival de la Cultura\u201d en Potos\u00ed (dos a\u00f1os seguidos), entre muchos otros. Fue invitado a dos versiones del Festival Internacional de Guitarra en Arequipa \u2013 Per\u00fa. Fue invitado a participar en el \u201cFestival Latinoamericano de la Canci\u00f3n Latinoamericana\u201d (Chile), en el evento \u201cCantautores Latinoamericanos\u201d y el festival \u201cTrovadictos\u201d (Per\u00fa), adem\u00e1s de tener una destacada participaci\u00f3n en el \u201cFestival Cervantino de la canci\u00f3n\u201d (M\u00e9xico), entre otros.<\/p>\n<p>Es, adem\u00e1s, compositor de la m\u00fasica de las pel\u00edculas bolivianas <em>Cuando los hombres quedan solos<\/em>, dirigida por Fernando Mart\u00ednez, y <em>Un abrazo en el Chaco<\/em>, dirigida por Marisol Paz Sold\u00e1n.<\/p>\n<p>Mau Montero llev\u00f3 su m\u00fasica a Per\u00fa, Venezuela, Ecuador, Colombia, Chile, M\u00e9xico, Francia y B\u00e9lgica. En Bolivia hizo lo propio en las nueve capitales con diferentes proyectos.<\/p>\n<p>Fue profesor y director del \u00c1rea de Guitarra en la Universidad Mayor de San Andr\u00e9s en el \u00c1rea de Formaci\u00f3n Art\u00edstica.<\/p>\n\r\n                <style type=\"text\/css\">\r\n                    \r\n                    #tdi_1  .td-doubleSlider-2 .td-item1 {\r\n                        background: url(https:\/\/www.eldiario.net\/portal\/wp-content\/uploads\/2024\/05\/1-PRINCIPAL-9-80x60.jpg) 0 0 no-repeat;\r\n                    }\r\n                    #tdi_1  .td-doubleSlider-2 .td-item2 {\r\n                        background: url(https:\/\/www.eldiario.net\/portal\/wp-content\/uploads\/2024\/05\/2-7-80x60.jpg) 0 0 no-repeat;\r\n                    }\r\n                    #tdi_1  .td-doubleSlider-2 .td-item3 {\r\n                        background: url(https:\/\/www.eldiario.net\/portal\/wp-content\/uploads\/2024\/05\/3-6-80x60.jpg) 0 0 no-repeat;\r\n                    }\r\n                    #tdi_1  .td-doubleSlider-2 .td-item4 {\r\n                        background: url(https:\/\/www.eldiario.net\/portal\/wp-content\/uploads\/2024\/05\/4-7-80x60.jpg) 0 0 no-repeat;\r\n                    }\r\n                <\/style>\r\n\r\n                <div id=\"tdi_1\" class=\"td-gallery td-slide-on-2-columns\">\r\n                    <div class=\"post_td_gallery\">\r\n                        <div class=\"td-gallery-slide-top\">\r\n                           <div class=\"td-gallery-title\"><\/div>\r\n\r\n                            <div class=\"td-gallery-controls-wrapper\">\r\n                                <div class=\"td-gallery-slide-count\"><span class=\"td-gallery-slide-item-focus\">1<\/span> de 4<\/div>\r\n                                <div class=\"td-gallery-slide-prev-next-but\">\r\n                                    <i class = \"td-icon-left doubleSliderPrevButton\"><\/i>\r\n                                    <i class = \"td-icon-right doubleSliderNextButton\"><\/i>\r\n                                <\/div>\r\n                            <\/div>\r\n                        <\/div>\r\n\r\n                        <div class = \"td-doubleSlider-1 \">\r\n                            <div class = \"td-slider\">\r\n                                \r\n                    <div class = \"td-slide-item td-item1\">\r\n                        <figure class=\"td-slide-galery-figure td-slide-popup-gallery\">\r\n                            <a class=\"slide-gallery-image-link\" href=\"https:\/\/www.eldiario.net\/portal\/wp-content\/uploads\/2024\/05\/1-PRINCIPAL-9.jpg\" title=\"1-PRINCIPAL\"  data-caption=\"\"  data-description=\"\">\r\n                                <img decoding=\"async\" src=\"https:\/\/www.eldiario.net\/portal\/wp-content\/uploads\/2024\/05\/1-PRINCIPAL-9-840x420.jpg\" srcset=\"https:\/\/www.eldiario.net\/portal\/wp-content\/uploads\/2024\/05\/1-PRINCIPAL-9-840x420.jpg 840w, https:\/\/www.eldiario.net\/portal\/wp-content\/uploads\/2024\/05\/1-PRINCIPAL-9-300x150.jpg 300w, https:\/\/www.eldiario.net\/portal\/wp-content\/uploads\/2024\/05\/1-PRINCIPAL-9-1024x512.jpg 1024w, https:\/\/www.eldiario.net\/portal\/wp-content\/uploads\/2024\/05\/1-PRINCIPAL-9-768x384.jpg 768w, https:\/\/www.eldiario.net\/portal\/wp-content\/uploads\/2024\/05\/1-PRINCIPAL-9-1536x768.jpg 1536w, https:\/\/www.eldiario.net\/portal\/wp-content\/uploads\/2024\/05\/1-PRINCIPAL-9-2048x1024.jpg 2048w, https:\/\/www.eldiario.net\/portal\/wp-content\/uploads\/2024\/05\/1-PRINCIPAL-9-696x348.jpg 696w, https:\/\/www.eldiario.net\/portal\/wp-content\/uploads\/2024\/05\/1-PRINCIPAL-9-1068x534.jpg 1068w, https:\/\/www.eldiario.net\/portal\/wp-content\/uploads\/2024\/05\/1-PRINCIPAL-9-1920x960.jpg 1920w\" sizes=\"(max-width: 840px) 100vw, 840px\" alt=\"\">\r\n                            <\/a>\r\n                            \r\n                        <\/figure>\r\n                    <\/div>\r\n                    <div class = \"td-slide-item td-item2\">\r\n                        <figure class=\"td-slide-galery-figure td-slide-popup-gallery\">\r\n                            <a class=\"slide-gallery-image-link\" href=\"https:\/\/www.eldiario.net\/portal\/wp-content\/uploads\/2024\/05\/2-7.jpg\" title=\"2\"  data-caption=\"\"  data-description=\"\">\r\n                                <img decoding=\"async\" src=\"https:\/\/www.eldiario.net\/portal\/wp-content\/uploads\/2024\/05\/2-7-534x420.jpg\" srcset=\"https:\/\/www.eldiario.net\/portal\/wp-content\/uploads\/2024\/05\/2-7-534x420.jpg 534w, https:\/\/www.eldiario.net\/portal\/wp-content\/uploads\/2024\/05\/2-7-300x236.jpg 300w, https:\/\/www.eldiario.net\/portal\/wp-content\/uploads\/2024\/05\/2-7-1024x805.jpg 1024w, https:\/\/www.eldiario.net\/portal\/wp-content\/uploads\/2024\/05\/2-7-768x604.jpg 768w, https:\/\/www.eldiario.net\/portal\/wp-content\/uploads\/2024\/05\/2-7-696x547.jpg 696w, https:\/\/www.eldiario.net\/portal\/wp-content\/uploads\/2024\/05\/2-7-1068x839.jpg 1068w, https:\/\/www.eldiario.net\/portal\/wp-content\/uploads\/2024\/05\/2-7.jpg 1280w\" sizes=\"(max-width: 534px) 100vw, 534px\" alt=\"\">\r\n                            <\/a>\r\n                            \r\n                        <\/figure>\r\n                    <\/div>\r\n                    <div class = \"td-slide-item td-item3\">\r\n                        <figure class=\"td-slide-galery-figure td-slide-popup-gallery\">\r\n                            <a class=\"slide-gallery-image-link\" href=\"https:\/\/www.eldiario.net\/portal\/wp-content\/uploads\/2024\/05\/3-6.jpg\" title=\"3\"  data-caption=\"\"  data-description=\"\">\r\n                                <img decoding=\"async\" src=\"https:\/\/www.eldiario.net\/portal\/wp-content\/uploads\/2024\/05\/3-6-484x420.jpg\" srcset=\"https:\/\/www.eldiario.net\/portal\/wp-content\/uploads\/2024\/05\/3-6-484x420.jpg 484w, https:\/\/www.eldiario.net\/portal\/wp-content\/uploads\/2024\/05\/3-6-300x260.jpg 300w, https:\/\/www.eldiario.net\/portal\/wp-content\/uploads\/2024\/05\/3-6-1024x888.jpg 1024w, https:\/\/www.eldiario.net\/portal\/wp-content\/uploads\/2024\/05\/3-6-768x666.jpg 768w, https:\/\/www.eldiario.net\/portal\/wp-content\/uploads\/2024\/05\/3-6-696x603.jpg 696w, https:\/\/www.eldiario.net\/portal\/wp-content\/uploads\/2024\/05\/3-6-1068x926.jpg 1068w, https:\/\/www.eldiario.net\/portal\/wp-content\/uploads\/2024\/05\/3-6.jpg 1172w\" sizes=\"(max-width: 484px) 100vw, 484px\" alt=\"\">\r\n                            <\/a>\r\n                            \r\n                        <\/figure>\r\n                    <\/div>\r\n                    <div class = \"td-slide-item td-item4\">\r\n                        <figure class=\"td-slide-galery-figure td-slide-popup-gallery\">\r\n                            <a class=\"slide-gallery-image-link\" href=\"https:\/\/www.eldiario.net\/portal\/wp-content\/uploads\/2024\/05\/4-7.jpg\" title=\"4\"  data-caption=\"\"  data-description=\"\">\r\n                                <img decoding=\"async\" src=\"https:\/\/www.eldiario.net\/portal\/wp-content\/uploads\/2024\/05\/4-7-541x420.jpg\" srcset=\"https:\/\/www.eldiario.net\/portal\/wp-content\/uploads\/2024\/05\/4-7-541x420.jpg 541w, https:\/\/www.eldiario.net\/portal\/wp-content\/uploads\/2024\/05\/4-7-300x233.jpg 300w, https:\/\/www.eldiario.net\/portal\/wp-content\/uploads\/2024\/05\/4-7-1024x795.jpg 1024w, https:\/\/www.eldiario.net\/portal\/wp-content\/uploads\/2024\/05\/4-7-768x596.jpg 768w, https:\/\/www.eldiario.net\/portal\/wp-content\/uploads\/2024\/05\/4-7-1536x1192.jpg 1536w, https:\/\/www.eldiario.net\/portal\/wp-content\/uploads\/2024\/05\/4-7-696x540.jpg 696w, https:\/\/www.eldiario.net\/portal\/wp-content\/uploads\/2024\/05\/4-7-1068x829.jpg 1068w, https:\/\/www.eldiario.net\/portal\/wp-content\/uploads\/2024\/05\/4-7.jpg 1600w\" sizes=\"(max-width: 541px) 100vw, 541px\" alt=\"\">\r\n                            <\/a>\r\n                            \r\n                        <\/figure>\r\n                    <\/div>\r\n                            <\/div>\r\n                        <\/div>\r\n\r\n                        <div class = \"td-doubleSlider-2\">\r\n                            <div class = \"td-slider\">\r\n                                \r\n                    <div class = \"td-button td-item1\">\r\n                        <div class = \"td-border\"><\/div>\r\n                    <\/div>\r\n                    <div class = \"td-button td-item2\">\r\n                        <div class = \"td-border\"><\/div>\r\n                    <\/div>\r\n                    <div class = \"td-button td-item3\">\r\n                        <div class = \"td-border\"><\/div>\r\n                    <\/div>\r\n                    <div class = \"td-button td-item4\">\r\n                        <div class = \"td-border\"><\/div>\r\n                    <\/div>\r\n                            <\/div>\r\n                        <\/div>\r\n\r\n                    <\/div>\r\n\r\n                <\/div>\r\n                \n","protected":false},"excerpt":{"rendered":"<p>Los cantautores pace\u00f1os Christian Ben\u00edtez (D\u00fao Negro y Blanco) y Mauricio Montero (Entre Dos Aguas) unen sus voces y estilos en un proyecto musical \u00edntimo y ac\u00fastico. Se trata de un concierto en el cual intercalar\u00e1n sus composiciones propias con una selecci\u00f3n de canciones de artistas de varios g\u00e9neros musicales que han inspirado a estos [&hellip;]<\/p>\n","protected":false},"author":1,"featured_media":221782,"comment_status":"open","ping_status":"open","sticky":false,"template":"","format":"standard","meta":{"_acf_changed":false,"footnotes":""},"categories":[41],"tags":[],"class_list":["post-221781","post","type-post","status-publish","format-standard","has-post-thumbnail","category-la-guia"],"acf":{"antetitulo":""},"yoast_head":"<!-- This site is optimized with the Yoast SEO plugin v28.3 - https:\/\/yoast.com\/product\/yoast-seo-wordpress\/ -->\n<title>Christian Ben\u00edtez y Mau Montero unen sus voces en \u201cDi-ver-ti-entes\u201d - El Diario - Bolivia<\/title>\n<meta name=\"robots\" content=\"index, follow, max-snippet:-1, max-image-preview:large, max-video-preview:-1\" \/>\n<link rel=\"canonical\" href=\"https:\/\/www.eldiario.net\/portal\/2024\/05\/20\/christian-benitez-y-mau-montero-unen-sus-voces-en-di-ver-ti-entes\/\" \/>\n<meta property=\"og:locale\" content=\"es_ES\" \/>\n<meta property=\"og:type\" content=\"article\" \/>\n<meta property=\"og:title\" content=\"Christian Ben\u00edtez y Mau Montero unen sus voces en \u201cDi-ver-ti-entes\u201d - El Diario - Bolivia\" \/>\n<meta property=\"og:description\" content=\"Los cantautores pace\u00f1os Christian Ben\u00edtez (D\u00fao Negro y Blanco) y Mauricio Montero (Entre Dos Aguas) unen sus voces y estilos en un proyecto musical \u00edntimo y ac\u00fastico. Se trata de un concierto en el cual intercalar\u00e1n sus composiciones propias con una selecci\u00f3n de canciones de artistas de varios g\u00e9neros musicales que han inspirado a estos [&hellip;]\" \/>\n<meta property=\"og:url\" content=\"https:\/\/www.eldiario.net\/portal\/2024\/05\/20\/christian-benitez-y-mau-montero-unen-sus-voces-en-di-ver-ti-entes\/\" \/>\n<meta property=\"og:site_name\" content=\"El Diario - Bolivia\" \/>\n<meta property=\"article:publisher\" content=\"https:\/\/www.facebook.com\/eldiario.bolivia\/\" \/>\n<meta property=\"article:published_time\" content=\"2024-05-20T09:26:30+00:00\" \/>\n<meta property=\"og:image\" content=\"https:\/\/www.eldiario.net\/portal\/wp-content\/uploads\/2024\/05\/1-PRINCIPAL-9.jpg\" \/>\n\t<meta property=\"og:image:width\" content=\"2268\" \/>\n\t<meta property=\"og:image:height\" content=\"1134\" \/>\n\t<meta property=\"og:image:type\" content=\"image\/jpeg\" \/>\n<meta name=\"author\" content=\"Jeanette\" \/>\n<meta name=\"twitter:card\" content=\"summary_large_image\" \/>\n<meta name=\"twitter:creator\" content=\"@eldiario_net\" \/>\n<meta name=\"twitter:site\" content=\"@eldiario_net\" \/>\n<meta name=\"twitter:label1\" content=\"Escrito por\" \/>\n\t<meta name=\"twitter:data1\" content=\"Jeanette\" \/>\n\t<meta name=\"twitter:label2\" content=\"Tiempo de lectura\" \/>\n\t<meta name=\"twitter:data2\" content=\"4 minutos\" \/>\n<script type=\"application\/ld+json\" class=\"yoast-schema-graph\">{\"@context\":\"https:\\\/\\\/schema.org\",\"@graph\":[{\"@type\":\"Article\",\"@id\":\"https:\\\/\\\/www.eldiario.net\\\/portal\\\/2024\\\/05\\\/20\\\/christian-benitez-y-mau-montero-unen-sus-voces-en-di-ver-ti-entes\\\/#article\",\"isPartOf\":{\"@id\":\"https:\\\/\\\/www.eldiario.net\\\/portal\\\/2024\\\/05\\\/20\\\/christian-benitez-y-mau-montero-unen-sus-voces-en-di-ver-ti-entes\\\/\"},\"author\":{\"name\":\"Jeanette\",\"@id\":\"https:\\\/\\\/www.eldiario.net\\\/portal\\\/#\\\/schema\\\/person\\\/f46445640444750d7d753ccd04ae01b7\"},\"headline\":\"Christian Ben\u00edtez y Mau Montero unen sus voces en \u201cDi-ver-ti-entes\u201d\",\"datePublished\":\"2024-05-20T09:26:30+00:00\",\"mainEntityOfPage\":{\"@id\":\"https:\\\/\\\/www.eldiario.net\\\/portal\\\/2024\\\/05\\\/20\\\/christian-benitez-y-mau-montero-unen-sus-voces-en-di-ver-ti-entes\\\/\"},\"wordCount\":895,\"commentCount\":0,\"publisher\":{\"@id\":\"https:\\\/\\\/www.eldiario.net\\\/portal\\\/#organization\"},\"image\":{\"@id\":\"https:\\\/\\\/www.eldiario.net\\\/portal\\\/2024\\\/05\\\/20\\\/christian-benitez-y-mau-montero-unen-sus-voces-en-di-ver-ti-entes\\\/#primaryimage\"},\"thumbnailUrl\":\"https:\\\/\\\/www.eldiario.net\\\/portal\\\/wp-content\\\/uploads\\\/2024\\\/05\\\/1-PRINCIPAL-9.jpg\",\"articleSection\":[\"La Gu\u00eda\"],\"inLanguage\":\"es\",\"potentialAction\":[{\"@type\":\"CommentAction\",\"name\":\"Comment\",\"target\":[\"https:\\\/\\\/www.eldiario.net\\\/portal\\\/2024\\\/05\\\/20\\\/christian-benitez-y-mau-montero-unen-sus-voces-en-di-ver-ti-entes\\\/#respond\"]}]},{\"@type\":\"WebPage\",\"@id\":\"https:\\\/\\\/www.eldiario.net\\\/portal\\\/2024\\\/05\\\/20\\\/christian-benitez-y-mau-montero-unen-sus-voces-en-di-ver-ti-entes\\\/\",\"url\":\"https:\\\/\\\/www.eldiario.net\\\/portal\\\/2024\\\/05\\\/20\\\/christian-benitez-y-mau-montero-unen-sus-voces-en-di-ver-ti-entes\\\/\",\"name\":\"Christian Ben\u00edtez y Mau Montero unen sus voces en \u201cDi-ver-ti-entes\u201d - El Diario - Bolivia\",\"isPartOf\":{\"@id\":\"https:\\\/\\\/www.eldiario.net\\\/portal\\\/#website\"},\"primaryImageOfPage\":{\"@id\":\"https:\\\/\\\/www.eldiario.net\\\/portal\\\/2024\\\/05\\\/20\\\/christian-benitez-y-mau-montero-unen-sus-voces-en-di-ver-ti-entes\\\/#primaryimage\"},\"image\":{\"@id\":\"https:\\\/\\\/www.eldiario.net\\\/portal\\\/2024\\\/05\\\/20\\\/christian-benitez-y-mau-montero-unen-sus-voces-en-di-ver-ti-entes\\\/#primaryimage\"},\"thumbnailUrl\":\"https:\\\/\\\/www.eldiario.net\\\/portal\\\/wp-content\\\/uploads\\\/2024\\\/05\\\/1-PRINCIPAL-9.jpg\",\"datePublished\":\"2024-05-20T09:26:30+00:00\",\"breadcrumb\":{\"@id\":\"https:\\\/\\\/www.eldiario.net\\\/portal\\\/2024\\\/05\\\/20\\\/christian-benitez-y-mau-montero-unen-sus-voces-en-di-ver-ti-entes\\\/#breadcrumb\"},\"inLanguage\":\"es\",\"potentialAction\":[{\"@type\":\"ReadAction\",\"target\":[\"https:\\\/\\\/www.eldiario.net\\\/portal\\\/2024\\\/05\\\/20\\\/christian-benitez-y-mau-montero-unen-sus-voces-en-di-ver-ti-entes\\\/\"]}]},{\"@type\":\"ImageObject\",\"inLanguage\":\"es\",\"@id\":\"https:\\\/\\\/www.eldiario.net\\\/portal\\\/2024\\\/05\\\/20\\\/christian-benitez-y-mau-montero-unen-sus-voces-en-di-ver-ti-entes\\\/#primaryimage\",\"url\":\"https:\\\/\\\/www.eldiario.net\\\/portal\\\/wp-content\\\/uploads\\\/2024\\\/05\\\/1-PRINCIPAL-9.jpg\",\"contentUrl\":\"https:\\\/\\\/www.eldiario.net\\\/portal\\\/wp-content\\\/uploads\\\/2024\\\/05\\\/1-PRINCIPAL-9.jpg\",\"width\":2268,\"height\":1134},{\"@type\":\"BreadcrumbList\",\"@id\":\"https:\\\/\\\/www.eldiario.net\\\/portal\\\/2024\\\/05\\\/20\\\/christian-benitez-y-mau-montero-unen-sus-voces-en-di-ver-ti-entes\\\/#breadcrumb\",\"itemListElement\":[{\"@type\":\"ListItem\",\"position\":1,\"name\":\"Portada\",\"item\":\"https:\\\/\\\/www.eldiario.net\\\/portal\\\/\"},{\"@type\":\"ListItem\",\"position\":2,\"name\":\"Christian Ben\u00edtez y Mau Montero unen sus voces en \u201cDi-ver-ti-entes\u201d\"}]},{\"@type\":\"WebSite\",\"@id\":\"https:\\\/\\\/www.eldiario.net\\\/portal\\\/#website\",\"url\":\"https:\\\/\\\/www.eldiario.net\\\/portal\\\/\",\"name\":\"El Diario - Decano de la prensa nacional\",\"description\":\"El Diario - Decano de la prensa nacional\",\"publisher\":{\"@id\":\"https:\\\/\\\/www.eldiario.net\\\/portal\\\/#organization\"},\"potentialAction\":[{\"@type\":\"SearchAction\",\"target\":{\"@type\":\"EntryPoint\",\"urlTemplate\":\"https:\\\/\\\/www.eldiario.net\\\/portal\\\/?s={search_term_string}\"},\"query-input\":{\"@type\":\"PropertyValueSpecification\",\"valueRequired\":true,\"valueName\":\"search_term_string\"}}],\"inLanguage\":\"es\"},{\"@type\":\"Organization\",\"@id\":\"https:\\\/\\\/www.eldiario.net\\\/portal\\\/#organization\",\"name\":\"El Diario - Decano de la prensa nacional\",\"url\":\"https:\\\/\\\/www.eldiario.net\\\/portal\\\/\",\"logo\":{\"@type\":\"ImageObject\",\"inLanguage\":\"es\",\"@id\":\"https:\\\/\\\/www.eldiario.net\\\/portal\\\/#\\\/schema\\\/logo\\\/image\\\/\",\"url\":\"https:\\\/\\\/www.eldiario.net\\\/portal\\\/wp-content\\\/uploads\\\/2023\\\/07\\\/logo_ED.jpg\",\"contentUrl\":\"https:\\\/\\\/www.eldiario.net\\\/portal\\\/wp-content\\\/uploads\\\/2023\\\/07\\\/logo_ED.jpg\",\"width\":272,\"height\":52,\"caption\":\"El Diario - Decano de la prensa nacional\"},\"image\":{\"@id\":\"https:\\\/\\\/www.eldiario.net\\\/portal\\\/#\\\/schema\\\/logo\\\/image\\\/\"},\"sameAs\":[\"https:\\\/\\\/www.facebook.com\\\/eldiario.bolivia\\\/\",\"https:\\\/\\\/x.com\\\/eldiario_net\"]},{\"@type\":\"Person\",\"@id\":\"https:\\\/\\\/www.eldiario.net\\\/portal\\\/#\\\/schema\\\/person\\\/f46445640444750d7d753ccd04ae01b7\",\"name\":\"Jeanette\",\"image\":{\"@type\":\"ImageObject\",\"inLanguage\":\"es\",\"@id\":\"https:\\\/\\\/secure.gravatar.com\\\/avatar\\\/3ea2118a5f7dad2b7138b1187a6b7ee55f160b9968b66013c3a3ef39dd7e5798?s=96&d=mm&r=g\",\"url\":\"https:\\\/\\\/secure.gravatar.com\\\/avatar\\\/3ea2118a5f7dad2b7138b1187a6b7ee55f160b9968b66013c3a3ef39dd7e5798?s=96&d=mm&r=g\",\"contentUrl\":\"https:\\\/\\\/secure.gravatar.com\\\/avatar\\\/3ea2118a5f7dad2b7138b1187a6b7ee55f160b9968b66013c3a3ef39dd7e5798?s=96&d=mm&r=g\",\"caption\":\"Jeanette\"},\"sameAs\":[\"https:\\\/\\\/www.eldiario.net\\\/portal\"],\"url\":\"https:\\\/\\\/www.eldiario.net\\\/portal\\\/author\\\/jeanette\\\/\"}]}<\/script>\n<!-- \/ Yoast SEO plugin. -->","yoast_head_json":{"title":"Christian Ben\u00edtez y Mau Montero unen sus voces en \u201cDi-ver-ti-entes\u201d - El Diario - Bolivia","robots":{"index":"index","follow":"follow","max-snippet":"max-snippet:-1","max-image-preview":"max-image-preview:large","max-video-preview":"max-video-preview:-1"},"canonical":"https:\/\/www.eldiario.net\/portal\/2024\/05\/20\/christian-benitez-y-mau-montero-unen-sus-voces-en-di-ver-ti-entes\/","og_locale":"es_ES","og_type":"article","og_title":"Christian Ben\u00edtez y Mau Montero unen sus voces en \u201cDi-ver-ti-entes\u201d - El Diario - Bolivia","og_description":"Los cantautores pace\u00f1os Christian Ben\u00edtez (D\u00fao Negro y Blanco) y Mauricio Montero (Entre Dos Aguas) unen sus voces y estilos en un proyecto musical \u00edntimo y ac\u00fastico. Se trata de un concierto en el cual intercalar\u00e1n sus composiciones propias con una selecci\u00f3n de canciones de artistas de varios g\u00e9neros musicales que han inspirado a estos [&hellip;]","og_url":"https:\/\/www.eldiario.net\/portal\/2024\/05\/20\/christian-benitez-y-mau-montero-unen-sus-voces-en-di-ver-ti-entes\/","og_site_name":"El Diario - Bolivia","article_publisher":"https:\/\/www.facebook.com\/eldiario.bolivia\/","article_published_time":"2024-05-20T09:26:30+00:00","og_image":[{"width":2268,"height":1134,"url":"https:\/\/www.eldiario.net\/portal\/wp-content\/uploads\/2024\/05\/1-PRINCIPAL-9.jpg","type":"image\/jpeg"}],"author":"Jeanette","twitter_card":"summary_large_image","twitter_creator":"@eldiario_net","twitter_site":"@eldiario_net","twitter_misc":{"Escrito por":"Jeanette","Tiempo de lectura":"4 minutos"},"schema":{"@context":"https:\/\/schema.org","@graph":[{"@type":"Article","@id":"https:\/\/www.eldiario.net\/portal\/2024\/05\/20\/christian-benitez-y-mau-montero-unen-sus-voces-en-di-ver-ti-entes\/#article","isPartOf":{"@id":"https:\/\/www.eldiario.net\/portal\/2024\/05\/20\/christian-benitez-y-mau-montero-unen-sus-voces-en-di-ver-ti-entes\/"},"author":{"name":"Jeanette","@id":"https:\/\/www.eldiario.net\/portal\/#\/schema\/person\/f46445640444750d7d753ccd04ae01b7"},"headline":"Christian Ben\u00edtez y Mau Montero unen sus voces en \u201cDi-ver-ti-entes\u201d","datePublished":"2024-05-20T09:26:30+00:00","mainEntityOfPage":{"@id":"https:\/\/www.eldiario.net\/portal\/2024\/05\/20\/christian-benitez-y-mau-montero-unen-sus-voces-en-di-ver-ti-entes\/"},"wordCount":895,"commentCount":0,"publisher":{"@id":"https:\/\/www.eldiario.net\/portal\/#organization"},"image":{"@id":"https:\/\/www.eldiario.net\/portal\/2024\/05\/20\/christian-benitez-y-mau-montero-unen-sus-voces-en-di-ver-ti-entes\/#primaryimage"},"thumbnailUrl":"https:\/\/www.eldiario.net\/portal\/wp-content\/uploads\/2024\/05\/1-PRINCIPAL-9.jpg","articleSection":["La Gu\u00eda"],"inLanguage":"es","potentialAction":[{"@type":"CommentAction","name":"Comment","target":["https:\/\/www.eldiario.net\/portal\/2024\/05\/20\/christian-benitez-y-mau-montero-unen-sus-voces-en-di-ver-ti-entes\/#respond"]}]},{"@type":"WebPage","@id":"https:\/\/www.eldiario.net\/portal\/2024\/05\/20\/christian-benitez-y-mau-montero-unen-sus-voces-en-di-ver-ti-entes\/","url":"https:\/\/www.eldiario.net\/portal\/2024\/05\/20\/christian-benitez-y-mau-montero-unen-sus-voces-en-di-ver-ti-entes\/","name":"Christian Ben\u00edtez y Mau Montero unen sus voces en \u201cDi-ver-ti-entes\u201d - El Diario - Bolivia","isPartOf":{"@id":"https:\/\/www.eldiario.net\/portal\/#website"},"primaryImageOfPage":{"@id":"https:\/\/www.eldiario.net\/portal\/2024\/05\/20\/christian-benitez-y-mau-montero-unen-sus-voces-en-di-ver-ti-entes\/#primaryimage"},"image":{"@id":"https:\/\/www.eldiario.net\/portal\/2024\/05\/20\/christian-benitez-y-mau-montero-unen-sus-voces-en-di-ver-ti-entes\/#primaryimage"},"thumbnailUrl":"https:\/\/www.eldiario.net\/portal\/wp-content\/uploads\/2024\/05\/1-PRINCIPAL-9.jpg","datePublished":"2024-05-20T09:26:30+00:00","breadcrumb":{"@id":"https:\/\/www.eldiario.net\/portal\/2024\/05\/20\/christian-benitez-y-mau-montero-unen-sus-voces-en-di-ver-ti-entes\/#breadcrumb"},"inLanguage":"es","potentialAction":[{"@type":"ReadAction","target":["https:\/\/www.eldiario.net\/portal\/2024\/05\/20\/christian-benitez-y-mau-montero-unen-sus-voces-en-di-ver-ti-entes\/"]}]},{"@type":"ImageObject","inLanguage":"es","@id":"https:\/\/www.eldiario.net\/portal\/2024\/05\/20\/christian-benitez-y-mau-montero-unen-sus-voces-en-di-ver-ti-entes\/#primaryimage","url":"https:\/\/www.eldiario.net\/portal\/wp-content\/uploads\/2024\/05\/1-PRINCIPAL-9.jpg","contentUrl":"https:\/\/www.eldiario.net\/portal\/wp-content\/uploads\/2024\/05\/1-PRINCIPAL-9.jpg","width":2268,"height":1134},{"@type":"BreadcrumbList","@id":"https:\/\/www.eldiario.net\/portal\/2024\/05\/20\/christian-benitez-y-mau-montero-unen-sus-voces-en-di-ver-ti-entes\/#breadcrumb","itemListElement":[{"@type":"ListItem","position":1,"name":"Portada","item":"https:\/\/www.eldiario.net\/portal\/"},{"@type":"ListItem","position":2,"name":"Christian Ben\u00edtez y Mau Montero unen sus voces en \u201cDi-ver-ti-entes\u201d"}]},{"@type":"WebSite","@id":"https:\/\/www.eldiario.net\/portal\/#website","url":"https:\/\/www.eldiario.net\/portal\/","name":"El Diario - Decano de la prensa nacional","description":"El Diario - Decano de la prensa nacional","publisher":{"@id":"https:\/\/www.eldiario.net\/portal\/#organization"},"potentialAction":[{"@type":"SearchAction","target":{"@type":"EntryPoint","urlTemplate":"https:\/\/www.eldiario.net\/portal\/?s={search_term_string}"},"query-input":{"@type":"PropertyValueSpecification","valueRequired":true,"valueName":"search_term_string"}}],"inLanguage":"es"},{"@type":"Organization","@id":"https:\/\/www.eldiario.net\/portal\/#organization","name":"El Diario - Decano de la prensa nacional","url":"https:\/\/www.eldiario.net\/portal\/","logo":{"@type":"ImageObject","inLanguage":"es","@id":"https:\/\/www.eldiario.net\/portal\/#\/schema\/logo\/image\/","url":"https:\/\/www.eldiario.net\/portal\/wp-content\/uploads\/2023\/07\/logo_ED.jpg","contentUrl":"https:\/\/www.eldiario.net\/portal\/wp-content\/uploads\/2023\/07\/logo_ED.jpg","width":272,"height":52,"caption":"El Diario - Decano de la prensa nacional"},"image":{"@id":"https:\/\/www.eldiario.net\/portal\/#\/schema\/logo\/image\/"},"sameAs":["https:\/\/www.facebook.com\/eldiario.bolivia\/","https:\/\/x.com\/eldiario_net"]},{"@type":"Person","@id":"https:\/\/www.eldiario.net\/portal\/#\/schema\/person\/f46445640444750d7d753ccd04ae01b7","name":"Jeanette","image":{"@type":"ImageObject","inLanguage":"es","@id":"https:\/\/secure.gravatar.com\/avatar\/3ea2118a5f7dad2b7138b1187a6b7ee55f160b9968b66013c3a3ef39dd7e5798?s=96&d=mm&r=g","url":"https:\/\/secure.gravatar.com\/avatar\/3ea2118a5f7dad2b7138b1187a6b7ee55f160b9968b66013c3a3ef39dd7e5798?s=96&d=mm&r=g","contentUrl":"https:\/\/secure.gravatar.com\/avatar\/3ea2118a5f7dad2b7138b1187a6b7ee55f160b9968b66013c3a3ef39dd7e5798?s=96&d=mm&r=g","caption":"Jeanette"},"sameAs":["https:\/\/www.eldiario.net\/portal"],"url":"https:\/\/www.eldiario.net\/portal\/author\/jeanette\/"}]}},"_links":{"self":[{"href":"https:\/\/www.eldiario.net\/portal\/wp-json\/wp\/v2\/posts\/221781","targetHints":{"allow":["GET"]}}],"collection":[{"href":"https:\/\/www.eldiario.net\/portal\/wp-json\/wp\/v2\/posts"}],"about":[{"href":"https:\/\/www.eldiario.net\/portal\/wp-json\/wp\/v2\/types\/post"}],"author":[{"embeddable":true,"href":"https:\/\/www.eldiario.net\/portal\/wp-json\/wp\/v2\/users\/1"}],"replies":[{"embeddable":true,"href":"https:\/\/www.eldiario.net\/portal\/wp-json\/wp\/v2\/comments?post=221781"}],"version-history":[{"count":1,"href":"https:\/\/www.eldiario.net\/portal\/wp-json\/wp\/v2\/posts\/221781\/revisions"}],"predecessor-version":[{"id":221786,"href":"https:\/\/www.eldiario.net\/portal\/wp-json\/wp\/v2\/posts\/221781\/revisions\/221786"}],"wp:featuredmedia":[{"embeddable":true,"href":"https:\/\/www.eldiario.net\/portal\/wp-json\/wp\/v2\/media\/221782"}],"wp:attachment":[{"href":"https:\/\/www.eldiario.net\/portal\/wp-json\/wp\/v2\/media?parent=221781"}],"wp:term":[{"taxonomy":"category","embeddable":true,"href":"https:\/\/www.eldiario.net\/portal\/wp-json\/wp\/v2\/categories?post=221781"},{"taxonomy":"post_tag","embeddable":true,"href":"https:\/\/www.eldiario.net\/portal\/wp-json\/wp\/v2\/tags?post=221781"}],"curies":[{"name":"wp","href":"https:\/\/api.w.org\/{rel}","templated":true}]}}