{"id":221775,"date":"2024-05-20T05:23:02","date_gmt":"2024-05-20T09:23:02","guid":{"rendered":"https:\/\/www.eldiario.net\/portal\/?p=221775"},"modified":"2024-05-20T05:23:02","modified_gmt":"2024-05-20T09:23:02","slug":"albergue-sonrisa-casa-para-guerreros-que-luchan-contra-cancer-y-otros-males","status":"publish","type":"post","link":"https:\/\/www.eldiario.net\/portal\/2024\/05\/20\/albergue-sonrisa-casa-para-guerreros-que-luchan-contra-cancer-y-otros-males\/","title":{"rendered":"Albergue Sonrisa, casa para guerreros  que luchan contra c\u00e1ncer y otros males"},"content":{"rendered":"<p>A 17 a\u00f1os de su apertura, el albergue Sonrisa sigue arropando la esperanza de decenas de familiares de ni\u00f1os con enfermedades cr\u00f3nicas que llegan al hospital pedi\u00e1trico Manuel Ascencio Villarroel de Cochabamba para salvarles la vida.<br \/>\nEl refugio cobija a padres, abuelos, hermanos y parientes de ni\u00f1os con c\u00e1ncer, quemaduras y otras patolog\u00edas cr\u00edticas que no tienen un lugar donde pasar la noche ni la posibilidad de acceder a alimentos y otros servicios, mientras aguardan que la salud de sus seres queridos mejore.<br \/>\nEste es el caso de Paola Mancilla C\u00e9spedes, t\u00eda de una ni\u00f1a diagnosticada con leucemia linfobl\u00e1stica aguda y hermana de otra paciente oncol\u00f3gica que recibe atenci\u00f3n en el hospital Viedma.<br \/>\nEl albergue se encuentra en el segundo piso del antiguo hospital Viedma, ubicado en la avenida Aniceto Arce, esquina Oquendo.<br \/>\n\u201cLlegu\u00e9 como ca\u00edda del cielo, me vine sola con mi hijo y mis bolsones\u201d, cont\u00f3 Dalia Torrico Mendoza, otra madre que lleg\u00f3 hace dos meses de Trinidad. Indic\u00f3 que la falta de especialistas y el estado cr\u00edtico de su ni\u00f1o la obligaron a dejar temporalmente su casa, trabajo y a sus otros tres hijos con parientes.<br \/>\n\u201cUn laboratorio me cost\u00f3 2.500 bolivianos; no sab\u00eda de d\u00f3nde sacar la plata, me comuniqu\u00e9 con mis hermanos y amistades porque soy mam\u00e1 sola, me dijeron que el tratamiento de mi hijito va a durar dos a\u00f1os\u201d, se\u00f1al\u00f3.<br \/>\nAunque los tres ambientes que se usan como dormitorio, comedor, cocina y ba\u00f1o lucen deteriorados por el paso del tiempo, los hu\u00e9spedes lo consideran un \u201chogar\u201d por el apoyo emocional, espiritual y material que reciben.<br \/>\n\u201cUno termina aqu\u00ed por necesidad, no por gusto. Imag\u00ednese, \u00bfd\u00f3nde se quedar\u00edan personas como yo, que venimos de lejos\u201d, cuestion\u00f3 Susana Torrez Ter\u00e1n, una paciente con c\u00e1ncer de mama que viaja cada tres meses desde Oruro para cumplir con el tratamiento.<br \/>\nRemarc\u00f3 que pagar un alquiler por inmediaciones del hospital Viedma no es una opci\u00f3n por los altos costos y alojarse en Sacaba o Quillacollo implica pagar un taxi para acceder a una de las fichas que se reparte en la madrugada.<br \/>\nSOLIDARIDAD<br \/>\nLa administradora del albergue, Rosario Ib\u00e1\u00f1ez, inform\u00f3 que cada persona paga solamente 4 bolivianos por d\u00eda para pasar la noche, disfrutar de un desayuno caliente y una cena.<br \/>\nPuntualiz\u00f3 que el dinero que se recauda se utiliza para comprar carne, verduras y algunos v\u00edveres que les permiten aliviar el hambre.<br \/>\nExplic\u00f3 que, debido a que los pacientes oncol\u00f3gicos cuidan su alimentaci\u00f3n, la cocina est\u00e1 habilitada de forma permanente para que los parientes puedan preparar una comida en cualquier momento del d\u00eda.<br \/>\nSin embargo, aclar\u00f3 que el dinero que se recauda no siempre logra cubrir el costo de los alimentos, raz\u00f3n por la que en muchas ocasiones se recurre a la caridad de los voluntarios o la solidaridad de algunas personas que donan ropa, pan, fideos, vituallas o alg\u00fan art\u00edculo.<br \/>\nSi bien la mayor\u00eda de los residentes est\u00e1 gran parte del d\u00eda en los pasillos del hospital o trabajando, a partir de las 17:00 comienzan a llegar al albergue para descansar y compartir aunque sea un pan con t\u00e9, seg\u00fan verific\u00f3 Los Tiempos.<br \/>\nUn voluntario, Leonardo de la Torre, indic\u00f3 que cada d\u00eda se alberga a un promedio de 16 personas y en ocasiones hasta 30, de acuerdo al \u00faltimo registro realizado en abril. (Los Tiempos)<\/p>\n","protected":false},"excerpt":{"rendered":"<p>A 17 a\u00f1os de su apertura, el albergue Sonrisa sigue arropando la esperanza de decenas de familiares de ni\u00f1os con enfermedades cr\u00f3nicas que llegan al hospital pedi\u00e1trico Manuel Ascencio Villarroel de Cochabamba para salvarles la vida. El refugio cobija a padres, abuelos, hermanos y parientes de ni\u00f1os con c\u00e1ncer, quemaduras y otras patolog\u00edas cr\u00edticas que [&hellip;]<\/p>\n","protected":false},"author":1,"featured_media":221776,"comment_status":"open","ping_status":"open","sticky":false,"template":"","format":"standard","meta":{"_acf_changed":false,"footnotes":""},"categories":[12],"tags":[],"class_list":["post-221775","post","type-post","status-publish","format-standard","has-post-thumbnail","category-nacional"],"acf":{"antetitulo":"Refugio cobija a padres, abuelos y ni\u00f1os"},"yoast_head":"<!-- This site is optimized with the Yoast SEO plugin v28.3 - https:\/\/yoast.com\/product\/yoast-seo-wordpress\/ -->\n<title>Albergue Sonrisa, casa para guerreros que luchan contra c\u00e1ncer y otros males - El Diario - Bolivia<\/title>\n<meta name=\"robots\" content=\"index, follow, max-snippet:-1, max-image-preview:large, max-video-preview:-1\" \/>\n<link rel=\"canonical\" href=\"https:\/\/www.eldiario.net\/portal\/2024\/05\/20\/albergue-sonrisa-casa-para-guerreros-que-luchan-contra-cancer-y-otros-males\/\" \/>\n<meta property=\"og:locale\" content=\"es_ES\" \/>\n<meta property=\"og:type\" content=\"article\" \/>\n<meta property=\"og:title\" content=\"Albergue Sonrisa, casa para guerreros que luchan contra c\u00e1ncer y otros males - El Diario - Bolivia\" \/>\n<meta property=\"og:description\" content=\"A 17 a\u00f1os de su apertura, el albergue Sonrisa sigue arropando la esperanza de decenas de familiares de ni\u00f1os con enfermedades cr\u00f3nicas que llegan al hospital pedi\u00e1trico Manuel Ascencio Villarroel de Cochabamba para salvarles la vida. El refugio cobija a padres, abuelos, hermanos y parientes de ni\u00f1os con c\u00e1ncer, quemaduras y otras patolog\u00edas cr\u00edticas que [&hellip;]\" \/>\n<meta property=\"og:url\" content=\"https:\/\/www.eldiario.net\/portal\/2024\/05\/20\/albergue-sonrisa-casa-para-guerreros-que-luchan-contra-cancer-y-otros-males\/\" \/>\n<meta property=\"og:site_name\" content=\"El Diario - Bolivia\" \/>\n<meta property=\"article:publisher\" content=\"https:\/\/www.facebook.com\/eldiario.bolivia\/\" \/>\n<meta property=\"article:published_time\" content=\"2024-05-20T09:23:02+00:00\" \/>\n<meta property=\"og:image\" content=\"https:\/\/www.eldiario.net\/portal\/wp-content\/uploads\/2024\/05\/MESA.jpg\" \/>\n\t<meta property=\"og:image:width\" content=\"770\" \/>\n\t<meta property=\"og:image:height\" content=\"430\" \/>\n\t<meta property=\"og:image:type\" content=\"image\/jpeg\" \/>\n<meta name=\"author\" content=\"Jeanette\" \/>\n<meta name=\"twitter:card\" content=\"summary_large_image\" \/>\n<meta name=\"twitter:creator\" content=\"@eldiario_net\" \/>\n<meta name=\"twitter:site\" content=\"@eldiario_net\" \/>\n<meta name=\"twitter:label1\" content=\"Escrito por\" \/>\n\t<meta name=\"twitter:data1\" content=\"Jeanette\" \/>\n\t<meta name=\"twitter:label2\" content=\"Tiempo de lectura\" \/>\n\t<meta name=\"twitter:data2\" content=\"3 minutos\" \/>\n<script type=\"application\/ld+json\" class=\"yoast-schema-graph\">{\"@context\":\"https:\\\/\\\/schema.org\",\"@graph\":[{\"@type\":\"Article\",\"@id\":\"https:\\\/\\\/www.eldiario.net\\\/portal\\\/2024\\\/05\\\/20\\\/albergue-sonrisa-casa-para-guerreros-que-luchan-contra-cancer-y-otros-males\\\/#article\",\"isPartOf\":{\"@id\":\"https:\\\/\\\/www.eldiario.net\\\/portal\\\/2024\\\/05\\\/20\\\/albergue-sonrisa-casa-para-guerreros-que-luchan-contra-cancer-y-otros-males\\\/\"},\"author\":{\"name\":\"Jeanette\",\"@id\":\"https:\\\/\\\/www.eldiario.net\\\/portal\\\/#\\\/schema\\\/person\\\/f46445640444750d7d753ccd04ae01b7\"},\"headline\":\"Albergue Sonrisa, casa para guerreros que luchan contra c\u00e1ncer y otros males\",\"datePublished\":\"2024-05-20T09:23:02+00:00\",\"mainEntityOfPage\":{\"@id\":\"https:\\\/\\\/www.eldiario.net\\\/portal\\\/2024\\\/05\\\/20\\\/albergue-sonrisa-casa-para-guerreros-que-luchan-contra-cancer-y-otros-males\\\/\"},\"wordCount\":599,\"commentCount\":0,\"publisher\":{\"@id\":\"https:\\\/\\\/www.eldiario.net\\\/portal\\\/#organization\"},\"image\":{\"@id\":\"https:\\\/\\\/www.eldiario.net\\\/portal\\\/2024\\\/05\\\/20\\\/albergue-sonrisa-casa-para-guerreros-que-luchan-contra-cancer-y-otros-males\\\/#primaryimage\"},\"thumbnailUrl\":\"https:\\\/\\\/www.eldiario.net\\\/portal\\\/wp-content\\\/uploads\\\/2024\\\/05\\\/MESA.jpg\",\"articleSection\":[\"Nacional\"],\"inLanguage\":\"es\",\"potentialAction\":[{\"@type\":\"CommentAction\",\"name\":\"Comment\",\"target\":[\"https:\\\/\\\/www.eldiario.net\\\/portal\\\/2024\\\/05\\\/20\\\/albergue-sonrisa-casa-para-guerreros-que-luchan-contra-cancer-y-otros-males\\\/#respond\"]}]},{\"@type\":\"WebPage\",\"@id\":\"https:\\\/\\\/www.eldiario.net\\\/portal\\\/2024\\\/05\\\/20\\\/albergue-sonrisa-casa-para-guerreros-que-luchan-contra-cancer-y-otros-males\\\/\",\"url\":\"https:\\\/\\\/www.eldiario.net\\\/portal\\\/2024\\\/05\\\/20\\\/albergue-sonrisa-casa-para-guerreros-que-luchan-contra-cancer-y-otros-males\\\/\",\"name\":\"Albergue Sonrisa, casa para guerreros que luchan contra c\u00e1ncer y otros males - El Diario - Bolivia\",\"isPartOf\":{\"@id\":\"https:\\\/\\\/www.eldiario.net\\\/portal\\\/#website\"},\"primaryImageOfPage\":{\"@id\":\"https:\\\/\\\/www.eldiario.net\\\/portal\\\/2024\\\/05\\\/20\\\/albergue-sonrisa-casa-para-guerreros-que-luchan-contra-cancer-y-otros-males\\\/#primaryimage\"},\"image\":{\"@id\":\"https:\\\/\\\/www.eldiario.net\\\/portal\\\/2024\\\/05\\\/20\\\/albergue-sonrisa-casa-para-guerreros-que-luchan-contra-cancer-y-otros-males\\\/#primaryimage\"},\"thumbnailUrl\":\"https:\\\/\\\/www.eldiario.net\\\/portal\\\/wp-content\\\/uploads\\\/2024\\\/05\\\/MESA.jpg\",\"datePublished\":\"2024-05-20T09:23:02+00:00\",\"breadcrumb\":{\"@id\":\"https:\\\/\\\/www.eldiario.net\\\/portal\\\/2024\\\/05\\\/20\\\/albergue-sonrisa-casa-para-guerreros-que-luchan-contra-cancer-y-otros-males\\\/#breadcrumb\"},\"inLanguage\":\"es\",\"potentialAction\":[{\"@type\":\"ReadAction\",\"target\":[\"https:\\\/\\\/www.eldiario.net\\\/portal\\\/2024\\\/05\\\/20\\\/albergue-sonrisa-casa-para-guerreros-que-luchan-contra-cancer-y-otros-males\\\/\"]}]},{\"@type\":\"ImageObject\",\"inLanguage\":\"es\",\"@id\":\"https:\\\/\\\/www.eldiario.net\\\/portal\\\/2024\\\/05\\\/20\\\/albergue-sonrisa-casa-para-guerreros-que-luchan-contra-cancer-y-otros-males\\\/#primaryimage\",\"url\":\"https:\\\/\\\/www.eldiario.net\\\/portal\\\/wp-content\\\/uploads\\\/2024\\\/05\\\/MESA.jpg\",\"contentUrl\":\"https:\\\/\\\/www.eldiario.net\\\/portal\\\/wp-content\\\/uploads\\\/2024\\\/05\\\/MESA.jpg\",\"width\":770,\"height\":430,\"caption\":\"FAMILIARES Y PACIENTES COMPARTEN UNA CENA EN EL COMEDOR DEL ALBERGUE SONRISA.\"},{\"@type\":\"BreadcrumbList\",\"@id\":\"https:\\\/\\\/www.eldiario.net\\\/portal\\\/2024\\\/05\\\/20\\\/albergue-sonrisa-casa-para-guerreros-que-luchan-contra-cancer-y-otros-males\\\/#breadcrumb\",\"itemListElement\":[{\"@type\":\"ListItem\",\"position\":1,\"name\":\"Portada\",\"item\":\"https:\\\/\\\/www.eldiario.net\\\/portal\\\/\"},{\"@type\":\"ListItem\",\"position\":2,\"name\":\"Albergue Sonrisa, casa para guerreros que luchan contra c\u00e1ncer y otros males\"}]},{\"@type\":\"WebSite\",\"@id\":\"https:\\\/\\\/www.eldiario.net\\\/portal\\\/#website\",\"url\":\"https:\\\/\\\/www.eldiario.net\\\/portal\\\/\",\"name\":\"El Diario - Decano de la prensa nacional\",\"description\":\"El Diario - Decano de la prensa nacional\",\"publisher\":{\"@id\":\"https:\\\/\\\/www.eldiario.net\\\/portal\\\/#organization\"},\"potentialAction\":[{\"@type\":\"SearchAction\",\"target\":{\"@type\":\"EntryPoint\",\"urlTemplate\":\"https:\\\/\\\/www.eldiario.net\\\/portal\\\/?s={search_term_string}\"},\"query-input\":{\"@type\":\"PropertyValueSpecification\",\"valueRequired\":true,\"valueName\":\"search_term_string\"}}],\"inLanguage\":\"es\"},{\"@type\":\"Organization\",\"@id\":\"https:\\\/\\\/www.eldiario.net\\\/portal\\\/#organization\",\"name\":\"El Diario - Decano de la prensa nacional\",\"url\":\"https:\\\/\\\/www.eldiario.net\\\/portal\\\/\",\"logo\":{\"@type\":\"ImageObject\",\"inLanguage\":\"es\",\"@id\":\"https:\\\/\\\/www.eldiario.net\\\/portal\\\/#\\\/schema\\\/logo\\\/image\\\/\",\"url\":\"https:\\\/\\\/www.eldiario.net\\\/portal\\\/wp-content\\\/uploads\\\/2023\\\/07\\\/logo_ED.jpg\",\"contentUrl\":\"https:\\\/\\\/www.eldiario.net\\\/portal\\\/wp-content\\\/uploads\\\/2023\\\/07\\\/logo_ED.jpg\",\"width\":272,\"height\":52,\"caption\":\"El Diario - Decano de la prensa nacional\"},\"image\":{\"@id\":\"https:\\\/\\\/www.eldiario.net\\\/portal\\\/#\\\/schema\\\/logo\\\/image\\\/\"},\"sameAs\":[\"https:\\\/\\\/www.facebook.com\\\/eldiario.bolivia\\\/\",\"https:\\\/\\\/x.com\\\/eldiario_net\"]},{\"@type\":\"Person\",\"@id\":\"https:\\\/\\\/www.eldiario.net\\\/portal\\\/#\\\/schema\\\/person\\\/f46445640444750d7d753ccd04ae01b7\",\"name\":\"Jeanette\",\"image\":{\"@type\":\"ImageObject\",\"inLanguage\":\"es\",\"@id\":\"https:\\\/\\\/secure.gravatar.com\\\/avatar\\\/3ea2118a5f7dad2b7138b1187a6b7ee55f160b9968b66013c3a3ef39dd7e5798?s=96&d=mm&r=g\",\"url\":\"https:\\\/\\\/secure.gravatar.com\\\/avatar\\\/3ea2118a5f7dad2b7138b1187a6b7ee55f160b9968b66013c3a3ef39dd7e5798?s=96&d=mm&r=g\",\"contentUrl\":\"https:\\\/\\\/secure.gravatar.com\\\/avatar\\\/3ea2118a5f7dad2b7138b1187a6b7ee55f160b9968b66013c3a3ef39dd7e5798?s=96&d=mm&r=g\",\"caption\":\"Jeanette\"},\"sameAs\":[\"https:\\\/\\\/www.eldiario.net\\\/portal\"],\"url\":\"https:\\\/\\\/www.eldiario.net\\\/portal\\\/author\\\/jeanette\\\/\"}]}<\/script>\n<!-- \/ Yoast SEO plugin. -->","yoast_head_json":{"title":"Albergue Sonrisa, casa para guerreros que luchan contra c\u00e1ncer y otros males - El Diario - Bolivia","robots":{"index":"index","follow":"follow","max-snippet":"max-snippet:-1","max-image-preview":"max-image-preview:large","max-video-preview":"max-video-preview:-1"},"canonical":"https:\/\/www.eldiario.net\/portal\/2024\/05\/20\/albergue-sonrisa-casa-para-guerreros-que-luchan-contra-cancer-y-otros-males\/","og_locale":"es_ES","og_type":"article","og_title":"Albergue Sonrisa, casa para guerreros que luchan contra c\u00e1ncer y otros males - El Diario - Bolivia","og_description":"A 17 a\u00f1os de su apertura, el albergue Sonrisa sigue arropando la esperanza de decenas de familiares de ni\u00f1os con enfermedades cr\u00f3nicas que llegan al hospital pedi\u00e1trico Manuel Ascencio Villarroel de Cochabamba para salvarles la vida. El refugio cobija a padres, abuelos, hermanos y parientes de ni\u00f1os con c\u00e1ncer, quemaduras y otras patolog\u00edas cr\u00edticas que [&hellip;]","og_url":"https:\/\/www.eldiario.net\/portal\/2024\/05\/20\/albergue-sonrisa-casa-para-guerreros-que-luchan-contra-cancer-y-otros-males\/","og_site_name":"El Diario - Bolivia","article_publisher":"https:\/\/www.facebook.com\/eldiario.bolivia\/","article_published_time":"2024-05-20T09:23:02+00:00","og_image":[{"width":770,"height":430,"url":"https:\/\/www.eldiario.net\/portal\/wp-content\/uploads\/2024\/05\/MESA.jpg","type":"image\/jpeg"}],"author":"Jeanette","twitter_card":"summary_large_image","twitter_creator":"@eldiario_net","twitter_site":"@eldiario_net","twitter_misc":{"Escrito por":"Jeanette","Tiempo de lectura":"3 minutos"},"schema":{"@context":"https:\/\/schema.org","@graph":[{"@type":"Article","@id":"https:\/\/www.eldiario.net\/portal\/2024\/05\/20\/albergue-sonrisa-casa-para-guerreros-que-luchan-contra-cancer-y-otros-males\/#article","isPartOf":{"@id":"https:\/\/www.eldiario.net\/portal\/2024\/05\/20\/albergue-sonrisa-casa-para-guerreros-que-luchan-contra-cancer-y-otros-males\/"},"author":{"name":"Jeanette","@id":"https:\/\/www.eldiario.net\/portal\/#\/schema\/person\/f46445640444750d7d753ccd04ae01b7"},"headline":"Albergue Sonrisa, casa para guerreros que luchan contra c\u00e1ncer y otros males","datePublished":"2024-05-20T09:23:02+00:00","mainEntityOfPage":{"@id":"https:\/\/www.eldiario.net\/portal\/2024\/05\/20\/albergue-sonrisa-casa-para-guerreros-que-luchan-contra-cancer-y-otros-males\/"},"wordCount":599,"commentCount":0,"publisher":{"@id":"https:\/\/www.eldiario.net\/portal\/#organization"},"image":{"@id":"https:\/\/www.eldiario.net\/portal\/2024\/05\/20\/albergue-sonrisa-casa-para-guerreros-que-luchan-contra-cancer-y-otros-males\/#primaryimage"},"thumbnailUrl":"https:\/\/www.eldiario.net\/portal\/wp-content\/uploads\/2024\/05\/MESA.jpg","articleSection":["Nacional"],"inLanguage":"es","potentialAction":[{"@type":"CommentAction","name":"Comment","target":["https:\/\/www.eldiario.net\/portal\/2024\/05\/20\/albergue-sonrisa-casa-para-guerreros-que-luchan-contra-cancer-y-otros-males\/#respond"]}]},{"@type":"WebPage","@id":"https:\/\/www.eldiario.net\/portal\/2024\/05\/20\/albergue-sonrisa-casa-para-guerreros-que-luchan-contra-cancer-y-otros-males\/","url":"https:\/\/www.eldiario.net\/portal\/2024\/05\/20\/albergue-sonrisa-casa-para-guerreros-que-luchan-contra-cancer-y-otros-males\/","name":"Albergue Sonrisa, casa para guerreros que luchan contra c\u00e1ncer y otros males - El Diario - Bolivia","isPartOf":{"@id":"https:\/\/www.eldiario.net\/portal\/#website"},"primaryImageOfPage":{"@id":"https:\/\/www.eldiario.net\/portal\/2024\/05\/20\/albergue-sonrisa-casa-para-guerreros-que-luchan-contra-cancer-y-otros-males\/#primaryimage"},"image":{"@id":"https:\/\/www.eldiario.net\/portal\/2024\/05\/20\/albergue-sonrisa-casa-para-guerreros-que-luchan-contra-cancer-y-otros-males\/#primaryimage"},"thumbnailUrl":"https:\/\/www.eldiario.net\/portal\/wp-content\/uploads\/2024\/05\/MESA.jpg","datePublished":"2024-05-20T09:23:02+00:00","breadcrumb":{"@id":"https:\/\/www.eldiario.net\/portal\/2024\/05\/20\/albergue-sonrisa-casa-para-guerreros-que-luchan-contra-cancer-y-otros-males\/#breadcrumb"},"inLanguage":"es","potentialAction":[{"@type":"ReadAction","target":["https:\/\/www.eldiario.net\/portal\/2024\/05\/20\/albergue-sonrisa-casa-para-guerreros-que-luchan-contra-cancer-y-otros-males\/"]}]},{"@type":"ImageObject","inLanguage":"es","@id":"https:\/\/www.eldiario.net\/portal\/2024\/05\/20\/albergue-sonrisa-casa-para-guerreros-que-luchan-contra-cancer-y-otros-males\/#primaryimage","url":"https:\/\/www.eldiario.net\/portal\/wp-content\/uploads\/2024\/05\/MESA.jpg","contentUrl":"https:\/\/www.eldiario.net\/portal\/wp-content\/uploads\/2024\/05\/MESA.jpg","width":770,"height":430,"caption":"FAMILIARES Y PACIENTES COMPARTEN UNA CENA EN EL COMEDOR DEL ALBERGUE SONRISA."},{"@type":"BreadcrumbList","@id":"https:\/\/www.eldiario.net\/portal\/2024\/05\/20\/albergue-sonrisa-casa-para-guerreros-que-luchan-contra-cancer-y-otros-males\/#breadcrumb","itemListElement":[{"@type":"ListItem","position":1,"name":"Portada","item":"https:\/\/www.eldiario.net\/portal\/"},{"@type":"ListItem","position":2,"name":"Albergue Sonrisa, casa para guerreros que luchan contra c\u00e1ncer y otros males"}]},{"@type":"WebSite","@id":"https:\/\/www.eldiario.net\/portal\/#website","url":"https:\/\/www.eldiario.net\/portal\/","name":"El Diario - Decano de la prensa nacional","description":"El Diario - Decano de la prensa nacional","publisher":{"@id":"https:\/\/www.eldiario.net\/portal\/#organization"},"potentialAction":[{"@type":"SearchAction","target":{"@type":"EntryPoint","urlTemplate":"https:\/\/www.eldiario.net\/portal\/?s={search_term_string}"},"query-input":{"@type":"PropertyValueSpecification","valueRequired":true,"valueName":"search_term_string"}}],"inLanguage":"es"},{"@type":"Organization","@id":"https:\/\/www.eldiario.net\/portal\/#organization","name":"El Diario - Decano de la prensa nacional","url":"https:\/\/www.eldiario.net\/portal\/","logo":{"@type":"ImageObject","inLanguage":"es","@id":"https:\/\/www.eldiario.net\/portal\/#\/schema\/logo\/image\/","url":"https:\/\/www.eldiario.net\/portal\/wp-content\/uploads\/2023\/07\/logo_ED.jpg","contentUrl":"https:\/\/www.eldiario.net\/portal\/wp-content\/uploads\/2023\/07\/logo_ED.jpg","width":272,"height":52,"caption":"El Diario - Decano de la prensa nacional"},"image":{"@id":"https:\/\/www.eldiario.net\/portal\/#\/schema\/logo\/image\/"},"sameAs":["https:\/\/www.facebook.com\/eldiario.bolivia\/","https:\/\/x.com\/eldiario_net"]},{"@type":"Person","@id":"https:\/\/www.eldiario.net\/portal\/#\/schema\/person\/f46445640444750d7d753ccd04ae01b7","name":"Jeanette","image":{"@type":"ImageObject","inLanguage":"es","@id":"https:\/\/secure.gravatar.com\/avatar\/3ea2118a5f7dad2b7138b1187a6b7ee55f160b9968b66013c3a3ef39dd7e5798?s=96&d=mm&r=g","url":"https:\/\/secure.gravatar.com\/avatar\/3ea2118a5f7dad2b7138b1187a6b7ee55f160b9968b66013c3a3ef39dd7e5798?s=96&d=mm&r=g","contentUrl":"https:\/\/secure.gravatar.com\/avatar\/3ea2118a5f7dad2b7138b1187a6b7ee55f160b9968b66013c3a3ef39dd7e5798?s=96&d=mm&r=g","caption":"Jeanette"},"sameAs":["https:\/\/www.eldiario.net\/portal"],"url":"https:\/\/www.eldiario.net\/portal\/author\/jeanette\/"}]}},"_links":{"self":[{"href":"https:\/\/www.eldiario.net\/portal\/wp-json\/wp\/v2\/posts\/221775","targetHints":{"allow":["GET"]}}],"collection":[{"href":"https:\/\/www.eldiario.net\/portal\/wp-json\/wp\/v2\/posts"}],"about":[{"href":"https:\/\/www.eldiario.net\/portal\/wp-json\/wp\/v2\/types\/post"}],"author":[{"embeddable":true,"href":"https:\/\/www.eldiario.net\/portal\/wp-json\/wp\/v2\/users\/1"}],"replies":[{"embeddable":true,"href":"https:\/\/www.eldiario.net\/portal\/wp-json\/wp\/v2\/comments?post=221775"}],"version-history":[{"count":1,"href":"https:\/\/www.eldiario.net\/portal\/wp-json\/wp\/v2\/posts\/221775\/revisions"}],"predecessor-version":[{"id":221777,"href":"https:\/\/www.eldiario.net\/portal\/wp-json\/wp\/v2\/posts\/221775\/revisions\/221777"}],"wp:featuredmedia":[{"embeddable":true,"href":"https:\/\/www.eldiario.net\/portal\/wp-json\/wp\/v2\/media\/221776"}],"wp:attachment":[{"href":"https:\/\/www.eldiario.net\/portal\/wp-json\/wp\/v2\/media?parent=221775"}],"wp:term":[{"taxonomy":"category","embeddable":true,"href":"https:\/\/www.eldiario.net\/portal\/wp-json\/wp\/v2\/categories?post=221775"},{"taxonomy":"post_tag","embeddable":true,"href":"https:\/\/www.eldiario.net\/portal\/wp-json\/wp\/v2\/tags?post=221775"}],"curies":[{"name":"wp","href":"https:\/\/api.w.org\/{rel}","templated":true}]}}