{"id":221772,"date":"2024-05-20T05:21:51","date_gmt":"2024-05-20T09:21:51","guid":{"rendered":"https:\/\/www.eldiario.net\/portal\/?p=221772"},"modified":"2024-05-20T05:21:51","modified_gmt":"2024-05-20T09:21:51","slug":"activistas-lamentan-impunidad-en-continua-muerte-de-jaguares","status":"publish","type":"post","link":"https:\/\/www.eldiario.net\/portal\/2024\/05\/20\/activistas-lamentan-impunidad-en-continua-muerte-de-jaguares\/","title":{"rendered":"Activistas lamentan impunidad  en continua muerte de jaguares"},"content":{"rendered":"<p>\u201cLo ocurrido en Santa Cruz es se\u00f1al de que estos delitos siguen existiendo y no se est\u00e1n tomando las acciones necesarias, existe impunidad\u201d, cuestion\u00f3 Daniela Justiniano, de la organizaci\u00f3n ambientalista Alas Chiquitanas, recordando que una de las autoras del tr\u00e1fico de piezas de jaguar, que fue de conocimiento p\u00fablico hace un tiempo, sali\u00f3 en libertad de forma silenciosa.<br \/>\nAgreg\u00f3 que a este caso se suma la reciente difusi\u00f3n de fotograf\u00edas de dos ciudadanos chinos, trabajadores de la empresa Sinohydro, desollando y desmembrando otro ejemplar de esta especie, considerada una amenazada y vulnerable, seg\u00fan el Libro Rojo de la Fauna Silvestre de Vertebrados de Bolivia.<br \/>\nEn sus redes sociales, Alas Chiquitanas denunci\u00f3 que el pasado 5 de mayo un jaguar fue atropellado y descuartizado por trabajadores de la empresa china Sinohydro.<br \/>\n\u201cLa indignaci\u00f3n nos invade al saber que las partes fueron halladas en poder de un ciudadano pakistan\u00ed y dos bolivianos, pero lo m\u00e1s indignante es que la Polic\u00eda Forestal (Pofoma) no detuvo a los involucrados.<br \/>\nCon protestas, los activistas exigieron a la Fiscal\u00eda de Cochabamba una investigaci\u00f3n exhaustiva y la condena m\u00e1xima de diez a\u00f1os de reclusi\u00f3n por los delitos de biocidio y tr\u00e1fico de vida silvestre.<br \/>\nDaniela Justiniano cuestion\u00f3 que tanto Pofoma como la Gobernaci\u00f3n de Cochabamba est\u00e9n incumpliendo sus deberes y no est\u00e9n aplicando la ley, \u201cque claramente dice que si se encuentran estas situaciones y elementos, pruebas dentro del campamento de una empresa\u201d.<br \/>\nA los reclamos se sumaron los colectivos Justicia por la Amazon\u00eda de Cochabamba y la Asociaci\u00f3n Civil Legal Justicia Ambiental. Esta \u00faltima present\u00f3 la denuncia ante la Fiscal\u00eda.<br \/>\nSeg\u00fan las denuncias, los tres involucrados son trabajadores de Sinohydro, que construye la doble v\u00eda Cochabamba-Santa Cruz.<br \/>\nHUELLAS DEL DELITO<br \/>\nEl descuartizamiento del jaguar dej\u00f3 evidencias, una serie de fotograf\u00edas del momento cuando sacaban las distintas piezas al ejemplar, considerado como parte de una especie vulnerable, seg\u00fan el Libro Rojo de Bolivia.<br \/>\nINFORME DE POFOMA<br \/>\nDeja expl\u00edcito que el personal de Sinohydro entreg\u00f3 de forma voluntaria las piezas de jaguar a los polic\u00edas especializados en delitos ambientales; sin embargo, Herrera observ\u00f3 que en los documentos del fiscal no menciona que el jaguar estaba en los predios de Sinohydro. (El Deber)<\/p>\n","protected":false},"excerpt":{"rendered":"<p>\u201cLo ocurrido en Santa Cruz es se\u00f1al de que estos delitos siguen existiendo y no se est\u00e1n tomando las acciones necesarias, existe impunidad\u201d, cuestion\u00f3 Daniela Justiniano, de la organizaci\u00f3n ambientalista Alas Chiquitanas, recordando que una de las autoras del tr\u00e1fico de piezas de jaguar, que fue de conocimiento p\u00fablico hace un tiempo, sali\u00f3 en libertad [&hellip;]<\/p>\n","protected":false},"author":1,"featured_media":221773,"comment_status":"open","ping_status":"open","sticky":false,"template":"","format":"standard","meta":{"_acf_changed":false,"footnotes":""},"categories":[12],"tags":[],"class_list":["post-221772","post","type-post","status-publish","format-standard","has-post-thumbnail","category-nacional"],"acf":{"antetitulo":"Hay un caso reciente en manos de chinos"},"yoast_head":"<!-- This site is optimized with the Yoast SEO plugin v28.3 - https:\/\/yoast.com\/product\/yoast-seo-wordpress\/ -->\n<title>Activistas lamentan impunidad en continua muerte de jaguares - El Diario - Bolivia<\/title>\n<meta name=\"robots\" content=\"index, follow, max-snippet:-1, max-image-preview:large, max-video-preview:-1\" \/>\n<link rel=\"canonical\" href=\"https:\/\/www.eldiario.net\/portal\/2024\/05\/20\/activistas-lamentan-impunidad-en-continua-muerte-de-jaguares\/\" \/>\n<meta property=\"og:locale\" content=\"es_ES\" \/>\n<meta property=\"og:type\" content=\"article\" \/>\n<meta property=\"og:title\" content=\"Activistas lamentan impunidad en continua muerte de jaguares - El Diario - Bolivia\" \/>\n<meta property=\"og:description\" content=\"\u201cLo ocurrido en Santa Cruz es se\u00f1al de que estos delitos siguen existiendo y no se est\u00e1n tomando las acciones necesarias, existe impunidad\u201d, cuestion\u00f3 Daniela Justiniano, de la organizaci\u00f3n ambientalista Alas Chiquitanas, recordando que una de las autoras del tr\u00e1fico de piezas de jaguar, que fue de conocimiento p\u00fablico hace un tiempo, sali\u00f3 en libertad [&hellip;]\" \/>\n<meta property=\"og:url\" content=\"https:\/\/www.eldiario.net\/portal\/2024\/05\/20\/activistas-lamentan-impunidad-en-continua-muerte-de-jaguares\/\" \/>\n<meta property=\"og:site_name\" content=\"El Diario - Bolivia\" \/>\n<meta property=\"article:publisher\" content=\"https:\/\/www.facebook.com\/eldiario.bolivia\/\" \/>\n<meta property=\"article:published_time\" content=\"2024-05-20T09:21:51+00:00\" \/>\n<meta property=\"og:image\" content=\"https:\/\/www.eldiario.net\/portal\/wp-content\/uploads\/2024\/05\/INSPECCION.jpg\" \/>\n\t<meta property=\"og:image:width\" content=\"763\" \/>\n\t<meta property=\"og:image:height\" content=\"566\" \/>\n\t<meta property=\"og:image:type\" content=\"image\/jpeg\" \/>\n<meta name=\"author\" content=\"Jeanette\" \/>\n<meta name=\"twitter:card\" content=\"summary_large_image\" \/>\n<meta name=\"twitter:creator\" content=\"@eldiario_net\" \/>\n<meta name=\"twitter:site\" content=\"@eldiario_net\" \/>\n<meta name=\"twitter:label1\" content=\"Escrito por\" \/>\n\t<meta name=\"twitter:data1\" content=\"Jeanette\" \/>\n\t<meta name=\"twitter:label2\" content=\"Tiempo de lectura\" \/>\n\t<meta name=\"twitter:data2\" content=\"2 minutos\" \/>\n<script type=\"application\/ld+json\" class=\"yoast-schema-graph\">{\"@context\":\"https:\\\/\\\/schema.org\",\"@graph\":[{\"@type\":\"Article\",\"@id\":\"https:\\\/\\\/www.eldiario.net\\\/portal\\\/2024\\\/05\\\/20\\\/activistas-lamentan-impunidad-en-continua-muerte-de-jaguares\\\/#article\",\"isPartOf\":{\"@id\":\"https:\\\/\\\/www.eldiario.net\\\/portal\\\/2024\\\/05\\\/20\\\/activistas-lamentan-impunidad-en-continua-muerte-de-jaguares\\\/\"},\"author\":{\"name\":\"Jeanette\",\"@id\":\"https:\\\/\\\/www.eldiario.net\\\/portal\\\/#\\\/schema\\\/person\\\/f46445640444750d7d753ccd04ae01b7\"},\"headline\":\"Activistas lamentan impunidad en continua muerte de jaguares\",\"datePublished\":\"2024-05-20T09:21:51+00:00\",\"mainEntityOfPage\":{\"@id\":\"https:\\\/\\\/www.eldiario.net\\\/portal\\\/2024\\\/05\\\/20\\\/activistas-lamentan-impunidad-en-continua-muerte-de-jaguares\\\/\"},\"wordCount\":400,\"commentCount\":0,\"publisher\":{\"@id\":\"https:\\\/\\\/www.eldiario.net\\\/portal\\\/#organization\"},\"image\":{\"@id\":\"https:\\\/\\\/www.eldiario.net\\\/portal\\\/2024\\\/05\\\/20\\\/activistas-lamentan-impunidad-en-continua-muerte-de-jaguares\\\/#primaryimage\"},\"thumbnailUrl\":\"https:\\\/\\\/www.eldiario.net\\\/portal\\\/wp-content\\\/uploads\\\/2024\\\/05\\\/INSPECCION.jpg\",\"articleSection\":[\"Nacional\"],\"inLanguage\":\"es\",\"potentialAction\":[{\"@type\":\"CommentAction\",\"name\":\"Comment\",\"target\":[\"https:\\\/\\\/www.eldiario.net\\\/portal\\\/2024\\\/05\\\/20\\\/activistas-lamentan-impunidad-en-continua-muerte-de-jaguares\\\/#respond\"]}]},{\"@type\":\"WebPage\",\"@id\":\"https:\\\/\\\/www.eldiario.net\\\/portal\\\/2024\\\/05\\\/20\\\/activistas-lamentan-impunidad-en-continua-muerte-de-jaguares\\\/\",\"url\":\"https:\\\/\\\/www.eldiario.net\\\/portal\\\/2024\\\/05\\\/20\\\/activistas-lamentan-impunidad-en-continua-muerte-de-jaguares\\\/\",\"name\":\"Activistas lamentan impunidad en continua muerte de jaguares - El Diario - Bolivia\",\"isPartOf\":{\"@id\":\"https:\\\/\\\/www.eldiario.net\\\/portal\\\/#website\"},\"primaryImageOfPage\":{\"@id\":\"https:\\\/\\\/www.eldiario.net\\\/portal\\\/2024\\\/05\\\/20\\\/activistas-lamentan-impunidad-en-continua-muerte-de-jaguares\\\/#primaryimage\"},\"image\":{\"@id\":\"https:\\\/\\\/www.eldiario.net\\\/portal\\\/2024\\\/05\\\/20\\\/activistas-lamentan-impunidad-en-continua-muerte-de-jaguares\\\/#primaryimage\"},\"thumbnailUrl\":\"https:\\\/\\\/www.eldiario.net\\\/portal\\\/wp-content\\\/uploads\\\/2024\\\/05\\\/INSPECCION.jpg\",\"datePublished\":\"2024-05-20T09:21:51+00:00\",\"breadcrumb\":{\"@id\":\"https:\\\/\\\/www.eldiario.net\\\/portal\\\/2024\\\/05\\\/20\\\/activistas-lamentan-impunidad-en-continua-muerte-de-jaguares\\\/#breadcrumb\"},\"inLanguage\":\"es\",\"potentialAction\":[{\"@type\":\"ReadAction\",\"target\":[\"https:\\\/\\\/www.eldiario.net\\\/portal\\\/2024\\\/05\\\/20\\\/activistas-lamentan-impunidad-en-continua-muerte-de-jaguares\\\/\"]}]},{\"@type\":\"ImageObject\",\"inLanguage\":\"es\",\"@id\":\"https:\\\/\\\/www.eldiario.net\\\/portal\\\/2024\\\/05\\\/20\\\/activistas-lamentan-impunidad-en-continua-muerte-de-jaguares\\\/#primaryimage\",\"url\":\"https:\\\/\\\/www.eldiario.net\\\/portal\\\/wp-content\\\/uploads\\\/2024\\\/05\\\/INSPECCION.jpg\",\"contentUrl\":\"https:\\\/\\\/www.eldiario.net\\\/portal\\\/wp-content\\\/uploads\\\/2024\\\/05\\\/INSPECCION.jpg\",\"width\":763,\"height\":566,\"caption\":\"INSPECCI\u00d3N DE LA POLIC\u00cdA AMBIENTAL EN EL CAMPAMENTO DE SINOHYDRO.\"},{\"@type\":\"BreadcrumbList\",\"@id\":\"https:\\\/\\\/www.eldiario.net\\\/portal\\\/2024\\\/05\\\/20\\\/activistas-lamentan-impunidad-en-continua-muerte-de-jaguares\\\/#breadcrumb\",\"itemListElement\":[{\"@type\":\"ListItem\",\"position\":1,\"name\":\"Portada\",\"item\":\"https:\\\/\\\/www.eldiario.net\\\/portal\\\/\"},{\"@type\":\"ListItem\",\"position\":2,\"name\":\"Activistas lamentan impunidad en continua muerte de jaguares\"}]},{\"@type\":\"WebSite\",\"@id\":\"https:\\\/\\\/www.eldiario.net\\\/portal\\\/#website\",\"url\":\"https:\\\/\\\/www.eldiario.net\\\/portal\\\/\",\"name\":\"El Diario - Decano de la prensa nacional\",\"description\":\"El Diario - Decano de la prensa nacional\",\"publisher\":{\"@id\":\"https:\\\/\\\/www.eldiario.net\\\/portal\\\/#organization\"},\"potentialAction\":[{\"@type\":\"SearchAction\",\"target\":{\"@type\":\"EntryPoint\",\"urlTemplate\":\"https:\\\/\\\/www.eldiario.net\\\/portal\\\/?s={search_term_string}\"},\"query-input\":{\"@type\":\"PropertyValueSpecification\",\"valueRequired\":true,\"valueName\":\"search_term_string\"}}],\"inLanguage\":\"es\"},{\"@type\":\"Organization\",\"@id\":\"https:\\\/\\\/www.eldiario.net\\\/portal\\\/#organization\",\"name\":\"El Diario - Decano de la prensa nacional\",\"url\":\"https:\\\/\\\/www.eldiario.net\\\/portal\\\/\",\"logo\":{\"@type\":\"ImageObject\",\"inLanguage\":\"es\",\"@id\":\"https:\\\/\\\/www.eldiario.net\\\/portal\\\/#\\\/schema\\\/logo\\\/image\\\/\",\"url\":\"https:\\\/\\\/www.eldiario.net\\\/portal\\\/wp-content\\\/uploads\\\/2023\\\/07\\\/logo_ED.jpg\",\"contentUrl\":\"https:\\\/\\\/www.eldiario.net\\\/portal\\\/wp-content\\\/uploads\\\/2023\\\/07\\\/logo_ED.jpg\",\"width\":272,\"height\":52,\"caption\":\"El Diario - Decano de la prensa nacional\"},\"image\":{\"@id\":\"https:\\\/\\\/www.eldiario.net\\\/portal\\\/#\\\/schema\\\/logo\\\/image\\\/\"},\"sameAs\":[\"https:\\\/\\\/www.facebook.com\\\/eldiario.bolivia\\\/\",\"https:\\\/\\\/x.com\\\/eldiario_net\"]},{\"@type\":\"Person\",\"@id\":\"https:\\\/\\\/www.eldiario.net\\\/portal\\\/#\\\/schema\\\/person\\\/f46445640444750d7d753ccd04ae01b7\",\"name\":\"Jeanette\",\"image\":{\"@type\":\"ImageObject\",\"inLanguage\":\"es\",\"@id\":\"https:\\\/\\\/secure.gravatar.com\\\/avatar\\\/3ea2118a5f7dad2b7138b1187a6b7ee55f160b9968b66013c3a3ef39dd7e5798?s=96&d=mm&r=g\",\"url\":\"https:\\\/\\\/secure.gravatar.com\\\/avatar\\\/3ea2118a5f7dad2b7138b1187a6b7ee55f160b9968b66013c3a3ef39dd7e5798?s=96&d=mm&r=g\",\"contentUrl\":\"https:\\\/\\\/secure.gravatar.com\\\/avatar\\\/3ea2118a5f7dad2b7138b1187a6b7ee55f160b9968b66013c3a3ef39dd7e5798?s=96&d=mm&r=g\",\"caption\":\"Jeanette\"},\"sameAs\":[\"https:\\\/\\\/www.eldiario.net\\\/portal\"],\"url\":\"https:\\\/\\\/www.eldiario.net\\\/portal\\\/author\\\/jeanette\\\/\"}]}<\/script>\n<!-- \/ Yoast SEO plugin. -->","yoast_head_json":{"title":"Activistas lamentan impunidad en continua muerte de jaguares - El Diario - Bolivia","robots":{"index":"index","follow":"follow","max-snippet":"max-snippet:-1","max-image-preview":"max-image-preview:large","max-video-preview":"max-video-preview:-1"},"canonical":"https:\/\/www.eldiario.net\/portal\/2024\/05\/20\/activistas-lamentan-impunidad-en-continua-muerte-de-jaguares\/","og_locale":"es_ES","og_type":"article","og_title":"Activistas lamentan impunidad en continua muerte de jaguares - El Diario - Bolivia","og_description":"\u201cLo ocurrido en Santa Cruz es se\u00f1al de que estos delitos siguen existiendo y no se est\u00e1n tomando las acciones necesarias, existe impunidad\u201d, cuestion\u00f3 Daniela Justiniano, de la organizaci\u00f3n ambientalista Alas Chiquitanas, recordando que una de las autoras del tr\u00e1fico de piezas de jaguar, que fue de conocimiento p\u00fablico hace un tiempo, sali\u00f3 en libertad [&hellip;]","og_url":"https:\/\/www.eldiario.net\/portal\/2024\/05\/20\/activistas-lamentan-impunidad-en-continua-muerte-de-jaguares\/","og_site_name":"El Diario - Bolivia","article_publisher":"https:\/\/www.facebook.com\/eldiario.bolivia\/","article_published_time":"2024-05-20T09:21:51+00:00","og_image":[{"width":763,"height":566,"url":"https:\/\/www.eldiario.net\/portal\/wp-content\/uploads\/2024\/05\/INSPECCION.jpg","type":"image\/jpeg"}],"author":"Jeanette","twitter_card":"summary_large_image","twitter_creator":"@eldiario_net","twitter_site":"@eldiario_net","twitter_misc":{"Escrito por":"Jeanette","Tiempo de lectura":"2 minutos"},"schema":{"@context":"https:\/\/schema.org","@graph":[{"@type":"Article","@id":"https:\/\/www.eldiario.net\/portal\/2024\/05\/20\/activistas-lamentan-impunidad-en-continua-muerte-de-jaguares\/#article","isPartOf":{"@id":"https:\/\/www.eldiario.net\/portal\/2024\/05\/20\/activistas-lamentan-impunidad-en-continua-muerte-de-jaguares\/"},"author":{"name":"Jeanette","@id":"https:\/\/www.eldiario.net\/portal\/#\/schema\/person\/f46445640444750d7d753ccd04ae01b7"},"headline":"Activistas lamentan impunidad en continua muerte de jaguares","datePublished":"2024-05-20T09:21:51+00:00","mainEntityOfPage":{"@id":"https:\/\/www.eldiario.net\/portal\/2024\/05\/20\/activistas-lamentan-impunidad-en-continua-muerte-de-jaguares\/"},"wordCount":400,"commentCount":0,"publisher":{"@id":"https:\/\/www.eldiario.net\/portal\/#organization"},"image":{"@id":"https:\/\/www.eldiario.net\/portal\/2024\/05\/20\/activistas-lamentan-impunidad-en-continua-muerte-de-jaguares\/#primaryimage"},"thumbnailUrl":"https:\/\/www.eldiario.net\/portal\/wp-content\/uploads\/2024\/05\/INSPECCION.jpg","articleSection":["Nacional"],"inLanguage":"es","potentialAction":[{"@type":"CommentAction","name":"Comment","target":["https:\/\/www.eldiario.net\/portal\/2024\/05\/20\/activistas-lamentan-impunidad-en-continua-muerte-de-jaguares\/#respond"]}]},{"@type":"WebPage","@id":"https:\/\/www.eldiario.net\/portal\/2024\/05\/20\/activistas-lamentan-impunidad-en-continua-muerte-de-jaguares\/","url":"https:\/\/www.eldiario.net\/portal\/2024\/05\/20\/activistas-lamentan-impunidad-en-continua-muerte-de-jaguares\/","name":"Activistas lamentan impunidad en continua muerte de jaguares - El Diario - Bolivia","isPartOf":{"@id":"https:\/\/www.eldiario.net\/portal\/#website"},"primaryImageOfPage":{"@id":"https:\/\/www.eldiario.net\/portal\/2024\/05\/20\/activistas-lamentan-impunidad-en-continua-muerte-de-jaguares\/#primaryimage"},"image":{"@id":"https:\/\/www.eldiario.net\/portal\/2024\/05\/20\/activistas-lamentan-impunidad-en-continua-muerte-de-jaguares\/#primaryimage"},"thumbnailUrl":"https:\/\/www.eldiario.net\/portal\/wp-content\/uploads\/2024\/05\/INSPECCION.jpg","datePublished":"2024-05-20T09:21:51+00:00","breadcrumb":{"@id":"https:\/\/www.eldiario.net\/portal\/2024\/05\/20\/activistas-lamentan-impunidad-en-continua-muerte-de-jaguares\/#breadcrumb"},"inLanguage":"es","potentialAction":[{"@type":"ReadAction","target":["https:\/\/www.eldiario.net\/portal\/2024\/05\/20\/activistas-lamentan-impunidad-en-continua-muerte-de-jaguares\/"]}]},{"@type":"ImageObject","inLanguage":"es","@id":"https:\/\/www.eldiario.net\/portal\/2024\/05\/20\/activistas-lamentan-impunidad-en-continua-muerte-de-jaguares\/#primaryimage","url":"https:\/\/www.eldiario.net\/portal\/wp-content\/uploads\/2024\/05\/INSPECCION.jpg","contentUrl":"https:\/\/www.eldiario.net\/portal\/wp-content\/uploads\/2024\/05\/INSPECCION.jpg","width":763,"height":566,"caption":"INSPECCI\u00d3N DE LA POLIC\u00cdA AMBIENTAL EN EL CAMPAMENTO DE SINOHYDRO."},{"@type":"BreadcrumbList","@id":"https:\/\/www.eldiario.net\/portal\/2024\/05\/20\/activistas-lamentan-impunidad-en-continua-muerte-de-jaguares\/#breadcrumb","itemListElement":[{"@type":"ListItem","position":1,"name":"Portada","item":"https:\/\/www.eldiario.net\/portal\/"},{"@type":"ListItem","position":2,"name":"Activistas lamentan impunidad en continua muerte de jaguares"}]},{"@type":"WebSite","@id":"https:\/\/www.eldiario.net\/portal\/#website","url":"https:\/\/www.eldiario.net\/portal\/","name":"El Diario - Decano de la prensa nacional","description":"El Diario - Decano de la prensa nacional","publisher":{"@id":"https:\/\/www.eldiario.net\/portal\/#organization"},"potentialAction":[{"@type":"SearchAction","target":{"@type":"EntryPoint","urlTemplate":"https:\/\/www.eldiario.net\/portal\/?s={search_term_string}"},"query-input":{"@type":"PropertyValueSpecification","valueRequired":true,"valueName":"search_term_string"}}],"inLanguage":"es"},{"@type":"Organization","@id":"https:\/\/www.eldiario.net\/portal\/#organization","name":"El Diario - Decano de la prensa nacional","url":"https:\/\/www.eldiario.net\/portal\/","logo":{"@type":"ImageObject","inLanguage":"es","@id":"https:\/\/www.eldiario.net\/portal\/#\/schema\/logo\/image\/","url":"https:\/\/www.eldiario.net\/portal\/wp-content\/uploads\/2023\/07\/logo_ED.jpg","contentUrl":"https:\/\/www.eldiario.net\/portal\/wp-content\/uploads\/2023\/07\/logo_ED.jpg","width":272,"height":52,"caption":"El Diario - Decano de la prensa nacional"},"image":{"@id":"https:\/\/www.eldiario.net\/portal\/#\/schema\/logo\/image\/"},"sameAs":["https:\/\/www.facebook.com\/eldiario.bolivia\/","https:\/\/x.com\/eldiario_net"]},{"@type":"Person","@id":"https:\/\/www.eldiario.net\/portal\/#\/schema\/person\/f46445640444750d7d753ccd04ae01b7","name":"Jeanette","image":{"@type":"ImageObject","inLanguage":"es","@id":"https:\/\/secure.gravatar.com\/avatar\/3ea2118a5f7dad2b7138b1187a6b7ee55f160b9968b66013c3a3ef39dd7e5798?s=96&d=mm&r=g","url":"https:\/\/secure.gravatar.com\/avatar\/3ea2118a5f7dad2b7138b1187a6b7ee55f160b9968b66013c3a3ef39dd7e5798?s=96&d=mm&r=g","contentUrl":"https:\/\/secure.gravatar.com\/avatar\/3ea2118a5f7dad2b7138b1187a6b7ee55f160b9968b66013c3a3ef39dd7e5798?s=96&d=mm&r=g","caption":"Jeanette"},"sameAs":["https:\/\/www.eldiario.net\/portal"],"url":"https:\/\/www.eldiario.net\/portal\/author\/jeanette\/"}]}},"_links":{"self":[{"href":"https:\/\/www.eldiario.net\/portal\/wp-json\/wp\/v2\/posts\/221772","targetHints":{"allow":["GET"]}}],"collection":[{"href":"https:\/\/www.eldiario.net\/portal\/wp-json\/wp\/v2\/posts"}],"about":[{"href":"https:\/\/www.eldiario.net\/portal\/wp-json\/wp\/v2\/types\/post"}],"author":[{"embeddable":true,"href":"https:\/\/www.eldiario.net\/portal\/wp-json\/wp\/v2\/users\/1"}],"replies":[{"embeddable":true,"href":"https:\/\/www.eldiario.net\/portal\/wp-json\/wp\/v2\/comments?post=221772"}],"version-history":[{"count":1,"href":"https:\/\/www.eldiario.net\/portal\/wp-json\/wp\/v2\/posts\/221772\/revisions"}],"predecessor-version":[{"id":221774,"href":"https:\/\/www.eldiario.net\/portal\/wp-json\/wp\/v2\/posts\/221772\/revisions\/221774"}],"wp:featuredmedia":[{"embeddable":true,"href":"https:\/\/www.eldiario.net\/portal\/wp-json\/wp\/v2\/media\/221773"}],"wp:attachment":[{"href":"https:\/\/www.eldiario.net\/portal\/wp-json\/wp\/v2\/media?parent=221772"}],"wp:term":[{"taxonomy":"category","embeddable":true,"href":"https:\/\/www.eldiario.net\/portal\/wp-json\/wp\/v2\/categories?post=221772"},{"taxonomy":"post_tag","embeddable":true,"href":"https:\/\/www.eldiario.net\/portal\/wp-json\/wp\/v2\/tags?post=221772"}],"curies":[{"name":"wp","href":"https:\/\/api.w.org\/{rel}","templated":true}]}}