{"id":221762,"date":"2024-05-20T05:19:17","date_gmt":"2024-05-20T09:19:17","guid":{"rendered":"https:\/\/www.eldiario.net\/portal\/?p=221762"},"modified":"2024-05-20T05:19:17","modified_gmt":"2024-05-20T09:19:17","slug":"en-el-tarot-de-la-muerte-las-cartas-cobran-vida","status":"publish","type":"post","link":"https:\/\/www.eldiario.net\/portal\/2024\/05\/20\/en-el-tarot-de-la-muerte-las-cartas-cobran-vida\/","title":{"rendered":"En el \u201cTarot de la muerte\u201d las cartas cobran vida"},"content":{"rendered":"<p>En el s\u00e9ptimo arte ya hemos visto personajes que mueren a consecuencia de g\u00fcijas, videos con contenido perturbador y hasta manos misteriosas, pero \u00bfpor culpa del hor\u00f3scopo? En Tarot de la muerte, despu\u00e9s de acudir a una fiesta, un grupo de j\u00f3venes deben trabajar para resolver el misterio en torno a su potencial muerte en las cartas\u2026 antes de que sea su turno.<br \/>\nBasada en la novela Horrorscope, de Nicholas Adams, la trama de la cinta gira en torno a un grupo de amigos que viola imprudentemente la regla sagrada de las lecturas de Tarot: nunca usar la baraja de otra persona.<br \/>\nComo consecuencia, desatan sin saberlo un mal innombrable que estaba atrapado en las cartas malditas. Ahora, se enfrentar\u00e1n uno a uno con el destino y se enfrascar\u00e1n en una carrera contra la muerte para escapar del futuro predicho en sus lecturas.<br \/>\nFabiana Cabrera, gerente de marketing de Sony Pictures \u2013 Andes Films, anunci\u00f3 que Tarot de la muerte ya est\u00e1 en todos los cines. \u201cLa cinta ofrece 92 minutos llenos de horror con chispas de humor negro, convirti\u00e9ndose en la mejor opci\u00f3n para los amantes del terror que gustan ir al cine a ver este tipo de g\u00e9nero cinematogr\u00e1fico\u201d, dijo la ejecutiva responsable de la distribuci\u00f3n del filme en Bolivia.<br \/>\nTarot de la muerte es la \u00f3pera prima de Spenser Cohen y Anna Halberg, dupla creativa que se conoci\u00f3 en la Universidad del Sur de California (USC) en 2006, cuando eran estudiantes en una especializaci\u00f3n en producci\u00f3n cinematogr\u00e1fica. Cohen ha colaborado en los guiones de Extinci\u00f3n (2018), Moonfall (2018) y Los indestructibles 4 (2023). Sin embargo, su gran oportunidad lleg\u00f3 al realizar juntos el cortometraje Blink (2022) para Screen Gems. Despu\u00e9s de aquel rodaje, el d\u00fao fue contratado para escribir la adaptaci\u00f3n de Horrorscope. Tras desarrollar varios borradores durante la pandemia, Cohen y Halberg recibieron una noticia inesperada. Screen Gems y el autor Nicholas Alloy quer\u00edan que ellos tambi\u00e9n dirigiesen el largometraje.<br \/>\nEl reparto de j\u00f3venes estrellas incluye a Alana Boden, conocida por su papel en Yo soy Elizabeth Smart; Jacob Batalon, quien gan\u00f3 fama como Ned Leeds en las pel\u00edculas de Spider-Man del MCU; Humberly Gonz\u00e1lez, de la serie Ginny &amp; Georgia, o Avantika Vandanapu, quien viene de aparecer como Karen Shetty en la adaptaci\u00f3n musical de Chicas pesadas. En el resto del elenco encontramos tambi\u00e9n a Olwen Fouere (Texas Chainsaw Massacre), Adain Bradley (Butter) y Larsen Thompson (American Cherry).<\/p>\n","protected":false},"excerpt":{"rendered":"<p>En el s\u00e9ptimo arte ya hemos visto personajes que mueren a consecuencia de g\u00fcijas, videos con contenido perturbador y hasta manos misteriosas, pero \u00bfpor culpa del hor\u00f3scopo? En Tarot de la muerte, despu\u00e9s de acudir a una fiesta, un grupo de j\u00f3venes deben trabajar para resolver el misterio en torno a su potencial muerte en [&hellip;]<\/p>\n","protected":false},"author":1,"featured_media":0,"comment_status":"open","ping_status":"open","sticky":false,"template":"","format":"standard","meta":{"_acf_changed":false,"footnotes":""},"categories":[8],"tags":[],"class_list":["post-221762","post","type-post","status-publish","format-standard","category-cultural"],"acf":{"antetitulo":"Nuevo filme de terror"},"yoast_head":"<!-- This site is optimized with the Yoast SEO plugin v28.3 - https:\/\/yoast.com\/product\/yoast-seo-wordpress\/ -->\n<title>En el \u201cTarot de la muerte\u201d las cartas cobran vida - El Diario - Bolivia<\/title>\n<meta name=\"robots\" content=\"index, follow, max-snippet:-1, max-image-preview:large, max-video-preview:-1\" \/>\n<link rel=\"canonical\" href=\"https:\/\/www.eldiario.net\/portal\/2024\/05\/20\/en-el-tarot-de-la-muerte-las-cartas-cobran-vida\/\" \/>\n<meta property=\"og:locale\" content=\"es_ES\" \/>\n<meta property=\"og:type\" content=\"article\" \/>\n<meta property=\"og:title\" content=\"En el \u201cTarot de la muerte\u201d las cartas cobran vida - El Diario - Bolivia\" \/>\n<meta property=\"og:description\" content=\"En el s\u00e9ptimo arte ya hemos visto personajes que mueren a consecuencia de g\u00fcijas, videos con contenido perturbador y hasta manos misteriosas, pero \u00bfpor culpa del hor\u00f3scopo? En Tarot de la muerte, despu\u00e9s de acudir a una fiesta, un grupo de j\u00f3venes deben trabajar para resolver el misterio en torno a su potencial muerte en [&hellip;]\" \/>\n<meta property=\"og:url\" content=\"https:\/\/www.eldiario.net\/portal\/2024\/05\/20\/en-el-tarot-de-la-muerte-las-cartas-cobran-vida\/\" \/>\n<meta property=\"og:site_name\" content=\"El Diario - Bolivia\" \/>\n<meta property=\"article:publisher\" content=\"https:\/\/www.facebook.com\/eldiario.bolivia\/\" \/>\n<meta property=\"article:published_time\" content=\"2024-05-20T09:19:17+00:00\" \/>\n<meta name=\"author\" content=\"Jeanette\" \/>\n<meta name=\"twitter:card\" content=\"summary_large_image\" \/>\n<meta name=\"twitter:creator\" content=\"@eldiario_net\" \/>\n<meta name=\"twitter:site\" content=\"@eldiario_net\" \/>\n<meta name=\"twitter:label1\" content=\"Escrito por\" \/>\n\t<meta name=\"twitter:data1\" content=\"Jeanette\" \/>\n\t<meta name=\"twitter:label2\" content=\"Tiempo de lectura\" \/>\n\t<meta name=\"twitter:data2\" content=\"2 minutos\" \/>\n<script type=\"application\/ld+json\" class=\"yoast-schema-graph\">{\"@context\":\"https:\\\/\\\/schema.org\",\"@graph\":[{\"@type\":\"Article\",\"@id\":\"https:\\\/\\\/www.eldiario.net\\\/portal\\\/2024\\\/05\\\/20\\\/en-el-tarot-de-la-muerte-las-cartas-cobran-vida\\\/#article\",\"isPartOf\":{\"@id\":\"https:\\\/\\\/www.eldiario.net\\\/portal\\\/2024\\\/05\\\/20\\\/en-el-tarot-de-la-muerte-las-cartas-cobran-vida\\\/\"},\"author\":{\"name\":\"Jeanette\",\"@id\":\"https:\\\/\\\/www.eldiario.net\\\/portal\\\/#\\\/schema\\\/person\\\/f46445640444750d7d753ccd04ae01b7\"},\"headline\":\"En el \u201cTarot de la muerte\u201d las cartas cobran vida\",\"datePublished\":\"2024-05-20T09:19:17+00:00\",\"mainEntityOfPage\":{\"@id\":\"https:\\\/\\\/www.eldiario.net\\\/portal\\\/2024\\\/05\\\/20\\\/en-el-tarot-de-la-muerte-las-cartas-cobran-vida\\\/\"},\"wordCount\":431,\"commentCount\":0,\"publisher\":{\"@id\":\"https:\\\/\\\/www.eldiario.net\\\/portal\\\/#organization\"},\"articleSection\":[\"Cultural\"],\"inLanguage\":\"es\",\"potentialAction\":[{\"@type\":\"CommentAction\",\"name\":\"Comment\",\"target\":[\"https:\\\/\\\/www.eldiario.net\\\/portal\\\/2024\\\/05\\\/20\\\/en-el-tarot-de-la-muerte-las-cartas-cobran-vida\\\/#respond\"]}]},{\"@type\":\"WebPage\",\"@id\":\"https:\\\/\\\/www.eldiario.net\\\/portal\\\/2024\\\/05\\\/20\\\/en-el-tarot-de-la-muerte-las-cartas-cobran-vida\\\/\",\"url\":\"https:\\\/\\\/www.eldiario.net\\\/portal\\\/2024\\\/05\\\/20\\\/en-el-tarot-de-la-muerte-las-cartas-cobran-vida\\\/\",\"name\":\"En el \u201cTarot de la muerte\u201d las cartas cobran vida - El Diario - Bolivia\",\"isPartOf\":{\"@id\":\"https:\\\/\\\/www.eldiario.net\\\/portal\\\/#website\"},\"datePublished\":\"2024-05-20T09:19:17+00:00\",\"breadcrumb\":{\"@id\":\"https:\\\/\\\/www.eldiario.net\\\/portal\\\/2024\\\/05\\\/20\\\/en-el-tarot-de-la-muerte-las-cartas-cobran-vida\\\/#breadcrumb\"},\"inLanguage\":\"es\",\"potentialAction\":[{\"@type\":\"ReadAction\",\"target\":[\"https:\\\/\\\/www.eldiario.net\\\/portal\\\/2024\\\/05\\\/20\\\/en-el-tarot-de-la-muerte-las-cartas-cobran-vida\\\/\"]}]},{\"@type\":\"BreadcrumbList\",\"@id\":\"https:\\\/\\\/www.eldiario.net\\\/portal\\\/2024\\\/05\\\/20\\\/en-el-tarot-de-la-muerte-las-cartas-cobran-vida\\\/#breadcrumb\",\"itemListElement\":[{\"@type\":\"ListItem\",\"position\":1,\"name\":\"Portada\",\"item\":\"https:\\\/\\\/www.eldiario.net\\\/portal\\\/\"},{\"@type\":\"ListItem\",\"position\":2,\"name\":\"En el \u201cTarot de la muerte\u201d las cartas cobran vida\"}]},{\"@type\":\"WebSite\",\"@id\":\"https:\\\/\\\/www.eldiario.net\\\/portal\\\/#website\",\"url\":\"https:\\\/\\\/www.eldiario.net\\\/portal\\\/\",\"name\":\"El Diario - Decano de la prensa nacional\",\"description\":\"El Diario - Decano de la prensa nacional\",\"publisher\":{\"@id\":\"https:\\\/\\\/www.eldiario.net\\\/portal\\\/#organization\"},\"potentialAction\":[{\"@type\":\"SearchAction\",\"target\":{\"@type\":\"EntryPoint\",\"urlTemplate\":\"https:\\\/\\\/www.eldiario.net\\\/portal\\\/?s={search_term_string}\"},\"query-input\":{\"@type\":\"PropertyValueSpecification\",\"valueRequired\":true,\"valueName\":\"search_term_string\"}}],\"inLanguage\":\"es\"},{\"@type\":\"Organization\",\"@id\":\"https:\\\/\\\/www.eldiario.net\\\/portal\\\/#organization\",\"name\":\"El Diario - Decano de la prensa nacional\",\"url\":\"https:\\\/\\\/www.eldiario.net\\\/portal\\\/\",\"logo\":{\"@type\":\"ImageObject\",\"inLanguage\":\"es\",\"@id\":\"https:\\\/\\\/www.eldiario.net\\\/portal\\\/#\\\/schema\\\/logo\\\/image\\\/\",\"url\":\"https:\\\/\\\/www.eldiario.net\\\/portal\\\/wp-content\\\/uploads\\\/2023\\\/07\\\/logo_ED.jpg\",\"contentUrl\":\"https:\\\/\\\/www.eldiario.net\\\/portal\\\/wp-content\\\/uploads\\\/2023\\\/07\\\/logo_ED.jpg\",\"width\":272,\"height\":52,\"caption\":\"El Diario - Decano de la prensa nacional\"},\"image\":{\"@id\":\"https:\\\/\\\/www.eldiario.net\\\/portal\\\/#\\\/schema\\\/logo\\\/image\\\/\"},\"sameAs\":[\"https:\\\/\\\/www.facebook.com\\\/eldiario.bolivia\\\/\",\"https:\\\/\\\/x.com\\\/eldiario_net\"]},{\"@type\":\"Person\",\"@id\":\"https:\\\/\\\/www.eldiario.net\\\/portal\\\/#\\\/schema\\\/person\\\/f46445640444750d7d753ccd04ae01b7\",\"name\":\"Jeanette\",\"image\":{\"@type\":\"ImageObject\",\"inLanguage\":\"es\",\"@id\":\"https:\\\/\\\/secure.gravatar.com\\\/avatar\\\/3ea2118a5f7dad2b7138b1187a6b7ee55f160b9968b66013c3a3ef39dd7e5798?s=96&d=mm&r=g\",\"url\":\"https:\\\/\\\/secure.gravatar.com\\\/avatar\\\/3ea2118a5f7dad2b7138b1187a6b7ee55f160b9968b66013c3a3ef39dd7e5798?s=96&d=mm&r=g\",\"contentUrl\":\"https:\\\/\\\/secure.gravatar.com\\\/avatar\\\/3ea2118a5f7dad2b7138b1187a6b7ee55f160b9968b66013c3a3ef39dd7e5798?s=96&d=mm&r=g\",\"caption\":\"Jeanette\"},\"sameAs\":[\"https:\\\/\\\/www.eldiario.net\\\/portal\"],\"url\":\"https:\\\/\\\/www.eldiario.net\\\/portal\\\/author\\\/jeanette\\\/\"}]}<\/script>\n<!-- \/ Yoast SEO plugin. -->","yoast_head_json":{"title":"En el \u201cTarot de la muerte\u201d las cartas cobran vida - El Diario - Bolivia","robots":{"index":"index","follow":"follow","max-snippet":"max-snippet:-1","max-image-preview":"max-image-preview:large","max-video-preview":"max-video-preview:-1"},"canonical":"https:\/\/www.eldiario.net\/portal\/2024\/05\/20\/en-el-tarot-de-la-muerte-las-cartas-cobran-vida\/","og_locale":"es_ES","og_type":"article","og_title":"En el \u201cTarot de la muerte\u201d las cartas cobran vida - El Diario - Bolivia","og_description":"En el s\u00e9ptimo arte ya hemos visto personajes que mueren a consecuencia de g\u00fcijas, videos con contenido perturbador y hasta manos misteriosas, pero \u00bfpor culpa del hor\u00f3scopo? En Tarot de la muerte, despu\u00e9s de acudir a una fiesta, un grupo de j\u00f3venes deben trabajar para resolver el misterio en torno a su potencial muerte en [&hellip;]","og_url":"https:\/\/www.eldiario.net\/portal\/2024\/05\/20\/en-el-tarot-de-la-muerte-las-cartas-cobran-vida\/","og_site_name":"El Diario - Bolivia","article_publisher":"https:\/\/www.facebook.com\/eldiario.bolivia\/","article_published_time":"2024-05-20T09:19:17+00:00","author":"Jeanette","twitter_card":"summary_large_image","twitter_creator":"@eldiario_net","twitter_site":"@eldiario_net","twitter_misc":{"Escrito por":"Jeanette","Tiempo de lectura":"2 minutos"},"schema":{"@context":"https:\/\/schema.org","@graph":[{"@type":"Article","@id":"https:\/\/www.eldiario.net\/portal\/2024\/05\/20\/en-el-tarot-de-la-muerte-las-cartas-cobran-vida\/#article","isPartOf":{"@id":"https:\/\/www.eldiario.net\/portal\/2024\/05\/20\/en-el-tarot-de-la-muerte-las-cartas-cobran-vida\/"},"author":{"name":"Jeanette","@id":"https:\/\/www.eldiario.net\/portal\/#\/schema\/person\/f46445640444750d7d753ccd04ae01b7"},"headline":"En el \u201cTarot de la muerte\u201d las cartas cobran vida","datePublished":"2024-05-20T09:19:17+00:00","mainEntityOfPage":{"@id":"https:\/\/www.eldiario.net\/portal\/2024\/05\/20\/en-el-tarot-de-la-muerte-las-cartas-cobran-vida\/"},"wordCount":431,"commentCount":0,"publisher":{"@id":"https:\/\/www.eldiario.net\/portal\/#organization"},"articleSection":["Cultural"],"inLanguage":"es","potentialAction":[{"@type":"CommentAction","name":"Comment","target":["https:\/\/www.eldiario.net\/portal\/2024\/05\/20\/en-el-tarot-de-la-muerte-las-cartas-cobran-vida\/#respond"]}]},{"@type":"WebPage","@id":"https:\/\/www.eldiario.net\/portal\/2024\/05\/20\/en-el-tarot-de-la-muerte-las-cartas-cobran-vida\/","url":"https:\/\/www.eldiario.net\/portal\/2024\/05\/20\/en-el-tarot-de-la-muerte-las-cartas-cobran-vida\/","name":"En el \u201cTarot de la muerte\u201d las cartas cobran vida - El Diario - Bolivia","isPartOf":{"@id":"https:\/\/www.eldiario.net\/portal\/#website"},"datePublished":"2024-05-20T09:19:17+00:00","breadcrumb":{"@id":"https:\/\/www.eldiario.net\/portal\/2024\/05\/20\/en-el-tarot-de-la-muerte-las-cartas-cobran-vida\/#breadcrumb"},"inLanguage":"es","potentialAction":[{"@type":"ReadAction","target":["https:\/\/www.eldiario.net\/portal\/2024\/05\/20\/en-el-tarot-de-la-muerte-las-cartas-cobran-vida\/"]}]},{"@type":"BreadcrumbList","@id":"https:\/\/www.eldiario.net\/portal\/2024\/05\/20\/en-el-tarot-de-la-muerte-las-cartas-cobran-vida\/#breadcrumb","itemListElement":[{"@type":"ListItem","position":1,"name":"Portada","item":"https:\/\/www.eldiario.net\/portal\/"},{"@type":"ListItem","position":2,"name":"En el \u201cTarot de la muerte\u201d las cartas cobran vida"}]},{"@type":"WebSite","@id":"https:\/\/www.eldiario.net\/portal\/#website","url":"https:\/\/www.eldiario.net\/portal\/","name":"El Diario - Decano de la prensa nacional","description":"El Diario - Decano de la prensa nacional","publisher":{"@id":"https:\/\/www.eldiario.net\/portal\/#organization"},"potentialAction":[{"@type":"SearchAction","target":{"@type":"EntryPoint","urlTemplate":"https:\/\/www.eldiario.net\/portal\/?s={search_term_string}"},"query-input":{"@type":"PropertyValueSpecification","valueRequired":true,"valueName":"search_term_string"}}],"inLanguage":"es"},{"@type":"Organization","@id":"https:\/\/www.eldiario.net\/portal\/#organization","name":"El Diario - Decano de la prensa nacional","url":"https:\/\/www.eldiario.net\/portal\/","logo":{"@type":"ImageObject","inLanguage":"es","@id":"https:\/\/www.eldiario.net\/portal\/#\/schema\/logo\/image\/","url":"https:\/\/www.eldiario.net\/portal\/wp-content\/uploads\/2023\/07\/logo_ED.jpg","contentUrl":"https:\/\/www.eldiario.net\/portal\/wp-content\/uploads\/2023\/07\/logo_ED.jpg","width":272,"height":52,"caption":"El Diario - Decano de la prensa nacional"},"image":{"@id":"https:\/\/www.eldiario.net\/portal\/#\/schema\/logo\/image\/"},"sameAs":["https:\/\/www.facebook.com\/eldiario.bolivia\/","https:\/\/x.com\/eldiario_net"]},{"@type":"Person","@id":"https:\/\/www.eldiario.net\/portal\/#\/schema\/person\/f46445640444750d7d753ccd04ae01b7","name":"Jeanette","image":{"@type":"ImageObject","inLanguage":"es","@id":"https:\/\/secure.gravatar.com\/avatar\/3ea2118a5f7dad2b7138b1187a6b7ee55f160b9968b66013c3a3ef39dd7e5798?s=96&d=mm&r=g","url":"https:\/\/secure.gravatar.com\/avatar\/3ea2118a5f7dad2b7138b1187a6b7ee55f160b9968b66013c3a3ef39dd7e5798?s=96&d=mm&r=g","contentUrl":"https:\/\/secure.gravatar.com\/avatar\/3ea2118a5f7dad2b7138b1187a6b7ee55f160b9968b66013c3a3ef39dd7e5798?s=96&d=mm&r=g","caption":"Jeanette"},"sameAs":["https:\/\/www.eldiario.net\/portal"],"url":"https:\/\/www.eldiario.net\/portal\/author\/jeanette\/"}]}},"_links":{"self":[{"href":"https:\/\/www.eldiario.net\/portal\/wp-json\/wp\/v2\/posts\/221762","targetHints":{"allow":["GET"]}}],"collection":[{"href":"https:\/\/www.eldiario.net\/portal\/wp-json\/wp\/v2\/posts"}],"about":[{"href":"https:\/\/www.eldiario.net\/portal\/wp-json\/wp\/v2\/types\/post"}],"author":[{"embeddable":true,"href":"https:\/\/www.eldiario.net\/portal\/wp-json\/wp\/v2\/users\/1"}],"replies":[{"embeddable":true,"href":"https:\/\/www.eldiario.net\/portal\/wp-json\/wp\/v2\/comments?post=221762"}],"version-history":[{"count":1,"href":"https:\/\/www.eldiario.net\/portal\/wp-json\/wp\/v2\/posts\/221762\/revisions"}],"predecessor-version":[{"id":221763,"href":"https:\/\/www.eldiario.net\/portal\/wp-json\/wp\/v2\/posts\/221762\/revisions\/221763"}],"wp:attachment":[{"href":"https:\/\/www.eldiario.net\/portal\/wp-json\/wp\/v2\/media?parent=221762"}],"wp:term":[{"taxonomy":"category","embeddable":true,"href":"https:\/\/www.eldiario.net\/portal\/wp-json\/wp\/v2\/categories?post=221762"},{"taxonomy":"post_tag","embeddable":true,"href":"https:\/\/www.eldiario.net\/portal\/wp-json\/wp\/v2\/tags?post=221762"}],"curies":[{"name":"wp","href":"https:\/\/api.w.org\/{rel}","templated":true}]}}