{"id":221755,"date":"2024-05-20T05:17:37","date_gmt":"2024-05-20T09:17:37","guid":{"rendered":"https:\/\/www.eldiario.net\/portal\/?p=221755"},"modified":"2024-05-20T05:17:37","modified_gmt":"2024-05-20T09:17:37","slug":"piden-nueva-representacion-politica-y-recambio-generacional-para-2025","status":"publish","type":"post","link":"https:\/\/www.eldiario.net\/portal\/2024\/05\/20\/piden-nueva-representacion-politica-y-recambio-generacional-para-2025\/","title":{"rendered":"Piden nueva representaci\u00f3n pol\u00edtica  y recambio generacional para 2025"},"content":{"rendered":"<p>Luego de las cr\u00edticas y cuestionamientos a la reuni\u00f3n sostenida por representantes pol\u00edticos y parlamentarios de oposici\u00f3n en Estados Unidos para alcanzar acuerdos pol\u00edticos de cara a las elecciones de 2025, la asamble\u00edsta nacional de Creemos, Mar\u00eda Ren\u00e9 \u00c1lvarez, pidi\u00f3 que se piense en generar una nueva representaci\u00f3n pol\u00edtica y un recambio generacional para las pr\u00f3ximas elecciones generales.<br \/>\nA trav\u00e9s de un mensaje difundido en sus redes sociales, \u00c1lvarez se refiri\u00f3 a estos encuentros, se\u00f1alando que en el pa\u00eds se necesita la construcci\u00f3n de una alternativa pol\u00edtica que se centre en la renovaci\u00f3n de la representaci\u00f3n pol\u00edtica como el mejor elemento para hacer frente al masismo.<br \/>\n\u201cLos encuentros, reuniones y debates entre los actuales l\u00edderes pol\u00edticos son un ejercicio democr\u00e1tico sano, pero que debe tomar en cuenta la voz de la poblaci\u00f3n que exige nuevos rostros y no a los mismos de siempre para enfrentar al modelo socialista y centralista del MAS\u201d, sostuvo la asamble\u00edsta en referencia al reciente encuentro que sostuvieron representantes de Creemos y Comunidad Ciudadana en el pa\u00eds del norte.<br \/>\nSobre los rostros ya conocidos de los jefes pol\u00edticos, \u00c1lvarez agreg\u00f3 que \u201cestos caudillos\u201d deben comprender que se debe atender las necesidades de la poblaci\u00f3n y no de la clase pol\u00edtica, menos a\u00fan de aquella \u201coposici\u00f3n\u201d que ha convivido durante m\u00e1s de 18 a\u00f1os con el partido oficialista.<br \/>\nRecordando que en su primera incursi\u00f3n electoral en pol\u00edtica representativa, fue electa por amplia mayor\u00eda de votos en la circunscripci\u00f3n 54 de Santa Cruz, \u00c1lvarez llam\u00f3 a que la ciudadan\u00eda se prepare para defender la democracia exigiendo la renovaci\u00f3n de actores pol\u00edticos que garanticen mejores d\u00edas para el pa\u00eds.<br \/>\n\u201cEs tiempo de prepararnos para la siguiente batalla, por la libertad del pa\u00eds, por un mejor futuro y por un recambio generacional en la pol\u00edtica boliviana\u201d, concluy\u00f3.<br \/>\nLa semana pasada, tras confirmarse que l\u00edderes pol\u00edticos bolivianos sostuvieron reuniones en Estados Unidos para la supuesta consolidaci\u00f3n de acuerdos de unidad, asamble\u00edstas nacionales cuestionaron que representantes de oposici\u00f3n recurran a viejas pr\u00e1cticas y eviten dar la cara la poblaci\u00f3n.<br \/>\nPara el diputado chuquisaque\u00f1o Marcelo Pedrazas, fue un \u201cun error\u201d que este tipo de reuniones no tengan lugar en territorio nacional, tomando en cuenta que la principal interesada en la consolidaci\u00f3n de un bloque de unidad en la oposici\u00f3n es la ciudadan\u00eda que est\u00e1 cansada de los abusos del masismo en el poder.<br \/>\nLamentando que el encuentro haya sido protagonizado por personajes \u201ccon las mismas ideas viejas\u201d, Pedrazas insisti\u00f3 en que lo ideal ser\u00eda poder plantear al pa\u00eds una visi\u00f3n diferente y un cambio de mentalidad que permita realmente disputarle el poder al MAS, todo a partir de un proyecto, \u201cno a partir de caudillos\u201d.<br \/>\n\u201cHay que cambiar el paradigma de unirse por unirse porque a veces los que se unen terminan siendo funcionales al Movimiento al Socialismo, aqu\u00ed hay que unirse con quienes quieren derrotar al MAS y tienen un proyecto en el que no se piensa todav\u00eda en quien va ser el candidato\u201d, indic\u00f3.<br \/>\nPor su parte, el diputado Oscar Balderas, cuestion\u00f3 que supuestos acuerdos pol\u00edticos deban cerrarse fuera del pa\u00eds, recordando que esta pr\u00e1ctica es caracter\u00edstica de viejas pr\u00e1cticas pol\u00edticas que insisten en dejar de lado la renovaci\u00f3n en la representaci\u00f3n.<br \/>\n\u201cLa renovaci\u00f3n pol\u00edtica es parte de lo que necesitamos para reconstruir este pa\u00eds que esta tan destrozado justamente luego de todos los a\u00f1os con el Movimiento al Socialismo en el poder. Me parece que no es la f\u00f3rmula ir a otro lado (\u2026), ac\u00e1 en Bolivia es donde tenemos que establecer una estrategia para hacerle frente al MAS\u201d, dijo Balderas.<br \/>\nSe conoce que a la cuestionada reuni\u00f3n de pol\u00edticos en Washington, asistieron el empresario Samuel Doria Medina, el asamble\u00edsta departamental, Zvonko Matkovic, (en representaci\u00f3n de Fernando Camacho), y el diputado Carlos Alarc\u00f3n de Comunidad Ciudadana.<br \/>\nEsta organizaci\u00f3n pol\u00edtica emiti\u00f3 un comunicado aclarando que el referido encuentro fue organizado por la Fundaci\u00f3n Jucumari, con sede en Estados Unidos, con motivo del seminario-taller \u201cDemocracia y Derechos Humanos en la regi\u00f3n y en Bolivia\u201d, realizado en la ciudad de Washington DC, entre el 20 y el 24 de abril pasado.<br \/>\n\u201cLa realizaci\u00f3n y concurrencia a este tipo de eventos, tanto dentro como fuera del pa\u00eds, es normal y frecuente, y Comunidad Ciudadana en esta oportunidad deleg\u00f3 a dos representantes de la alianza, para que asistan a dicho seminario, del que adem\u00e1s participaron otras personalidades pol\u00edticas bolivianas que fueron invitados directamente por la Fundaci\u00f3n se\u00f1alada, sin que nosotros tuvi\u00e9ramos ninguna participaci\u00f3n en su selecci\u00f3n\u201d, se\u00f1ala la nota. Asimismo, se calific\u00f3 como falso que CC haya firmado un acuerdo o convenio con otra fuerza pol\u00edtica para las elecciones 2025.<br \/>\nEl jefe de bancada de CC en Diputados, Enrique Urquidi, aclar\u00f3 que en dicho encuentro se analizaron posiciones en busca de consolidar una \u201calternativa seria\u201d para los comicios del 2025 y pidi\u00f3 no descalificar las acciones asumidas para afianzar la unidad en la oposici\u00f3n.<br \/>\n\u201cEl tratar de descalificar o satanizar este tipo de reuniones, acercamientos o di\u00e1logos, yo creo que no le hace bien a la democracia y mucho menos a la posibilidad de generar unidad. Las oposiciones est\u00e1n trabajando responsablemente y se trata de una labor de largo plazo, no una reuni\u00f3n de dos o tres, son di\u00e1logos que hay que entablarlos\u201d, expres\u00f3.<\/p>\n\r\n                <style type=\"text\/css\">\r\n                    \r\n                    #tdi_1  .td-doubleSlider-2 .td-item1 {\r\n                        background: url(https:\/\/www.eldiario.net\/portal\/wp-content\/uploads\/2024\/05\/Pol-40-80x60.jpeg) 0 0 no-repeat;\r\n                    }\r\n                    #tdi_1  .td-doubleSlider-2 .td-item2 {\r\n                        background: url(https:\/\/www.eldiario.net\/portal\/wp-content\/uploads\/2024\/05\/Pol-41-80x60.jpg) 0 0 no-repeat;\r\n                    }\r\n                    #tdi_1  .td-doubleSlider-2 .td-item3 {\r\n                        background: url(https:\/\/www.eldiario.net\/portal\/wp-content\/uploads\/2024\/05\/Pol-42-1-80x60.jpg) 0 0 no-repeat;\r\n                    }\r\n                <\/style>\r\n\r\n                <div id=\"tdi_1\" class=\"td-gallery td-slide-on-2-columns\">\r\n                    <div class=\"post_td_gallery\">\r\n                        <div class=\"td-gallery-slide-top\">\r\n                           <div class=\"td-gallery-title\"><\/div>\r\n\r\n                            <div class=\"td-gallery-controls-wrapper\">\r\n                                <div class=\"td-gallery-slide-count\"><span class=\"td-gallery-slide-item-focus\">1<\/span> de 3<\/div>\r\n                                <div class=\"td-gallery-slide-prev-next-but\">\r\n                                    <i class = \"td-icon-left doubleSliderPrevButton\"><\/i>\r\n                                    <i class = \"td-icon-right doubleSliderNextButton\"><\/i>\r\n                                <\/div>\r\n                            <\/div>\r\n                        <\/div>\r\n\r\n                        <div class = \"td-doubleSlider-1 \">\r\n                            <div class = \"td-slider\">\r\n                                \r\n                    <div class = \"td-slide-item td-item1\">\r\n                        <figure class=\"td-slide-galery-figure td-slide-popup-gallery\">\r\n                            <a class=\"slide-gallery-image-link\" href=\"https:\/\/www.eldiario.net\/portal\/wp-content\/uploads\/2024\/05\/Pol-40.jpeg\" title=\"Pol-40\"  data-caption=\"Diputada de Creemos, Mar\u00eda Rene \u00c1lvarez.\"  data-description=\"\">\r\n                                <img decoding=\"async\" src=\"https:\/\/www.eldiario.net\/portal\/wp-content\/uploads\/2024\/05\/Pol-40-550x420.jpeg\" srcset=\"https:\/\/www.eldiario.net\/portal\/wp-content\/uploads\/2024\/05\/Pol-40-550x420.jpeg 550w, https:\/\/www.eldiario.net\/portal\/wp-content\/uploads\/2024\/05\/Pol-40-300x229.jpeg 300w, https:\/\/www.eldiario.net\/portal\/wp-content\/uploads\/2024\/05\/Pol-40-1024x782.jpeg 1024w, https:\/\/www.eldiario.net\/portal\/wp-content\/uploads\/2024\/05\/Pol-40-768x587.jpeg 768w, https:\/\/www.eldiario.net\/portal\/wp-content\/uploads\/2024\/05\/Pol-40-80x60.jpeg 80w, https:\/\/www.eldiario.net\/portal\/wp-content\/uploads\/2024\/05\/Pol-40-696x532.jpeg 696w, https:\/\/www.eldiario.net\/portal\/wp-content\/uploads\/2024\/05\/Pol-40-1068x816.jpeg 1068w, https:\/\/www.eldiario.net\/portal\/wp-content\/uploads\/2024\/05\/Pol-40.jpeg 1414w\" sizes=\"(max-width: 550px) 100vw, 550px\" alt=\"\">\r\n                            <\/a>\r\n                            <figcaption class = \"td-slide-caption td-gallery-slide-content\"><div class = \"td-gallery-slide-copywrite\">Diputada de Creemos, Mar\u00eda Rene \u00c1lvarez.<\/div><\/figcaption>\r\n                        <\/figure>\r\n                    <\/div>\r\n                    <div class = \"td-slide-item td-item2\">\r\n                        <figure class=\"td-slide-galery-figure td-slide-popup-gallery\">\r\n                            <a class=\"slide-gallery-image-link\" href=\"https:\/\/www.eldiario.net\/portal\/wp-content\/uploads\/2024\/05\/Pol-41.jpg\" title=\"Pol-41\"  data-caption=\"El Diputado chuquisaque\u00f1o, Marcelo Pedrazas.\"  data-description=\"\">\r\n                                <img decoding=\"async\" src=\"https:\/\/www.eldiario.net\/portal\/wp-content\/uploads\/2024\/05\/Pol-41-609x420.jpg\" srcset=\"https:\/\/www.eldiario.net\/portal\/wp-content\/uploads\/2024\/05\/Pol-41-609x420.jpg 609w, https:\/\/www.eldiario.net\/portal\/wp-content\/uploads\/2024\/05\/Pol-41-300x207.jpg 300w, https:\/\/www.eldiario.net\/portal\/wp-content\/uploads\/2024\/05\/Pol-41-218x150.jpg 218w, https:\/\/www.eldiario.net\/portal\/wp-content\/uploads\/2024\/05\/Pol-41.jpg 696w\" sizes=\"(max-width: 609px) 100vw, 609px\" alt=\"\">\r\n                            <\/a>\r\n                            <figcaption class = \"td-slide-caption td-gallery-slide-content\"><div class = \"td-gallery-slide-copywrite\">El Diputado chuquisaque\u00f1o, Marcelo Pedrazas.<\/div><\/figcaption>\r\n                        <\/figure>\r\n                    <\/div>\r\n                    <div class = \"td-slide-item td-item3\">\r\n                        <figure class=\"td-slide-galery-figure td-slide-popup-gallery\">\r\n                            <a class=\"slide-gallery-image-link\" href=\"https:\/\/www.eldiario.net\/portal\/wp-content\/uploads\/2024\/05\/Pol-42-1.jpg\" title=\"Pol-42\"  data-caption=\"Jefe de bancada de CC en Diputados, Enrique Urquidi.\"  data-description=\"\">\r\n                                <img decoding=\"async\" src=\"https:\/\/www.eldiario.net\/portal\/wp-content\/uploads\/2024\/05\/Pol-42-1.jpg\" srcset=\"https:\/\/www.eldiario.net\/portal\/wp-content\/uploads\/2024\/05\/Pol-42-1.jpg 680w, https:\/\/www.eldiario.net\/portal\/wp-content\/uploads\/2024\/05\/Pol-42-1-300x169.jpg 300w\" sizes=\"(max-width: 680px) 100vw, 680px\" alt=\"\">\r\n                            <\/a>\r\n                            <figcaption class = \"td-slide-caption td-gallery-slide-content\"><div class = \"td-gallery-slide-copywrite\">Jefe de bancada de CC en Diputados, Enrique Urquidi.<\/div><\/figcaption>\r\n                        <\/figure>\r\n                    <\/div>\r\n                            <\/div>\r\n                        <\/div>\r\n\r\n                        <div class = \"td-doubleSlider-2\">\r\n                            <div class = \"td-slider\">\r\n                                \r\n                    <div class = \"td-button td-item1\">\r\n                        <div class = \"td-border\"><\/div>\r\n                    <\/div>\r\n                    <div class = \"td-button td-item2\">\r\n                        <div class = \"td-border\"><\/div>\r\n                    <\/div>\r\n                    <div class = \"td-button td-item3\">\r\n                        <div class = \"td-border\"><\/div>\r\n                    <\/div>\r\n                            <\/div>\r\n                        <\/div>\r\n\r\n                    <\/div>\r\n\r\n                <\/div>\r\n                \n<p>&nbsp;<\/p>\n","protected":false},"excerpt":{"rendered":"<p>Luego de las cr\u00edticas y cuestionamientos a la reuni\u00f3n sostenida por representantes pol\u00edticos y parlamentarios de oposici\u00f3n en Estados Unidos para alcanzar acuerdos pol\u00edticos de cara a las elecciones de 2025, la asamble\u00edsta nacional de Creemos, Mar\u00eda Ren\u00e9 \u00c1lvarez, pidi\u00f3 que se piense en generar una nueva representaci\u00f3n pol\u00edtica y un recambio generacional para las [&hellip;]<\/p>\n","protected":false},"author":1,"featured_media":221756,"comment_status":"open","ping_status":"open","sticky":false,"template":"","format":"standard","meta":{"_acf_changed":false,"footnotes":""},"categories":[14],"tags":[],"class_list":["post-221755","post","type-post","status-publish","format-standard","has-post-thumbnail","category-politica"],"acf":{"antetitulo":"Crece pedido de renovaci\u00f3n"},"yoast_head":"<!-- This site is optimized with the Yoast SEO plugin v28.3 - https:\/\/yoast.com\/product\/yoast-seo-wordpress\/ -->\n<title>Piden nueva representaci\u00f3n pol\u00edtica y recambio generacional para 2025 - El Diario - Bolivia<\/title>\n<meta name=\"robots\" content=\"index, follow, max-snippet:-1, max-image-preview:large, max-video-preview:-1\" \/>\n<link rel=\"canonical\" href=\"https:\/\/www.eldiario.net\/portal\/2024\/05\/20\/piden-nueva-representacion-politica-y-recambio-generacional-para-2025\/\" \/>\n<meta property=\"og:locale\" content=\"es_ES\" \/>\n<meta property=\"og:type\" content=\"article\" \/>\n<meta property=\"og:title\" content=\"Piden nueva representaci\u00f3n pol\u00edtica y recambio generacional para 2025 - El Diario - Bolivia\" \/>\n<meta property=\"og:description\" content=\"Luego de las cr\u00edticas y cuestionamientos a la reuni\u00f3n sostenida por representantes pol\u00edticos y parlamentarios de oposici\u00f3n en Estados Unidos para alcanzar acuerdos pol\u00edticos de cara a las elecciones de 2025, la asamble\u00edsta nacional de Creemos, Mar\u00eda Ren\u00e9 \u00c1lvarez, pidi\u00f3 que se piense en generar una nueva representaci\u00f3n pol\u00edtica y un recambio generacional para las [&hellip;]\" \/>\n<meta property=\"og:url\" content=\"https:\/\/www.eldiario.net\/portal\/2024\/05\/20\/piden-nueva-representacion-politica-y-recambio-generacional-para-2025\/\" \/>\n<meta property=\"og:site_name\" content=\"El Diario - Bolivia\" \/>\n<meta property=\"article:publisher\" content=\"https:\/\/www.facebook.com\/eldiario.bolivia\/\" \/>\n<meta property=\"article:published_time\" content=\"2024-05-20T09:17:37+00:00\" \/>\n<meta property=\"og:image\" content=\"https:\/\/www.eldiario.net\/portal\/wp-content\/uploads\/2024\/05\/Pol-40.jpeg\" \/>\n\t<meta property=\"og:image:width\" content=\"1414\" \/>\n\t<meta property=\"og:image:height\" content=\"1080\" \/>\n\t<meta property=\"og:image:type\" content=\"image\/jpeg\" \/>\n<meta name=\"author\" content=\"Jeanette\" \/>\n<meta name=\"twitter:card\" content=\"summary_large_image\" \/>\n<meta name=\"twitter:creator\" content=\"@eldiario_net\" \/>\n<meta name=\"twitter:site\" content=\"@eldiario_net\" \/>\n<meta name=\"twitter:label1\" content=\"Escrito por\" \/>\n\t<meta name=\"twitter:data1\" content=\"Jeanette\" \/>\n\t<meta name=\"twitter:label2\" content=\"Tiempo de lectura\" \/>\n\t<meta name=\"twitter:data2\" content=\"5 minutos\" \/>\n<script type=\"application\/ld+json\" class=\"yoast-schema-graph\">{\"@context\":\"https:\\\/\\\/schema.org\",\"@graph\":[{\"@type\":\"Article\",\"@id\":\"https:\\\/\\\/www.eldiario.net\\\/portal\\\/2024\\\/05\\\/20\\\/piden-nueva-representacion-politica-y-recambio-generacional-para-2025\\\/#article\",\"isPartOf\":{\"@id\":\"https:\\\/\\\/www.eldiario.net\\\/portal\\\/2024\\\/05\\\/20\\\/piden-nueva-representacion-politica-y-recambio-generacional-para-2025\\\/\"},\"author\":{\"name\":\"Jeanette\",\"@id\":\"https:\\\/\\\/www.eldiario.net\\\/portal\\\/#\\\/schema\\\/person\\\/f46445640444750d7d753ccd04ae01b7\"},\"headline\":\"Piden nueva representaci\u00f3n pol\u00edtica y recambio generacional para 2025\",\"datePublished\":\"2024-05-20T09:17:37+00:00\",\"mainEntityOfPage\":{\"@id\":\"https:\\\/\\\/www.eldiario.net\\\/portal\\\/2024\\\/05\\\/20\\\/piden-nueva-representacion-politica-y-recambio-generacional-para-2025\\\/\"},\"wordCount\":976,\"commentCount\":0,\"publisher\":{\"@id\":\"https:\\\/\\\/www.eldiario.net\\\/portal\\\/#organization\"},\"image\":{\"@id\":\"https:\\\/\\\/www.eldiario.net\\\/portal\\\/2024\\\/05\\\/20\\\/piden-nueva-representacion-politica-y-recambio-generacional-para-2025\\\/#primaryimage\"},\"thumbnailUrl\":\"https:\\\/\\\/www.eldiario.net\\\/portal\\\/wp-content\\\/uploads\\\/2024\\\/05\\\/Pol-40.jpeg\",\"articleSection\":[\"Pol\u00edtica\"],\"inLanguage\":\"es\",\"potentialAction\":[{\"@type\":\"CommentAction\",\"name\":\"Comment\",\"target\":[\"https:\\\/\\\/www.eldiario.net\\\/portal\\\/2024\\\/05\\\/20\\\/piden-nueva-representacion-politica-y-recambio-generacional-para-2025\\\/#respond\"]}]},{\"@type\":\"WebPage\",\"@id\":\"https:\\\/\\\/www.eldiario.net\\\/portal\\\/2024\\\/05\\\/20\\\/piden-nueva-representacion-politica-y-recambio-generacional-para-2025\\\/\",\"url\":\"https:\\\/\\\/www.eldiario.net\\\/portal\\\/2024\\\/05\\\/20\\\/piden-nueva-representacion-politica-y-recambio-generacional-para-2025\\\/\",\"name\":\"Piden nueva representaci\u00f3n pol\u00edtica y recambio generacional para 2025 - El Diario - Bolivia\",\"isPartOf\":{\"@id\":\"https:\\\/\\\/www.eldiario.net\\\/portal\\\/#website\"},\"primaryImageOfPage\":{\"@id\":\"https:\\\/\\\/www.eldiario.net\\\/portal\\\/2024\\\/05\\\/20\\\/piden-nueva-representacion-politica-y-recambio-generacional-para-2025\\\/#primaryimage\"},\"image\":{\"@id\":\"https:\\\/\\\/www.eldiario.net\\\/portal\\\/2024\\\/05\\\/20\\\/piden-nueva-representacion-politica-y-recambio-generacional-para-2025\\\/#primaryimage\"},\"thumbnailUrl\":\"https:\\\/\\\/www.eldiario.net\\\/portal\\\/wp-content\\\/uploads\\\/2024\\\/05\\\/Pol-40.jpeg\",\"datePublished\":\"2024-05-20T09:17:37+00:00\",\"breadcrumb\":{\"@id\":\"https:\\\/\\\/www.eldiario.net\\\/portal\\\/2024\\\/05\\\/20\\\/piden-nueva-representacion-politica-y-recambio-generacional-para-2025\\\/#breadcrumb\"},\"inLanguage\":\"es\",\"potentialAction\":[{\"@type\":\"ReadAction\",\"target\":[\"https:\\\/\\\/www.eldiario.net\\\/portal\\\/2024\\\/05\\\/20\\\/piden-nueva-representacion-politica-y-recambio-generacional-para-2025\\\/\"]}]},{\"@type\":\"ImageObject\",\"inLanguage\":\"es\",\"@id\":\"https:\\\/\\\/www.eldiario.net\\\/portal\\\/2024\\\/05\\\/20\\\/piden-nueva-representacion-politica-y-recambio-generacional-para-2025\\\/#primaryimage\",\"url\":\"https:\\\/\\\/www.eldiario.net\\\/portal\\\/wp-content\\\/uploads\\\/2024\\\/05\\\/Pol-40.jpeg\",\"contentUrl\":\"https:\\\/\\\/www.eldiario.net\\\/portal\\\/wp-content\\\/uploads\\\/2024\\\/05\\\/Pol-40.jpeg\",\"width\":1414,\"height\":1080,\"caption\":\"Diputada de Creemos, Mar\u00eda Rene \u00c1lvarez.\"},{\"@type\":\"BreadcrumbList\",\"@id\":\"https:\\\/\\\/www.eldiario.net\\\/portal\\\/2024\\\/05\\\/20\\\/piden-nueva-representacion-politica-y-recambio-generacional-para-2025\\\/#breadcrumb\",\"itemListElement\":[{\"@type\":\"ListItem\",\"position\":1,\"name\":\"Portada\",\"item\":\"https:\\\/\\\/www.eldiario.net\\\/portal\\\/\"},{\"@type\":\"ListItem\",\"position\":2,\"name\":\"Piden nueva representaci\u00f3n pol\u00edtica y recambio generacional para 2025\"}]},{\"@type\":\"WebSite\",\"@id\":\"https:\\\/\\\/www.eldiario.net\\\/portal\\\/#website\",\"url\":\"https:\\\/\\\/www.eldiario.net\\\/portal\\\/\",\"name\":\"El Diario - Decano de la prensa nacional\",\"description\":\"El Diario - Decano de la prensa nacional\",\"publisher\":{\"@id\":\"https:\\\/\\\/www.eldiario.net\\\/portal\\\/#organization\"},\"potentialAction\":[{\"@type\":\"SearchAction\",\"target\":{\"@type\":\"EntryPoint\",\"urlTemplate\":\"https:\\\/\\\/www.eldiario.net\\\/portal\\\/?s={search_term_string}\"},\"query-input\":{\"@type\":\"PropertyValueSpecification\",\"valueRequired\":true,\"valueName\":\"search_term_string\"}}],\"inLanguage\":\"es\"},{\"@type\":\"Organization\",\"@id\":\"https:\\\/\\\/www.eldiario.net\\\/portal\\\/#organization\",\"name\":\"El Diario - Decano de la prensa nacional\",\"url\":\"https:\\\/\\\/www.eldiario.net\\\/portal\\\/\",\"logo\":{\"@type\":\"ImageObject\",\"inLanguage\":\"es\",\"@id\":\"https:\\\/\\\/www.eldiario.net\\\/portal\\\/#\\\/schema\\\/logo\\\/image\\\/\",\"url\":\"https:\\\/\\\/www.eldiario.net\\\/portal\\\/wp-content\\\/uploads\\\/2023\\\/07\\\/logo_ED.jpg\",\"contentUrl\":\"https:\\\/\\\/www.eldiario.net\\\/portal\\\/wp-content\\\/uploads\\\/2023\\\/07\\\/logo_ED.jpg\",\"width\":272,\"height\":52,\"caption\":\"El Diario - Decano de la prensa nacional\"},\"image\":{\"@id\":\"https:\\\/\\\/www.eldiario.net\\\/portal\\\/#\\\/schema\\\/logo\\\/image\\\/\"},\"sameAs\":[\"https:\\\/\\\/www.facebook.com\\\/eldiario.bolivia\\\/\",\"https:\\\/\\\/x.com\\\/eldiario_net\"]},{\"@type\":\"Person\",\"@id\":\"https:\\\/\\\/www.eldiario.net\\\/portal\\\/#\\\/schema\\\/person\\\/f46445640444750d7d753ccd04ae01b7\",\"name\":\"Jeanette\",\"image\":{\"@type\":\"ImageObject\",\"inLanguage\":\"es\",\"@id\":\"https:\\\/\\\/secure.gravatar.com\\\/avatar\\\/3ea2118a5f7dad2b7138b1187a6b7ee55f160b9968b66013c3a3ef39dd7e5798?s=96&d=mm&r=g\",\"url\":\"https:\\\/\\\/secure.gravatar.com\\\/avatar\\\/3ea2118a5f7dad2b7138b1187a6b7ee55f160b9968b66013c3a3ef39dd7e5798?s=96&d=mm&r=g\",\"contentUrl\":\"https:\\\/\\\/secure.gravatar.com\\\/avatar\\\/3ea2118a5f7dad2b7138b1187a6b7ee55f160b9968b66013c3a3ef39dd7e5798?s=96&d=mm&r=g\",\"caption\":\"Jeanette\"},\"sameAs\":[\"https:\\\/\\\/www.eldiario.net\\\/portal\"],\"url\":\"https:\\\/\\\/www.eldiario.net\\\/portal\\\/author\\\/jeanette\\\/\"}]}<\/script>\n<!-- \/ Yoast SEO plugin. -->","yoast_head_json":{"title":"Piden nueva representaci\u00f3n pol\u00edtica y recambio generacional para 2025 - El Diario - Bolivia","robots":{"index":"index","follow":"follow","max-snippet":"max-snippet:-1","max-image-preview":"max-image-preview:large","max-video-preview":"max-video-preview:-1"},"canonical":"https:\/\/www.eldiario.net\/portal\/2024\/05\/20\/piden-nueva-representacion-politica-y-recambio-generacional-para-2025\/","og_locale":"es_ES","og_type":"article","og_title":"Piden nueva representaci\u00f3n pol\u00edtica y recambio generacional para 2025 - El Diario - Bolivia","og_description":"Luego de las cr\u00edticas y cuestionamientos a la reuni\u00f3n sostenida por representantes pol\u00edticos y parlamentarios de oposici\u00f3n en Estados Unidos para alcanzar acuerdos pol\u00edticos de cara a las elecciones de 2025, la asamble\u00edsta nacional de Creemos, Mar\u00eda Ren\u00e9 \u00c1lvarez, pidi\u00f3 que se piense en generar una nueva representaci\u00f3n pol\u00edtica y un recambio generacional para las [&hellip;]","og_url":"https:\/\/www.eldiario.net\/portal\/2024\/05\/20\/piden-nueva-representacion-politica-y-recambio-generacional-para-2025\/","og_site_name":"El Diario - Bolivia","article_publisher":"https:\/\/www.facebook.com\/eldiario.bolivia\/","article_published_time":"2024-05-20T09:17:37+00:00","og_image":[{"width":1414,"height":1080,"url":"https:\/\/www.eldiario.net\/portal\/wp-content\/uploads\/2024\/05\/Pol-40.jpeg","type":"image\/jpeg"}],"author":"Jeanette","twitter_card":"summary_large_image","twitter_creator":"@eldiario_net","twitter_site":"@eldiario_net","twitter_misc":{"Escrito por":"Jeanette","Tiempo de lectura":"5 minutos"},"schema":{"@context":"https:\/\/schema.org","@graph":[{"@type":"Article","@id":"https:\/\/www.eldiario.net\/portal\/2024\/05\/20\/piden-nueva-representacion-politica-y-recambio-generacional-para-2025\/#article","isPartOf":{"@id":"https:\/\/www.eldiario.net\/portal\/2024\/05\/20\/piden-nueva-representacion-politica-y-recambio-generacional-para-2025\/"},"author":{"name":"Jeanette","@id":"https:\/\/www.eldiario.net\/portal\/#\/schema\/person\/f46445640444750d7d753ccd04ae01b7"},"headline":"Piden nueva representaci\u00f3n pol\u00edtica y recambio generacional para 2025","datePublished":"2024-05-20T09:17:37+00:00","mainEntityOfPage":{"@id":"https:\/\/www.eldiario.net\/portal\/2024\/05\/20\/piden-nueva-representacion-politica-y-recambio-generacional-para-2025\/"},"wordCount":976,"commentCount":0,"publisher":{"@id":"https:\/\/www.eldiario.net\/portal\/#organization"},"image":{"@id":"https:\/\/www.eldiario.net\/portal\/2024\/05\/20\/piden-nueva-representacion-politica-y-recambio-generacional-para-2025\/#primaryimage"},"thumbnailUrl":"https:\/\/www.eldiario.net\/portal\/wp-content\/uploads\/2024\/05\/Pol-40.jpeg","articleSection":["Pol\u00edtica"],"inLanguage":"es","potentialAction":[{"@type":"CommentAction","name":"Comment","target":["https:\/\/www.eldiario.net\/portal\/2024\/05\/20\/piden-nueva-representacion-politica-y-recambio-generacional-para-2025\/#respond"]}]},{"@type":"WebPage","@id":"https:\/\/www.eldiario.net\/portal\/2024\/05\/20\/piden-nueva-representacion-politica-y-recambio-generacional-para-2025\/","url":"https:\/\/www.eldiario.net\/portal\/2024\/05\/20\/piden-nueva-representacion-politica-y-recambio-generacional-para-2025\/","name":"Piden nueva representaci\u00f3n pol\u00edtica y recambio generacional para 2025 - El Diario - Bolivia","isPartOf":{"@id":"https:\/\/www.eldiario.net\/portal\/#website"},"primaryImageOfPage":{"@id":"https:\/\/www.eldiario.net\/portal\/2024\/05\/20\/piden-nueva-representacion-politica-y-recambio-generacional-para-2025\/#primaryimage"},"image":{"@id":"https:\/\/www.eldiario.net\/portal\/2024\/05\/20\/piden-nueva-representacion-politica-y-recambio-generacional-para-2025\/#primaryimage"},"thumbnailUrl":"https:\/\/www.eldiario.net\/portal\/wp-content\/uploads\/2024\/05\/Pol-40.jpeg","datePublished":"2024-05-20T09:17:37+00:00","breadcrumb":{"@id":"https:\/\/www.eldiario.net\/portal\/2024\/05\/20\/piden-nueva-representacion-politica-y-recambio-generacional-para-2025\/#breadcrumb"},"inLanguage":"es","potentialAction":[{"@type":"ReadAction","target":["https:\/\/www.eldiario.net\/portal\/2024\/05\/20\/piden-nueva-representacion-politica-y-recambio-generacional-para-2025\/"]}]},{"@type":"ImageObject","inLanguage":"es","@id":"https:\/\/www.eldiario.net\/portal\/2024\/05\/20\/piden-nueva-representacion-politica-y-recambio-generacional-para-2025\/#primaryimage","url":"https:\/\/www.eldiario.net\/portal\/wp-content\/uploads\/2024\/05\/Pol-40.jpeg","contentUrl":"https:\/\/www.eldiario.net\/portal\/wp-content\/uploads\/2024\/05\/Pol-40.jpeg","width":1414,"height":1080,"caption":"Diputada de Creemos, Mar\u00eda Rene \u00c1lvarez."},{"@type":"BreadcrumbList","@id":"https:\/\/www.eldiario.net\/portal\/2024\/05\/20\/piden-nueva-representacion-politica-y-recambio-generacional-para-2025\/#breadcrumb","itemListElement":[{"@type":"ListItem","position":1,"name":"Portada","item":"https:\/\/www.eldiario.net\/portal\/"},{"@type":"ListItem","position":2,"name":"Piden nueva representaci\u00f3n pol\u00edtica y recambio generacional para 2025"}]},{"@type":"WebSite","@id":"https:\/\/www.eldiario.net\/portal\/#website","url":"https:\/\/www.eldiario.net\/portal\/","name":"El Diario - Decano de la prensa nacional","description":"El Diario - Decano de la prensa nacional","publisher":{"@id":"https:\/\/www.eldiario.net\/portal\/#organization"},"potentialAction":[{"@type":"SearchAction","target":{"@type":"EntryPoint","urlTemplate":"https:\/\/www.eldiario.net\/portal\/?s={search_term_string}"},"query-input":{"@type":"PropertyValueSpecification","valueRequired":true,"valueName":"search_term_string"}}],"inLanguage":"es"},{"@type":"Organization","@id":"https:\/\/www.eldiario.net\/portal\/#organization","name":"El Diario - Decano de la prensa nacional","url":"https:\/\/www.eldiario.net\/portal\/","logo":{"@type":"ImageObject","inLanguage":"es","@id":"https:\/\/www.eldiario.net\/portal\/#\/schema\/logo\/image\/","url":"https:\/\/www.eldiario.net\/portal\/wp-content\/uploads\/2023\/07\/logo_ED.jpg","contentUrl":"https:\/\/www.eldiario.net\/portal\/wp-content\/uploads\/2023\/07\/logo_ED.jpg","width":272,"height":52,"caption":"El Diario - Decano de la prensa nacional"},"image":{"@id":"https:\/\/www.eldiario.net\/portal\/#\/schema\/logo\/image\/"},"sameAs":["https:\/\/www.facebook.com\/eldiario.bolivia\/","https:\/\/x.com\/eldiario_net"]},{"@type":"Person","@id":"https:\/\/www.eldiario.net\/portal\/#\/schema\/person\/f46445640444750d7d753ccd04ae01b7","name":"Jeanette","image":{"@type":"ImageObject","inLanguage":"es","@id":"https:\/\/secure.gravatar.com\/avatar\/3ea2118a5f7dad2b7138b1187a6b7ee55f160b9968b66013c3a3ef39dd7e5798?s=96&d=mm&r=g","url":"https:\/\/secure.gravatar.com\/avatar\/3ea2118a5f7dad2b7138b1187a6b7ee55f160b9968b66013c3a3ef39dd7e5798?s=96&d=mm&r=g","contentUrl":"https:\/\/secure.gravatar.com\/avatar\/3ea2118a5f7dad2b7138b1187a6b7ee55f160b9968b66013c3a3ef39dd7e5798?s=96&d=mm&r=g","caption":"Jeanette"},"sameAs":["https:\/\/www.eldiario.net\/portal"],"url":"https:\/\/www.eldiario.net\/portal\/author\/jeanette\/"}]}},"_links":{"self":[{"href":"https:\/\/www.eldiario.net\/portal\/wp-json\/wp\/v2\/posts\/221755","targetHints":{"allow":["GET"]}}],"collection":[{"href":"https:\/\/www.eldiario.net\/portal\/wp-json\/wp\/v2\/posts"}],"about":[{"href":"https:\/\/www.eldiario.net\/portal\/wp-json\/wp\/v2\/types\/post"}],"author":[{"embeddable":true,"href":"https:\/\/www.eldiario.net\/portal\/wp-json\/wp\/v2\/users\/1"}],"replies":[{"embeddable":true,"href":"https:\/\/www.eldiario.net\/portal\/wp-json\/wp\/v2\/comments?post=221755"}],"version-history":[{"count":1,"href":"https:\/\/www.eldiario.net\/portal\/wp-json\/wp\/v2\/posts\/221755\/revisions"}],"predecessor-version":[{"id":221759,"href":"https:\/\/www.eldiario.net\/portal\/wp-json\/wp\/v2\/posts\/221755\/revisions\/221759"}],"wp:featuredmedia":[{"embeddable":true,"href":"https:\/\/www.eldiario.net\/portal\/wp-json\/wp\/v2\/media\/221756"}],"wp:attachment":[{"href":"https:\/\/www.eldiario.net\/portal\/wp-json\/wp\/v2\/media?parent=221755"}],"wp:term":[{"taxonomy":"category","embeddable":true,"href":"https:\/\/www.eldiario.net\/portal\/wp-json\/wp\/v2\/categories?post=221755"},{"taxonomy":"post_tag","embeddable":true,"href":"https:\/\/www.eldiario.net\/portal\/wp-json\/wp\/v2\/tags?post=221755"}],"curies":[{"name":"wp","href":"https:\/\/api.w.org\/{rel}","templated":true}]}}