{"id":221752,"date":"2024-05-20T05:16:24","date_gmt":"2024-05-20T09:16:24","guid":{"rendered":"https:\/\/www.eldiario.net\/portal\/?p=221752"},"modified":"2024-05-20T05:16:24","modified_gmt":"2024-05-20T09:16:24","slug":"destacan-poder-de-la-poblacion-unida-contra-el-autoritarismo","status":"publish","type":"post","link":"https:\/\/www.eldiario.net\/portal\/2024\/05\/20\/destacan-poder-de-la-poblacion-unida-contra-el-autoritarismo\/","title":{"rendered":"Destacan poder de la poblaci\u00f3n  unida contra el autoritarismo"},"content":{"rendered":"<p>Luego de toda la pol\u00e9mica por la ilegalidad de una norma y las protestas ciudadanas en rechazo al Decreto Supremo 5143, de Derechos Reales, hasta que el Gobierno determin\u00f3 su abrogaci\u00f3n, la diputada miembro de la \u201cBancada Dignidad\u201d en Comunidad Ciudadana (CC), Alejandra Camargo, destac\u00f3 los resultados que pueden alcanzarse cuando la poblaci\u00f3n se une en contra del autoritarismo.<br \/>\nDesde sus redes sociales, Camargo salud\u00f3 la organizaci\u00f3n y manifestaci\u00f3n pac\u00edfica de todos los sectores que salieron a las calles a protestar por un nuevo atropello del masismo, haciendo escuchar su voz en contra de un DS con tintes totalmente autoritarios.<br \/>\n\u201cNuestro presidente, salt\u00e1ndose descaradamente el mandato constitucional y rol democr\u00e1tico de aprobar las leyes a trav\u00e9s del \u00d3rgano Legislativo, nos impuso el Decreto Supremo 5143, que, entre otras calamidades, le daba un poder demasiado grande al Estado y gobierno masista sobre los datos de propiedad e inmuebles de la poblaci\u00f3n\u201d, record\u00f3 la legisladora cochabambina.<br \/>\nCamargo puntualiz\u00f3 que la falta de institucionalidad en el Gobierno central y sobre todo en la Agencia de Gobierno Electr\u00f3nico y Tecnolog\u00edas de Informaci\u00f3n y Comunicaci\u00f3n, como entidad elegida para administrar estos datos, fueron los detonantes que alentaron un clima de absoluta desconfianza en la ciudadan\u00eda y la movilizaci\u00f3n hasta conseguir la abrogaci\u00f3n de la pol\u00e9mica norma.<br \/>\n\u201cEl Gobierno admiti\u00f3 su derrota p\u00fablicamente y abrog\u00f3 este decreto infame, marcando la prueba de que la poblaci\u00f3n unida y movilizada en contra el autoritarismo si puede llevarnos a resultados esperanzadores\u201d, sostuvo.<br \/>\nEn ese sentido, llam\u00f3 a no bajar los brazos y que sea la poblaci\u00f3n boliviana la que \u201cretome la confianza en su propio poder\u201d y se haga due\u00f1a de su destino.<br \/>\n\u201cNecesitamos esa uni\u00f3n hoy m\u00e1s que nunca, ahora que tenemos al \u00d3rgano Legislativo secuestrado por la incompetencia de sus tres cabezas, quienes se mantuvieron en silencio sobre este tema y siguen sin pronunciarse sobre el secuestro de la justicia a manos de los autoprorrogados\u201d, sostuvo.<br \/>\nSobre el papel de la oposici\u00f3n en la actual coyuntura, Camargo indic\u00f3 que es momento de que se trabaje \u201chombro con hombro\u201d con la poblaci\u00f3n en la construcci\u00f3n de di\u00e1logo y consensos para encontrar salidas a la actual crisis, dejando de lado rencillas internas que solo \u201cdestruyen y decepcionan\u201d las expectativas de los bolivianos que necesitan atenci\u00f3n a sus necesidades por parte de sus representantes.<br \/>\nLa asamble\u00edsta de oposici\u00f3n concluy\u00f3 reiterando el llamado a dejar colores pol\u00edticos, matices dogm\u00e1ticos e ideol\u00f3gicos, para construir consensos por el bien com\u00fan y ante la crisis econ\u00f3mica, pol\u00edtica y social por la que atraviesa el pa\u00eds. \u201cSe nos ha depositado la confianza m\u00e1xima a trav\u00e9s del voto, dejemos de malgastarla en autoritarismo y en guerras in\u00fatiles\u201d.<\/p>\n","protected":false},"excerpt":{"rendered":"<p>Luego de toda la pol\u00e9mica por la ilegalidad de una norma y las protestas ciudadanas en rechazo al Decreto Supremo 5143, de Derechos Reales, hasta que el Gobierno determin\u00f3 su abrogaci\u00f3n, la diputada miembro de la \u201cBancada Dignidad\u201d en Comunidad Ciudadana (CC), Alejandra Camargo, destac\u00f3 los resultados que pueden alcanzarse cuando la poblaci\u00f3n se une [&hellip;]<\/p>\n","protected":false},"author":1,"featured_media":221753,"comment_status":"open","ping_status":"open","sticky":false,"template":"","format":"standard","meta":{"_acf_changed":false,"footnotes":""},"categories":[14],"tags":[],"class_list":["post-221752","post","type-post","status-publish","format-standard","has-post-thumbnail","category-politica"],"acf":{"antetitulo":"B\u00fasqueda de consensos debe ser prioridad"},"yoast_head":"<!-- This site is optimized with the Yoast SEO plugin v28.3 - https:\/\/yoast.com\/product\/yoast-seo-wordpress\/ -->\n<title>Destacan poder de la poblaci\u00f3n unida contra el autoritarismo - El Diario - Bolivia<\/title>\n<meta name=\"robots\" content=\"index, follow, max-snippet:-1, max-image-preview:large, max-video-preview:-1\" \/>\n<link rel=\"canonical\" href=\"https:\/\/www.eldiario.net\/portal\/2024\/05\/20\/destacan-poder-de-la-poblacion-unida-contra-el-autoritarismo\/\" \/>\n<meta property=\"og:locale\" content=\"es_ES\" \/>\n<meta property=\"og:type\" content=\"article\" \/>\n<meta property=\"og:title\" content=\"Destacan poder de la poblaci\u00f3n unida contra el autoritarismo - El Diario - Bolivia\" \/>\n<meta property=\"og:description\" content=\"Luego de toda la pol\u00e9mica por la ilegalidad de una norma y las protestas ciudadanas en rechazo al Decreto Supremo 5143, de Derechos Reales, hasta que el Gobierno determin\u00f3 su abrogaci\u00f3n, la diputada miembro de la \u201cBancada Dignidad\u201d en Comunidad Ciudadana (CC), Alejandra Camargo, destac\u00f3 los resultados que pueden alcanzarse cuando la poblaci\u00f3n se une [&hellip;]\" \/>\n<meta property=\"og:url\" content=\"https:\/\/www.eldiario.net\/portal\/2024\/05\/20\/destacan-poder-de-la-poblacion-unida-contra-el-autoritarismo\/\" \/>\n<meta property=\"og:site_name\" content=\"El Diario - Bolivia\" \/>\n<meta property=\"article:publisher\" content=\"https:\/\/www.facebook.com\/eldiario.bolivia\/\" \/>\n<meta property=\"article:published_time\" content=\"2024-05-20T09:16:24+00:00\" \/>\n<meta property=\"og:image\" content=\"https:\/\/www.eldiario.net\/portal\/wp-content\/uploads\/2024\/05\/Pol-43-1.jpg\" \/>\n\t<meta property=\"og:image:width\" content=\"1362\" \/>\n\t<meta property=\"og:image:height\" content=\"1080\" \/>\n\t<meta property=\"og:image:type\" content=\"image\/jpeg\" \/>\n<meta name=\"author\" content=\"Jeanette\" \/>\n<meta name=\"twitter:card\" content=\"summary_large_image\" \/>\n<meta name=\"twitter:creator\" content=\"@eldiario_net\" \/>\n<meta name=\"twitter:site\" content=\"@eldiario_net\" \/>\n<meta name=\"twitter:label1\" content=\"Escrito por\" \/>\n\t<meta name=\"twitter:data1\" content=\"Jeanette\" \/>\n\t<meta name=\"twitter:label2\" content=\"Tiempo de lectura\" \/>\n\t<meta name=\"twitter:data2\" content=\"3 minutos\" \/>\n<script type=\"application\/ld+json\" class=\"yoast-schema-graph\">{\"@context\":\"https:\\\/\\\/schema.org\",\"@graph\":[{\"@type\":\"Article\",\"@id\":\"https:\\\/\\\/www.eldiario.net\\\/portal\\\/2024\\\/05\\\/20\\\/destacan-poder-de-la-poblacion-unida-contra-el-autoritarismo\\\/#article\",\"isPartOf\":{\"@id\":\"https:\\\/\\\/www.eldiario.net\\\/portal\\\/2024\\\/05\\\/20\\\/destacan-poder-de-la-poblacion-unida-contra-el-autoritarismo\\\/\"},\"author\":{\"name\":\"Jeanette\",\"@id\":\"https:\\\/\\\/www.eldiario.net\\\/portal\\\/#\\\/schema\\\/person\\\/f46445640444750d7d753ccd04ae01b7\"},\"headline\":\"Destacan poder de la poblaci\u00f3n unida contra el autoritarismo\",\"datePublished\":\"2024-05-20T09:16:24+00:00\",\"mainEntityOfPage\":{\"@id\":\"https:\\\/\\\/www.eldiario.net\\\/portal\\\/2024\\\/05\\\/20\\\/destacan-poder-de-la-poblacion-unida-contra-el-autoritarismo\\\/\"},\"wordCount\":490,\"commentCount\":0,\"publisher\":{\"@id\":\"https:\\\/\\\/www.eldiario.net\\\/portal\\\/#organization\"},\"image\":{\"@id\":\"https:\\\/\\\/www.eldiario.net\\\/portal\\\/2024\\\/05\\\/20\\\/destacan-poder-de-la-poblacion-unida-contra-el-autoritarismo\\\/#primaryimage\"},\"thumbnailUrl\":\"https:\\\/\\\/www.eldiario.net\\\/portal\\\/wp-content\\\/uploads\\\/2024\\\/05\\\/Pol-43-1.jpg\",\"articleSection\":[\"Pol\u00edtica\"],\"inLanguage\":\"es\",\"potentialAction\":[{\"@type\":\"CommentAction\",\"name\":\"Comment\",\"target\":[\"https:\\\/\\\/www.eldiario.net\\\/portal\\\/2024\\\/05\\\/20\\\/destacan-poder-de-la-poblacion-unida-contra-el-autoritarismo\\\/#respond\"]}]},{\"@type\":\"WebPage\",\"@id\":\"https:\\\/\\\/www.eldiario.net\\\/portal\\\/2024\\\/05\\\/20\\\/destacan-poder-de-la-poblacion-unida-contra-el-autoritarismo\\\/\",\"url\":\"https:\\\/\\\/www.eldiario.net\\\/portal\\\/2024\\\/05\\\/20\\\/destacan-poder-de-la-poblacion-unida-contra-el-autoritarismo\\\/\",\"name\":\"Destacan poder de la poblaci\u00f3n unida contra el autoritarismo - El Diario - Bolivia\",\"isPartOf\":{\"@id\":\"https:\\\/\\\/www.eldiario.net\\\/portal\\\/#website\"},\"primaryImageOfPage\":{\"@id\":\"https:\\\/\\\/www.eldiario.net\\\/portal\\\/2024\\\/05\\\/20\\\/destacan-poder-de-la-poblacion-unida-contra-el-autoritarismo\\\/#primaryimage\"},\"image\":{\"@id\":\"https:\\\/\\\/www.eldiario.net\\\/portal\\\/2024\\\/05\\\/20\\\/destacan-poder-de-la-poblacion-unida-contra-el-autoritarismo\\\/#primaryimage\"},\"thumbnailUrl\":\"https:\\\/\\\/www.eldiario.net\\\/portal\\\/wp-content\\\/uploads\\\/2024\\\/05\\\/Pol-43-1.jpg\",\"datePublished\":\"2024-05-20T09:16:24+00:00\",\"breadcrumb\":{\"@id\":\"https:\\\/\\\/www.eldiario.net\\\/portal\\\/2024\\\/05\\\/20\\\/destacan-poder-de-la-poblacion-unida-contra-el-autoritarismo\\\/#breadcrumb\"},\"inLanguage\":\"es\",\"potentialAction\":[{\"@type\":\"ReadAction\",\"target\":[\"https:\\\/\\\/www.eldiario.net\\\/portal\\\/2024\\\/05\\\/20\\\/destacan-poder-de-la-poblacion-unida-contra-el-autoritarismo\\\/\"]}]},{\"@type\":\"ImageObject\",\"inLanguage\":\"es\",\"@id\":\"https:\\\/\\\/www.eldiario.net\\\/portal\\\/2024\\\/05\\\/20\\\/destacan-poder-de-la-poblacion-unida-contra-el-autoritarismo\\\/#primaryimage\",\"url\":\"https:\\\/\\\/www.eldiario.net\\\/portal\\\/wp-content\\\/uploads\\\/2024\\\/05\\\/Pol-43-1.jpg\",\"contentUrl\":\"https:\\\/\\\/www.eldiario.net\\\/portal\\\/wp-content\\\/uploads\\\/2024\\\/05\\\/Pol-43-1.jpg\",\"width\":1362,\"height\":1080,\"caption\":\"Diputada de Comunidad Ciudadana, Alejandra Camargo.\"},{\"@type\":\"BreadcrumbList\",\"@id\":\"https:\\\/\\\/www.eldiario.net\\\/portal\\\/2024\\\/05\\\/20\\\/destacan-poder-de-la-poblacion-unida-contra-el-autoritarismo\\\/#breadcrumb\",\"itemListElement\":[{\"@type\":\"ListItem\",\"position\":1,\"name\":\"Portada\",\"item\":\"https:\\\/\\\/www.eldiario.net\\\/portal\\\/\"},{\"@type\":\"ListItem\",\"position\":2,\"name\":\"Destacan poder de la poblaci\u00f3n unida contra el autoritarismo\"}]},{\"@type\":\"WebSite\",\"@id\":\"https:\\\/\\\/www.eldiario.net\\\/portal\\\/#website\",\"url\":\"https:\\\/\\\/www.eldiario.net\\\/portal\\\/\",\"name\":\"El Diario - Decano de la prensa nacional\",\"description\":\"El Diario - Decano de la prensa nacional\",\"publisher\":{\"@id\":\"https:\\\/\\\/www.eldiario.net\\\/portal\\\/#organization\"},\"potentialAction\":[{\"@type\":\"SearchAction\",\"target\":{\"@type\":\"EntryPoint\",\"urlTemplate\":\"https:\\\/\\\/www.eldiario.net\\\/portal\\\/?s={search_term_string}\"},\"query-input\":{\"@type\":\"PropertyValueSpecification\",\"valueRequired\":true,\"valueName\":\"search_term_string\"}}],\"inLanguage\":\"es\"},{\"@type\":\"Organization\",\"@id\":\"https:\\\/\\\/www.eldiario.net\\\/portal\\\/#organization\",\"name\":\"El Diario - Decano de la prensa nacional\",\"url\":\"https:\\\/\\\/www.eldiario.net\\\/portal\\\/\",\"logo\":{\"@type\":\"ImageObject\",\"inLanguage\":\"es\",\"@id\":\"https:\\\/\\\/www.eldiario.net\\\/portal\\\/#\\\/schema\\\/logo\\\/image\\\/\",\"url\":\"https:\\\/\\\/www.eldiario.net\\\/portal\\\/wp-content\\\/uploads\\\/2023\\\/07\\\/logo_ED.jpg\",\"contentUrl\":\"https:\\\/\\\/www.eldiario.net\\\/portal\\\/wp-content\\\/uploads\\\/2023\\\/07\\\/logo_ED.jpg\",\"width\":272,\"height\":52,\"caption\":\"El Diario - Decano de la prensa nacional\"},\"image\":{\"@id\":\"https:\\\/\\\/www.eldiario.net\\\/portal\\\/#\\\/schema\\\/logo\\\/image\\\/\"},\"sameAs\":[\"https:\\\/\\\/www.facebook.com\\\/eldiario.bolivia\\\/\",\"https:\\\/\\\/x.com\\\/eldiario_net\"]},{\"@type\":\"Person\",\"@id\":\"https:\\\/\\\/www.eldiario.net\\\/portal\\\/#\\\/schema\\\/person\\\/f46445640444750d7d753ccd04ae01b7\",\"name\":\"Jeanette\",\"image\":{\"@type\":\"ImageObject\",\"inLanguage\":\"es\",\"@id\":\"https:\\\/\\\/secure.gravatar.com\\\/avatar\\\/3ea2118a5f7dad2b7138b1187a6b7ee55f160b9968b66013c3a3ef39dd7e5798?s=96&d=mm&r=g\",\"url\":\"https:\\\/\\\/secure.gravatar.com\\\/avatar\\\/3ea2118a5f7dad2b7138b1187a6b7ee55f160b9968b66013c3a3ef39dd7e5798?s=96&d=mm&r=g\",\"contentUrl\":\"https:\\\/\\\/secure.gravatar.com\\\/avatar\\\/3ea2118a5f7dad2b7138b1187a6b7ee55f160b9968b66013c3a3ef39dd7e5798?s=96&d=mm&r=g\",\"caption\":\"Jeanette\"},\"sameAs\":[\"https:\\\/\\\/www.eldiario.net\\\/portal\"],\"url\":\"https:\\\/\\\/www.eldiario.net\\\/portal\\\/author\\\/jeanette\\\/\"}]}<\/script>\n<!-- \/ Yoast SEO plugin. -->","yoast_head_json":{"title":"Destacan poder de la poblaci\u00f3n unida contra el autoritarismo - El Diario - Bolivia","robots":{"index":"index","follow":"follow","max-snippet":"max-snippet:-1","max-image-preview":"max-image-preview:large","max-video-preview":"max-video-preview:-1"},"canonical":"https:\/\/www.eldiario.net\/portal\/2024\/05\/20\/destacan-poder-de-la-poblacion-unida-contra-el-autoritarismo\/","og_locale":"es_ES","og_type":"article","og_title":"Destacan poder de la poblaci\u00f3n unida contra el autoritarismo - El Diario - Bolivia","og_description":"Luego de toda la pol\u00e9mica por la ilegalidad de una norma y las protestas ciudadanas en rechazo al Decreto Supremo 5143, de Derechos Reales, hasta que el Gobierno determin\u00f3 su abrogaci\u00f3n, la diputada miembro de la \u201cBancada Dignidad\u201d en Comunidad Ciudadana (CC), Alejandra Camargo, destac\u00f3 los resultados que pueden alcanzarse cuando la poblaci\u00f3n se une [&hellip;]","og_url":"https:\/\/www.eldiario.net\/portal\/2024\/05\/20\/destacan-poder-de-la-poblacion-unida-contra-el-autoritarismo\/","og_site_name":"El Diario - Bolivia","article_publisher":"https:\/\/www.facebook.com\/eldiario.bolivia\/","article_published_time":"2024-05-20T09:16:24+00:00","og_image":[{"width":1362,"height":1080,"url":"https:\/\/www.eldiario.net\/portal\/wp-content\/uploads\/2024\/05\/Pol-43-1.jpg","type":"image\/jpeg"}],"author":"Jeanette","twitter_card":"summary_large_image","twitter_creator":"@eldiario_net","twitter_site":"@eldiario_net","twitter_misc":{"Escrito por":"Jeanette","Tiempo de lectura":"3 minutos"},"schema":{"@context":"https:\/\/schema.org","@graph":[{"@type":"Article","@id":"https:\/\/www.eldiario.net\/portal\/2024\/05\/20\/destacan-poder-de-la-poblacion-unida-contra-el-autoritarismo\/#article","isPartOf":{"@id":"https:\/\/www.eldiario.net\/portal\/2024\/05\/20\/destacan-poder-de-la-poblacion-unida-contra-el-autoritarismo\/"},"author":{"name":"Jeanette","@id":"https:\/\/www.eldiario.net\/portal\/#\/schema\/person\/f46445640444750d7d753ccd04ae01b7"},"headline":"Destacan poder de la poblaci\u00f3n unida contra el autoritarismo","datePublished":"2024-05-20T09:16:24+00:00","mainEntityOfPage":{"@id":"https:\/\/www.eldiario.net\/portal\/2024\/05\/20\/destacan-poder-de-la-poblacion-unida-contra-el-autoritarismo\/"},"wordCount":490,"commentCount":0,"publisher":{"@id":"https:\/\/www.eldiario.net\/portal\/#organization"},"image":{"@id":"https:\/\/www.eldiario.net\/portal\/2024\/05\/20\/destacan-poder-de-la-poblacion-unida-contra-el-autoritarismo\/#primaryimage"},"thumbnailUrl":"https:\/\/www.eldiario.net\/portal\/wp-content\/uploads\/2024\/05\/Pol-43-1.jpg","articleSection":["Pol\u00edtica"],"inLanguage":"es","potentialAction":[{"@type":"CommentAction","name":"Comment","target":["https:\/\/www.eldiario.net\/portal\/2024\/05\/20\/destacan-poder-de-la-poblacion-unida-contra-el-autoritarismo\/#respond"]}]},{"@type":"WebPage","@id":"https:\/\/www.eldiario.net\/portal\/2024\/05\/20\/destacan-poder-de-la-poblacion-unida-contra-el-autoritarismo\/","url":"https:\/\/www.eldiario.net\/portal\/2024\/05\/20\/destacan-poder-de-la-poblacion-unida-contra-el-autoritarismo\/","name":"Destacan poder de la poblaci\u00f3n unida contra el autoritarismo - El Diario - Bolivia","isPartOf":{"@id":"https:\/\/www.eldiario.net\/portal\/#website"},"primaryImageOfPage":{"@id":"https:\/\/www.eldiario.net\/portal\/2024\/05\/20\/destacan-poder-de-la-poblacion-unida-contra-el-autoritarismo\/#primaryimage"},"image":{"@id":"https:\/\/www.eldiario.net\/portal\/2024\/05\/20\/destacan-poder-de-la-poblacion-unida-contra-el-autoritarismo\/#primaryimage"},"thumbnailUrl":"https:\/\/www.eldiario.net\/portal\/wp-content\/uploads\/2024\/05\/Pol-43-1.jpg","datePublished":"2024-05-20T09:16:24+00:00","breadcrumb":{"@id":"https:\/\/www.eldiario.net\/portal\/2024\/05\/20\/destacan-poder-de-la-poblacion-unida-contra-el-autoritarismo\/#breadcrumb"},"inLanguage":"es","potentialAction":[{"@type":"ReadAction","target":["https:\/\/www.eldiario.net\/portal\/2024\/05\/20\/destacan-poder-de-la-poblacion-unida-contra-el-autoritarismo\/"]}]},{"@type":"ImageObject","inLanguage":"es","@id":"https:\/\/www.eldiario.net\/portal\/2024\/05\/20\/destacan-poder-de-la-poblacion-unida-contra-el-autoritarismo\/#primaryimage","url":"https:\/\/www.eldiario.net\/portal\/wp-content\/uploads\/2024\/05\/Pol-43-1.jpg","contentUrl":"https:\/\/www.eldiario.net\/portal\/wp-content\/uploads\/2024\/05\/Pol-43-1.jpg","width":1362,"height":1080,"caption":"Diputada de Comunidad Ciudadana, Alejandra Camargo."},{"@type":"BreadcrumbList","@id":"https:\/\/www.eldiario.net\/portal\/2024\/05\/20\/destacan-poder-de-la-poblacion-unida-contra-el-autoritarismo\/#breadcrumb","itemListElement":[{"@type":"ListItem","position":1,"name":"Portada","item":"https:\/\/www.eldiario.net\/portal\/"},{"@type":"ListItem","position":2,"name":"Destacan poder de la poblaci\u00f3n unida contra el autoritarismo"}]},{"@type":"WebSite","@id":"https:\/\/www.eldiario.net\/portal\/#website","url":"https:\/\/www.eldiario.net\/portal\/","name":"El Diario - Decano de la prensa nacional","description":"El Diario - Decano de la prensa nacional","publisher":{"@id":"https:\/\/www.eldiario.net\/portal\/#organization"},"potentialAction":[{"@type":"SearchAction","target":{"@type":"EntryPoint","urlTemplate":"https:\/\/www.eldiario.net\/portal\/?s={search_term_string}"},"query-input":{"@type":"PropertyValueSpecification","valueRequired":true,"valueName":"search_term_string"}}],"inLanguage":"es"},{"@type":"Organization","@id":"https:\/\/www.eldiario.net\/portal\/#organization","name":"El Diario - Decano de la prensa nacional","url":"https:\/\/www.eldiario.net\/portal\/","logo":{"@type":"ImageObject","inLanguage":"es","@id":"https:\/\/www.eldiario.net\/portal\/#\/schema\/logo\/image\/","url":"https:\/\/www.eldiario.net\/portal\/wp-content\/uploads\/2023\/07\/logo_ED.jpg","contentUrl":"https:\/\/www.eldiario.net\/portal\/wp-content\/uploads\/2023\/07\/logo_ED.jpg","width":272,"height":52,"caption":"El Diario - Decano de la prensa nacional"},"image":{"@id":"https:\/\/www.eldiario.net\/portal\/#\/schema\/logo\/image\/"},"sameAs":["https:\/\/www.facebook.com\/eldiario.bolivia\/","https:\/\/x.com\/eldiario_net"]},{"@type":"Person","@id":"https:\/\/www.eldiario.net\/portal\/#\/schema\/person\/f46445640444750d7d753ccd04ae01b7","name":"Jeanette","image":{"@type":"ImageObject","inLanguage":"es","@id":"https:\/\/secure.gravatar.com\/avatar\/3ea2118a5f7dad2b7138b1187a6b7ee55f160b9968b66013c3a3ef39dd7e5798?s=96&d=mm&r=g","url":"https:\/\/secure.gravatar.com\/avatar\/3ea2118a5f7dad2b7138b1187a6b7ee55f160b9968b66013c3a3ef39dd7e5798?s=96&d=mm&r=g","contentUrl":"https:\/\/secure.gravatar.com\/avatar\/3ea2118a5f7dad2b7138b1187a6b7ee55f160b9968b66013c3a3ef39dd7e5798?s=96&d=mm&r=g","caption":"Jeanette"},"sameAs":["https:\/\/www.eldiario.net\/portal"],"url":"https:\/\/www.eldiario.net\/portal\/author\/jeanette\/"}]}},"_links":{"self":[{"href":"https:\/\/www.eldiario.net\/portal\/wp-json\/wp\/v2\/posts\/221752","targetHints":{"allow":["GET"]}}],"collection":[{"href":"https:\/\/www.eldiario.net\/portal\/wp-json\/wp\/v2\/posts"}],"about":[{"href":"https:\/\/www.eldiario.net\/portal\/wp-json\/wp\/v2\/types\/post"}],"author":[{"embeddable":true,"href":"https:\/\/www.eldiario.net\/portal\/wp-json\/wp\/v2\/users\/1"}],"replies":[{"embeddable":true,"href":"https:\/\/www.eldiario.net\/portal\/wp-json\/wp\/v2\/comments?post=221752"}],"version-history":[{"count":1,"href":"https:\/\/www.eldiario.net\/portal\/wp-json\/wp\/v2\/posts\/221752\/revisions"}],"predecessor-version":[{"id":221754,"href":"https:\/\/www.eldiario.net\/portal\/wp-json\/wp\/v2\/posts\/221752\/revisions\/221754"}],"wp:featuredmedia":[{"embeddable":true,"href":"https:\/\/www.eldiario.net\/portal\/wp-json\/wp\/v2\/media\/221753"}],"wp:attachment":[{"href":"https:\/\/www.eldiario.net\/portal\/wp-json\/wp\/v2\/media?parent=221752"}],"wp:term":[{"taxonomy":"category","embeddable":true,"href":"https:\/\/www.eldiario.net\/portal\/wp-json\/wp\/v2\/categories?post=221752"},{"taxonomy":"post_tag","embeddable":true,"href":"https:\/\/www.eldiario.net\/portal\/wp-json\/wp\/v2\/tags?post=221752"}],"curies":[{"name":"wp","href":"https:\/\/api.w.org\/{rel}","templated":true}]}}