{"id":221749,"date":"2024-05-20T05:15:29","date_gmt":"2024-05-20T09:15:29","guid":{"rendered":"https:\/\/www.eldiario.net\/portal\/?p=221749"},"modified":"2024-05-20T05:15:29","modified_gmt":"2024-05-20T09:15:29","slug":"asambleistas-cuestionados-no-pueden-definir-destino-del-pais","status":"publish","type":"post","link":"https:\/\/www.eldiario.net\/portal\/2024\/05\/20\/asambleistas-cuestionados-no-pueden-definir-destino-del-pais\/","title":{"rendered":"Asamble\u00edstas cuestionados no pueden definir destino del pa\u00eds"},"content":{"rendered":"<p>Se\u00f1alando que el destino de un pa\u00eds no puede estar en manos de legisladores cuestionados, la diputada del Movimiento al Socialismo (MAS), Mar\u00eda Cristina Choque, sostuvo que no solo el presidente de la C\u00e1mara de Diputados, Israel Huaytari, debe dejar la titularidad de esta instancia y sugiri\u00f3 la renuncia de sus colegas, Jerges Mercado y Juan Jos\u00e9 J\u00e1uregui, por supuestamente atentar contra los derechos de la poblaci\u00f3n boliviana.<br \/>\n\u201cNosotros vamos a pedir que Huaytari se aleje de la presidencia de Diputados por todos los hechos de corrupci\u00f3n, tambi\u00e9n pedimos lo mismo de Jerges Mercado y Juan Jos\u00e9 J\u00e1uregui, por ser diputados inmorales sin \u00e9tica, ya que, al margen de actos de corrupci\u00f3n, ellos tienen denuncias de \u00edndole moral\u201d, expres\u00f3 Choque.<br \/>\nEn criterio de la legisladora del ala \u201cevista\u201d, fue este el motivo para que desde el \u201carcismo\u201d se haya rechazado la conformaci\u00f3n de una Comisi\u00f3n de \u00c9tica, evitando que este tipo de hechos de irregulares y dem\u00e1s actos que rompen con los principios y la moral puedan ser procesados en instancias de la ALP. \u201cQuieren socapar sus atrocidades, da verg\u00fcenza contar con este tipo de autoridades\u201d, a\u00f1adi\u00f3.<br \/>\nPor lo expuesto, Choque lament\u00f3 que el destino del pa\u00eds se encuentre en manos de legisladores cuestionados, \u201cque no distinguen entre el bien y el mal\u201d, mencion\u00f3 a tiempo de exigir la renuncia renunciar de estor tres asamble\u00edstas.<br \/>\nLa diputada tambi\u00e9n observ\u00f3 la falta de trabajo del presidente de la Asamblea Legislativa Plurinacional (ALP), David Choquehuanca, quien prioriza el trabajo pol\u00edtico dividiendo a las organizaciones sociales.<br \/>\n\u201cLe pedimos que trabaje de una vez, gracias a \u00e9l no tenemos agenda legislativa, estamos improvisando, no hay seriedad; Choquehuanca se aplaz\u00f3, le qued\u00f3 grande el cargo, en lugar de dedicarse a trabajar se dedica a dividir las organizaciones sociales\u201d, afirm\u00f3.<br \/>\nSobre las elecciones judiciales, a tiempo de aclarar que ninguna determinaci\u00f3n de exmagistrados, a partir de la presente gesti\u00f3n, son v\u00e1lidas porque su cargo feneci\u00f3 el pasado 31 de diciembre del 2023, Choque consider\u00f3 que es importante avanzar en una ley corta para consolidar \u201cde una vez por todas\u201d, este proceso.<br \/>\n\u201cLos autoprorrogados no est\u00e1n comprometidos con las necesidades de la poblaci\u00f3n boliviana y est\u00e1n dirigidos por el ministro Iv\u00e1n Lima. Queremos dar continuidad para que no se perjudique las elecciones judiciales y esperemos que en estos d\u00edas se plasme una ley corta\u201d, finaliz\u00f3.<\/p>\n<p>&nbsp;<\/p>\n","protected":false},"excerpt":{"rendered":"<p>Se\u00f1alando que el destino de un pa\u00eds no puede estar en manos de legisladores cuestionados, la diputada del Movimiento al Socialismo (MAS), Mar\u00eda Cristina Choque, sostuvo que no solo el presidente de la C\u00e1mara de Diputados, Israel Huaytari, debe dejar la titularidad de esta instancia y sugiri\u00f3 la renuncia de sus colegas, Jerges Mercado y [&hellip;]<\/p>\n","protected":false},"author":1,"featured_media":221750,"comment_status":"open","ping_status":"open","sticky":false,"template":"","format":"standard","meta":{"_acf_changed":false,"footnotes":""},"categories":[14],"tags":[],"class_list":["post-221749","post","type-post","status-publish","format-standard","has-post-thumbnail","category-politica"],"acf":{"antetitulo":"Diputada Mar\u00eda Choque"},"yoast_head":"<!-- This site is optimized with the Yoast SEO plugin v28.4 - https:\/\/yoast.com\/product\/yoast-seo-wordpress\/ -->\n<title>Asamble\u00edstas cuestionados no pueden definir destino del pa\u00eds - El Diario - Bolivia<\/title>\n<meta name=\"robots\" content=\"index, follow, max-snippet:-1, max-image-preview:large, max-video-preview:-1\" \/>\n<link rel=\"canonical\" href=\"https:\/\/www.eldiario.net\/portal\/2024\/05\/20\/asambleistas-cuestionados-no-pueden-definir-destino-del-pais\/\" \/>\n<meta property=\"og:locale\" content=\"es_ES\" \/>\n<meta property=\"og:type\" content=\"article\" \/>\n<meta property=\"og:title\" content=\"Asamble\u00edstas cuestionados no pueden definir destino del pa\u00eds - El Diario - Bolivia\" \/>\n<meta property=\"og:description\" content=\"Se\u00f1alando que el destino de un pa\u00eds no puede estar en manos de legisladores cuestionados, la diputada del Movimiento al Socialismo (MAS), Mar\u00eda Cristina Choque, sostuvo que no solo el presidente de la C\u00e1mara de Diputados, Israel Huaytari, debe dejar la titularidad de esta instancia y sugiri\u00f3 la renuncia de sus colegas, Jerges Mercado y [&hellip;]\" \/>\n<meta property=\"og:url\" content=\"https:\/\/www.eldiario.net\/portal\/2024\/05\/20\/asambleistas-cuestionados-no-pueden-definir-destino-del-pais\/\" \/>\n<meta property=\"og:site_name\" content=\"El Diario - Bolivia\" \/>\n<meta property=\"article:publisher\" content=\"https:\/\/www.facebook.com\/eldiario.bolivia\/\" \/>\n<meta property=\"article:published_time\" content=\"2024-05-20T09:15:29+00:00\" \/>\n<meta property=\"og:image\" content=\"https:\/\/www.eldiario.net\/portal\/wp-content\/uploads\/2024\/05\/Pol-44.png\" \/>\n\t<meta property=\"og:image:width\" content=\"935\" \/>\n\t<meta property=\"og:image:height\" content=\"542\" \/>\n\t<meta property=\"og:image:type\" content=\"image\/png\" \/>\n<meta name=\"author\" content=\"Jeanette\" \/>\n<meta name=\"twitter:card\" content=\"summary_large_image\" \/>\n<meta name=\"twitter:creator\" content=\"@eldiario_net\" \/>\n<meta name=\"twitter:site\" content=\"@eldiario_net\" \/>\n<meta name=\"twitter:label1\" content=\"Escrito por\" \/>\n\t<meta name=\"twitter:data1\" content=\"Jeanette\" \/>\n\t<meta name=\"twitter:label2\" content=\"Tiempo de lectura\" \/>\n\t<meta name=\"twitter:data2\" content=\"2 minutos\" \/>\n<script type=\"application\/ld+json\" class=\"yoast-schema-graph\">{\"@context\":\"https:\\\/\\\/schema.org\",\"@graph\":[{\"@type\":\"Article\",\"@id\":\"https:\\\/\\\/www.eldiario.net\\\/portal\\\/2024\\\/05\\\/20\\\/asambleistas-cuestionados-no-pueden-definir-destino-del-pais\\\/#article\",\"isPartOf\":{\"@id\":\"https:\\\/\\\/www.eldiario.net\\\/portal\\\/2024\\\/05\\\/20\\\/asambleistas-cuestionados-no-pueden-definir-destino-del-pais\\\/\"},\"author\":{\"name\":\"Jeanette\",\"@id\":\"https:\\\/\\\/www.eldiario.net\\\/portal\\\/#\\\/schema\\\/person\\\/f46445640444750d7d753ccd04ae01b7\"},\"headline\":\"Asamble\u00edstas cuestionados no pueden definir destino del pa\u00eds\",\"datePublished\":\"2024-05-20T09:15:29+00:00\",\"mainEntityOfPage\":{\"@id\":\"https:\\\/\\\/www.eldiario.net\\\/portal\\\/2024\\\/05\\\/20\\\/asambleistas-cuestionados-no-pueden-definir-destino-del-pais\\\/\"},\"wordCount\":424,\"commentCount\":0,\"publisher\":{\"@id\":\"https:\\\/\\\/www.eldiario.net\\\/portal\\\/#organization\"},\"image\":{\"@id\":\"https:\\\/\\\/www.eldiario.net\\\/portal\\\/2024\\\/05\\\/20\\\/asambleistas-cuestionados-no-pueden-definir-destino-del-pais\\\/#primaryimage\"},\"thumbnailUrl\":\"https:\\\/\\\/www.eldiario.net\\\/portal\\\/wp-content\\\/uploads\\\/2024\\\/05\\\/Pol-44.png\",\"articleSection\":[\"Pol\u00edtica\"],\"inLanguage\":\"es\",\"potentialAction\":[{\"@type\":\"CommentAction\",\"name\":\"Comment\",\"target\":[\"https:\\\/\\\/www.eldiario.net\\\/portal\\\/2024\\\/05\\\/20\\\/asambleistas-cuestionados-no-pueden-definir-destino-del-pais\\\/#respond\"]}]},{\"@type\":\"WebPage\",\"@id\":\"https:\\\/\\\/www.eldiario.net\\\/portal\\\/2024\\\/05\\\/20\\\/asambleistas-cuestionados-no-pueden-definir-destino-del-pais\\\/\",\"url\":\"https:\\\/\\\/www.eldiario.net\\\/portal\\\/2024\\\/05\\\/20\\\/asambleistas-cuestionados-no-pueden-definir-destino-del-pais\\\/\",\"name\":\"Asamble\u00edstas cuestionados no pueden definir destino del pa\u00eds - El Diario - Bolivia\",\"isPartOf\":{\"@id\":\"https:\\\/\\\/www.eldiario.net\\\/portal\\\/#website\"},\"primaryImageOfPage\":{\"@id\":\"https:\\\/\\\/www.eldiario.net\\\/portal\\\/2024\\\/05\\\/20\\\/asambleistas-cuestionados-no-pueden-definir-destino-del-pais\\\/#primaryimage\"},\"image\":{\"@id\":\"https:\\\/\\\/www.eldiario.net\\\/portal\\\/2024\\\/05\\\/20\\\/asambleistas-cuestionados-no-pueden-definir-destino-del-pais\\\/#primaryimage\"},\"thumbnailUrl\":\"https:\\\/\\\/www.eldiario.net\\\/portal\\\/wp-content\\\/uploads\\\/2024\\\/05\\\/Pol-44.png\",\"datePublished\":\"2024-05-20T09:15:29+00:00\",\"breadcrumb\":{\"@id\":\"https:\\\/\\\/www.eldiario.net\\\/portal\\\/2024\\\/05\\\/20\\\/asambleistas-cuestionados-no-pueden-definir-destino-del-pais\\\/#breadcrumb\"},\"inLanguage\":\"es\",\"potentialAction\":[{\"@type\":\"ReadAction\",\"target\":[\"https:\\\/\\\/www.eldiario.net\\\/portal\\\/2024\\\/05\\\/20\\\/asambleistas-cuestionados-no-pueden-definir-destino-del-pais\\\/\"]}]},{\"@type\":\"ImageObject\",\"inLanguage\":\"es\",\"@id\":\"https:\\\/\\\/www.eldiario.net\\\/portal\\\/2024\\\/05\\\/20\\\/asambleistas-cuestionados-no-pueden-definir-destino-del-pais\\\/#primaryimage\",\"url\":\"https:\\\/\\\/www.eldiario.net\\\/portal\\\/wp-content\\\/uploads\\\/2024\\\/05\\\/Pol-44.png\",\"contentUrl\":\"https:\\\/\\\/www.eldiario.net\\\/portal\\\/wp-content\\\/uploads\\\/2024\\\/05\\\/Pol-44.png\",\"width\":935,\"height\":542,\"caption\":\"Diputados Juan Jos\u00e9 J\u00e1uregui, Israel Huaytari y Jerges Mercado.\"},{\"@type\":\"BreadcrumbList\",\"@id\":\"https:\\\/\\\/www.eldiario.net\\\/portal\\\/2024\\\/05\\\/20\\\/asambleistas-cuestionados-no-pueden-definir-destino-del-pais\\\/#breadcrumb\",\"itemListElement\":[{\"@type\":\"ListItem\",\"position\":1,\"name\":\"Portada\",\"item\":\"https:\\\/\\\/www.eldiario.net\\\/portal\\\/\"},{\"@type\":\"ListItem\",\"position\":2,\"name\":\"Asamble\u00edstas cuestionados no pueden definir destino del pa\u00eds\"}]},{\"@type\":\"WebSite\",\"@id\":\"https:\\\/\\\/www.eldiario.net\\\/portal\\\/#website\",\"url\":\"https:\\\/\\\/www.eldiario.net\\\/portal\\\/\",\"name\":\"El Diario - Decano de la prensa nacional\",\"description\":\"El Diario - Decano de la prensa nacional\",\"publisher\":{\"@id\":\"https:\\\/\\\/www.eldiario.net\\\/portal\\\/#organization\"},\"potentialAction\":[{\"@type\":\"SearchAction\",\"target\":{\"@type\":\"EntryPoint\",\"urlTemplate\":\"https:\\\/\\\/www.eldiario.net\\\/portal\\\/?s={search_term_string}\"},\"query-input\":{\"@type\":\"PropertyValueSpecification\",\"valueRequired\":true,\"valueName\":\"search_term_string\"}}],\"inLanguage\":\"es\"},{\"@type\":\"Organization\",\"@id\":\"https:\\\/\\\/www.eldiario.net\\\/portal\\\/#organization\",\"name\":\"El Diario - Decano de la prensa nacional\",\"url\":\"https:\\\/\\\/www.eldiario.net\\\/portal\\\/\",\"logo\":{\"@type\":\"ImageObject\",\"inLanguage\":\"es\",\"@id\":\"https:\\\/\\\/www.eldiario.net\\\/portal\\\/#\\\/schema\\\/logo\\\/image\\\/\",\"url\":\"https:\\\/\\\/www.eldiario.net\\\/portal\\\/wp-content\\\/uploads\\\/2023\\\/07\\\/logo_ED.jpg\",\"contentUrl\":\"https:\\\/\\\/www.eldiario.net\\\/portal\\\/wp-content\\\/uploads\\\/2023\\\/07\\\/logo_ED.jpg\",\"width\":272,\"height\":52,\"caption\":\"El Diario - Decano de la prensa nacional\"},\"image\":{\"@id\":\"https:\\\/\\\/www.eldiario.net\\\/portal\\\/#\\\/schema\\\/logo\\\/image\\\/\"},\"sameAs\":[\"https:\\\/\\\/www.facebook.com\\\/eldiario.bolivia\\\/\",\"https:\\\/\\\/x.com\\\/eldiario_net\"]},{\"@type\":\"Person\",\"@id\":\"https:\\\/\\\/www.eldiario.net\\\/portal\\\/#\\\/schema\\\/person\\\/f46445640444750d7d753ccd04ae01b7\",\"name\":\"Jeanette\",\"image\":{\"@type\":\"ImageObject\",\"inLanguage\":\"es\",\"@id\":\"https:\\\/\\\/secure.gravatar.com\\\/avatar\\\/3ea2118a5f7dad2b7138b1187a6b7ee55f160b9968b66013c3a3ef39dd7e5798?s=96&d=mm&r=g\",\"url\":\"https:\\\/\\\/secure.gravatar.com\\\/avatar\\\/3ea2118a5f7dad2b7138b1187a6b7ee55f160b9968b66013c3a3ef39dd7e5798?s=96&d=mm&r=g\",\"contentUrl\":\"https:\\\/\\\/secure.gravatar.com\\\/avatar\\\/3ea2118a5f7dad2b7138b1187a6b7ee55f160b9968b66013c3a3ef39dd7e5798?s=96&d=mm&r=g\",\"caption\":\"Jeanette\"},\"sameAs\":[\"https:\\\/\\\/www.eldiario.net\\\/portal\"],\"url\":\"https:\\\/\\\/www.eldiario.net\\\/portal\\\/author\\\/jeanette\\\/\"}]}<\/script>\n<!-- \/ Yoast SEO plugin. -->","yoast_head_json":{"title":"Asamble\u00edstas cuestionados no pueden definir destino del pa\u00eds - El Diario - Bolivia","robots":{"index":"index","follow":"follow","max-snippet":"max-snippet:-1","max-image-preview":"max-image-preview:large","max-video-preview":"max-video-preview:-1"},"canonical":"https:\/\/www.eldiario.net\/portal\/2024\/05\/20\/asambleistas-cuestionados-no-pueden-definir-destino-del-pais\/","og_locale":"es_ES","og_type":"article","og_title":"Asamble\u00edstas cuestionados no pueden definir destino del pa\u00eds - El Diario - Bolivia","og_description":"Se\u00f1alando que el destino de un pa\u00eds no puede estar en manos de legisladores cuestionados, la diputada del Movimiento al Socialismo (MAS), Mar\u00eda Cristina Choque, sostuvo que no solo el presidente de la C\u00e1mara de Diputados, Israel Huaytari, debe dejar la titularidad de esta instancia y sugiri\u00f3 la renuncia de sus colegas, Jerges Mercado y [&hellip;]","og_url":"https:\/\/www.eldiario.net\/portal\/2024\/05\/20\/asambleistas-cuestionados-no-pueden-definir-destino-del-pais\/","og_site_name":"El Diario - Bolivia","article_publisher":"https:\/\/www.facebook.com\/eldiario.bolivia\/","article_published_time":"2024-05-20T09:15:29+00:00","og_image":[{"width":935,"height":542,"url":"https:\/\/www.eldiario.net\/portal\/wp-content\/uploads\/2024\/05\/Pol-44.png","type":"image\/png"}],"author":"Jeanette","twitter_card":"summary_large_image","twitter_creator":"@eldiario_net","twitter_site":"@eldiario_net","twitter_misc":{"Escrito por":"Jeanette","Tiempo de lectura":"2 minutos"},"schema":{"@context":"https:\/\/schema.org","@graph":[{"@type":"Article","@id":"https:\/\/www.eldiario.net\/portal\/2024\/05\/20\/asambleistas-cuestionados-no-pueden-definir-destino-del-pais\/#article","isPartOf":{"@id":"https:\/\/www.eldiario.net\/portal\/2024\/05\/20\/asambleistas-cuestionados-no-pueden-definir-destino-del-pais\/"},"author":{"name":"Jeanette","@id":"https:\/\/www.eldiario.net\/portal\/#\/schema\/person\/f46445640444750d7d753ccd04ae01b7"},"headline":"Asamble\u00edstas cuestionados no pueden definir destino del pa\u00eds","datePublished":"2024-05-20T09:15:29+00:00","mainEntityOfPage":{"@id":"https:\/\/www.eldiario.net\/portal\/2024\/05\/20\/asambleistas-cuestionados-no-pueden-definir-destino-del-pais\/"},"wordCount":424,"commentCount":0,"publisher":{"@id":"https:\/\/www.eldiario.net\/portal\/#organization"},"image":{"@id":"https:\/\/www.eldiario.net\/portal\/2024\/05\/20\/asambleistas-cuestionados-no-pueden-definir-destino-del-pais\/#primaryimage"},"thumbnailUrl":"https:\/\/www.eldiario.net\/portal\/wp-content\/uploads\/2024\/05\/Pol-44.png","articleSection":["Pol\u00edtica"],"inLanguage":"es","potentialAction":[{"@type":"CommentAction","name":"Comment","target":["https:\/\/www.eldiario.net\/portal\/2024\/05\/20\/asambleistas-cuestionados-no-pueden-definir-destino-del-pais\/#respond"]}]},{"@type":"WebPage","@id":"https:\/\/www.eldiario.net\/portal\/2024\/05\/20\/asambleistas-cuestionados-no-pueden-definir-destino-del-pais\/","url":"https:\/\/www.eldiario.net\/portal\/2024\/05\/20\/asambleistas-cuestionados-no-pueden-definir-destino-del-pais\/","name":"Asamble\u00edstas cuestionados no pueden definir destino del pa\u00eds - El Diario - Bolivia","isPartOf":{"@id":"https:\/\/www.eldiario.net\/portal\/#website"},"primaryImageOfPage":{"@id":"https:\/\/www.eldiario.net\/portal\/2024\/05\/20\/asambleistas-cuestionados-no-pueden-definir-destino-del-pais\/#primaryimage"},"image":{"@id":"https:\/\/www.eldiario.net\/portal\/2024\/05\/20\/asambleistas-cuestionados-no-pueden-definir-destino-del-pais\/#primaryimage"},"thumbnailUrl":"https:\/\/www.eldiario.net\/portal\/wp-content\/uploads\/2024\/05\/Pol-44.png","datePublished":"2024-05-20T09:15:29+00:00","breadcrumb":{"@id":"https:\/\/www.eldiario.net\/portal\/2024\/05\/20\/asambleistas-cuestionados-no-pueden-definir-destino-del-pais\/#breadcrumb"},"inLanguage":"es","potentialAction":[{"@type":"ReadAction","target":["https:\/\/www.eldiario.net\/portal\/2024\/05\/20\/asambleistas-cuestionados-no-pueden-definir-destino-del-pais\/"]}]},{"@type":"ImageObject","inLanguage":"es","@id":"https:\/\/www.eldiario.net\/portal\/2024\/05\/20\/asambleistas-cuestionados-no-pueden-definir-destino-del-pais\/#primaryimage","url":"https:\/\/www.eldiario.net\/portal\/wp-content\/uploads\/2024\/05\/Pol-44.png","contentUrl":"https:\/\/www.eldiario.net\/portal\/wp-content\/uploads\/2024\/05\/Pol-44.png","width":935,"height":542,"caption":"Diputados Juan Jos\u00e9 J\u00e1uregui, Israel Huaytari y Jerges Mercado."},{"@type":"BreadcrumbList","@id":"https:\/\/www.eldiario.net\/portal\/2024\/05\/20\/asambleistas-cuestionados-no-pueden-definir-destino-del-pais\/#breadcrumb","itemListElement":[{"@type":"ListItem","position":1,"name":"Portada","item":"https:\/\/www.eldiario.net\/portal\/"},{"@type":"ListItem","position":2,"name":"Asamble\u00edstas cuestionados no pueden definir destino del pa\u00eds"}]},{"@type":"WebSite","@id":"https:\/\/www.eldiario.net\/portal\/#website","url":"https:\/\/www.eldiario.net\/portal\/","name":"El Diario - Decano de la prensa nacional","description":"El Diario - Decano de la prensa nacional","publisher":{"@id":"https:\/\/www.eldiario.net\/portal\/#organization"},"potentialAction":[{"@type":"SearchAction","target":{"@type":"EntryPoint","urlTemplate":"https:\/\/www.eldiario.net\/portal\/?s={search_term_string}"},"query-input":{"@type":"PropertyValueSpecification","valueRequired":true,"valueName":"search_term_string"}}],"inLanguage":"es"},{"@type":"Organization","@id":"https:\/\/www.eldiario.net\/portal\/#organization","name":"El Diario - Decano de la prensa nacional","url":"https:\/\/www.eldiario.net\/portal\/","logo":{"@type":"ImageObject","inLanguage":"es","@id":"https:\/\/www.eldiario.net\/portal\/#\/schema\/logo\/image\/","url":"https:\/\/www.eldiario.net\/portal\/wp-content\/uploads\/2023\/07\/logo_ED.jpg","contentUrl":"https:\/\/www.eldiario.net\/portal\/wp-content\/uploads\/2023\/07\/logo_ED.jpg","width":272,"height":52,"caption":"El Diario - Decano de la prensa nacional"},"image":{"@id":"https:\/\/www.eldiario.net\/portal\/#\/schema\/logo\/image\/"},"sameAs":["https:\/\/www.facebook.com\/eldiario.bolivia\/","https:\/\/x.com\/eldiario_net"]},{"@type":"Person","@id":"https:\/\/www.eldiario.net\/portal\/#\/schema\/person\/f46445640444750d7d753ccd04ae01b7","name":"Jeanette","image":{"@type":"ImageObject","inLanguage":"es","@id":"https:\/\/secure.gravatar.com\/avatar\/3ea2118a5f7dad2b7138b1187a6b7ee55f160b9968b66013c3a3ef39dd7e5798?s=96&d=mm&r=g","url":"https:\/\/secure.gravatar.com\/avatar\/3ea2118a5f7dad2b7138b1187a6b7ee55f160b9968b66013c3a3ef39dd7e5798?s=96&d=mm&r=g","contentUrl":"https:\/\/secure.gravatar.com\/avatar\/3ea2118a5f7dad2b7138b1187a6b7ee55f160b9968b66013c3a3ef39dd7e5798?s=96&d=mm&r=g","caption":"Jeanette"},"sameAs":["https:\/\/www.eldiario.net\/portal"],"url":"https:\/\/www.eldiario.net\/portal\/author\/jeanette\/"}]}},"_links":{"self":[{"href":"https:\/\/www.eldiario.net\/portal\/wp-json\/wp\/v2\/posts\/221749","targetHints":{"allow":["GET"]}}],"collection":[{"href":"https:\/\/www.eldiario.net\/portal\/wp-json\/wp\/v2\/posts"}],"about":[{"href":"https:\/\/www.eldiario.net\/portal\/wp-json\/wp\/v2\/types\/post"}],"author":[{"embeddable":true,"href":"https:\/\/www.eldiario.net\/portal\/wp-json\/wp\/v2\/users\/1"}],"replies":[{"embeddable":true,"href":"https:\/\/www.eldiario.net\/portal\/wp-json\/wp\/v2\/comments?post=221749"}],"version-history":[{"count":1,"href":"https:\/\/www.eldiario.net\/portal\/wp-json\/wp\/v2\/posts\/221749\/revisions"}],"predecessor-version":[{"id":221751,"href":"https:\/\/www.eldiario.net\/portal\/wp-json\/wp\/v2\/posts\/221749\/revisions\/221751"}],"wp:featuredmedia":[{"embeddable":true,"href":"https:\/\/www.eldiario.net\/portal\/wp-json\/wp\/v2\/media\/221750"}],"wp:attachment":[{"href":"https:\/\/www.eldiario.net\/portal\/wp-json\/wp\/v2\/media?parent=221749"}],"wp:term":[{"taxonomy":"category","embeddable":true,"href":"https:\/\/www.eldiario.net\/portal\/wp-json\/wp\/v2\/categories?post=221749"},{"taxonomy":"post_tag","embeddable":true,"href":"https:\/\/www.eldiario.net\/portal\/wp-json\/wp\/v2\/tags?post=221749"}],"curies":[{"name":"wp","href":"https:\/\/api.w.org\/{rel}","templated":true}]}}