{"id":221746,"date":"2024-05-20T05:14:29","date_gmt":"2024-05-20T09:14:29","guid":{"rendered":"https:\/\/www.eldiario.net\/portal\/?p=221746"},"modified":"2024-05-20T05:14:29","modified_gmt":"2024-05-20T09:14:29","slug":"ven-que-gobierno-prioriza-la-politica-mientras-el-pais-se-hunde-en-la-crisis","status":"publish","type":"post","link":"https:\/\/www.eldiario.net\/portal\/2024\/05\/20\/ven-que-gobierno-prioriza-la-politica-mientras-el-pais-se-hunde-en-la-crisis\/","title":{"rendered":"Ven que Gobierno prioriza la pol\u00edtica  mientras el pa\u00eds se hunde en la crisis"},"content":{"rendered":"<p>El diputado por la agrupaci\u00f3n Creemos cuestion\u00f3 que las preocupaciones del Gobierno est\u00e9n centradas en sus miedos pol\u00edticos de perder el poder, evadir las elecciones judiciales o terminar con el \u201cevismo\u201d, en lugar de resolver la crisis econ\u00f3mica por la falta de d\u00f3lares, la escasez de combustible y el alza de precios de la canasta familiar.<br \/>\n\u201cLa econom\u00eda nacional est\u00e1 tan deteriorada, con un sector exportador bloqueado por cupos que perjudican, con importadores que no consiguen d\u00f3lares ya ni en el mercado paralelo que bordea los 9 bolivianos, con la canasta familiar que cada d\u00eda sube m\u00e1s, pero el Gobierno est\u00e1 preocupado en no perder el poder, en seguir manipulando el sistema judicial con magistrados ilegales prorrogados a su antojo mientras la gente clama por di\u00e9sel y fuentes de ingreso\u201d, declar\u00f3 Eg\u00fcez.<br \/>\nAsimismo, calific\u00f3 de equivocadas las argumentaciones del ministro de Econom\u00eda y Finanzas P\u00fablicas, Marcelo Montenegro, porque no toma en cuenta que los empresarios traen los d\u00f3lares en productos, en insumos que los fabricantes necesitan; pero adem\u00e1s, qu\u00e9 sentido tiene si esos d\u00f3lares \u201cson expropiados por el Gobierno\u201d y devueltos en bolivianos a un tipo de cambio de Bs 6.96 por cada d\u00f3lar con la p\u00e9rdida Bs 2, por cada d\u00f3lar comprado en el mercado paralelo.<br \/>\n\u201cCuando el empresario necesita d\u00f3lares para comprar insumos para seguir produciendo se ve obligado a buscar en el mercado paralelo a un costo que ya bordea los 9 bolivianos, ocasion\u00e1ndole una p\u00e9rdida de casi dos bolivianos por cada d\u00f3lar que compra\u201d, cuestion\u00f3.<br \/>\nEn este sentido, exhort\u00f3 al ministro Montenegro a un sinceramiento del Gobierno con la econom\u00eda real, con el d\u00e9ficit fiscal y atender la crisis econ\u00f3mica al margen de ideolog\u00edas, con medidas apropiadas sobre la base de datos reales para evitar medidas extremas.<br \/>\nEl legislador, se\u00f1al\u00f3 que la falta de d\u00f3lares ocasiona que el mercado paralelo cotice el d\u00f3lar seg\u00fan el monto requerido, inclusive, bordeando los nueve bolivianos por montos menores a 1.000 d\u00f3lares, por lo que, seg\u00fan manifest\u00f3 el ministro de Econom\u00eda, \u201clos mecanismos del sistema financiero que est\u00e1n limitando este acceso\u201d deben ser resueltos con urgencia para aumentar los d\u00f3lares de los clientes que los bancos deben tener a la vista.<br \/>\nDe igual forma, se\u00f1al\u00f3 la obligaci\u00f3n que tiene el Gobierno de cumplir el acuerdo de 10 puntos suscrito con el sector privado el reciente 19 de febrero, donde se comprometi\u00f3 a liberar las exportaciones para impulsar el ingreso de d\u00f3lares frescos y la inmediata devoluci\u00f3n del Certificado de Devoluci\u00f3n Impositiva, medidas que a la fecha no se hacen efectivas, mientras la crisis econ\u00f3mica se hace casi insostenible.<\/p>\n","protected":false},"excerpt":{"rendered":"<p>El diputado por la agrupaci\u00f3n Creemos cuestion\u00f3 que las preocupaciones del Gobierno est\u00e9n centradas en sus miedos pol\u00edticos de perder el poder, evadir las elecciones judiciales o terminar con el \u201cevismo\u201d, en lugar de resolver la crisis econ\u00f3mica por la falta de d\u00f3lares, la escasez de combustible y el alza de precios de la canasta [&hellip;]<\/p>\n","protected":false},"author":1,"featured_media":221747,"comment_status":"open","ping_status":"open","sticky":false,"template":"","format":"standard","meta":{"_acf_changed":false,"footnotes":""},"categories":[14],"tags":[],"class_list":["post-221746","post","type-post","status-publish","format-standard","has-post-thumbnail","category-politica"],"acf":{"antetitulo":"Llaman a sincerarse con la econom\u00eda"},"yoast_head":"<!-- This site is optimized with the Yoast SEO plugin v28.4 - https:\/\/yoast.com\/product\/yoast-seo-wordpress\/ -->\n<title>Ven que Gobierno prioriza la pol\u00edtica mientras el pa\u00eds se hunde en la crisis - El Diario - Bolivia<\/title>\n<meta name=\"robots\" content=\"index, follow, max-snippet:-1, max-image-preview:large, max-video-preview:-1\" \/>\n<link rel=\"canonical\" href=\"https:\/\/www.eldiario.net\/portal\/2024\/05\/20\/ven-que-gobierno-prioriza-la-politica-mientras-el-pais-se-hunde-en-la-crisis\/\" \/>\n<meta property=\"og:locale\" content=\"es_ES\" \/>\n<meta property=\"og:type\" content=\"article\" \/>\n<meta property=\"og:title\" content=\"Ven que Gobierno prioriza la pol\u00edtica mientras el pa\u00eds se hunde en la crisis - El Diario - Bolivia\" \/>\n<meta property=\"og:description\" content=\"El diputado por la agrupaci\u00f3n Creemos cuestion\u00f3 que las preocupaciones del Gobierno est\u00e9n centradas en sus miedos pol\u00edticos de perder el poder, evadir las elecciones judiciales o terminar con el \u201cevismo\u201d, en lugar de resolver la crisis econ\u00f3mica por la falta de d\u00f3lares, la escasez de combustible y el alza de precios de la canasta [&hellip;]\" \/>\n<meta property=\"og:url\" content=\"https:\/\/www.eldiario.net\/portal\/2024\/05\/20\/ven-que-gobierno-prioriza-la-politica-mientras-el-pais-se-hunde-en-la-crisis\/\" \/>\n<meta property=\"og:site_name\" content=\"El Diario - Bolivia\" \/>\n<meta property=\"article:publisher\" content=\"https:\/\/www.facebook.com\/eldiario.bolivia\/\" \/>\n<meta property=\"article:published_time\" content=\"2024-05-20T09:14:29+00:00\" \/>\n<meta property=\"og:image\" content=\"https:\/\/www.eldiario.net\/portal\/wp-content\/uploads\/2024\/05\/Pol-45.jpg\" \/>\n\t<meta property=\"og:image:width\" content=\"537\" \/>\n\t<meta property=\"og:image:height\" content=\"482\" \/>\n\t<meta property=\"og:image:type\" content=\"image\/jpeg\" \/>\n<meta name=\"author\" content=\"Jeanette\" \/>\n<meta name=\"twitter:card\" content=\"summary_large_image\" \/>\n<meta name=\"twitter:creator\" content=\"@eldiario_net\" \/>\n<meta name=\"twitter:site\" content=\"@eldiario_net\" \/>\n<meta name=\"twitter:label1\" content=\"Escrito por\" \/>\n\t<meta name=\"twitter:data1\" content=\"Jeanette\" \/>\n\t<meta name=\"twitter:label2\" content=\"Tiempo de lectura\" \/>\n\t<meta name=\"twitter:data2\" content=\"3 minutos\" \/>\n<script type=\"application\/ld+json\" class=\"yoast-schema-graph\">{\"@context\":\"https:\\\/\\\/schema.org\",\"@graph\":[{\"@type\":\"Article\",\"@id\":\"https:\\\/\\\/www.eldiario.net\\\/portal\\\/2024\\\/05\\\/20\\\/ven-que-gobierno-prioriza-la-politica-mientras-el-pais-se-hunde-en-la-crisis\\\/#article\",\"isPartOf\":{\"@id\":\"https:\\\/\\\/www.eldiario.net\\\/portal\\\/2024\\\/05\\\/20\\\/ven-que-gobierno-prioriza-la-politica-mientras-el-pais-se-hunde-en-la-crisis\\\/\"},\"author\":{\"name\":\"Jeanette\",\"@id\":\"https:\\\/\\\/www.eldiario.net\\\/portal\\\/#\\\/schema\\\/person\\\/f46445640444750d7d753ccd04ae01b7\"},\"headline\":\"Ven que Gobierno prioriza la pol\u00edtica mientras el pa\u00eds se hunde en la crisis\",\"datePublished\":\"2024-05-20T09:14:29+00:00\",\"mainEntityOfPage\":{\"@id\":\"https:\\\/\\\/www.eldiario.net\\\/portal\\\/2024\\\/05\\\/20\\\/ven-que-gobierno-prioriza-la-politica-mientras-el-pais-se-hunde-en-la-crisis\\\/\"},\"wordCount\":479,\"commentCount\":0,\"publisher\":{\"@id\":\"https:\\\/\\\/www.eldiario.net\\\/portal\\\/#organization\"},\"image\":{\"@id\":\"https:\\\/\\\/www.eldiario.net\\\/portal\\\/2024\\\/05\\\/20\\\/ven-que-gobierno-prioriza-la-politica-mientras-el-pais-se-hunde-en-la-crisis\\\/#primaryimage\"},\"thumbnailUrl\":\"https:\\\/\\\/www.eldiario.net\\\/portal\\\/wp-content\\\/uploads\\\/2024\\\/05\\\/Pol-45.jpg\",\"articleSection\":[\"Pol\u00edtica\"],\"inLanguage\":\"es\",\"potentialAction\":[{\"@type\":\"CommentAction\",\"name\":\"Comment\",\"target\":[\"https:\\\/\\\/www.eldiario.net\\\/portal\\\/2024\\\/05\\\/20\\\/ven-que-gobierno-prioriza-la-politica-mientras-el-pais-se-hunde-en-la-crisis\\\/#respond\"]}]},{\"@type\":\"WebPage\",\"@id\":\"https:\\\/\\\/www.eldiario.net\\\/portal\\\/2024\\\/05\\\/20\\\/ven-que-gobierno-prioriza-la-politica-mientras-el-pais-se-hunde-en-la-crisis\\\/\",\"url\":\"https:\\\/\\\/www.eldiario.net\\\/portal\\\/2024\\\/05\\\/20\\\/ven-que-gobierno-prioriza-la-politica-mientras-el-pais-se-hunde-en-la-crisis\\\/\",\"name\":\"Ven que Gobierno prioriza la pol\u00edtica mientras el pa\u00eds se hunde en la crisis - El Diario - Bolivia\",\"isPartOf\":{\"@id\":\"https:\\\/\\\/www.eldiario.net\\\/portal\\\/#website\"},\"primaryImageOfPage\":{\"@id\":\"https:\\\/\\\/www.eldiario.net\\\/portal\\\/2024\\\/05\\\/20\\\/ven-que-gobierno-prioriza-la-politica-mientras-el-pais-se-hunde-en-la-crisis\\\/#primaryimage\"},\"image\":{\"@id\":\"https:\\\/\\\/www.eldiario.net\\\/portal\\\/2024\\\/05\\\/20\\\/ven-que-gobierno-prioriza-la-politica-mientras-el-pais-se-hunde-en-la-crisis\\\/#primaryimage\"},\"thumbnailUrl\":\"https:\\\/\\\/www.eldiario.net\\\/portal\\\/wp-content\\\/uploads\\\/2024\\\/05\\\/Pol-45.jpg\",\"datePublished\":\"2024-05-20T09:14:29+00:00\",\"breadcrumb\":{\"@id\":\"https:\\\/\\\/www.eldiario.net\\\/portal\\\/2024\\\/05\\\/20\\\/ven-que-gobierno-prioriza-la-politica-mientras-el-pais-se-hunde-en-la-crisis\\\/#breadcrumb\"},\"inLanguage\":\"es\",\"potentialAction\":[{\"@type\":\"ReadAction\",\"target\":[\"https:\\\/\\\/www.eldiario.net\\\/portal\\\/2024\\\/05\\\/20\\\/ven-que-gobierno-prioriza-la-politica-mientras-el-pais-se-hunde-en-la-crisis\\\/\"]}]},{\"@type\":\"ImageObject\",\"inLanguage\":\"es\",\"@id\":\"https:\\\/\\\/www.eldiario.net\\\/portal\\\/2024\\\/05\\\/20\\\/ven-que-gobierno-prioriza-la-politica-mientras-el-pais-se-hunde-en-la-crisis\\\/#primaryimage\",\"url\":\"https:\\\/\\\/www.eldiario.net\\\/portal\\\/wp-content\\\/uploads\\\/2024\\\/05\\\/Pol-45.jpg\",\"contentUrl\":\"https:\\\/\\\/www.eldiario.net\\\/portal\\\/wp-content\\\/uploads\\\/2024\\\/05\\\/Pol-45.jpg\",\"width\":537,\"height\":482,\"caption\":\"Diputado de Creemos, Walthy Eg\u00fcez\"},{\"@type\":\"BreadcrumbList\",\"@id\":\"https:\\\/\\\/www.eldiario.net\\\/portal\\\/2024\\\/05\\\/20\\\/ven-que-gobierno-prioriza-la-politica-mientras-el-pais-se-hunde-en-la-crisis\\\/#breadcrumb\",\"itemListElement\":[{\"@type\":\"ListItem\",\"position\":1,\"name\":\"Portada\",\"item\":\"https:\\\/\\\/www.eldiario.net\\\/portal\\\/\"},{\"@type\":\"ListItem\",\"position\":2,\"name\":\"Ven que Gobierno prioriza la pol\u00edtica mientras el pa\u00eds se hunde en la crisis\"}]},{\"@type\":\"WebSite\",\"@id\":\"https:\\\/\\\/www.eldiario.net\\\/portal\\\/#website\",\"url\":\"https:\\\/\\\/www.eldiario.net\\\/portal\\\/\",\"name\":\"El Diario - Decano de la prensa nacional\",\"description\":\"El Diario - Decano de la prensa nacional\",\"publisher\":{\"@id\":\"https:\\\/\\\/www.eldiario.net\\\/portal\\\/#organization\"},\"potentialAction\":[{\"@type\":\"SearchAction\",\"target\":{\"@type\":\"EntryPoint\",\"urlTemplate\":\"https:\\\/\\\/www.eldiario.net\\\/portal\\\/?s={search_term_string}\"},\"query-input\":{\"@type\":\"PropertyValueSpecification\",\"valueRequired\":true,\"valueName\":\"search_term_string\"}}],\"inLanguage\":\"es\"},{\"@type\":\"Organization\",\"@id\":\"https:\\\/\\\/www.eldiario.net\\\/portal\\\/#organization\",\"name\":\"El Diario - Decano de la prensa nacional\",\"url\":\"https:\\\/\\\/www.eldiario.net\\\/portal\\\/\",\"logo\":{\"@type\":\"ImageObject\",\"inLanguage\":\"es\",\"@id\":\"https:\\\/\\\/www.eldiario.net\\\/portal\\\/#\\\/schema\\\/logo\\\/image\\\/\",\"url\":\"https:\\\/\\\/www.eldiario.net\\\/portal\\\/wp-content\\\/uploads\\\/2023\\\/07\\\/logo_ED.jpg\",\"contentUrl\":\"https:\\\/\\\/www.eldiario.net\\\/portal\\\/wp-content\\\/uploads\\\/2023\\\/07\\\/logo_ED.jpg\",\"width\":272,\"height\":52,\"caption\":\"El Diario - Decano de la prensa nacional\"},\"image\":{\"@id\":\"https:\\\/\\\/www.eldiario.net\\\/portal\\\/#\\\/schema\\\/logo\\\/image\\\/\"},\"sameAs\":[\"https:\\\/\\\/www.facebook.com\\\/eldiario.bolivia\\\/\",\"https:\\\/\\\/x.com\\\/eldiario_net\"]},{\"@type\":\"Person\",\"@id\":\"https:\\\/\\\/www.eldiario.net\\\/portal\\\/#\\\/schema\\\/person\\\/f46445640444750d7d753ccd04ae01b7\",\"name\":\"Jeanette\",\"image\":{\"@type\":\"ImageObject\",\"inLanguage\":\"es\",\"@id\":\"https:\\\/\\\/secure.gravatar.com\\\/avatar\\\/3ea2118a5f7dad2b7138b1187a6b7ee55f160b9968b66013c3a3ef39dd7e5798?s=96&d=mm&r=g\",\"url\":\"https:\\\/\\\/secure.gravatar.com\\\/avatar\\\/3ea2118a5f7dad2b7138b1187a6b7ee55f160b9968b66013c3a3ef39dd7e5798?s=96&d=mm&r=g\",\"contentUrl\":\"https:\\\/\\\/secure.gravatar.com\\\/avatar\\\/3ea2118a5f7dad2b7138b1187a6b7ee55f160b9968b66013c3a3ef39dd7e5798?s=96&d=mm&r=g\",\"caption\":\"Jeanette\"},\"sameAs\":[\"https:\\\/\\\/www.eldiario.net\\\/portal\"],\"url\":\"https:\\\/\\\/www.eldiario.net\\\/portal\\\/author\\\/jeanette\\\/\"}]}<\/script>\n<!-- \/ Yoast SEO plugin. -->","yoast_head_json":{"title":"Ven que Gobierno prioriza la pol\u00edtica mientras el pa\u00eds se hunde en la crisis - El Diario - Bolivia","robots":{"index":"index","follow":"follow","max-snippet":"max-snippet:-1","max-image-preview":"max-image-preview:large","max-video-preview":"max-video-preview:-1"},"canonical":"https:\/\/www.eldiario.net\/portal\/2024\/05\/20\/ven-que-gobierno-prioriza-la-politica-mientras-el-pais-se-hunde-en-la-crisis\/","og_locale":"es_ES","og_type":"article","og_title":"Ven que Gobierno prioriza la pol\u00edtica mientras el pa\u00eds se hunde en la crisis - El Diario - Bolivia","og_description":"El diputado por la agrupaci\u00f3n Creemos cuestion\u00f3 que las preocupaciones del Gobierno est\u00e9n centradas en sus miedos pol\u00edticos de perder el poder, evadir las elecciones judiciales o terminar con el \u201cevismo\u201d, en lugar de resolver la crisis econ\u00f3mica por la falta de d\u00f3lares, la escasez de combustible y el alza de precios de la canasta [&hellip;]","og_url":"https:\/\/www.eldiario.net\/portal\/2024\/05\/20\/ven-que-gobierno-prioriza-la-politica-mientras-el-pais-se-hunde-en-la-crisis\/","og_site_name":"El Diario - Bolivia","article_publisher":"https:\/\/www.facebook.com\/eldiario.bolivia\/","article_published_time":"2024-05-20T09:14:29+00:00","og_image":[{"width":537,"height":482,"url":"https:\/\/www.eldiario.net\/portal\/wp-content\/uploads\/2024\/05\/Pol-45.jpg","type":"image\/jpeg"}],"author":"Jeanette","twitter_card":"summary_large_image","twitter_creator":"@eldiario_net","twitter_site":"@eldiario_net","twitter_misc":{"Escrito por":"Jeanette","Tiempo de lectura":"3 minutos"},"schema":{"@context":"https:\/\/schema.org","@graph":[{"@type":"Article","@id":"https:\/\/www.eldiario.net\/portal\/2024\/05\/20\/ven-que-gobierno-prioriza-la-politica-mientras-el-pais-se-hunde-en-la-crisis\/#article","isPartOf":{"@id":"https:\/\/www.eldiario.net\/portal\/2024\/05\/20\/ven-que-gobierno-prioriza-la-politica-mientras-el-pais-se-hunde-en-la-crisis\/"},"author":{"name":"Jeanette","@id":"https:\/\/www.eldiario.net\/portal\/#\/schema\/person\/f46445640444750d7d753ccd04ae01b7"},"headline":"Ven que Gobierno prioriza la pol\u00edtica mientras el pa\u00eds se hunde en la crisis","datePublished":"2024-05-20T09:14:29+00:00","mainEntityOfPage":{"@id":"https:\/\/www.eldiario.net\/portal\/2024\/05\/20\/ven-que-gobierno-prioriza-la-politica-mientras-el-pais-se-hunde-en-la-crisis\/"},"wordCount":479,"commentCount":0,"publisher":{"@id":"https:\/\/www.eldiario.net\/portal\/#organization"},"image":{"@id":"https:\/\/www.eldiario.net\/portal\/2024\/05\/20\/ven-que-gobierno-prioriza-la-politica-mientras-el-pais-se-hunde-en-la-crisis\/#primaryimage"},"thumbnailUrl":"https:\/\/www.eldiario.net\/portal\/wp-content\/uploads\/2024\/05\/Pol-45.jpg","articleSection":["Pol\u00edtica"],"inLanguage":"es","potentialAction":[{"@type":"CommentAction","name":"Comment","target":["https:\/\/www.eldiario.net\/portal\/2024\/05\/20\/ven-que-gobierno-prioriza-la-politica-mientras-el-pais-se-hunde-en-la-crisis\/#respond"]}]},{"@type":"WebPage","@id":"https:\/\/www.eldiario.net\/portal\/2024\/05\/20\/ven-que-gobierno-prioriza-la-politica-mientras-el-pais-se-hunde-en-la-crisis\/","url":"https:\/\/www.eldiario.net\/portal\/2024\/05\/20\/ven-que-gobierno-prioriza-la-politica-mientras-el-pais-se-hunde-en-la-crisis\/","name":"Ven que Gobierno prioriza la pol\u00edtica mientras el pa\u00eds se hunde en la crisis - El Diario - Bolivia","isPartOf":{"@id":"https:\/\/www.eldiario.net\/portal\/#website"},"primaryImageOfPage":{"@id":"https:\/\/www.eldiario.net\/portal\/2024\/05\/20\/ven-que-gobierno-prioriza-la-politica-mientras-el-pais-se-hunde-en-la-crisis\/#primaryimage"},"image":{"@id":"https:\/\/www.eldiario.net\/portal\/2024\/05\/20\/ven-que-gobierno-prioriza-la-politica-mientras-el-pais-se-hunde-en-la-crisis\/#primaryimage"},"thumbnailUrl":"https:\/\/www.eldiario.net\/portal\/wp-content\/uploads\/2024\/05\/Pol-45.jpg","datePublished":"2024-05-20T09:14:29+00:00","breadcrumb":{"@id":"https:\/\/www.eldiario.net\/portal\/2024\/05\/20\/ven-que-gobierno-prioriza-la-politica-mientras-el-pais-se-hunde-en-la-crisis\/#breadcrumb"},"inLanguage":"es","potentialAction":[{"@type":"ReadAction","target":["https:\/\/www.eldiario.net\/portal\/2024\/05\/20\/ven-que-gobierno-prioriza-la-politica-mientras-el-pais-se-hunde-en-la-crisis\/"]}]},{"@type":"ImageObject","inLanguage":"es","@id":"https:\/\/www.eldiario.net\/portal\/2024\/05\/20\/ven-que-gobierno-prioriza-la-politica-mientras-el-pais-se-hunde-en-la-crisis\/#primaryimage","url":"https:\/\/www.eldiario.net\/portal\/wp-content\/uploads\/2024\/05\/Pol-45.jpg","contentUrl":"https:\/\/www.eldiario.net\/portal\/wp-content\/uploads\/2024\/05\/Pol-45.jpg","width":537,"height":482,"caption":"Diputado de Creemos, Walthy Eg\u00fcez"},{"@type":"BreadcrumbList","@id":"https:\/\/www.eldiario.net\/portal\/2024\/05\/20\/ven-que-gobierno-prioriza-la-politica-mientras-el-pais-se-hunde-en-la-crisis\/#breadcrumb","itemListElement":[{"@type":"ListItem","position":1,"name":"Portada","item":"https:\/\/www.eldiario.net\/portal\/"},{"@type":"ListItem","position":2,"name":"Ven que Gobierno prioriza la pol\u00edtica mientras el pa\u00eds se hunde en la crisis"}]},{"@type":"WebSite","@id":"https:\/\/www.eldiario.net\/portal\/#website","url":"https:\/\/www.eldiario.net\/portal\/","name":"El Diario - Decano de la prensa nacional","description":"El Diario - Decano de la prensa nacional","publisher":{"@id":"https:\/\/www.eldiario.net\/portal\/#organization"},"potentialAction":[{"@type":"SearchAction","target":{"@type":"EntryPoint","urlTemplate":"https:\/\/www.eldiario.net\/portal\/?s={search_term_string}"},"query-input":{"@type":"PropertyValueSpecification","valueRequired":true,"valueName":"search_term_string"}}],"inLanguage":"es"},{"@type":"Organization","@id":"https:\/\/www.eldiario.net\/portal\/#organization","name":"El Diario - Decano de la prensa nacional","url":"https:\/\/www.eldiario.net\/portal\/","logo":{"@type":"ImageObject","inLanguage":"es","@id":"https:\/\/www.eldiario.net\/portal\/#\/schema\/logo\/image\/","url":"https:\/\/www.eldiario.net\/portal\/wp-content\/uploads\/2023\/07\/logo_ED.jpg","contentUrl":"https:\/\/www.eldiario.net\/portal\/wp-content\/uploads\/2023\/07\/logo_ED.jpg","width":272,"height":52,"caption":"El Diario - Decano de la prensa nacional"},"image":{"@id":"https:\/\/www.eldiario.net\/portal\/#\/schema\/logo\/image\/"},"sameAs":["https:\/\/www.facebook.com\/eldiario.bolivia\/","https:\/\/x.com\/eldiario_net"]},{"@type":"Person","@id":"https:\/\/www.eldiario.net\/portal\/#\/schema\/person\/f46445640444750d7d753ccd04ae01b7","name":"Jeanette","image":{"@type":"ImageObject","inLanguage":"es","@id":"https:\/\/secure.gravatar.com\/avatar\/3ea2118a5f7dad2b7138b1187a6b7ee55f160b9968b66013c3a3ef39dd7e5798?s=96&d=mm&r=g","url":"https:\/\/secure.gravatar.com\/avatar\/3ea2118a5f7dad2b7138b1187a6b7ee55f160b9968b66013c3a3ef39dd7e5798?s=96&d=mm&r=g","contentUrl":"https:\/\/secure.gravatar.com\/avatar\/3ea2118a5f7dad2b7138b1187a6b7ee55f160b9968b66013c3a3ef39dd7e5798?s=96&d=mm&r=g","caption":"Jeanette"},"sameAs":["https:\/\/www.eldiario.net\/portal"],"url":"https:\/\/www.eldiario.net\/portal\/author\/jeanette\/"}]}},"_links":{"self":[{"href":"https:\/\/www.eldiario.net\/portal\/wp-json\/wp\/v2\/posts\/221746","targetHints":{"allow":["GET"]}}],"collection":[{"href":"https:\/\/www.eldiario.net\/portal\/wp-json\/wp\/v2\/posts"}],"about":[{"href":"https:\/\/www.eldiario.net\/portal\/wp-json\/wp\/v2\/types\/post"}],"author":[{"embeddable":true,"href":"https:\/\/www.eldiario.net\/portal\/wp-json\/wp\/v2\/users\/1"}],"replies":[{"embeddable":true,"href":"https:\/\/www.eldiario.net\/portal\/wp-json\/wp\/v2\/comments?post=221746"}],"version-history":[{"count":1,"href":"https:\/\/www.eldiario.net\/portal\/wp-json\/wp\/v2\/posts\/221746\/revisions"}],"predecessor-version":[{"id":221748,"href":"https:\/\/www.eldiario.net\/portal\/wp-json\/wp\/v2\/posts\/221746\/revisions\/221748"}],"wp:featuredmedia":[{"embeddable":true,"href":"https:\/\/www.eldiario.net\/portal\/wp-json\/wp\/v2\/media\/221747"}],"wp:attachment":[{"href":"https:\/\/www.eldiario.net\/portal\/wp-json\/wp\/v2\/media?parent=221746"}],"wp:term":[{"taxonomy":"category","embeddable":true,"href":"https:\/\/www.eldiario.net\/portal\/wp-json\/wp\/v2\/categories?post=221746"},{"taxonomy":"post_tag","embeddable":true,"href":"https:\/\/www.eldiario.net\/portal\/wp-json\/wp\/v2\/tags?post=221746"}],"curies":[{"name":"wp","href":"https:\/\/api.w.org\/{rel}","templated":true}]}}