{"id":221631,"date":"2024-05-19T07:25:51","date_gmt":"2024-05-19T11:25:51","guid":{"rendered":"https:\/\/www.eldiario.net\/portal\/?p=221631"},"modified":"2024-05-19T07:25:51","modified_gmt":"2024-05-19T11:25:51","slug":"perdida-estructural-muscular-osteoarticular-y-sus-consecuencias-en-los-adultos-mayores","status":"publish","type":"post","link":"https:\/\/www.eldiario.net\/portal\/2024\/05\/19\/perdida-estructural-muscular-osteoarticular-y-sus-consecuencias-en-los-adultos-mayores\/","title":{"rendered":"P\u00c9RDIDA ESTRUCTURAL, MUSCULAR, OSTEOARTICULAR Y SUS CONSECUENCIAS EN LOS ADULTOS MAYORES"},"content":{"rendered":"<p>Lic. Jaime Julio Ticona Pardo Fisioterapeuta Kinesi\u00f3logo UMSA, MAT-PROF. T-18. Ref. 72556224<br \/>\nLa etapa adulta mayor conlleva diversos cambios, siendo uno de estos el deterioro progresivo de la masa muscular (p\u00e9rdida de volumen y fuerza muscular), la amplitud articular (limitaci\u00f3n de movimiento) y la calidad \u00f3sea (desgaste y deformidad), los mismos condicionan a que el adulto mayor sufra diversos cambios en los m\u00fasculos, los huesos y las articulaciones.<br \/>\nEstos cambios estructurales pueden llegar a afectar en gran medida, la calidad de vida de nuestros adultos mayores, afect\u00e1ndolos de sobremanera en su equilibrio, en la postura, la marcha, la velocidad, su fuerza, la coordinaci\u00f3n y por ende la ejecuci\u00f3n de tareas b\u00e1sicas como el aseo, la alimentaci\u00f3n y el descanso, lo que com\u00fanmente denominamos las Actividades de la Vida Diaria (A.V.D.).<br \/>\nEntonces debemos tomar en cuenta que nuestro esqueleto es el armaz\u00f3n o la estructura que proporciona apoyo y soporte al cuerpo, Las articulaciones son quienes integran o unen los huesos d\u00e1ndoles movilidad y flexibilidad, pero la uni\u00f3n no es directa sino que tambi\u00e9n tenemos al cart\u00edlago y la membrana sinovial alrededor de cada uni\u00f3n que proporcionan amortiguaci\u00f3n y estabilidad articular, as\u00ed mismo los m\u00fasculos proporcionan la fuerza y la resistencia necesaria que lograr\u00e1 en su conjunto conseguir la movilizaci\u00f3n integral de todos estos componentes.<br \/>\n\u00bfC\u00d3MO AFECTAN ESTOS CAMBIOS AL ADULTO MAYOR?<br \/>\n&#8211; Se denota una disminuci\u00f3n de la estatura, por acortamiento del tronco ante el deterioro de los discos articulares y el adelgazamiento de las v\u00e9rtebras por la p\u00e9rdida de contenido mineral.<br \/>\n&#8211; Fragilidad en huesos, (propenso a fracturas), tambi\u00e9n por la p\u00e9rdida del contenido mineral.<br \/>\n&#8211; Rigidez articular (rango de movilidad articular disminuido), adormecimiento, pesadez, perdida de flexibilidad, desgaste de recubrimiento cartilaginoso, (causando inflamaci\u00f3n, fricci\u00f3n y hasta calcificaciones alrededor las articulaciones).<br \/>\n&#8211; P\u00e9rdida del tejido muscular (atrofia), entumecimiento y reacci\u00f3n lenta, p\u00e9rdida de fuerza.<\/p>\n<p>La osteoporosis ser\u00e1 m\u00e1s propensa en las mujeres, debido a la menopausia, las fracturas y los traumatismos son m\u00e1s propensos en los varones, las enfermedades reum\u00e1ticas no tienen preferencia de g\u00e9nero, as\u00ed mismo tendremos la alteraci\u00f3n en la postura el equilibrio y la marcha.<br \/>\n\u00bfC\u00d3MO PREVENIR ESTOS CAMBIOS?<br \/>\nEl gran aliado para prevenir y\/o retardar estos alteraciones, es el ejercicio, especialmente el \u201cejercicio terap\u00e9utico\u201d, ello ira de la mano de un control m\u00e9dico adecuado, una dieta equilibrada y apta para el adulto mayor, altas dosis de comprensi\u00f3n, tolerancia y paciencia. Para con nuestros queridos Adultos Mayores.<br \/>\n\u201cEL MOVIENTO ES PARTE ESENCIAL PARA MANTENER UNA VIDA ACTIVA\u201d<\/p>\n<p><img loading=\"lazy\" decoding=\"async\" class=\"aligncenter size-full wp-image-221633\" src=\"https:\/\/www.eldiario.net\/portal\/wp-content\/uploads\/2024\/05\/PERDIDA-ESTRUCTURAL-MUSCULAR-OSTEOARTICULAR-Y-SUS-CONSECUENCIAS-EN-LOS-ADULTOS-MAYORES.-2.jpg\" alt=\"\" width=\"880\" height=\"505\" srcset=\"https:\/\/www.eldiario.net\/portal\/wp-content\/uploads\/2024\/05\/PERDIDA-ESTRUCTURAL-MUSCULAR-OSTEOARTICULAR-Y-SUS-CONSECUENCIAS-EN-LOS-ADULTOS-MAYORES.-2.jpg 880w, https:\/\/www.eldiario.net\/portal\/wp-content\/uploads\/2024\/05\/PERDIDA-ESTRUCTURAL-MUSCULAR-OSTEOARTICULAR-Y-SUS-CONSECUENCIAS-EN-LOS-ADULTOS-MAYORES.-2-300x172.jpg 300w, https:\/\/www.eldiario.net\/portal\/wp-content\/uploads\/2024\/05\/PERDIDA-ESTRUCTURAL-MUSCULAR-OSTEOARTICULAR-Y-SUS-CONSECUENCIAS-EN-LOS-ADULTOS-MAYORES.-2-768x441.jpg 768w, https:\/\/www.eldiario.net\/portal\/wp-content\/uploads\/2024\/05\/PERDIDA-ESTRUCTURAL-MUSCULAR-OSTEOARTICULAR-Y-SUS-CONSECUENCIAS-EN-LOS-ADULTOS-MAYORES.-2-732x420.jpg 732w, https:\/\/www.eldiario.net\/portal\/wp-content\/uploads\/2024\/05\/PERDIDA-ESTRUCTURAL-MUSCULAR-OSTEOARTICULAR-Y-SUS-CONSECUENCIAS-EN-LOS-ADULTOS-MAYORES.-2-696x399.jpg 696w\" sizes=\"auto, (max-width: 880px) 100vw, 880px\" \/><\/p>\n","protected":false},"excerpt":{"rendered":"<p>Lic. Jaime Julio Ticona Pardo Fisioterapeuta Kinesi\u00f3logo UMSA, MAT-PROF. T-18. Ref. 72556224 La etapa adulta mayor conlleva diversos cambios, siendo uno de estos el deterioro progresivo de la masa muscular (p\u00e9rdida de volumen y fuerza muscular), la amplitud articular (limitaci\u00f3n de movimiento) y la calidad \u00f3sea (desgaste y deformidad), los mismos condicionan a que el [&hellip;]<\/p>\n","protected":false},"author":1,"featured_media":221632,"comment_status":"open","ping_status":"open","sticky":false,"template":"","format":"standard","meta":{"_acf_changed":false,"footnotes":""},"categories":[52],"tags":[],"class_list":["post-221631","post","type-post","status-publish","format-standard","has-post-thumbnail","category-de-salud-mas-vida"],"acf":{"antetitulo":""},"yoast_head":"<!-- This site is optimized with the Yoast SEO plugin v28.4 - https:\/\/yoast.com\/product\/yoast-seo-wordpress\/ -->\n<title>P\u00c9RDIDA ESTRUCTURAL, MUSCULAR, OSTEOARTICULAR Y SUS CONSECUENCIAS EN LOS ADULTOS MAYORES - El Diario - Bolivia<\/title>\n<meta name=\"robots\" content=\"index, follow, max-snippet:-1, max-image-preview:large, max-video-preview:-1\" \/>\n<link rel=\"canonical\" href=\"https:\/\/www.eldiario.net\/portal\/2024\/05\/19\/perdida-estructural-muscular-osteoarticular-y-sus-consecuencias-en-los-adultos-mayores\/\" \/>\n<meta property=\"og:locale\" content=\"es_ES\" \/>\n<meta property=\"og:type\" content=\"article\" \/>\n<meta property=\"og:title\" content=\"P\u00c9RDIDA ESTRUCTURAL, MUSCULAR, OSTEOARTICULAR Y SUS CONSECUENCIAS EN LOS ADULTOS MAYORES - El Diario - Bolivia\" \/>\n<meta property=\"og:description\" content=\"Lic. Jaime Julio Ticona Pardo Fisioterapeuta Kinesi\u00f3logo UMSA, MAT-PROF. T-18. Ref. 72556224 La etapa adulta mayor conlleva diversos cambios, siendo uno de estos el deterioro progresivo de la masa muscular (p\u00e9rdida de volumen y fuerza muscular), la amplitud articular (limitaci\u00f3n de movimiento) y la calidad \u00f3sea (desgaste y deformidad), los mismos condicionan a que el [&hellip;]\" \/>\n<meta property=\"og:url\" content=\"https:\/\/www.eldiario.net\/portal\/2024\/05\/19\/perdida-estructural-muscular-osteoarticular-y-sus-consecuencias-en-los-adultos-mayores\/\" \/>\n<meta property=\"og:site_name\" content=\"El Diario - Bolivia\" \/>\n<meta property=\"article:publisher\" content=\"https:\/\/www.facebook.com\/eldiario.bolivia\/\" \/>\n<meta property=\"article:published_time\" content=\"2024-05-19T11:25:51+00:00\" \/>\n<meta property=\"og:image\" content=\"https:\/\/www.eldiario.net\/portal\/wp-content\/uploads\/2024\/05\/PERDIDA-ESTRUCTURAL-MUSCULAR-OSTEOARTICULAR-Y-SUS-CONSECUENCIAS-EN-LOS-ADULTOS-MAYORES.jpg\" \/>\n\t<meta property=\"og:image:width\" content=\"960\" \/>\n\t<meta property=\"og:image:height\" content=\"541\" \/>\n\t<meta property=\"og:image:type\" content=\"image\/jpeg\" \/>\n<meta name=\"author\" content=\"Jeanette\" \/>\n<meta name=\"twitter:card\" content=\"summary_large_image\" \/>\n<meta name=\"twitter:creator\" content=\"@eldiario_net\" \/>\n<meta name=\"twitter:site\" content=\"@eldiario_net\" \/>\n<meta name=\"twitter:label1\" content=\"Escrito por\" \/>\n\t<meta name=\"twitter:data1\" content=\"Jeanette\" \/>\n\t<meta name=\"twitter:label2\" content=\"Tiempo de lectura\" \/>\n\t<meta name=\"twitter:data2\" content=\"3 minutos\" \/>\n<script type=\"application\/ld+json\" class=\"yoast-schema-graph\">{\"@context\":\"https:\\\/\\\/schema.org\",\"@graph\":[{\"@type\":\"Article\",\"@id\":\"https:\\\/\\\/www.eldiario.net\\\/portal\\\/2024\\\/05\\\/19\\\/perdida-estructural-muscular-osteoarticular-y-sus-consecuencias-en-los-adultos-mayores\\\/#article\",\"isPartOf\":{\"@id\":\"https:\\\/\\\/www.eldiario.net\\\/portal\\\/2024\\\/05\\\/19\\\/perdida-estructural-muscular-osteoarticular-y-sus-consecuencias-en-los-adultos-mayores\\\/\"},\"author\":{\"name\":\"Jeanette\",\"@id\":\"https:\\\/\\\/www.eldiario.net\\\/portal\\\/#\\\/schema\\\/person\\\/2c57cf2b7a7ae032e449e4c9b1019eac\"},\"headline\":\"P\u00c9RDIDA ESTRUCTURAL, MUSCULAR, OSTEOARTICULAR Y SUS CONSECUENCIAS EN LOS ADULTOS MAYORES\",\"datePublished\":\"2024-05-19T11:25:51+00:00\",\"mainEntityOfPage\":{\"@id\":\"https:\\\/\\\/www.eldiario.net\\\/portal\\\/2024\\\/05\\\/19\\\/perdida-estructural-muscular-osteoarticular-y-sus-consecuencias-en-los-adultos-mayores\\\/\"},\"wordCount\":464,\"commentCount\":0,\"publisher\":{\"@id\":\"https:\\\/\\\/www.eldiario.net\\\/portal\\\/#organization\"},\"image\":{\"@id\":\"https:\\\/\\\/www.eldiario.net\\\/portal\\\/2024\\\/05\\\/19\\\/perdida-estructural-muscular-osteoarticular-y-sus-consecuencias-en-los-adultos-mayores\\\/#primaryimage\"},\"thumbnailUrl\":\"https:\\\/\\\/www.eldiario.net\\\/portal\\\/wp-content\\\/uploads\\\/2024\\\/05\\\/PERDIDA-ESTRUCTURAL-MUSCULAR-OSTEOARTICULAR-Y-SUS-CONSECUENCIAS-EN-LOS-ADULTOS-MAYORES.jpg\",\"articleSection\":[\"De Salud + vida\"],\"inLanguage\":\"es\",\"potentialAction\":[{\"@type\":\"CommentAction\",\"name\":\"Comment\",\"target\":[\"https:\\\/\\\/www.eldiario.net\\\/portal\\\/2024\\\/05\\\/19\\\/perdida-estructural-muscular-osteoarticular-y-sus-consecuencias-en-los-adultos-mayores\\\/#respond\"]}]},{\"@type\":\"WebPage\",\"@id\":\"https:\\\/\\\/www.eldiario.net\\\/portal\\\/2024\\\/05\\\/19\\\/perdida-estructural-muscular-osteoarticular-y-sus-consecuencias-en-los-adultos-mayores\\\/\",\"url\":\"https:\\\/\\\/www.eldiario.net\\\/portal\\\/2024\\\/05\\\/19\\\/perdida-estructural-muscular-osteoarticular-y-sus-consecuencias-en-los-adultos-mayores\\\/\",\"name\":\"P\u00c9RDIDA ESTRUCTURAL, MUSCULAR, OSTEOARTICULAR Y SUS CONSECUENCIAS EN LOS ADULTOS MAYORES - El Diario - Bolivia\",\"isPartOf\":{\"@id\":\"https:\\\/\\\/www.eldiario.net\\\/portal\\\/#website\"},\"primaryImageOfPage\":{\"@id\":\"https:\\\/\\\/www.eldiario.net\\\/portal\\\/2024\\\/05\\\/19\\\/perdida-estructural-muscular-osteoarticular-y-sus-consecuencias-en-los-adultos-mayores\\\/#primaryimage\"},\"image\":{\"@id\":\"https:\\\/\\\/www.eldiario.net\\\/portal\\\/2024\\\/05\\\/19\\\/perdida-estructural-muscular-osteoarticular-y-sus-consecuencias-en-los-adultos-mayores\\\/#primaryimage\"},\"thumbnailUrl\":\"https:\\\/\\\/www.eldiario.net\\\/portal\\\/wp-content\\\/uploads\\\/2024\\\/05\\\/PERDIDA-ESTRUCTURAL-MUSCULAR-OSTEOARTICULAR-Y-SUS-CONSECUENCIAS-EN-LOS-ADULTOS-MAYORES.jpg\",\"datePublished\":\"2024-05-19T11:25:51+00:00\",\"breadcrumb\":{\"@id\":\"https:\\\/\\\/www.eldiario.net\\\/portal\\\/2024\\\/05\\\/19\\\/perdida-estructural-muscular-osteoarticular-y-sus-consecuencias-en-los-adultos-mayores\\\/#breadcrumb\"},\"inLanguage\":\"es\",\"potentialAction\":[{\"@type\":\"ReadAction\",\"target\":[\"https:\\\/\\\/www.eldiario.net\\\/portal\\\/2024\\\/05\\\/19\\\/perdida-estructural-muscular-osteoarticular-y-sus-consecuencias-en-los-adultos-mayores\\\/\"]}]},{\"@type\":\"ImageObject\",\"inLanguage\":\"es\",\"@id\":\"https:\\\/\\\/www.eldiario.net\\\/portal\\\/2024\\\/05\\\/19\\\/perdida-estructural-muscular-osteoarticular-y-sus-consecuencias-en-los-adultos-mayores\\\/#primaryimage\",\"url\":\"https:\\\/\\\/www.eldiario.net\\\/portal\\\/wp-content\\\/uploads\\\/2024\\\/05\\\/PERDIDA-ESTRUCTURAL-MUSCULAR-OSTEOARTICULAR-Y-SUS-CONSECUENCIAS-EN-LOS-ADULTOS-MAYORES.jpg\",\"contentUrl\":\"https:\\\/\\\/www.eldiario.net\\\/portal\\\/wp-content\\\/uploads\\\/2024\\\/05\\\/PERDIDA-ESTRUCTURAL-MUSCULAR-OSTEOARTICULAR-Y-SUS-CONSECUENCIAS-EN-LOS-ADULTOS-MAYORES.jpg\",\"width\":960,\"height\":541},{\"@type\":\"BreadcrumbList\",\"@id\":\"https:\\\/\\\/www.eldiario.net\\\/portal\\\/2024\\\/05\\\/19\\\/perdida-estructural-muscular-osteoarticular-y-sus-consecuencias-en-los-adultos-mayores\\\/#breadcrumb\",\"itemListElement\":[{\"@type\":\"ListItem\",\"position\":1,\"name\":\"Portada\",\"item\":\"https:\\\/\\\/www.eldiario.net\\\/portal\\\/\"},{\"@type\":\"ListItem\",\"position\":2,\"name\":\"P\u00c9RDIDA ESTRUCTURAL, MUSCULAR, OSTEOARTICULAR Y SUS CONSECUENCIAS EN LOS ADULTOS MAYORES\"}]},{\"@type\":\"WebSite\",\"@id\":\"https:\\\/\\\/www.eldiario.net\\\/portal\\\/#website\",\"url\":\"https:\\\/\\\/www.eldiario.net\\\/portal\\\/\",\"name\":\"El Diario - Decano de la prensa nacional\",\"description\":\"El Diario - Decano de la prensa nacional\",\"publisher\":{\"@id\":\"https:\\\/\\\/www.eldiario.net\\\/portal\\\/#organization\"},\"potentialAction\":[{\"@type\":\"SearchAction\",\"target\":{\"@type\":\"EntryPoint\",\"urlTemplate\":\"https:\\\/\\\/www.eldiario.net\\\/portal\\\/?s={search_term_string}\"},\"query-input\":{\"@type\":\"PropertyValueSpecification\",\"valueRequired\":true,\"valueName\":\"search_term_string\"}}],\"inLanguage\":\"es\"},{\"@type\":\"Organization\",\"@id\":\"https:\\\/\\\/www.eldiario.net\\\/portal\\\/#organization\",\"name\":\"El Diario - Decano de la prensa nacional\",\"url\":\"https:\\\/\\\/www.eldiario.net\\\/portal\\\/\",\"logo\":{\"@type\":\"ImageObject\",\"inLanguage\":\"es\",\"@id\":\"https:\\\/\\\/www.eldiario.net\\\/portal\\\/#\\\/schema\\\/logo\\\/image\\\/\",\"url\":\"https:\\\/\\\/www.eldiario.net\\\/portal\\\/wp-content\\\/uploads\\\/2023\\\/07\\\/logo_ED.jpg\",\"contentUrl\":\"https:\\\/\\\/www.eldiario.net\\\/portal\\\/wp-content\\\/uploads\\\/2023\\\/07\\\/logo_ED.jpg\",\"width\":272,\"height\":52,\"caption\":\"El Diario - Decano de la prensa nacional\"},\"image\":{\"@id\":\"https:\\\/\\\/www.eldiario.net\\\/portal\\\/#\\\/schema\\\/logo\\\/image\\\/\"},\"sameAs\":[\"https:\\\/\\\/www.facebook.com\\\/eldiario.bolivia\\\/\",\"https:\\\/\\\/x.com\\\/eldiario_net\"]},{\"@type\":\"Person\",\"@id\":\"https:\\\/\\\/www.eldiario.net\\\/portal\\\/#\\\/schema\\\/person\\\/2c57cf2b7a7ae032e449e4c9b1019eac\",\"name\":\"Jeanette\",\"image\":{\"@type\":\"ImageObject\",\"inLanguage\":\"es\",\"@id\":\"https:\\\/\\\/secure.gravatar.com\\\/avatar\\\/3ea2118a5f7dad2b7138b1187a6b7ee55f160b9968b66013c3a3ef39dd7e5798?s=96&d=mm&r=g\",\"url\":\"https:\\\/\\\/secure.gravatar.com\\\/avatar\\\/3ea2118a5f7dad2b7138b1187a6b7ee55f160b9968b66013c3a3ef39dd7e5798?s=96&d=mm&r=g\",\"contentUrl\":\"https:\\\/\\\/secure.gravatar.com\\\/avatar\\\/3ea2118a5f7dad2b7138b1187a6b7ee55f160b9968b66013c3a3ef39dd7e5798?s=96&d=mm&r=g\",\"caption\":\"Jeanette\"},\"sameAs\":[\"https:\\\/\\\/www.eldiario.net\\\/portal\"],\"url\":\"https:\\\/\\\/www.eldiario.net\\\/portal\\\/author\\\/jeanette\\\/\"}]}<\/script>\n<!-- \/ Yoast SEO plugin. -->","yoast_head_json":{"title":"P\u00c9RDIDA ESTRUCTURAL, MUSCULAR, OSTEOARTICULAR Y SUS CONSECUENCIAS EN LOS ADULTOS MAYORES - El Diario - Bolivia","robots":{"index":"index","follow":"follow","max-snippet":"max-snippet:-1","max-image-preview":"max-image-preview:large","max-video-preview":"max-video-preview:-1"},"canonical":"https:\/\/www.eldiario.net\/portal\/2024\/05\/19\/perdida-estructural-muscular-osteoarticular-y-sus-consecuencias-en-los-adultos-mayores\/","og_locale":"es_ES","og_type":"article","og_title":"P\u00c9RDIDA ESTRUCTURAL, MUSCULAR, OSTEOARTICULAR Y SUS CONSECUENCIAS EN LOS ADULTOS MAYORES - El Diario - Bolivia","og_description":"Lic. Jaime Julio Ticona Pardo Fisioterapeuta Kinesi\u00f3logo UMSA, MAT-PROF. T-18. Ref. 72556224 La etapa adulta mayor conlleva diversos cambios, siendo uno de estos el deterioro progresivo de la masa muscular (p\u00e9rdida de volumen y fuerza muscular), la amplitud articular (limitaci\u00f3n de movimiento) y la calidad \u00f3sea (desgaste y deformidad), los mismos condicionan a que el [&hellip;]","og_url":"https:\/\/www.eldiario.net\/portal\/2024\/05\/19\/perdida-estructural-muscular-osteoarticular-y-sus-consecuencias-en-los-adultos-mayores\/","og_site_name":"El Diario - Bolivia","article_publisher":"https:\/\/www.facebook.com\/eldiario.bolivia\/","article_published_time":"2024-05-19T11:25:51+00:00","og_image":[{"width":960,"height":541,"url":"https:\/\/www.eldiario.net\/portal\/wp-content\/uploads\/2024\/05\/PERDIDA-ESTRUCTURAL-MUSCULAR-OSTEOARTICULAR-Y-SUS-CONSECUENCIAS-EN-LOS-ADULTOS-MAYORES.jpg","type":"image\/jpeg"}],"author":"Jeanette","twitter_card":"summary_large_image","twitter_creator":"@eldiario_net","twitter_site":"@eldiario_net","twitter_misc":{"Escrito por":"Jeanette","Tiempo de lectura":"3 minutos"},"schema":{"@context":"https:\/\/schema.org","@graph":[{"@type":"Article","@id":"https:\/\/www.eldiario.net\/portal\/2024\/05\/19\/perdida-estructural-muscular-osteoarticular-y-sus-consecuencias-en-los-adultos-mayores\/#article","isPartOf":{"@id":"https:\/\/www.eldiario.net\/portal\/2024\/05\/19\/perdida-estructural-muscular-osteoarticular-y-sus-consecuencias-en-los-adultos-mayores\/"},"author":{"name":"Jeanette","@id":"https:\/\/www.eldiario.net\/portal\/#\/schema\/person\/2c57cf2b7a7ae032e449e4c9b1019eac"},"headline":"P\u00c9RDIDA ESTRUCTURAL, MUSCULAR, OSTEOARTICULAR Y SUS CONSECUENCIAS EN LOS ADULTOS MAYORES","datePublished":"2024-05-19T11:25:51+00:00","mainEntityOfPage":{"@id":"https:\/\/www.eldiario.net\/portal\/2024\/05\/19\/perdida-estructural-muscular-osteoarticular-y-sus-consecuencias-en-los-adultos-mayores\/"},"wordCount":464,"commentCount":0,"publisher":{"@id":"https:\/\/www.eldiario.net\/portal\/#organization"},"image":{"@id":"https:\/\/www.eldiario.net\/portal\/2024\/05\/19\/perdida-estructural-muscular-osteoarticular-y-sus-consecuencias-en-los-adultos-mayores\/#primaryimage"},"thumbnailUrl":"https:\/\/www.eldiario.net\/portal\/wp-content\/uploads\/2024\/05\/PERDIDA-ESTRUCTURAL-MUSCULAR-OSTEOARTICULAR-Y-SUS-CONSECUENCIAS-EN-LOS-ADULTOS-MAYORES.jpg","articleSection":["De Salud + vida"],"inLanguage":"es","potentialAction":[{"@type":"CommentAction","name":"Comment","target":["https:\/\/www.eldiario.net\/portal\/2024\/05\/19\/perdida-estructural-muscular-osteoarticular-y-sus-consecuencias-en-los-adultos-mayores\/#respond"]}]},{"@type":"WebPage","@id":"https:\/\/www.eldiario.net\/portal\/2024\/05\/19\/perdida-estructural-muscular-osteoarticular-y-sus-consecuencias-en-los-adultos-mayores\/","url":"https:\/\/www.eldiario.net\/portal\/2024\/05\/19\/perdida-estructural-muscular-osteoarticular-y-sus-consecuencias-en-los-adultos-mayores\/","name":"P\u00c9RDIDA ESTRUCTURAL, MUSCULAR, OSTEOARTICULAR Y SUS CONSECUENCIAS EN LOS ADULTOS MAYORES - El Diario - Bolivia","isPartOf":{"@id":"https:\/\/www.eldiario.net\/portal\/#website"},"primaryImageOfPage":{"@id":"https:\/\/www.eldiario.net\/portal\/2024\/05\/19\/perdida-estructural-muscular-osteoarticular-y-sus-consecuencias-en-los-adultos-mayores\/#primaryimage"},"image":{"@id":"https:\/\/www.eldiario.net\/portal\/2024\/05\/19\/perdida-estructural-muscular-osteoarticular-y-sus-consecuencias-en-los-adultos-mayores\/#primaryimage"},"thumbnailUrl":"https:\/\/www.eldiario.net\/portal\/wp-content\/uploads\/2024\/05\/PERDIDA-ESTRUCTURAL-MUSCULAR-OSTEOARTICULAR-Y-SUS-CONSECUENCIAS-EN-LOS-ADULTOS-MAYORES.jpg","datePublished":"2024-05-19T11:25:51+00:00","breadcrumb":{"@id":"https:\/\/www.eldiario.net\/portal\/2024\/05\/19\/perdida-estructural-muscular-osteoarticular-y-sus-consecuencias-en-los-adultos-mayores\/#breadcrumb"},"inLanguage":"es","potentialAction":[{"@type":"ReadAction","target":["https:\/\/www.eldiario.net\/portal\/2024\/05\/19\/perdida-estructural-muscular-osteoarticular-y-sus-consecuencias-en-los-adultos-mayores\/"]}]},{"@type":"ImageObject","inLanguage":"es","@id":"https:\/\/www.eldiario.net\/portal\/2024\/05\/19\/perdida-estructural-muscular-osteoarticular-y-sus-consecuencias-en-los-adultos-mayores\/#primaryimage","url":"https:\/\/www.eldiario.net\/portal\/wp-content\/uploads\/2024\/05\/PERDIDA-ESTRUCTURAL-MUSCULAR-OSTEOARTICULAR-Y-SUS-CONSECUENCIAS-EN-LOS-ADULTOS-MAYORES.jpg","contentUrl":"https:\/\/www.eldiario.net\/portal\/wp-content\/uploads\/2024\/05\/PERDIDA-ESTRUCTURAL-MUSCULAR-OSTEOARTICULAR-Y-SUS-CONSECUENCIAS-EN-LOS-ADULTOS-MAYORES.jpg","width":960,"height":541},{"@type":"BreadcrumbList","@id":"https:\/\/www.eldiario.net\/portal\/2024\/05\/19\/perdida-estructural-muscular-osteoarticular-y-sus-consecuencias-en-los-adultos-mayores\/#breadcrumb","itemListElement":[{"@type":"ListItem","position":1,"name":"Portada","item":"https:\/\/www.eldiario.net\/portal\/"},{"@type":"ListItem","position":2,"name":"P\u00c9RDIDA ESTRUCTURAL, MUSCULAR, OSTEOARTICULAR Y SUS CONSECUENCIAS EN LOS ADULTOS MAYORES"}]},{"@type":"WebSite","@id":"https:\/\/www.eldiario.net\/portal\/#website","url":"https:\/\/www.eldiario.net\/portal\/","name":"El Diario - Decano de la prensa nacional","description":"El Diario - Decano de la prensa nacional","publisher":{"@id":"https:\/\/www.eldiario.net\/portal\/#organization"},"potentialAction":[{"@type":"SearchAction","target":{"@type":"EntryPoint","urlTemplate":"https:\/\/www.eldiario.net\/portal\/?s={search_term_string}"},"query-input":{"@type":"PropertyValueSpecification","valueRequired":true,"valueName":"search_term_string"}}],"inLanguage":"es"},{"@type":"Organization","@id":"https:\/\/www.eldiario.net\/portal\/#organization","name":"El Diario - Decano de la prensa nacional","url":"https:\/\/www.eldiario.net\/portal\/","logo":{"@type":"ImageObject","inLanguage":"es","@id":"https:\/\/www.eldiario.net\/portal\/#\/schema\/logo\/image\/","url":"https:\/\/www.eldiario.net\/portal\/wp-content\/uploads\/2023\/07\/logo_ED.jpg","contentUrl":"https:\/\/www.eldiario.net\/portal\/wp-content\/uploads\/2023\/07\/logo_ED.jpg","width":272,"height":52,"caption":"El Diario - Decano de la prensa nacional"},"image":{"@id":"https:\/\/www.eldiario.net\/portal\/#\/schema\/logo\/image\/"},"sameAs":["https:\/\/www.facebook.com\/eldiario.bolivia\/","https:\/\/x.com\/eldiario_net"]},{"@type":"Person","@id":"https:\/\/www.eldiario.net\/portal\/#\/schema\/person\/2c57cf2b7a7ae032e449e4c9b1019eac","name":"Jeanette","image":{"@type":"ImageObject","inLanguage":"es","@id":"https:\/\/secure.gravatar.com\/avatar\/3ea2118a5f7dad2b7138b1187a6b7ee55f160b9968b66013c3a3ef39dd7e5798?s=96&d=mm&r=g","url":"https:\/\/secure.gravatar.com\/avatar\/3ea2118a5f7dad2b7138b1187a6b7ee55f160b9968b66013c3a3ef39dd7e5798?s=96&d=mm&r=g","contentUrl":"https:\/\/secure.gravatar.com\/avatar\/3ea2118a5f7dad2b7138b1187a6b7ee55f160b9968b66013c3a3ef39dd7e5798?s=96&d=mm&r=g","caption":"Jeanette"},"sameAs":["https:\/\/www.eldiario.net\/portal"],"url":"https:\/\/www.eldiario.net\/portal\/author\/jeanette\/"}]}},"_links":{"self":[{"href":"https:\/\/www.eldiario.net\/portal\/wp-json\/wp\/v2\/posts\/221631","targetHints":{"allow":["GET"]}}],"collection":[{"href":"https:\/\/www.eldiario.net\/portal\/wp-json\/wp\/v2\/posts"}],"about":[{"href":"https:\/\/www.eldiario.net\/portal\/wp-json\/wp\/v2\/types\/post"}],"author":[{"embeddable":true,"href":"https:\/\/www.eldiario.net\/portal\/wp-json\/wp\/v2\/users\/1"}],"replies":[{"embeddable":true,"href":"https:\/\/www.eldiario.net\/portal\/wp-json\/wp\/v2\/comments?post=221631"}],"version-history":[{"count":1,"href":"https:\/\/www.eldiario.net\/portal\/wp-json\/wp\/v2\/posts\/221631\/revisions"}],"predecessor-version":[{"id":221634,"href":"https:\/\/www.eldiario.net\/portal\/wp-json\/wp\/v2\/posts\/221631\/revisions\/221634"}],"wp:featuredmedia":[{"embeddable":true,"href":"https:\/\/www.eldiario.net\/portal\/wp-json\/wp\/v2\/media\/221632"}],"wp:attachment":[{"href":"https:\/\/www.eldiario.net\/portal\/wp-json\/wp\/v2\/media?parent=221631"}],"wp:term":[{"taxonomy":"category","embeddable":true,"href":"https:\/\/www.eldiario.net\/portal\/wp-json\/wp\/v2\/categories?post=221631"},{"taxonomy":"post_tag","embeddable":true,"href":"https:\/\/www.eldiario.net\/portal\/wp-json\/wp\/v2\/tags?post=221631"}],"curies":[{"name":"wp","href":"https:\/\/api.w.org\/{rel}","templated":true}]}}