{"id":221477,"date":"2024-05-19T06:33:24","date_gmt":"2024-05-19T10:33:24","guid":{"rendered":"https:\/\/www.eldiario.net\/portal\/?p=221477"},"modified":"2024-05-19T06:33:24","modified_gmt":"2024-05-19T10:33:24","slug":"policia-agresor-de-periodistas-ascendido-por-buen-servicio","status":"publish","type":"post","link":"https:\/\/www.eldiario.net\/portal\/2024\/05\/19\/policia-agresor-de-periodistas-ascendido-por-buen-servicio\/","title":{"rendered":"Polic\u00eda agresor de periodistas, ascendido por \u201cbuen servicio\u201d"},"content":{"rendered":"<p>El teniente de la Polic\u00eda, V\u00edctor Hugo Santelices, repudiado por asociaciones de periodistas luego de haber ofrecido dinero para evitar una imputaci\u00f3n por violencia a trabajadores de la prensa en Santa Cruz, fue\u00a0ascendido a capit\u00e1n\u00a0durante los primeros d\u00edas del a\u00f1o por su \u201cconstancia como buen servidor p\u00fablico\u201d.<br \/>\nEl abogado del polic\u00eda, Carlos Dante, asegur\u00f3 que Santelices ascendi\u00f3 a capit\u00e1n\u00a0debido a su \u201cconstancia como buen servidor p\u00fablico\u201d, de acuerdo con los reglamentos de la Polic\u00eda Boliviana.<br \/>\nSantelices fue imputado por los delitos de lesiones graves y atentado a la libertad de expresi\u00f3n por\u00a0agredir f\u00edsicamente a los periodistas,\u00a0Miguel \u00c1ngel Rivero Manaira y Joel Orellana, de la red Unitel, durante las protestas tras la detenci\u00f3n del gobernador, Luis Fernando Camacho, en enero del a\u00f1o pasado.<br \/>\nEn una audiencia de conciliaci\u00f3n efectuada el pasado mi\u00e9rcoles, Santelices\u00a0ofreci\u00f3 a los periodistas un \u201cresarcimiento\u201d de 100 d\u00f3lares, una propuesta que fue calificada como \u201cindignante\u201d por gremios period\u00edsticos que defienden la libertad de expresi\u00f3n.<br \/>\nA pesar de las pruebas en su contra, Santelices neg\u00f3 haber sido agresor de los periodistas durante la cobertura de las protestas. Sin embargo, los periodistas lo identificaron plenamente, incluso con el rostro cubierto por una capucha. (Agencias)<\/p>\n","protected":false},"excerpt":{"rendered":"<p>El teniente de la Polic\u00eda, V\u00edctor Hugo Santelices, repudiado por asociaciones de periodistas luego de haber ofrecido dinero para evitar una imputaci\u00f3n por violencia a trabajadores de la prensa en Santa Cruz, fue\u00a0ascendido a capit\u00e1n\u00a0durante los primeros d\u00edas del a\u00f1o por su \u201cconstancia como buen servidor p\u00fablico\u201d. El abogado del polic\u00eda, Carlos Dante, asegur\u00f3 que [&hellip;]<\/p>\n","protected":false},"author":1,"featured_media":221478,"comment_status":"open","ping_status":"open","sticky":false,"template":"","format":"standard","meta":{"_acf_changed":false,"footnotes":""},"categories":[39],"tags":[],"class_list":["post-221477","post","type-post","status-publish","format-standard","has-post-thumbnail","category-sociedad"],"acf":{"antetitulo":"A principios de a\u00f1o"},"yoast_head":"<!-- This site is optimized with the Yoast SEO plugin v28.3 - https:\/\/yoast.com\/product\/yoast-seo-wordpress\/ -->\n<title>Polic\u00eda agresor de periodistas, ascendido por \u201cbuen servicio\u201d - El Diario - Bolivia<\/title>\n<meta name=\"robots\" content=\"index, follow, max-snippet:-1, max-image-preview:large, max-video-preview:-1\" \/>\n<link rel=\"canonical\" href=\"https:\/\/www.eldiario.net\/portal\/2024\/05\/19\/policia-agresor-de-periodistas-ascendido-por-buen-servicio\/\" \/>\n<meta property=\"og:locale\" content=\"es_ES\" \/>\n<meta property=\"og:type\" content=\"article\" \/>\n<meta property=\"og:title\" content=\"Polic\u00eda agresor de periodistas, ascendido por \u201cbuen servicio\u201d - El Diario - Bolivia\" \/>\n<meta property=\"og:description\" content=\"El teniente de la Polic\u00eda, V\u00edctor Hugo Santelices, repudiado por asociaciones de periodistas luego de haber ofrecido dinero para evitar una imputaci\u00f3n por violencia a trabajadores de la prensa en Santa Cruz, fue\u00a0ascendido a capit\u00e1n\u00a0durante los primeros d\u00edas del a\u00f1o por su \u201cconstancia como buen servidor p\u00fablico\u201d. El abogado del polic\u00eda, Carlos Dante, asegur\u00f3 que [&hellip;]\" \/>\n<meta property=\"og:url\" content=\"https:\/\/www.eldiario.net\/portal\/2024\/05\/19\/policia-agresor-de-periodistas-ascendido-por-buen-servicio\/\" \/>\n<meta property=\"og:site_name\" content=\"El Diario - Bolivia\" \/>\n<meta property=\"article:publisher\" content=\"https:\/\/www.facebook.com\/eldiario.bolivia\/\" \/>\n<meta property=\"article:published_time\" content=\"2024-05-19T10:33:24+00:00\" \/>\n<meta property=\"og:image\" content=\"https:\/\/www.eldiario.net\/portal\/wp-content\/uploads\/2024\/05\/19-POL.png\" \/>\n\t<meta property=\"og:image:width\" content=\"760\" \/>\n\t<meta property=\"og:image:height\" content=\"415\" \/>\n\t<meta property=\"og:image:type\" content=\"image\/png\" \/>\n<meta name=\"author\" content=\"Jeanette\" \/>\n<meta name=\"twitter:card\" content=\"summary_large_image\" \/>\n<meta name=\"twitter:creator\" content=\"@eldiario_net\" \/>\n<meta name=\"twitter:site\" content=\"@eldiario_net\" \/>\n<meta name=\"twitter:label1\" content=\"Escrito por\" \/>\n\t<meta name=\"twitter:data1\" content=\"Jeanette\" \/>\n\t<meta name=\"twitter:label2\" content=\"Tiempo de lectura\" \/>\n\t<meta name=\"twitter:data2\" content=\"2 minutos\" \/>\n<script type=\"application\/ld+json\" class=\"yoast-schema-graph\">{\"@context\":\"https:\\\/\\\/schema.org\",\"@graph\":[{\"@type\":\"Article\",\"@id\":\"https:\\\/\\\/www.eldiario.net\\\/portal\\\/2024\\\/05\\\/19\\\/policia-agresor-de-periodistas-ascendido-por-buen-servicio\\\/#article\",\"isPartOf\":{\"@id\":\"https:\\\/\\\/www.eldiario.net\\\/portal\\\/2024\\\/05\\\/19\\\/policia-agresor-de-periodistas-ascendido-por-buen-servicio\\\/\"},\"author\":{\"name\":\"Jeanette\",\"@id\":\"https:\\\/\\\/www.eldiario.net\\\/portal\\\/#\\\/schema\\\/person\\\/f46445640444750d7d753ccd04ae01b7\"},\"headline\":\"Polic\u00eda agresor de periodistas, ascendido por \u201cbuen servicio\u201d\",\"datePublished\":\"2024-05-19T10:33:24+00:00\",\"mainEntityOfPage\":{\"@id\":\"https:\\\/\\\/www.eldiario.net\\\/portal\\\/2024\\\/05\\\/19\\\/policia-agresor-de-periodistas-ascendido-por-buen-servicio\\\/\"},\"wordCount\":228,\"commentCount\":0,\"publisher\":{\"@id\":\"https:\\\/\\\/www.eldiario.net\\\/portal\\\/#organization\"},\"image\":{\"@id\":\"https:\\\/\\\/www.eldiario.net\\\/portal\\\/2024\\\/05\\\/19\\\/policia-agresor-de-periodistas-ascendido-por-buen-servicio\\\/#primaryimage\"},\"thumbnailUrl\":\"https:\\\/\\\/www.eldiario.net\\\/portal\\\/wp-content\\\/uploads\\\/2024\\\/05\\\/19-POL.png\",\"articleSection\":[\"Sociedad - Seguridad\"],\"inLanguage\":\"es\",\"potentialAction\":[{\"@type\":\"CommentAction\",\"name\":\"Comment\",\"target\":[\"https:\\\/\\\/www.eldiario.net\\\/portal\\\/2024\\\/05\\\/19\\\/policia-agresor-de-periodistas-ascendido-por-buen-servicio\\\/#respond\"]}]},{\"@type\":\"WebPage\",\"@id\":\"https:\\\/\\\/www.eldiario.net\\\/portal\\\/2024\\\/05\\\/19\\\/policia-agresor-de-periodistas-ascendido-por-buen-servicio\\\/\",\"url\":\"https:\\\/\\\/www.eldiario.net\\\/portal\\\/2024\\\/05\\\/19\\\/policia-agresor-de-periodistas-ascendido-por-buen-servicio\\\/\",\"name\":\"Polic\u00eda agresor de periodistas, ascendido por \u201cbuen servicio\u201d - El Diario - Bolivia\",\"isPartOf\":{\"@id\":\"https:\\\/\\\/www.eldiario.net\\\/portal\\\/#website\"},\"primaryImageOfPage\":{\"@id\":\"https:\\\/\\\/www.eldiario.net\\\/portal\\\/2024\\\/05\\\/19\\\/policia-agresor-de-periodistas-ascendido-por-buen-servicio\\\/#primaryimage\"},\"image\":{\"@id\":\"https:\\\/\\\/www.eldiario.net\\\/portal\\\/2024\\\/05\\\/19\\\/policia-agresor-de-periodistas-ascendido-por-buen-servicio\\\/#primaryimage\"},\"thumbnailUrl\":\"https:\\\/\\\/www.eldiario.net\\\/portal\\\/wp-content\\\/uploads\\\/2024\\\/05\\\/19-POL.png\",\"datePublished\":\"2024-05-19T10:33:24+00:00\",\"breadcrumb\":{\"@id\":\"https:\\\/\\\/www.eldiario.net\\\/portal\\\/2024\\\/05\\\/19\\\/policia-agresor-de-periodistas-ascendido-por-buen-servicio\\\/#breadcrumb\"},\"inLanguage\":\"es\",\"potentialAction\":[{\"@type\":\"ReadAction\",\"target\":[\"https:\\\/\\\/www.eldiario.net\\\/portal\\\/2024\\\/05\\\/19\\\/policia-agresor-de-periodistas-ascendido-por-buen-servicio\\\/\"]}]},{\"@type\":\"ImageObject\",\"inLanguage\":\"es\",\"@id\":\"https:\\\/\\\/www.eldiario.net\\\/portal\\\/2024\\\/05\\\/19\\\/policia-agresor-de-periodistas-ascendido-por-buen-servicio\\\/#primaryimage\",\"url\":\"https:\\\/\\\/www.eldiario.net\\\/portal\\\/wp-content\\\/uploads\\\/2024\\\/05\\\/19-POL.png\",\"contentUrl\":\"https:\\\/\\\/www.eldiario.net\\\/portal\\\/wp-content\\\/uploads\\\/2024\\\/05\\\/19-POL.png\",\"width\":760,\"height\":415,\"caption\":\"Santelices (izquierda) fue plenamente identificado por sus v\u00edctimas.\"},{\"@type\":\"BreadcrumbList\",\"@id\":\"https:\\\/\\\/www.eldiario.net\\\/portal\\\/2024\\\/05\\\/19\\\/policia-agresor-de-periodistas-ascendido-por-buen-servicio\\\/#breadcrumb\",\"itemListElement\":[{\"@type\":\"ListItem\",\"position\":1,\"name\":\"Portada\",\"item\":\"https:\\\/\\\/www.eldiario.net\\\/portal\\\/\"},{\"@type\":\"ListItem\",\"position\":2,\"name\":\"Polic\u00eda agresor de periodistas, ascendido por \u201cbuen servicio\u201d\"}]},{\"@type\":\"WebSite\",\"@id\":\"https:\\\/\\\/www.eldiario.net\\\/portal\\\/#website\",\"url\":\"https:\\\/\\\/www.eldiario.net\\\/portal\\\/\",\"name\":\"El Diario - Decano de la prensa nacional\",\"description\":\"El Diario - Decano de la prensa nacional\",\"publisher\":{\"@id\":\"https:\\\/\\\/www.eldiario.net\\\/portal\\\/#organization\"},\"potentialAction\":[{\"@type\":\"SearchAction\",\"target\":{\"@type\":\"EntryPoint\",\"urlTemplate\":\"https:\\\/\\\/www.eldiario.net\\\/portal\\\/?s={search_term_string}\"},\"query-input\":{\"@type\":\"PropertyValueSpecification\",\"valueRequired\":true,\"valueName\":\"search_term_string\"}}],\"inLanguage\":\"es\"},{\"@type\":\"Organization\",\"@id\":\"https:\\\/\\\/www.eldiario.net\\\/portal\\\/#organization\",\"name\":\"El Diario - Decano de la prensa nacional\",\"url\":\"https:\\\/\\\/www.eldiario.net\\\/portal\\\/\",\"logo\":{\"@type\":\"ImageObject\",\"inLanguage\":\"es\",\"@id\":\"https:\\\/\\\/www.eldiario.net\\\/portal\\\/#\\\/schema\\\/logo\\\/image\\\/\",\"url\":\"https:\\\/\\\/www.eldiario.net\\\/portal\\\/wp-content\\\/uploads\\\/2023\\\/07\\\/logo_ED.jpg\",\"contentUrl\":\"https:\\\/\\\/www.eldiario.net\\\/portal\\\/wp-content\\\/uploads\\\/2023\\\/07\\\/logo_ED.jpg\",\"width\":272,\"height\":52,\"caption\":\"El Diario - Decano de la prensa nacional\"},\"image\":{\"@id\":\"https:\\\/\\\/www.eldiario.net\\\/portal\\\/#\\\/schema\\\/logo\\\/image\\\/\"},\"sameAs\":[\"https:\\\/\\\/www.facebook.com\\\/eldiario.bolivia\\\/\",\"https:\\\/\\\/x.com\\\/eldiario_net\"]},{\"@type\":\"Person\",\"@id\":\"https:\\\/\\\/www.eldiario.net\\\/portal\\\/#\\\/schema\\\/person\\\/f46445640444750d7d753ccd04ae01b7\",\"name\":\"Jeanette\",\"image\":{\"@type\":\"ImageObject\",\"inLanguage\":\"es\",\"@id\":\"https:\\\/\\\/secure.gravatar.com\\\/avatar\\\/3ea2118a5f7dad2b7138b1187a6b7ee55f160b9968b66013c3a3ef39dd7e5798?s=96&d=mm&r=g\",\"url\":\"https:\\\/\\\/secure.gravatar.com\\\/avatar\\\/3ea2118a5f7dad2b7138b1187a6b7ee55f160b9968b66013c3a3ef39dd7e5798?s=96&d=mm&r=g\",\"contentUrl\":\"https:\\\/\\\/secure.gravatar.com\\\/avatar\\\/3ea2118a5f7dad2b7138b1187a6b7ee55f160b9968b66013c3a3ef39dd7e5798?s=96&d=mm&r=g\",\"caption\":\"Jeanette\"},\"sameAs\":[\"https:\\\/\\\/www.eldiario.net\\\/portal\"],\"url\":\"https:\\\/\\\/www.eldiario.net\\\/portal\\\/author\\\/jeanette\\\/\"}]}<\/script>\n<!-- \/ Yoast SEO plugin. -->","yoast_head_json":{"title":"Polic\u00eda agresor de periodistas, ascendido por \u201cbuen servicio\u201d - El Diario - Bolivia","robots":{"index":"index","follow":"follow","max-snippet":"max-snippet:-1","max-image-preview":"max-image-preview:large","max-video-preview":"max-video-preview:-1"},"canonical":"https:\/\/www.eldiario.net\/portal\/2024\/05\/19\/policia-agresor-de-periodistas-ascendido-por-buen-servicio\/","og_locale":"es_ES","og_type":"article","og_title":"Polic\u00eda agresor de periodistas, ascendido por \u201cbuen servicio\u201d - El Diario - Bolivia","og_description":"El teniente de la Polic\u00eda, V\u00edctor Hugo Santelices, repudiado por asociaciones de periodistas luego de haber ofrecido dinero para evitar una imputaci\u00f3n por violencia a trabajadores de la prensa en Santa Cruz, fue\u00a0ascendido a capit\u00e1n\u00a0durante los primeros d\u00edas del a\u00f1o por su \u201cconstancia como buen servidor p\u00fablico\u201d. El abogado del polic\u00eda, Carlos Dante, asegur\u00f3 que [&hellip;]","og_url":"https:\/\/www.eldiario.net\/portal\/2024\/05\/19\/policia-agresor-de-periodistas-ascendido-por-buen-servicio\/","og_site_name":"El Diario - Bolivia","article_publisher":"https:\/\/www.facebook.com\/eldiario.bolivia\/","article_published_time":"2024-05-19T10:33:24+00:00","og_image":[{"width":760,"height":415,"url":"https:\/\/www.eldiario.net\/portal\/wp-content\/uploads\/2024\/05\/19-POL.png","type":"image\/png"}],"author":"Jeanette","twitter_card":"summary_large_image","twitter_creator":"@eldiario_net","twitter_site":"@eldiario_net","twitter_misc":{"Escrito por":"Jeanette","Tiempo de lectura":"2 minutos"},"schema":{"@context":"https:\/\/schema.org","@graph":[{"@type":"Article","@id":"https:\/\/www.eldiario.net\/portal\/2024\/05\/19\/policia-agresor-de-periodistas-ascendido-por-buen-servicio\/#article","isPartOf":{"@id":"https:\/\/www.eldiario.net\/portal\/2024\/05\/19\/policia-agresor-de-periodistas-ascendido-por-buen-servicio\/"},"author":{"name":"Jeanette","@id":"https:\/\/www.eldiario.net\/portal\/#\/schema\/person\/f46445640444750d7d753ccd04ae01b7"},"headline":"Polic\u00eda agresor de periodistas, ascendido por \u201cbuen servicio\u201d","datePublished":"2024-05-19T10:33:24+00:00","mainEntityOfPage":{"@id":"https:\/\/www.eldiario.net\/portal\/2024\/05\/19\/policia-agresor-de-periodistas-ascendido-por-buen-servicio\/"},"wordCount":228,"commentCount":0,"publisher":{"@id":"https:\/\/www.eldiario.net\/portal\/#organization"},"image":{"@id":"https:\/\/www.eldiario.net\/portal\/2024\/05\/19\/policia-agresor-de-periodistas-ascendido-por-buen-servicio\/#primaryimage"},"thumbnailUrl":"https:\/\/www.eldiario.net\/portal\/wp-content\/uploads\/2024\/05\/19-POL.png","articleSection":["Sociedad - Seguridad"],"inLanguage":"es","potentialAction":[{"@type":"CommentAction","name":"Comment","target":["https:\/\/www.eldiario.net\/portal\/2024\/05\/19\/policia-agresor-de-periodistas-ascendido-por-buen-servicio\/#respond"]}]},{"@type":"WebPage","@id":"https:\/\/www.eldiario.net\/portal\/2024\/05\/19\/policia-agresor-de-periodistas-ascendido-por-buen-servicio\/","url":"https:\/\/www.eldiario.net\/portal\/2024\/05\/19\/policia-agresor-de-periodistas-ascendido-por-buen-servicio\/","name":"Polic\u00eda agresor de periodistas, ascendido por \u201cbuen servicio\u201d - El Diario - Bolivia","isPartOf":{"@id":"https:\/\/www.eldiario.net\/portal\/#website"},"primaryImageOfPage":{"@id":"https:\/\/www.eldiario.net\/portal\/2024\/05\/19\/policia-agresor-de-periodistas-ascendido-por-buen-servicio\/#primaryimage"},"image":{"@id":"https:\/\/www.eldiario.net\/portal\/2024\/05\/19\/policia-agresor-de-periodistas-ascendido-por-buen-servicio\/#primaryimage"},"thumbnailUrl":"https:\/\/www.eldiario.net\/portal\/wp-content\/uploads\/2024\/05\/19-POL.png","datePublished":"2024-05-19T10:33:24+00:00","breadcrumb":{"@id":"https:\/\/www.eldiario.net\/portal\/2024\/05\/19\/policia-agresor-de-periodistas-ascendido-por-buen-servicio\/#breadcrumb"},"inLanguage":"es","potentialAction":[{"@type":"ReadAction","target":["https:\/\/www.eldiario.net\/portal\/2024\/05\/19\/policia-agresor-de-periodistas-ascendido-por-buen-servicio\/"]}]},{"@type":"ImageObject","inLanguage":"es","@id":"https:\/\/www.eldiario.net\/portal\/2024\/05\/19\/policia-agresor-de-periodistas-ascendido-por-buen-servicio\/#primaryimage","url":"https:\/\/www.eldiario.net\/portal\/wp-content\/uploads\/2024\/05\/19-POL.png","contentUrl":"https:\/\/www.eldiario.net\/portal\/wp-content\/uploads\/2024\/05\/19-POL.png","width":760,"height":415,"caption":"Santelices (izquierda) fue plenamente identificado por sus v\u00edctimas."},{"@type":"BreadcrumbList","@id":"https:\/\/www.eldiario.net\/portal\/2024\/05\/19\/policia-agresor-de-periodistas-ascendido-por-buen-servicio\/#breadcrumb","itemListElement":[{"@type":"ListItem","position":1,"name":"Portada","item":"https:\/\/www.eldiario.net\/portal\/"},{"@type":"ListItem","position":2,"name":"Polic\u00eda agresor de periodistas, ascendido por \u201cbuen servicio\u201d"}]},{"@type":"WebSite","@id":"https:\/\/www.eldiario.net\/portal\/#website","url":"https:\/\/www.eldiario.net\/portal\/","name":"El Diario - Decano de la prensa nacional","description":"El Diario - Decano de la prensa nacional","publisher":{"@id":"https:\/\/www.eldiario.net\/portal\/#organization"},"potentialAction":[{"@type":"SearchAction","target":{"@type":"EntryPoint","urlTemplate":"https:\/\/www.eldiario.net\/portal\/?s={search_term_string}"},"query-input":{"@type":"PropertyValueSpecification","valueRequired":true,"valueName":"search_term_string"}}],"inLanguage":"es"},{"@type":"Organization","@id":"https:\/\/www.eldiario.net\/portal\/#organization","name":"El Diario - Decano de la prensa nacional","url":"https:\/\/www.eldiario.net\/portal\/","logo":{"@type":"ImageObject","inLanguage":"es","@id":"https:\/\/www.eldiario.net\/portal\/#\/schema\/logo\/image\/","url":"https:\/\/www.eldiario.net\/portal\/wp-content\/uploads\/2023\/07\/logo_ED.jpg","contentUrl":"https:\/\/www.eldiario.net\/portal\/wp-content\/uploads\/2023\/07\/logo_ED.jpg","width":272,"height":52,"caption":"El Diario - Decano de la prensa nacional"},"image":{"@id":"https:\/\/www.eldiario.net\/portal\/#\/schema\/logo\/image\/"},"sameAs":["https:\/\/www.facebook.com\/eldiario.bolivia\/","https:\/\/x.com\/eldiario_net"]},{"@type":"Person","@id":"https:\/\/www.eldiario.net\/portal\/#\/schema\/person\/f46445640444750d7d753ccd04ae01b7","name":"Jeanette","image":{"@type":"ImageObject","inLanguage":"es","@id":"https:\/\/secure.gravatar.com\/avatar\/3ea2118a5f7dad2b7138b1187a6b7ee55f160b9968b66013c3a3ef39dd7e5798?s=96&d=mm&r=g","url":"https:\/\/secure.gravatar.com\/avatar\/3ea2118a5f7dad2b7138b1187a6b7ee55f160b9968b66013c3a3ef39dd7e5798?s=96&d=mm&r=g","contentUrl":"https:\/\/secure.gravatar.com\/avatar\/3ea2118a5f7dad2b7138b1187a6b7ee55f160b9968b66013c3a3ef39dd7e5798?s=96&d=mm&r=g","caption":"Jeanette"},"sameAs":["https:\/\/www.eldiario.net\/portal"],"url":"https:\/\/www.eldiario.net\/portal\/author\/jeanette\/"}]}},"_links":{"self":[{"href":"https:\/\/www.eldiario.net\/portal\/wp-json\/wp\/v2\/posts\/221477","targetHints":{"allow":["GET"]}}],"collection":[{"href":"https:\/\/www.eldiario.net\/portal\/wp-json\/wp\/v2\/posts"}],"about":[{"href":"https:\/\/www.eldiario.net\/portal\/wp-json\/wp\/v2\/types\/post"}],"author":[{"embeddable":true,"href":"https:\/\/www.eldiario.net\/portal\/wp-json\/wp\/v2\/users\/1"}],"replies":[{"embeddable":true,"href":"https:\/\/www.eldiario.net\/portal\/wp-json\/wp\/v2\/comments?post=221477"}],"version-history":[{"count":1,"href":"https:\/\/www.eldiario.net\/portal\/wp-json\/wp\/v2\/posts\/221477\/revisions"}],"predecessor-version":[{"id":221479,"href":"https:\/\/www.eldiario.net\/portal\/wp-json\/wp\/v2\/posts\/221477\/revisions\/221479"}],"wp:featuredmedia":[{"embeddable":true,"href":"https:\/\/www.eldiario.net\/portal\/wp-json\/wp\/v2\/media\/221478"}],"wp:attachment":[{"href":"https:\/\/www.eldiario.net\/portal\/wp-json\/wp\/v2\/media?parent=221477"}],"wp:term":[{"taxonomy":"category","embeddable":true,"href":"https:\/\/www.eldiario.net\/portal\/wp-json\/wp\/v2\/categories?post=221477"},{"taxonomy":"post_tag","embeddable":true,"href":"https:\/\/www.eldiario.net\/portal\/wp-json\/wp\/v2\/tags?post=221477"}],"curies":[{"name":"wp","href":"https:\/\/api.w.org\/{rel}","templated":true}]}}