{"id":221457,"date":"2024-05-19T06:21:32","date_gmt":"2024-05-19T10:21:32","guid":{"rendered":"https:\/\/www.eldiario.net\/portal\/?p=221457"},"modified":"2024-05-19T06:21:32","modified_gmt":"2024-05-19T10:21:32","slug":"gobierno-presiona-a-alp-por-mas-creditos-externos","status":"publish","type":"post","link":"https:\/\/www.eldiario.net\/portal\/2024\/05\/19\/gobierno-presiona-a-alp-por-mas-creditos-externos\/","title":{"rendered":"Gobierno presiona a ALP por m\u00e1s cr\u00e9ditos externos"},"content":{"rendered":"<p>Tras la disminuci\u00f3n de ingresos de Yacimientos Petrol\u00edferos Fiscales Bolivianos (YPFB) debido a la reducci\u00f3n de exportaci\u00f3n de gas natural, el Gobierno se qued\u00f3 sin dinero; sin embargo, economistas sostienen que no baj\u00f3 el gasto y ahora realiza emisiones monetarias por encima del crecimiento econ\u00f3mico, por lo que presiona a la Asamblea Legislativa Plurinacional (ALP) por m\u00e1s cr\u00e9ditos externos.<br \/>\nEl economista Gonzalo Ch\u00e1vez, en sus redes sociales, informa que el Gobierno atraviesa por dos problemas: la iliquidez e insolvencia, debido a la ca\u00edda de los recursos por la venta de gas y la producci\u00f3n, que cay\u00f3 en casi 50%.<br \/>\nA eso se suma la reducci\u00f3n dr\u00e1stica de las Reservas Internacionales Netas (RIN) de 15.000 millones de d\u00f3lares en 2014 a 1.796 millones a abril de 2024, la situaci\u00f3n va empeorando debido a la ca\u00edda de las exportaciones y sin resultados positivos, ahora menos del litio.<br \/>\nSeg\u00fan el economista y soci\u00f3logo Joshua Bellott, la escasez de d\u00f3lares en el mercado nacional ha provocado el reajuste de los precios de algunos productos, tanto alimenticios como de medicamentos, esta situaci\u00f3n eleva la inflaci\u00f3n y reduce el poder adquisitivo de la poblaci\u00f3n.<\/p>\n","protected":false},"excerpt":{"rendered":"<p>Tras la disminuci\u00f3n de ingresos de Yacimientos Petrol\u00edferos Fiscales Bolivianos (YPFB) debido a la reducci\u00f3n de exportaci\u00f3n de gas natural, el Gobierno se qued\u00f3 sin dinero; sin embargo, economistas sostienen que no baj\u00f3 el gasto y ahora realiza emisiones monetarias por encima del crecimiento econ\u00f3mico, por lo que presiona a la Asamblea Legislativa Plurinacional (ALP) [&hellip;]<\/p>\n","protected":false},"author":1,"featured_media":221458,"comment_status":"open","ping_status":"open","sticky":false,"template":"","format":"standard","meta":{"_acf_changed":false,"footnotes":""},"categories":[17],"tags":[],"class_list":["post-221457","post","type-post","status-publish","format-standard","has-post-thumbnail","category-principal"],"acf":{"antetitulo":"Ante iliquidez e insolvencia"},"yoast_head":"<!-- This site is optimized with the Yoast SEO plugin v28.3 - https:\/\/yoast.com\/product\/yoast-seo-wordpress\/ -->\n<title>Gobierno presiona a ALP por m\u00e1s cr\u00e9ditos externos - El Diario - Bolivia<\/title>\n<meta name=\"robots\" content=\"index, follow, max-snippet:-1, max-image-preview:large, max-video-preview:-1\" \/>\n<link rel=\"canonical\" href=\"https:\/\/www.eldiario.net\/portal\/2024\/05\/19\/gobierno-presiona-a-alp-por-mas-creditos-externos\/\" \/>\n<meta property=\"og:locale\" content=\"es_ES\" \/>\n<meta property=\"og:type\" content=\"article\" \/>\n<meta property=\"og:title\" content=\"Gobierno presiona a ALP por m\u00e1s cr\u00e9ditos externos - El Diario - Bolivia\" \/>\n<meta property=\"og:description\" content=\"Tras la disminuci\u00f3n de ingresos de Yacimientos Petrol\u00edferos Fiscales Bolivianos (YPFB) debido a la reducci\u00f3n de exportaci\u00f3n de gas natural, el Gobierno se qued\u00f3 sin dinero; sin embargo, economistas sostienen que no baj\u00f3 el gasto y ahora realiza emisiones monetarias por encima del crecimiento econ\u00f3mico, por lo que presiona a la Asamblea Legislativa Plurinacional (ALP) [&hellip;]\" \/>\n<meta property=\"og:url\" content=\"https:\/\/www.eldiario.net\/portal\/2024\/05\/19\/gobierno-presiona-a-alp-por-mas-creditos-externos\/\" \/>\n<meta property=\"og:site_name\" content=\"El Diario - Bolivia\" \/>\n<meta property=\"article:publisher\" content=\"https:\/\/www.facebook.com\/eldiario.bolivia\/\" \/>\n<meta property=\"article:published_time\" content=\"2024-05-19T10:21:32+00:00\" \/>\n<meta property=\"og:image\" content=\"https:\/\/www.eldiario.net\/portal\/wp-content\/uploads\/2024\/05\/P-1-15-cm-x-11-2.webp\" \/>\n\t<meta property=\"og:image:width\" content=\"1024\" \/>\n\t<meta property=\"og:image:height\" content=\"683\" \/>\n\t<meta property=\"og:image:type\" content=\"image\/webp\" \/>\n<meta name=\"author\" content=\"Jeanette\" \/>\n<meta name=\"twitter:card\" content=\"summary_large_image\" \/>\n<meta name=\"twitter:creator\" content=\"@eldiario_net\" \/>\n<meta name=\"twitter:site\" content=\"@eldiario_net\" \/>\n<meta name=\"twitter:label1\" content=\"Escrito por\" \/>\n\t<meta name=\"twitter:data1\" content=\"Jeanette\" \/>\n\t<meta name=\"twitter:label2\" content=\"Tiempo de lectura\" \/>\n\t<meta name=\"twitter:data2\" content=\"2 minutos\" \/>\n<script type=\"application\/ld+json\" class=\"yoast-schema-graph\">{\"@context\":\"https:\\\/\\\/schema.org\",\"@graph\":[{\"@type\":\"Article\",\"@id\":\"https:\\\/\\\/www.eldiario.net\\\/portal\\\/2024\\\/05\\\/19\\\/gobierno-presiona-a-alp-por-mas-creditos-externos\\\/#article\",\"isPartOf\":{\"@id\":\"https:\\\/\\\/www.eldiario.net\\\/portal\\\/2024\\\/05\\\/19\\\/gobierno-presiona-a-alp-por-mas-creditos-externos\\\/\"},\"author\":{\"name\":\"Jeanette\",\"@id\":\"https:\\\/\\\/www.eldiario.net\\\/portal\\\/#\\\/schema\\\/person\\\/f46445640444750d7d753ccd04ae01b7\"},\"headline\":\"Gobierno presiona a ALP por m\u00e1s cr\u00e9ditos externos\",\"datePublished\":\"2024-05-19T10:21:32+00:00\",\"mainEntityOfPage\":{\"@id\":\"https:\\\/\\\/www.eldiario.net\\\/portal\\\/2024\\\/05\\\/19\\\/gobierno-presiona-a-alp-por-mas-creditos-externos\\\/\"},\"wordCount\":214,\"commentCount\":0,\"publisher\":{\"@id\":\"https:\\\/\\\/www.eldiario.net\\\/portal\\\/#organization\"},\"image\":{\"@id\":\"https:\\\/\\\/www.eldiario.net\\\/portal\\\/2024\\\/05\\\/19\\\/gobierno-presiona-a-alp-por-mas-creditos-externos\\\/#primaryimage\"},\"thumbnailUrl\":\"https:\\\/\\\/www.eldiario.net\\\/portal\\\/wp-content\\\/uploads\\\/2024\\\/05\\\/P-1-15-cm-x-11-2.webp\",\"articleSection\":[\"Principal\"],\"inLanguage\":\"es\",\"potentialAction\":[{\"@type\":\"CommentAction\",\"name\":\"Comment\",\"target\":[\"https:\\\/\\\/www.eldiario.net\\\/portal\\\/2024\\\/05\\\/19\\\/gobierno-presiona-a-alp-por-mas-creditos-externos\\\/#respond\"]}]},{\"@type\":\"WebPage\",\"@id\":\"https:\\\/\\\/www.eldiario.net\\\/portal\\\/2024\\\/05\\\/19\\\/gobierno-presiona-a-alp-por-mas-creditos-externos\\\/\",\"url\":\"https:\\\/\\\/www.eldiario.net\\\/portal\\\/2024\\\/05\\\/19\\\/gobierno-presiona-a-alp-por-mas-creditos-externos\\\/\",\"name\":\"Gobierno presiona a ALP por m\u00e1s cr\u00e9ditos externos - El Diario - Bolivia\",\"isPartOf\":{\"@id\":\"https:\\\/\\\/www.eldiario.net\\\/portal\\\/#website\"},\"primaryImageOfPage\":{\"@id\":\"https:\\\/\\\/www.eldiario.net\\\/portal\\\/2024\\\/05\\\/19\\\/gobierno-presiona-a-alp-por-mas-creditos-externos\\\/#primaryimage\"},\"image\":{\"@id\":\"https:\\\/\\\/www.eldiario.net\\\/portal\\\/2024\\\/05\\\/19\\\/gobierno-presiona-a-alp-por-mas-creditos-externos\\\/#primaryimage\"},\"thumbnailUrl\":\"https:\\\/\\\/www.eldiario.net\\\/portal\\\/wp-content\\\/uploads\\\/2024\\\/05\\\/P-1-15-cm-x-11-2.webp\",\"datePublished\":\"2024-05-19T10:21:32+00:00\",\"breadcrumb\":{\"@id\":\"https:\\\/\\\/www.eldiario.net\\\/portal\\\/2024\\\/05\\\/19\\\/gobierno-presiona-a-alp-por-mas-creditos-externos\\\/#breadcrumb\"},\"inLanguage\":\"es\",\"potentialAction\":[{\"@type\":\"ReadAction\",\"target\":[\"https:\\\/\\\/www.eldiario.net\\\/portal\\\/2024\\\/05\\\/19\\\/gobierno-presiona-a-alp-por-mas-creditos-externos\\\/\"]}]},{\"@type\":\"ImageObject\",\"inLanguage\":\"es\",\"@id\":\"https:\\\/\\\/www.eldiario.net\\\/portal\\\/2024\\\/05\\\/19\\\/gobierno-presiona-a-alp-por-mas-creditos-externos\\\/#primaryimage\",\"url\":\"https:\\\/\\\/www.eldiario.net\\\/portal\\\/wp-content\\\/uploads\\\/2024\\\/05\\\/P-1-15-cm-x-11-2.webp\",\"contentUrl\":\"https:\\\/\\\/www.eldiario.net\\\/portal\\\/wp-content\\\/uploads\\\/2024\\\/05\\\/P-1-15-cm-x-11-2.webp\",\"width\":1024,\"height\":683,\"caption\":\"La Asamblea Legislativa Plurinacional se ve presionada por el Ejecutivo para aprobar cr\u00e9ditos externos.\"},{\"@type\":\"BreadcrumbList\",\"@id\":\"https:\\\/\\\/www.eldiario.net\\\/portal\\\/2024\\\/05\\\/19\\\/gobierno-presiona-a-alp-por-mas-creditos-externos\\\/#breadcrumb\",\"itemListElement\":[{\"@type\":\"ListItem\",\"position\":1,\"name\":\"Portada\",\"item\":\"https:\\\/\\\/www.eldiario.net\\\/portal\\\/\"},{\"@type\":\"ListItem\",\"position\":2,\"name\":\"Gobierno presiona a ALP por m\u00e1s cr\u00e9ditos externos\"}]},{\"@type\":\"WebSite\",\"@id\":\"https:\\\/\\\/www.eldiario.net\\\/portal\\\/#website\",\"url\":\"https:\\\/\\\/www.eldiario.net\\\/portal\\\/\",\"name\":\"El Diario - Decano de la prensa nacional\",\"description\":\"El Diario - Decano de la prensa nacional\",\"publisher\":{\"@id\":\"https:\\\/\\\/www.eldiario.net\\\/portal\\\/#organization\"},\"potentialAction\":[{\"@type\":\"SearchAction\",\"target\":{\"@type\":\"EntryPoint\",\"urlTemplate\":\"https:\\\/\\\/www.eldiario.net\\\/portal\\\/?s={search_term_string}\"},\"query-input\":{\"@type\":\"PropertyValueSpecification\",\"valueRequired\":true,\"valueName\":\"search_term_string\"}}],\"inLanguage\":\"es\"},{\"@type\":\"Organization\",\"@id\":\"https:\\\/\\\/www.eldiario.net\\\/portal\\\/#organization\",\"name\":\"El Diario - Decano de la prensa nacional\",\"url\":\"https:\\\/\\\/www.eldiario.net\\\/portal\\\/\",\"logo\":{\"@type\":\"ImageObject\",\"inLanguage\":\"es\",\"@id\":\"https:\\\/\\\/www.eldiario.net\\\/portal\\\/#\\\/schema\\\/logo\\\/image\\\/\",\"url\":\"https:\\\/\\\/www.eldiario.net\\\/portal\\\/wp-content\\\/uploads\\\/2023\\\/07\\\/logo_ED.jpg\",\"contentUrl\":\"https:\\\/\\\/www.eldiario.net\\\/portal\\\/wp-content\\\/uploads\\\/2023\\\/07\\\/logo_ED.jpg\",\"width\":272,\"height\":52,\"caption\":\"El Diario - Decano de la prensa nacional\"},\"image\":{\"@id\":\"https:\\\/\\\/www.eldiario.net\\\/portal\\\/#\\\/schema\\\/logo\\\/image\\\/\"},\"sameAs\":[\"https:\\\/\\\/www.facebook.com\\\/eldiario.bolivia\\\/\",\"https:\\\/\\\/x.com\\\/eldiario_net\"]},{\"@type\":\"Person\",\"@id\":\"https:\\\/\\\/www.eldiario.net\\\/portal\\\/#\\\/schema\\\/person\\\/f46445640444750d7d753ccd04ae01b7\",\"name\":\"Jeanette\",\"image\":{\"@type\":\"ImageObject\",\"inLanguage\":\"es\",\"@id\":\"https:\\\/\\\/secure.gravatar.com\\\/avatar\\\/3ea2118a5f7dad2b7138b1187a6b7ee55f160b9968b66013c3a3ef39dd7e5798?s=96&d=mm&r=g\",\"url\":\"https:\\\/\\\/secure.gravatar.com\\\/avatar\\\/3ea2118a5f7dad2b7138b1187a6b7ee55f160b9968b66013c3a3ef39dd7e5798?s=96&d=mm&r=g\",\"contentUrl\":\"https:\\\/\\\/secure.gravatar.com\\\/avatar\\\/3ea2118a5f7dad2b7138b1187a6b7ee55f160b9968b66013c3a3ef39dd7e5798?s=96&d=mm&r=g\",\"caption\":\"Jeanette\"},\"sameAs\":[\"https:\\\/\\\/www.eldiario.net\\\/portal\"],\"url\":\"https:\\\/\\\/www.eldiario.net\\\/portal\\\/author\\\/jeanette\\\/\"}]}<\/script>\n<!-- \/ Yoast SEO plugin. -->","yoast_head_json":{"title":"Gobierno presiona a ALP por m\u00e1s cr\u00e9ditos externos - El Diario - Bolivia","robots":{"index":"index","follow":"follow","max-snippet":"max-snippet:-1","max-image-preview":"max-image-preview:large","max-video-preview":"max-video-preview:-1"},"canonical":"https:\/\/www.eldiario.net\/portal\/2024\/05\/19\/gobierno-presiona-a-alp-por-mas-creditos-externos\/","og_locale":"es_ES","og_type":"article","og_title":"Gobierno presiona a ALP por m\u00e1s cr\u00e9ditos externos - El Diario - Bolivia","og_description":"Tras la disminuci\u00f3n de ingresos de Yacimientos Petrol\u00edferos Fiscales Bolivianos (YPFB) debido a la reducci\u00f3n de exportaci\u00f3n de gas natural, el Gobierno se qued\u00f3 sin dinero; sin embargo, economistas sostienen que no baj\u00f3 el gasto y ahora realiza emisiones monetarias por encima del crecimiento econ\u00f3mico, por lo que presiona a la Asamblea Legislativa Plurinacional (ALP) [&hellip;]","og_url":"https:\/\/www.eldiario.net\/portal\/2024\/05\/19\/gobierno-presiona-a-alp-por-mas-creditos-externos\/","og_site_name":"El Diario - Bolivia","article_publisher":"https:\/\/www.facebook.com\/eldiario.bolivia\/","article_published_time":"2024-05-19T10:21:32+00:00","og_image":[{"width":1024,"height":683,"url":"https:\/\/www.eldiario.net\/portal\/wp-content\/uploads\/2024\/05\/P-1-15-cm-x-11-2.webp","type":"image\/webp"}],"author":"Jeanette","twitter_card":"summary_large_image","twitter_creator":"@eldiario_net","twitter_site":"@eldiario_net","twitter_misc":{"Escrito por":"Jeanette","Tiempo de lectura":"2 minutos"},"schema":{"@context":"https:\/\/schema.org","@graph":[{"@type":"Article","@id":"https:\/\/www.eldiario.net\/portal\/2024\/05\/19\/gobierno-presiona-a-alp-por-mas-creditos-externos\/#article","isPartOf":{"@id":"https:\/\/www.eldiario.net\/portal\/2024\/05\/19\/gobierno-presiona-a-alp-por-mas-creditos-externos\/"},"author":{"name":"Jeanette","@id":"https:\/\/www.eldiario.net\/portal\/#\/schema\/person\/f46445640444750d7d753ccd04ae01b7"},"headline":"Gobierno presiona a ALP por m\u00e1s cr\u00e9ditos externos","datePublished":"2024-05-19T10:21:32+00:00","mainEntityOfPage":{"@id":"https:\/\/www.eldiario.net\/portal\/2024\/05\/19\/gobierno-presiona-a-alp-por-mas-creditos-externos\/"},"wordCount":214,"commentCount":0,"publisher":{"@id":"https:\/\/www.eldiario.net\/portal\/#organization"},"image":{"@id":"https:\/\/www.eldiario.net\/portal\/2024\/05\/19\/gobierno-presiona-a-alp-por-mas-creditos-externos\/#primaryimage"},"thumbnailUrl":"https:\/\/www.eldiario.net\/portal\/wp-content\/uploads\/2024\/05\/P-1-15-cm-x-11-2.webp","articleSection":["Principal"],"inLanguage":"es","potentialAction":[{"@type":"CommentAction","name":"Comment","target":["https:\/\/www.eldiario.net\/portal\/2024\/05\/19\/gobierno-presiona-a-alp-por-mas-creditos-externos\/#respond"]}]},{"@type":"WebPage","@id":"https:\/\/www.eldiario.net\/portal\/2024\/05\/19\/gobierno-presiona-a-alp-por-mas-creditos-externos\/","url":"https:\/\/www.eldiario.net\/portal\/2024\/05\/19\/gobierno-presiona-a-alp-por-mas-creditos-externos\/","name":"Gobierno presiona a ALP por m\u00e1s cr\u00e9ditos externos - El Diario - Bolivia","isPartOf":{"@id":"https:\/\/www.eldiario.net\/portal\/#website"},"primaryImageOfPage":{"@id":"https:\/\/www.eldiario.net\/portal\/2024\/05\/19\/gobierno-presiona-a-alp-por-mas-creditos-externos\/#primaryimage"},"image":{"@id":"https:\/\/www.eldiario.net\/portal\/2024\/05\/19\/gobierno-presiona-a-alp-por-mas-creditos-externos\/#primaryimage"},"thumbnailUrl":"https:\/\/www.eldiario.net\/portal\/wp-content\/uploads\/2024\/05\/P-1-15-cm-x-11-2.webp","datePublished":"2024-05-19T10:21:32+00:00","breadcrumb":{"@id":"https:\/\/www.eldiario.net\/portal\/2024\/05\/19\/gobierno-presiona-a-alp-por-mas-creditos-externos\/#breadcrumb"},"inLanguage":"es","potentialAction":[{"@type":"ReadAction","target":["https:\/\/www.eldiario.net\/portal\/2024\/05\/19\/gobierno-presiona-a-alp-por-mas-creditos-externos\/"]}]},{"@type":"ImageObject","inLanguage":"es","@id":"https:\/\/www.eldiario.net\/portal\/2024\/05\/19\/gobierno-presiona-a-alp-por-mas-creditos-externos\/#primaryimage","url":"https:\/\/www.eldiario.net\/portal\/wp-content\/uploads\/2024\/05\/P-1-15-cm-x-11-2.webp","contentUrl":"https:\/\/www.eldiario.net\/portal\/wp-content\/uploads\/2024\/05\/P-1-15-cm-x-11-2.webp","width":1024,"height":683,"caption":"La Asamblea Legislativa Plurinacional se ve presionada por el Ejecutivo para aprobar cr\u00e9ditos externos."},{"@type":"BreadcrumbList","@id":"https:\/\/www.eldiario.net\/portal\/2024\/05\/19\/gobierno-presiona-a-alp-por-mas-creditos-externos\/#breadcrumb","itemListElement":[{"@type":"ListItem","position":1,"name":"Portada","item":"https:\/\/www.eldiario.net\/portal\/"},{"@type":"ListItem","position":2,"name":"Gobierno presiona a ALP por m\u00e1s cr\u00e9ditos externos"}]},{"@type":"WebSite","@id":"https:\/\/www.eldiario.net\/portal\/#website","url":"https:\/\/www.eldiario.net\/portal\/","name":"El Diario - Decano de la prensa nacional","description":"El Diario - Decano de la prensa nacional","publisher":{"@id":"https:\/\/www.eldiario.net\/portal\/#organization"},"potentialAction":[{"@type":"SearchAction","target":{"@type":"EntryPoint","urlTemplate":"https:\/\/www.eldiario.net\/portal\/?s={search_term_string}"},"query-input":{"@type":"PropertyValueSpecification","valueRequired":true,"valueName":"search_term_string"}}],"inLanguage":"es"},{"@type":"Organization","@id":"https:\/\/www.eldiario.net\/portal\/#organization","name":"El Diario - Decano de la prensa nacional","url":"https:\/\/www.eldiario.net\/portal\/","logo":{"@type":"ImageObject","inLanguage":"es","@id":"https:\/\/www.eldiario.net\/portal\/#\/schema\/logo\/image\/","url":"https:\/\/www.eldiario.net\/portal\/wp-content\/uploads\/2023\/07\/logo_ED.jpg","contentUrl":"https:\/\/www.eldiario.net\/portal\/wp-content\/uploads\/2023\/07\/logo_ED.jpg","width":272,"height":52,"caption":"El Diario - Decano de la prensa nacional"},"image":{"@id":"https:\/\/www.eldiario.net\/portal\/#\/schema\/logo\/image\/"},"sameAs":["https:\/\/www.facebook.com\/eldiario.bolivia\/","https:\/\/x.com\/eldiario_net"]},{"@type":"Person","@id":"https:\/\/www.eldiario.net\/portal\/#\/schema\/person\/f46445640444750d7d753ccd04ae01b7","name":"Jeanette","image":{"@type":"ImageObject","inLanguage":"es","@id":"https:\/\/secure.gravatar.com\/avatar\/3ea2118a5f7dad2b7138b1187a6b7ee55f160b9968b66013c3a3ef39dd7e5798?s=96&d=mm&r=g","url":"https:\/\/secure.gravatar.com\/avatar\/3ea2118a5f7dad2b7138b1187a6b7ee55f160b9968b66013c3a3ef39dd7e5798?s=96&d=mm&r=g","contentUrl":"https:\/\/secure.gravatar.com\/avatar\/3ea2118a5f7dad2b7138b1187a6b7ee55f160b9968b66013c3a3ef39dd7e5798?s=96&d=mm&r=g","caption":"Jeanette"},"sameAs":["https:\/\/www.eldiario.net\/portal"],"url":"https:\/\/www.eldiario.net\/portal\/author\/jeanette\/"}]}},"_links":{"self":[{"href":"https:\/\/www.eldiario.net\/portal\/wp-json\/wp\/v2\/posts\/221457","targetHints":{"allow":["GET"]}}],"collection":[{"href":"https:\/\/www.eldiario.net\/portal\/wp-json\/wp\/v2\/posts"}],"about":[{"href":"https:\/\/www.eldiario.net\/portal\/wp-json\/wp\/v2\/types\/post"}],"author":[{"embeddable":true,"href":"https:\/\/www.eldiario.net\/portal\/wp-json\/wp\/v2\/users\/1"}],"replies":[{"embeddable":true,"href":"https:\/\/www.eldiario.net\/portal\/wp-json\/wp\/v2\/comments?post=221457"}],"version-history":[{"count":1,"href":"https:\/\/www.eldiario.net\/portal\/wp-json\/wp\/v2\/posts\/221457\/revisions"}],"predecessor-version":[{"id":221459,"href":"https:\/\/www.eldiario.net\/portal\/wp-json\/wp\/v2\/posts\/221457\/revisions\/221459"}],"wp:featuredmedia":[{"embeddable":true,"href":"https:\/\/www.eldiario.net\/portal\/wp-json\/wp\/v2\/media\/221458"}],"wp:attachment":[{"href":"https:\/\/www.eldiario.net\/portal\/wp-json\/wp\/v2\/media?parent=221457"}],"wp:term":[{"taxonomy":"category","embeddable":true,"href":"https:\/\/www.eldiario.net\/portal\/wp-json\/wp\/v2\/categories?post=221457"},{"taxonomy":"post_tag","embeddable":true,"href":"https:\/\/www.eldiario.net\/portal\/wp-json\/wp\/v2\/tags?post=221457"}],"curies":[{"name":"wp","href":"https:\/\/api.w.org\/{rel}","templated":true}]}}