{"id":221441,"date":"2024-05-19T06:14:48","date_gmt":"2024-05-19T10:14:48","guid":{"rendered":"https:\/\/www.eldiario.net\/portal\/?p=221441"},"modified":"2024-05-19T06:14:48","modified_gmt":"2024-05-19T10:14:48","slug":"64-cadetes-reciben-tratamiento-antes-de-resultados-de-pruebas","status":"publish","type":"post","link":"https:\/\/www.eldiario.net\/portal\/2024\/05\/19\/64-cadetes-reciben-tratamiento-antes-de-resultados-de-pruebas\/","title":{"rendered":"64 cadetes reciben tratamiento  antes de resultados de pruebas"},"content":{"rendered":"<p class=\"v1MsoNormal\">La Direcci\u00f3n Nacional de Salud de la Polic\u00eda Nacional inform\u00f3 que someti\u00f3 a \u00abtratamientos profil\u00e1cticos\u00bb contra la meningitis a 64 cadetes de la Academia Nacional de la Polic\u00eda (Anapol), antes de conocer los resultados de las muestras. Asegura que ello permiti\u00f3 neutralizar la bacteria e impedir complicaciones en el estado de salud de los estudiantes.<\/p>\n<p class=\"v1MsoNormal\">\u00abLos 64 cadetes que es el entorno pr\u00f3ximo en cuanto a cursos y aulas que compart\u00edan con el cadete contagiado se hicieron las pruebas y los resultados van a ser emitidos en las siguientes horas. Ellos ya est\u00e1n siendo sometidos a tratamientos profil\u00e1cticos a trav\u00e9s del cual se neutraliza la bacteria y no presenta mayor complicaci\u00f3n en su salud estando ellos realizando la actividad determinada en la Anapol\u00bb, declar\u00f3 el director nacional de Salud P\u00fablica Policial, Fernando Barrientos.<\/p>\n<p class=\"v1MsoNormal\">El jueves, el Ministerio de Salud confirm\u00f3 cuatro casos positivos de meningitis en esa instituci\u00f3n de formaci\u00f3n de oficiales de polic\u00eda, de los cuales uno de los pacientes es atendido en una unidad de terapia intensiva y se encuentra estable.<\/p>\n<p class=\"v1MsoNormal\">Barrientos explic\u00f3 que se les realizaron \u00abex\u00e1menes\u00bb donde se les detect\u00f3 la presencia de la bacteria que produce esta enfermedad. \u00abYa habiendo detectado la presencia de la misma se les someti\u00f3 a un tratamiento con antibi\u00f3ticos que permiti\u00f3 que no avance este mal y que la bacteria no llegue a la meninge. En este sentido no se producen s\u00edntomas de agravamiento en sui salud\u00bb.<\/p>\n<p class=\"v1MsoNormal\">Por lo delicado de la situaci\u00f3n, la Anapol suspendi\u00f3 las clases, aisl\u00f3 a los estudiantes y pidi\u00f3 a sus familiares que lleven material de bioseguridad como barbijos, guantes, alcohol en gel, y otros implementos para mantener el aislamiento f\u00edsico.<\/p>\n<p class=\"v1MsoNormal\">Barrientos inform\u00f3 que, si bien el diagn\u00f3stico del cadete internado es reservado, los m\u00e9dicos advirtieron una evoluci\u00f3n favorable. \u00abTenemos el reporte de trabajo social, hemos asignado un funcionario de esta \u00e1rea de la direcci\u00f3n de Salud para que est\u00e9 acompa\u00f1ando de manera permanente al cadete contagiado y a su familia\u00bb.<\/p>\n<p class=\"v1MsoNormal\">Por su parte, la directora ejecutiva del Instituto Nacional de Laboratorios en Salud (Inlasa), Evel\u00edn Fort\u00fan, inform\u00f3 que tomaron 35 muestras de las personas que estaban con s\u00edntomas de la Anapol. \u00abPresentaron sintomatolog\u00eda como dolor de cabeza, flujo nasal, por eso m\u00e1s que todo se hizo una evaluaci\u00f3n m\u00e9dica no para tomar las muestras al total de las personas que est\u00e1n dentro de esa instituci\u00f3n; sino a quienes presentan una sintomatolog\u00eda que pudiera estar asociada con la enfermedad\u00bb, explic\u00f3.<\/p>\n<p class=\"v1MsoNormal\">Explic\u00f3 que las muestras son sometidas a un cultivo bacteriol\u00f3gico y anunci\u00f3 que los resultados se entregar\u00e1n en el transcurso de las siguientes horas. (Br\u00fajula Digital)<\/p>\n","protected":false},"excerpt":{"rendered":"<p>La Direcci\u00f3n Nacional de Salud de la Polic\u00eda Nacional inform\u00f3 que someti\u00f3 a \u00abtratamientos profil\u00e1cticos\u00bb contra la meningitis a 64 cadetes de la Academia Nacional de la Polic\u00eda (Anapol), antes de conocer los resultados de las muestras. Asegura que ello permiti\u00f3 neutralizar la bacteria e impedir complicaciones en el estado de salud de los estudiantes. [&hellip;]<\/p>\n","protected":false},"author":1,"featured_media":221442,"comment_status":"open","ping_status":"open","sticky":false,"template":"","format":"standard","meta":{"_acf_changed":false,"footnotes":""},"categories":[15],"tags":[],"class_list":["post-221441","post","type-post","status-publish","format-standard","has-post-thumbnail","category-portada"],"acf":{"antetitulo":"En Anapol"},"yoast_head":"<!-- This site is optimized with the Yoast SEO plugin v28.3 - https:\/\/yoast.com\/product\/yoast-seo-wordpress\/ -->\n<title>64 cadetes reciben tratamiento antes de resultados de pruebas - El Diario - Bolivia<\/title>\n<meta name=\"robots\" content=\"index, follow, max-snippet:-1, max-image-preview:large, max-video-preview:-1\" \/>\n<link rel=\"canonical\" href=\"https:\/\/www.eldiario.net\/portal\/2024\/05\/19\/64-cadetes-reciben-tratamiento-antes-de-resultados-de-pruebas\/\" \/>\n<meta property=\"og:locale\" content=\"es_ES\" \/>\n<meta property=\"og:type\" content=\"article\" \/>\n<meta property=\"og:title\" content=\"64 cadetes reciben tratamiento antes de resultados de pruebas - El Diario - Bolivia\" \/>\n<meta property=\"og:description\" content=\"La Direcci\u00f3n Nacional de Salud de la Polic\u00eda Nacional inform\u00f3 que someti\u00f3 a \u00abtratamientos profil\u00e1cticos\u00bb contra la meningitis a 64 cadetes de la Academia Nacional de la Polic\u00eda (Anapol), antes de conocer los resultados de las muestras. Asegura que ello permiti\u00f3 neutralizar la bacteria e impedir complicaciones en el estado de salud de los estudiantes. [&hellip;]\" \/>\n<meta property=\"og:url\" content=\"https:\/\/www.eldiario.net\/portal\/2024\/05\/19\/64-cadetes-reciben-tratamiento-antes-de-resultados-de-pruebas\/\" \/>\n<meta property=\"og:site_name\" content=\"El Diario - Bolivia\" \/>\n<meta property=\"article:publisher\" content=\"https:\/\/www.facebook.com\/eldiario.bolivia\/\" \/>\n<meta property=\"article:published_time\" content=\"2024-05-19T10:14:48+00:00\" \/>\n<meta property=\"og:image\" content=\"https:\/\/www.eldiario.net\/portal\/wp-content\/uploads\/2024\/05\/cadetes-anapol-apg.jpeg\" \/>\n\t<meta property=\"og:image:width\" content=\"720\" \/>\n\t<meta property=\"og:image:height\" content=\"399\" \/>\n\t<meta property=\"og:image:type\" content=\"image\/jpeg\" \/>\n<meta name=\"author\" content=\"Jeanette\" \/>\n<meta name=\"twitter:card\" content=\"summary_large_image\" \/>\n<meta name=\"twitter:creator\" content=\"@eldiario_net\" \/>\n<meta name=\"twitter:site\" content=\"@eldiario_net\" \/>\n<meta name=\"twitter:label1\" content=\"Escrito por\" \/>\n\t<meta name=\"twitter:data1\" content=\"Jeanette\" \/>\n\t<meta name=\"twitter:label2\" content=\"Tiempo de lectura\" \/>\n\t<meta name=\"twitter:data2\" content=\"2 minutos\" \/>\n<script type=\"application\/ld+json\" class=\"yoast-schema-graph\">{\"@context\":\"https:\\\/\\\/schema.org\",\"@graph\":[{\"@type\":\"Article\",\"@id\":\"https:\\\/\\\/www.eldiario.net\\\/portal\\\/2024\\\/05\\\/19\\\/64-cadetes-reciben-tratamiento-antes-de-resultados-de-pruebas\\\/#article\",\"isPartOf\":{\"@id\":\"https:\\\/\\\/www.eldiario.net\\\/portal\\\/2024\\\/05\\\/19\\\/64-cadetes-reciben-tratamiento-antes-de-resultados-de-pruebas\\\/\"},\"author\":{\"name\":\"Jeanette\",\"@id\":\"https:\\\/\\\/www.eldiario.net\\\/portal\\\/#\\\/schema\\\/person\\\/f46445640444750d7d753ccd04ae01b7\"},\"headline\":\"64 cadetes reciben tratamiento antes de resultados de pruebas\",\"datePublished\":\"2024-05-19T10:14:48+00:00\",\"mainEntityOfPage\":{\"@id\":\"https:\\\/\\\/www.eldiario.net\\\/portal\\\/2024\\\/05\\\/19\\\/64-cadetes-reciben-tratamiento-antes-de-resultados-de-pruebas\\\/\"},\"wordCount\":473,\"commentCount\":0,\"publisher\":{\"@id\":\"https:\\\/\\\/www.eldiario.net\\\/portal\\\/#organization\"},\"image\":{\"@id\":\"https:\\\/\\\/www.eldiario.net\\\/portal\\\/2024\\\/05\\\/19\\\/64-cadetes-reciben-tratamiento-antes-de-resultados-de-pruebas\\\/#primaryimage\"},\"thumbnailUrl\":\"https:\\\/\\\/www.eldiario.net\\\/portal\\\/wp-content\\\/uploads\\\/2024\\\/05\\\/cadetes-anapol-apg.jpeg\",\"articleSection\":[\"Portada\"],\"inLanguage\":\"es\",\"potentialAction\":[{\"@type\":\"CommentAction\",\"name\":\"Comment\",\"target\":[\"https:\\\/\\\/www.eldiario.net\\\/portal\\\/2024\\\/05\\\/19\\\/64-cadetes-reciben-tratamiento-antes-de-resultados-de-pruebas\\\/#respond\"]}]},{\"@type\":\"WebPage\",\"@id\":\"https:\\\/\\\/www.eldiario.net\\\/portal\\\/2024\\\/05\\\/19\\\/64-cadetes-reciben-tratamiento-antes-de-resultados-de-pruebas\\\/\",\"url\":\"https:\\\/\\\/www.eldiario.net\\\/portal\\\/2024\\\/05\\\/19\\\/64-cadetes-reciben-tratamiento-antes-de-resultados-de-pruebas\\\/\",\"name\":\"64 cadetes reciben tratamiento antes de resultados de pruebas - El Diario - Bolivia\",\"isPartOf\":{\"@id\":\"https:\\\/\\\/www.eldiario.net\\\/portal\\\/#website\"},\"primaryImageOfPage\":{\"@id\":\"https:\\\/\\\/www.eldiario.net\\\/portal\\\/2024\\\/05\\\/19\\\/64-cadetes-reciben-tratamiento-antes-de-resultados-de-pruebas\\\/#primaryimage\"},\"image\":{\"@id\":\"https:\\\/\\\/www.eldiario.net\\\/portal\\\/2024\\\/05\\\/19\\\/64-cadetes-reciben-tratamiento-antes-de-resultados-de-pruebas\\\/#primaryimage\"},\"thumbnailUrl\":\"https:\\\/\\\/www.eldiario.net\\\/portal\\\/wp-content\\\/uploads\\\/2024\\\/05\\\/cadetes-anapol-apg.jpeg\",\"datePublished\":\"2024-05-19T10:14:48+00:00\",\"breadcrumb\":{\"@id\":\"https:\\\/\\\/www.eldiario.net\\\/portal\\\/2024\\\/05\\\/19\\\/64-cadetes-reciben-tratamiento-antes-de-resultados-de-pruebas\\\/#breadcrumb\"},\"inLanguage\":\"es\",\"potentialAction\":[{\"@type\":\"ReadAction\",\"target\":[\"https:\\\/\\\/www.eldiario.net\\\/portal\\\/2024\\\/05\\\/19\\\/64-cadetes-reciben-tratamiento-antes-de-resultados-de-pruebas\\\/\"]}]},{\"@type\":\"ImageObject\",\"inLanguage\":\"es\",\"@id\":\"https:\\\/\\\/www.eldiario.net\\\/portal\\\/2024\\\/05\\\/19\\\/64-cadetes-reciben-tratamiento-antes-de-resultados-de-pruebas\\\/#primaryimage\",\"url\":\"https:\\\/\\\/www.eldiario.net\\\/portal\\\/wp-content\\\/uploads\\\/2024\\\/05\\\/cadetes-anapol-apg.jpeg\",\"contentUrl\":\"https:\\\/\\\/www.eldiario.net\\\/portal\\\/wp-content\\\/uploads\\\/2024\\\/05\\\/cadetes-anapol-apg.jpeg\",\"width\":720,\"height\":399,\"caption\":\"Cadetes de la Anapol. CR\u00c9DITO: APG\"},{\"@type\":\"BreadcrumbList\",\"@id\":\"https:\\\/\\\/www.eldiario.net\\\/portal\\\/2024\\\/05\\\/19\\\/64-cadetes-reciben-tratamiento-antes-de-resultados-de-pruebas\\\/#breadcrumb\",\"itemListElement\":[{\"@type\":\"ListItem\",\"position\":1,\"name\":\"Portada\",\"item\":\"https:\\\/\\\/www.eldiario.net\\\/portal\\\/\"},{\"@type\":\"ListItem\",\"position\":2,\"name\":\"64 cadetes reciben tratamiento antes de resultados de pruebas\"}]},{\"@type\":\"WebSite\",\"@id\":\"https:\\\/\\\/www.eldiario.net\\\/portal\\\/#website\",\"url\":\"https:\\\/\\\/www.eldiario.net\\\/portal\\\/\",\"name\":\"El Diario - Decano de la prensa nacional\",\"description\":\"El Diario - Decano de la prensa nacional\",\"publisher\":{\"@id\":\"https:\\\/\\\/www.eldiario.net\\\/portal\\\/#organization\"},\"potentialAction\":[{\"@type\":\"SearchAction\",\"target\":{\"@type\":\"EntryPoint\",\"urlTemplate\":\"https:\\\/\\\/www.eldiario.net\\\/portal\\\/?s={search_term_string}\"},\"query-input\":{\"@type\":\"PropertyValueSpecification\",\"valueRequired\":true,\"valueName\":\"search_term_string\"}}],\"inLanguage\":\"es\"},{\"@type\":\"Organization\",\"@id\":\"https:\\\/\\\/www.eldiario.net\\\/portal\\\/#organization\",\"name\":\"El Diario - Decano de la prensa nacional\",\"url\":\"https:\\\/\\\/www.eldiario.net\\\/portal\\\/\",\"logo\":{\"@type\":\"ImageObject\",\"inLanguage\":\"es\",\"@id\":\"https:\\\/\\\/www.eldiario.net\\\/portal\\\/#\\\/schema\\\/logo\\\/image\\\/\",\"url\":\"https:\\\/\\\/www.eldiario.net\\\/portal\\\/wp-content\\\/uploads\\\/2023\\\/07\\\/logo_ED.jpg\",\"contentUrl\":\"https:\\\/\\\/www.eldiario.net\\\/portal\\\/wp-content\\\/uploads\\\/2023\\\/07\\\/logo_ED.jpg\",\"width\":272,\"height\":52,\"caption\":\"El Diario - Decano de la prensa nacional\"},\"image\":{\"@id\":\"https:\\\/\\\/www.eldiario.net\\\/portal\\\/#\\\/schema\\\/logo\\\/image\\\/\"},\"sameAs\":[\"https:\\\/\\\/www.facebook.com\\\/eldiario.bolivia\\\/\",\"https:\\\/\\\/x.com\\\/eldiario_net\"]},{\"@type\":\"Person\",\"@id\":\"https:\\\/\\\/www.eldiario.net\\\/portal\\\/#\\\/schema\\\/person\\\/f46445640444750d7d753ccd04ae01b7\",\"name\":\"Jeanette\",\"image\":{\"@type\":\"ImageObject\",\"inLanguage\":\"es\",\"@id\":\"https:\\\/\\\/secure.gravatar.com\\\/avatar\\\/3ea2118a5f7dad2b7138b1187a6b7ee55f160b9968b66013c3a3ef39dd7e5798?s=96&d=mm&r=g\",\"url\":\"https:\\\/\\\/secure.gravatar.com\\\/avatar\\\/3ea2118a5f7dad2b7138b1187a6b7ee55f160b9968b66013c3a3ef39dd7e5798?s=96&d=mm&r=g\",\"contentUrl\":\"https:\\\/\\\/secure.gravatar.com\\\/avatar\\\/3ea2118a5f7dad2b7138b1187a6b7ee55f160b9968b66013c3a3ef39dd7e5798?s=96&d=mm&r=g\",\"caption\":\"Jeanette\"},\"sameAs\":[\"https:\\\/\\\/www.eldiario.net\\\/portal\"],\"url\":\"https:\\\/\\\/www.eldiario.net\\\/portal\\\/author\\\/jeanette\\\/\"}]}<\/script>\n<!-- \/ Yoast SEO plugin. -->","yoast_head_json":{"title":"64 cadetes reciben tratamiento antes de resultados de pruebas - El Diario - Bolivia","robots":{"index":"index","follow":"follow","max-snippet":"max-snippet:-1","max-image-preview":"max-image-preview:large","max-video-preview":"max-video-preview:-1"},"canonical":"https:\/\/www.eldiario.net\/portal\/2024\/05\/19\/64-cadetes-reciben-tratamiento-antes-de-resultados-de-pruebas\/","og_locale":"es_ES","og_type":"article","og_title":"64 cadetes reciben tratamiento antes de resultados de pruebas - El Diario - Bolivia","og_description":"La Direcci\u00f3n Nacional de Salud de la Polic\u00eda Nacional inform\u00f3 que someti\u00f3 a \u00abtratamientos profil\u00e1cticos\u00bb contra la meningitis a 64 cadetes de la Academia Nacional de la Polic\u00eda (Anapol), antes de conocer los resultados de las muestras. Asegura que ello permiti\u00f3 neutralizar la bacteria e impedir complicaciones en el estado de salud de los estudiantes. [&hellip;]","og_url":"https:\/\/www.eldiario.net\/portal\/2024\/05\/19\/64-cadetes-reciben-tratamiento-antes-de-resultados-de-pruebas\/","og_site_name":"El Diario - Bolivia","article_publisher":"https:\/\/www.facebook.com\/eldiario.bolivia\/","article_published_time":"2024-05-19T10:14:48+00:00","og_image":[{"width":720,"height":399,"url":"https:\/\/www.eldiario.net\/portal\/wp-content\/uploads\/2024\/05\/cadetes-anapol-apg.jpeg","type":"image\/jpeg"}],"author":"Jeanette","twitter_card":"summary_large_image","twitter_creator":"@eldiario_net","twitter_site":"@eldiario_net","twitter_misc":{"Escrito por":"Jeanette","Tiempo de lectura":"2 minutos"},"schema":{"@context":"https:\/\/schema.org","@graph":[{"@type":"Article","@id":"https:\/\/www.eldiario.net\/portal\/2024\/05\/19\/64-cadetes-reciben-tratamiento-antes-de-resultados-de-pruebas\/#article","isPartOf":{"@id":"https:\/\/www.eldiario.net\/portal\/2024\/05\/19\/64-cadetes-reciben-tratamiento-antes-de-resultados-de-pruebas\/"},"author":{"name":"Jeanette","@id":"https:\/\/www.eldiario.net\/portal\/#\/schema\/person\/f46445640444750d7d753ccd04ae01b7"},"headline":"64 cadetes reciben tratamiento antes de resultados de pruebas","datePublished":"2024-05-19T10:14:48+00:00","mainEntityOfPage":{"@id":"https:\/\/www.eldiario.net\/portal\/2024\/05\/19\/64-cadetes-reciben-tratamiento-antes-de-resultados-de-pruebas\/"},"wordCount":473,"commentCount":0,"publisher":{"@id":"https:\/\/www.eldiario.net\/portal\/#organization"},"image":{"@id":"https:\/\/www.eldiario.net\/portal\/2024\/05\/19\/64-cadetes-reciben-tratamiento-antes-de-resultados-de-pruebas\/#primaryimage"},"thumbnailUrl":"https:\/\/www.eldiario.net\/portal\/wp-content\/uploads\/2024\/05\/cadetes-anapol-apg.jpeg","articleSection":["Portada"],"inLanguage":"es","potentialAction":[{"@type":"CommentAction","name":"Comment","target":["https:\/\/www.eldiario.net\/portal\/2024\/05\/19\/64-cadetes-reciben-tratamiento-antes-de-resultados-de-pruebas\/#respond"]}]},{"@type":"WebPage","@id":"https:\/\/www.eldiario.net\/portal\/2024\/05\/19\/64-cadetes-reciben-tratamiento-antes-de-resultados-de-pruebas\/","url":"https:\/\/www.eldiario.net\/portal\/2024\/05\/19\/64-cadetes-reciben-tratamiento-antes-de-resultados-de-pruebas\/","name":"64 cadetes reciben tratamiento antes de resultados de pruebas - El Diario - Bolivia","isPartOf":{"@id":"https:\/\/www.eldiario.net\/portal\/#website"},"primaryImageOfPage":{"@id":"https:\/\/www.eldiario.net\/portal\/2024\/05\/19\/64-cadetes-reciben-tratamiento-antes-de-resultados-de-pruebas\/#primaryimage"},"image":{"@id":"https:\/\/www.eldiario.net\/portal\/2024\/05\/19\/64-cadetes-reciben-tratamiento-antes-de-resultados-de-pruebas\/#primaryimage"},"thumbnailUrl":"https:\/\/www.eldiario.net\/portal\/wp-content\/uploads\/2024\/05\/cadetes-anapol-apg.jpeg","datePublished":"2024-05-19T10:14:48+00:00","breadcrumb":{"@id":"https:\/\/www.eldiario.net\/portal\/2024\/05\/19\/64-cadetes-reciben-tratamiento-antes-de-resultados-de-pruebas\/#breadcrumb"},"inLanguage":"es","potentialAction":[{"@type":"ReadAction","target":["https:\/\/www.eldiario.net\/portal\/2024\/05\/19\/64-cadetes-reciben-tratamiento-antes-de-resultados-de-pruebas\/"]}]},{"@type":"ImageObject","inLanguage":"es","@id":"https:\/\/www.eldiario.net\/portal\/2024\/05\/19\/64-cadetes-reciben-tratamiento-antes-de-resultados-de-pruebas\/#primaryimage","url":"https:\/\/www.eldiario.net\/portal\/wp-content\/uploads\/2024\/05\/cadetes-anapol-apg.jpeg","contentUrl":"https:\/\/www.eldiario.net\/portal\/wp-content\/uploads\/2024\/05\/cadetes-anapol-apg.jpeg","width":720,"height":399,"caption":"Cadetes de la Anapol. CR\u00c9DITO: APG"},{"@type":"BreadcrumbList","@id":"https:\/\/www.eldiario.net\/portal\/2024\/05\/19\/64-cadetes-reciben-tratamiento-antes-de-resultados-de-pruebas\/#breadcrumb","itemListElement":[{"@type":"ListItem","position":1,"name":"Portada","item":"https:\/\/www.eldiario.net\/portal\/"},{"@type":"ListItem","position":2,"name":"64 cadetes reciben tratamiento antes de resultados de pruebas"}]},{"@type":"WebSite","@id":"https:\/\/www.eldiario.net\/portal\/#website","url":"https:\/\/www.eldiario.net\/portal\/","name":"El Diario - Decano de la prensa nacional","description":"El Diario - Decano de la prensa nacional","publisher":{"@id":"https:\/\/www.eldiario.net\/portal\/#organization"},"potentialAction":[{"@type":"SearchAction","target":{"@type":"EntryPoint","urlTemplate":"https:\/\/www.eldiario.net\/portal\/?s={search_term_string}"},"query-input":{"@type":"PropertyValueSpecification","valueRequired":true,"valueName":"search_term_string"}}],"inLanguage":"es"},{"@type":"Organization","@id":"https:\/\/www.eldiario.net\/portal\/#organization","name":"El Diario - Decano de la prensa nacional","url":"https:\/\/www.eldiario.net\/portal\/","logo":{"@type":"ImageObject","inLanguage":"es","@id":"https:\/\/www.eldiario.net\/portal\/#\/schema\/logo\/image\/","url":"https:\/\/www.eldiario.net\/portal\/wp-content\/uploads\/2023\/07\/logo_ED.jpg","contentUrl":"https:\/\/www.eldiario.net\/portal\/wp-content\/uploads\/2023\/07\/logo_ED.jpg","width":272,"height":52,"caption":"El Diario - Decano de la prensa nacional"},"image":{"@id":"https:\/\/www.eldiario.net\/portal\/#\/schema\/logo\/image\/"},"sameAs":["https:\/\/www.facebook.com\/eldiario.bolivia\/","https:\/\/x.com\/eldiario_net"]},{"@type":"Person","@id":"https:\/\/www.eldiario.net\/portal\/#\/schema\/person\/f46445640444750d7d753ccd04ae01b7","name":"Jeanette","image":{"@type":"ImageObject","inLanguage":"es","@id":"https:\/\/secure.gravatar.com\/avatar\/3ea2118a5f7dad2b7138b1187a6b7ee55f160b9968b66013c3a3ef39dd7e5798?s=96&d=mm&r=g","url":"https:\/\/secure.gravatar.com\/avatar\/3ea2118a5f7dad2b7138b1187a6b7ee55f160b9968b66013c3a3ef39dd7e5798?s=96&d=mm&r=g","contentUrl":"https:\/\/secure.gravatar.com\/avatar\/3ea2118a5f7dad2b7138b1187a6b7ee55f160b9968b66013c3a3ef39dd7e5798?s=96&d=mm&r=g","caption":"Jeanette"},"sameAs":["https:\/\/www.eldiario.net\/portal"],"url":"https:\/\/www.eldiario.net\/portal\/author\/jeanette\/"}]}},"_links":{"self":[{"href":"https:\/\/www.eldiario.net\/portal\/wp-json\/wp\/v2\/posts\/221441","targetHints":{"allow":["GET"]}}],"collection":[{"href":"https:\/\/www.eldiario.net\/portal\/wp-json\/wp\/v2\/posts"}],"about":[{"href":"https:\/\/www.eldiario.net\/portal\/wp-json\/wp\/v2\/types\/post"}],"author":[{"embeddable":true,"href":"https:\/\/www.eldiario.net\/portal\/wp-json\/wp\/v2\/users\/1"}],"replies":[{"embeddable":true,"href":"https:\/\/www.eldiario.net\/portal\/wp-json\/wp\/v2\/comments?post=221441"}],"version-history":[{"count":1,"href":"https:\/\/www.eldiario.net\/portal\/wp-json\/wp\/v2\/posts\/221441\/revisions"}],"predecessor-version":[{"id":221443,"href":"https:\/\/www.eldiario.net\/portal\/wp-json\/wp\/v2\/posts\/221441\/revisions\/221443"}],"wp:featuredmedia":[{"embeddable":true,"href":"https:\/\/www.eldiario.net\/portal\/wp-json\/wp\/v2\/media\/221442"}],"wp:attachment":[{"href":"https:\/\/www.eldiario.net\/portal\/wp-json\/wp\/v2\/media?parent=221441"}],"wp:term":[{"taxonomy":"category","embeddable":true,"href":"https:\/\/www.eldiario.net\/portal\/wp-json\/wp\/v2\/categories?post=221441"},{"taxonomy":"post_tag","embeddable":true,"href":"https:\/\/www.eldiario.net\/portal\/wp-json\/wp\/v2\/tags?post=221441"}],"curies":[{"name":"wp","href":"https:\/\/api.w.org\/{rel}","templated":true}]}}