{"id":221438,"date":"2024-05-19T06:14:03","date_gmt":"2024-05-19T10:14:03","guid":{"rendered":"https:\/\/www.eldiario.net\/portal\/?p=221438"},"modified":"2024-05-19T06:14:03","modified_gmt":"2024-05-19T10:14:03","slug":"samaipata-enfrenta-devastacion-ambiental-causado-por-mineria","status":"publish","type":"post","link":"https:\/\/www.eldiario.net\/portal\/2024\/05\/19\/samaipata-enfrenta-devastacion-ambiental-causado-por-mineria\/","title":{"rendered":"Samaipata enfrenta devastaci\u00f3n  ambiental causado por miner\u00eda"},"content":{"rendered":"<p class=\"v1MsoNormal\">Ciudadanos de Samaipata protestaron contra la destrucci\u00f3n ambiental desenfrenada que sufre su regi\u00f3n. Seg\u00fan denuncias locales, actividades mineras no reguladas y la explotaci\u00f3n descontrolada de recursos naturales est\u00e1n devastando el paisaje monta\u00f1oso y los ecosistemas circundantes, con efectos adversos en la calidad de vida y el bienestar de sus habitantes.<\/p>\n<p class=\"v1MsoNormal\">Alfonzo Banegas Rodr\u00edguez, miembro del Comit\u00e9 de Defensa y Protecci\u00f3n de los Recursos Naturales y Tur\u00edsticos de Samaipata, inform\u00f3 que desde el a\u00f1o 2000, diversas empresas mineras han estado operando al margen de la ley, causando un impacto negativo significativo en la zona.<\/p>\n<p class=\"v1MsoNormal\">Asimismo, dijo que la falta de licencias ambientales y el incumplimiento de las normativas vigentes han sido documentados por la Direcci\u00f3n del Medio Ambiente de la Gobernaci\u00f3n de Santa Cruz, que confirm\u00f3 recientemente que varias empresas operan sin las autorizaciones necesarias.<\/p>\n<p class=\"v1MsoNormal\">Adem\u00e1s de los da\u00f1os ecol\u00f3gicos, la actividad minera en la regi\u00f3n ha deteriorado infraestructuras clave como carreteras y caminos vecinales, y ha afectado recursos h\u00eddricos esenciales para la agricultura local.<\/p>\n<p class=\"v1MsoNormal\">La poblaci\u00f3n de Samaipata, que ha visto un auge en el turismo ecol\u00f3gico y cultural gracias a su patrimonio natural y arqueol\u00f3gico, teme que estos atractivos se pierdan permanentemente si no se toman medidas urgentes.<\/p>\n<p class=\"v1MsoNormal\">La comunidad local convoc\u00f3 a una acci\u00f3n conjunta entre el Estado, las gobernaciones departamentales y los municipios para asegurar la protecci\u00f3n y el desarrollo sostenible de Samaipata y sus alrededores. \u00abEs hora de que todos los sectores de la sociedad trabajemos juntos para defender nuestra tierra y nuestro futuro\u00bb, concluy\u00f3 Banegas, destacando la necesidad imperiosa de una intervenci\u00f3n efectiva para proteger los recursos naturales y la biodiversidad de la regi\u00f3n.<\/p>\n<p class=\"v1MsoNormal\">\n","protected":false},"excerpt":{"rendered":"<p>Ciudadanos de Samaipata protestaron contra la destrucci\u00f3n ambiental desenfrenada que sufre su regi\u00f3n. Seg\u00fan denuncias locales, actividades mineras no reguladas y la explotaci\u00f3n descontrolada de recursos naturales est\u00e1n devastando el paisaje monta\u00f1oso y los ecosistemas circundantes, con efectos adversos en la calidad de vida y el bienestar de sus habitantes. Alfonzo Banegas Rodr\u00edguez, miembro del [&hellip;]<\/p>\n","protected":false},"author":1,"featured_media":221439,"comment_status":"open","ping_status":"open","sticky":false,"template":"","format":"standard","meta":{"_acf_changed":false,"footnotes":""},"categories":[15],"tags":[],"class_list":["post-221438","post","type-post","status-publish","format-standard","has-post-thumbnail","category-portada"],"acf":{"antetitulo":"Ciudadanos exigen atenci\u00f3n"},"yoast_head":"<!-- This site is optimized with the Yoast SEO plugin v28.3 - https:\/\/yoast.com\/product\/yoast-seo-wordpress\/ -->\n<title>Samaipata enfrenta devastaci\u00f3n ambiental causado por miner\u00eda - El Diario - Bolivia<\/title>\n<meta name=\"robots\" content=\"index, follow, max-snippet:-1, max-image-preview:large, max-video-preview:-1\" \/>\n<link rel=\"canonical\" href=\"https:\/\/www.eldiario.net\/portal\/2024\/05\/19\/samaipata-enfrenta-devastacion-ambiental-causado-por-mineria\/\" \/>\n<meta property=\"og:locale\" content=\"es_ES\" \/>\n<meta property=\"og:type\" content=\"article\" \/>\n<meta property=\"og:title\" content=\"Samaipata enfrenta devastaci\u00f3n ambiental causado por miner\u00eda - El Diario - Bolivia\" \/>\n<meta property=\"og:description\" content=\"Ciudadanos de Samaipata protestaron contra la destrucci\u00f3n ambiental desenfrenada que sufre su regi\u00f3n. Seg\u00fan denuncias locales, actividades mineras no reguladas y la explotaci\u00f3n descontrolada de recursos naturales est\u00e1n devastando el paisaje monta\u00f1oso y los ecosistemas circundantes, con efectos adversos en la calidad de vida y el bienestar de sus habitantes. Alfonzo Banegas Rodr\u00edguez, miembro del [&hellip;]\" \/>\n<meta property=\"og:url\" content=\"https:\/\/www.eldiario.net\/portal\/2024\/05\/19\/samaipata-enfrenta-devastacion-ambiental-causado-por-mineria\/\" \/>\n<meta property=\"og:site_name\" content=\"El Diario - Bolivia\" \/>\n<meta property=\"article:publisher\" content=\"https:\/\/www.facebook.com\/eldiario.bolivia\/\" \/>\n<meta property=\"article:published_time\" content=\"2024-05-19T10:14:03+00:00\" \/>\n<meta property=\"og:image\" content=\"https:\/\/www.eldiario.net\/portal\/wp-content\/uploads\/2024\/05\/Samaipata.jpg\" \/>\n\t<meta property=\"og:image:width\" content=\"1476\" \/>\n\t<meta property=\"og:image:height\" content=\"763\" \/>\n\t<meta property=\"og:image:type\" content=\"image\/jpeg\" \/>\n<meta name=\"author\" content=\"Jeanette\" \/>\n<meta name=\"twitter:card\" content=\"summary_large_image\" \/>\n<meta name=\"twitter:creator\" content=\"@eldiario_net\" \/>\n<meta name=\"twitter:site\" content=\"@eldiario_net\" \/>\n<meta name=\"twitter:label1\" content=\"Escrito por\" \/>\n\t<meta name=\"twitter:data1\" content=\"Jeanette\" \/>\n\t<meta name=\"twitter:label2\" content=\"Tiempo de lectura\" \/>\n\t<meta name=\"twitter:data2\" content=\"2 minutos\" \/>\n<script type=\"application\/ld+json\" class=\"yoast-schema-graph\">{\"@context\":\"https:\\\/\\\/schema.org\",\"@graph\":[{\"@type\":\"Article\",\"@id\":\"https:\\\/\\\/www.eldiario.net\\\/portal\\\/2024\\\/05\\\/19\\\/samaipata-enfrenta-devastacion-ambiental-causado-por-mineria\\\/#article\",\"isPartOf\":{\"@id\":\"https:\\\/\\\/www.eldiario.net\\\/portal\\\/2024\\\/05\\\/19\\\/samaipata-enfrenta-devastacion-ambiental-causado-por-mineria\\\/\"},\"author\":{\"name\":\"Jeanette\",\"@id\":\"https:\\\/\\\/www.eldiario.net\\\/portal\\\/#\\\/schema\\\/person\\\/f46445640444750d7d753ccd04ae01b7\"},\"headline\":\"Samaipata enfrenta devastaci\u00f3n ambiental causado por miner\u00eda\",\"datePublished\":\"2024-05-19T10:14:03+00:00\",\"mainEntityOfPage\":{\"@id\":\"https:\\\/\\\/www.eldiario.net\\\/portal\\\/2024\\\/05\\\/19\\\/samaipata-enfrenta-devastacion-ambiental-causado-por-mineria\\\/\"},\"wordCount\":301,\"commentCount\":0,\"publisher\":{\"@id\":\"https:\\\/\\\/www.eldiario.net\\\/portal\\\/#organization\"},\"image\":{\"@id\":\"https:\\\/\\\/www.eldiario.net\\\/portal\\\/2024\\\/05\\\/19\\\/samaipata-enfrenta-devastacion-ambiental-causado-por-mineria\\\/#primaryimage\"},\"thumbnailUrl\":\"https:\\\/\\\/www.eldiario.net\\\/portal\\\/wp-content\\\/uploads\\\/2024\\\/05\\\/Samaipata.jpg\",\"articleSection\":[\"Portada\"],\"inLanguage\":\"es\",\"potentialAction\":[{\"@type\":\"CommentAction\",\"name\":\"Comment\",\"target\":[\"https:\\\/\\\/www.eldiario.net\\\/portal\\\/2024\\\/05\\\/19\\\/samaipata-enfrenta-devastacion-ambiental-causado-por-mineria\\\/#respond\"]}]},{\"@type\":\"WebPage\",\"@id\":\"https:\\\/\\\/www.eldiario.net\\\/portal\\\/2024\\\/05\\\/19\\\/samaipata-enfrenta-devastacion-ambiental-causado-por-mineria\\\/\",\"url\":\"https:\\\/\\\/www.eldiario.net\\\/portal\\\/2024\\\/05\\\/19\\\/samaipata-enfrenta-devastacion-ambiental-causado-por-mineria\\\/\",\"name\":\"Samaipata enfrenta devastaci\u00f3n ambiental causado por miner\u00eda - El Diario - Bolivia\",\"isPartOf\":{\"@id\":\"https:\\\/\\\/www.eldiario.net\\\/portal\\\/#website\"},\"primaryImageOfPage\":{\"@id\":\"https:\\\/\\\/www.eldiario.net\\\/portal\\\/2024\\\/05\\\/19\\\/samaipata-enfrenta-devastacion-ambiental-causado-por-mineria\\\/#primaryimage\"},\"image\":{\"@id\":\"https:\\\/\\\/www.eldiario.net\\\/portal\\\/2024\\\/05\\\/19\\\/samaipata-enfrenta-devastacion-ambiental-causado-por-mineria\\\/#primaryimage\"},\"thumbnailUrl\":\"https:\\\/\\\/www.eldiario.net\\\/portal\\\/wp-content\\\/uploads\\\/2024\\\/05\\\/Samaipata.jpg\",\"datePublished\":\"2024-05-19T10:14:03+00:00\",\"breadcrumb\":{\"@id\":\"https:\\\/\\\/www.eldiario.net\\\/portal\\\/2024\\\/05\\\/19\\\/samaipata-enfrenta-devastacion-ambiental-causado-por-mineria\\\/#breadcrumb\"},\"inLanguage\":\"es\",\"potentialAction\":[{\"@type\":\"ReadAction\",\"target\":[\"https:\\\/\\\/www.eldiario.net\\\/portal\\\/2024\\\/05\\\/19\\\/samaipata-enfrenta-devastacion-ambiental-causado-por-mineria\\\/\"]}]},{\"@type\":\"ImageObject\",\"inLanguage\":\"es\",\"@id\":\"https:\\\/\\\/www.eldiario.net\\\/portal\\\/2024\\\/05\\\/19\\\/samaipata-enfrenta-devastacion-ambiental-causado-por-mineria\\\/#primaryimage\",\"url\":\"https:\\\/\\\/www.eldiario.net\\\/portal\\\/wp-content\\\/uploads\\\/2024\\\/05\\\/Samaipata.jpg\",\"contentUrl\":\"https:\\\/\\\/www.eldiario.net\\\/portal\\\/wp-content\\\/uploads\\\/2024\\\/05\\\/Samaipata.jpg\",\"width\":1476,\"height\":763,\"caption\":\"Pobladores de Samaipata piden presencia de autoridades debido a los da\u00f1os ocasionados por la miner\u00eda en esa regi\u00f3n. CR\u00c9DITO: Captura Comit\u00e9 de Defensa\"},{\"@type\":\"BreadcrumbList\",\"@id\":\"https:\\\/\\\/www.eldiario.net\\\/portal\\\/2024\\\/05\\\/19\\\/samaipata-enfrenta-devastacion-ambiental-causado-por-mineria\\\/#breadcrumb\",\"itemListElement\":[{\"@type\":\"ListItem\",\"position\":1,\"name\":\"Portada\",\"item\":\"https:\\\/\\\/www.eldiario.net\\\/portal\\\/\"},{\"@type\":\"ListItem\",\"position\":2,\"name\":\"Samaipata enfrenta devastaci\u00f3n ambiental causado por miner\u00eda\"}]},{\"@type\":\"WebSite\",\"@id\":\"https:\\\/\\\/www.eldiario.net\\\/portal\\\/#website\",\"url\":\"https:\\\/\\\/www.eldiario.net\\\/portal\\\/\",\"name\":\"El Diario - Decano de la prensa nacional\",\"description\":\"El Diario - Decano de la prensa nacional\",\"publisher\":{\"@id\":\"https:\\\/\\\/www.eldiario.net\\\/portal\\\/#organization\"},\"potentialAction\":[{\"@type\":\"SearchAction\",\"target\":{\"@type\":\"EntryPoint\",\"urlTemplate\":\"https:\\\/\\\/www.eldiario.net\\\/portal\\\/?s={search_term_string}\"},\"query-input\":{\"@type\":\"PropertyValueSpecification\",\"valueRequired\":true,\"valueName\":\"search_term_string\"}}],\"inLanguage\":\"es\"},{\"@type\":\"Organization\",\"@id\":\"https:\\\/\\\/www.eldiario.net\\\/portal\\\/#organization\",\"name\":\"El Diario - Decano de la prensa nacional\",\"url\":\"https:\\\/\\\/www.eldiario.net\\\/portal\\\/\",\"logo\":{\"@type\":\"ImageObject\",\"inLanguage\":\"es\",\"@id\":\"https:\\\/\\\/www.eldiario.net\\\/portal\\\/#\\\/schema\\\/logo\\\/image\\\/\",\"url\":\"https:\\\/\\\/www.eldiario.net\\\/portal\\\/wp-content\\\/uploads\\\/2023\\\/07\\\/logo_ED.jpg\",\"contentUrl\":\"https:\\\/\\\/www.eldiario.net\\\/portal\\\/wp-content\\\/uploads\\\/2023\\\/07\\\/logo_ED.jpg\",\"width\":272,\"height\":52,\"caption\":\"El Diario - Decano de la prensa nacional\"},\"image\":{\"@id\":\"https:\\\/\\\/www.eldiario.net\\\/portal\\\/#\\\/schema\\\/logo\\\/image\\\/\"},\"sameAs\":[\"https:\\\/\\\/www.facebook.com\\\/eldiario.bolivia\\\/\",\"https:\\\/\\\/x.com\\\/eldiario_net\"]},{\"@type\":\"Person\",\"@id\":\"https:\\\/\\\/www.eldiario.net\\\/portal\\\/#\\\/schema\\\/person\\\/f46445640444750d7d753ccd04ae01b7\",\"name\":\"Jeanette\",\"image\":{\"@type\":\"ImageObject\",\"inLanguage\":\"es\",\"@id\":\"https:\\\/\\\/secure.gravatar.com\\\/avatar\\\/3ea2118a5f7dad2b7138b1187a6b7ee55f160b9968b66013c3a3ef39dd7e5798?s=96&d=mm&r=g\",\"url\":\"https:\\\/\\\/secure.gravatar.com\\\/avatar\\\/3ea2118a5f7dad2b7138b1187a6b7ee55f160b9968b66013c3a3ef39dd7e5798?s=96&d=mm&r=g\",\"contentUrl\":\"https:\\\/\\\/secure.gravatar.com\\\/avatar\\\/3ea2118a5f7dad2b7138b1187a6b7ee55f160b9968b66013c3a3ef39dd7e5798?s=96&d=mm&r=g\",\"caption\":\"Jeanette\"},\"sameAs\":[\"https:\\\/\\\/www.eldiario.net\\\/portal\"],\"url\":\"https:\\\/\\\/www.eldiario.net\\\/portal\\\/author\\\/jeanette\\\/\"}]}<\/script>\n<!-- \/ Yoast SEO plugin. -->","yoast_head_json":{"title":"Samaipata enfrenta devastaci\u00f3n ambiental causado por miner\u00eda - El Diario - Bolivia","robots":{"index":"index","follow":"follow","max-snippet":"max-snippet:-1","max-image-preview":"max-image-preview:large","max-video-preview":"max-video-preview:-1"},"canonical":"https:\/\/www.eldiario.net\/portal\/2024\/05\/19\/samaipata-enfrenta-devastacion-ambiental-causado-por-mineria\/","og_locale":"es_ES","og_type":"article","og_title":"Samaipata enfrenta devastaci\u00f3n ambiental causado por miner\u00eda - El Diario - Bolivia","og_description":"Ciudadanos de Samaipata protestaron contra la destrucci\u00f3n ambiental desenfrenada que sufre su regi\u00f3n. Seg\u00fan denuncias locales, actividades mineras no reguladas y la explotaci\u00f3n descontrolada de recursos naturales est\u00e1n devastando el paisaje monta\u00f1oso y los ecosistemas circundantes, con efectos adversos en la calidad de vida y el bienestar de sus habitantes. Alfonzo Banegas Rodr\u00edguez, miembro del [&hellip;]","og_url":"https:\/\/www.eldiario.net\/portal\/2024\/05\/19\/samaipata-enfrenta-devastacion-ambiental-causado-por-mineria\/","og_site_name":"El Diario - Bolivia","article_publisher":"https:\/\/www.facebook.com\/eldiario.bolivia\/","article_published_time":"2024-05-19T10:14:03+00:00","og_image":[{"width":1476,"height":763,"url":"https:\/\/www.eldiario.net\/portal\/wp-content\/uploads\/2024\/05\/Samaipata.jpg","type":"image\/jpeg"}],"author":"Jeanette","twitter_card":"summary_large_image","twitter_creator":"@eldiario_net","twitter_site":"@eldiario_net","twitter_misc":{"Escrito por":"Jeanette","Tiempo de lectura":"2 minutos"},"schema":{"@context":"https:\/\/schema.org","@graph":[{"@type":"Article","@id":"https:\/\/www.eldiario.net\/portal\/2024\/05\/19\/samaipata-enfrenta-devastacion-ambiental-causado-por-mineria\/#article","isPartOf":{"@id":"https:\/\/www.eldiario.net\/portal\/2024\/05\/19\/samaipata-enfrenta-devastacion-ambiental-causado-por-mineria\/"},"author":{"name":"Jeanette","@id":"https:\/\/www.eldiario.net\/portal\/#\/schema\/person\/f46445640444750d7d753ccd04ae01b7"},"headline":"Samaipata enfrenta devastaci\u00f3n ambiental causado por miner\u00eda","datePublished":"2024-05-19T10:14:03+00:00","mainEntityOfPage":{"@id":"https:\/\/www.eldiario.net\/portal\/2024\/05\/19\/samaipata-enfrenta-devastacion-ambiental-causado-por-mineria\/"},"wordCount":301,"commentCount":0,"publisher":{"@id":"https:\/\/www.eldiario.net\/portal\/#organization"},"image":{"@id":"https:\/\/www.eldiario.net\/portal\/2024\/05\/19\/samaipata-enfrenta-devastacion-ambiental-causado-por-mineria\/#primaryimage"},"thumbnailUrl":"https:\/\/www.eldiario.net\/portal\/wp-content\/uploads\/2024\/05\/Samaipata.jpg","articleSection":["Portada"],"inLanguage":"es","potentialAction":[{"@type":"CommentAction","name":"Comment","target":["https:\/\/www.eldiario.net\/portal\/2024\/05\/19\/samaipata-enfrenta-devastacion-ambiental-causado-por-mineria\/#respond"]}]},{"@type":"WebPage","@id":"https:\/\/www.eldiario.net\/portal\/2024\/05\/19\/samaipata-enfrenta-devastacion-ambiental-causado-por-mineria\/","url":"https:\/\/www.eldiario.net\/portal\/2024\/05\/19\/samaipata-enfrenta-devastacion-ambiental-causado-por-mineria\/","name":"Samaipata enfrenta devastaci\u00f3n ambiental causado por miner\u00eda - El Diario - Bolivia","isPartOf":{"@id":"https:\/\/www.eldiario.net\/portal\/#website"},"primaryImageOfPage":{"@id":"https:\/\/www.eldiario.net\/portal\/2024\/05\/19\/samaipata-enfrenta-devastacion-ambiental-causado-por-mineria\/#primaryimage"},"image":{"@id":"https:\/\/www.eldiario.net\/portal\/2024\/05\/19\/samaipata-enfrenta-devastacion-ambiental-causado-por-mineria\/#primaryimage"},"thumbnailUrl":"https:\/\/www.eldiario.net\/portal\/wp-content\/uploads\/2024\/05\/Samaipata.jpg","datePublished":"2024-05-19T10:14:03+00:00","breadcrumb":{"@id":"https:\/\/www.eldiario.net\/portal\/2024\/05\/19\/samaipata-enfrenta-devastacion-ambiental-causado-por-mineria\/#breadcrumb"},"inLanguage":"es","potentialAction":[{"@type":"ReadAction","target":["https:\/\/www.eldiario.net\/portal\/2024\/05\/19\/samaipata-enfrenta-devastacion-ambiental-causado-por-mineria\/"]}]},{"@type":"ImageObject","inLanguage":"es","@id":"https:\/\/www.eldiario.net\/portal\/2024\/05\/19\/samaipata-enfrenta-devastacion-ambiental-causado-por-mineria\/#primaryimage","url":"https:\/\/www.eldiario.net\/portal\/wp-content\/uploads\/2024\/05\/Samaipata.jpg","contentUrl":"https:\/\/www.eldiario.net\/portal\/wp-content\/uploads\/2024\/05\/Samaipata.jpg","width":1476,"height":763,"caption":"Pobladores de Samaipata piden presencia de autoridades debido a los da\u00f1os ocasionados por la miner\u00eda en esa regi\u00f3n. CR\u00c9DITO: Captura Comit\u00e9 de Defensa"},{"@type":"BreadcrumbList","@id":"https:\/\/www.eldiario.net\/portal\/2024\/05\/19\/samaipata-enfrenta-devastacion-ambiental-causado-por-mineria\/#breadcrumb","itemListElement":[{"@type":"ListItem","position":1,"name":"Portada","item":"https:\/\/www.eldiario.net\/portal\/"},{"@type":"ListItem","position":2,"name":"Samaipata enfrenta devastaci\u00f3n ambiental causado por miner\u00eda"}]},{"@type":"WebSite","@id":"https:\/\/www.eldiario.net\/portal\/#website","url":"https:\/\/www.eldiario.net\/portal\/","name":"El Diario - Decano de la prensa nacional","description":"El Diario - Decano de la prensa nacional","publisher":{"@id":"https:\/\/www.eldiario.net\/portal\/#organization"},"potentialAction":[{"@type":"SearchAction","target":{"@type":"EntryPoint","urlTemplate":"https:\/\/www.eldiario.net\/portal\/?s={search_term_string}"},"query-input":{"@type":"PropertyValueSpecification","valueRequired":true,"valueName":"search_term_string"}}],"inLanguage":"es"},{"@type":"Organization","@id":"https:\/\/www.eldiario.net\/portal\/#organization","name":"El Diario - Decano de la prensa nacional","url":"https:\/\/www.eldiario.net\/portal\/","logo":{"@type":"ImageObject","inLanguage":"es","@id":"https:\/\/www.eldiario.net\/portal\/#\/schema\/logo\/image\/","url":"https:\/\/www.eldiario.net\/portal\/wp-content\/uploads\/2023\/07\/logo_ED.jpg","contentUrl":"https:\/\/www.eldiario.net\/portal\/wp-content\/uploads\/2023\/07\/logo_ED.jpg","width":272,"height":52,"caption":"El Diario - Decano de la prensa nacional"},"image":{"@id":"https:\/\/www.eldiario.net\/portal\/#\/schema\/logo\/image\/"},"sameAs":["https:\/\/www.facebook.com\/eldiario.bolivia\/","https:\/\/x.com\/eldiario_net"]},{"@type":"Person","@id":"https:\/\/www.eldiario.net\/portal\/#\/schema\/person\/f46445640444750d7d753ccd04ae01b7","name":"Jeanette","image":{"@type":"ImageObject","inLanguage":"es","@id":"https:\/\/secure.gravatar.com\/avatar\/3ea2118a5f7dad2b7138b1187a6b7ee55f160b9968b66013c3a3ef39dd7e5798?s=96&d=mm&r=g","url":"https:\/\/secure.gravatar.com\/avatar\/3ea2118a5f7dad2b7138b1187a6b7ee55f160b9968b66013c3a3ef39dd7e5798?s=96&d=mm&r=g","contentUrl":"https:\/\/secure.gravatar.com\/avatar\/3ea2118a5f7dad2b7138b1187a6b7ee55f160b9968b66013c3a3ef39dd7e5798?s=96&d=mm&r=g","caption":"Jeanette"},"sameAs":["https:\/\/www.eldiario.net\/portal"],"url":"https:\/\/www.eldiario.net\/portal\/author\/jeanette\/"}]}},"_links":{"self":[{"href":"https:\/\/www.eldiario.net\/portal\/wp-json\/wp\/v2\/posts\/221438","targetHints":{"allow":["GET"]}}],"collection":[{"href":"https:\/\/www.eldiario.net\/portal\/wp-json\/wp\/v2\/posts"}],"about":[{"href":"https:\/\/www.eldiario.net\/portal\/wp-json\/wp\/v2\/types\/post"}],"author":[{"embeddable":true,"href":"https:\/\/www.eldiario.net\/portal\/wp-json\/wp\/v2\/users\/1"}],"replies":[{"embeddable":true,"href":"https:\/\/www.eldiario.net\/portal\/wp-json\/wp\/v2\/comments?post=221438"}],"version-history":[{"count":1,"href":"https:\/\/www.eldiario.net\/portal\/wp-json\/wp\/v2\/posts\/221438\/revisions"}],"predecessor-version":[{"id":221440,"href":"https:\/\/www.eldiario.net\/portal\/wp-json\/wp\/v2\/posts\/221438\/revisions\/221440"}],"wp:featuredmedia":[{"embeddable":true,"href":"https:\/\/www.eldiario.net\/portal\/wp-json\/wp\/v2\/media\/221439"}],"wp:attachment":[{"href":"https:\/\/www.eldiario.net\/portal\/wp-json\/wp\/v2\/media?parent=221438"}],"wp:term":[{"taxonomy":"category","embeddable":true,"href":"https:\/\/www.eldiario.net\/portal\/wp-json\/wp\/v2\/categories?post=221438"},{"taxonomy":"post_tag","embeddable":true,"href":"https:\/\/www.eldiario.net\/portal\/wp-json\/wp\/v2\/tags?post=221438"}],"curies":[{"name":"wp","href":"https:\/\/api.w.org\/{rel}","templated":true}]}}