{"id":221434,"date":"2024-05-18T14:21:03","date_gmt":"2024-05-18T18:21:03","guid":{"rendered":"https:\/\/www.eldiario.net\/portal\/?p=221434"},"modified":"2024-05-18T14:22:46","modified_gmt":"2024-05-18T18:22:46","slug":"antropologia-y-arqueologia-de-umsa-presentaran-un-programa-interactivo","status":"publish","type":"post","link":"https:\/\/www.eldiario.net\/portal\/2024\/05\/18\/antropologia-y-arqueologia-de-umsa-presentaran-un-programa-interactivo\/","title":{"rendered":"Antropolog\u00eda y Arqueolog\u00eda de UMSA presentar\u00e1n un programa interactivo"},"content":{"rendered":"<p>El Instituto de Investigaciones Antropol\u00f3gicas y Arqueol\u00f3gicas (IIAA) de la Universidad Mayor de San Andr\u00e9s (UMSA) presenta hoy en la d\u00e9cimo octava versi\u00f3n de la Larga Noche de Museos un programa interactivo que incluir\u00e1 la elaboraci\u00f3n de cer\u00e1micas, el simulacro de excavaciones en busca de rastros del pasado, la proyecci\u00f3n de videos, la lectura de textos, la presentaci\u00f3n de investigaciones cient\u00edficas y c\u00f3mo crear un repositorio en el hogar con objetos antiguos, adem\u00e1s de una muestra fotogr\u00e1fica de la colecci\u00f3n de cer\u00e1mica Tiwanaku de la isla Pariti.<\/p>\n<p>La directora del IIAA, Claudia Rivera detall\u00f3 que \u201cpara este s\u00e1bado 18 de mayo, se ha preparado un programa nutrido que est\u00e1 centrado en mostrar al p\u00fablico en general, las investigaciones que viene realizando el instituto desde distintos proyectos en antropolog\u00eda y arqueolog\u00eda con un \u00e9nfasis sobre el \u00e1rea andina\u201d.<\/p>\n<p>Dijo que\u00a0se tendr\u00e1n varias novedades, el Laboratorio de Tecnolog\u00edas Aditivas (que realiza la investigaci\u00f3n de cer\u00e1mica y tejidos arqueol\u00f3gicos y etnogr\u00e1ficos) mostrar\u00e1 c\u00f3mo se hac\u00edan las cer\u00e1micas prehisp\u00e1nicas con una actividad interactiva que propiciar\u00e1 la elaboraci\u00f3n de vasijas y ollas. \u201cSer\u00e1 interesante poder entender el proceso de fabricaci\u00f3n y que los participantes puedan elaborar sus propias vasijas\u201d, agreg\u00f3.<\/p>\n<p>El Observatorio de Patrimonio Arqueol\u00f3gico y Cultural (instancia de investigaci\u00f3n, generaci\u00f3n de informaci\u00f3n, an\u00e1lisis y asesoramiento t\u00e9cnico para la protecci\u00f3n y valoraci\u00f3n del patrimonio), conjuntamente la Facultad de Arquitectura y la Carrera de Biolog\u00eda ofrecer\u00e1n la oportunidad, principalmente, a los ni\u00f1os que participen de la Larga Noche de Museos, en excavar en el atrio de la UMSA para encontrar los rastros del pasado.<\/p>\n<p>El programa del Instituto de Investigaciones Antropol\u00f3gicas Arqueol\u00f3gicas que la siguiente gesti\u00f3n cumplir\u00e1 25 a\u00f1os de creaci\u00f3n, incluye tambi\u00e9n la participaci\u00f3n del Laboratorio de Estudios Ontol\u00f3gicos y Multiespecie para preguntarnos c\u00f3mo entendemos los museos con actividades destinadas al p\u00fablico en general, pensando, c\u00f3mo las personas podr\u00edan crear una actividad muse\u00edstica a partir de los objetos antiguos que tienen en sus casas<\/p>\n<h3>EXPOSICIONES<\/h3>\n<p>Una de las exposiciones fotogr\u00e1ficas que presentar\u00e1 el arque\u00f3logo J\u00e9du Sag\u00e1rnaga mostrar\u00e1 la cer\u00e1mica Tiwanaku de la isla Pariti del lago Titicaca. \u201cUna cer\u00e1mica muy particular y \u00fanica porque refleja la habilidad de los alfareros tiwanacotas que adquirieron un conocimiento tecnol\u00f3gico amplio que fue logrado en cientos de a\u00f1os, es una expresi\u00f3n interesante del mundo ritual de Tiwanaku que no s\u00f3lo se relaciona con el \u00e1mbito andino sino tambi\u00e9n con la ceja de Selva\u201d, explic\u00f3 Rivera.<\/p>\n<p>Sag\u00e1rnaga junto con Antti Korpisaari dirigieron un equipo arqueol\u00f3gico boliviano-finland\u00e9s que descubri\u00f3 en la isla Pariti cer\u00e1mica trizada, correspondiente a m\u00e1s de 400 piezas semienteras de filiaci\u00f3n Tiwanaku, con formas y contenidos iconogr\u00e1ficos diversos y \u00fanicos en su g\u00e9nero. Su variedad morfol\u00f3gica e iconogr\u00e1fica permiti\u00f3 el estudio del rol ritual que tuvieron los recipientes cer\u00e1micos.<\/p>\n<p>Rivera anunci\u00f3 que tambi\u00e9n se ofrecer\u00e1 una exposici\u00f3n sobre la arqueolog\u00eda del r\u00edo Desaguadero de la regi\u00f3n de Iruito y sus alrededores que expondr\u00e1 la ocupaci\u00f3n del lugar a lo largo del tiempo. \u201cLos asentamientos en el sitio se iniciaron en el Formativo (1500 a\u00f1os antes de Cristo), y la ocupaci\u00f3n continu\u00f3 a trav\u00e9s del tiempo con Tiwanaku, los Se\u00f1or\u00edos Aymaras hasta la actualidad\u201d, a\u00f1adi\u00f3.<\/p>\n<p>La Directora IIAA infirm\u00f3 que el sitio de Iruito fue uno de los lugares rituales que tuvo un templo Tiwanaku donde exist\u00edan Chachapumas de piedra (esculturas con representaci\u00f3n antropomorfa de un hombre puma) y que reutilizado en el tiempo por los incas, \u201cfue un lugar ritual importante\u201d.<\/p>\n<p>La experta considera que la Larga Noche de Museos en su d\u00e9cimo octava versi\u00f3n presenta una oportunidad para transmitir el conocimiento cient\u00edfico a la poblaci\u00f3n, pero principalmente, a los ni\u00f1os para que puedan comprender la importancia de lo arqueol\u00f3gico y antropol\u00f3gico para acercarlos, en esta ocasi\u00f3n, al mundo andino.<\/p>\n<p>Invit\u00f3 cordialmente a la ciudadan\u00eda\u00a0 participar de las actividades interactivas a trav\u00e9s de un recorrido con los gu\u00edas tradicionales desde el atrio de la UMSA hasta el edificio de la Facultad de Ciencias Sociales ubicado en la calle Federico Suazo. Tambi\u00e9n se tendr\u00e1 la proyecci\u00f3n de videos y la presentaci\u00f3n de actos musicales, adem\u00e1s se podr\u00e1 leer las investigaciones y algunos textos editados por el IIAA en el Rinc\u00f3n del Lector.\u00a0(erbol\/Cronista21)<\/p>\n","protected":false},"excerpt":{"rendered":"<p>El Instituto de Investigaciones Antropol\u00f3gicas y Arqueol\u00f3gicas (IIAA) de la Universidad Mayor de San Andr\u00e9s (UMSA) presenta hoy en la d\u00e9cimo octava versi\u00f3n de la Larga Noche de Museos un programa interactivo que incluir\u00e1 la elaboraci\u00f3n de cer\u00e1micas, el simulacro de excavaciones en busca de rastros del pasado, la proyecci\u00f3n de videos, la lectura de [&hellip;]<\/p>\n","protected":false},"author":2,"featured_media":221435,"comment_status":"open","ping_status":"open","sticky":false,"template":"","format":"standard","meta":{"_acf_changed":false,"footnotes":""},"categories":[15],"tags":[],"class_list":["post-221434","post","type-post","status-publish","format-standard","has-post-thumbnail","category-portada"],"acf":{"antetitulo":"Larga Noche de Museos en La Paz"},"yoast_head":"<!-- This site is optimized with the Yoast SEO plugin v28.3 - https:\/\/yoast.com\/product\/yoast-seo-wordpress\/ -->\n<title>Antropolog\u00eda y Arqueolog\u00eda de UMSA presentar\u00e1n un programa interactivo - El Diario - Bolivia<\/title>\n<meta name=\"robots\" content=\"index, follow, max-snippet:-1, max-image-preview:large, max-video-preview:-1\" \/>\n<link rel=\"canonical\" href=\"https:\/\/www.eldiario.net\/portal\/2024\/05\/18\/antropologia-y-arqueologia-de-umsa-presentaran-un-programa-interactivo\/\" \/>\n<meta property=\"og:locale\" content=\"es_ES\" \/>\n<meta property=\"og:type\" content=\"article\" \/>\n<meta property=\"og:title\" content=\"Antropolog\u00eda y Arqueolog\u00eda de UMSA presentar\u00e1n un programa interactivo - El Diario - Bolivia\" \/>\n<meta property=\"og:description\" content=\"El Instituto de Investigaciones Antropol\u00f3gicas y Arqueol\u00f3gicas (IIAA) de la Universidad Mayor de San Andr\u00e9s (UMSA) presenta hoy en la d\u00e9cimo octava versi\u00f3n de la Larga Noche de Museos un programa interactivo que incluir\u00e1 la elaboraci\u00f3n de cer\u00e1micas, el simulacro de excavaciones en busca de rastros del pasado, la proyecci\u00f3n de videos, la lectura de [&hellip;]\" \/>\n<meta property=\"og:url\" content=\"https:\/\/www.eldiario.net\/portal\/2024\/05\/18\/antropologia-y-arqueologia-de-umsa-presentaran-un-programa-interactivo\/\" \/>\n<meta property=\"og:site_name\" content=\"El Diario - Bolivia\" \/>\n<meta property=\"article:publisher\" content=\"https:\/\/www.facebook.com\/eldiario.bolivia\/\" \/>\n<meta property=\"article:published_time\" content=\"2024-05-18T18:21:03+00:00\" \/>\n<meta property=\"article:modified_time\" content=\"2024-05-18T18:22:46+00:00\" \/>\n<meta property=\"og:image\" content=\"https:\/\/www.eldiario.net\/portal\/wp-content\/uploads\/2024\/05\/Keru-Cronista-21.jpg\" \/>\n\t<meta property=\"og:image:width\" content=\"981\" \/>\n\t<meta property=\"og:image:height\" content=\"592\" \/>\n\t<meta property=\"og:image:type\" content=\"image\/jpeg\" \/>\n<meta name=\"author\" content=\"luis Camacho\" \/>\n<meta name=\"twitter:card\" content=\"summary_large_image\" \/>\n<meta name=\"twitter:creator\" content=\"@eldiario_net\" \/>\n<meta name=\"twitter:site\" content=\"@eldiario_net\" \/>\n<meta name=\"twitter:label1\" content=\"Escrito por\" \/>\n\t<meta name=\"twitter:data1\" content=\"luis Camacho\" \/>\n\t<meta name=\"twitter:label2\" content=\"Tiempo de lectura\" \/>\n\t<meta name=\"twitter:data2\" content=\"4 minutos\" \/>\n<script type=\"application\/ld+json\" class=\"yoast-schema-graph\">{\"@context\":\"https:\\\/\\\/schema.org\",\"@graph\":[{\"@type\":\"Article\",\"@id\":\"https:\\\/\\\/www.eldiario.net\\\/portal\\\/2024\\\/05\\\/18\\\/antropologia-y-arqueologia-de-umsa-presentaran-un-programa-interactivo\\\/#article\",\"isPartOf\":{\"@id\":\"https:\\\/\\\/www.eldiario.net\\\/portal\\\/2024\\\/05\\\/18\\\/antropologia-y-arqueologia-de-umsa-presentaran-un-programa-interactivo\\\/\"},\"author\":{\"name\":\"luis Camacho\",\"@id\":\"https:\\\/\\\/www.eldiario.net\\\/portal\\\/#\\\/schema\\\/person\\\/cab1ae4db27e5f008a62cbffb05fbfee\"},\"headline\":\"Antropolog\u00eda y Arqueolog\u00eda de UMSA presentar\u00e1n un programa interactivo\",\"datePublished\":\"2024-05-18T18:21:03+00:00\",\"dateModified\":\"2024-05-18T18:22:46+00:00\",\"mainEntityOfPage\":{\"@id\":\"https:\\\/\\\/www.eldiario.net\\\/portal\\\/2024\\\/05\\\/18\\\/antropologia-y-arqueologia-de-umsa-presentaran-un-programa-interactivo\\\/\"},\"wordCount\":801,\"commentCount\":0,\"publisher\":{\"@id\":\"https:\\\/\\\/www.eldiario.net\\\/portal\\\/#organization\"},\"image\":{\"@id\":\"https:\\\/\\\/www.eldiario.net\\\/portal\\\/2024\\\/05\\\/18\\\/antropologia-y-arqueologia-de-umsa-presentaran-un-programa-interactivo\\\/#primaryimage\"},\"thumbnailUrl\":\"https:\\\/\\\/www.eldiario.net\\\/portal\\\/wp-content\\\/uploads\\\/2024\\\/05\\\/Keru-Cronista-21.jpg\",\"articleSection\":[\"Portada\"],\"inLanguage\":\"es\",\"potentialAction\":[{\"@type\":\"CommentAction\",\"name\":\"Comment\",\"target\":[\"https:\\\/\\\/www.eldiario.net\\\/portal\\\/2024\\\/05\\\/18\\\/antropologia-y-arqueologia-de-umsa-presentaran-un-programa-interactivo\\\/#respond\"]}]},{\"@type\":\"WebPage\",\"@id\":\"https:\\\/\\\/www.eldiario.net\\\/portal\\\/2024\\\/05\\\/18\\\/antropologia-y-arqueologia-de-umsa-presentaran-un-programa-interactivo\\\/\",\"url\":\"https:\\\/\\\/www.eldiario.net\\\/portal\\\/2024\\\/05\\\/18\\\/antropologia-y-arqueologia-de-umsa-presentaran-un-programa-interactivo\\\/\",\"name\":\"Antropolog\u00eda y Arqueolog\u00eda de UMSA presentar\u00e1n un programa interactivo - El Diario - Bolivia\",\"isPartOf\":{\"@id\":\"https:\\\/\\\/www.eldiario.net\\\/portal\\\/#website\"},\"primaryImageOfPage\":{\"@id\":\"https:\\\/\\\/www.eldiario.net\\\/portal\\\/2024\\\/05\\\/18\\\/antropologia-y-arqueologia-de-umsa-presentaran-un-programa-interactivo\\\/#primaryimage\"},\"image\":{\"@id\":\"https:\\\/\\\/www.eldiario.net\\\/portal\\\/2024\\\/05\\\/18\\\/antropologia-y-arqueologia-de-umsa-presentaran-un-programa-interactivo\\\/#primaryimage\"},\"thumbnailUrl\":\"https:\\\/\\\/www.eldiario.net\\\/portal\\\/wp-content\\\/uploads\\\/2024\\\/05\\\/Keru-Cronista-21.jpg\",\"datePublished\":\"2024-05-18T18:21:03+00:00\",\"dateModified\":\"2024-05-18T18:22:46+00:00\",\"breadcrumb\":{\"@id\":\"https:\\\/\\\/www.eldiario.net\\\/portal\\\/2024\\\/05\\\/18\\\/antropologia-y-arqueologia-de-umsa-presentaran-un-programa-interactivo\\\/#breadcrumb\"},\"inLanguage\":\"es\",\"potentialAction\":[{\"@type\":\"ReadAction\",\"target\":[\"https:\\\/\\\/www.eldiario.net\\\/portal\\\/2024\\\/05\\\/18\\\/antropologia-y-arqueologia-de-umsa-presentaran-un-programa-interactivo\\\/\"]}]},{\"@type\":\"ImageObject\",\"inLanguage\":\"es\",\"@id\":\"https:\\\/\\\/www.eldiario.net\\\/portal\\\/2024\\\/05\\\/18\\\/antropologia-y-arqueologia-de-umsa-presentaran-un-programa-interactivo\\\/#primaryimage\",\"url\":\"https:\\\/\\\/www.eldiario.net\\\/portal\\\/wp-content\\\/uploads\\\/2024\\\/05\\\/Keru-Cronista-21.jpg\",\"contentUrl\":\"https:\\\/\\\/www.eldiario.net\\\/portal\\\/wp-content\\\/uploads\\\/2024\\\/05\\\/Keru-Cronista-21.jpg\",\"width\":981,\"height\":592,\"caption\":\"Un keru o vaso ceremonial de la colecci\u00f3n de ceramica Tiwanaku de la isla Pariti. CR\u00c9DITO: J\u00e9du Sag\u00e1rnaga\"},{\"@type\":\"BreadcrumbList\",\"@id\":\"https:\\\/\\\/www.eldiario.net\\\/portal\\\/2024\\\/05\\\/18\\\/antropologia-y-arqueologia-de-umsa-presentaran-un-programa-interactivo\\\/#breadcrumb\",\"itemListElement\":[{\"@type\":\"ListItem\",\"position\":1,\"name\":\"Portada\",\"item\":\"https:\\\/\\\/www.eldiario.net\\\/portal\\\/\"},{\"@type\":\"ListItem\",\"position\":2,\"name\":\"Antropolog\u00eda y Arqueolog\u00eda de UMSA presentar\u00e1n un programa interactivo\"}]},{\"@type\":\"WebSite\",\"@id\":\"https:\\\/\\\/www.eldiario.net\\\/portal\\\/#website\",\"url\":\"https:\\\/\\\/www.eldiario.net\\\/portal\\\/\",\"name\":\"El Diario - Decano de la prensa nacional\",\"description\":\"El Diario - Decano de la prensa nacional\",\"publisher\":{\"@id\":\"https:\\\/\\\/www.eldiario.net\\\/portal\\\/#organization\"},\"potentialAction\":[{\"@type\":\"SearchAction\",\"target\":{\"@type\":\"EntryPoint\",\"urlTemplate\":\"https:\\\/\\\/www.eldiario.net\\\/portal\\\/?s={search_term_string}\"},\"query-input\":{\"@type\":\"PropertyValueSpecification\",\"valueRequired\":true,\"valueName\":\"search_term_string\"}}],\"inLanguage\":\"es\"},{\"@type\":\"Organization\",\"@id\":\"https:\\\/\\\/www.eldiario.net\\\/portal\\\/#organization\",\"name\":\"El Diario - Decano de la prensa nacional\",\"url\":\"https:\\\/\\\/www.eldiario.net\\\/portal\\\/\",\"logo\":{\"@type\":\"ImageObject\",\"inLanguage\":\"es\",\"@id\":\"https:\\\/\\\/www.eldiario.net\\\/portal\\\/#\\\/schema\\\/logo\\\/image\\\/\",\"url\":\"https:\\\/\\\/www.eldiario.net\\\/portal\\\/wp-content\\\/uploads\\\/2023\\\/07\\\/logo_ED.jpg\",\"contentUrl\":\"https:\\\/\\\/www.eldiario.net\\\/portal\\\/wp-content\\\/uploads\\\/2023\\\/07\\\/logo_ED.jpg\",\"width\":272,\"height\":52,\"caption\":\"El Diario - Decano de la prensa nacional\"},\"image\":{\"@id\":\"https:\\\/\\\/www.eldiario.net\\\/portal\\\/#\\\/schema\\\/logo\\\/image\\\/\"},\"sameAs\":[\"https:\\\/\\\/www.facebook.com\\\/eldiario.bolivia\\\/\",\"https:\\\/\\\/x.com\\\/eldiario_net\"]},{\"@type\":\"Person\",\"@id\":\"https:\\\/\\\/www.eldiario.net\\\/portal\\\/#\\\/schema\\\/person\\\/cab1ae4db27e5f008a62cbffb05fbfee\",\"name\":\"luis Camacho\",\"image\":{\"@type\":\"ImageObject\",\"inLanguage\":\"es\",\"@id\":\"https:\\\/\\\/secure.gravatar.com\\\/avatar\\\/69ecb836b3826d5a2501bf06ab2a2f2c8ab211cc846758f395df21684cb38313?s=96&d=mm&r=g\",\"url\":\"https:\\\/\\\/secure.gravatar.com\\\/avatar\\\/69ecb836b3826d5a2501bf06ab2a2f2c8ab211cc846758f395df21684cb38313?s=96&d=mm&r=g\",\"contentUrl\":\"https:\\\/\\\/secure.gravatar.com\\\/avatar\\\/69ecb836b3826d5a2501bf06ab2a2f2c8ab211cc846758f395df21684cb38313?s=96&d=mm&r=g\",\"caption\":\"luis Camacho\"},\"url\":\"https:\\\/\\\/www.eldiario.net\\\/portal\\\/author\\\/luis\\\/\"}]}<\/script>\n<!-- \/ Yoast SEO plugin. -->","yoast_head_json":{"title":"Antropolog\u00eda y Arqueolog\u00eda de UMSA presentar\u00e1n un programa interactivo - El Diario - Bolivia","robots":{"index":"index","follow":"follow","max-snippet":"max-snippet:-1","max-image-preview":"max-image-preview:large","max-video-preview":"max-video-preview:-1"},"canonical":"https:\/\/www.eldiario.net\/portal\/2024\/05\/18\/antropologia-y-arqueologia-de-umsa-presentaran-un-programa-interactivo\/","og_locale":"es_ES","og_type":"article","og_title":"Antropolog\u00eda y Arqueolog\u00eda de UMSA presentar\u00e1n un programa interactivo - El Diario - Bolivia","og_description":"El Instituto de Investigaciones Antropol\u00f3gicas y Arqueol\u00f3gicas (IIAA) de la Universidad Mayor de San Andr\u00e9s (UMSA) presenta hoy en la d\u00e9cimo octava versi\u00f3n de la Larga Noche de Museos un programa interactivo que incluir\u00e1 la elaboraci\u00f3n de cer\u00e1micas, el simulacro de excavaciones en busca de rastros del pasado, la proyecci\u00f3n de videos, la lectura de [&hellip;]","og_url":"https:\/\/www.eldiario.net\/portal\/2024\/05\/18\/antropologia-y-arqueologia-de-umsa-presentaran-un-programa-interactivo\/","og_site_name":"El Diario - Bolivia","article_publisher":"https:\/\/www.facebook.com\/eldiario.bolivia\/","article_published_time":"2024-05-18T18:21:03+00:00","article_modified_time":"2024-05-18T18:22:46+00:00","og_image":[{"width":981,"height":592,"url":"https:\/\/www.eldiario.net\/portal\/wp-content\/uploads\/2024\/05\/Keru-Cronista-21.jpg","type":"image\/jpeg"}],"author":"luis Camacho","twitter_card":"summary_large_image","twitter_creator":"@eldiario_net","twitter_site":"@eldiario_net","twitter_misc":{"Escrito por":"luis Camacho","Tiempo de lectura":"4 minutos"},"schema":{"@context":"https:\/\/schema.org","@graph":[{"@type":"Article","@id":"https:\/\/www.eldiario.net\/portal\/2024\/05\/18\/antropologia-y-arqueologia-de-umsa-presentaran-un-programa-interactivo\/#article","isPartOf":{"@id":"https:\/\/www.eldiario.net\/portal\/2024\/05\/18\/antropologia-y-arqueologia-de-umsa-presentaran-un-programa-interactivo\/"},"author":{"name":"luis Camacho","@id":"https:\/\/www.eldiario.net\/portal\/#\/schema\/person\/cab1ae4db27e5f008a62cbffb05fbfee"},"headline":"Antropolog\u00eda y Arqueolog\u00eda de UMSA presentar\u00e1n un programa interactivo","datePublished":"2024-05-18T18:21:03+00:00","dateModified":"2024-05-18T18:22:46+00:00","mainEntityOfPage":{"@id":"https:\/\/www.eldiario.net\/portal\/2024\/05\/18\/antropologia-y-arqueologia-de-umsa-presentaran-un-programa-interactivo\/"},"wordCount":801,"commentCount":0,"publisher":{"@id":"https:\/\/www.eldiario.net\/portal\/#organization"},"image":{"@id":"https:\/\/www.eldiario.net\/portal\/2024\/05\/18\/antropologia-y-arqueologia-de-umsa-presentaran-un-programa-interactivo\/#primaryimage"},"thumbnailUrl":"https:\/\/www.eldiario.net\/portal\/wp-content\/uploads\/2024\/05\/Keru-Cronista-21.jpg","articleSection":["Portada"],"inLanguage":"es","potentialAction":[{"@type":"CommentAction","name":"Comment","target":["https:\/\/www.eldiario.net\/portal\/2024\/05\/18\/antropologia-y-arqueologia-de-umsa-presentaran-un-programa-interactivo\/#respond"]}]},{"@type":"WebPage","@id":"https:\/\/www.eldiario.net\/portal\/2024\/05\/18\/antropologia-y-arqueologia-de-umsa-presentaran-un-programa-interactivo\/","url":"https:\/\/www.eldiario.net\/portal\/2024\/05\/18\/antropologia-y-arqueologia-de-umsa-presentaran-un-programa-interactivo\/","name":"Antropolog\u00eda y Arqueolog\u00eda de UMSA presentar\u00e1n un programa interactivo - El Diario - Bolivia","isPartOf":{"@id":"https:\/\/www.eldiario.net\/portal\/#website"},"primaryImageOfPage":{"@id":"https:\/\/www.eldiario.net\/portal\/2024\/05\/18\/antropologia-y-arqueologia-de-umsa-presentaran-un-programa-interactivo\/#primaryimage"},"image":{"@id":"https:\/\/www.eldiario.net\/portal\/2024\/05\/18\/antropologia-y-arqueologia-de-umsa-presentaran-un-programa-interactivo\/#primaryimage"},"thumbnailUrl":"https:\/\/www.eldiario.net\/portal\/wp-content\/uploads\/2024\/05\/Keru-Cronista-21.jpg","datePublished":"2024-05-18T18:21:03+00:00","dateModified":"2024-05-18T18:22:46+00:00","breadcrumb":{"@id":"https:\/\/www.eldiario.net\/portal\/2024\/05\/18\/antropologia-y-arqueologia-de-umsa-presentaran-un-programa-interactivo\/#breadcrumb"},"inLanguage":"es","potentialAction":[{"@type":"ReadAction","target":["https:\/\/www.eldiario.net\/portal\/2024\/05\/18\/antropologia-y-arqueologia-de-umsa-presentaran-un-programa-interactivo\/"]}]},{"@type":"ImageObject","inLanguage":"es","@id":"https:\/\/www.eldiario.net\/portal\/2024\/05\/18\/antropologia-y-arqueologia-de-umsa-presentaran-un-programa-interactivo\/#primaryimage","url":"https:\/\/www.eldiario.net\/portal\/wp-content\/uploads\/2024\/05\/Keru-Cronista-21.jpg","contentUrl":"https:\/\/www.eldiario.net\/portal\/wp-content\/uploads\/2024\/05\/Keru-Cronista-21.jpg","width":981,"height":592,"caption":"Un keru o vaso ceremonial de la colecci\u00f3n de ceramica Tiwanaku de la isla Pariti. CR\u00c9DITO: J\u00e9du Sag\u00e1rnaga"},{"@type":"BreadcrumbList","@id":"https:\/\/www.eldiario.net\/portal\/2024\/05\/18\/antropologia-y-arqueologia-de-umsa-presentaran-un-programa-interactivo\/#breadcrumb","itemListElement":[{"@type":"ListItem","position":1,"name":"Portada","item":"https:\/\/www.eldiario.net\/portal\/"},{"@type":"ListItem","position":2,"name":"Antropolog\u00eda y Arqueolog\u00eda de UMSA presentar\u00e1n un programa interactivo"}]},{"@type":"WebSite","@id":"https:\/\/www.eldiario.net\/portal\/#website","url":"https:\/\/www.eldiario.net\/portal\/","name":"El Diario - Decano de la prensa nacional","description":"El Diario - Decano de la prensa nacional","publisher":{"@id":"https:\/\/www.eldiario.net\/portal\/#organization"},"potentialAction":[{"@type":"SearchAction","target":{"@type":"EntryPoint","urlTemplate":"https:\/\/www.eldiario.net\/portal\/?s={search_term_string}"},"query-input":{"@type":"PropertyValueSpecification","valueRequired":true,"valueName":"search_term_string"}}],"inLanguage":"es"},{"@type":"Organization","@id":"https:\/\/www.eldiario.net\/portal\/#organization","name":"El Diario - Decano de la prensa nacional","url":"https:\/\/www.eldiario.net\/portal\/","logo":{"@type":"ImageObject","inLanguage":"es","@id":"https:\/\/www.eldiario.net\/portal\/#\/schema\/logo\/image\/","url":"https:\/\/www.eldiario.net\/portal\/wp-content\/uploads\/2023\/07\/logo_ED.jpg","contentUrl":"https:\/\/www.eldiario.net\/portal\/wp-content\/uploads\/2023\/07\/logo_ED.jpg","width":272,"height":52,"caption":"El Diario - Decano de la prensa nacional"},"image":{"@id":"https:\/\/www.eldiario.net\/portal\/#\/schema\/logo\/image\/"},"sameAs":["https:\/\/www.facebook.com\/eldiario.bolivia\/","https:\/\/x.com\/eldiario_net"]},{"@type":"Person","@id":"https:\/\/www.eldiario.net\/portal\/#\/schema\/person\/cab1ae4db27e5f008a62cbffb05fbfee","name":"luis Camacho","image":{"@type":"ImageObject","inLanguage":"es","@id":"https:\/\/secure.gravatar.com\/avatar\/69ecb836b3826d5a2501bf06ab2a2f2c8ab211cc846758f395df21684cb38313?s=96&d=mm&r=g","url":"https:\/\/secure.gravatar.com\/avatar\/69ecb836b3826d5a2501bf06ab2a2f2c8ab211cc846758f395df21684cb38313?s=96&d=mm&r=g","contentUrl":"https:\/\/secure.gravatar.com\/avatar\/69ecb836b3826d5a2501bf06ab2a2f2c8ab211cc846758f395df21684cb38313?s=96&d=mm&r=g","caption":"luis Camacho"},"url":"https:\/\/www.eldiario.net\/portal\/author\/luis\/"}]}},"_links":{"self":[{"href":"https:\/\/www.eldiario.net\/portal\/wp-json\/wp\/v2\/posts\/221434","targetHints":{"allow":["GET"]}}],"collection":[{"href":"https:\/\/www.eldiario.net\/portal\/wp-json\/wp\/v2\/posts"}],"about":[{"href":"https:\/\/www.eldiario.net\/portal\/wp-json\/wp\/v2\/types\/post"}],"author":[{"embeddable":true,"href":"https:\/\/www.eldiario.net\/portal\/wp-json\/wp\/v2\/users\/2"}],"replies":[{"embeddable":true,"href":"https:\/\/www.eldiario.net\/portal\/wp-json\/wp\/v2\/comments?post=221434"}],"version-history":[{"count":2,"href":"https:\/\/www.eldiario.net\/portal\/wp-json\/wp\/v2\/posts\/221434\/revisions"}],"predecessor-version":[{"id":221437,"href":"https:\/\/www.eldiario.net\/portal\/wp-json\/wp\/v2\/posts\/221434\/revisions\/221437"}],"wp:featuredmedia":[{"embeddable":true,"href":"https:\/\/www.eldiario.net\/portal\/wp-json\/wp\/v2\/media\/221435"}],"wp:attachment":[{"href":"https:\/\/www.eldiario.net\/portal\/wp-json\/wp\/v2\/media?parent=221434"}],"wp:term":[{"taxonomy":"category","embeddable":true,"href":"https:\/\/www.eldiario.net\/portal\/wp-json\/wp\/v2\/categories?post=221434"},{"taxonomy":"post_tag","embeddable":true,"href":"https:\/\/www.eldiario.net\/portal\/wp-json\/wp\/v2\/tags?post=221434"}],"curies":[{"name":"wp","href":"https:\/\/api.w.org\/{rel}","templated":true}]}}