{"id":221326,"date":"2024-05-18T05:15:30","date_gmt":"2024-05-18T09:15:30","guid":{"rendered":"https:\/\/www.eldiario.net\/portal\/?p=221326"},"modified":"2024-05-18T07:07:47","modified_gmt":"2024-05-18T11:07:47","slug":"cientos-de-espacios-en-noche-de-museos","status":"publish","type":"post","link":"https:\/\/www.eldiario.net\/portal\/2024\/05\/18\/cientos-de-espacios-en-noche-de-museos\/","title":{"rendered":"Cientos de espacios  en Noche de Museos"},"content":{"rendered":"<p>Ciudadanos de La Paz y El Alto visitar\u00e1n diferentes espacios entre museos, instituciones, centros culturales y embajadas en la Larga Noche de Museos conmemorando el D\u00eda Internacional de los Museos. La mayor\u00eda de las actividades abrir\u00e1n sus puertas alrededor de las 16:00 horas y permanecer\u00e1n hasta la medianoche de esta jornada. En La Paz, se prev\u00e9 el cierre de v\u00edas en, al menos, nueve puntos de la ciudad.<br \/>\nEn La Paz, para la XVIII versi\u00f3n de la Larga Noche de Museos 2024 se contar\u00e1 con m\u00e1s de 350 espacios que ofrecer\u00e1n un amplio programa cultural, desde artistas que realizar\u00e1n trabajos en vivo, gastronom\u00eda gourmet hasta actividades religiosas como la del santuario del Se\u00f1or Jes\u00fas del Gran Poder, que abrir\u00e1 sus puertas para que los fieles observen preciosas colecciones de indumentaria y piezas sacras.<br \/>\nLos lugares abrir\u00e1n sus puertas desde las 16:00 horas hasta la medianoche, el municipio pace\u00f1o ofrecer\u00e1 \u201cm\u00e1s de 15 circuitos\u201d. Entre los espacios que habilitar\u00e1n sus ambientes est\u00e1n: La Plaza de las Culturas donde habr\u00e1 cosplayers, arte asi\u00e1tico, personajes de fantas\u00eda y torneos de artes medievales.<br \/>\nEn la zona de San Sebasti\u00e1n, El Rosario y San Francisco, los museos Tambo Quirquincho, San Francisco expondr\u00e1n su arquitectura y muestras art\u00edsticas y del arte sacro nacional; las calles Linares y Jim\u00e9nez, se convertir\u00e1n en peatonales.<br \/>\nHabilitar\u00e1n el Teatro Municipal Alberto Saavedra P\u00e9rez y el Teatro de C\u00e1mara Norma Merlo, el Parque de la Madre Tierra en la Estaci\u00f3n del Telef\u00e9rico Rojo de la \u201cVita\u201d. En la zona Norte, los museos Regimiento I Colorados de Bolivia, el Costumbrista, de Metales Preciosos Precolombinos, la Casa de Murillo, el Museo de Rosita R\u00edos y el Centro Cultural Mamani Mamani para recibir a los visitantes.<br \/>\nLa Cervecer\u00eda Boliviana Nacional, tambi\u00e9n abrir\u00e1 sus puertas. M\u00e1s de 40 artistas realizar\u00e1n trabajos en vivo en la Casa de la Cultura Franz Tamayo. En todo el Pasaje Kuljis estar\u00e1n las propuestas de artes pl\u00e1sticas y literarias. Los museos Nacional de Arte, Etnograf\u00eda y Folklore, adem\u00e1s del Policial e Hist\u00f3rico Naval mostrar\u00e1n el patrimonio que tienen.<br \/>\nEn Max Paredes, abrir\u00e1 el santuario del Se\u00f1or del Gran Poder. La UMSA con sus diferentes museos, centros de investigaciones, laboratorios, archivos, bibliotecas y carreras, tambi\u00e9n abrir\u00e1 sus puertas as\u00ed como las de sus Facultades de Medicina, Derecho, Humanidades, Ciencias Sociales y de Arquitectura, Urbanismo, Artes y Dise\u00f1o, adem\u00e1s del Archivo de La Paz, entre otros.<br \/>\nSopocachi tendr\u00e1 museos, embajadas e instituciones que recibir\u00e1n a la gente, pero tambi\u00e9n vivir\u00e1 muestras al aire libre por lo que cerrar\u00e1n calles, como la Aspiazu, Fernando Guachalla, Rosendo Guti\u00e9rrez.<br \/>\nEl Mont\u00edculo estar\u00e1 dedicado a la gastronom\u00eda gourmet con artistas como Luis Rico, Yujra Jazz, Radio Cutipa, entre otros. Las embajadas se concentrar\u00e1n en el CAF de la zona de San Jorge con una noche de arte. En Aranjuez se tendr\u00e1 un espacio cultural con la Casa Ricardo P\u00e9rez Alcal\u00e1.<br \/>\nPUMAKATARI<br \/>\nLa Paz BUS pondr\u00e1 al servicio de la poblaci\u00f3n una ruta exclusiva del PumaKatari para transportar a los visitantes hacia los espacios culturales habilitados durante la XVIII versi\u00f3n de la Larga Noche de Museos. Por lo que se dispuso que ocho buses municipales realicen los recorridos desde las 16:00 horas hasta la medianoche de hoy.<br \/>\nEl jefe de Operaciones de esa instancia edil, Jimmy Ch\u00e1vez, explic\u00f3 que partir\u00e1n desde el pasaje Cordero sobre la calle 21 de Calacoto hacia la avenida Montes (Cervecer\u00eda). El \u00faltimo bus de retorno saldr\u00e1 a la medianoche del s\u00e1bado, desde la CBN con direcci\u00f3n a la zona Sur hasta la calle Pankara de Calacoto.<br \/>\nLa tarifa ser\u00e1 de Bs 2 en efectivo para los usuarios que paguen de manera regular y Bs 1.50 a quienes paguen con tarjeta. Los usuarios preferenciales mantienen su tarifa de Bs 1.50.<br \/>\nEL ALTO<br \/>\nEl Alto tendr\u00e1 m\u00e1s de 20 puntos activos para la Larga Noche de Museos denominada \u201cVida Arte y Cultura\u201d. En ellos presentar\u00e1n historia, m\u00fasica, danza, teatro, cuentacuentos, trueque de libros hasta una colecci\u00f3n de discos de vinilo y una exposici\u00f3n de radios antiguas. Se prev\u00e9 que la atenci\u00f3n inicie a las 15:00 horas.<br \/>\nLa directora de Cultura de la Alcald\u00eda de El Alto, Pamela Alc\u00e1zar, indic\u00f3 que m\u00e1s de 50 instituciones, colectivos y artistas participar\u00e1n de la jornada.<br \/>\nEntre ellos: la Escuela Municipal de Artes, el Museo Antonio Paredes Candia, los espacios Waliki, Amta, Huayna Tambo, adem\u00e1s de otros, como la Radio San Gabriel o los colectivos Casa Altusa y Sobras Selectas, entre otros, preparan todo un men\u00fa cultural destinado a la familia.<br \/>\nAdem\u00e1s de la FAB, el museo Hist\u00f3rico de la Universidad P\u00fablica de El Alto, la Terminal Metropolitana, el Teatro Trono, Creacine Bolivia, Unifranz, USFA , Inti Phajsi-Casa Kusisi\u00f1a, Utop\u00edas Caf\u00e9-Casa de la Solidaridad &#8211; Proyecto VIDA, Centro Cultural Killa, Casa Altusa y Centro Cultural Ayd\u00e9 Alarc\u00f3n, entre otros.<\/p>\n","protected":false},"excerpt":{"rendered":"<p>Ciudadanos de La Paz y El Alto visitar\u00e1n diferentes espacios entre museos, instituciones, centros culturales y embajadas en la Larga Noche de Museos conmemorando el D\u00eda Internacional de los Museos. La mayor\u00eda de las actividades abrir\u00e1n sus puertas alrededor de las 16:00 horas y permanecer\u00e1n hasta la medianoche de esta jornada. En La Paz, se [&hellip;]<\/p>\n","protected":false},"author":1,"featured_media":221327,"comment_status":"open","ping_status":"open","sticky":false,"template":"","format":"standard","meta":{"_acf_changed":false,"footnotes":""},"categories":[12],"tags":[],"class_list":["post-221326","post","type-post","status-publish","format-standard","has-post-thumbnail","category-nacional"],"acf":{"antetitulo":"Todo listo"},"yoast_head":"<!-- This site is optimized with the Yoast SEO plugin v28.4 - https:\/\/yoast.com\/product\/yoast-seo-wordpress\/ -->\n<title>Cientos de espacios en Noche de Museos - El Diario - Bolivia<\/title>\n<meta name=\"robots\" content=\"index, follow, max-snippet:-1, max-image-preview:large, max-video-preview:-1\" \/>\n<link rel=\"canonical\" href=\"https:\/\/www.eldiario.net\/portal\/2024\/05\/18\/cientos-de-espacios-en-noche-de-museos\/\" \/>\n<meta property=\"og:locale\" content=\"es_ES\" \/>\n<meta property=\"og:type\" content=\"article\" \/>\n<meta property=\"og:title\" content=\"Cientos de espacios en Noche de Museos - El Diario - Bolivia\" \/>\n<meta property=\"og:description\" content=\"Ciudadanos de La Paz y El Alto visitar\u00e1n diferentes espacios entre museos, instituciones, centros culturales y embajadas en la Larga Noche de Museos conmemorando el D\u00eda Internacional de los Museos. La mayor\u00eda de las actividades abrir\u00e1n sus puertas alrededor de las 16:00 horas y permanecer\u00e1n hasta la medianoche de esta jornada. En La Paz, se [&hellip;]\" \/>\n<meta property=\"og:url\" content=\"https:\/\/www.eldiario.net\/portal\/2024\/05\/18\/cientos-de-espacios-en-noche-de-museos\/\" \/>\n<meta property=\"og:site_name\" content=\"El Diario - Bolivia\" \/>\n<meta property=\"article:publisher\" content=\"https:\/\/www.facebook.com\/eldiario.bolivia\/\" \/>\n<meta property=\"article:published_time\" content=\"2024-05-18T09:15:30+00:00\" \/>\n<meta property=\"article:modified_time\" content=\"2024-05-18T11:07:47+00:00\" \/>\n<meta property=\"og:image\" content=\"https:\/\/www.eldiario.net\/portal\/wp-content\/uploads\/2024\/05\/F-1-noche.jpg\" \/>\n\t<meta property=\"og:image:width\" content=\"696\" \/>\n\t<meta property=\"og:image:height\" content=\"464\" \/>\n\t<meta property=\"og:image:type\" content=\"image\/jpeg\" \/>\n<meta name=\"author\" content=\"Jeanette\" \/>\n<meta name=\"twitter:card\" content=\"summary_large_image\" \/>\n<meta name=\"twitter:creator\" content=\"@eldiario_net\" \/>\n<meta name=\"twitter:site\" content=\"@eldiario_net\" \/>\n<meta name=\"twitter:label1\" content=\"Escrito por\" \/>\n\t<meta name=\"twitter:data1\" content=\"Jeanette\" \/>\n\t<meta name=\"twitter:label2\" content=\"Tiempo de lectura\" \/>\n\t<meta name=\"twitter:data2\" content=\"4 minutos\" \/>\n<script type=\"application\/ld+json\" class=\"yoast-schema-graph\">{\"@context\":\"https:\\\/\\\/schema.org\",\"@graph\":[{\"@type\":\"Article\",\"@id\":\"https:\\\/\\\/www.eldiario.net\\\/portal\\\/2024\\\/05\\\/18\\\/cientos-de-espacios-en-noche-de-museos\\\/#article\",\"isPartOf\":{\"@id\":\"https:\\\/\\\/www.eldiario.net\\\/portal\\\/2024\\\/05\\\/18\\\/cientos-de-espacios-en-noche-de-museos\\\/\"},\"author\":{\"name\":\"Jeanette\",\"@id\":\"https:\\\/\\\/www.eldiario.net\\\/portal\\\/#\\\/schema\\\/person\\\/2c57cf2b7a7ae032e449e4c9b1019eac\"},\"headline\":\"Cientos de espacios en Noche de Museos\",\"datePublished\":\"2024-05-18T09:15:30+00:00\",\"dateModified\":\"2024-05-18T11:07:47+00:00\",\"mainEntityOfPage\":{\"@id\":\"https:\\\/\\\/www.eldiario.net\\\/portal\\\/2024\\\/05\\\/18\\\/cientos-de-espacios-en-noche-de-museos\\\/\"},\"wordCount\":860,\"commentCount\":0,\"publisher\":{\"@id\":\"https:\\\/\\\/www.eldiario.net\\\/portal\\\/#organization\"},\"image\":{\"@id\":\"https:\\\/\\\/www.eldiario.net\\\/portal\\\/2024\\\/05\\\/18\\\/cientos-de-espacios-en-noche-de-museos\\\/#primaryimage\"},\"thumbnailUrl\":\"https:\\\/\\\/www.eldiario.net\\\/portal\\\/wp-content\\\/uploads\\\/2024\\\/05\\\/F-1-noche.jpg\",\"articleSection\":[\"Nacional\"],\"inLanguage\":\"es\",\"potentialAction\":[{\"@type\":\"CommentAction\",\"name\":\"Comment\",\"target\":[\"https:\\\/\\\/www.eldiario.net\\\/portal\\\/2024\\\/05\\\/18\\\/cientos-de-espacios-en-noche-de-museos\\\/#respond\"]}]},{\"@type\":\"WebPage\",\"@id\":\"https:\\\/\\\/www.eldiario.net\\\/portal\\\/2024\\\/05\\\/18\\\/cientos-de-espacios-en-noche-de-museos\\\/\",\"url\":\"https:\\\/\\\/www.eldiario.net\\\/portal\\\/2024\\\/05\\\/18\\\/cientos-de-espacios-en-noche-de-museos\\\/\",\"name\":\"Cientos de espacios en Noche de Museos - El Diario - Bolivia\",\"isPartOf\":{\"@id\":\"https:\\\/\\\/www.eldiario.net\\\/portal\\\/#website\"},\"primaryImageOfPage\":{\"@id\":\"https:\\\/\\\/www.eldiario.net\\\/portal\\\/2024\\\/05\\\/18\\\/cientos-de-espacios-en-noche-de-museos\\\/#primaryimage\"},\"image\":{\"@id\":\"https:\\\/\\\/www.eldiario.net\\\/portal\\\/2024\\\/05\\\/18\\\/cientos-de-espacios-en-noche-de-museos\\\/#primaryimage\"},\"thumbnailUrl\":\"https:\\\/\\\/www.eldiario.net\\\/portal\\\/wp-content\\\/uploads\\\/2024\\\/05\\\/F-1-noche.jpg\",\"datePublished\":\"2024-05-18T09:15:30+00:00\",\"dateModified\":\"2024-05-18T11:07:47+00:00\",\"breadcrumb\":{\"@id\":\"https:\\\/\\\/www.eldiario.net\\\/portal\\\/2024\\\/05\\\/18\\\/cientos-de-espacios-en-noche-de-museos\\\/#breadcrumb\"},\"inLanguage\":\"es\",\"potentialAction\":[{\"@type\":\"ReadAction\",\"target\":[\"https:\\\/\\\/www.eldiario.net\\\/portal\\\/2024\\\/05\\\/18\\\/cientos-de-espacios-en-noche-de-museos\\\/\"]}]},{\"@type\":\"ImageObject\",\"inLanguage\":\"es\",\"@id\":\"https:\\\/\\\/www.eldiario.net\\\/portal\\\/2024\\\/05\\\/18\\\/cientos-de-espacios-en-noche-de-museos\\\/#primaryimage\",\"url\":\"https:\\\/\\\/www.eldiario.net\\\/portal\\\/wp-content\\\/uploads\\\/2024\\\/05\\\/F-1-noche.jpg\",\"contentUrl\":\"https:\\\/\\\/www.eldiario.net\\\/portal\\\/wp-content\\\/uploads\\\/2024\\\/05\\\/F-1-noche.jpg\",\"width\":696,\"height\":464,\"caption\":\"Artistas tambi\u00e9n mostrar\u00e1n sus trabajos y compartir\u00e1n con la poblaci\u00f3n que se d\u00e9 cita a los espacios habilitados.\"},{\"@type\":\"BreadcrumbList\",\"@id\":\"https:\\\/\\\/www.eldiario.net\\\/portal\\\/2024\\\/05\\\/18\\\/cientos-de-espacios-en-noche-de-museos\\\/#breadcrumb\",\"itemListElement\":[{\"@type\":\"ListItem\",\"position\":1,\"name\":\"Portada\",\"item\":\"https:\\\/\\\/www.eldiario.net\\\/portal\\\/\"},{\"@type\":\"ListItem\",\"position\":2,\"name\":\"Cientos de espacios en Noche de Museos\"}]},{\"@type\":\"WebSite\",\"@id\":\"https:\\\/\\\/www.eldiario.net\\\/portal\\\/#website\",\"url\":\"https:\\\/\\\/www.eldiario.net\\\/portal\\\/\",\"name\":\"El Diario - Decano de la prensa nacional\",\"description\":\"El Diario - Decano de la prensa nacional\",\"publisher\":{\"@id\":\"https:\\\/\\\/www.eldiario.net\\\/portal\\\/#organization\"},\"potentialAction\":[{\"@type\":\"SearchAction\",\"target\":{\"@type\":\"EntryPoint\",\"urlTemplate\":\"https:\\\/\\\/www.eldiario.net\\\/portal\\\/?s={search_term_string}\"},\"query-input\":{\"@type\":\"PropertyValueSpecification\",\"valueRequired\":true,\"valueName\":\"search_term_string\"}}],\"inLanguage\":\"es\"},{\"@type\":\"Organization\",\"@id\":\"https:\\\/\\\/www.eldiario.net\\\/portal\\\/#organization\",\"name\":\"El Diario - Decano de la prensa nacional\",\"url\":\"https:\\\/\\\/www.eldiario.net\\\/portal\\\/\",\"logo\":{\"@type\":\"ImageObject\",\"inLanguage\":\"es\",\"@id\":\"https:\\\/\\\/www.eldiario.net\\\/portal\\\/#\\\/schema\\\/logo\\\/image\\\/\",\"url\":\"https:\\\/\\\/www.eldiario.net\\\/portal\\\/wp-content\\\/uploads\\\/2023\\\/07\\\/logo_ED.jpg\",\"contentUrl\":\"https:\\\/\\\/www.eldiario.net\\\/portal\\\/wp-content\\\/uploads\\\/2023\\\/07\\\/logo_ED.jpg\",\"width\":272,\"height\":52,\"caption\":\"El Diario - Decano de la prensa nacional\"},\"image\":{\"@id\":\"https:\\\/\\\/www.eldiario.net\\\/portal\\\/#\\\/schema\\\/logo\\\/image\\\/\"},\"sameAs\":[\"https:\\\/\\\/www.facebook.com\\\/eldiario.bolivia\\\/\",\"https:\\\/\\\/x.com\\\/eldiario_net\"]},{\"@type\":\"Person\",\"@id\":\"https:\\\/\\\/www.eldiario.net\\\/portal\\\/#\\\/schema\\\/person\\\/2c57cf2b7a7ae032e449e4c9b1019eac\",\"name\":\"Jeanette\",\"image\":{\"@type\":\"ImageObject\",\"inLanguage\":\"es\",\"@id\":\"https:\\\/\\\/secure.gravatar.com\\\/avatar\\\/3ea2118a5f7dad2b7138b1187a6b7ee55f160b9968b66013c3a3ef39dd7e5798?s=96&d=mm&r=g\",\"url\":\"https:\\\/\\\/secure.gravatar.com\\\/avatar\\\/3ea2118a5f7dad2b7138b1187a6b7ee55f160b9968b66013c3a3ef39dd7e5798?s=96&d=mm&r=g\",\"contentUrl\":\"https:\\\/\\\/secure.gravatar.com\\\/avatar\\\/3ea2118a5f7dad2b7138b1187a6b7ee55f160b9968b66013c3a3ef39dd7e5798?s=96&d=mm&r=g\",\"caption\":\"Jeanette\"},\"sameAs\":[\"https:\\\/\\\/www.eldiario.net\\\/portal\"],\"url\":\"https:\\\/\\\/www.eldiario.net\\\/portal\\\/author\\\/jeanette\\\/\"}]}<\/script>\n<!-- \/ Yoast SEO plugin. -->","yoast_head_json":{"title":"Cientos de espacios en Noche de Museos - El Diario - Bolivia","robots":{"index":"index","follow":"follow","max-snippet":"max-snippet:-1","max-image-preview":"max-image-preview:large","max-video-preview":"max-video-preview:-1"},"canonical":"https:\/\/www.eldiario.net\/portal\/2024\/05\/18\/cientos-de-espacios-en-noche-de-museos\/","og_locale":"es_ES","og_type":"article","og_title":"Cientos de espacios en Noche de Museos - El Diario - Bolivia","og_description":"Ciudadanos de La Paz y El Alto visitar\u00e1n diferentes espacios entre museos, instituciones, centros culturales y embajadas en la Larga Noche de Museos conmemorando el D\u00eda Internacional de los Museos. La mayor\u00eda de las actividades abrir\u00e1n sus puertas alrededor de las 16:00 horas y permanecer\u00e1n hasta la medianoche de esta jornada. En La Paz, se [&hellip;]","og_url":"https:\/\/www.eldiario.net\/portal\/2024\/05\/18\/cientos-de-espacios-en-noche-de-museos\/","og_site_name":"El Diario - Bolivia","article_publisher":"https:\/\/www.facebook.com\/eldiario.bolivia\/","article_published_time":"2024-05-18T09:15:30+00:00","article_modified_time":"2024-05-18T11:07:47+00:00","og_image":[{"width":696,"height":464,"url":"https:\/\/www.eldiario.net\/portal\/wp-content\/uploads\/2024\/05\/F-1-noche.jpg","type":"image\/jpeg"}],"author":"Jeanette","twitter_card":"summary_large_image","twitter_creator":"@eldiario_net","twitter_site":"@eldiario_net","twitter_misc":{"Escrito por":"Jeanette","Tiempo de lectura":"4 minutos"},"schema":{"@context":"https:\/\/schema.org","@graph":[{"@type":"Article","@id":"https:\/\/www.eldiario.net\/portal\/2024\/05\/18\/cientos-de-espacios-en-noche-de-museos\/#article","isPartOf":{"@id":"https:\/\/www.eldiario.net\/portal\/2024\/05\/18\/cientos-de-espacios-en-noche-de-museos\/"},"author":{"name":"Jeanette","@id":"https:\/\/www.eldiario.net\/portal\/#\/schema\/person\/2c57cf2b7a7ae032e449e4c9b1019eac"},"headline":"Cientos de espacios en Noche de Museos","datePublished":"2024-05-18T09:15:30+00:00","dateModified":"2024-05-18T11:07:47+00:00","mainEntityOfPage":{"@id":"https:\/\/www.eldiario.net\/portal\/2024\/05\/18\/cientos-de-espacios-en-noche-de-museos\/"},"wordCount":860,"commentCount":0,"publisher":{"@id":"https:\/\/www.eldiario.net\/portal\/#organization"},"image":{"@id":"https:\/\/www.eldiario.net\/portal\/2024\/05\/18\/cientos-de-espacios-en-noche-de-museos\/#primaryimage"},"thumbnailUrl":"https:\/\/www.eldiario.net\/portal\/wp-content\/uploads\/2024\/05\/F-1-noche.jpg","articleSection":["Nacional"],"inLanguage":"es","potentialAction":[{"@type":"CommentAction","name":"Comment","target":["https:\/\/www.eldiario.net\/portal\/2024\/05\/18\/cientos-de-espacios-en-noche-de-museos\/#respond"]}]},{"@type":"WebPage","@id":"https:\/\/www.eldiario.net\/portal\/2024\/05\/18\/cientos-de-espacios-en-noche-de-museos\/","url":"https:\/\/www.eldiario.net\/portal\/2024\/05\/18\/cientos-de-espacios-en-noche-de-museos\/","name":"Cientos de espacios en Noche de Museos - El Diario - Bolivia","isPartOf":{"@id":"https:\/\/www.eldiario.net\/portal\/#website"},"primaryImageOfPage":{"@id":"https:\/\/www.eldiario.net\/portal\/2024\/05\/18\/cientos-de-espacios-en-noche-de-museos\/#primaryimage"},"image":{"@id":"https:\/\/www.eldiario.net\/portal\/2024\/05\/18\/cientos-de-espacios-en-noche-de-museos\/#primaryimage"},"thumbnailUrl":"https:\/\/www.eldiario.net\/portal\/wp-content\/uploads\/2024\/05\/F-1-noche.jpg","datePublished":"2024-05-18T09:15:30+00:00","dateModified":"2024-05-18T11:07:47+00:00","breadcrumb":{"@id":"https:\/\/www.eldiario.net\/portal\/2024\/05\/18\/cientos-de-espacios-en-noche-de-museos\/#breadcrumb"},"inLanguage":"es","potentialAction":[{"@type":"ReadAction","target":["https:\/\/www.eldiario.net\/portal\/2024\/05\/18\/cientos-de-espacios-en-noche-de-museos\/"]}]},{"@type":"ImageObject","inLanguage":"es","@id":"https:\/\/www.eldiario.net\/portal\/2024\/05\/18\/cientos-de-espacios-en-noche-de-museos\/#primaryimage","url":"https:\/\/www.eldiario.net\/portal\/wp-content\/uploads\/2024\/05\/F-1-noche.jpg","contentUrl":"https:\/\/www.eldiario.net\/portal\/wp-content\/uploads\/2024\/05\/F-1-noche.jpg","width":696,"height":464,"caption":"Artistas tambi\u00e9n mostrar\u00e1n sus trabajos y compartir\u00e1n con la poblaci\u00f3n que se d\u00e9 cita a los espacios habilitados."},{"@type":"BreadcrumbList","@id":"https:\/\/www.eldiario.net\/portal\/2024\/05\/18\/cientos-de-espacios-en-noche-de-museos\/#breadcrumb","itemListElement":[{"@type":"ListItem","position":1,"name":"Portada","item":"https:\/\/www.eldiario.net\/portal\/"},{"@type":"ListItem","position":2,"name":"Cientos de espacios en Noche de Museos"}]},{"@type":"WebSite","@id":"https:\/\/www.eldiario.net\/portal\/#website","url":"https:\/\/www.eldiario.net\/portal\/","name":"El Diario - Decano de la prensa nacional","description":"El Diario - Decano de la prensa nacional","publisher":{"@id":"https:\/\/www.eldiario.net\/portal\/#organization"},"potentialAction":[{"@type":"SearchAction","target":{"@type":"EntryPoint","urlTemplate":"https:\/\/www.eldiario.net\/portal\/?s={search_term_string}"},"query-input":{"@type":"PropertyValueSpecification","valueRequired":true,"valueName":"search_term_string"}}],"inLanguage":"es"},{"@type":"Organization","@id":"https:\/\/www.eldiario.net\/portal\/#organization","name":"El Diario - Decano de la prensa nacional","url":"https:\/\/www.eldiario.net\/portal\/","logo":{"@type":"ImageObject","inLanguage":"es","@id":"https:\/\/www.eldiario.net\/portal\/#\/schema\/logo\/image\/","url":"https:\/\/www.eldiario.net\/portal\/wp-content\/uploads\/2023\/07\/logo_ED.jpg","contentUrl":"https:\/\/www.eldiario.net\/portal\/wp-content\/uploads\/2023\/07\/logo_ED.jpg","width":272,"height":52,"caption":"El Diario - Decano de la prensa nacional"},"image":{"@id":"https:\/\/www.eldiario.net\/portal\/#\/schema\/logo\/image\/"},"sameAs":["https:\/\/www.facebook.com\/eldiario.bolivia\/","https:\/\/x.com\/eldiario_net"]},{"@type":"Person","@id":"https:\/\/www.eldiario.net\/portal\/#\/schema\/person\/2c57cf2b7a7ae032e449e4c9b1019eac","name":"Jeanette","image":{"@type":"ImageObject","inLanguage":"es","@id":"https:\/\/secure.gravatar.com\/avatar\/3ea2118a5f7dad2b7138b1187a6b7ee55f160b9968b66013c3a3ef39dd7e5798?s=96&d=mm&r=g","url":"https:\/\/secure.gravatar.com\/avatar\/3ea2118a5f7dad2b7138b1187a6b7ee55f160b9968b66013c3a3ef39dd7e5798?s=96&d=mm&r=g","contentUrl":"https:\/\/secure.gravatar.com\/avatar\/3ea2118a5f7dad2b7138b1187a6b7ee55f160b9968b66013c3a3ef39dd7e5798?s=96&d=mm&r=g","caption":"Jeanette"},"sameAs":["https:\/\/www.eldiario.net\/portal"],"url":"https:\/\/www.eldiario.net\/portal\/author\/jeanette\/"}]}},"_links":{"self":[{"href":"https:\/\/www.eldiario.net\/portal\/wp-json\/wp\/v2\/posts\/221326","targetHints":{"allow":["GET"]}}],"collection":[{"href":"https:\/\/www.eldiario.net\/portal\/wp-json\/wp\/v2\/posts"}],"about":[{"href":"https:\/\/www.eldiario.net\/portal\/wp-json\/wp\/v2\/types\/post"}],"author":[{"embeddable":true,"href":"https:\/\/www.eldiario.net\/portal\/wp-json\/wp\/v2\/users\/1"}],"replies":[{"embeddable":true,"href":"https:\/\/www.eldiario.net\/portal\/wp-json\/wp\/v2\/comments?post=221326"}],"version-history":[{"count":1,"href":"https:\/\/www.eldiario.net\/portal\/wp-json\/wp\/v2\/posts\/221326\/revisions"}],"predecessor-version":[{"id":221328,"href":"https:\/\/www.eldiario.net\/portal\/wp-json\/wp\/v2\/posts\/221326\/revisions\/221328"}],"wp:featuredmedia":[{"embeddable":true,"href":"https:\/\/www.eldiario.net\/portal\/wp-json\/wp\/v2\/media\/221327"}],"wp:attachment":[{"href":"https:\/\/www.eldiario.net\/portal\/wp-json\/wp\/v2\/media?parent=221326"}],"wp:term":[{"taxonomy":"category","embeddable":true,"href":"https:\/\/www.eldiario.net\/portal\/wp-json\/wp\/v2\/categories?post=221326"},{"taxonomy":"post_tag","embeddable":true,"href":"https:\/\/www.eldiario.net\/portal\/wp-json\/wp\/v2\/tags?post=221326"}],"curies":[{"name":"wp","href":"https:\/\/api.w.org\/{rel}","templated":true}]}}