{"id":221319,"date":"2024-05-18T05:14:33","date_gmt":"2024-05-18T09:14:33","guid":{"rendered":"https:\/\/www.eldiario.net\/portal\/?p=221319"},"modified":"2024-05-18T09:15:27","modified_gmt":"2024-05-18T13:15:27","slug":"altenos-generan-850-toneladas-de-residuos","status":"publish","type":"post","link":"https:\/\/www.eldiario.net\/portal\/2024\/05\/18\/altenos-generan-850-toneladas-de-residuos\/","title":{"rendered":"Alte\u00f1os generan 850 toneladas de residuos"},"content":{"rendered":"<p>De acuerdo con la comuna alte\u00f1a, en esa urbe, al d\u00eda se genera unas 850 toneladas de residuos y muy poco de este es reciclado, por lo que la Alcald\u00eda organiz\u00f3 una feria del reciclaje donde promovi\u00f3 la pr\u00e1ctica de esta acci\u00f3n.<br \/>\n\u201cAl d\u00eda, se genera aproximadamente 850 toneladas de todo la recolecci\u00f3n de residuos en El Alto, pero la cultura de reciclaje es muy baja a\u00fan. Por ejemplo, en cuatro meses recolectamos 4.4 toneladas de botellas Pett como municipio\u201d, explic\u00f3 la jefa de Unidad de Gesti\u00f3n de Residuos de la comuna alte\u00f1a, Sindi Camacho.<br \/>\nAnte esa situaci\u00f3n, la funcionaria edil remarc\u00f3 la importancia de concienciar a la poblaci\u00f3n acerca del reciclaje mediante acciones que la comuna realiza. Entre ellas, la organizaci\u00f3n de ferias educativas como la realizada en la pasada jornada en inmediaciones de la plaza Del Tinku en la zona Ciudad Sat\u00e9lite, donde participaron estudiantes de unidades educativas que trabajaron en esa tem\u00e1tica, compartieron informaci\u00f3n con sus pares y la poblaci\u00f3n alte\u00f1a.<br \/>\nEsa instancia municipal, adem\u00e1s, trabaja con cuatro programas con los que promueve la cultura del reciclaje.<br \/>\n\u201cComo Gesti\u00f3n de Residuos llevamos a cabo cuatro programas piloto que est\u00e1n dedicados a la gesti\u00f3n adecuada de residuos y al reciclaje. Uno de ellos es el Programa Mercado Verde que trata de la recolecci\u00f3n diferenciada de residuos org\u00e1nicos. Actualmente se realiza dos veces a la semana en la feria de Villa Dolores, donde un cami\u00f3n exclusivo se encarga de la recolecci\u00f3n de org\u00e1nicos que entregan las vendedoras de mercado mayorista\u201d, explic\u00f3 la servidora p\u00fablica.<br \/>\nOtro proyecto es el Programa Comarca, donde los vecinos llevan su material reciclable como botellas Pett y los cambian por plantines. El tercero es EcoEduca, que funciona con el apoyo de estudiantes de colegios quienes recogen botellas Pett y a cambio reciben contenedores u otro tipo de incentivos.<br \/>\nEl cuarto programa es Recicla Gamea, donde los funcionarios dejan botellas, latas y pilas, esto porque \u201ctratamos que como Gamea (Gobierno Aut\u00f3nomo Municipal de El Alto) ser ejemplo de reciclar para mejorar\u201d, apunt\u00f3 Camacho.<\/p>\n<p><img loading=\"lazy\" decoding=\"async\" class=\"aligncenter size-full wp-image-221429\" src=\"https:\/\/www.eldiario.net\/portal\/wp-content\/uploads\/2024\/05\/aaaaaaaaaaaaDSC01862.jpg\" alt=\"\" width=\"1200\" height=\"900\" srcset=\"https:\/\/www.eldiario.net\/portal\/wp-content\/uploads\/2024\/05\/aaaaaaaaaaaaDSC01862.jpg 1200w, https:\/\/www.eldiario.net\/portal\/wp-content\/uploads\/2024\/05\/aaaaaaaaaaaaDSC01862-300x225.jpg 300w, https:\/\/www.eldiario.net\/portal\/wp-content\/uploads\/2024\/05\/aaaaaaaaaaaaDSC01862-1024x768.jpg 1024w, https:\/\/www.eldiario.net\/portal\/wp-content\/uploads\/2024\/05\/aaaaaaaaaaaaDSC01862-768x576.jpg 768w, https:\/\/www.eldiario.net\/portal\/wp-content\/uploads\/2024\/05\/aaaaaaaaaaaaDSC01862-560x420.jpg 560w, https:\/\/www.eldiario.net\/portal\/wp-content\/uploads\/2024\/05\/aaaaaaaaaaaaDSC01862-80x60.jpg 80w, https:\/\/www.eldiario.net\/portal\/wp-content\/uploads\/2024\/05\/aaaaaaaaaaaaDSC01862-696x522.jpg 696w, https:\/\/www.eldiario.net\/portal\/wp-content\/uploads\/2024\/05\/aaaaaaaaaaaaDSC01862-1068x801.jpg 1068w\" sizes=\"auto, (max-width: 1200px) 100vw, 1200px\" \/><\/p>\n<figure id=\"attachment_221428\" aria-describedby=\"caption-attachment-221428\" style=\"width: 1200px\" class=\"wp-caption aligncenter\"><img loading=\"lazy\" decoding=\"async\" class=\"wp-image-221428 size-full\" src=\"https:\/\/www.eldiario.net\/portal\/wp-content\/uploads\/2024\/05\/bbbbbDSC01884.jpg\" alt=\"\" width=\"1200\" height=\"900\" srcset=\"https:\/\/www.eldiario.net\/portal\/wp-content\/uploads\/2024\/05\/bbbbbDSC01884.jpg 1200w, https:\/\/www.eldiario.net\/portal\/wp-content\/uploads\/2024\/05\/bbbbbDSC01884-300x225.jpg 300w, https:\/\/www.eldiario.net\/portal\/wp-content\/uploads\/2024\/05\/bbbbbDSC01884-1024x768.jpg 1024w, https:\/\/www.eldiario.net\/portal\/wp-content\/uploads\/2024\/05\/bbbbbDSC01884-768x576.jpg 768w, https:\/\/www.eldiario.net\/portal\/wp-content\/uploads\/2024\/05\/bbbbbDSC01884-560x420.jpg 560w, https:\/\/www.eldiario.net\/portal\/wp-content\/uploads\/2024\/05\/bbbbbDSC01884-80x60.jpg 80w, https:\/\/www.eldiario.net\/portal\/wp-content\/uploads\/2024\/05\/bbbbbDSC01884-696x522.jpg 696w, https:\/\/www.eldiario.net\/portal\/wp-content\/uploads\/2024\/05\/bbbbbDSC01884-1068x801.jpg 1068w\" sizes=\"auto, (max-width: 1200px) 100vw, 1200px\" \/><figcaption id=\"caption-attachment-221428\" class=\"wp-caption-text\">Ing. Sindi Camacho Arias, Jefa de Unidad de Gesti\u00f3n de Residuos, GAMEA.<\/figcaption><\/figure>\n<p>&nbsp;<\/p>\n","protected":false},"excerpt":{"rendered":"<p>De acuerdo con la comuna alte\u00f1a, en esa urbe, al d\u00eda se genera unas 850 toneladas de residuos y muy poco de este es reciclado, por lo que la Alcald\u00eda organiz\u00f3 una feria del reciclaje donde promovi\u00f3 la pr\u00e1ctica de esta acci\u00f3n. \u201cAl d\u00eda, se genera aproximadamente 850 toneladas de todo la recolecci\u00f3n de residuos [&hellip;]<\/p>\n","protected":false},"author":1,"featured_media":221320,"comment_status":"open","ping_status":"open","sticky":false,"template":"","format":"standard","meta":{"_acf_changed":false,"footnotes":""},"categories":[12],"tags":[],"class_list":["post-221319","post","type-post","status-publish","format-standard","has-post-thumbnail","category-nacional"],"acf":{"antetitulo":"Cada d\u00eda"},"yoast_head":"<!-- This site is optimized with the Yoast SEO plugin v28.4 - https:\/\/yoast.com\/product\/yoast-seo-wordpress\/ -->\n<title>Alte\u00f1os generan 850 toneladas de residuos - El Diario - Bolivia<\/title>\n<meta name=\"robots\" content=\"index, follow, max-snippet:-1, max-image-preview:large, max-video-preview:-1\" \/>\n<link rel=\"canonical\" href=\"https:\/\/www.eldiario.net\/portal\/2024\/05\/18\/altenos-generan-850-toneladas-de-residuos\/\" \/>\n<meta property=\"og:locale\" content=\"es_ES\" \/>\n<meta property=\"og:type\" content=\"article\" \/>\n<meta property=\"og:title\" content=\"Alte\u00f1os generan 850 toneladas de residuos - El Diario - Bolivia\" \/>\n<meta property=\"og:description\" content=\"De acuerdo con la comuna alte\u00f1a, en esa urbe, al d\u00eda se genera unas 850 toneladas de residuos y muy poco de este es reciclado, por lo que la Alcald\u00eda organiz\u00f3 una feria del reciclaje donde promovi\u00f3 la pr\u00e1ctica de esta acci\u00f3n. \u201cAl d\u00eda, se genera aproximadamente 850 toneladas de todo la recolecci\u00f3n de residuos [&hellip;]\" \/>\n<meta property=\"og:url\" content=\"https:\/\/www.eldiario.net\/portal\/2024\/05\/18\/altenos-generan-850-toneladas-de-residuos\/\" \/>\n<meta property=\"og:site_name\" content=\"El Diario - Bolivia\" \/>\n<meta property=\"article:publisher\" content=\"https:\/\/www.facebook.com\/eldiario.bolivia\/\" \/>\n<meta property=\"article:published_time\" content=\"2024-05-18T09:14:33+00:00\" \/>\n<meta property=\"article:modified_time\" content=\"2024-05-18T13:15:27+00:00\" \/>\n<meta property=\"og:image\" content=\"https:\/\/www.eldiario.net\/portal\/wp-content\/uploads\/2024\/05\/F2-residuos.jpg\" \/>\n\t<meta property=\"og:image:width\" content=\"1600\" \/>\n\t<meta property=\"og:image:height\" content=\"1200\" \/>\n\t<meta property=\"og:image:type\" content=\"image\/jpeg\" \/>\n<meta name=\"author\" content=\"Jeanette\" \/>\n<meta name=\"twitter:card\" content=\"summary_large_image\" \/>\n<meta name=\"twitter:creator\" content=\"@eldiario_net\" \/>\n<meta name=\"twitter:site\" content=\"@eldiario_net\" \/>\n<meta name=\"twitter:label1\" content=\"Escrito por\" \/>\n\t<meta name=\"twitter:data1\" content=\"Jeanette\" \/>\n\t<meta name=\"twitter:label2\" content=\"Tiempo de lectura\" \/>\n\t<meta name=\"twitter:data2\" content=\"3 minutos\" \/>\n<script type=\"application\/ld+json\" class=\"yoast-schema-graph\">{\"@context\":\"https:\\\/\\\/schema.org\",\"@graph\":[{\"@type\":\"Article\",\"@id\":\"https:\\\/\\\/www.eldiario.net\\\/portal\\\/2024\\\/05\\\/18\\\/altenos-generan-850-toneladas-de-residuos\\\/#article\",\"isPartOf\":{\"@id\":\"https:\\\/\\\/www.eldiario.net\\\/portal\\\/2024\\\/05\\\/18\\\/altenos-generan-850-toneladas-de-residuos\\\/\"},\"author\":{\"name\":\"Jeanette\",\"@id\":\"https:\\\/\\\/www.eldiario.net\\\/portal\\\/#\\\/schema\\\/person\\\/f46445640444750d7d753ccd04ae01b7\"},\"headline\":\"Alte\u00f1os generan 850 toneladas de residuos\",\"datePublished\":\"2024-05-18T09:14:33+00:00\",\"dateModified\":\"2024-05-18T13:15:27+00:00\",\"mainEntityOfPage\":{\"@id\":\"https:\\\/\\\/www.eldiario.net\\\/portal\\\/2024\\\/05\\\/18\\\/altenos-generan-850-toneladas-de-residuos\\\/\"},\"wordCount\":390,\"commentCount\":0,\"publisher\":{\"@id\":\"https:\\\/\\\/www.eldiario.net\\\/portal\\\/#organization\"},\"image\":{\"@id\":\"https:\\\/\\\/www.eldiario.net\\\/portal\\\/2024\\\/05\\\/18\\\/altenos-generan-850-toneladas-de-residuos\\\/#primaryimage\"},\"thumbnailUrl\":\"https:\\\/\\\/www.eldiario.net\\\/portal\\\/wp-content\\\/uploads\\\/2024\\\/05\\\/F2-residuos.jpg\",\"articleSection\":[\"Nacional\"],\"inLanguage\":\"es\",\"potentialAction\":[{\"@type\":\"CommentAction\",\"name\":\"Comment\",\"target\":[\"https:\\\/\\\/www.eldiario.net\\\/portal\\\/2024\\\/05\\\/18\\\/altenos-generan-850-toneladas-de-residuos\\\/#respond\"]}]},{\"@type\":\"WebPage\",\"@id\":\"https:\\\/\\\/www.eldiario.net\\\/portal\\\/2024\\\/05\\\/18\\\/altenos-generan-850-toneladas-de-residuos\\\/\",\"url\":\"https:\\\/\\\/www.eldiario.net\\\/portal\\\/2024\\\/05\\\/18\\\/altenos-generan-850-toneladas-de-residuos\\\/\",\"name\":\"Alte\u00f1os generan 850 toneladas de residuos - El Diario - Bolivia\",\"isPartOf\":{\"@id\":\"https:\\\/\\\/www.eldiario.net\\\/portal\\\/#website\"},\"primaryImageOfPage\":{\"@id\":\"https:\\\/\\\/www.eldiario.net\\\/portal\\\/2024\\\/05\\\/18\\\/altenos-generan-850-toneladas-de-residuos\\\/#primaryimage\"},\"image\":{\"@id\":\"https:\\\/\\\/www.eldiario.net\\\/portal\\\/2024\\\/05\\\/18\\\/altenos-generan-850-toneladas-de-residuos\\\/#primaryimage\"},\"thumbnailUrl\":\"https:\\\/\\\/www.eldiario.net\\\/portal\\\/wp-content\\\/uploads\\\/2024\\\/05\\\/F2-residuos.jpg\",\"datePublished\":\"2024-05-18T09:14:33+00:00\",\"dateModified\":\"2024-05-18T13:15:27+00:00\",\"breadcrumb\":{\"@id\":\"https:\\\/\\\/www.eldiario.net\\\/portal\\\/2024\\\/05\\\/18\\\/altenos-generan-850-toneladas-de-residuos\\\/#breadcrumb\"},\"inLanguage\":\"es\",\"potentialAction\":[{\"@type\":\"ReadAction\",\"target\":[\"https:\\\/\\\/www.eldiario.net\\\/portal\\\/2024\\\/05\\\/18\\\/altenos-generan-850-toneladas-de-residuos\\\/\"]}]},{\"@type\":\"ImageObject\",\"inLanguage\":\"es\",\"@id\":\"https:\\\/\\\/www.eldiario.net\\\/portal\\\/2024\\\/05\\\/18\\\/altenos-generan-850-toneladas-de-residuos\\\/#primaryimage\",\"url\":\"https:\\\/\\\/www.eldiario.net\\\/portal\\\/wp-content\\\/uploads\\\/2024\\\/05\\\/F2-residuos.jpg\",\"contentUrl\":\"https:\\\/\\\/www.eldiario.net\\\/portal\\\/wp-content\\\/uploads\\\/2024\\\/05\\\/F2-residuos.jpg\",\"width\":1600,\"height\":1200,\"caption\":\"Los ni\u00f1os promovieron la cultura del reciclaje.\"},{\"@type\":\"BreadcrumbList\",\"@id\":\"https:\\\/\\\/www.eldiario.net\\\/portal\\\/2024\\\/05\\\/18\\\/altenos-generan-850-toneladas-de-residuos\\\/#breadcrumb\",\"itemListElement\":[{\"@type\":\"ListItem\",\"position\":1,\"name\":\"Portada\",\"item\":\"https:\\\/\\\/www.eldiario.net\\\/portal\\\/\"},{\"@type\":\"ListItem\",\"position\":2,\"name\":\"Alte\u00f1os generan 850 toneladas de residuos\"}]},{\"@type\":\"WebSite\",\"@id\":\"https:\\\/\\\/www.eldiario.net\\\/portal\\\/#website\",\"url\":\"https:\\\/\\\/www.eldiario.net\\\/portal\\\/\",\"name\":\"El Diario - Decano de la prensa nacional\",\"description\":\"El Diario - Decano de la prensa nacional\",\"publisher\":{\"@id\":\"https:\\\/\\\/www.eldiario.net\\\/portal\\\/#organization\"},\"potentialAction\":[{\"@type\":\"SearchAction\",\"target\":{\"@type\":\"EntryPoint\",\"urlTemplate\":\"https:\\\/\\\/www.eldiario.net\\\/portal\\\/?s={search_term_string}\"},\"query-input\":{\"@type\":\"PropertyValueSpecification\",\"valueRequired\":true,\"valueName\":\"search_term_string\"}}],\"inLanguage\":\"es\"},{\"@type\":\"Organization\",\"@id\":\"https:\\\/\\\/www.eldiario.net\\\/portal\\\/#organization\",\"name\":\"El Diario - Decano de la prensa nacional\",\"url\":\"https:\\\/\\\/www.eldiario.net\\\/portal\\\/\",\"logo\":{\"@type\":\"ImageObject\",\"inLanguage\":\"es\",\"@id\":\"https:\\\/\\\/www.eldiario.net\\\/portal\\\/#\\\/schema\\\/logo\\\/image\\\/\",\"url\":\"https:\\\/\\\/www.eldiario.net\\\/portal\\\/wp-content\\\/uploads\\\/2023\\\/07\\\/logo_ED.jpg\",\"contentUrl\":\"https:\\\/\\\/www.eldiario.net\\\/portal\\\/wp-content\\\/uploads\\\/2023\\\/07\\\/logo_ED.jpg\",\"width\":272,\"height\":52,\"caption\":\"El Diario - Decano de la prensa nacional\"},\"image\":{\"@id\":\"https:\\\/\\\/www.eldiario.net\\\/portal\\\/#\\\/schema\\\/logo\\\/image\\\/\"},\"sameAs\":[\"https:\\\/\\\/www.facebook.com\\\/eldiario.bolivia\\\/\",\"https:\\\/\\\/x.com\\\/eldiario_net\"]},{\"@type\":\"Person\",\"@id\":\"https:\\\/\\\/www.eldiario.net\\\/portal\\\/#\\\/schema\\\/person\\\/f46445640444750d7d753ccd04ae01b7\",\"name\":\"Jeanette\",\"image\":{\"@type\":\"ImageObject\",\"inLanguage\":\"es\",\"@id\":\"https:\\\/\\\/secure.gravatar.com\\\/avatar\\\/3ea2118a5f7dad2b7138b1187a6b7ee55f160b9968b66013c3a3ef39dd7e5798?s=96&d=mm&r=g\",\"url\":\"https:\\\/\\\/secure.gravatar.com\\\/avatar\\\/3ea2118a5f7dad2b7138b1187a6b7ee55f160b9968b66013c3a3ef39dd7e5798?s=96&d=mm&r=g\",\"contentUrl\":\"https:\\\/\\\/secure.gravatar.com\\\/avatar\\\/3ea2118a5f7dad2b7138b1187a6b7ee55f160b9968b66013c3a3ef39dd7e5798?s=96&d=mm&r=g\",\"caption\":\"Jeanette\"},\"sameAs\":[\"https:\\\/\\\/www.eldiario.net\\\/portal\"],\"url\":\"https:\\\/\\\/www.eldiario.net\\\/portal\\\/author\\\/jeanette\\\/\"}]}<\/script>\n<!-- \/ Yoast SEO plugin. -->","yoast_head_json":{"title":"Alte\u00f1os generan 850 toneladas de residuos - El Diario - Bolivia","robots":{"index":"index","follow":"follow","max-snippet":"max-snippet:-1","max-image-preview":"max-image-preview:large","max-video-preview":"max-video-preview:-1"},"canonical":"https:\/\/www.eldiario.net\/portal\/2024\/05\/18\/altenos-generan-850-toneladas-de-residuos\/","og_locale":"es_ES","og_type":"article","og_title":"Alte\u00f1os generan 850 toneladas de residuos - El Diario - Bolivia","og_description":"De acuerdo con la comuna alte\u00f1a, en esa urbe, al d\u00eda se genera unas 850 toneladas de residuos y muy poco de este es reciclado, por lo que la Alcald\u00eda organiz\u00f3 una feria del reciclaje donde promovi\u00f3 la pr\u00e1ctica de esta acci\u00f3n. \u201cAl d\u00eda, se genera aproximadamente 850 toneladas de todo la recolecci\u00f3n de residuos [&hellip;]","og_url":"https:\/\/www.eldiario.net\/portal\/2024\/05\/18\/altenos-generan-850-toneladas-de-residuos\/","og_site_name":"El Diario - Bolivia","article_publisher":"https:\/\/www.facebook.com\/eldiario.bolivia\/","article_published_time":"2024-05-18T09:14:33+00:00","article_modified_time":"2024-05-18T13:15:27+00:00","og_image":[{"width":1600,"height":1200,"url":"https:\/\/www.eldiario.net\/portal\/wp-content\/uploads\/2024\/05\/F2-residuos.jpg","type":"image\/jpeg"}],"author":"Jeanette","twitter_card":"summary_large_image","twitter_creator":"@eldiario_net","twitter_site":"@eldiario_net","twitter_misc":{"Escrito por":"Jeanette","Tiempo de lectura":"3 minutos"},"schema":{"@context":"https:\/\/schema.org","@graph":[{"@type":"Article","@id":"https:\/\/www.eldiario.net\/portal\/2024\/05\/18\/altenos-generan-850-toneladas-de-residuos\/#article","isPartOf":{"@id":"https:\/\/www.eldiario.net\/portal\/2024\/05\/18\/altenos-generan-850-toneladas-de-residuos\/"},"author":{"name":"Jeanette","@id":"https:\/\/www.eldiario.net\/portal\/#\/schema\/person\/f46445640444750d7d753ccd04ae01b7"},"headline":"Alte\u00f1os generan 850 toneladas de residuos","datePublished":"2024-05-18T09:14:33+00:00","dateModified":"2024-05-18T13:15:27+00:00","mainEntityOfPage":{"@id":"https:\/\/www.eldiario.net\/portal\/2024\/05\/18\/altenos-generan-850-toneladas-de-residuos\/"},"wordCount":390,"commentCount":0,"publisher":{"@id":"https:\/\/www.eldiario.net\/portal\/#organization"},"image":{"@id":"https:\/\/www.eldiario.net\/portal\/2024\/05\/18\/altenos-generan-850-toneladas-de-residuos\/#primaryimage"},"thumbnailUrl":"https:\/\/www.eldiario.net\/portal\/wp-content\/uploads\/2024\/05\/F2-residuos.jpg","articleSection":["Nacional"],"inLanguage":"es","potentialAction":[{"@type":"CommentAction","name":"Comment","target":["https:\/\/www.eldiario.net\/portal\/2024\/05\/18\/altenos-generan-850-toneladas-de-residuos\/#respond"]}]},{"@type":"WebPage","@id":"https:\/\/www.eldiario.net\/portal\/2024\/05\/18\/altenos-generan-850-toneladas-de-residuos\/","url":"https:\/\/www.eldiario.net\/portal\/2024\/05\/18\/altenos-generan-850-toneladas-de-residuos\/","name":"Alte\u00f1os generan 850 toneladas de residuos - El Diario - Bolivia","isPartOf":{"@id":"https:\/\/www.eldiario.net\/portal\/#website"},"primaryImageOfPage":{"@id":"https:\/\/www.eldiario.net\/portal\/2024\/05\/18\/altenos-generan-850-toneladas-de-residuos\/#primaryimage"},"image":{"@id":"https:\/\/www.eldiario.net\/portal\/2024\/05\/18\/altenos-generan-850-toneladas-de-residuos\/#primaryimage"},"thumbnailUrl":"https:\/\/www.eldiario.net\/portal\/wp-content\/uploads\/2024\/05\/F2-residuos.jpg","datePublished":"2024-05-18T09:14:33+00:00","dateModified":"2024-05-18T13:15:27+00:00","breadcrumb":{"@id":"https:\/\/www.eldiario.net\/portal\/2024\/05\/18\/altenos-generan-850-toneladas-de-residuos\/#breadcrumb"},"inLanguage":"es","potentialAction":[{"@type":"ReadAction","target":["https:\/\/www.eldiario.net\/portal\/2024\/05\/18\/altenos-generan-850-toneladas-de-residuos\/"]}]},{"@type":"ImageObject","inLanguage":"es","@id":"https:\/\/www.eldiario.net\/portal\/2024\/05\/18\/altenos-generan-850-toneladas-de-residuos\/#primaryimage","url":"https:\/\/www.eldiario.net\/portal\/wp-content\/uploads\/2024\/05\/F2-residuos.jpg","contentUrl":"https:\/\/www.eldiario.net\/portal\/wp-content\/uploads\/2024\/05\/F2-residuos.jpg","width":1600,"height":1200,"caption":"Los ni\u00f1os promovieron la cultura del reciclaje."},{"@type":"BreadcrumbList","@id":"https:\/\/www.eldiario.net\/portal\/2024\/05\/18\/altenos-generan-850-toneladas-de-residuos\/#breadcrumb","itemListElement":[{"@type":"ListItem","position":1,"name":"Portada","item":"https:\/\/www.eldiario.net\/portal\/"},{"@type":"ListItem","position":2,"name":"Alte\u00f1os generan 850 toneladas de residuos"}]},{"@type":"WebSite","@id":"https:\/\/www.eldiario.net\/portal\/#website","url":"https:\/\/www.eldiario.net\/portal\/","name":"El Diario - Decano de la prensa nacional","description":"El Diario - Decano de la prensa nacional","publisher":{"@id":"https:\/\/www.eldiario.net\/portal\/#organization"},"potentialAction":[{"@type":"SearchAction","target":{"@type":"EntryPoint","urlTemplate":"https:\/\/www.eldiario.net\/portal\/?s={search_term_string}"},"query-input":{"@type":"PropertyValueSpecification","valueRequired":true,"valueName":"search_term_string"}}],"inLanguage":"es"},{"@type":"Organization","@id":"https:\/\/www.eldiario.net\/portal\/#organization","name":"El Diario - Decano de la prensa nacional","url":"https:\/\/www.eldiario.net\/portal\/","logo":{"@type":"ImageObject","inLanguage":"es","@id":"https:\/\/www.eldiario.net\/portal\/#\/schema\/logo\/image\/","url":"https:\/\/www.eldiario.net\/portal\/wp-content\/uploads\/2023\/07\/logo_ED.jpg","contentUrl":"https:\/\/www.eldiario.net\/portal\/wp-content\/uploads\/2023\/07\/logo_ED.jpg","width":272,"height":52,"caption":"El Diario - Decano de la prensa nacional"},"image":{"@id":"https:\/\/www.eldiario.net\/portal\/#\/schema\/logo\/image\/"},"sameAs":["https:\/\/www.facebook.com\/eldiario.bolivia\/","https:\/\/x.com\/eldiario_net"]},{"@type":"Person","@id":"https:\/\/www.eldiario.net\/portal\/#\/schema\/person\/f46445640444750d7d753ccd04ae01b7","name":"Jeanette","image":{"@type":"ImageObject","inLanguage":"es","@id":"https:\/\/secure.gravatar.com\/avatar\/3ea2118a5f7dad2b7138b1187a6b7ee55f160b9968b66013c3a3ef39dd7e5798?s=96&d=mm&r=g","url":"https:\/\/secure.gravatar.com\/avatar\/3ea2118a5f7dad2b7138b1187a6b7ee55f160b9968b66013c3a3ef39dd7e5798?s=96&d=mm&r=g","contentUrl":"https:\/\/secure.gravatar.com\/avatar\/3ea2118a5f7dad2b7138b1187a6b7ee55f160b9968b66013c3a3ef39dd7e5798?s=96&d=mm&r=g","caption":"Jeanette"},"sameAs":["https:\/\/www.eldiario.net\/portal"],"url":"https:\/\/www.eldiario.net\/portal\/author\/jeanette\/"}]}},"_links":{"self":[{"href":"https:\/\/www.eldiario.net\/portal\/wp-json\/wp\/v2\/posts\/221319","targetHints":{"allow":["GET"]}}],"collection":[{"href":"https:\/\/www.eldiario.net\/portal\/wp-json\/wp\/v2\/posts"}],"about":[{"href":"https:\/\/www.eldiario.net\/portal\/wp-json\/wp\/v2\/types\/post"}],"author":[{"embeddable":true,"href":"https:\/\/www.eldiario.net\/portal\/wp-json\/wp\/v2\/users\/1"}],"replies":[{"embeddable":true,"href":"https:\/\/www.eldiario.net\/portal\/wp-json\/wp\/v2\/comments?post=221319"}],"version-history":[{"count":4,"href":"https:\/\/www.eldiario.net\/portal\/wp-json\/wp\/v2\/posts\/221319\/revisions"}],"predecessor-version":[{"id":221431,"href":"https:\/\/www.eldiario.net\/portal\/wp-json\/wp\/v2\/posts\/221319\/revisions\/221431"}],"wp:featuredmedia":[{"embeddable":true,"href":"https:\/\/www.eldiario.net\/portal\/wp-json\/wp\/v2\/media\/221320"}],"wp:attachment":[{"href":"https:\/\/www.eldiario.net\/portal\/wp-json\/wp\/v2\/media?parent=221319"}],"wp:term":[{"taxonomy":"category","embeddable":true,"href":"https:\/\/www.eldiario.net\/portal\/wp-json\/wp\/v2\/categories?post=221319"},{"taxonomy":"post_tag","embeddable":true,"href":"https:\/\/www.eldiario.net\/portal\/wp-json\/wp\/v2\/tags?post=221319"}],"curies":[{"name":"wp","href":"https:\/\/api.w.org\/{rel}","templated":true}]}}