{"id":221316,"date":"2024-05-18T05:11:47","date_gmt":"2024-05-18T09:11:47","guid":{"rendered":"https:\/\/www.eldiario.net\/portal\/?p=221316"},"modified":"2024-05-18T05:11:47","modified_gmt":"2024-05-18T09:11:47","slug":"intento-de-motin-en-carcel-la-modelo-de-bogota","status":"publish","type":"post","link":"https:\/\/www.eldiario.net\/portal\/2024\/05\/18\/intento-de-motin-en-carcel-la-modelo-de-bogota\/","title":{"rendered":"Intento de mot\u00edn en c\u00e1rcel La Modelo de Bogot\u00e1"},"content":{"rendered":"<p>Unidades de la Polic\u00eda Metropolitana de Bogot\u00e1 (Mebog) se encuentran atendiendo los desmanes que se provocaron en el interior de los patios 4 y 5 de la c\u00e1rcel La Modelo en Bogot\u00e1. Un artefacto de gas lacrim\u00f3geno fue arrojado desde uno de los patios hacia una de las calles que limita con el penal.<br \/>\nAnte este acto de violencia, unidades de la Mebog en la localidad de Puente Aranda cerraron la carrera 56 con calle 18, punto donde cay\u00f3 la bomba de gas, mientras que en el centro penitenciario los funcionarios del Insituto Nacional Penitenciario y Carcelario (Inpec) fueron controlando la situaci\u00f3n, que en un principio se sospech\u00f3 que era un intento de mot\u00edn.<br \/>\nDe acuerdo con lo que inform\u00f3 Caracol Radio, a esta hora se realiz\u00f3 una intervenci\u00f3n dentro de la penitenciaria y debido a esto, los guardias se encuentran efectuando la atenci\u00f3n en el punto debido a que se estar\u00edan llevando a cabo, varios traslados, por lo que se hicieron varios allanamientos en las celdas que conforman este complejo carcelario.<br \/>\nEl ingreso al lugar se encuentra restringido, mientras las autoridades controlan la situaci\u00f3n en medio del caso de sicariato que se report\u00f3 durante la tarde del jueves 16 de mayo, que dej\u00f3 como v\u00edctima al director de la c\u00e1rcel La Modelo de Bogot\u00e1, el coronel (r) \u00c9lmer Fern\u00e1ndez.<br \/>\nAlias Pedro Pluma est\u00e1 en uno de esos patios de La Modelo<br \/>\nDebido al hecho sicarial que cobr\u00f3 la vida del coronel (r) Fern\u00e1ndez, de 57 a\u00f1os, las autoridades desplegaron un complejo operativo dentro del penal por cuenta de los disturbios en los dos patios, en los que dicho sea de paso, se encuentra recluido Pedro Nel Caro Triana, alias Pedro Pluma, quien es se\u00f1alado de ser el presunto autor de la amenaza de muerte al director de la c\u00e1rcel La Modelo.<br \/>\n\u201cHay que utilizar el di\u00e1logo y la concertaci\u00f3n, como se gener\u00f3 con otras organizaciones delincuenciales, para acabar con esta ola de violencia; que empiecen a intermediar y evitar que se sigan presentando homicidios en contra de los funcionarios del Inpec\u201d, indic\u00f3 \u00d3scar Robayo, presidente de la Uni\u00f3n de Trabajadores Penitenciario a BluRadio, en d\u00edas pasados, luego que el gremio de trabajadores del Inpec le pidi\u00f3 al Gobierno nacional mediante una carta que se sienten a negociar con los miembros de La Inmaculada, una de las empresas criminales que tiene azotada al Valle del Cauca.<br \/>\nJunto a Pedro Pluma y Andr\u00e9s Felipe Mar\u00edn Silva, alias Pipe Tulu\u00e1 es el otro criminal que estar\u00eda inmerso en los mensajes que recibi\u00f3 el director de La Modelo, el 9 de mayo, d\u00edas antes de ser asesinado.<br \/>\nPara evitar un mot\u00edn, al lugar llegaron unidades del Comando Operativo de Remisiones de Especial Seguridad (Cores) del Inpec para controlar la situaci\u00f3n. (Infobae)<\/p>\n","protected":false},"excerpt":{"rendered":"<p>Unidades de la Polic\u00eda Metropolitana de Bogot\u00e1 (Mebog) se encuentran atendiendo los desmanes que se provocaron en el interior de los patios 4 y 5 de la c\u00e1rcel La Modelo en Bogot\u00e1. Un artefacto de gas lacrim\u00f3geno fue arrojado desde uno de los patios hacia una de las calles que limita con el penal. Ante [&hellip;]<\/p>\n","protected":false},"author":1,"featured_media":221317,"comment_status":"open","ping_status":"open","sticky":false,"template":"","format":"standard","meta":{"_acf_changed":false,"footnotes":""},"categories":[3],"tags":[],"class_list":["post-221316","post","type-post","status-publish","format-standard","has-post-thumbnail","category-internacional"],"acf":{"antetitulo":""},"yoast_head":"<!-- This site is optimized with the Yoast SEO plugin v28.4 - https:\/\/yoast.com\/product\/yoast-seo-wordpress\/ -->\n<title>Intento de mot\u00edn en c\u00e1rcel La Modelo de Bogot\u00e1 - El Diario - Bolivia<\/title>\n<meta name=\"robots\" content=\"index, follow, max-snippet:-1, max-image-preview:large, max-video-preview:-1\" \/>\n<link rel=\"canonical\" href=\"https:\/\/www.eldiario.net\/portal\/2024\/05\/18\/intento-de-motin-en-carcel-la-modelo-de-bogota\/\" \/>\n<meta property=\"og:locale\" content=\"es_ES\" \/>\n<meta property=\"og:type\" content=\"article\" \/>\n<meta property=\"og:title\" content=\"Intento de mot\u00edn en c\u00e1rcel La Modelo de Bogot\u00e1 - El Diario - Bolivia\" \/>\n<meta property=\"og:description\" content=\"Unidades de la Polic\u00eda Metropolitana de Bogot\u00e1 (Mebog) se encuentran atendiendo los desmanes que se provocaron en el interior de los patios 4 y 5 de la c\u00e1rcel La Modelo en Bogot\u00e1. Un artefacto de gas lacrim\u00f3geno fue arrojado desde uno de los patios hacia una de las calles que limita con el penal. Ante [&hellip;]\" \/>\n<meta property=\"og:url\" content=\"https:\/\/www.eldiario.net\/portal\/2024\/05\/18\/intento-de-motin-en-carcel-la-modelo-de-bogota\/\" \/>\n<meta property=\"og:site_name\" content=\"El Diario - Bolivia\" \/>\n<meta property=\"article:publisher\" content=\"https:\/\/www.facebook.com\/eldiario.bolivia\/\" \/>\n<meta property=\"article:published_time\" content=\"2024-05-18T09:11:47+00:00\" \/>\n<meta property=\"og:image\" content=\"https:\/\/www.eldiario.net\/portal\/wp-content\/uploads\/2024\/05\/CARCEL.png\" \/>\n\t<meta property=\"og:image:width\" content=\"992\" \/>\n\t<meta property=\"og:image:height\" content=\"558\" \/>\n\t<meta property=\"og:image:type\" content=\"image\/png\" \/>\n<meta name=\"author\" content=\"Jeanette\" \/>\n<meta name=\"twitter:card\" content=\"summary_large_image\" \/>\n<meta name=\"twitter:creator\" content=\"@eldiario_net\" \/>\n<meta name=\"twitter:site\" content=\"@eldiario_net\" \/>\n<meta name=\"twitter:label1\" content=\"Escrito por\" \/>\n\t<meta name=\"twitter:data1\" content=\"Jeanette\" \/>\n\t<meta name=\"twitter:label2\" content=\"Tiempo de lectura\" \/>\n\t<meta name=\"twitter:data2\" content=\"3 minutos\" \/>\n<script type=\"application\/ld+json\" class=\"yoast-schema-graph\">{\"@context\":\"https:\\\/\\\/schema.org\",\"@graph\":[{\"@type\":\"Article\",\"@id\":\"https:\\\/\\\/www.eldiario.net\\\/portal\\\/2024\\\/05\\\/18\\\/intento-de-motin-en-carcel-la-modelo-de-bogota\\\/#article\",\"isPartOf\":{\"@id\":\"https:\\\/\\\/www.eldiario.net\\\/portal\\\/2024\\\/05\\\/18\\\/intento-de-motin-en-carcel-la-modelo-de-bogota\\\/\"},\"author\":{\"name\":\"Jeanette\",\"@id\":\"https:\\\/\\\/www.eldiario.net\\\/portal\\\/#\\\/schema\\\/person\\\/f46445640444750d7d753ccd04ae01b7\"},\"headline\":\"Intento de mot\u00edn en c\u00e1rcel La Modelo de Bogot\u00e1\",\"datePublished\":\"2024-05-18T09:11:47+00:00\",\"mainEntityOfPage\":{\"@id\":\"https:\\\/\\\/www.eldiario.net\\\/portal\\\/2024\\\/05\\\/18\\\/intento-de-motin-en-carcel-la-modelo-de-bogota\\\/\"},\"wordCount\":488,\"commentCount\":0,\"publisher\":{\"@id\":\"https:\\\/\\\/www.eldiario.net\\\/portal\\\/#organization\"},\"image\":{\"@id\":\"https:\\\/\\\/www.eldiario.net\\\/portal\\\/2024\\\/05\\\/18\\\/intento-de-motin-en-carcel-la-modelo-de-bogota\\\/#primaryimage\"},\"thumbnailUrl\":\"https:\\\/\\\/www.eldiario.net\\\/portal\\\/wp-content\\\/uploads\\\/2024\\\/05\\\/CARCEL.png\",\"articleSection\":[\"Internacional\"],\"inLanguage\":\"es\",\"potentialAction\":[{\"@type\":\"CommentAction\",\"name\":\"Comment\",\"target\":[\"https:\\\/\\\/www.eldiario.net\\\/portal\\\/2024\\\/05\\\/18\\\/intento-de-motin-en-carcel-la-modelo-de-bogota\\\/#respond\"]}]},{\"@type\":\"WebPage\",\"@id\":\"https:\\\/\\\/www.eldiario.net\\\/portal\\\/2024\\\/05\\\/18\\\/intento-de-motin-en-carcel-la-modelo-de-bogota\\\/\",\"url\":\"https:\\\/\\\/www.eldiario.net\\\/portal\\\/2024\\\/05\\\/18\\\/intento-de-motin-en-carcel-la-modelo-de-bogota\\\/\",\"name\":\"Intento de mot\u00edn en c\u00e1rcel La Modelo de Bogot\u00e1 - El Diario - Bolivia\",\"isPartOf\":{\"@id\":\"https:\\\/\\\/www.eldiario.net\\\/portal\\\/#website\"},\"primaryImageOfPage\":{\"@id\":\"https:\\\/\\\/www.eldiario.net\\\/portal\\\/2024\\\/05\\\/18\\\/intento-de-motin-en-carcel-la-modelo-de-bogota\\\/#primaryimage\"},\"image\":{\"@id\":\"https:\\\/\\\/www.eldiario.net\\\/portal\\\/2024\\\/05\\\/18\\\/intento-de-motin-en-carcel-la-modelo-de-bogota\\\/#primaryimage\"},\"thumbnailUrl\":\"https:\\\/\\\/www.eldiario.net\\\/portal\\\/wp-content\\\/uploads\\\/2024\\\/05\\\/CARCEL.png\",\"datePublished\":\"2024-05-18T09:11:47+00:00\",\"breadcrumb\":{\"@id\":\"https:\\\/\\\/www.eldiario.net\\\/portal\\\/2024\\\/05\\\/18\\\/intento-de-motin-en-carcel-la-modelo-de-bogota\\\/#breadcrumb\"},\"inLanguage\":\"es\",\"potentialAction\":[{\"@type\":\"ReadAction\",\"target\":[\"https:\\\/\\\/www.eldiario.net\\\/portal\\\/2024\\\/05\\\/18\\\/intento-de-motin-en-carcel-la-modelo-de-bogota\\\/\"]}]},{\"@type\":\"ImageObject\",\"inLanguage\":\"es\",\"@id\":\"https:\\\/\\\/www.eldiario.net\\\/portal\\\/2024\\\/05\\\/18\\\/intento-de-motin-en-carcel-la-modelo-de-bogota\\\/#primaryimage\",\"url\":\"https:\\\/\\\/www.eldiario.net\\\/portal\\\/wp-content\\\/uploads\\\/2024\\\/05\\\/CARCEL.png\",\"contentUrl\":\"https:\\\/\\\/www.eldiario.net\\\/portal\\\/wp-content\\\/uploads\\\/2024\\\/05\\\/CARCEL.png\",\"width\":992,\"height\":558,\"caption\":\"EL PRINCIPAL INGRESO AL CENTRO PENITENCIARIO FUE BLOQUEADA. @BogotaTransito\\\/X\"},{\"@type\":\"BreadcrumbList\",\"@id\":\"https:\\\/\\\/www.eldiario.net\\\/portal\\\/2024\\\/05\\\/18\\\/intento-de-motin-en-carcel-la-modelo-de-bogota\\\/#breadcrumb\",\"itemListElement\":[{\"@type\":\"ListItem\",\"position\":1,\"name\":\"Portada\",\"item\":\"https:\\\/\\\/www.eldiario.net\\\/portal\\\/\"},{\"@type\":\"ListItem\",\"position\":2,\"name\":\"Intento de mot\u00edn en c\u00e1rcel La Modelo de Bogot\u00e1\"}]},{\"@type\":\"WebSite\",\"@id\":\"https:\\\/\\\/www.eldiario.net\\\/portal\\\/#website\",\"url\":\"https:\\\/\\\/www.eldiario.net\\\/portal\\\/\",\"name\":\"El Diario - Decano de la prensa nacional\",\"description\":\"El Diario - Decano de la prensa nacional\",\"publisher\":{\"@id\":\"https:\\\/\\\/www.eldiario.net\\\/portal\\\/#organization\"},\"potentialAction\":[{\"@type\":\"SearchAction\",\"target\":{\"@type\":\"EntryPoint\",\"urlTemplate\":\"https:\\\/\\\/www.eldiario.net\\\/portal\\\/?s={search_term_string}\"},\"query-input\":{\"@type\":\"PropertyValueSpecification\",\"valueRequired\":true,\"valueName\":\"search_term_string\"}}],\"inLanguage\":\"es\"},{\"@type\":\"Organization\",\"@id\":\"https:\\\/\\\/www.eldiario.net\\\/portal\\\/#organization\",\"name\":\"El Diario - Decano de la prensa nacional\",\"url\":\"https:\\\/\\\/www.eldiario.net\\\/portal\\\/\",\"logo\":{\"@type\":\"ImageObject\",\"inLanguage\":\"es\",\"@id\":\"https:\\\/\\\/www.eldiario.net\\\/portal\\\/#\\\/schema\\\/logo\\\/image\\\/\",\"url\":\"https:\\\/\\\/www.eldiario.net\\\/portal\\\/wp-content\\\/uploads\\\/2023\\\/07\\\/logo_ED.jpg\",\"contentUrl\":\"https:\\\/\\\/www.eldiario.net\\\/portal\\\/wp-content\\\/uploads\\\/2023\\\/07\\\/logo_ED.jpg\",\"width\":272,\"height\":52,\"caption\":\"El Diario - Decano de la prensa nacional\"},\"image\":{\"@id\":\"https:\\\/\\\/www.eldiario.net\\\/portal\\\/#\\\/schema\\\/logo\\\/image\\\/\"},\"sameAs\":[\"https:\\\/\\\/www.facebook.com\\\/eldiario.bolivia\\\/\",\"https:\\\/\\\/x.com\\\/eldiario_net\"]},{\"@type\":\"Person\",\"@id\":\"https:\\\/\\\/www.eldiario.net\\\/portal\\\/#\\\/schema\\\/person\\\/f46445640444750d7d753ccd04ae01b7\",\"name\":\"Jeanette\",\"image\":{\"@type\":\"ImageObject\",\"inLanguage\":\"es\",\"@id\":\"https:\\\/\\\/secure.gravatar.com\\\/avatar\\\/3ea2118a5f7dad2b7138b1187a6b7ee55f160b9968b66013c3a3ef39dd7e5798?s=96&d=mm&r=g\",\"url\":\"https:\\\/\\\/secure.gravatar.com\\\/avatar\\\/3ea2118a5f7dad2b7138b1187a6b7ee55f160b9968b66013c3a3ef39dd7e5798?s=96&d=mm&r=g\",\"contentUrl\":\"https:\\\/\\\/secure.gravatar.com\\\/avatar\\\/3ea2118a5f7dad2b7138b1187a6b7ee55f160b9968b66013c3a3ef39dd7e5798?s=96&d=mm&r=g\",\"caption\":\"Jeanette\"},\"sameAs\":[\"https:\\\/\\\/www.eldiario.net\\\/portal\"],\"url\":\"https:\\\/\\\/www.eldiario.net\\\/portal\\\/author\\\/jeanette\\\/\"}]}<\/script>\n<!-- \/ Yoast SEO plugin. -->","yoast_head_json":{"title":"Intento de mot\u00edn en c\u00e1rcel La Modelo de Bogot\u00e1 - El Diario - Bolivia","robots":{"index":"index","follow":"follow","max-snippet":"max-snippet:-1","max-image-preview":"max-image-preview:large","max-video-preview":"max-video-preview:-1"},"canonical":"https:\/\/www.eldiario.net\/portal\/2024\/05\/18\/intento-de-motin-en-carcel-la-modelo-de-bogota\/","og_locale":"es_ES","og_type":"article","og_title":"Intento de mot\u00edn en c\u00e1rcel La Modelo de Bogot\u00e1 - El Diario - Bolivia","og_description":"Unidades de la Polic\u00eda Metropolitana de Bogot\u00e1 (Mebog) se encuentran atendiendo los desmanes que se provocaron en el interior de los patios 4 y 5 de la c\u00e1rcel La Modelo en Bogot\u00e1. Un artefacto de gas lacrim\u00f3geno fue arrojado desde uno de los patios hacia una de las calles que limita con el penal. Ante [&hellip;]","og_url":"https:\/\/www.eldiario.net\/portal\/2024\/05\/18\/intento-de-motin-en-carcel-la-modelo-de-bogota\/","og_site_name":"El Diario - Bolivia","article_publisher":"https:\/\/www.facebook.com\/eldiario.bolivia\/","article_published_time":"2024-05-18T09:11:47+00:00","og_image":[{"width":992,"height":558,"url":"https:\/\/www.eldiario.net\/portal\/wp-content\/uploads\/2024\/05\/CARCEL.png","type":"image\/png"}],"author":"Jeanette","twitter_card":"summary_large_image","twitter_creator":"@eldiario_net","twitter_site":"@eldiario_net","twitter_misc":{"Escrito por":"Jeanette","Tiempo de lectura":"3 minutos"},"schema":{"@context":"https:\/\/schema.org","@graph":[{"@type":"Article","@id":"https:\/\/www.eldiario.net\/portal\/2024\/05\/18\/intento-de-motin-en-carcel-la-modelo-de-bogota\/#article","isPartOf":{"@id":"https:\/\/www.eldiario.net\/portal\/2024\/05\/18\/intento-de-motin-en-carcel-la-modelo-de-bogota\/"},"author":{"name":"Jeanette","@id":"https:\/\/www.eldiario.net\/portal\/#\/schema\/person\/f46445640444750d7d753ccd04ae01b7"},"headline":"Intento de mot\u00edn en c\u00e1rcel La Modelo de Bogot\u00e1","datePublished":"2024-05-18T09:11:47+00:00","mainEntityOfPage":{"@id":"https:\/\/www.eldiario.net\/portal\/2024\/05\/18\/intento-de-motin-en-carcel-la-modelo-de-bogota\/"},"wordCount":488,"commentCount":0,"publisher":{"@id":"https:\/\/www.eldiario.net\/portal\/#organization"},"image":{"@id":"https:\/\/www.eldiario.net\/portal\/2024\/05\/18\/intento-de-motin-en-carcel-la-modelo-de-bogota\/#primaryimage"},"thumbnailUrl":"https:\/\/www.eldiario.net\/portal\/wp-content\/uploads\/2024\/05\/CARCEL.png","articleSection":["Internacional"],"inLanguage":"es","potentialAction":[{"@type":"CommentAction","name":"Comment","target":["https:\/\/www.eldiario.net\/portal\/2024\/05\/18\/intento-de-motin-en-carcel-la-modelo-de-bogota\/#respond"]}]},{"@type":"WebPage","@id":"https:\/\/www.eldiario.net\/portal\/2024\/05\/18\/intento-de-motin-en-carcel-la-modelo-de-bogota\/","url":"https:\/\/www.eldiario.net\/portal\/2024\/05\/18\/intento-de-motin-en-carcel-la-modelo-de-bogota\/","name":"Intento de mot\u00edn en c\u00e1rcel La Modelo de Bogot\u00e1 - El Diario - Bolivia","isPartOf":{"@id":"https:\/\/www.eldiario.net\/portal\/#website"},"primaryImageOfPage":{"@id":"https:\/\/www.eldiario.net\/portal\/2024\/05\/18\/intento-de-motin-en-carcel-la-modelo-de-bogota\/#primaryimage"},"image":{"@id":"https:\/\/www.eldiario.net\/portal\/2024\/05\/18\/intento-de-motin-en-carcel-la-modelo-de-bogota\/#primaryimage"},"thumbnailUrl":"https:\/\/www.eldiario.net\/portal\/wp-content\/uploads\/2024\/05\/CARCEL.png","datePublished":"2024-05-18T09:11:47+00:00","breadcrumb":{"@id":"https:\/\/www.eldiario.net\/portal\/2024\/05\/18\/intento-de-motin-en-carcel-la-modelo-de-bogota\/#breadcrumb"},"inLanguage":"es","potentialAction":[{"@type":"ReadAction","target":["https:\/\/www.eldiario.net\/portal\/2024\/05\/18\/intento-de-motin-en-carcel-la-modelo-de-bogota\/"]}]},{"@type":"ImageObject","inLanguage":"es","@id":"https:\/\/www.eldiario.net\/portal\/2024\/05\/18\/intento-de-motin-en-carcel-la-modelo-de-bogota\/#primaryimage","url":"https:\/\/www.eldiario.net\/portal\/wp-content\/uploads\/2024\/05\/CARCEL.png","contentUrl":"https:\/\/www.eldiario.net\/portal\/wp-content\/uploads\/2024\/05\/CARCEL.png","width":992,"height":558,"caption":"EL PRINCIPAL INGRESO AL CENTRO PENITENCIARIO FUE BLOQUEADA. @BogotaTransito\/X"},{"@type":"BreadcrumbList","@id":"https:\/\/www.eldiario.net\/portal\/2024\/05\/18\/intento-de-motin-en-carcel-la-modelo-de-bogota\/#breadcrumb","itemListElement":[{"@type":"ListItem","position":1,"name":"Portada","item":"https:\/\/www.eldiario.net\/portal\/"},{"@type":"ListItem","position":2,"name":"Intento de mot\u00edn en c\u00e1rcel La Modelo de Bogot\u00e1"}]},{"@type":"WebSite","@id":"https:\/\/www.eldiario.net\/portal\/#website","url":"https:\/\/www.eldiario.net\/portal\/","name":"El Diario - Decano de la prensa nacional","description":"El Diario - Decano de la prensa nacional","publisher":{"@id":"https:\/\/www.eldiario.net\/portal\/#organization"},"potentialAction":[{"@type":"SearchAction","target":{"@type":"EntryPoint","urlTemplate":"https:\/\/www.eldiario.net\/portal\/?s={search_term_string}"},"query-input":{"@type":"PropertyValueSpecification","valueRequired":true,"valueName":"search_term_string"}}],"inLanguage":"es"},{"@type":"Organization","@id":"https:\/\/www.eldiario.net\/portal\/#organization","name":"El Diario - Decano de la prensa nacional","url":"https:\/\/www.eldiario.net\/portal\/","logo":{"@type":"ImageObject","inLanguage":"es","@id":"https:\/\/www.eldiario.net\/portal\/#\/schema\/logo\/image\/","url":"https:\/\/www.eldiario.net\/portal\/wp-content\/uploads\/2023\/07\/logo_ED.jpg","contentUrl":"https:\/\/www.eldiario.net\/portal\/wp-content\/uploads\/2023\/07\/logo_ED.jpg","width":272,"height":52,"caption":"El Diario - Decano de la prensa nacional"},"image":{"@id":"https:\/\/www.eldiario.net\/portal\/#\/schema\/logo\/image\/"},"sameAs":["https:\/\/www.facebook.com\/eldiario.bolivia\/","https:\/\/x.com\/eldiario_net"]},{"@type":"Person","@id":"https:\/\/www.eldiario.net\/portal\/#\/schema\/person\/f46445640444750d7d753ccd04ae01b7","name":"Jeanette","image":{"@type":"ImageObject","inLanguage":"es","@id":"https:\/\/secure.gravatar.com\/avatar\/3ea2118a5f7dad2b7138b1187a6b7ee55f160b9968b66013c3a3ef39dd7e5798?s=96&d=mm&r=g","url":"https:\/\/secure.gravatar.com\/avatar\/3ea2118a5f7dad2b7138b1187a6b7ee55f160b9968b66013c3a3ef39dd7e5798?s=96&d=mm&r=g","contentUrl":"https:\/\/secure.gravatar.com\/avatar\/3ea2118a5f7dad2b7138b1187a6b7ee55f160b9968b66013c3a3ef39dd7e5798?s=96&d=mm&r=g","caption":"Jeanette"},"sameAs":["https:\/\/www.eldiario.net\/portal"],"url":"https:\/\/www.eldiario.net\/portal\/author\/jeanette\/"}]}},"_links":{"self":[{"href":"https:\/\/www.eldiario.net\/portal\/wp-json\/wp\/v2\/posts\/221316","targetHints":{"allow":["GET"]}}],"collection":[{"href":"https:\/\/www.eldiario.net\/portal\/wp-json\/wp\/v2\/posts"}],"about":[{"href":"https:\/\/www.eldiario.net\/portal\/wp-json\/wp\/v2\/types\/post"}],"author":[{"embeddable":true,"href":"https:\/\/www.eldiario.net\/portal\/wp-json\/wp\/v2\/users\/1"}],"replies":[{"embeddable":true,"href":"https:\/\/www.eldiario.net\/portal\/wp-json\/wp\/v2\/comments?post=221316"}],"version-history":[{"count":1,"href":"https:\/\/www.eldiario.net\/portal\/wp-json\/wp\/v2\/posts\/221316\/revisions"}],"predecessor-version":[{"id":221318,"href":"https:\/\/www.eldiario.net\/portal\/wp-json\/wp\/v2\/posts\/221316\/revisions\/221318"}],"wp:featuredmedia":[{"embeddable":true,"href":"https:\/\/www.eldiario.net\/portal\/wp-json\/wp\/v2\/media\/221317"}],"wp:attachment":[{"href":"https:\/\/www.eldiario.net\/portal\/wp-json\/wp\/v2\/media?parent=221316"}],"wp:term":[{"taxonomy":"category","embeddable":true,"href":"https:\/\/www.eldiario.net\/portal\/wp-json\/wp\/v2\/categories?post=221316"},{"taxonomy":"post_tag","embeddable":true,"href":"https:\/\/www.eldiario.net\/portal\/wp-json\/wp\/v2\/tags?post=221316"}],"curies":[{"name":"wp","href":"https:\/\/api.w.org\/{rel}","templated":true}]}}