{"id":221314,"date":"2024-05-18T05:11:03","date_gmt":"2024-05-18T09:11:03","guid":{"rendered":"https:\/\/www.eldiario.net\/portal\/?p=221314"},"modified":"2024-05-18T05:11:03","modified_gmt":"2024-05-18T09:11:03","slug":"por-las-inundaciones-aparecen-piranas-en-calles-de-porto-alegre","status":"publish","type":"post","link":"https:\/\/www.eldiario.net\/portal\/2024\/05\/18\/por-las-inundaciones-aparecen-piranas-en-calles-de-porto-alegre\/","title":{"rendered":"Por las inundaciones aparecen pira\u00f1as en calles de Porto Alegre"},"content":{"rendered":"<p>La situaci\u00f3n en Rio Grande do Sul es dram\u00e1tica: m\u00e1s de 150 muertos, decenas de desaparecidos y destrucci\u00f3n de casas, comercios y campos. Ahora se suma un nuevo problema: la aparici\u00f3n de pira\u00f1as.<br \/>\nEstos animales, que por lo general est\u00e1n escondidos en los r\u00edos dulces a la espera de arremeter contra su pr\u00f3xima presa, aparecieron en las calles de Porto Alegre y provocaron el p\u00e1nico en los sufridos habitantes de la ciudad.<br \/>\n\u201cLamentablemente es una observaci\u00f3n triste porque con toda esta corriente se estar\u00e1 yendo al estanque de los patos. Donde quiera que vaya, este pez termina con todo, se reproduce muy r\u00e1pido\u201d, manifest\u00f3 un usuario en la red social X.<br \/>\nLos bomberos informaron que recibieron varias denuncias por la presencia de estos animales en las calles de Porto Alegre.<br \/>\nLas lluvias torrenciales e inundaciones que afectan en sur de Brasil desde finales de abril causaron al menos 155 fallecidos, seg\u00fan el balance oficial divulgado ayer por las autoridades.<br \/>\nRio Grande do Sul, estado fronterizo con Argentina y Uruguay, es la regi\u00f3n m\u00e1s afectada con 154 v\u00edctimas mortales y 98 personas desaparecidas, mientras que el otro fallecimiento se registr\u00f3 en el vecino estado de Santa Catarina. (Infobae)<br \/>\nXXXXXXXXXXXXXX<br \/>\nLa zona m\u00e1s afectada es la regi\u00f3n metropolitana de Porto Alegre, que se mantiene inundada desde hace dos semanas por la crecida sin precedentes del r\u00edo Gua\u00edba.<br \/>\nEl agua invadi\u00f3 casas, edificios p\u00fablicos, hospitales y comercios y por completo el aeropuerto internacional de Porto Alegre, que est\u00e1 cerrado desde el 3 de mayo.<br \/>\nLas inundaciones, lluvias torrenciales y deslizamientos de tierra causaron da\u00f1os cuantiosos en el 90 % de los municipios de Rio Grande do Sul, una importante regi\u00f3n agropecuaria e industrial en el sur de Brasil con una poblaci\u00f3n de 11 millones de habitantes.<br \/>\nEn total, 2,2 millones de personas se vieron afectadas directamente por la tragedia, incluidas 618.317 personas tuvieron que dejar sus casas, de las cuales 78.165 est\u00e1n en refugios temporales.<br \/>\nLas autoridades desplegaron 27.688 personas en las labores de rescate y ayuda a los damnificados y hasta ahora consiguieron recatar a 82.666 personas.<br \/>\nPIE DE FOTO: LA PRESENCIA DE LAS PIRA\u00d1AS CAUS\u00d3 P\u00c1NICO EN LA POBLACI\u00d3N.<br \/>\nFOTO: Infobae<\/p>\n","protected":false},"excerpt":{"rendered":"<p>La situaci\u00f3n en Rio Grande do Sul es dram\u00e1tica: m\u00e1s de 150 muertos, decenas de desaparecidos y destrucci\u00f3n de casas, comercios y campos. Ahora se suma un nuevo problema: la aparici\u00f3n de pira\u00f1as. Estos animales, que por lo general est\u00e1n escondidos en los r\u00edos dulces a la espera de arremeter contra su pr\u00f3xima presa, aparecieron [&hellip;]<\/p>\n","protected":false},"author":1,"featured_media":194703,"comment_status":"open","ping_status":"open","sticky":false,"template":"","format":"standard","meta":{"_acf_changed":false,"footnotes":""},"categories":[3],"tags":[],"class_list":["post-221314","post","type-post","status-publish","format-standard","has-post-thumbnail","category-internacional"],"acf":{"antetitulo":"M\u00e1s complicaciones en Brasil"},"yoast_head":"<!-- This site is optimized with the Yoast SEO plugin v28.4 - https:\/\/yoast.com\/product\/yoast-seo-wordpress\/ -->\n<title>Por las inundaciones aparecen pira\u00f1as en calles de Porto Alegre - El Diario - Bolivia<\/title>\n<meta name=\"robots\" content=\"index, follow, max-snippet:-1, max-image-preview:large, max-video-preview:-1\" \/>\n<link rel=\"canonical\" href=\"https:\/\/www.eldiario.net\/portal\/2024\/05\/18\/por-las-inundaciones-aparecen-piranas-en-calles-de-porto-alegre\/\" \/>\n<meta property=\"og:locale\" content=\"es_ES\" \/>\n<meta property=\"og:type\" content=\"article\" \/>\n<meta property=\"og:title\" content=\"Por las inundaciones aparecen pira\u00f1as en calles de Porto Alegre - El Diario - Bolivia\" \/>\n<meta property=\"og:description\" content=\"La situaci\u00f3n en Rio Grande do Sul es dram\u00e1tica: m\u00e1s de 150 muertos, decenas de desaparecidos y destrucci\u00f3n de casas, comercios y campos. Ahora se suma un nuevo problema: la aparici\u00f3n de pira\u00f1as. Estos animales, que por lo general est\u00e1n escondidos en los r\u00edos dulces a la espera de arremeter contra su pr\u00f3xima presa, aparecieron [&hellip;]\" \/>\n<meta property=\"og:url\" content=\"https:\/\/www.eldiario.net\/portal\/2024\/05\/18\/por-las-inundaciones-aparecen-piranas-en-calles-de-porto-alegre\/\" \/>\n<meta property=\"og:site_name\" content=\"El Diario - Bolivia\" \/>\n<meta property=\"article:publisher\" content=\"https:\/\/www.facebook.com\/eldiario.bolivia\/\" \/>\n<meta property=\"article:published_time\" content=\"2024-05-18T09:11:03+00:00\" \/>\n<meta property=\"og:image\" content=\"https:\/\/www.eldiario.net\/portal\/wp-content\/uploads\/2023\/12\/Internacional.jpg\" \/>\n\t<meta property=\"og:image:width\" content=\"800\" \/>\n\t<meta property=\"og:image:height\" content=\"500\" \/>\n\t<meta property=\"og:image:type\" content=\"image\/jpeg\" \/>\n<meta name=\"author\" content=\"Jeanette\" \/>\n<meta name=\"twitter:card\" content=\"summary_large_image\" \/>\n<meta name=\"twitter:creator\" content=\"@eldiario_net\" \/>\n<meta name=\"twitter:site\" content=\"@eldiario_net\" \/>\n<meta name=\"twitter:label1\" content=\"Escrito por\" \/>\n\t<meta name=\"twitter:data1\" content=\"Jeanette\" \/>\n\t<meta name=\"twitter:label2\" content=\"Tiempo de lectura\" \/>\n\t<meta name=\"twitter:data2\" content=\"2 minutos\" \/>\n<script type=\"application\/ld+json\" class=\"yoast-schema-graph\">{\"@context\":\"https:\\\/\\\/schema.org\",\"@graph\":[{\"@type\":\"Article\",\"@id\":\"https:\\\/\\\/www.eldiario.net\\\/portal\\\/2024\\\/05\\\/18\\\/por-las-inundaciones-aparecen-piranas-en-calles-de-porto-alegre\\\/#article\",\"isPartOf\":{\"@id\":\"https:\\\/\\\/www.eldiario.net\\\/portal\\\/2024\\\/05\\\/18\\\/por-las-inundaciones-aparecen-piranas-en-calles-de-porto-alegre\\\/\"},\"author\":{\"name\":\"Jeanette\",\"@id\":\"https:\\\/\\\/www.eldiario.net\\\/portal\\\/#\\\/schema\\\/person\\\/f46445640444750d7d753ccd04ae01b7\"},\"headline\":\"Por las inundaciones aparecen pira\u00f1as en calles de Porto Alegre\",\"datePublished\":\"2024-05-18T09:11:03+00:00\",\"mainEntityOfPage\":{\"@id\":\"https:\\\/\\\/www.eldiario.net\\\/portal\\\/2024\\\/05\\\/18\\\/por-las-inundaciones-aparecen-piranas-en-calles-de-porto-alegre\\\/\"},\"wordCount\":386,\"commentCount\":0,\"publisher\":{\"@id\":\"https:\\\/\\\/www.eldiario.net\\\/portal\\\/#organization\"},\"image\":{\"@id\":\"https:\\\/\\\/www.eldiario.net\\\/portal\\\/2024\\\/05\\\/18\\\/por-las-inundaciones-aparecen-piranas-en-calles-de-porto-alegre\\\/#primaryimage\"},\"thumbnailUrl\":\"https:\\\/\\\/www.eldiario.net\\\/portal\\\/wp-content\\\/uploads\\\/2023\\\/12\\\/Internacional.jpg\",\"articleSection\":[\"Internacional\"],\"inLanguage\":\"es\",\"potentialAction\":[{\"@type\":\"CommentAction\",\"name\":\"Comment\",\"target\":[\"https:\\\/\\\/www.eldiario.net\\\/portal\\\/2024\\\/05\\\/18\\\/por-las-inundaciones-aparecen-piranas-en-calles-de-porto-alegre\\\/#respond\"]}]},{\"@type\":\"WebPage\",\"@id\":\"https:\\\/\\\/www.eldiario.net\\\/portal\\\/2024\\\/05\\\/18\\\/por-las-inundaciones-aparecen-piranas-en-calles-de-porto-alegre\\\/\",\"url\":\"https:\\\/\\\/www.eldiario.net\\\/portal\\\/2024\\\/05\\\/18\\\/por-las-inundaciones-aparecen-piranas-en-calles-de-porto-alegre\\\/\",\"name\":\"Por las inundaciones aparecen pira\u00f1as en calles de Porto Alegre - El Diario - Bolivia\",\"isPartOf\":{\"@id\":\"https:\\\/\\\/www.eldiario.net\\\/portal\\\/#website\"},\"primaryImageOfPage\":{\"@id\":\"https:\\\/\\\/www.eldiario.net\\\/portal\\\/2024\\\/05\\\/18\\\/por-las-inundaciones-aparecen-piranas-en-calles-de-porto-alegre\\\/#primaryimage\"},\"image\":{\"@id\":\"https:\\\/\\\/www.eldiario.net\\\/portal\\\/2024\\\/05\\\/18\\\/por-las-inundaciones-aparecen-piranas-en-calles-de-porto-alegre\\\/#primaryimage\"},\"thumbnailUrl\":\"https:\\\/\\\/www.eldiario.net\\\/portal\\\/wp-content\\\/uploads\\\/2023\\\/12\\\/Internacional.jpg\",\"datePublished\":\"2024-05-18T09:11:03+00:00\",\"breadcrumb\":{\"@id\":\"https:\\\/\\\/www.eldiario.net\\\/portal\\\/2024\\\/05\\\/18\\\/por-las-inundaciones-aparecen-piranas-en-calles-de-porto-alegre\\\/#breadcrumb\"},\"inLanguage\":\"es\",\"potentialAction\":[{\"@type\":\"ReadAction\",\"target\":[\"https:\\\/\\\/www.eldiario.net\\\/portal\\\/2024\\\/05\\\/18\\\/por-las-inundaciones-aparecen-piranas-en-calles-de-porto-alegre\\\/\"]}]},{\"@type\":\"ImageObject\",\"inLanguage\":\"es\",\"@id\":\"https:\\\/\\\/www.eldiario.net\\\/portal\\\/2024\\\/05\\\/18\\\/por-las-inundaciones-aparecen-piranas-en-calles-de-porto-alegre\\\/#primaryimage\",\"url\":\"https:\\\/\\\/www.eldiario.net\\\/portal\\\/wp-content\\\/uploads\\\/2023\\\/12\\\/Internacional.jpg\",\"contentUrl\":\"https:\\\/\\\/www.eldiario.net\\\/portal\\\/wp-content\\\/uploads\\\/2023\\\/12\\\/Internacional.jpg\",\"width\":800,\"height\":500},{\"@type\":\"BreadcrumbList\",\"@id\":\"https:\\\/\\\/www.eldiario.net\\\/portal\\\/2024\\\/05\\\/18\\\/por-las-inundaciones-aparecen-piranas-en-calles-de-porto-alegre\\\/#breadcrumb\",\"itemListElement\":[{\"@type\":\"ListItem\",\"position\":1,\"name\":\"Portada\",\"item\":\"https:\\\/\\\/www.eldiario.net\\\/portal\\\/\"},{\"@type\":\"ListItem\",\"position\":2,\"name\":\"Por las inundaciones aparecen pira\u00f1as en calles de Porto Alegre\"}]},{\"@type\":\"WebSite\",\"@id\":\"https:\\\/\\\/www.eldiario.net\\\/portal\\\/#website\",\"url\":\"https:\\\/\\\/www.eldiario.net\\\/portal\\\/\",\"name\":\"El Diario - Decano de la prensa nacional\",\"description\":\"El Diario - Decano de la prensa nacional\",\"publisher\":{\"@id\":\"https:\\\/\\\/www.eldiario.net\\\/portal\\\/#organization\"},\"potentialAction\":[{\"@type\":\"SearchAction\",\"target\":{\"@type\":\"EntryPoint\",\"urlTemplate\":\"https:\\\/\\\/www.eldiario.net\\\/portal\\\/?s={search_term_string}\"},\"query-input\":{\"@type\":\"PropertyValueSpecification\",\"valueRequired\":true,\"valueName\":\"search_term_string\"}}],\"inLanguage\":\"es\"},{\"@type\":\"Organization\",\"@id\":\"https:\\\/\\\/www.eldiario.net\\\/portal\\\/#organization\",\"name\":\"El Diario - Decano de la prensa nacional\",\"url\":\"https:\\\/\\\/www.eldiario.net\\\/portal\\\/\",\"logo\":{\"@type\":\"ImageObject\",\"inLanguage\":\"es\",\"@id\":\"https:\\\/\\\/www.eldiario.net\\\/portal\\\/#\\\/schema\\\/logo\\\/image\\\/\",\"url\":\"https:\\\/\\\/www.eldiario.net\\\/portal\\\/wp-content\\\/uploads\\\/2023\\\/07\\\/logo_ED.jpg\",\"contentUrl\":\"https:\\\/\\\/www.eldiario.net\\\/portal\\\/wp-content\\\/uploads\\\/2023\\\/07\\\/logo_ED.jpg\",\"width\":272,\"height\":52,\"caption\":\"El Diario - Decano de la prensa nacional\"},\"image\":{\"@id\":\"https:\\\/\\\/www.eldiario.net\\\/portal\\\/#\\\/schema\\\/logo\\\/image\\\/\"},\"sameAs\":[\"https:\\\/\\\/www.facebook.com\\\/eldiario.bolivia\\\/\",\"https:\\\/\\\/x.com\\\/eldiario_net\"]},{\"@type\":\"Person\",\"@id\":\"https:\\\/\\\/www.eldiario.net\\\/portal\\\/#\\\/schema\\\/person\\\/f46445640444750d7d753ccd04ae01b7\",\"name\":\"Jeanette\",\"image\":{\"@type\":\"ImageObject\",\"inLanguage\":\"es\",\"@id\":\"https:\\\/\\\/secure.gravatar.com\\\/avatar\\\/3ea2118a5f7dad2b7138b1187a6b7ee55f160b9968b66013c3a3ef39dd7e5798?s=96&d=mm&r=g\",\"url\":\"https:\\\/\\\/secure.gravatar.com\\\/avatar\\\/3ea2118a5f7dad2b7138b1187a6b7ee55f160b9968b66013c3a3ef39dd7e5798?s=96&d=mm&r=g\",\"contentUrl\":\"https:\\\/\\\/secure.gravatar.com\\\/avatar\\\/3ea2118a5f7dad2b7138b1187a6b7ee55f160b9968b66013c3a3ef39dd7e5798?s=96&d=mm&r=g\",\"caption\":\"Jeanette\"},\"sameAs\":[\"https:\\\/\\\/www.eldiario.net\\\/portal\"],\"url\":\"https:\\\/\\\/www.eldiario.net\\\/portal\\\/author\\\/jeanette\\\/\"}]}<\/script>\n<!-- \/ Yoast SEO plugin. -->","yoast_head_json":{"title":"Por las inundaciones aparecen pira\u00f1as en calles de Porto Alegre - El Diario - Bolivia","robots":{"index":"index","follow":"follow","max-snippet":"max-snippet:-1","max-image-preview":"max-image-preview:large","max-video-preview":"max-video-preview:-1"},"canonical":"https:\/\/www.eldiario.net\/portal\/2024\/05\/18\/por-las-inundaciones-aparecen-piranas-en-calles-de-porto-alegre\/","og_locale":"es_ES","og_type":"article","og_title":"Por las inundaciones aparecen pira\u00f1as en calles de Porto Alegre - El Diario - Bolivia","og_description":"La situaci\u00f3n en Rio Grande do Sul es dram\u00e1tica: m\u00e1s de 150 muertos, decenas de desaparecidos y destrucci\u00f3n de casas, comercios y campos. Ahora se suma un nuevo problema: la aparici\u00f3n de pira\u00f1as. Estos animales, que por lo general est\u00e1n escondidos en los r\u00edos dulces a la espera de arremeter contra su pr\u00f3xima presa, aparecieron [&hellip;]","og_url":"https:\/\/www.eldiario.net\/portal\/2024\/05\/18\/por-las-inundaciones-aparecen-piranas-en-calles-de-porto-alegre\/","og_site_name":"El Diario - Bolivia","article_publisher":"https:\/\/www.facebook.com\/eldiario.bolivia\/","article_published_time":"2024-05-18T09:11:03+00:00","og_image":[{"width":800,"height":500,"url":"https:\/\/www.eldiario.net\/portal\/wp-content\/uploads\/2023\/12\/Internacional.jpg","type":"image\/jpeg"}],"author":"Jeanette","twitter_card":"summary_large_image","twitter_creator":"@eldiario_net","twitter_site":"@eldiario_net","twitter_misc":{"Escrito por":"Jeanette","Tiempo de lectura":"2 minutos"},"schema":{"@context":"https:\/\/schema.org","@graph":[{"@type":"Article","@id":"https:\/\/www.eldiario.net\/portal\/2024\/05\/18\/por-las-inundaciones-aparecen-piranas-en-calles-de-porto-alegre\/#article","isPartOf":{"@id":"https:\/\/www.eldiario.net\/portal\/2024\/05\/18\/por-las-inundaciones-aparecen-piranas-en-calles-de-porto-alegre\/"},"author":{"name":"Jeanette","@id":"https:\/\/www.eldiario.net\/portal\/#\/schema\/person\/f46445640444750d7d753ccd04ae01b7"},"headline":"Por las inundaciones aparecen pira\u00f1as en calles de Porto Alegre","datePublished":"2024-05-18T09:11:03+00:00","mainEntityOfPage":{"@id":"https:\/\/www.eldiario.net\/portal\/2024\/05\/18\/por-las-inundaciones-aparecen-piranas-en-calles-de-porto-alegre\/"},"wordCount":386,"commentCount":0,"publisher":{"@id":"https:\/\/www.eldiario.net\/portal\/#organization"},"image":{"@id":"https:\/\/www.eldiario.net\/portal\/2024\/05\/18\/por-las-inundaciones-aparecen-piranas-en-calles-de-porto-alegre\/#primaryimage"},"thumbnailUrl":"https:\/\/www.eldiario.net\/portal\/wp-content\/uploads\/2023\/12\/Internacional.jpg","articleSection":["Internacional"],"inLanguage":"es","potentialAction":[{"@type":"CommentAction","name":"Comment","target":["https:\/\/www.eldiario.net\/portal\/2024\/05\/18\/por-las-inundaciones-aparecen-piranas-en-calles-de-porto-alegre\/#respond"]}]},{"@type":"WebPage","@id":"https:\/\/www.eldiario.net\/portal\/2024\/05\/18\/por-las-inundaciones-aparecen-piranas-en-calles-de-porto-alegre\/","url":"https:\/\/www.eldiario.net\/portal\/2024\/05\/18\/por-las-inundaciones-aparecen-piranas-en-calles-de-porto-alegre\/","name":"Por las inundaciones aparecen pira\u00f1as en calles de Porto Alegre - El Diario - Bolivia","isPartOf":{"@id":"https:\/\/www.eldiario.net\/portal\/#website"},"primaryImageOfPage":{"@id":"https:\/\/www.eldiario.net\/portal\/2024\/05\/18\/por-las-inundaciones-aparecen-piranas-en-calles-de-porto-alegre\/#primaryimage"},"image":{"@id":"https:\/\/www.eldiario.net\/portal\/2024\/05\/18\/por-las-inundaciones-aparecen-piranas-en-calles-de-porto-alegre\/#primaryimage"},"thumbnailUrl":"https:\/\/www.eldiario.net\/portal\/wp-content\/uploads\/2023\/12\/Internacional.jpg","datePublished":"2024-05-18T09:11:03+00:00","breadcrumb":{"@id":"https:\/\/www.eldiario.net\/portal\/2024\/05\/18\/por-las-inundaciones-aparecen-piranas-en-calles-de-porto-alegre\/#breadcrumb"},"inLanguage":"es","potentialAction":[{"@type":"ReadAction","target":["https:\/\/www.eldiario.net\/portal\/2024\/05\/18\/por-las-inundaciones-aparecen-piranas-en-calles-de-porto-alegre\/"]}]},{"@type":"ImageObject","inLanguage":"es","@id":"https:\/\/www.eldiario.net\/portal\/2024\/05\/18\/por-las-inundaciones-aparecen-piranas-en-calles-de-porto-alegre\/#primaryimage","url":"https:\/\/www.eldiario.net\/portal\/wp-content\/uploads\/2023\/12\/Internacional.jpg","contentUrl":"https:\/\/www.eldiario.net\/portal\/wp-content\/uploads\/2023\/12\/Internacional.jpg","width":800,"height":500},{"@type":"BreadcrumbList","@id":"https:\/\/www.eldiario.net\/portal\/2024\/05\/18\/por-las-inundaciones-aparecen-piranas-en-calles-de-porto-alegre\/#breadcrumb","itemListElement":[{"@type":"ListItem","position":1,"name":"Portada","item":"https:\/\/www.eldiario.net\/portal\/"},{"@type":"ListItem","position":2,"name":"Por las inundaciones aparecen pira\u00f1as en calles de Porto Alegre"}]},{"@type":"WebSite","@id":"https:\/\/www.eldiario.net\/portal\/#website","url":"https:\/\/www.eldiario.net\/portal\/","name":"El Diario - Decano de la prensa nacional","description":"El Diario - Decano de la prensa nacional","publisher":{"@id":"https:\/\/www.eldiario.net\/portal\/#organization"},"potentialAction":[{"@type":"SearchAction","target":{"@type":"EntryPoint","urlTemplate":"https:\/\/www.eldiario.net\/portal\/?s={search_term_string}"},"query-input":{"@type":"PropertyValueSpecification","valueRequired":true,"valueName":"search_term_string"}}],"inLanguage":"es"},{"@type":"Organization","@id":"https:\/\/www.eldiario.net\/portal\/#organization","name":"El Diario - Decano de la prensa nacional","url":"https:\/\/www.eldiario.net\/portal\/","logo":{"@type":"ImageObject","inLanguage":"es","@id":"https:\/\/www.eldiario.net\/portal\/#\/schema\/logo\/image\/","url":"https:\/\/www.eldiario.net\/portal\/wp-content\/uploads\/2023\/07\/logo_ED.jpg","contentUrl":"https:\/\/www.eldiario.net\/portal\/wp-content\/uploads\/2023\/07\/logo_ED.jpg","width":272,"height":52,"caption":"El Diario - Decano de la prensa nacional"},"image":{"@id":"https:\/\/www.eldiario.net\/portal\/#\/schema\/logo\/image\/"},"sameAs":["https:\/\/www.facebook.com\/eldiario.bolivia\/","https:\/\/x.com\/eldiario_net"]},{"@type":"Person","@id":"https:\/\/www.eldiario.net\/portal\/#\/schema\/person\/f46445640444750d7d753ccd04ae01b7","name":"Jeanette","image":{"@type":"ImageObject","inLanguage":"es","@id":"https:\/\/secure.gravatar.com\/avatar\/3ea2118a5f7dad2b7138b1187a6b7ee55f160b9968b66013c3a3ef39dd7e5798?s=96&d=mm&r=g","url":"https:\/\/secure.gravatar.com\/avatar\/3ea2118a5f7dad2b7138b1187a6b7ee55f160b9968b66013c3a3ef39dd7e5798?s=96&d=mm&r=g","contentUrl":"https:\/\/secure.gravatar.com\/avatar\/3ea2118a5f7dad2b7138b1187a6b7ee55f160b9968b66013c3a3ef39dd7e5798?s=96&d=mm&r=g","caption":"Jeanette"},"sameAs":["https:\/\/www.eldiario.net\/portal"],"url":"https:\/\/www.eldiario.net\/portal\/author\/jeanette\/"}]}},"_links":{"self":[{"href":"https:\/\/www.eldiario.net\/portal\/wp-json\/wp\/v2\/posts\/221314","targetHints":{"allow":["GET"]}}],"collection":[{"href":"https:\/\/www.eldiario.net\/portal\/wp-json\/wp\/v2\/posts"}],"about":[{"href":"https:\/\/www.eldiario.net\/portal\/wp-json\/wp\/v2\/types\/post"}],"author":[{"embeddable":true,"href":"https:\/\/www.eldiario.net\/portal\/wp-json\/wp\/v2\/users\/1"}],"replies":[{"embeddable":true,"href":"https:\/\/www.eldiario.net\/portal\/wp-json\/wp\/v2\/comments?post=221314"}],"version-history":[{"count":1,"href":"https:\/\/www.eldiario.net\/portal\/wp-json\/wp\/v2\/posts\/221314\/revisions"}],"predecessor-version":[{"id":221315,"href":"https:\/\/www.eldiario.net\/portal\/wp-json\/wp\/v2\/posts\/221314\/revisions\/221315"}],"wp:featuredmedia":[{"embeddable":true,"href":"https:\/\/www.eldiario.net\/portal\/wp-json\/wp\/v2\/media\/194703"}],"wp:attachment":[{"href":"https:\/\/www.eldiario.net\/portal\/wp-json\/wp\/v2\/media?parent=221314"}],"wp:term":[{"taxonomy":"category","embeddable":true,"href":"https:\/\/www.eldiario.net\/portal\/wp-json\/wp\/v2\/categories?post=221314"},{"taxonomy":"post_tag","embeddable":true,"href":"https:\/\/www.eldiario.net\/portal\/wp-json\/wp\/v2\/tags?post=221314"}],"curies":[{"name":"wp","href":"https:\/\/api.w.org\/{rel}","templated":true}]}}