{"id":221311,"date":"2024-05-18T05:10:24","date_gmt":"2024-05-18T09:10:24","guid":{"rendered":"https:\/\/www.eldiario.net\/portal\/?p=221311"},"modified":"2024-05-18T05:10:24","modified_gmt":"2024-05-18T09:10:24","slug":"bolivia-necesita-un-bano-de-realidad","status":"publish","type":"post","link":"https:\/\/www.eldiario.net\/portal\/2024\/05\/18\/bolivia-necesita-un-bano-de-realidad\/","title":{"rendered":"Bolivia necesita un \u201cba\u00f1o de realidad\u201d"},"content":{"rendered":"<p>En medio de un panorama de incertidumbre generalizada en la econom\u00eda y la seguridad jur\u00eddica, la falta de liderazgos y una \u201cjuridicocracia\u201d imperante, el pa\u00eds necesita urgentemente una propuesta pol\u00edtica renovadora que traiga un \u201cba\u00f1o de realidad\u201d y de transparencia para hacer frente la narrativa del \u201cmundo de fantas\u00eda\u201d que mantiene el Gobierno, seg\u00fan analiz\u00f3 el docente, investigador y asesor legal, Oscar E. Villanueva L.<br \/>\n\u201cLes falta una visi\u00f3n realista a los dos bloques, oposici\u00f3n y oficialismo. El oficialismo no es sincero, nos cuenta ese mundo de fantas\u00eda de que todo est\u00e1 perfecto. Por otro lado, la oposici\u00f3n nos habla de una cat\u00e1strofe inminente y que solo falta esperar a que caiga el meteorito para que todo explote\u201d, manifest\u00f3 Villanueva en entrevista exclusiva con EL DIARIO.<br \/>\nEl acad\u00e9mico recalc\u00f3 que ninguna de las fuerzas pol\u00edticas hace una propuesta para el futuro del pa\u00eds. \u201cNos avisan la cat\u00e1strofe, pero es como que estamos corriendo todos hacia el abismo y nadie nos dice c\u00f3mo detenernos. Nos hace falta un realismo. No basta solamente con sacar al Movimiento al Socialismo (MAS) del poder\u201d.<br \/>\n\u201cLa gente est\u00e1 esperando una propuesta que no existe. Mientras nuestros pol\u00edticos se est\u00e1n peleando, la gente dice \u2018dime qu\u00e9 hago, c\u00f3mo vas a solucionar esto si te elijo\u2019. Lo \u00fanico que ha cambiado ha sido la mano de los corruptos que me robaban. Antes era la mano derecha, ahora es la mano izquierda\u201d, sentenci\u00f3.<br \/>\nLuego de preguntar a sus estudiantes sobre qui\u00e9n votar\u00edan si las elecciones fueran en este momento, el docente se\u00f1al\u00f3 que una respuesta recurrente es \u201cno s\u00e9\u201d. Esta incertidumbre estar\u00eda explicada por el hecho de que las actuales figuras pol\u00edticas representan al pasado y no existen verdaderos liderazgos.<br \/>\nPor ello, vaticin\u00f3 que las pr\u00f3ximas elecciones ser\u00e1n vencidas por un l\u00edder que plantee una propuesta pol\u00edtica seria, \u201cque enfrente un futuro de crecimiento\u201d haciendo transparente los aspectos que actualmente no son aclarados por la gesti\u00f3n del jefe de Estado, Luis Arce Catacora.<br \/>\nEn su lectura, existe una profunda \u201cdesilusi\u00f3n\u201d de la poblaci\u00f3n con las fuerzas pol\u00edticas actuales, incluso dentro del MAS. \u201cHay mucho masista que se ha desilusionado, que ya no cree del proceso del cambio. La oposici\u00f3n tiene lo mismo, hemos cre\u00eddo en Creemos, en Comunidad Ciudadana, \u00bfy qu\u00e9 son ahora? Ahora se han desmembrado, entonces hay mucha desilusi\u00f3n, hay mucha decepci\u00f3n\u201d.<br \/>\nSin embargo, pronostic\u00f3 que esta urgente necesidad de un nuevo liderazgo pol\u00edtico dar\u00e1 lugar a un l\u00edder impopular que tendr\u00e1 en sus manos la tarea de cumplir la promesa incumplida del \u201cnuevo pa\u00eds\u201d y ordenar la actual situaci\u00f3n. \u201cEl pr\u00f3ximo presidente tiene que entender que va a ser impopular. Si quiere gobernar y hacer buen gobierno, tiene que ser impopular\u201d, expres\u00f3.<\/p>\n<p>INCERTIDUMBRE MASIFICADA<br \/>\nEl entrevistado reiter\u00f3 que el gobierno de Arce no es sincero con la poblaci\u00f3n y que contin\u00faa generando \u201cruido\u201d dentro de su discurso fantasioso, pues a trav\u00e9s de sus acciones estar\u00eda mostrando una intencionalidad oculta que compromete la seguridad jur\u00eddica y la tranquilidad de la poblaci\u00f3n.<br \/>\nComo ejemplo, cit\u00f3 al tema de la ley que pretende obligar a las personas a pedir una autorizaci\u00f3n al Ministerio de Justicia cuando desee vender sus propiedades. El Gobierno sostuvo que esto busca evitar \u201ccl\u00e1usulas abusivas\u201d en los contratos de preventa.<br \/>\nPara el docente universitario, esta nueva iniciativa es \u201cabsurda\u201d, es \u201cuna clara vulneraci\u00f3n a la propiedad privada\u201d y un puente burocr\u00e1tico innecesario para el ejercicio de un derecho humano, pues en el contexto nacional su aplicaci\u00f3n no ser\u00eda plausible, debido a la excesiva burocracia y la corrupci\u00f3n institucionalizada.<br \/>\nAgreg\u00f3 que el MAS busca desesperadamente conseguir recursos econ\u00f3micos ante la crisis, pues no est\u00e1 siendo transparente ante la poblaci\u00f3n. Esto, sumado a su insistencia en que se aprueben leyes \u201cextra\u00f1as\u201d, genera una situaci\u00f3n \u201cdudosa y turbia\u201d, un \u201cmalestar\u201d en la sociedad marcado por la susceptibilidad y la incertidumbre.<\/p>\n<p>GOBERNADOS POR LA \u201cJURIDICOCRACIA\u201d<br \/>\nOtro aspecto que Villanueva remarc\u00f3 es que Bolivia vive gobernado por la \u201cjuridicocracia\u201d, t\u00e9rmino que se refiere a que el \u00d3rgano Judicial se ha convertido en un \u201celemento de manipulaci\u00f3n\u201d del Ejecutivo, con la intenci\u00f3n de buscar fines contrarios a la ley y contradictorios con la seguridad jur\u00eddica del Estado y los principios elementales del Derecho.<br \/>\nLa \u201cjuridicocracia\u201d se explica con las determinaciones judiciales \u201ca medida\u201d que emiten los magistrados \u201cautoprorrogados\u201d del Tribunal Constitucional Plurinacional (TCP), m\u00e1xima instancia de la Justicia boliviana, en favorecimiento a intereses del \u00d3rgano Ejecutivo.<br \/>\nEl acad\u00e9mico aclar\u00f3 que este sistema viene ejerci\u00e9ndose en otros pa\u00edses. \u201cEn Per\u00fa, el Legislativo ha manipulado totalmente al Tribunal Constitucional, entonces \u00e9ste es totalmente servil; lo ilegal que hace el Legislativo, lo legaliza el Tribunal Constitucional. Ha pasado en Nicaragua y en Venezuela. Estamos yendo por un camino bastante peligroso y muy incierto\u201d.<br \/>\nEn este sentido, agreg\u00f3 que es necesaria una profunda reforma del Estado ante un desgastado modelo en el que el MAS prometi\u00f3 un cambio que nunca lleg\u00f3, pues la poblaci\u00f3n sigue desconfiando de la clase pol\u00edtica y de las mismas instituciones de las que desconfiaba hac\u00eda antes de la hegemon\u00eda masista.<\/p>\n<p>DISCURSO DEL<br \/>\nGOBIERNO<br \/>\nEn contraparte, el Gobierno sostiene que existe una \u201ccampa\u00f1a de desinformaci\u00f3n\u201d para desprestigiar, desestabilizar y \u201cboicotear\u201d su gesti\u00f3n. Tras la derogaci\u00f3n del Decreto Supremo 5143, Arce sostuvo que lo hizo por evitar una \u201cconvulsi\u00f3n social\u201d. Desde la oposici\u00f3n y en coincidencia con Villanueva, esta medida fue vista como una derrota del Presidente.<br \/>\nAsimismo, Arce ha manifestado reiteradamente que existe una alianza entre la vieja y la \u201cnueva derecha\u201d para impedir el crecimiento econ\u00f3mico del pa\u00eds, tanto en el Parlamento como en espacios de la opini\u00f3n p\u00fablica. En reiteradas ocasiones, el Gobierno defendi\u00f3 estas leyes argumentando que se busca dar mejor atenci\u00f3n a la poblaci\u00f3n y evitar dilaci\u00f3n en tr\u00e1mites, negando que se intente atentar contra la propiedad privada.<\/p>\n","protected":false},"excerpt":{"rendered":"<p>En medio de un panorama de incertidumbre generalizada en la econom\u00eda y la seguridad jur\u00eddica, la falta de liderazgos y una \u201cjuridicocracia\u201d imperante, el pa\u00eds necesita urgentemente una propuesta pol\u00edtica renovadora que traiga un \u201cba\u00f1o de realidad\u201d y de transparencia para hacer frente la narrativa del \u201cmundo de fantas\u00eda\u201d que mantiene el Gobierno, seg\u00fan analiz\u00f3 [&hellip;]<\/p>\n","protected":false},"author":1,"featured_media":221312,"comment_status":"open","ping_status":"open","sticky":false,"template":"","format":"standard","meta":{"_acf_changed":false,"footnotes":""},"categories":[39],"tags":[],"class_list":["post-221311","post","type-post","status-publish","format-standard","has-post-thumbnail","category-sociedad"],"acf":{"antetitulo":"Ante discursos fantasiosos del Gobierno"},"yoast_head":"<!-- This site is optimized with the Yoast SEO plugin v28.4 - https:\/\/yoast.com\/product\/yoast-seo-wordpress\/ -->\n<title>Bolivia necesita un \u201cba\u00f1o de realidad\u201d - El Diario - Bolivia<\/title>\n<meta name=\"robots\" content=\"index, follow, max-snippet:-1, max-image-preview:large, max-video-preview:-1\" \/>\n<link rel=\"canonical\" href=\"https:\/\/www.eldiario.net\/portal\/2024\/05\/18\/bolivia-necesita-un-bano-de-realidad\/\" \/>\n<meta property=\"og:locale\" content=\"es_ES\" \/>\n<meta property=\"og:type\" content=\"article\" \/>\n<meta property=\"og:title\" content=\"Bolivia necesita un \u201cba\u00f1o de realidad\u201d - El Diario - Bolivia\" \/>\n<meta property=\"og:description\" content=\"En medio de un panorama de incertidumbre generalizada en la econom\u00eda y la seguridad jur\u00eddica, la falta de liderazgos y una \u201cjuridicocracia\u201d imperante, el pa\u00eds necesita urgentemente una propuesta pol\u00edtica renovadora que traiga un \u201cba\u00f1o de realidad\u201d y de transparencia para hacer frente la narrativa del \u201cmundo de fantas\u00eda\u201d que mantiene el Gobierno, seg\u00fan analiz\u00f3 [&hellip;]\" \/>\n<meta property=\"og:url\" content=\"https:\/\/www.eldiario.net\/portal\/2024\/05\/18\/bolivia-necesita-un-bano-de-realidad\/\" \/>\n<meta property=\"og:site_name\" content=\"El Diario - Bolivia\" \/>\n<meta property=\"article:publisher\" content=\"https:\/\/www.facebook.com\/eldiario.bolivia\/\" \/>\n<meta property=\"article:published_time\" content=\"2024-05-18T09:10:24+00:00\" \/>\n<meta property=\"og:image\" content=\"https:\/\/www.eldiario.net\/portal\/wp-content\/uploads\/2024\/05\/18-VILLAN-scaled.jpeg\" \/>\n\t<meta property=\"og:image:width\" content=\"2560\" \/>\n\t<meta property=\"og:image:height\" content=\"1440\" \/>\n\t<meta property=\"og:image:type\" content=\"image\/jpeg\" \/>\n<meta name=\"author\" content=\"Jeanette\" \/>\n<meta name=\"twitter:card\" content=\"summary_large_image\" \/>\n<meta name=\"twitter:creator\" content=\"@eldiario_net\" \/>\n<meta name=\"twitter:site\" content=\"@eldiario_net\" \/>\n<meta name=\"twitter:label1\" content=\"Escrito por\" \/>\n\t<meta name=\"twitter:data1\" content=\"Jeanette\" \/>\n\t<meta name=\"twitter:label2\" content=\"Tiempo de lectura\" \/>\n\t<meta name=\"twitter:data2\" content=\"5 minutos\" \/>\n<script type=\"application\/ld+json\" class=\"yoast-schema-graph\">{\"@context\":\"https:\\\/\\\/schema.org\",\"@graph\":[{\"@type\":\"Article\",\"@id\":\"https:\\\/\\\/www.eldiario.net\\\/portal\\\/2024\\\/05\\\/18\\\/bolivia-necesita-un-bano-de-realidad\\\/#article\",\"isPartOf\":{\"@id\":\"https:\\\/\\\/www.eldiario.net\\\/portal\\\/2024\\\/05\\\/18\\\/bolivia-necesita-un-bano-de-realidad\\\/\"},\"author\":{\"name\":\"Jeanette\",\"@id\":\"https:\\\/\\\/www.eldiario.net\\\/portal\\\/#\\\/schema\\\/person\\\/f46445640444750d7d753ccd04ae01b7\"},\"headline\":\"Bolivia necesita un \u201cba\u00f1o de realidad\u201d\",\"datePublished\":\"2024-05-18T09:10:24+00:00\",\"mainEntityOfPage\":{\"@id\":\"https:\\\/\\\/www.eldiario.net\\\/portal\\\/2024\\\/05\\\/18\\\/bolivia-necesita-un-bano-de-realidad\\\/\"},\"wordCount\":1043,\"commentCount\":0,\"publisher\":{\"@id\":\"https:\\\/\\\/www.eldiario.net\\\/portal\\\/#organization\"},\"image\":{\"@id\":\"https:\\\/\\\/www.eldiario.net\\\/portal\\\/2024\\\/05\\\/18\\\/bolivia-necesita-un-bano-de-realidad\\\/#primaryimage\"},\"thumbnailUrl\":\"https:\\\/\\\/www.eldiario.net\\\/portal\\\/wp-content\\\/uploads\\\/2024\\\/05\\\/18-VILLAN-scaled.jpeg\",\"articleSection\":[\"Sociedad - Seguridad\"],\"inLanguage\":\"es\",\"potentialAction\":[{\"@type\":\"CommentAction\",\"name\":\"Comment\",\"target\":[\"https:\\\/\\\/www.eldiario.net\\\/portal\\\/2024\\\/05\\\/18\\\/bolivia-necesita-un-bano-de-realidad\\\/#respond\"]}]},{\"@type\":\"WebPage\",\"@id\":\"https:\\\/\\\/www.eldiario.net\\\/portal\\\/2024\\\/05\\\/18\\\/bolivia-necesita-un-bano-de-realidad\\\/\",\"url\":\"https:\\\/\\\/www.eldiario.net\\\/portal\\\/2024\\\/05\\\/18\\\/bolivia-necesita-un-bano-de-realidad\\\/\",\"name\":\"Bolivia necesita un \u201cba\u00f1o de realidad\u201d - El Diario - Bolivia\",\"isPartOf\":{\"@id\":\"https:\\\/\\\/www.eldiario.net\\\/portal\\\/#website\"},\"primaryImageOfPage\":{\"@id\":\"https:\\\/\\\/www.eldiario.net\\\/portal\\\/2024\\\/05\\\/18\\\/bolivia-necesita-un-bano-de-realidad\\\/#primaryimage\"},\"image\":{\"@id\":\"https:\\\/\\\/www.eldiario.net\\\/portal\\\/2024\\\/05\\\/18\\\/bolivia-necesita-un-bano-de-realidad\\\/#primaryimage\"},\"thumbnailUrl\":\"https:\\\/\\\/www.eldiario.net\\\/portal\\\/wp-content\\\/uploads\\\/2024\\\/05\\\/18-VILLAN-scaled.jpeg\",\"datePublished\":\"2024-05-18T09:10:24+00:00\",\"breadcrumb\":{\"@id\":\"https:\\\/\\\/www.eldiario.net\\\/portal\\\/2024\\\/05\\\/18\\\/bolivia-necesita-un-bano-de-realidad\\\/#breadcrumb\"},\"inLanguage\":\"es\",\"potentialAction\":[{\"@type\":\"ReadAction\",\"target\":[\"https:\\\/\\\/www.eldiario.net\\\/portal\\\/2024\\\/05\\\/18\\\/bolivia-necesita-un-bano-de-realidad\\\/\"]}]},{\"@type\":\"ImageObject\",\"inLanguage\":\"es\",\"@id\":\"https:\\\/\\\/www.eldiario.net\\\/portal\\\/2024\\\/05\\\/18\\\/bolivia-necesita-un-bano-de-realidad\\\/#primaryimage\",\"url\":\"https:\\\/\\\/www.eldiario.net\\\/portal\\\/wp-content\\\/uploads\\\/2024\\\/05\\\/18-VILLAN-scaled.jpeg\",\"contentUrl\":\"https:\\\/\\\/www.eldiario.net\\\/portal\\\/wp-content\\\/uploads\\\/2024\\\/05\\\/18-VILLAN-scaled.jpeg\",\"width\":2560,\"height\":1440,\"caption\":\"El docente, investigador y asesor legal, Oscar Villanueva.\"},{\"@type\":\"BreadcrumbList\",\"@id\":\"https:\\\/\\\/www.eldiario.net\\\/portal\\\/2024\\\/05\\\/18\\\/bolivia-necesita-un-bano-de-realidad\\\/#breadcrumb\",\"itemListElement\":[{\"@type\":\"ListItem\",\"position\":1,\"name\":\"Portada\",\"item\":\"https:\\\/\\\/www.eldiario.net\\\/portal\\\/\"},{\"@type\":\"ListItem\",\"position\":2,\"name\":\"Bolivia necesita un \u201cba\u00f1o de realidad\u201d\"}]},{\"@type\":\"WebSite\",\"@id\":\"https:\\\/\\\/www.eldiario.net\\\/portal\\\/#website\",\"url\":\"https:\\\/\\\/www.eldiario.net\\\/portal\\\/\",\"name\":\"El Diario - Decano de la prensa nacional\",\"description\":\"El Diario - Decano de la prensa nacional\",\"publisher\":{\"@id\":\"https:\\\/\\\/www.eldiario.net\\\/portal\\\/#organization\"},\"potentialAction\":[{\"@type\":\"SearchAction\",\"target\":{\"@type\":\"EntryPoint\",\"urlTemplate\":\"https:\\\/\\\/www.eldiario.net\\\/portal\\\/?s={search_term_string}\"},\"query-input\":{\"@type\":\"PropertyValueSpecification\",\"valueRequired\":true,\"valueName\":\"search_term_string\"}}],\"inLanguage\":\"es\"},{\"@type\":\"Organization\",\"@id\":\"https:\\\/\\\/www.eldiario.net\\\/portal\\\/#organization\",\"name\":\"El Diario - Decano de la prensa nacional\",\"url\":\"https:\\\/\\\/www.eldiario.net\\\/portal\\\/\",\"logo\":{\"@type\":\"ImageObject\",\"inLanguage\":\"es\",\"@id\":\"https:\\\/\\\/www.eldiario.net\\\/portal\\\/#\\\/schema\\\/logo\\\/image\\\/\",\"url\":\"https:\\\/\\\/www.eldiario.net\\\/portal\\\/wp-content\\\/uploads\\\/2023\\\/07\\\/logo_ED.jpg\",\"contentUrl\":\"https:\\\/\\\/www.eldiario.net\\\/portal\\\/wp-content\\\/uploads\\\/2023\\\/07\\\/logo_ED.jpg\",\"width\":272,\"height\":52,\"caption\":\"El Diario - Decano de la prensa nacional\"},\"image\":{\"@id\":\"https:\\\/\\\/www.eldiario.net\\\/portal\\\/#\\\/schema\\\/logo\\\/image\\\/\"},\"sameAs\":[\"https:\\\/\\\/www.facebook.com\\\/eldiario.bolivia\\\/\",\"https:\\\/\\\/x.com\\\/eldiario_net\"]},{\"@type\":\"Person\",\"@id\":\"https:\\\/\\\/www.eldiario.net\\\/portal\\\/#\\\/schema\\\/person\\\/f46445640444750d7d753ccd04ae01b7\",\"name\":\"Jeanette\",\"image\":{\"@type\":\"ImageObject\",\"inLanguage\":\"es\",\"@id\":\"https:\\\/\\\/secure.gravatar.com\\\/avatar\\\/3ea2118a5f7dad2b7138b1187a6b7ee55f160b9968b66013c3a3ef39dd7e5798?s=96&d=mm&r=g\",\"url\":\"https:\\\/\\\/secure.gravatar.com\\\/avatar\\\/3ea2118a5f7dad2b7138b1187a6b7ee55f160b9968b66013c3a3ef39dd7e5798?s=96&d=mm&r=g\",\"contentUrl\":\"https:\\\/\\\/secure.gravatar.com\\\/avatar\\\/3ea2118a5f7dad2b7138b1187a6b7ee55f160b9968b66013c3a3ef39dd7e5798?s=96&d=mm&r=g\",\"caption\":\"Jeanette\"},\"sameAs\":[\"https:\\\/\\\/www.eldiario.net\\\/portal\"],\"url\":\"https:\\\/\\\/www.eldiario.net\\\/portal\\\/author\\\/jeanette\\\/\"}]}<\/script>\n<!-- \/ Yoast SEO plugin. -->","yoast_head_json":{"title":"Bolivia necesita un \u201cba\u00f1o de realidad\u201d - El Diario - Bolivia","robots":{"index":"index","follow":"follow","max-snippet":"max-snippet:-1","max-image-preview":"max-image-preview:large","max-video-preview":"max-video-preview:-1"},"canonical":"https:\/\/www.eldiario.net\/portal\/2024\/05\/18\/bolivia-necesita-un-bano-de-realidad\/","og_locale":"es_ES","og_type":"article","og_title":"Bolivia necesita un \u201cba\u00f1o de realidad\u201d - El Diario - Bolivia","og_description":"En medio de un panorama de incertidumbre generalizada en la econom\u00eda y la seguridad jur\u00eddica, la falta de liderazgos y una \u201cjuridicocracia\u201d imperante, el pa\u00eds necesita urgentemente una propuesta pol\u00edtica renovadora que traiga un \u201cba\u00f1o de realidad\u201d y de transparencia para hacer frente la narrativa del \u201cmundo de fantas\u00eda\u201d que mantiene el Gobierno, seg\u00fan analiz\u00f3 [&hellip;]","og_url":"https:\/\/www.eldiario.net\/portal\/2024\/05\/18\/bolivia-necesita-un-bano-de-realidad\/","og_site_name":"El Diario - Bolivia","article_publisher":"https:\/\/www.facebook.com\/eldiario.bolivia\/","article_published_time":"2024-05-18T09:10:24+00:00","og_image":[{"width":2560,"height":1440,"url":"https:\/\/www.eldiario.net\/portal\/wp-content\/uploads\/2024\/05\/18-VILLAN-scaled.jpeg","type":"image\/jpeg"}],"author":"Jeanette","twitter_card":"summary_large_image","twitter_creator":"@eldiario_net","twitter_site":"@eldiario_net","twitter_misc":{"Escrito por":"Jeanette","Tiempo de lectura":"5 minutos"},"schema":{"@context":"https:\/\/schema.org","@graph":[{"@type":"Article","@id":"https:\/\/www.eldiario.net\/portal\/2024\/05\/18\/bolivia-necesita-un-bano-de-realidad\/#article","isPartOf":{"@id":"https:\/\/www.eldiario.net\/portal\/2024\/05\/18\/bolivia-necesita-un-bano-de-realidad\/"},"author":{"name":"Jeanette","@id":"https:\/\/www.eldiario.net\/portal\/#\/schema\/person\/f46445640444750d7d753ccd04ae01b7"},"headline":"Bolivia necesita un \u201cba\u00f1o de realidad\u201d","datePublished":"2024-05-18T09:10:24+00:00","mainEntityOfPage":{"@id":"https:\/\/www.eldiario.net\/portal\/2024\/05\/18\/bolivia-necesita-un-bano-de-realidad\/"},"wordCount":1043,"commentCount":0,"publisher":{"@id":"https:\/\/www.eldiario.net\/portal\/#organization"},"image":{"@id":"https:\/\/www.eldiario.net\/portal\/2024\/05\/18\/bolivia-necesita-un-bano-de-realidad\/#primaryimage"},"thumbnailUrl":"https:\/\/www.eldiario.net\/portal\/wp-content\/uploads\/2024\/05\/18-VILLAN-scaled.jpeg","articleSection":["Sociedad - Seguridad"],"inLanguage":"es","potentialAction":[{"@type":"CommentAction","name":"Comment","target":["https:\/\/www.eldiario.net\/portal\/2024\/05\/18\/bolivia-necesita-un-bano-de-realidad\/#respond"]}]},{"@type":"WebPage","@id":"https:\/\/www.eldiario.net\/portal\/2024\/05\/18\/bolivia-necesita-un-bano-de-realidad\/","url":"https:\/\/www.eldiario.net\/portal\/2024\/05\/18\/bolivia-necesita-un-bano-de-realidad\/","name":"Bolivia necesita un \u201cba\u00f1o de realidad\u201d - El Diario - Bolivia","isPartOf":{"@id":"https:\/\/www.eldiario.net\/portal\/#website"},"primaryImageOfPage":{"@id":"https:\/\/www.eldiario.net\/portal\/2024\/05\/18\/bolivia-necesita-un-bano-de-realidad\/#primaryimage"},"image":{"@id":"https:\/\/www.eldiario.net\/portal\/2024\/05\/18\/bolivia-necesita-un-bano-de-realidad\/#primaryimage"},"thumbnailUrl":"https:\/\/www.eldiario.net\/portal\/wp-content\/uploads\/2024\/05\/18-VILLAN-scaled.jpeg","datePublished":"2024-05-18T09:10:24+00:00","breadcrumb":{"@id":"https:\/\/www.eldiario.net\/portal\/2024\/05\/18\/bolivia-necesita-un-bano-de-realidad\/#breadcrumb"},"inLanguage":"es","potentialAction":[{"@type":"ReadAction","target":["https:\/\/www.eldiario.net\/portal\/2024\/05\/18\/bolivia-necesita-un-bano-de-realidad\/"]}]},{"@type":"ImageObject","inLanguage":"es","@id":"https:\/\/www.eldiario.net\/portal\/2024\/05\/18\/bolivia-necesita-un-bano-de-realidad\/#primaryimage","url":"https:\/\/www.eldiario.net\/portal\/wp-content\/uploads\/2024\/05\/18-VILLAN-scaled.jpeg","contentUrl":"https:\/\/www.eldiario.net\/portal\/wp-content\/uploads\/2024\/05\/18-VILLAN-scaled.jpeg","width":2560,"height":1440,"caption":"El docente, investigador y asesor legal, Oscar Villanueva."},{"@type":"BreadcrumbList","@id":"https:\/\/www.eldiario.net\/portal\/2024\/05\/18\/bolivia-necesita-un-bano-de-realidad\/#breadcrumb","itemListElement":[{"@type":"ListItem","position":1,"name":"Portada","item":"https:\/\/www.eldiario.net\/portal\/"},{"@type":"ListItem","position":2,"name":"Bolivia necesita un \u201cba\u00f1o de realidad\u201d"}]},{"@type":"WebSite","@id":"https:\/\/www.eldiario.net\/portal\/#website","url":"https:\/\/www.eldiario.net\/portal\/","name":"El Diario - Decano de la prensa nacional","description":"El Diario - Decano de la prensa nacional","publisher":{"@id":"https:\/\/www.eldiario.net\/portal\/#organization"},"potentialAction":[{"@type":"SearchAction","target":{"@type":"EntryPoint","urlTemplate":"https:\/\/www.eldiario.net\/portal\/?s={search_term_string}"},"query-input":{"@type":"PropertyValueSpecification","valueRequired":true,"valueName":"search_term_string"}}],"inLanguage":"es"},{"@type":"Organization","@id":"https:\/\/www.eldiario.net\/portal\/#organization","name":"El Diario - Decano de la prensa nacional","url":"https:\/\/www.eldiario.net\/portal\/","logo":{"@type":"ImageObject","inLanguage":"es","@id":"https:\/\/www.eldiario.net\/portal\/#\/schema\/logo\/image\/","url":"https:\/\/www.eldiario.net\/portal\/wp-content\/uploads\/2023\/07\/logo_ED.jpg","contentUrl":"https:\/\/www.eldiario.net\/portal\/wp-content\/uploads\/2023\/07\/logo_ED.jpg","width":272,"height":52,"caption":"El Diario - Decano de la prensa nacional"},"image":{"@id":"https:\/\/www.eldiario.net\/portal\/#\/schema\/logo\/image\/"},"sameAs":["https:\/\/www.facebook.com\/eldiario.bolivia\/","https:\/\/x.com\/eldiario_net"]},{"@type":"Person","@id":"https:\/\/www.eldiario.net\/portal\/#\/schema\/person\/f46445640444750d7d753ccd04ae01b7","name":"Jeanette","image":{"@type":"ImageObject","inLanguage":"es","@id":"https:\/\/secure.gravatar.com\/avatar\/3ea2118a5f7dad2b7138b1187a6b7ee55f160b9968b66013c3a3ef39dd7e5798?s=96&d=mm&r=g","url":"https:\/\/secure.gravatar.com\/avatar\/3ea2118a5f7dad2b7138b1187a6b7ee55f160b9968b66013c3a3ef39dd7e5798?s=96&d=mm&r=g","contentUrl":"https:\/\/secure.gravatar.com\/avatar\/3ea2118a5f7dad2b7138b1187a6b7ee55f160b9968b66013c3a3ef39dd7e5798?s=96&d=mm&r=g","caption":"Jeanette"},"sameAs":["https:\/\/www.eldiario.net\/portal"],"url":"https:\/\/www.eldiario.net\/portal\/author\/jeanette\/"}]}},"_links":{"self":[{"href":"https:\/\/www.eldiario.net\/portal\/wp-json\/wp\/v2\/posts\/221311","targetHints":{"allow":["GET"]}}],"collection":[{"href":"https:\/\/www.eldiario.net\/portal\/wp-json\/wp\/v2\/posts"}],"about":[{"href":"https:\/\/www.eldiario.net\/portal\/wp-json\/wp\/v2\/types\/post"}],"author":[{"embeddable":true,"href":"https:\/\/www.eldiario.net\/portal\/wp-json\/wp\/v2\/users\/1"}],"replies":[{"embeddable":true,"href":"https:\/\/www.eldiario.net\/portal\/wp-json\/wp\/v2\/comments?post=221311"}],"version-history":[{"count":1,"href":"https:\/\/www.eldiario.net\/portal\/wp-json\/wp\/v2\/posts\/221311\/revisions"}],"predecessor-version":[{"id":221313,"href":"https:\/\/www.eldiario.net\/portal\/wp-json\/wp\/v2\/posts\/221311\/revisions\/221313"}],"wp:featuredmedia":[{"embeddable":true,"href":"https:\/\/www.eldiario.net\/portal\/wp-json\/wp\/v2\/media\/221312"}],"wp:attachment":[{"href":"https:\/\/www.eldiario.net\/portal\/wp-json\/wp\/v2\/media?parent=221311"}],"wp:term":[{"taxonomy":"category","embeddable":true,"href":"https:\/\/www.eldiario.net\/portal\/wp-json\/wp\/v2\/categories?post=221311"},{"taxonomy":"post_tag","embeddable":true,"href":"https:\/\/www.eldiario.net\/portal\/wp-json\/wp\/v2\/tags?post=221311"}],"curies":[{"name":"wp","href":"https:\/\/api.w.org\/{rel}","templated":true}]}}