{"id":221308,"date":"2024-05-18T05:09:34","date_gmt":"2024-05-18T09:09:34","guid":{"rendered":"https:\/\/www.eldiario.net\/portal\/?p=221308"},"modified":"2024-05-18T05:09:34","modified_gmt":"2024-05-18T09:09:34","slug":"periodistas-indignados-con-policia-que-intento-negociar-por-agresiones","status":"publish","type":"post","link":"https:\/\/www.eldiario.net\/portal\/2024\/05\/18\/periodistas-indignados-con-policia-que-intento-negociar-por-agresiones\/","title":{"rendered":"Periodistas indignados con polic\u00eda que intent\u00f3 negociar por agresiones"},"content":{"rendered":"<p>La Asociaci\u00f3n Nacional de Periodistas de Bolivia (ANPB) y las nueve asociaciones departamentales de periodistas del pa\u00eds expresaron su indignaci\u00f3n ante la propuesta de un oficial de la Polic\u00eda Boliviana de negociar, con dos periodistas, la suspensi\u00f3n de una imputaci\u00f3n en su contra por los delitos de lesiones graves y leves y atentado a la libertad de prensa.<br \/>\nLa propuesta, calificada como \u201cinaudita e indignante\u201d, ocurri\u00f3 el 15 de mayo durante una audiencia de conciliaci\u00f3n en la que el teniente, V\u00edctor Hugo Santelices, ofreci\u00f3 pagar la suma de 100 d\u00f3lares a los periodistas, Miguel \u00c1ngel Rivero y Joel Orellana, para que dejen sin efecto la querella interpuesta por la violencia que ejerci\u00f3 contra ellos el 1 de enero de 2023 en la ciudad de Santa Cruz, mientras desempe\u00f1aban su trabajo de cobertura.<br \/>\nSantelices fue plenamente identificado como autor de la agresi\u00f3n f\u00edsica contra los periodistas. Protegiendo esta actividad delictiva, la Direcci\u00f3n Nacional de Inteligencia de la Polic\u00eda Boliviana (Didipi) declar\u00f3 la extinci\u00f3n del caso y descart\u00f3 cualquier tipo de sanci\u00f3n interna prevista en el reglamento disciplinario de la instituci\u00f3n del orden. Sin embargo, fue imputado por la Fiscal\u00eda por lesiones graves y leves por atentar contra la libertad de prensa y por ser considerado un peligro para la sociedad.<br \/>\nLas asociaciones representantes del periodismo local expresaron que la oferta de \u201cnegociaci\u00f3n\u201d hecha por el uniformado, para evitar el proceso en su contra, \u201cconstituye una afrenta inaceptable, mella la dignidad de las y los periodistas y vulnera el derecho a la libertad de expresi\u00f3n y de prensa\u201d.<br \/>\nAsimismo, aseveraron que la vida e integridad f\u00edsica de los periodistas son \u201cinnegociables\u201d. Citaron el art\u00edculo 15 de la Carta Magna, el cual dicta que \u201ctoda persona tiene derecho a la vida y a la integridad f\u00edsica, psicol\u00f3gica y sexual. Nadie ser\u00e1 torturado, ni sufrir\u00e1 tratos crueles, inhumanos, degradantes o humillantes\u201d.<br \/>\n\u201cExigimos reparaci\u00f3n y justicia. Respaldamos plenamente la demanda interpuesta contra el teniente, V\u00edctor Hugo Santelices. No podemos permitir que la impunidad naturalice la violencia y deje sin sanci\u00f3n a quienes cometen delitos contra las y los periodistas\u201d, se lee en un comunicado de la ANPB.<\/p>\n","protected":false},"excerpt":{"rendered":"<p>La Asociaci\u00f3n Nacional de Periodistas de Bolivia (ANPB) y las nueve asociaciones departamentales de periodistas del pa\u00eds expresaron su indignaci\u00f3n ante la propuesta de un oficial de la Polic\u00eda Boliviana de negociar, con dos periodistas, la suspensi\u00f3n de una imputaci\u00f3n en su contra por los delitos de lesiones graves y leves y atentado a la [&hellip;]<\/p>\n","protected":false},"author":1,"featured_media":221309,"comment_status":"open","ping_status":"open","sticky":false,"template":"","format":"standard","meta":{"_acf_changed":false,"footnotes":""},"categories":[39],"tags":[],"class_list":["post-221308","post","type-post","status-publish","format-standard","has-post-thumbnail","category-sociedad"],"acf":{"antetitulo":"Ofreci\u00f3 $us 100 d\u00f3lares por evitar imputaci\u00f3n"},"yoast_head":"<!-- This site is optimized with the Yoast SEO plugin v28.4 - https:\/\/yoast.com\/product\/yoast-seo-wordpress\/ -->\n<title>Periodistas indignados con polic\u00eda que intent\u00f3 negociar por agresiones - El Diario - Bolivia<\/title>\n<meta name=\"robots\" content=\"index, follow, max-snippet:-1, max-image-preview:large, max-video-preview:-1\" \/>\n<link rel=\"canonical\" href=\"https:\/\/www.eldiario.net\/portal\/2024\/05\/18\/periodistas-indignados-con-policia-que-intento-negociar-por-agresiones\/\" \/>\n<meta property=\"og:locale\" content=\"es_ES\" \/>\n<meta property=\"og:type\" content=\"article\" \/>\n<meta property=\"og:title\" content=\"Periodistas indignados con polic\u00eda que intent\u00f3 negociar por agresiones - El Diario - Bolivia\" \/>\n<meta property=\"og:description\" content=\"La Asociaci\u00f3n Nacional de Periodistas de Bolivia (ANPB) y las nueve asociaciones departamentales de periodistas del pa\u00eds expresaron su indignaci\u00f3n ante la propuesta de un oficial de la Polic\u00eda Boliviana de negociar, con dos periodistas, la suspensi\u00f3n de una imputaci\u00f3n en su contra por los delitos de lesiones graves y leves y atentado a la [&hellip;]\" \/>\n<meta property=\"og:url\" content=\"https:\/\/www.eldiario.net\/portal\/2024\/05\/18\/periodistas-indignados-con-policia-que-intento-negociar-por-agresiones\/\" \/>\n<meta property=\"og:site_name\" content=\"El Diario - Bolivia\" \/>\n<meta property=\"article:publisher\" content=\"https:\/\/www.facebook.com\/eldiario.bolivia\/\" \/>\n<meta property=\"article:published_time\" content=\"2024-05-18T09:09:34+00:00\" \/>\n<meta property=\"og:image\" content=\"https:\/\/www.eldiario.net\/portal\/wp-content\/uploads\/2024\/05\/18-AGR.jpg\" \/>\n\t<meta property=\"og:image:width\" content=\"770\" \/>\n\t<meta property=\"og:image:height\" content=\"430\" \/>\n\t<meta property=\"og:image:type\" content=\"image\/jpeg\" \/>\n<meta name=\"author\" content=\"Jeanette\" \/>\n<meta name=\"twitter:card\" content=\"summary_large_image\" \/>\n<meta name=\"twitter:creator\" content=\"@eldiario_net\" \/>\n<meta name=\"twitter:site\" content=\"@eldiario_net\" \/>\n<meta name=\"twitter:label1\" content=\"Escrito por\" \/>\n\t<meta name=\"twitter:data1\" content=\"Jeanette\" \/>\n\t<meta name=\"twitter:label2\" content=\"Tiempo de lectura\" \/>\n\t<meta name=\"twitter:data2\" content=\"2 minutos\" \/>\n<script type=\"application\/ld+json\" class=\"yoast-schema-graph\">{\"@context\":\"https:\\\/\\\/schema.org\",\"@graph\":[{\"@type\":\"Article\",\"@id\":\"https:\\\/\\\/www.eldiario.net\\\/portal\\\/2024\\\/05\\\/18\\\/periodistas-indignados-con-policia-que-intento-negociar-por-agresiones\\\/#article\",\"isPartOf\":{\"@id\":\"https:\\\/\\\/www.eldiario.net\\\/portal\\\/2024\\\/05\\\/18\\\/periodistas-indignados-con-policia-que-intento-negociar-por-agresiones\\\/\"},\"author\":{\"name\":\"Jeanette\",\"@id\":\"https:\\\/\\\/www.eldiario.net\\\/portal\\\/#\\\/schema\\\/person\\\/f46445640444750d7d753ccd04ae01b7\"},\"headline\":\"Periodistas indignados con polic\u00eda que intent\u00f3 negociar por agresiones\",\"datePublished\":\"2024-05-18T09:09:34+00:00\",\"mainEntityOfPage\":{\"@id\":\"https:\\\/\\\/www.eldiario.net\\\/portal\\\/2024\\\/05\\\/18\\\/periodistas-indignados-con-policia-que-intento-negociar-por-agresiones\\\/\"},\"wordCount\":384,\"commentCount\":0,\"publisher\":{\"@id\":\"https:\\\/\\\/www.eldiario.net\\\/portal\\\/#organization\"},\"image\":{\"@id\":\"https:\\\/\\\/www.eldiario.net\\\/portal\\\/2024\\\/05\\\/18\\\/periodistas-indignados-con-policia-que-intento-negociar-por-agresiones\\\/#primaryimage\"},\"thumbnailUrl\":\"https:\\\/\\\/www.eldiario.net\\\/portal\\\/wp-content\\\/uploads\\\/2024\\\/05\\\/18-AGR.jpg\",\"articleSection\":[\"Sociedad - Seguridad\"],\"inLanguage\":\"es\",\"potentialAction\":[{\"@type\":\"CommentAction\",\"name\":\"Comment\",\"target\":[\"https:\\\/\\\/www.eldiario.net\\\/portal\\\/2024\\\/05\\\/18\\\/periodistas-indignados-con-policia-que-intento-negociar-por-agresiones\\\/#respond\"]}]},{\"@type\":\"WebPage\",\"@id\":\"https:\\\/\\\/www.eldiario.net\\\/portal\\\/2024\\\/05\\\/18\\\/periodistas-indignados-con-policia-que-intento-negociar-por-agresiones\\\/\",\"url\":\"https:\\\/\\\/www.eldiario.net\\\/portal\\\/2024\\\/05\\\/18\\\/periodistas-indignados-con-policia-que-intento-negociar-por-agresiones\\\/\",\"name\":\"Periodistas indignados con polic\u00eda que intent\u00f3 negociar por agresiones - El Diario - Bolivia\",\"isPartOf\":{\"@id\":\"https:\\\/\\\/www.eldiario.net\\\/portal\\\/#website\"},\"primaryImageOfPage\":{\"@id\":\"https:\\\/\\\/www.eldiario.net\\\/portal\\\/2024\\\/05\\\/18\\\/periodistas-indignados-con-policia-que-intento-negociar-por-agresiones\\\/#primaryimage\"},\"image\":{\"@id\":\"https:\\\/\\\/www.eldiario.net\\\/portal\\\/2024\\\/05\\\/18\\\/periodistas-indignados-con-policia-que-intento-negociar-por-agresiones\\\/#primaryimage\"},\"thumbnailUrl\":\"https:\\\/\\\/www.eldiario.net\\\/portal\\\/wp-content\\\/uploads\\\/2024\\\/05\\\/18-AGR.jpg\",\"datePublished\":\"2024-05-18T09:09:34+00:00\",\"breadcrumb\":{\"@id\":\"https:\\\/\\\/www.eldiario.net\\\/portal\\\/2024\\\/05\\\/18\\\/periodistas-indignados-con-policia-que-intento-negociar-por-agresiones\\\/#breadcrumb\"},\"inLanguage\":\"es\",\"potentialAction\":[{\"@type\":\"ReadAction\",\"target\":[\"https:\\\/\\\/www.eldiario.net\\\/portal\\\/2024\\\/05\\\/18\\\/periodistas-indignados-con-policia-que-intento-negociar-por-agresiones\\\/\"]}]},{\"@type\":\"ImageObject\",\"inLanguage\":\"es\",\"@id\":\"https:\\\/\\\/www.eldiario.net\\\/portal\\\/2024\\\/05\\\/18\\\/periodistas-indignados-con-policia-que-intento-negociar-por-agresiones\\\/#primaryimage\",\"url\":\"https:\\\/\\\/www.eldiario.net\\\/portal\\\/wp-content\\\/uploads\\\/2024\\\/05\\\/18-AGR.jpg\",\"contentUrl\":\"https:\\\/\\\/www.eldiario.net\\\/portal\\\/wp-content\\\/uploads\\\/2024\\\/05\\\/18-AGR.jpg\",\"width\":770,\"height\":430,\"caption\":\"Un periodista es agredido por elementos policiales.\"},{\"@type\":\"BreadcrumbList\",\"@id\":\"https:\\\/\\\/www.eldiario.net\\\/portal\\\/2024\\\/05\\\/18\\\/periodistas-indignados-con-policia-que-intento-negociar-por-agresiones\\\/#breadcrumb\",\"itemListElement\":[{\"@type\":\"ListItem\",\"position\":1,\"name\":\"Portada\",\"item\":\"https:\\\/\\\/www.eldiario.net\\\/portal\\\/\"},{\"@type\":\"ListItem\",\"position\":2,\"name\":\"Periodistas indignados con polic\u00eda que intent\u00f3 negociar por agresiones\"}]},{\"@type\":\"WebSite\",\"@id\":\"https:\\\/\\\/www.eldiario.net\\\/portal\\\/#website\",\"url\":\"https:\\\/\\\/www.eldiario.net\\\/portal\\\/\",\"name\":\"El Diario - Decano de la prensa nacional\",\"description\":\"El Diario - Decano de la prensa nacional\",\"publisher\":{\"@id\":\"https:\\\/\\\/www.eldiario.net\\\/portal\\\/#organization\"},\"potentialAction\":[{\"@type\":\"SearchAction\",\"target\":{\"@type\":\"EntryPoint\",\"urlTemplate\":\"https:\\\/\\\/www.eldiario.net\\\/portal\\\/?s={search_term_string}\"},\"query-input\":{\"@type\":\"PropertyValueSpecification\",\"valueRequired\":true,\"valueName\":\"search_term_string\"}}],\"inLanguage\":\"es\"},{\"@type\":\"Organization\",\"@id\":\"https:\\\/\\\/www.eldiario.net\\\/portal\\\/#organization\",\"name\":\"El Diario - Decano de la prensa nacional\",\"url\":\"https:\\\/\\\/www.eldiario.net\\\/portal\\\/\",\"logo\":{\"@type\":\"ImageObject\",\"inLanguage\":\"es\",\"@id\":\"https:\\\/\\\/www.eldiario.net\\\/portal\\\/#\\\/schema\\\/logo\\\/image\\\/\",\"url\":\"https:\\\/\\\/www.eldiario.net\\\/portal\\\/wp-content\\\/uploads\\\/2023\\\/07\\\/logo_ED.jpg\",\"contentUrl\":\"https:\\\/\\\/www.eldiario.net\\\/portal\\\/wp-content\\\/uploads\\\/2023\\\/07\\\/logo_ED.jpg\",\"width\":272,\"height\":52,\"caption\":\"El Diario - Decano de la prensa nacional\"},\"image\":{\"@id\":\"https:\\\/\\\/www.eldiario.net\\\/portal\\\/#\\\/schema\\\/logo\\\/image\\\/\"},\"sameAs\":[\"https:\\\/\\\/www.facebook.com\\\/eldiario.bolivia\\\/\",\"https:\\\/\\\/x.com\\\/eldiario_net\"]},{\"@type\":\"Person\",\"@id\":\"https:\\\/\\\/www.eldiario.net\\\/portal\\\/#\\\/schema\\\/person\\\/f46445640444750d7d753ccd04ae01b7\",\"name\":\"Jeanette\",\"image\":{\"@type\":\"ImageObject\",\"inLanguage\":\"es\",\"@id\":\"https:\\\/\\\/secure.gravatar.com\\\/avatar\\\/3ea2118a5f7dad2b7138b1187a6b7ee55f160b9968b66013c3a3ef39dd7e5798?s=96&d=mm&r=g\",\"url\":\"https:\\\/\\\/secure.gravatar.com\\\/avatar\\\/3ea2118a5f7dad2b7138b1187a6b7ee55f160b9968b66013c3a3ef39dd7e5798?s=96&d=mm&r=g\",\"contentUrl\":\"https:\\\/\\\/secure.gravatar.com\\\/avatar\\\/3ea2118a5f7dad2b7138b1187a6b7ee55f160b9968b66013c3a3ef39dd7e5798?s=96&d=mm&r=g\",\"caption\":\"Jeanette\"},\"sameAs\":[\"https:\\\/\\\/www.eldiario.net\\\/portal\"],\"url\":\"https:\\\/\\\/www.eldiario.net\\\/portal\\\/author\\\/jeanette\\\/\"}]}<\/script>\n<!-- \/ Yoast SEO plugin. -->","yoast_head_json":{"title":"Periodistas indignados con polic\u00eda que intent\u00f3 negociar por agresiones - El Diario - Bolivia","robots":{"index":"index","follow":"follow","max-snippet":"max-snippet:-1","max-image-preview":"max-image-preview:large","max-video-preview":"max-video-preview:-1"},"canonical":"https:\/\/www.eldiario.net\/portal\/2024\/05\/18\/periodistas-indignados-con-policia-que-intento-negociar-por-agresiones\/","og_locale":"es_ES","og_type":"article","og_title":"Periodistas indignados con polic\u00eda que intent\u00f3 negociar por agresiones - El Diario - Bolivia","og_description":"La Asociaci\u00f3n Nacional de Periodistas de Bolivia (ANPB) y las nueve asociaciones departamentales de periodistas del pa\u00eds expresaron su indignaci\u00f3n ante la propuesta de un oficial de la Polic\u00eda Boliviana de negociar, con dos periodistas, la suspensi\u00f3n de una imputaci\u00f3n en su contra por los delitos de lesiones graves y leves y atentado a la [&hellip;]","og_url":"https:\/\/www.eldiario.net\/portal\/2024\/05\/18\/periodistas-indignados-con-policia-que-intento-negociar-por-agresiones\/","og_site_name":"El Diario - Bolivia","article_publisher":"https:\/\/www.facebook.com\/eldiario.bolivia\/","article_published_time":"2024-05-18T09:09:34+00:00","og_image":[{"width":770,"height":430,"url":"https:\/\/www.eldiario.net\/portal\/wp-content\/uploads\/2024\/05\/18-AGR.jpg","type":"image\/jpeg"}],"author":"Jeanette","twitter_card":"summary_large_image","twitter_creator":"@eldiario_net","twitter_site":"@eldiario_net","twitter_misc":{"Escrito por":"Jeanette","Tiempo de lectura":"2 minutos"},"schema":{"@context":"https:\/\/schema.org","@graph":[{"@type":"Article","@id":"https:\/\/www.eldiario.net\/portal\/2024\/05\/18\/periodistas-indignados-con-policia-que-intento-negociar-por-agresiones\/#article","isPartOf":{"@id":"https:\/\/www.eldiario.net\/portal\/2024\/05\/18\/periodistas-indignados-con-policia-que-intento-negociar-por-agresiones\/"},"author":{"name":"Jeanette","@id":"https:\/\/www.eldiario.net\/portal\/#\/schema\/person\/f46445640444750d7d753ccd04ae01b7"},"headline":"Periodistas indignados con polic\u00eda que intent\u00f3 negociar por agresiones","datePublished":"2024-05-18T09:09:34+00:00","mainEntityOfPage":{"@id":"https:\/\/www.eldiario.net\/portal\/2024\/05\/18\/periodistas-indignados-con-policia-que-intento-negociar-por-agresiones\/"},"wordCount":384,"commentCount":0,"publisher":{"@id":"https:\/\/www.eldiario.net\/portal\/#organization"},"image":{"@id":"https:\/\/www.eldiario.net\/portal\/2024\/05\/18\/periodistas-indignados-con-policia-que-intento-negociar-por-agresiones\/#primaryimage"},"thumbnailUrl":"https:\/\/www.eldiario.net\/portal\/wp-content\/uploads\/2024\/05\/18-AGR.jpg","articleSection":["Sociedad - Seguridad"],"inLanguage":"es","potentialAction":[{"@type":"CommentAction","name":"Comment","target":["https:\/\/www.eldiario.net\/portal\/2024\/05\/18\/periodistas-indignados-con-policia-que-intento-negociar-por-agresiones\/#respond"]}]},{"@type":"WebPage","@id":"https:\/\/www.eldiario.net\/portal\/2024\/05\/18\/periodistas-indignados-con-policia-que-intento-negociar-por-agresiones\/","url":"https:\/\/www.eldiario.net\/portal\/2024\/05\/18\/periodistas-indignados-con-policia-que-intento-negociar-por-agresiones\/","name":"Periodistas indignados con polic\u00eda que intent\u00f3 negociar por agresiones - El Diario - Bolivia","isPartOf":{"@id":"https:\/\/www.eldiario.net\/portal\/#website"},"primaryImageOfPage":{"@id":"https:\/\/www.eldiario.net\/portal\/2024\/05\/18\/periodistas-indignados-con-policia-que-intento-negociar-por-agresiones\/#primaryimage"},"image":{"@id":"https:\/\/www.eldiario.net\/portal\/2024\/05\/18\/periodistas-indignados-con-policia-que-intento-negociar-por-agresiones\/#primaryimage"},"thumbnailUrl":"https:\/\/www.eldiario.net\/portal\/wp-content\/uploads\/2024\/05\/18-AGR.jpg","datePublished":"2024-05-18T09:09:34+00:00","breadcrumb":{"@id":"https:\/\/www.eldiario.net\/portal\/2024\/05\/18\/periodistas-indignados-con-policia-que-intento-negociar-por-agresiones\/#breadcrumb"},"inLanguage":"es","potentialAction":[{"@type":"ReadAction","target":["https:\/\/www.eldiario.net\/portal\/2024\/05\/18\/periodistas-indignados-con-policia-que-intento-negociar-por-agresiones\/"]}]},{"@type":"ImageObject","inLanguage":"es","@id":"https:\/\/www.eldiario.net\/portal\/2024\/05\/18\/periodistas-indignados-con-policia-que-intento-negociar-por-agresiones\/#primaryimage","url":"https:\/\/www.eldiario.net\/portal\/wp-content\/uploads\/2024\/05\/18-AGR.jpg","contentUrl":"https:\/\/www.eldiario.net\/portal\/wp-content\/uploads\/2024\/05\/18-AGR.jpg","width":770,"height":430,"caption":"Un periodista es agredido por elementos policiales."},{"@type":"BreadcrumbList","@id":"https:\/\/www.eldiario.net\/portal\/2024\/05\/18\/periodistas-indignados-con-policia-que-intento-negociar-por-agresiones\/#breadcrumb","itemListElement":[{"@type":"ListItem","position":1,"name":"Portada","item":"https:\/\/www.eldiario.net\/portal\/"},{"@type":"ListItem","position":2,"name":"Periodistas indignados con polic\u00eda que intent\u00f3 negociar por agresiones"}]},{"@type":"WebSite","@id":"https:\/\/www.eldiario.net\/portal\/#website","url":"https:\/\/www.eldiario.net\/portal\/","name":"El Diario - Decano de la prensa nacional","description":"El Diario - Decano de la prensa nacional","publisher":{"@id":"https:\/\/www.eldiario.net\/portal\/#organization"},"potentialAction":[{"@type":"SearchAction","target":{"@type":"EntryPoint","urlTemplate":"https:\/\/www.eldiario.net\/portal\/?s={search_term_string}"},"query-input":{"@type":"PropertyValueSpecification","valueRequired":true,"valueName":"search_term_string"}}],"inLanguage":"es"},{"@type":"Organization","@id":"https:\/\/www.eldiario.net\/portal\/#organization","name":"El Diario - Decano de la prensa nacional","url":"https:\/\/www.eldiario.net\/portal\/","logo":{"@type":"ImageObject","inLanguage":"es","@id":"https:\/\/www.eldiario.net\/portal\/#\/schema\/logo\/image\/","url":"https:\/\/www.eldiario.net\/portal\/wp-content\/uploads\/2023\/07\/logo_ED.jpg","contentUrl":"https:\/\/www.eldiario.net\/portal\/wp-content\/uploads\/2023\/07\/logo_ED.jpg","width":272,"height":52,"caption":"El Diario - Decano de la prensa nacional"},"image":{"@id":"https:\/\/www.eldiario.net\/portal\/#\/schema\/logo\/image\/"},"sameAs":["https:\/\/www.facebook.com\/eldiario.bolivia\/","https:\/\/x.com\/eldiario_net"]},{"@type":"Person","@id":"https:\/\/www.eldiario.net\/portal\/#\/schema\/person\/f46445640444750d7d753ccd04ae01b7","name":"Jeanette","image":{"@type":"ImageObject","inLanguage":"es","@id":"https:\/\/secure.gravatar.com\/avatar\/3ea2118a5f7dad2b7138b1187a6b7ee55f160b9968b66013c3a3ef39dd7e5798?s=96&d=mm&r=g","url":"https:\/\/secure.gravatar.com\/avatar\/3ea2118a5f7dad2b7138b1187a6b7ee55f160b9968b66013c3a3ef39dd7e5798?s=96&d=mm&r=g","contentUrl":"https:\/\/secure.gravatar.com\/avatar\/3ea2118a5f7dad2b7138b1187a6b7ee55f160b9968b66013c3a3ef39dd7e5798?s=96&d=mm&r=g","caption":"Jeanette"},"sameAs":["https:\/\/www.eldiario.net\/portal"],"url":"https:\/\/www.eldiario.net\/portal\/author\/jeanette\/"}]}},"_links":{"self":[{"href":"https:\/\/www.eldiario.net\/portal\/wp-json\/wp\/v2\/posts\/221308","targetHints":{"allow":["GET"]}}],"collection":[{"href":"https:\/\/www.eldiario.net\/portal\/wp-json\/wp\/v2\/posts"}],"about":[{"href":"https:\/\/www.eldiario.net\/portal\/wp-json\/wp\/v2\/types\/post"}],"author":[{"embeddable":true,"href":"https:\/\/www.eldiario.net\/portal\/wp-json\/wp\/v2\/users\/1"}],"replies":[{"embeddable":true,"href":"https:\/\/www.eldiario.net\/portal\/wp-json\/wp\/v2\/comments?post=221308"}],"version-history":[{"count":1,"href":"https:\/\/www.eldiario.net\/portal\/wp-json\/wp\/v2\/posts\/221308\/revisions"}],"predecessor-version":[{"id":221310,"href":"https:\/\/www.eldiario.net\/portal\/wp-json\/wp\/v2\/posts\/221308\/revisions\/221310"}],"wp:featuredmedia":[{"embeddable":true,"href":"https:\/\/www.eldiario.net\/portal\/wp-json\/wp\/v2\/media\/221309"}],"wp:attachment":[{"href":"https:\/\/www.eldiario.net\/portal\/wp-json\/wp\/v2\/media?parent=221308"}],"wp:term":[{"taxonomy":"category","embeddable":true,"href":"https:\/\/www.eldiario.net\/portal\/wp-json\/wp\/v2\/categories?post=221308"},{"taxonomy":"post_tag","embeddable":true,"href":"https:\/\/www.eldiario.net\/portal\/wp-json\/wp\/v2\/tags?post=221308"}],"curies":[{"name":"wp","href":"https:\/\/api.w.org\/{rel}","templated":true}]}}