{"id":221296,"date":"2024-05-18T05:07:39","date_gmt":"2024-05-18T09:07:39","guid":{"rendered":"https:\/\/www.eldiario.net\/portal\/?p=221296"},"modified":"2024-05-18T05:07:39","modified_gmt":"2024-05-18T09:07:39","slug":"aviturismo-una-opcion-para-desarrollo-de-comunidades","status":"publish","type":"post","link":"https:\/\/www.eldiario.net\/portal\/2024\/05\/18\/aviturismo-una-opcion-para-desarrollo-de-comunidades\/","title":{"rendered":"Aviturismo, una opci\u00f3n para  desarrollo de comunidades"},"content":{"rendered":"<p>Los comunarios de San Carlos, Perereta y Amaya, responsables de la administraci\u00f3n de la Reserva Natural Comunitaria Paraba Frente Roja, recibieron m\u00e1s de 169.450 bolivianos, provenientes de los ingresos generados por el aviturismo en 2023.<br \/>\nEsta reserva, situada en el municipio de Omereque del departamento de Cochabamba, desempe\u00f1a un papel crucial en la protecci\u00f3n de la paraba frente roja (Ara rubrogenys), al albergar la mayor colonia reproductiva de esta especie end\u00e9mica de Bolivia catalogada en Peligro Cr\u00edtico de Extinci\u00f3n.<br \/>\nDesde el inicio de las actividades tur\u00edsticas en la Reserva Paraba Frente Roja en 2006 se ha buscado no solo fortalecer la convivencia entre las comunidades y su entorno natural incluyendo a esta ave, sino tambi\u00e9n mejorar los ingresos de las familias a trav\u00e9s del turismo.<br \/>\nEl dinero derivado de los servicios tur\u00edsticos se divide equitativamente en cuatro partes iguales: una respalda la conservaci\u00f3n del ave y la sostenibilidad de la reserva, mientras que las otras tres se destinan para apoyar a las comunidades del municipio.<br \/>\nDe acuerdo con los estatutos establecidos, estos fondos se utilizan para financiar proyectos educativos, de salud y bienestar en las comunidades responsables de la gesti\u00f3n del lugar.<br \/>\nDesde 2011 hasta 2015, los ingresos por aviturismo en la reserva crecieron constantemente.<br \/>\nLa pandemia de covid-19 impact\u00f3 dr\u00e1sticamente en 2020, con una ca\u00edda del 78% en los ingresos. Sin embargo, la recuperaci\u00f3n fue notable. En 2021, 2022 y 2023 hubo un crecimiento acelerado y significativo, marcando una destacada recuperaci\u00f3n postpandemia.<br \/>\n\u201cEn 2023, los ingresos continuaron en aumento, lo que refleja un crecimiento en la demanda de la reserva como destino para el aviturismo en Bolivia. Este significativo incremento en los ingresos subraya la resiliencia durante la pandemia, que impact\u00f3 severamente la industria tur\u00edstica a nivel global\u201d, afirm\u00f3 el director administrativo de la Asociaci\u00f3n Armon\u00eda, Iv\u00e1n P\u00e9rez.<br \/>\nEn el evento participaron el presidente del Comit\u00e9 Administrativo de la Reserva Paraba Frente Roja, Wilfredo Vargas Garc\u00eda, oriundo de Perereta; el tesorero del Comit\u00e9 de la comunidad de Amaya, Macario Guzm\u00e1n L\u00f3pez, y Lisberth Rocha Rojas, dirigente de San Carlos.<br \/>\nA ra\u00edz de que el emprendimiento tuvo mejores beneficios y oportunidades para las comunidades, el comit\u00e9 decidi\u00f3 entregar porcentajes mayores a los establecidos en los reglamentos para seguir mejorando la infraestructura y condiciones para recibir a turistas.<br \/>\nEn 2023, la reserva recibi\u00f3 un total de 106 turistas, la mayor\u00eda de Estados Unidos (24) y Bolivia (24), seguidos por Canad\u00e1 (9), Reino Unido (8) y Australia (6).<br \/>\n\u201cEs importante destacar que cada a\u00f1o crece el inter\u00e9s por parte del p\u00fablico boliviano\u201d, inform\u00f3 P\u00e9rez. Para incentivar la visita de turistas locales, se han lanzado campa\u00f1as dirigidas a residentes en Bolivia, como la promoci\u00f3n vigente desde febrero hasta julio de 2024 que ofrece descuentos de hasta un 50%.<br \/>\nLa reserva, que abarca 50 hect\u00e1reas, no solo alberga el h\u00e1bitat de reproducci\u00f3n de la paraba frente roja, sino que tambi\u00e9n sirve como refugio para otras 232 especies de aves, como el tordo boliviano (Oreopsar bolivianus) y la cotorra de los acantilados (Myiopsitta luchsi), que son aves end\u00e9micas de Bolivia. Adem\u00e1s, la Reserva recibe visitas regulares de c\u00f3ndores andinos y halcones pregrinos.<br \/>\nPara Sim\u00f3n Pedrazas, guardaparque de la reserva, la protecci\u00f3n no se limita \u00fanicamente a la paraba frente roja, sino que abarca a todas las aves que habitan en el lugar.<br \/>\n\u201cPara los turistas que nos visitan, cada una de estas avecitas es de gran importancia. Es gracias a ellas, que hemos obtenido este incremento econ\u00f3mico\u201d, asegura Pedrazas.<br \/>\nFilem\u00f3n Sotogomez, quien desempe\u00f1\u00f3 funciones en el comit\u00e9 administrativo de la reserva desde 2000 hasta finales de 2023, inform\u00f3 que con las ganancias se adquiri\u00f3 equipamiento para la escuela, incluyendo un parlante y estantes, adem\u00e1s de haber construido una cocina. \u201cTodo esto gracias a la paraba frente roja y a las dem\u00e1s aves, por eso, en nuestra comunidad, est\u00e1 prohibida la caza de aves y contamos con normativas, como la restricci\u00f3n de que los ni\u00f1os no manipulen flechas\u201d, indica la exautoridad.<br \/>\nWilfredo Vargas Garc\u00eda asumi\u00f3 la presidencia del comit\u00e9 hace apenas un mes. Expresa su gratitud hacia los miembros de la gesti\u00f3n anterior por su labor en la construcci\u00f3n y mejora de infraestructuras, as\u00ed como por socializar una conciencia ambiental.<br \/>\nEst\u00e1 plenamente convencido de que el trabajo de este nuevo Comit\u00e9 redundar\u00e1 en beneficio de toda la comunidad, especialmente de los j\u00f3venes, quienes se ver\u00e1n favorecidos en el futuro con el aviturismo y seguir\u00e1n progresando.<br \/>\nP\u00e9rez enfatiza que el desarrollo de habilidades y la preparaci\u00f3n necesaria para gestionar un emprendimiento tur\u00edstico requieren a\u00f1os de formaci\u00f3n. Es por ello que Armon\u00eda respalda las decisiones del comit\u00e9, que solicit\u00f3 un mayor \u00e9nfasis en capacitaciones relacionadas con aspectos administrativos, manejo de fondos y elaboraci\u00f3n de informes sobre el uso de recursos.<br \/>\nAdem\u00e1s, se impulsar\u00e1 la capacitaci\u00f3n de m\u00e1s personas en \u00e1reas como cocina, limpieza y atenci\u00f3n al turista. Asimismo, se han programado cursos de ingl\u00e9s, as\u00ed como actividades para la identificaci\u00f3n de aves y la promoci\u00f3n de la biodiversidad en la regi\u00f3n. (Br\u00fajula Digital\/La Nube)<\/p>\n","protected":false},"excerpt":{"rendered":"<p>Los comunarios de San Carlos, Perereta y Amaya, responsables de la administraci\u00f3n de la Reserva Natural Comunitaria Paraba Frente Roja, recibieron m\u00e1s de 169.450 bolivianos, provenientes de los ingresos generados por el aviturismo en 2023. Esta reserva, situada en el municipio de Omereque del departamento de Cochabamba, desempe\u00f1a un papel crucial en la protecci\u00f3n de [&hellip;]<\/p>\n","protected":false},"author":1,"featured_media":221297,"comment_status":"open","ping_status":"open","sticky":false,"template":"","format":"standard","meta":{"_acf_changed":false,"footnotes":""},"categories":[12],"tags":[],"class_list":["post-221296","post","type-post","status-publish","format-standard","has-post-thumbnail","category-nacional"],"acf":{"antetitulo":"Cochabamba"},"yoast_head":"<!-- This site is optimized with the Yoast SEO plugin v28.4 - https:\/\/yoast.com\/product\/yoast-seo-wordpress\/ -->\n<title>Aviturismo, una opci\u00f3n para desarrollo de comunidades - El Diario - Bolivia<\/title>\n<meta name=\"robots\" content=\"index, follow, max-snippet:-1, max-image-preview:large, max-video-preview:-1\" \/>\n<link rel=\"canonical\" href=\"https:\/\/www.eldiario.net\/portal\/2024\/05\/18\/aviturismo-una-opcion-para-desarrollo-de-comunidades\/\" \/>\n<meta property=\"og:locale\" content=\"es_ES\" \/>\n<meta property=\"og:type\" content=\"article\" \/>\n<meta property=\"og:title\" content=\"Aviturismo, una opci\u00f3n para desarrollo de comunidades - El Diario - Bolivia\" \/>\n<meta property=\"og:description\" content=\"Los comunarios de San Carlos, Perereta y Amaya, responsables de la administraci\u00f3n de la Reserva Natural Comunitaria Paraba Frente Roja, recibieron m\u00e1s de 169.450 bolivianos, provenientes de los ingresos generados por el aviturismo en 2023. Esta reserva, situada en el municipio de Omereque del departamento de Cochabamba, desempe\u00f1a un papel crucial en la protecci\u00f3n de [&hellip;]\" \/>\n<meta property=\"og:url\" content=\"https:\/\/www.eldiario.net\/portal\/2024\/05\/18\/aviturismo-una-opcion-para-desarrollo-de-comunidades\/\" \/>\n<meta property=\"og:site_name\" content=\"El Diario - Bolivia\" \/>\n<meta property=\"article:publisher\" content=\"https:\/\/www.facebook.com\/eldiario.bolivia\/\" \/>\n<meta property=\"article:published_time\" content=\"2024-05-18T09:07:39+00:00\" \/>\n<meta property=\"og:image\" content=\"https:\/\/www.eldiario.net\/portal\/wp-content\/uploads\/2024\/05\/70-NAL-1.jpeg\" \/>\n\t<meta property=\"og:image:width\" content=\"720\" \/>\n\t<meta property=\"og:image:height\" content=\"399\" \/>\n\t<meta property=\"og:image:type\" content=\"image\/jpeg\" \/>\n<meta name=\"author\" content=\"Jeanette\" \/>\n<meta name=\"twitter:card\" content=\"summary_large_image\" \/>\n<meta name=\"twitter:creator\" content=\"@eldiario_net\" \/>\n<meta name=\"twitter:site\" content=\"@eldiario_net\" \/>\n<meta name=\"twitter:label1\" content=\"Escrito por\" \/>\n\t<meta name=\"twitter:data1\" content=\"Jeanette\" \/>\n\t<meta name=\"twitter:label2\" content=\"Tiempo de lectura\" \/>\n\t<meta name=\"twitter:data2\" content=\"4 minutos\" \/>\n<script type=\"application\/ld+json\" class=\"yoast-schema-graph\">{\"@context\":\"https:\\\/\\\/schema.org\",\"@graph\":[{\"@type\":\"Article\",\"@id\":\"https:\\\/\\\/www.eldiario.net\\\/portal\\\/2024\\\/05\\\/18\\\/aviturismo-una-opcion-para-desarrollo-de-comunidades\\\/#article\",\"isPartOf\":{\"@id\":\"https:\\\/\\\/www.eldiario.net\\\/portal\\\/2024\\\/05\\\/18\\\/aviturismo-una-opcion-para-desarrollo-de-comunidades\\\/\"},\"author\":{\"name\":\"Jeanette\",\"@id\":\"https:\\\/\\\/www.eldiario.net\\\/portal\\\/#\\\/schema\\\/person\\\/f46445640444750d7d753ccd04ae01b7\"},\"headline\":\"Aviturismo, una opci\u00f3n para desarrollo de comunidades\",\"datePublished\":\"2024-05-18T09:07:39+00:00\",\"mainEntityOfPage\":{\"@id\":\"https:\\\/\\\/www.eldiario.net\\\/portal\\\/2024\\\/05\\\/18\\\/aviturismo-una-opcion-para-desarrollo-de-comunidades\\\/\"},\"wordCount\":881,\"commentCount\":0,\"publisher\":{\"@id\":\"https:\\\/\\\/www.eldiario.net\\\/portal\\\/#organization\"},\"image\":{\"@id\":\"https:\\\/\\\/www.eldiario.net\\\/portal\\\/2024\\\/05\\\/18\\\/aviturismo-una-opcion-para-desarrollo-de-comunidades\\\/#primaryimage\"},\"thumbnailUrl\":\"https:\\\/\\\/www.eldiario.net\\\/portal\\\/wp-content\\\/uploads\\\/2024\\\/05\\\/70-NAL-1.jpeg\",\"articleSection\":[\"Nacional\"],\"inLanguage\":\"es\",\"potentialAction\":[{\"@type\":\"CommentAction\",\"name\":\"Comment\",\"target\":[\"https:\\\/\\\/www.eldiario.net\\\/portal\\\/2024\\\/05\\\/18\\\/aviturismo-una-opcion-para-desarrollo-de-comunidades\\\/#respond\"]}]},{\"@type\":\"WebPage\",\"@id\":\"https:\\\/\\\/www.eldiario.net\\\/portal\\\/2024\\\/05\\\/18\\\/aviturismo-una-opcion-para-desarrollo-de-comunidades\\\/\",\"url\":\"https:\\\/\\\/www.eldiario.net\\\/portal\\\/2024\\\/05\\\/18\\\/aviturismo-una-opcion-para-desarrollo-de-comunidades\\\/\",\"name\":\"Aviturismo, una opci\u00f3n para desarrollo de comunidades - El Diario - Bolivia\",\"isPartOf\":{\"@id\":\"https:\\\/\\\/www.eldiario.net\\\/portal\\\/#website\"},\"primaryImageOfPage\":{\"@id\":\"https:\\\/\\\/www.eldiario.net\\\/portal\\\/2024\\\/05\\\/18\\\/aviturismo-una-opcion-para-desarrollo-de-comunidades\\\/#primaryimage\"},\"image\":{\"@id\":\"https:\\\/\\\/www.eldiario.net\\\/portal\\\/2024\\\/05\\\/18\\\/aviturismo-una-opcion-para-desarrollo-de-comunidades\\\/#primaryimage\"},\"thumbnailUrl\":\"https:\\\/\\\/www.eldiario.net\\\/portal\\\/wp-content\\\/uploads\\\/2024\\\/05\\\/70-NAL-1.jpeg\",\"datePublished\":\"2024-05-18T09:07:39+00:00\",\"breadcrumb\":{\"@id\":\"https:\\\/\\\/www.eldiario.net\\\/portal\\\/2024\\\/05\\\/18\\\/aviturismo-una-opcion-para-desarrollo-de-comunidades\\\/#breadcrumb\"},\"inLanguage\":\"es\",\"potentialAction\":[{\"@type\":\"ReadAction\",\"target\":[\"https:\\\/\\\/www.eldiario.net\\\/portal\\\/2024\\\/05\\\/18\\\/aviturismo-una-opcion-para-desarrollo-de-comunidades\\\/\"]}]},{\"@type\":\"ImageObject\",\"inLanguage\":\"es\",\"@id\":\"https:\\\/\\\/www.eldiario.net\\\/portal\\\/2024\\\/05\\\/18\\\/aviturismo-una-opcion-para-desarrollo-de-comunidades\\\/#primaryimage\",\"url\":\"https:\\\/\\\/www.eldiario.net\\\/portal\\\/wp-content\\\/uploads\\\/2024\\\/05\\\/70-NAL-1.jpeg\",\"contentUrl\":\"https:\\\/\\\/www.eldiario.net\\\/portal\\\/wp-content\\\/uploads\\\/2024\\\/05\\\/70-NAL-1.jpeg\",\"width\":720,\"height\":399,\"caption\":\"Dos parabas frente roja descansan en un \u00e1rbol, en la Reserva Natural Comunitaria.\"},{\"@type\":\"BreadcrumbList\",\"@id\":\"https:\\\/\\\/www.eldiario.net\\\/portal\\\/2024\\\/05\\\/18\\\/aviturismo-una-opcion-para-desarrollo-de-comunidades\\\/#breadcrumb\",\"itemListElement\":[{\"@type\":\"ListItem\",\"position\":1,\"name\":\"Portada\",\"item\":\"https:\\\/\\\/www.eldiario.net\\\/portal\\\/\"},{\"@type\":\"ListItem\",\"position\":2,\"name\":\"Aviturismo, una opci\u00f3n para desarrollo de comunidades\"}]},{\"@type\":\"WebSite\",\"@id\":\"https:\\\/\\\/www.eldiario.net\\\/portal\\\/#website\",\"url\":\"https:\\\/\\\/www.eldiario.net\\\/portal\\\/\",\"name\":\"El Diario - Decano de la prensa nacional\",\"description\":\"El Diario - Decano de la prensa nacional\",\"publisher\":{\"@id\":\"https:\\\/\\\/www.eldiario.net\\\/portal\\\/#organization\"},\"potentialAction\":[{\"@type\":\"SearchAction\",\"target\":{\"@type\":\"EntryPoint\",\"urlTemplate\":\"https:\\\/\\\/www.eldiario.net\\\/portal\\\/?s={search_term_string}\"},\"query-input\":{\"@type\":\"PropertyValueSpecification\",\"valueRequired\":true,\"valueName\":\"search_term_string\"}}],\"inLanguage\":\"es\"},{\"@type\":\"Organization\",\"@id\":\"https:\\\/\\\/www.eldiario.net\\\/portal\\\/#organization\",\"name\":\"El Diario - Decano de la prensa nacional\",\"url\":\"https:\\\/\\\/www.eldiario.net\\\/portal\\\/\",\"logo\":{\"@type\":\"ImageObject\",\"inLanguage\":\"es\",\"@id\":\"https:\\\/\\\/www.eldiario.net\\\/portal\\\/#\\\/schema\\\/logo\\\/image\\\/\",\"url\":\"https:\\\/\\\/www.eldiario.net\\\/portal\\\/wp-content\\\/uploads\\\/2023\\\/07\\\/logo_ED.jpg\",\"contentUrl\":\"https:\\\/\\\/www.eldiario.net\\\/portal\\\/wp-content\\\/uploads\\\/2023\\\/07\\\/logo_ED.jpg\",\"width\":272,\"height\":52,\"caption\":\"El Diario - Decano de la prensa nacional\"},\"image\":{\"@id\":\"https:\\\/\\\/www.eldiario.net\\\/portal\\\/#\\\/schema\\\/logo\\\/image\\\/\"},\"sameAs\":[\"https:\\\/\\\/www.facebook.com\\\/eldiario.bolivia\\\/\",\"https:\\\/\\\/x.com\\\/eldiario_net\"]},{\"@type\":\"Person\",\"@id\":\"https:\\\/\\\/www.eldiario.net\\\/portal\\\/#\\\/schema\\\/person\\\/f46445640444750d7d753ccd04ae01b7\",\"name\":\"Jeanette\",\"image\":{\"@type\":\"ImageObject\",\"inLanguage\":\"es\",\"@id\":\"https:\\\/\\\/secure.gravatar.com\\\/avatar\\\/3ea2118a5f7dad2b7138b1187a6b7ee55f160b9968b66013c3a3ef39dd7e5798?s=96&d=mm&r=g\",\"url\":\"https:\\\/\\\/secure.gravatar.com\\\/avatar\\\/3ea2118a5f7dad2b7138b1187a6b7ee55f160b9968b66013c3a3ef39dd7e5798?s=96&d=mm&r=g\",\"contentUrl\":\"https:\\\/\\\/secure.gravatar.com\\\/avatar\\\/3ea2118a5f7dad2b7138b1187a6b7ee55f160b9968b66013c3a3ef39dd7e5798?s=96&d=mm&r=g\",\"caption\":\"Jeanette\"},\"sameAs\":[\"https:\\\/\\\/www.eldiario.net\\\/portal\"],\"url\":\"https:\\\/\\\/www.eldiario.net\\\/portal\\\/author\\\/jeanette\\\/\"}]}<\/script>\n<!-- \/ Yoast SEO plugin. -->","yoast_head_json":{"title":"Aviturismo, una opci\u00f3n para desarrollo de comunidades - El Diario - Bolivia","robots":{"index":"index","follow":"follow","max-snippet":"max-snippet:-1","max-image-preview":"max-image-preview:large","max-video-preview":"max-video-preview:-1"},"canonical":"https:\/\/www.eldiario.net\/portal\/2024\/05\/18\/aviturismo-una-opcion-para-desarrollo-de-comunidades\/","og_locale":"es_ES","og_type":"article","og_title":"Aviturismo, una opci\u00f3n para desarrollo de comunidades - El Diario - Bolivia","og_description":"Los comunarios de San Carlos, Perereta y Amaya, responsables de la administraci\u00f3n de la Reserva Natural Comunitaria Paraba Frente Roja, recibieron m\u00e1s de 169.450 bolivianos, provenientes de los ingresos generados por el aviturismo en 2023. Esta reserva, situada en el municipio de Omereque del departamento de Cochabamba, desempe\u00f1a un papel crucial en la protecci\u00f3n de [&hellip;]","og_url":"https:\/\/www.eldiario.net\/portal\/2024\/05\/18\/aviturismo-una-opcion-para-desarrollo-de-comunidades\/","og_site_name":"El Diario - Bolivia","article_publisher":"https:\/\/www.facebook.com\/eldiario.bolivia\/","article_published_time":"2024-05-18T09:07:39+00:00","og_image":[{"width":720,"height":399,"url":"https:\/\/www.eldiario.net\/portal\/wp-content\/uploads\/2024\/05\/70-NAL-1.jpeg","type":"image\/jpeg"}],"author":"Jeanette","twitter_card":"summary_large_image","twitter_creator":"@eldiario_net","twitter_site":"@eldiario_net","twitter_misc":{"Escrito por":"Jeanette","Tiempo de lectura":"4 minutos"},"schema":{"@context":"https:\/\/schema.org","@graph":[{"@type":"Article","@id":"https:\/\/www.eldiario.net\/portal\/2024\/05\/18\/aviturismo-una-opcion-para-desarrollo-de-comunidades\/#article","isPartOf":{"@id":"https:\/\/www.eldiario.net\/portal\/2024\/05\/18\/aviturismo-una-opcion-para-desarrollo-de-comunidades\/"},"author":{"name":"Jeanette","@id":"https:\/\/www.eldiario.net\/portal\/#\/schema\/person\/f46445640444750d7d753ccd04ae01b7"},"headline":"Aviturismo, una opci\u00f3n para desarrollo de comunidades","datePublished":"2024-05-18T09:07:39+00:00","mainEntityOfPage":{"@id":"https:\/\/www.eldiario.net\/portal\/2024\/05\/18\/aviturismo-una-opcion-para-desarrollo-de-comunidades\/"},"wordCount":881,"commentCount":0,"publisher":{"@id":"https:\/\/www.eldiario.net\/portal\/#organization"},"image":{"@id":"https:\/\/www.eldiario.net\/portal\/2024\/05\/18\/aviturismo-una-opcion-para-desarrollo-de-comunidades\/#primaryimage"},"thumbnailUrl":"https:\/\/www.eldiario.net\/portal\/wp-content\/uploads\/2024\/05\/70-NAL-1.jpeg","articleSection":["Nacional"],"inLanguage":"es","potentialAction":[{"@type":"CommentAction","name":"Comment","target":["https:\/\/www.eldiario.net\/portal\/2024\/05\/18\/aviturismo-una-opcion-para-desarrollo-de-comunidades\/#respond"]}]},{"@type":"WebPage","@id":"https:\/\/www.eldiario.net\/portal\/2024\/05\/18\/aviturismo-una-opcion-para-desarrollo-de-comunidades\/","url":"https:\/\/www.eldiario.net\/portal\/2024\/05\/18\/aviturismo-una-opcion-para-desarrollo-de-comunidades\/","name":"Aviturismo, una opci\u00f3n para desarrollo de comunidades - El Diario - Bolivia","isPartOf":{"@id":"https:\/\/www.eldiario.net\/portal\/#website"},"primaryImageOfPage":{"@id":"https:\/\/www.eldiario.net\/portal\/2024\/05\/18\/aviturismo-una-opcion-para-desarrollo-de-comunidades\/#primaryimage"},"image":{"@id":"https:\/\/www.eldiario.net\/portal\/2024\/05\/18\/aviturismo-una-opcion-para-desarrollo-de-comunidades\/#primaryimage"},"thumbnailUrl":"https:\/\/www.eldiario.net\/portal\/wp-content\/uploads\/2024\/05\/70-NAL-1.jpeg","datePublished":"2024-05-18T09:07:39+00:00","breadcrumb":{"@id":"https:\/\/www.eldiario.net\/portal\/2024\/05\/18\/aviturismo-una-opcion-para-desarrollo-de-comunidades\/#breadcrumb"},"inLanguage":"es","potentialAction":[{"@type":"ReadAction","target":["https:\/\/www.eldiario.net\/portal\/2024\/05\/18\/aviturismo-una-opcion-para-desarrollo-de-comunidades\/"]}]},{"@type":"ImageObject","inLanguage":"es","@id":"https:\/\/www.eldiario.net\/portal\/2024\/05\/18\/aviturismo-una-opcion-para-desarrollo-de-comunidades\/#primaryimage","url":"https:\/\/www.eldiario.net\/portal\/wp-content\/uploads\/2024\/05\/70-NAL-1.jpeg","contentUrl":"https:\/\/www.eldiario.net\/portal\/wp-content\/uploads\/2024\/05\/70-NAL-1.jpeg","width":720,"height":399,"caption":"Dos parabas frente roja descansan en un \u00e1rbol, en la Reserva Natural Comunitaria."},{"@type":"BreadcrumbList","@id":"https:\/\/www.eldiario.net\/portal\/2024\/05\/18\/aviturismo-una-opcion-para-desarrollo-de-comunidades\/#breadcrumb","itemListElement":[{"@type":"ListItem","position":1,"name":"Portada","item":"https:\/\/www.eldiario.net\/portal\/"},{"@type":"ListItem","position":2,"name":"Aviturismo, una opci\u00f3n para desarrollo de comunidades"}]},{"@type":"WebSite","@id":"https:\/\/www.eldiario.net\/portal\/#website","url":"https:\/\/www.eldiario.net\/portal\/","name":"El Diario - Decano de la prensa nacional","description":"El Diario - Decano de la prensa nacional","publisher":{"@id":"https:\/\/www.eldiario.net\/portal\/#organization"},"potentialAction":[{"@type":"SearchAction","target":{"@type":"EntryPoint","urlTemplate":"https:\/\/www.eldiario.net\/portal\/?s={search_term_string}"},"query-input":{"@type":"PropertyValueSpecification","valueRequired":true,"valueName":"search_term_string"}}],"inLanguage":"es"},{"@type":"Organization","@id":"https:\/\/www.eldiario.net\/portal\/#organization","name":"El Diario - Decano de la prensa nacional","url":"https:\/\/www.eldiario.net\/portal\/","logo":{"@type":"ImageObject","inLanguage":"es","@id":"https:\/\/www.eldiario.net\/portal\/#\/schema\/logo\/image\/","url":"https:\/\/www.eldiario.net\/portal\/wp-content\/uploads\/2023\/07\/logo_ED.jpg","contentUrl":"https:\/\/www.eldiario.net\/portal\/wp-content\/uploads\/2023\/07\/logo_ED.jpg","width":272,"height":52,"caption":"El Diario - Decano de la prensa nacional"},"image":{"@id":"https:\/\/www.eldiario.net\/portal\/#\/schema\/logo\/image\/"},"sameAs":["https:\/\/www.facebook.com\/eldiario.bolivia\/","https:\/\/x.com\/eldiario_net"]},{"@type":"Person","@id":"https:\/\/www.eldiario.net\/portal\/#\/schema\/person\/f46445640444750d7d753ccd04ae01b7","name":"Jeanette","image":{"@type":"ImageObject","inLanguage":"es","@id":"https:\/\/secure.gravatar.com\/avatar\/3ea2118a5f7dad2b7138b1187a6b7ee55f160b9968b66013c3a3ef39dd7e5798?s=96&d=mm&r=g","url":"https:\/\/secure.gravatar.com\/avatar\/3ea2118a5f7dad2b7138b1187a6b7ee55f160b9968b66013c3a3ef39dd7e5798?s=96&d=mm&r=g","contentUrl":"https:\/\/secure.gravatar.com\/avatar\/3ea2118a5f7dad2b7138b1187a6b7ee55f160b9968b66013c3a3ef39dd7e5798?s=96&d=mm&r=g","caption":"Jeanette"},"sameAs":["https:\/\/www.eldiario.net\/portal"],"url":"https:\/\/www.eldiario.net\/portal\/author\/jeanette\/"}]}},"_links":{"self":[{"href":"https:\/\/www.eldiario.net\/portal\/wp-json\/wp\/v2\/posts\/221296","targetHints":{"allow":["GET"]}}],"collection":[{"href":"https:\/\/www.eldiario.net\/portal\/wp-json\/wp\/v2\/posts"}],"about":[{"href":"https:\/\/www.eldiario.net\/portal\/wp-json\/wp\/v2\/types\/post"}],"author":[{"embeddable":true,"href":"https:\/\/www.eldiario.net\/portal\/wp-json\/wp\/v2\/users\/1"}],"replies":[{"embeddable":true,"href":"https:\/\/www.eldiario.net\/portal\/wp-json\/wp\/v2\/comments?post=221296"}],"version-history":[{"count":1,"href":"https:\/\/www.eldiario.net\/portal\/wp-json\/wp\/v2\/posts\/221296\/revisions"}],"predecessor-version":[{"id":221298,"href":"https:\/\/www.eldiario.net\/portal\/wp-json\/wp\/v2\/posts\/221296\/revisions\/221298"}],"wp:featuredmedia":[{"embeddable":true,"href":"https:\/\/www.eldiario.net\/portal\/wp-json\/wp\/v2\/media\/221297"}],"wp:attachment":[{"href":"https:\/\/www.eldiario.net\/portal\/wp-json\/wp\/v2\/media?parent=221296"}],"wp:term":[{"taxonomy":"category","embeddable":true,"href":"https:\/\/www.eldiario.net\/portal\/wp-json\/wp\/v2\/categories?post=221296"},{"taxonomy":"post_tag","embeddable":true,"href":"https:\/\/www.eldiario.net\/portal\/wp-json\/wp\/v2\/tags?post=221296"}],"curies":[{"name":"wp","href":"https:\/\/api.w.org\/{rel}","templated":true}]}}