{"id":221290,"date":"2024-05-18T05:06:33","date_gmt":"2024-05-18T09:06:33","guid":{"rendered":"https:\/\/www.eldiario.net\/portal\/?p=221290"},"modified":"2024-05-18T05:06:33","modified_gmt":"2024-05-18T09:06:33","slug":"ensenan-a-ninos-a-cuidar-nuestro-medio-ambiente","status":"publish","type":"post","link":"https:\/\/www.eldiario.net\/portal\/2024\/05\/18\/ensenan-a-ninos-a-cuidar-nuestro-medio-ambiente\/","title":{"rendered":"Ense\u00f1an a ni\u00f1os a cuidar  nuestro medio ambiente"},"content":{"rendered":"<p>Conmemorando el D\u00eda Mundial del Reciclaje, el Programa de Educaci\u00f3n Ambiental de la Gobernaci\u00f3n de Santa Cruz realiz\u00f3 un taller te\u00f3rico pr\u00e1ctico de sensibilizaci\u00f3n sobre el cuidado del medio ambiente, donde participaron estudiantes de primer curso del ciclo inicial del Colegio Saint George.<br \/>\nLuis Pati\u00f1o, responsable del programa, indic\u00f3 que concientizar a los ni\u00f1os sobre el reciclaje y el medio ambiente, les ayuda a entender la importancia de la biodiversidad y la protecci\u00f3n de los ecosistemas. \u201cEsto crea un v\u00ednculo emocional entre ellos con la naturaleza y una mayor disposici\u00f3n a protegerla\u201d, agreg\u00f3.<br \/>\nEs por ello, que a trav\u00e9s de din\u00e1micas recreativas (juegos, t\u00edteres, cantos, exploraci\u00f3n de la naturaleza), motivan a los ni\u00f1os que visitan el Centro de Educaci\u00f3n Ambiental (CEA), de la Gobernaci\u00f3n, a involucrarse en acciones que pueden ejecutar diariamente en sus casas para producir un impacto positivo en el planeta.<br \/>\n\u201cEn esta oportunidad, los estudiantes del Colegio Saint George hicieron manualidades utilizando materiales reciclables; les ense\u00f1amos sobre el cuidado del medio ambiente y el cuidado que necesitan los animalitos que existen en el departamento\u201d, resalt\u00f3.<br \/>\nEn este contexto, Pati\u00f1o, a nombre de la Gobernaci\u00f3n, pidi\u00f3 a la juventud y poblaci\u00f3n adulta involucrase tambi\u00e9n en el tema del reciclaje, puesto que \u201ces una acci\u00f3n importante que todos deben practicar para evitar la contaminaci\u00f3n en el planeta\u201d.<br \/>\nLa finalidad de esta actividad, como de otras similares que desarrolla la instituci\u00f3n durante todo el a\u00f1o, es que los peque\u00f1os desarrollen h\u00e1bitos sostenibles desde temprana edad, para que se conviertan en individuos responsables, informados y comprometidos con la protecci\u00f3n y la sostenibilidad del planeta, asegurando un futuro m\u00e1s saludable y equilibrado para las futuras generaciones. (Santa Cruz, agencias)<\/p>\n","protected":false},"excerpt":{"rendered":"<p>Conmemorando el D\u00eda Mundial del Reciclaje, el Programa de Educaci\u00f3n Ambiental de la Gobernaci\u00f3n de Santa Cruz realiz\u00f3 un taller te\u00f3rico pr\u00e1ctico de sensibilizaci\u00f3n sobre el cuidado del medio ambiente, donde participaron estudiantes de primer curso del ciclo inicial del Colegio Saint George. Luis Pati\u00f1o, responsable del programa, indic\u00f3 que concientizar a los ni\u00f1os sobre [&hellip;]<\/p>\n","protected":false},"author":1,"featured_media":221291,"comment_status":"open","ping_status":"open","sticky":false,"template":"","format":"standard","meta":{"_acf_changed":false,"footnotes":""},"categories":[12],"tags":[],"class_list":["post-221290","post","type-post","status-publish","format-standard","has-post-thumbnail","category-nacional"],"acf":{"antetitulo":"Santa Cruz"},"yoast_head":"<!-- This site is optimized with the Yoast SEO plugin v28.4 - https:\/\/yoast.com\/product\/yoast-seo-wordpress\/ -->\n<title>Ense\u00f1an a ni\u00f1os a cuidar nuestro medio ambiente - El Diario - Bolivia<\/title>\n<meta name=\"robots\" content=\"index, follow, max-snippet:-1, max-image-preview:large, max-video-preview:-1\" \/>\n<link rel=\"canonical\" href=\"https:\/\/www.eldiario.net\/portal\/2024\/05\/18\/ensenan-a-ninos-a-cuidar-nuestro-medio-ambiente\/\" \/>\n<meta property=\"og:locale\" content=\"es_ES\" \/>\n<meta property=\"og:type\" content=\"article\" \/>\n<meta property=\"og:title\" content=\"Ense\u00f1an a ni\u00f1os a cuidar nuestro medio ambiente - El Diario - Bolivia\" \/>\n<meta property=\"og:description\" content=\"Conmemorando el D\u00eda Mundial del Reciclaje, el Programa de Educaci\u00f3n Ambiental de la Gobernaci\u00f3n de Santa Cruz realiz\u00f3 un taller te\u00f3rico pr\u00e1ctico de sensibilizaci\u00f3n sobre el cuidado del medio ambiente, donde participaron estudiantes de primer curso del ciclo inicial del Colegio Saint George. Luis Pati\u00f1o, responsable del programa, indic\u00f3 que concientizar a los ni\u00f1os sobre [&hellip;]\" \/>\n<meta property=\"og:url\" content=\"https:\/\/www.eldiario.net\/portal\/2024\/05\/18\/ensenan-a-ninos-a-cuidar-nuestro-medio-ambiente\/\" \/>\n<meta property=\"og:site_name\" content=\"El Diario - Bolivia\" \/>\n<meta property=\"article:publisher\" content=\"https:\/\/www.facebook.com\/eldiario.bolivia\/\" \/>\n<meta property=\"article:published_time\" content=\"2024-05-18T09:06:33+00:00\" \/>\n<meta property=\"og:image\" content=\"https:\/\/www.eldiario.net\/portal\/wp-content\/uploads\/2024\/05\/72-NAL-1.jpg\" \/>\n\t<meta property=\"og:image:width\" content=\"1280\" \/>\n\t<meta property=\"og:image:height\" content=\"852\" \/>\n\t<meta property=\"og:image:type\" content=\"image\/jpeg\" \/>\n<meta name=\"author\" content=\"Jeanette\" \/>\n<meta name=\"twitter:card\" content=\"summary_large_image\" \/>\n<meta name=\"twitter:creator\" content=\"@eldiario_net\" \/>\n<meta name=\"twitter:site\" content=\"@eldiario_net\" \/>\n<meta name=\"twitter:label1\" content=\"Escrito por\" \/>\n\t<meta name=\"twitter:data1\" content=\"Jeanette\" \/>\n\t<meta name=\"twitter:label2\" content=\"Tiempo de lectura\" \/>\n\t<meta name=\"twitter:data2\" content=\"2 minutos\" \/>\n<script type=\"application\/ld+json\" class=\"yoast-schema-graph\">{\"@context\":\"https:\\\/\\\/schema.org\",\"@graph\":[{\"@type\":\"Article\",\"@id\":\"https:\\\/\\\/www.eldiario.net\\\/portal\\\/2024\\\/05\\\/18\\\/ensenan-a-ninos-a-cuidar-nuestro-medio-ambiente\\\/#article\",\"isPartOf\":{\"@id\":\"https:\\\/\\\/www.eldiario.net\\\/portal\\\/2024\\\/05\\\/18\\\/ensenan-a-ninos-a-cuidar-nuestro-medio-ambiente\\\/\"},\"author\":{\"name\":\"Jeanette\",\"@id\":\"https:\\\/\\\/www.eldiario.net\\\/portal\\\/#\\\/schema\\\/person\\\/f46445640444750d7d753ccd04ae01b7\"},\"headline\":\"Ense\u00f1an a ni\u00f1os a cuidar nuestro medio ambiente\",\"datePublished\":\"2024-05-18T09:06:33+00:00\",\"mainEntityOfPage\":{\"@id\":\"https:\\\/\\\/www.eldiario.net\\\/portal\\\/2024\\\/05\\\/18\\\/ensenan-a-ninos-a-cuidar-nuestro-medio-ambiente\\\/\"},\"wordCount\":318,\"commentCount\":0,\"publisher\":{\"@id\":\"https:\\\/\\\/www.eldiario.net\\\/portal\\\/#organization\"},\"image\":{\"@id\":\"https:\\\/\\\/www.eldiario.net\\\/portal\\\/2024\\\/05\\\/18\\\/ensenan-a-ninos-a-cuidar-nuestro-medio-ambiente\\\/#primaryimage\"},\"thumbnailUrl\":\"https:\\\/\\\/www.eldiario.net\\\/portal\\\/wp-content\\\/uploads\\\/2024\\\/05\\\/72-NAL-1.jpg\",\"articleSection\":[\"Nacional\"],\"inLanguage\":\"es\",\"potentialAction\":[{\"@type\":\"CommentAction\",\"name\":\"Comment\",\"target\":[\"https:\\\/\\\/www.eldiario.net\\\/portal\\\/2024\\\/05\\\/18\\\/ensenan-a-ninos-a-cuidar-nuestro-medio-ambiente\\\/#respond\"]}]},{\"@type\":\"WebPage\",\"@id\":\"https:\\\/\\\/www.eldiario.net\\\/portal\\\/2024\\\/05\\\/18\\\/ensenan-a-ninos-a-cuidar-nuestro-medio-ambiente\\\/\",\"url\":\"https:\\\/\\\/www.eldiario.net\\\/portal\\\/2024\\\/05\\\/18\\\/ensenan-a-ninos-a-cuidar-nuestro-medio-ambiente\\\/\",\"name\":\"Ense\u00f1an a ni\u00f1os a cuidar nuestro medio ambiente - El Diario - Bolivia\",\"isPartOf\":{\"@id\":\"https:\\\/\\\/www.eldiario.net\\\/portal\\\/#website\"},\"primaryImageOfPage\":{\"@id\":\"https:\\\/\\\/www.eldiario.net\\\/portal\\\/2024\\\/05\\\/18\\\/ensenan-a-ninos-a-cuidar-nuestro-medio-ambiente\\\/#primaryimage\"},\"image\":{\"@id\":\"https:\\\/\\\/www.eldiario.net\\\/portal\\\/2024\\\/05\\\/18\\\/ensenan-a-ninos-a-cuidar-nuestro-medio-ambiente\\\/#primaryimage\"},\"thumbnailUrl\":\"https:\\\/\\\/www.eldiario.net\\\/portal\\\/wp-content\\\/uploads\\\/2024\\\/05\\\/72-NAL-1.jpg\",\"datePublished\":\"2024-05-18T09:06:33+00:00\",\"breadcrumb\":{\"@id\":\"https:\\\/\\\/www.eldiario.net\\\/portal\\\/2024\\\/05\\\/18\\\/ensenan-a-ninos-a-cuidar-nuestro-medio-ambiente\\\/#breadcrumb\"},\"inLanguage\":\"es\",\"potentialAction\":[{\"@type\":\"ReadAction\",\"target\":[\"https:\\\/\\\/www.eldiario.net\\\/portal\\\/2024\\\/05\\\/18\\\/ensenan-a-ninos-a-cuidar-nuestro-medio-ambiente\\\/\"]}]},{\"@type\":\"ImageObject\",\"inLanguage\":\"es\",\"@id\":\"https:\\\/\\\/www.eldiario.net\\\/portal\\\/2024\\\/05\\\/18\\\/ensenan-a-ninos-a-cuidar-nuestro-medio-ambiente\\\/#primaryimage\",\"url\":\"https:\\\/\\\/www.eldiario.net\\\/portal\\\/wp-content\\\/uploads\\\/2024\\\/05\\\/72-NAL-1.jpg\",\"contentUrl\":\"https:\\\/\\\/www.eldiario.net\\\/portal\\\/wp-content\\\/uploads\\\/2024\\\/05\\\/72-NAL-1.jpg\",\"width\":1280,\"height\":852,\"caption\":\"NI\u00d1OS TOMAN PARTE DEL TALLER.\"},{\"@type\":\"BreadcrumbList\",\"@id\":\"https:\\\/\\\/www.eldiario.net\\\/portal\\\/2024\\\/05\\\/18\\\/ensenan-a-ninos-a-cuidar-nuestro-medio-ambiente\\\/#breadcrumb\",\"itemListElement\":[{\"@type\":\"ListItem\",\"position\":1,\"name\":\"Portada\",\"item\":\"https:\\\/\\\/www.eldiario.net\\\/portal\\\/\"},{\"@type\":\"ListItem\",\"position\":2,\"name\":\"Ense\u00f1an a ni\u00f1os a cuidar nuestro medio ambiente\"}]},{\"@type\":\"WebSite\",\"@id\":\"https:\\\/\\\/www.eldiario.net\\\/portal\\\/#website\",\"url\":\"https:\\\/\\\/www.eldiario.net\\\/portal\\\/\",\"name\":\"El Diario - Decano de la prensa nacional\",\"description\":\"El Diario - Decano de la prensa nacional\",\"publisher\":{\"@id\":\"https:\\\/\\\/www.eldiario.net\\\/portal\\\/#organization\"},\"potentialAction\":[{\"@type\":\"SearchAction\",\"target\":{\"@type\":\"EntryPoint\",\"urlTemplate\":\"https:\\\/\\\/www.eldiario.net\\\/portal\\\/?s={search_term_string}\"},\"query-input\":{\"@type\":\"PropertyValueSpecification\",\"valueRequired\":true,\"valueName\":\"search_term_string\"}}],\"inLanguage\":\"es\"},{\"@type\":\"Organization\",\"@id\":\"https:\\\/\\\/www.eldiario.net\\\/portal\\\/#organization\",\"name\":\"El Diario - Decano de la prensa nacional\",\"url\":\"https:\\\/\\\/www.eldiario.net\\\/portal\\\/\",\"logo\":{\"@type\":\"ImageObject\",\"inLanguage\":\"es\",\"@id\":\"https:\\\/\\\/www.eldiario.net\\\/portal\\\/#\\\/schema\\\/logo\\\/image\\\/\",\"url\":\"https:\\\/\\\/www.eldiario.net\\\/portal\\\/wp-content\\\/uploads\\\/2023\\\/07\\\/logo_ED.jpg\",\"contentUrl\":\"https:\\\/\\\/www.eldiario.net\\\/portal\\\/wp-content\\\/uploads\\\/2023\\\/07\\\/logo_ED.jpg\",\"width\":272,\"height\":52,\"caption\":\"El Diario - Decano de la prensa nacional\"},\"image\":{\"@id\":\"https:\\\/\\\/www.eldiario.net\\\/portal\\\/#\\\/schema\\\/logo\\\/image\\\/\"},\"sameAs\":[\"https:\\\/\\\/www.facebook.com\\\/eldiario.bolivia\\\/\",\"https:\\\/\\\/x.com\\\/eldiario_net\"]},{\"@type\":\"Person\",\"@id\":\"https:\\\/\\\/www.eldiario.net\\\/portal\\\/#\\\/schema\\\/person\\\/f46445640444750d7d753ccd04ae01b7\",\"name\":\"Jeanette\",\"image\":{\"@type\":\"ImageObject\",\"inLanguage\":\"es\",\"@id\":\"https:\\\/\\\/secure.gravatar.com\\\/avatar\\\/3ea2118a5f7dad2b7138b1187a6b7ee55f160b9968b66013c3a3ef39dd7e5798?s=96&d=mm&r=g\",\"url\":\"https:\\\/\\\/secure.gravatar.com\\\/avatar\\\/3ea2118a5f7dad2b7138b1187a6b7ee55f160b9968b66013c3a3ef39dd7e5798?s=96&d=mm&r=g\",\"contentUrl\":\"https:\\\/\\\/secure.gravatar.com\\\/avatar\\\/3ea2118a5f7dad2b7138b1187a6b7ee55f160b9968b66013c3a3ef39dd7e5798?s=96&d=mm&r=g\",\"caption\":\"Jeanette\"},\"sameAs\":[\"https:\\\/\\\/www.eldiario.net\\\/portal\"],\"url\":\"https:\\\/\\\/www.eldiario.net\\\/portal\\\/author\\\/jeanette\\\/\"}]}<\/script>\n<!-- \/ Yoast SEO plugin. -->","yoast_head_json":{"title":"Ense\u00f1an a ni\u00f1os a cuidar nuestro medio ambiente - El Diario - Bolivia","robots":{"index":"index","follow":"follow","max-snippet":"max-snippet:-1","max-image-preview":"max-image-preview:large","max-video-preview":"max-video-preview:-1"},"canonical":"https:\/\/www.eldiario.net\/portal\/2024\/05\/18\/ensenan-a-ninos-a-cuidar-nuestro-medio-ambiente\/","og_locale":"es_ES","og_type":"article","og_title":"Ense\u00f1an a ni\u00f1os a cuidar nuestro medio ambiente - El Diario - Bolivia","og_description":"Conmemorando el D\u00eda Mundial del Reciclaje, el Programa de Educaci\u00f3n Ambiental de la Gobernaci\u00f3n de Santa Cruz realiz\u00f3 un taller te\u00f3rico pr\u00e1ctico de sensibilizaci\u00f3n sobre el cuidado del medio ambiente, donde participaron estudiantes de primer curso del ciclo inicial del Colegio Saint George. Luis Pati\u00f1o, responsable del programa, indic\u00f3 que concientizar a los ni\u00f1os sobre [&hellip;]","og_url":"https:\/\/www.eldiario.net\/portal\/2024\/05\/18\/ensenan-a-ninos-a-cuidar-nuestro-medio-ambiente\/","og_site_name":"El Diario - Bolivia","article_publisher":"https:\/\/www.facebook.com\/eldiario.bolivia\/","article_published_time":"2024-05-18T09:06:33+00:00","og_image":[{"width":1280,"height":852,"url":"https:\/\/www.eldiario.net\/portal\/wp-content\/uploads\/2024\/05\/72-NAL-1.jpg","type":"image\/jpeg"}],"author":"Jeanette","twitter_card":"summary_large_image","twitter_creator":"@eldiario_net","twitter_site":"@eldiario_net","twitter_misc":{"Escrito por":"Jeanette","Tiempo de lectura":"2 minutos"},"schema":{"@context":"https:\/\/schema.org","@graph":[{"@type":"Article","@id":"https:\/\/www.eldiario.net\/portal\/2024\/05\/18\/ensenan-a-ninos-a-cuidar-nuestro-medio-ambiente\/#article","isPartOf":{"@id":"https:\/\/www.eldiario.net\/portal\/2024\/05\/18\/ensenan-a-ninos-a-cuidar-nuestro-medio-ambiente\/"},"author":{"name":"Jeanette","@id":"https:\/\/www.eldiario.net\/portal\/#\/schema\/person\/f46445640444750d7d753ccd04ae01b7"},"headline":"Ense\u00f1an a ni\u00f1os a cuidar nuestro medio ambiente","datePublished":"2024-05-18T09:06:33+00:00","mainEntityOfPage":{"@id":"https:\/\/www.eldiario.net\/portal\/2024\/05\/18\/ensenan-a-ninos-a-cuidar-nuestro-medio-ambiente\/"},"wordCount":318,"commentCount":0,"publisher":{"@id":"https:\/\/www.eldiario.net\/portal\/#organization"},"image":{"@id":"https:\/\/www.eldiario.net\/portal\/2024\/05\/18\/ensenan-a-ninos-a-cuidar-nuestro-medio-ambiente\/#primaryimage"},"thumbnailUrl":"https:\/\/www.eldiario.net\/portal\/wp-content\/uploads\/2024\/05\/72-NAL-1.jpg","articleSection":["Nacional"],"inLanguage":"es","potentialAction":[{"@type":"CommentAction","name":"Comment","target":["https:\/\/www.eldiario.net\/portal\/2024\/05\/18\/ensenan-a-ninos-a-cuidar-nuestro-medio-ambiente\/#respond"]}]},{"@type":"WebPage","@id":"https:\/\/www.eldiario.net\/portal\/2024\/05\/18\/ensenan-a-ninos-a-cuidar-nuestro-medio-ambiente\/","url":"https:\/\/www.eldiario.net\/portal\/2024\/05\/18\/ensenan-a-ninos-a-cuidar-nuestro-medio-ambiente\/","name":"Ense\u00f1an a ni\u00f1os a cuidar nuestro medio ambiente - El Diario - Bolivia","isPartOf":{"@id":"https:\/\/www.eldiario.net\/portal\/#website"},"primaryImageOfPage":{"@id":"https:\/\/www.eldiario.net\/portal\/2024\/05\/18\/ensenan-a-ninos-a-cuidar-nuestro-medio-ambiente\/#primaryimage"},"image":{"@id":"https:\/\/www.eldiario.net\/portal\/2024\/05\/18\/ensenan-a-ninos-a-cuidar-nuestro-medio-ambiente\/#primaryimage"},"thumbnailUrl":"https:\/\/www.eldiario.net\/portal\/wp-content\/uploads\/2024\/05\/72-NAL-1.jpg","datePublished":"2024-05-18T09:06:33+00:00","breadcrumb":{"@id":"https:\/\/www.eldiario.net\/portal\/2024\/05\/18\/ensenan-a-ninos-a-cuidar-nuestro-medio-ambiente\/#breadcrumb"},"inLanguage":"es","potentialAction":[{"@type":"ReadAction","target":["https:\/\/www.eldiario.net\/portal\/2024\/05\/18\/ensenan-a-ninos-a-cuidar-nuestro-medio-ambiente\/"]}]},{"@type":"ImageObject","inLanguage":"es","@id":"https:\/\/www.eldiario.net\/portal\/2024\/05\/18\/ensenan-a-ninos-a-cuidar-nuestro-medio-ambiente\/#primaryimage","url":"https:\/\/www.eldiario.net\/portal\/wp-content\/uploads\/2024\/05\/72-NAL-1.jpg","contentUrl":"https:\/\/www.eldiario.net\/portal\/wp-content\/uploads\/2024\/05\/72-NAL-1.jpg","width":1280,"height":852,"caption":"NI\u00d1OS TOMAN PARTE DEL TALLER."},{"@type":"BreadcrumbList","@id":"https:\/\/www.eldiario.net\/portal\/2024\/05\/18\/ensenan-a-ninos-a-cuidar-nuestro-medio-ambiente\/#breadcrumb","itemListElement":[{"@type":"ListItem","position":1,"name":"Portada","item":"https:\/\/www.eldiario.net\/portal\/"},{"@type":"ListItem","position":2,"name":"Ense\u00f1an a ni\u00f1os a cuidar nuestro medio ambiente"}]},{"@type":"WebSite","@id":"https:\/\/www.eldiario.net\/portal\/#website","url":"https:\/\/www.eldiario.net\/portal\/","name":"El Diario - Decano de la prensa nacional","description":"El Diario - Decano de la prensa nacional","publisher":{"@id":"https:\/\/www.eldiario.net\/portal\/#organization"},"potentialAction":[{"@type":"SearchAction","target":{"@type":"EntryPoint","urlTemplate":"https:\/\/www.eldiario.net\/portal\/?s={search_term_string}"},"query-input":{"@type":"PropertyValueSpecification","valueRequired":true,"valueName":"search_term_string"}}],"inLanguage":"es"},{"@type":"Organization","@id":"https:\/\/www.eldiario.net\/portal\/#organization","name":"El Diario - Decano de la prensa nacional","url":"https:\/\/www.eldiario.net\/portal\/","logo":{"@type":"ImageObject","inLanguage":"es","@id":"https:\/\/www.eldiario.net\/portal\/#\/schema\/logo\/image\/","url":"https:\/\/www.eldiario.net\/portal\/wp-content\/uploads\/2023\/07\/logo_ED.jpg","contentUrl":"https:\/\/www.eldiario.net\/portal\/wp-content\/uploads\/2023\/07\/logo_ED.jpg","width":272,"height":52,"caption":"El Diario - Decano de la prensa nacional"},"image":{"@id":"https:\/\/www.eldiario.net\/portal\/#\/schema\/logo\/image\/"},"sameAs":["https:\/\/www.facebook.com\/eldiario.bolivia\/","https:\/\/x.com\/eldiario_net"]},{"@type":"Person","@id":"https:\/\/www.eldiario.net\/portal\/#\/schema\/person\/f46445640444750d7d753ccd04ae01b7","name":"Jeanette","image":{"@type":"ImageObject","inLanguage":"es","@id":"https:\/\/secure.gravatar.com\/avatar\/3ea2118a5f7dad2b7138b1187a6b7ee55f160b9968b66013c3a3ef39dd7e5798?s=96&d=mm&r=g","url":"https:\/\/secure.gravatar.com\/avatar\/3ea2118a5f7dad2b7138b1187a6b7ee55f160b9968b66013c3a3ef39dd7e5798?s=96&d=mm&r=g","contentUrl":"https:\/\/secure.gravatar.com\/avatar\/3ea2118a5f7dad2b7138b1187a6b7ee55f160b9968b66013c3a3ef39dd7e5798?s=96&d=mm&r=g","caption":"Jeanette"},"sameAs":["https:\/\/www.eldiario.net\/portal"],"url":"https:\/\/www.eldiario.net\/portal\/author\/jeanette\/"}]}},"_links":{"self":[{"href":"https:\/\/www.eldiario.net\/portal\/wp-json\/wp\/v2\/posts\/221290","targetHints":{"allow":["GET"]}}],"collection":[{"href":"https:\/\/www.eldiario.net\/portal\/wp-json\/wp\/v2\/posts"}],"about":[{"href":"https:\/\/www.eldiario.net\/portal\/wp-json\/wp\/v2\/types\/post"}],"author":[{"embeddable":true,"href":"https:\/\/www.eldiario.net\/portal\/wp-json\/wp\/v2\/users\/1"}],"replies":[{"embeddable":true,"href":"https:\/\/www.eldiario.net\/portal\/wp-json\/wp\/v2\/comments?post=221290"}],"version-history":[{"count":1,"href":"https:\/\/www.eldiario.net\/portal\/wp-json\/wp\/v2\/posts\/221290\/revisions"}],"predecessor-version":[{"id":221292,"href":"https:\/\/www.eldiario.net\/portal\/wp-json\/wp\/v2\/posts\/221290\/revisions\/221292"}],"wp:featuredmedia":[{"embeddable":true,"href":"https:\/\/www.eldiario.net\/portal\/wp-json\/wp\/v2\/media\/221291"}],"wp:attachment":[{"href":"https:\/\/www.eldiario.net\/portal\/wp-json\/wp\/v2\/media?parent=221290"}],"wp:term":[{"taxonomy":"category","embeddable":true,"href":"https:\/\/www.eldiario.net\/portal\/wp-json\/wp\/v2\/categories?post=221290"},{"taxonomy":"post_tag","embeddable":true,"href":"https:\/\/www.eldiario.net\/portal\/wp-json\/wp\/v2\/tags?post=221290"}],"curies":[{"name":"wp","href":"https:\/\/api.w.org\/{rel}","templated":true}]}}