{"id":221274,"date":"2024-05-18T05:00:43","date_gmt":"2024-05-18T09:00:43","guid":{"rendered":"https:\/\/www.eldiario.net\/portal\/?p=221274"},"modified":"2024-05-18T05:00:43","modified_gmt":"2024-05-18T09:00:43","slug":"gobierno-pretende-atribuir-el-trabajo-informal-a-empresarios","status":"publish","type":"post","link":"https:\/\/www.eldiario.net\/portal\/2024\/05\/18\/gobierno-pretende-atribuir-el-trabajo-informal-a-empresarios\/","title":{"rendered":"Gobierno pretende atribuir el trabajo informal a empresarios"},"content":{"rendered":"<p>Tras las declaraciones de la ministra de Trabajo, Ver\u00f3nica Navia, quien asegur\u00f3 que la tasa de trabajo informal en Bolivia es generada por la propia empresa privada, que no registra sus contratos y relaciones laborales, la Confederaci\u00f3n de Empresarios Privados de Bolivia (CEPB) rechaz\u00f3 las aseveraciones de la autoridad, calific\u00e1ndola de \u201cinaceptable\u201d que el Gobierno les atribuya la informalidad laboral.<br \/>\nEn el Taller Hemisf\u00e9rico \u201cFuturo del trabajo y nuevas din\u00e1micas del empleo en las Am\u00e9ricas\u201d de San Jos\u00e9 de Costa Rica, Navia sostuvo que \u201cla informalidad la genera el propio empleador o empresario privado en la que nosotros estamos en la obligaci\u00f3n de combatir y a la que volcamos toda nuestra labor\u201d, explic\u00f3.<br \/>\nAsimismo, en el encuentro internacional, la ministra destac\u00f3 los indicadores que sit\u00faan a Bolivia como un pa\u00eds con la menor tasa de desocupaci\u00f3n en Sudam\u00e9rica como resultado del Modelo Econ\u00f3mico Social Comunitario Productivo, cita un bolet\u00edn institucional, seg\u00fan Abi.<br \/>\nEntretanto, la CEPB mediante un comunicado sostiene que \u201cel trabajo informal en Bolivia supera al 80%, es un problema \u201cestructural y de larga data que se profundiza por la informalidad econ\u00f3mica y los desequilibrios en las pol\u00edticas salariales que dificultan la creaci\u00f3n y sostenimiento de empleo digno\u201d.<br \/>\nAdem\u00e1s, puntualiza que \u201cpretender responsabilizar a los empresarios privados por la informalidad laboral no solo es injusto sino inaceptable\u201d, se\u00f1ala un comunicado de la Confederaci\u00f3n de Empresarios Privados de Bolivia.<\/p>\n<p>&nbsp;<\/p>\n","protected":false},"excerpt":{"rendered":"<p>Tras las declaraciones de la ministra de Trabajo, Ver\u00f3nica Navia, quien asegur\u00f3 que la tasa de trabajo informal en Bolivia es generada por la propia empresa privada, que no registra sus contratos y relaciones laborales, la Confederaci\u00f3n de Empresarios Privados de Bolivia (CEPB) rechaz\u00f3 las aseveraciones de la autoridad, calific\u00e1ndola de \u201cinaceptable\u201d que el Gobierno [&hellip;]<\/p>\n","protected":false},"author":1,"featured_media":221275,"comment_status":"open","ping_status":"open","sticky":false,"template":"","format":"standard","meta":{"_acf_changed":false,"footnotes":""},"categories":[17],"tags":[],"class_list":["post-221274","post","type-post","status-publish","format-standard","has-post-thumbnail","category-principal"],"acf":{"antetitulo":"CEPB califica de injusto e inaceptable"},"yoast_head":"<!-- This site is optimized with the Yoast SEO plugin v28.4 - https:\/\/yoast.com\/product\/yoast-seo-wordpress\/ -->\n<title>Gobierno pretende atribuir el trabajo informal a empresarios - El Diario - Bolivia<\/title>\n<meta name=\"robots\" content=\"index, follow, max-snippet:-1, max-image-preview:large, max-video-preview:-1\" \/>\n<link rel=\"canonical\" href=\"https:\/\/www.eldiario.net\/portal\/2024\/05\/18\/gobierno-pretende-atribuir-el-trabajo-informal-a-empresarios\/\" \/>\n<meta property=\"og:locale\" content=\"es_ES\" \/>\n<meta property=\"og:type\" content=\"article\" \/>\n<meta property=\"og:title\" content=\"Gobierno pretende atribuir el trabajo informal a empresarios - El Diario - Bolivia\" \/>\n<meta property=\"og:description\" content=\"Tras las declaraciones de la ministra de Trabajo, Ver\u00f3nica Navia, quien asegur\u00f3 que la tasa de trabajo informal en Bolivia es generada por la propia empresa privada, que no registra sus contratos y relaciones laborales, la Confederaci\u00f3n de Empresarios Privados de Bolivia (CEPB) rechaz\u00f3 las aseveraciones de la autoridad, calific\u00e1ndola de \u201cinaceptable\u201d que el Gobierno [&hellip;]\" \/>\n<meta property=\"og:url\" content=\"https:\/\/www.eldiario.net\/portal\/2024\/05\/18\/gobierno-pretende-atribuir-el-trabajo-informal-a-empresarios\/\" \/>\n<meta property=\"og:site_name\" content=\"El Diario - Bolivia\" \/>\n<meta property=\"article:publisher\" content=\"https:\/\/www.facebook.com\/eldiario.bolivia\/\" \/>\n<meta property=\"article:published_time\" content=\"2024-05-18T09:00:43+00:00\" \/>\n<meta property=\"og:image\" content=\"https:\/\/www.eldiario.net\/portal\/wp-content\/uploads\/2024\/05\/P-1-20-cm-x-10-4.jpg\" \/>\n\t<meta property=\"og:image:width\" content=\"1600\" \/>\n\t<meta property=\"og:image:height\" content=\"900\" \/>\n\t<meta property=\"og:image:type\" content=\"image\/jpeg\" \/>\n<meta name=\"author\" content=\"Jeanette\" \/>\n<meta name=\"twitter:card\" content=\"summary_large_image\" \/>\n<meta name=\"twitter:creator\" content=\"@eldiario_net\" \/>\n<meta name=\"twitter:site\" content=\"@eldiario_net\" \/>\n<meta name=\"twitter:label1\" content=\"Escrito por\" \/>\n\t<meta name=\"twitter:data1\" content=\"Jeanette\" \/>\n\t<meta name=\"twitter:label2\" content=\"Tiempo de lectura\" \/>\n\t<meta name=\"twitter:data2\" content=\"2 minutos\" \/>\n<script type=\"application\/ld+json\" class=\"yoast-schema-graph\">{\"@context\":\"https:\\\/\\\/schema.org\",\"@graph\":[{\"@type\":\"Article\",\"@id\":\"https:\\\/\\\/www.eldiario.net\\\/portal\\\/2024\\\/05\\\/18\\\/gobierno-pretende-atribuir-el-trabajo-informal-a-empresarios\\\/#article\",\"isPartOf\":{\"@id\":\"https:\\\/\\\/www.eldiario.net\\\/portal\\\/2024\\\/05\\\/18\\\/gobierno-pretende-atribuir-el-trabajo-informal-a-empresarios\\\/\"},\"author\":{\"name\":\"Jeanette\",\"@id\":\"https:\\\/\\\/www.eldiario.net\\\/portal\\\/#\\\/schema\\\/person\\\/f46445640444750d7d753ccd04ae01b7\"},\"headline\":\"Gobierno pretende atribuir el trabajo informal a empresarios\",\"datePublished\":\"2024-05-18T09:00:43+00:00\",\"mainEntityOfPage\":{\"@id\":\"https:\\\/\\\/www.eldiario.net\\\/portal\\\/2024\\\/05\\\/18\\\/gobierno-pretende-atribuir-el-trabajo-informal-a-empresarios\\\/\"},\"wordCount\":257,\"commentCount\":0,\"publisher\":{\"@id\":\"https:\\\/\\\/www.eldiario.net\\\/portal\\\/#organization\"},\"image\":{\"@id\":\"https:\\\/\\\/www.eldiario.net\\\/portal\\\/2024\\\/05\\\/18\\\/gobierno-pretende-atribuir-el-trabajo-informal-a-empresarios\\\/#primaryimage\"},\"thumbnailUrl\":\"https:\\\/\\\/www.eldiario.net\\\/portal\\\/wp-content\\\/uploads\\\/2024\\\/05\\\/P-1-20-cm-x-10-4.jpg\",\"articleSection\":[\"Principal\"],\"inLanguage\":\"es\",\"potentialAction\":[{\"@type\":\"CommentAction\",\"name\":\"Comment\",\"target\":[\"https:\\\/\\\/www.eldiario.net\\\/portal\\\/2024\\\/05\\\/18\\\/gobierno-pretende-atribuir-el-trabajo-informal-a-empresarios\\\/#respond\"]}]},{\"@type\":\"WebPage\",\"@id\":\"https:\\\/\\\/www.eldiario.net\\\/portal\\\/2024\\\/05\\\/18\\\/gobierno-pretende-atribuir-el-trabajo-informal-a-empresarios\\\/\",\"url\":\"https:\\\/\\\/www.eldiario.net\\\/portal\\\/2024\\\/05\\\/18\\\/gobierno-pretende-atribuir-el-trabajo-informal-a-empresarios\\\/\",\"name\":\"Gobierno pretende atribuir el trabajo informal a empresarios - El Diario - Bolivia\",\"isPartOf\":{\"@id\":\"https:\\\/\\\/www.eldiario.net\\\/portal\\\/#website\"},\"primaryImageOfPage\":{\"@id\":\"https:\\\/\\\/www.eldiario.net\\\/portal\\\/2024\\\/05\\\/18\\\/gobierno-pretende-atribuir-el-trabajo-informal-a-empresarios\\\/#primaryimage\"},\"image\":{\"@id\":\"https:\\\/\\\/www.eldiario.net\\\/portal\\\/2024\\\/05\\\/18\\\/gobierno-pretende-atribuir-el-trabajo-informal-a-empresarios\\\/#primaryimage\"},\"thumbnailUrl\":\"https:\\\/\\\/www.eldiario.net\\\/portal\\\/wp-content\\\/uploads\\\/2024\\\/05\\\/P-1-20-cm-x-10-4.jpg\",\"datePublished\":\"2024-05-18T09:00:43+00:00\",\"breadcrumb\":{\"@id\":\"https:\\\/\\\/www.eldiario.net\\\/portal\\\/2024\\\/05\\\/18\\\/gobierno-pretende-atribuir-el-trabajo-informal-a-empresarios\\\/#breadcrumb\"},\"inLanguage\":\"es\",\"potentialAction\":[{\"@type\":\"ReadAction\",\"target\":[\"https:\\\/\\\/www.eldiario.net\\\/portal\\\/2024\\\/05\\\/18\\\/gobierno-pretende-atribuir-el-trabajo-informal-a-empresarios\\\/\"]}]},{\"@type\":\"ImageObject\",\"inLanguage\":\"es\",\"@id\":\"https:\\\/\\\/www.eldiario.net\\\/portal\\\/2024\\\/05\\\/18\\\/gobierno-pretende-atribuir-el-trabajo-informal-a-empresarios\\\/#primaryimage\",\"url\":\"https:\\\/\\\/www.eldiario.net\\\/portal\\\/wp-content\\\/uploads\\\/2024\\\/05\\\/P-1-20-cm-x-10-4.jpg\",\"contentUrl\":\"https:\\\/\\\/www.eldiario.net\\\/portal\\\/wp-content\\\/uploads\\\/2024\\\/05\\\/P-1-20-cm-x-10-4.jpg\",\"width\":1600,\"height\":900,\"caption\":\"El comercio informal ofrece distintos productos en diferentes puntos del pa\u00eds, que se constituye en una forma de subsistencia para un elevado porcentaje de bolivianos.\"},{\"@type\":\"BreadcrumbList\",\"@id\":\"https:\\\/\\\/www.eldiario.net\\\/portal\\\/2024\\\/05\\\/18\\\/gobierno-pretende-atribuir-el-trabajo-informal-a-empresarios\\\/#breadcrumb\",\"itemListElement\":[{\"@type\":\"ListItem\",\"position\":1,\"name\":\"Portada\",\"item\":\"https:\\\/\\\/www.eldiario.net\\\/portal\\\/\"},{\"@type\":\"ListItem\",\"position\":2,\"name\":\"Gobierno pretende atribuir el trabajo informal a empresarios\"}]},{\"@type\":\"WebSite\",\"@id\":\"https:\\\/\\\/www.eldiario.net\\\/portal\\\/#website\",\"url\":\"https:\\\/\\\/www.eldiario.net\\\/portal\\\/\",\"name\":\"El Diario - Decano de la prensa nacional\",\"description\":\"El Diario - Decano de la prensa nacional\",\"publisher\":{\"@id\":\"https:\\\/\\\/www.eldiario.net\\\/portal\\\/#organization\"},\"potentialAction\":[{\"@type\":\"SearchAction\",\"target\":{\"@type\":\"EntryPoint\",\"urlTemplate\":\"https:\\\/\\\/www.eldiario.net\\\/portal\\\/?s={search_term_string}\"},\"query-input\":{\"@type\":\"PropertyValueSpecification\",\"valueRequired\":true,\"valueName\":\"search_term_string\"}}],\"inLanguage\":\"es\"},{\"@type\":\"Organization\",\"@id\":\"https:\\\/\\\/www.eldiario.net\\\/portal\\\/#organization\",\"name\":\"El Diario - Decano de la prensa nacional\",\"url\":\"https:\\\/\\\/www.eldiario.net\\\/portal\\\/\",\"logo\":{\"@type\":\"ImageObject\",\"inLanguage\":\"es\",\"@id\":\"https:\\\/\\\/www.eldiario.net\\\/portal\\\/#\\\/schema\\\/logo\\\/image\\\/\",\"url\":\"https:\\\/\\\/www.eldiario.net\\\/portal\\\/wp-content\\\/uploads\\\/2023\\\/07\\\/logo_ED.jpg\",\"contentUrl\":\"https:\\\/\\\/www.eldiario.net\\\/portal\\\/wp-content\\\/uploads\\\/2023\\\/07\\\/logo_ED.jpg\",\"width\":272,\"height\":52,\"caption\":\"El Diario - Decano de la prensa nacional\"},\"image\":{\"@id\":\"https:\\\/\\\/www.eldiario.net\\\/portal\\\/#\\\/schema\\\/logo\\\/image\\\/\"},\"sameAs\":[\"https:\\\/\\\/www.facebook.com\\\/eldiario.bolivia\\\/\",\"https:\\\/\\\/x.com\\\/eldiario_net\"]},{\"@type\":\"Person\",\"@id\":\"https:\\\/\\\/www.eldiario.net\\\/portal\\\/#\\\/schema\\\/person\\\/f46445640444750d7d753ccd04ae01b7\",\"name\":\"Jeanette\",\"image\":{\"@type\":\"ImageObject\",\"inLanguage\":\"es\",\"@id\":\"https:\\\/\\\/secure.gravatar.com\\\/avatar\\\/3ea2118a5f7dad2b7138b1187a6b7ee55f160b9968b66013c3a3ef39dd7e5798?s=96&d=mm&r=g\",\"url\":\"https:\\\/\\\/secure.gravatar.com\\\/avatar\\\/3ea2118a5f7dad2b7138b1187a6b7ee55f160b9968b66013c3a3ef39dd7e5798?s=96&d=mm&r=g\",\"contentUrl\":\"https:\\\/\\\/secure.gravatar.com\\\/avatar\\\/3ea2118a5f7dad2b7138b1187a6b7ee55f160b9968b66013c3a3ef39dd7e5798?s=96&d=mm&r=g\",\"caption\":\"Jeanette\"},\"sameAs\":[\"https:\\\/\\\/www.eldiario.net\\\/portal\"],\"url\":\"https:\\\/\\\/www.eldiario.net\\\/portal\\\/author\\\/jeanette\\\/\"}]}<\/script>\n<!-- \/ Yoast SEO plugin. -->","yoast_head_json":{"title":"Gobierno pretende atribuir el trabajo informal a empresarios - El Diario - Bolivia","robots":{"index":"index","follow":"follow","max-snippet":"max-snippet:-1","max-image-preview":"max-image-preview:large","max-video-preview":"max-video-preview:-1"},"canonical":"https:\/\/www.eldiario.net\/portal\/2024\/05\/18\/gobierno-pretende-atribuir-el-trabajo-informal-a-empresarios\/","og_locale":"es_ES","og_type":"article","og_title":"Gobierno pretende atribuir el trabajo informal a empresarios - El Diario - Bolivia","og_description":"Tras las declaraciones de la ministra de Trabajo, Ver\u00f3nica Navia, quien asegur\u00f3 que la tasa de trabajo informal en Bolivia es generada por la propia empresa privada, que no registra sus contratos y relaciones laborales, la Confederaci\u00f3n de Empresarios Privados de Bolivia (CEPB) rechaz\u00f3 las aseveraciones de la autoridad, calific\u00e1ndola de \u201cinaceptable\u201d que el Gobierno [&hellip;]","og_url":"https:\/\/www.eldiario.net\/portal\/2024\/05\/18\/gobierno-pretende-atribuir-el-trabajo-informal-a-empresarios\/","og_site_name":"El Diario - Bolivia","article_publisher":"https:\/\/www.facebook.com\/eldiario.bolivia\/","article_published_time":"2024-05-18T09:00:43+00:00","og_image":[{"width":1600,"height":900,"url":"https:\/\/www.eldiario.net\/portal\/wp-content\/uploads\/2024\/05\/P-1-20-cm-x-10-4.jpg","type":"image\/jpeg"}],"author":"Jeanette","twitter_card":"summary_large_image","twitter_creator":"@eldiario_net","twitter_site":"@eldiario_net","twitter_misc":{"Escrito por":"Jeanette","Tiempo de lectura":"2 minutos"},"schema":{"@context":"https:\/\/schema.org","@graph":[{"@type":"Article","@id":"https:\/\/www.eldiario.net\/portal\/2024\/05\/18\/gobierno-pretende-atribuir-el-trabajo-informal-a-empresarios\/#article","isPartOf":{"@id":"https:\/\/www.eldiario.net\/portal\/2024\/05\/18\/gobierno-pretende-atribuir-el-trabajo-informal-a-empresarios\/"},"author":{"name":"Jeanette","@id":"https:\/\/www.eldiario.net\/portal\/#\/schema\/person\/f46445640444750d7d753ccd04ae01b7"},"headline":"Gobierno pretende atribuir el trabajo informal a empresarios","datePublished":"2024-05-18T09:00:43+00:00","mainEntityOfPage":{"@id":"https:\/\/www.eldiario.net\/portal\/2024\/05\/18\/gobierno-pretende-atribuir-el-trabajo-informal-a-empresarios\/"},"wordCount":257,"commentCount":0,"publisher":{"@id":"https:\/\/www.eldiario.net\/portal\/#organization"},"image":{"@id":"https:\/\/www.eldiario.net\/portal\/2024\/05\/18\/gobierno-pretende-atribuir-el-trabajo-informal-a-empresarios\/#primaryimage"},"thumbnailUrl":"https:\/\/www.eldiario.net\/portal\/wp-content\/uploads\/2024\/05\/P-1-20-cm-x-10-4.jpg","articleSection":["Principal"],"inLanguage":"es","potentialAction":[{"@type":"CommentAction","name":"Comment","target":["https:\/\/www.eldiario.net\/portal\/2024\/05\/18\/gobierno-pretende-atribuir-el-trabajo-informal-a-empresarios\/#respond"]}]},{"@type":"WebPage","@id":"https:\/\/www.eldiario.net\/portal\/2024\/05\/18\/gobierno-pretende-atribuir-el-trabajo-informal-a-empresarios\/","url":"https:\/\/www.eldiario.net\/portal\/2024\/05\/18\/gobierno-pretende-atribuir-el-trabajo-informal-a-empresarios\/","name":"Gobierno pretende atribuir el trabajo informal a empresarios - El Diario - Bolivia","isPartOf":{"@id":"https:\/\/www.eldiario.net\/portal\/#website"},"primaryImageOfPage":{"@id":"https:\/\/www.eldiario.net\/portal\/2024\/05\/18\/gobierno-pretende-atribuir-el-trabajo-informal-a-empresarios\/#primaryimage"},"image":{"@id":"https:\/\/www.eldiario.net\/portal\/2024\/05\/18\/gobierno-pretende-atribuir-el-trabajo-informal-a-empresarios\/#primaryimage"},"thumbnailUrl":"https:\/\/www.eldiario.net\/portal\/wp-content\/uploads\/2024\/05\/P-1-20-cm-x-10-4.jpg","datePublished":"2024-05-18T09:00:43+00:00","breadcrumb":{"@id":"https:\/\/www.eldiario.net\/portal\/2024\/05\/18\/gobierno-pretende-atribuir-el-trabajo-informal-a-empresarios\/#breadcrumb"},"inLanguage":"es","potentialAction":[{"@type":"ReadAction","target":["https:\/\/www.eldiario.net\/portal\/2024\/05\/18\/gobierno-pretende-atribuir-el-trabajo-informal-a-empresarios\/"]}]},{"@type":"ImageObject","inLanguage":"es","@id":"https:\/\/www.eldiario.net\/portal\/2024\/05\/18\/gobierno-pretende-atribuir-el-trabajo-informal-a-empresarios\/#primaryimage","url":"https:\/\/www.eldiario.net\/portal\/wp-content\/uploads\/2024\/05\/P-1-20-cm-x-10-4.jpg","contentUrl":"https:\/\/www.eldiario.net\/portal\/wp-content\/uploads\/2024\/05\/P-1-20-cm-x-10-4.jpg","width":1600,"height":900,"caption":"El comercio informal ofrece distintos productos en diferentes puntos del pa\u00eds, que se constituye en una forma de subsistencia para un elevado porcentaje de bolivianos."},{"@type":"BreadcrumbList","@id":"https:\/\/www.eldiario.net\/portal\/2024\/05\/18\/gobierno-pretende-atribuir-el-trabajo-informal-a-empresarios\/#breadcrumb","itemListElement":[{"@type":"ListItem","position":1,"name":"Portada","item":"https:\/\/www.eldiario.net\/portal\/"},{"@type":"ListItem","position":2,"name":"Gobierno pretende atribuir el trabajo informal a empresarios"}]},{"@type":"WebSite","@id":"https:\/\/www.eldiario.net\/portal\/#website","url":"https:\/\/www.eldiario.net\/portal\/","name":"El Diario - Decano de la prensa nacional","description":"El Diario - Decano de la prensa nacional","publisher":{"@id":"https:\/\/www.eldiario.net\/portal\/#organization"},"potentialAction":[{"@type":"SearchAction","target":{"@type":"EntryPoint","urlTemplate":"https:\/\/www.eldiario.net\/portal\/?s={search_term_string}"},"query-input":{"@type":"PropertyValueSpecification","valueRequired":true,"valueName":"search_term_string"}}],"inLanguage":"es"},{"@type":"Organization","@id":"https:\/\/www.eldiario.net\/portal\/#organization","name":"El Diario - Decano de la prensa nacional","url":"https:\/\/www.eldiario.net\/portal\/","logo":{"@type":"ImageObject","inLanguage":"es","@id":"https:\/\/www.eldiario.net\/portal\/#\/schema\/logo\/image\/","url":"https:\/\/www.eldiario.net\/portal\/wp-content\/uploads\/2023\/07\/logo_ED.jpg","contentUrl":"https:\/\/www.eldiario.net\/portal\/wp-content\/uploads\/2023\/07\/logo_ED.jpg","width":272,"height":52,"caption":"El Diario - Decano de la prensa nacional"},"image":{"@id":"https:\/\/www.eldiario.net\/portal\/#\/schema\/logo\/image\/"},"sameAs":["https:\/\/www.facebook.com\/eldiario.bolivia\/","https:\/\/x.com\/eldiario_net"]},{"@type":"Person","@id":"https:\/\/www.eldiario.net\/portal\/#\/schema\/person\/f46445640444750d7d753ccd04ae01b7","name":"Jeanette","image":{"@type":"ImageObject","inLanguage":"es","@id":"https:\/\/secure.gravatar.com\/avatar\/3ea2118a5f7dad2b7138b1187a6b7ee55f160b9968b66013c3a3ef39dd7e5798?s=96&d=mm&r=g","url":"https:\/\/secure.gravatar.com\/avatar\/3ea2118a5f7dad2b7138b1187a6b7ee55f160b9968b66013c3a3ef39dd7e5798?s=96&d=mm&r=g","contentUrl":"https:\/\/secure.gravatar.com\/avatar\/3ea2118a5f7dad2b7138b1187a6b7ee55f160b9968b66013c3a3ef39dd7e5798?s=96&d=mm&r=g","caption":"Jeanette"},"sameAs":["https:\/\/www.eldiario.net\/portal"],"url":"https:\/\/www.eldiario.net\/portal\/author\/jeanette\/"}]}},"_links":{"self":[{"href":"https:\/\/www.eldiario.net\/portal\/wp-json\/wp\/v2\/posts\/221274","targetHints":{"allow":["GET"]}}],"collection":[{"href":"https:\/\/www.eldiario.net\/portal\/wp-json\/wp\/v2\/posts"}],"about":[{"href":"https:\/\/www.eldiario.net\/portal\/wp-json\/wp\/v2\/types\/post"}],"author":[{"embeddable":true,"href":"https:\/\/www.eldiario.net\/portal\/wp-json\/wp\/v2\/users\/1"}],"replies":[{"embeddable":true,"href":"https:\/\/www.eldiario.net\/portal\/wp-json\/wp\/v2\/comments?post=221274"}],"version-history":[{"count":1,"href":"https:\/\/www.eldiario.net\/portal\/wp-json\/wp\/v2\/posts\/221274\/revisions"}],"predecessor-version":[{"id":221276,"href":"https:\/\/www.eldiario.net\/portal\/wp-json\/wp\/v2\/posts\/221274\/revisions\/221276"}],"wp:featuredmedia":[{"embeddable":true,"href":"https:\/\/www.eldiario.net\/portal\/wp-json\/wp\/v2\/media\/221275"}],"wp:attachment":[{"href":"https:\/\/www.eldiario.net\/portal\/wp-json\/wp\/v2\/media?parent=221274"}],"wp:term":[{"taxonomy":"category","embeddable":true,"href":"https:\/\/www.eldiario.net\/portal\/wp-json\/wp\/v2\/categories?post=221274"},{"taxonomy":"post_tag","embeddable":true,"href":"https:\/\/www.eldiario.net\/portal\/wp-json\/wp\/v2\/tags?post=221274"}],"curies":[{"name":"wp","href":"https:\/\/api.w.org\/{rel}","templated":true}]}}