{"id":221265,"date":"2024-05-18T04:58:39","date_gmt":"2024-05-18T08:58:39","guid":{"rendered":"https:\/\/www.eldiario.net\/portal\/?p=221265"},"modified":"2024-05-18T04:58:39","modified_gmt":"2024-05-18T08:58:39","slug":"escasez-de-diesel-perjudica-inicio-de-campana-de-invierno","status":"publish","type":"post","link":"https:\/\/www.eldiario.net\/portal\/2024\/05\/18\/escasez-de-diesel-perjudica-inicio-de-campana-de-invierno\/","title":{"rendered":"Escasez de di\u00e9sel perjudica  inicio de campa\u00f1a de invierno"},"content":{"rendered":"<p class=\"v1MsoNormal\">El gerente general de la C\u00e1mara Agropecuaria del Oriente (CAO), Edilberto Osinaga, sostuvo que la escasez de di\u00e9sel que se registra en diferentes estaciones de servicio del departamento cruce\u00f1o perjudica el inicio de la campa\u00f1a de invierno.<\/p>\n<p class=\"v1MsoNormal\">\u00abEs una preocupaci\u00f3n para la CAO y para todos los sectores. Hoy empieza la zafra y, a pesar de que tenemos varios meses, el calendario y el clima afectan, entonces las actividades tanto de la zafra como de los otros rubros necesitan di\u00e9sel oportuno\u00bb, manifest\u00f3 el ejecutivo en entrevista con Canal Rural.<\/p>\n<p class=\"v1MsoNormal\">Osinaga pidi\u00f3 a las autoridades competentes garantizar el abastecimiento de combustible, ya que \u00ablas labores en los cultivos, sea siembra, mantenimiento o cosecha no se pueden postergar\u00bb debido a que en cualquier retraso existe riesgo de deterioro de cultivos o se pueden dar cambios en el clima que implican p\u00e9rdidas.<\/p>\n<p class=\"v1MsoNormal\">\u00abEstamos pasando situaciones complejas por el clima que nos ha afectado a la parte productiva desde el a\u00f1o pasado. Tambi\u00e9n la falta de d\u00f3lares nos ha hecho encarecer los insumos, los rendimientos de los distintos cultivos en esta cosecha de verano no son los mejores\u00bb, lament\u00f3.<\/p>\n<p class=\"v1MsoNormal\">Mientras tanto, Yacimientos Petrol\u00edferos Fiscales Bolivianos (YPFB) se\u00f1alaron que durante el periodo que comprende desde el s\u00e1bado 11 al s\u00e1bado 18 de mayo del presente a\u00f1o, se tiene prevista la importaci\u00f3n de un volumen aproximado de 135 millones de litros de gasolina y di\u00e9sel.<\/p>\n<p class=\"v1MsoNormal\">Seg\u00fan el reporte de la petrolera estatal, las importaciones son \u00abnormales\u00bb; sin embargo, en los surtidores se advierten filas que vienen acompa\u00f1adas de las quejas de los transportistas y productores que deben abandonar sus labores para buscar el carburante.<\/p>\n<p class=\"v1MsoNormal\">Desde la Asociaci\u00f3n de Productores de Ma\u00edz y Sorgo (Promasor), el dirigente Mario Moreno sostuvo que el sector requiere diariamente entre 20 y 40 litros de combustible por hect\u00e1rea, en lo que respecta a la siembra.<\/p>\n<p class=\"v1MsoNormal\">Moreno sostuvo que un productor en promedio requiere al menos 500 litros, pero tambi\u00e9n se debe tomar en cuenta que el transporte de la producci\u00f3n tambi\u00e9n requiere de carburantes, por lo que pidi\u00f3 garantizar el suministro.<\/p>\n<p class=\"v1MsoNormal\">Por su parte, Carlos Rojas, presidente del ingenio sucroalcoholero Guabir\u00e1, sostuvo que se apunta a la coordinaci\u00f3n constante con las autoridades para tener un ciclo de zafra dentro de los est\u00e1ndares normales para cumplir con la provisi\u00f3n de etanol, az\u00facar y otros derivados de la ca\u00f1a. (Unitel\/Canal Rural)<\/p>\n<p class=\"v1MsoNormal\">\n","protected":false},"excerpt":{"rendered":"<p>El gerente general de la C\u00e1mara Agropecuaria del Oriente (CAO), Edilberto Osinaga, sostuvo que la escasez de di\u00e9sel que se registra en diferentes estaciones de servicio del departamento cruce\u00f1o perjudica el inicio de la campa\u00f1a de invierno. \u00abEs una preocupaci\u00f3n para la CAO y para todos los sectores. Hoy empieza la zafra y, a pesar [&hellip;]<\/p>\n","protected":false},"author":1,"featured_media":221266,"comment_status":"open","ping_status":"open","sticky":false,"template":"","format":"standard","meta":{"_acf_changed":false,"footnotes":""},"categories":[15],"tags":[],"class_list":["post-221265","post","type-post","status-publish","format-standard","has-post-thumbnail","category-portada"],"acf":{"antetitulo":"Agropecuarios advierten"},"yoast_head":"<!-- This site is optimized with the Yoast SEO plugin v28.4 - https:\/\/yoast.com\/product\/yoast-seo-wordpress\/ -->\n<title>Escasez de di\u00e9sel perjudica inicio de campa\u00f1a de invierno - El Diario - Bolivia<\/title>\n<meta name=\"robots\" content=\"index, follow, max-snippet:-1, max-image-preview:large, max-video-preview:-1\" \/>\n<link rel=\"canonical\" href=\"https:\/\/www.eldiario.net\/portal\/2024\/05\/18\/escasez-de-diesel-perjudica-inicio-de-campana-de-invierno\/\" \/>\n<meta property=\"og:locale\" content=\"es_ES\" \/>\n<meta property=\"og:type\" content=\"article\" \/>\n<meta property=\"og:title\" content=\"Escasez de di\u00e9sel perjudica inicio de campa\u00f1a de invierno - El Diario - Bolivia\" \/>\n<meta property=\"og:description\" content=\"El gerente general de la C\u00e1mara Agropecuaria del Oriente (CAO), Edilberto Osinaga, sostuvo que la escasez de di\u00e9sel que se registra en diferentes estaciones de servicio del departamento cruce\u00f1o perjudica el inicio de la campa\u00f1a de invierno. \u00abEs una preocupaci\u00f3n para la CAO y para todos los sectores. Hoy empieza la zafra y, a pesar [&hellip;]\" \/>\n<meta property=\"og:url\" content=\"https:\/\/www.eldiario.net\/portal\/2024\/05\/18\/escasez-de-diesel-perjudica-inicio-de-campana-de-invierno\/\" \/>\n<meta property=\"og:site_name\" content=\"El Diario - Bolivia\" \/>\n<meta property=\"article:publisher\" content=\"https:\/\/www.facebook.com\/eldiario.bolivia\/\" \/>\n<meta property=\"article:published_time\" content=\"2024-05-18T08:58:39+00:00\" \/>\n<meta property=\"og:image\" content=\"https:\/\/www.eldiario.net\/portal\/wp-content\/uploads\/2024\/05\/P-3-10-cm-x-7-1.png\" \/>\n\t<meta property=\"og:image:width\" content=\"1024\" \/>\n\t<meta property=\"og:image:height\" content=\"512\" \/>\n\t<meta property=\"og:image:type\" content=\"image\/png\" \/>\n<meta name=\"author\" content=\"Jeanette\" \/>\n<meta name=\"twitter:card\" content=\"summary_large_image\" \/>\n<meta name=\"twitter:creator\" content=\"@eldiario_net\" \/>\n<meta name=\"twitter:site\" content=\"@eldiario_net\" \/>\n<meta name=\"twitter:label1\" content=\"Escrito por\" \/>\n\t<meta name=\"twitter:data1\" content=\"Jeanette\" \/>\n\t<meta name=\"twitter:label2\" content=\"Tiempo de lectura\" \/>\n\t<meta name=\"twitter:data2\" content=\"2 minutos\" \/>\n<script type=\"application\/ld+json\" class=\"yoast-schema-graph\">{\"@context\":\"https:\\\/\\\/schema.org\",\"@graph\":[{\"@type\":\"Article\",\"@id\":\"https:\\\/\\\/www.eldiario.net\\\/portal\\\/2024\\\/05\\\/18\\\/escasez-de-diesel-perjudica-inicio-de-campana-de-invierno\\\/#article\",\"isPartOf\":{\"@id\":\"https:\\\/\\\/www.eldiario.net\\\/portal\\\/2024\\\/05\\\/18\\\/escasez-de-diesel-perjudica-inicio-de-campana-de-invierno\\\/\"},\"author\":{\"name\":\"Jeanette\",\"@id\":\"https:\\\/\\\/www.eldiario.net\\\/portal\\\/#\\\/schema\\\/person\\\/f46445640444750d7d753ccd04ae01b7\"},\"headline\":\"Escasez de di\u00e9sel perjudica inicio de campa\u00f1a de invierno\",\"datePublished\":\"2024-05-18T08:58:39+00:00\",\"mainEntityOfPage\":{\"@id\":\"https:\\\/\\\/www.eldiario.net\\\/portal\\\/2024\\\/05\\\/18\\\/escasez-de-diesel-perjudica-inicio-de-campana-de-invierno\\\/\"},\"wordCount\":424,\"commentCount\":0,\"publisher\":{\"@id\":\"https:\\\/\\\/www.eldiario.net\\\/portal\\\/#organization\"},\"image\":{\"@id\":\"https:\\\/\\\/www.eldiario.net\\\/portal\\\/2024\\\/05\\\/18\\\/escasez-de-diesel-perjudica-inicio-de-campana-de-invierno\\\/#primaryimage\"},\"thumbnailUrl\":\"https:\\\/\\\/www.eldiario.net\\\/portal\\\/wp-content\\\/uploads\\\/2024\\\/05\\\/P-3-10-cm-x-7-1.png\",\"articleSection\":[\"Portada\"],\"inLanguage\":\"es\",\"potentialAction\":[{\"@type\":\"CommentAction\",\"name\":\"Comment\",\"target\":[\"https:\\\/\\\/www.eldiario.net\\\/portal\\\/2024\\\/05\\\/18\\\/escasez-de-diesel-perjudica-inicio-de-campana-de-invierno\\\/#respond\"]}]},{\"@type\":\"WebPage\",\"@id\":\"https:\\\/\\\/www.eldiario.net\\\/portal\\\/2024\\\/05\\\/18\\\/escasez-de-diesel-perjudica-inicio-de-campana-de-invierno\\\/\",\"url\":\"https:\\\/\\\/www.eldiario.net\\\/portal\\\/2024\\\/05\\\/18\\\/escasez-de-diesel-perjudica-inicio-de-campana-de-invierno\\\/\",\"name\":\"Escasez de di\u00e9sel perjudica inicio de campa\u00f1a de invierno - El Diario - Bolivia\",\"isPartOf\":{\"@id\":\"https:\\\/\\\/www.eldiario.net\\\/portal\\\/#website\"},\"primaryImageOfPage\":{\"@id\":\"https:\\\/\\\/www.eldiario.net\\\/portal\\\/2024\\\/05\\\/18\\\/escasez-de-diesel-perjudica-inicio-de-campana-de-invierno\\\/#primaryimage\"},\"image\":{\"@id\":\"https:\\\/\\\/www.eldiario.net\\\/portal\\\/2024\\\/05\\\/18\\\/escasez-de-diesel-perjudica-inicio-de-campana-de-invierno\\\/#primaryimage\"},\"thumbnailUrl\":\"https:\\\/\\\/www.eldiario.net\\\/portal\\\/wp-content\\\/uploads\\\/2024\\\/05\\\/P-3-10-cm-x-7-1.png\",\"datePublished\":\"2024-05-18T08:58:39+00:00\",\"breadcrumb\":{\"@id\":\"https:\\\/\\\/www.eldiario.net\\\/portal\\\/2024\\\/05\\\/18\\\/escasez-de-diesel-perjudica-inicio-de-campana-de-invierno\\\/#breadcrumb\"},\"inLanguage\":\"es\",\"potentialAction\":[{\"@type\":\"ReadAction\",\"target\":[\"https:\\\/\\\/www.eldiario.net\\\/portal\\\/2024\\\/05\\\/18\\\/escasez-de-diesel-perjudica-inicio-de-campana-de-invierno\\\/\"]}]},{\"@type\":\"ImageObject\",\"inLanguage\":\"es\",\"@id\":\"https:\\\/\\\/www.eldiario.net\\\/portal\\\/2024\\\/05\\\/18\\\/escasez-de-diesel-perjudica-inicio-de-campana-de-invierno\\\/#primaryimage\",\"url\":\"https:\\\/\\\/www.eldiario.net\\\/portal\\\/wp-content\\\/uploads\\\/2024\\\/05\\\/P-3-10-cm-x-7-1.png\",\"contentUrl\":\"https:\\\/\\\/www.eldiario.net\\\/portal\\\/wp-content\\\/uploads\\\/2024\\\/05\\\/P-3-10-cm-x-7-1.png\",\"width\":1024,\"height\":512,\"caption\":\"La falta de di\u00e9sel tendr\u00e1 repercusiones negativas en la regi\u00f3n oriental. CR\u00c9DITO: Canal Rural\"},{\"@type\":\"BreadcrumbList\",\"@id\":\"https:\\\/\\\/www.eldiario.net\\\/portal\\\/2024\\\/05\\\/18\\\/escasez-de-diesel-perjudica-inicio-de-campana-de-invierno\\\/#breadcrumb\",\"itemListElement\":[{\"@type\":\"ListItem\",\"position\":1,\"name\":\"Portada\",\"item\":\"https:\\\/\\\/www.eldiario.net\\\/portal\\\/\"},{\"@type\":\"ListItem\",\"position\":2,\"name\":\"Escasez de di\u00e9sel perjudica inicio de campa\u00f1a de invierno\"}]},{\"@type\":\"WebSite\",\"@id\":\"https:\\\/\\\/www.eldiario.net\\\/portal\\\/#website\",\"url\":\"https:\\\/\\\/www.eldiario.net\\\/portal\\\/\",\"name\":\"El Diario - Decano de la prensa nacional\",\"description\":\"El Diario - Decano de la prensa nacional\",\"publisher\":{\"@id\":\"https:\\\/\\\/www.eldiario.net\\\/portal\\\/#organization\"},\"potentialAction\":[{\"@type\":\"SearchAction\",\"target\":{\"@type\":\"EntryPoint\",\"urlTemplate\":\"https:\\\/\\\/www.eldiario.net\\\/portal\\\/?s={search_term_string}\"},\"query-input\":{\"@type\":\"PropertyValueSpecification\",\"valueRequired\":true,\"valueName\":\"search_term_string\"}}],\"inLanguage\":\"es\"},{\"@type\":\"Organization\",\"@id\":\"https:\\\/\\\/www.eldiario.net\\\/portal\\\/#organization\",\"name\":\"El Diario - Decano de la prensa nacional\",\"url\":\"https:\\\/\\\/www.eldiario.net\\\/portal\\\/\",\"logo\":{\"@type\":\"ImageObject\",\"inLanguage\":\"es\",\"@id\":\"https:\\\/\\\/www.eldiario.net\\\/portal\\\/#\\\/schema\\\/logo\\\/image\\\/\",\"url\":\"https:\\\/\\\/www.eldiario.net\\\/portal\\\/wp-content\\\/uploads\\\/2023\\\/07\\\/logo_ED.jpg\",\"contentUrl\":\"https:\\\/\\\/www.eldiario.net\\\/portal\\\/wp-content\\\/uploads\\\/2023\\\/07\\\/logo_ED.jpg\",\"width\":272,\"height\":52,\"caption\":\"El Diario - Decano de la prensa nacional\"},\"image\":{\"@id\":\"https:\\\/\\\/www.eldiario.net\\\/portal\\\/#\\\/schema\\\/logo\\\/image\\\/\"},\"sameAs\":[\"https:\\\/\\\/www.facebook.com\\\/eldiario.bolivia\\\/\",\"https:\\\/\\\/x.com\\\/eldiario_net\"]},{\"@type\":\"Person\",\"@id\":\"https:\\\/\\\/www.eldiario.net\\\/portal\\\/#\\\/schema\\\/person\\\/f46445640444750d7d753ccd04ae01b7\",\"name\":\"Jeanette\",\"image\":{\"@type\":\"ImageObject\",\"inLanguage\":\"es\",\"@id\":\"https:\\\/\\\/secure.gravatar.com\\\/avatar\\\/3ea2118a5f7dad2b7138b1187a6b7ee55f160b9968b66013c3a3ef39dd7e5798?s=96&d=mm&r=g\",\"url\":\"https:\\\/\\\/secure.gravatar.com\\\/avatar\\\/3ea2118a5f7dad2b7138b1187a6b7ee55f160b9968b66013c3a3ef39dd7e5798?s=96&d=mm&r=g\",\"contentUrl\":\"https:\\\/\\\/secure.gravatar.com\\\/avatar\\\/3ea2118a5f7dad2b7138b1187a6b7ee55f160b9968b66013c3a3ef39dd7e5798?s=96&d=mm&r=g\",\"caption\":\"Jeanette\"},\"sameAs\":[\"https:\\\/\\\/www.eldiario.net\\\/portal\"],\"url\":\"https:\\\/\\\/www.eldiario.net\\\/portal\\\/author\\\/jeanette\\\/\"}]}<\/script>\n<!-- \/ Yoast SEO plugin. -->","yoast_head_json":{"title":"Escasez de di\u00e9sel perjudica inicio de campa\u00f1a de invierno - El Diario - Bolivia","robots":{"index":"index","follow":"follow","max-snippet":"max-snippet:-1","max-image-preview":"max-image-preview:large","max-video-preview":"max-video-preview:-1"},"canonical":"https:\/\/www.eldiario.net\/portal\/2024\/05\/18\/escasez-de-diesel-perjudica-inicio-de-campana-de-invierno\/","og_locale":"es_ES","og_type":"article","og_title":"Escasez de di\u00e9sel perjudica inicio de campa\u00f1a de invierno - El Diario - Bolivia","og_description":"El gerente general de la C\u00e1mara Agropecuaria del Oriente (CAO), Edilberto Osinaga, sostuvo que la escasez de di\u00e9sel que se registra en diferentes estaciones de servicio del departamento cruce\u00f1o perjudica el inicio de la campa\u00f1a de invierno. \u00abEs una preocupaci\u00f3n para la CAO y para todos los sectores. Hoy empieza la zafra y, a pesar [&hellip;]","og_url":"https:\/\/www.eldiario.net\/portal\/2024\/05\/18\/escasez-de-diesel-perjudica-inicio-de-campana-de-invierno\/","og_site_name":"El Diario - Bolivia","article_publisher":"https:\/\/www.facebook.com\/eldiario.bolivia\/","article_published_time":"2024-05-18T08:58:39+00:00","og_image":[{"width":1024,"height":512,"url":"https:\/\/www.eldiario.net\/portal\/wp-content\/uploads\/2024\/05\/P-3-10-cm-x-7-1.png","type":"image\/png"}],"author":"Jeanette","twitter_card":"summary_large_image","twitter_creator":"@eldiario_net","twitter_site":"@eldiario_net","twitter_misc":{"Escrito por":"Jeanette","Tiempo de lectura":"2 minutos"},"schema":{"@context":"https:\/\/schema.org","@graph":[{"@type":"Article","@id":"https:\/\/www.eldiario.net\/portal\/2024\/05\/18\/escasez-de-diesel-perjudica-inicio-de-campana-de-invierno\/#article","isPartOf":{"@id":"https:\/\/www.eldiario.net\/portal\/2024\/05\/18\/escasez-de-diesel-perjudica-inicio-de-campana-de-invierno\/"},"author":{"name":"Jeanette","@id":"https:\/\/www.eldiario.net\/portal\/#\/schema\/person\/f46445640444750d7d753ccd04ae01b7"},"headline":"Escasez de di\u00e9sel perjudica inicio de campa\u00f1a de invierno","datePublished":"2024-05-18T08:58:39+00:00","mainEntityOfPage":{"@id":"https:\/\/www.eldiario.net\/portal\/2024\/05\/18\/escasez-de-diesel-perjudica-inicio-de-campana-de-invierno\/"},"wordCount":424,"commentCount":0,"publisher":{"@id":"https:\/\/www.eldiario.net\/portal\/#organization"},"image":{"@id":"https:\/\/www.eldiario.net\/portal\/2024\/05\/18\/escasez-de-diesel-perjudica-inicio-de-campana-de-invierno\/#primaryimage"},"thumbnailUrl":"https:\/\/www.eldiario.net\/portal\/wp-content\/uploads\/2024\/05\/P-3-10-cm-x-7-1.png","articleSection":["Portada"],"inLanguage":"es","potentialAction":[{"@type":"CommentAction","name":"Comment","target":["https:\/\/www.eldiario.net\/portal\/2024\/05\/18\/escasez-de-diesel-perjudica-inicio-de-campana-de-invierno\/#respond"]}]},{"@type":"WebPage","@id":"https:\/\/www.eldiario.net\/portal\/2024\/05\/18\/escasez-de-diesel-perjudica-inicio-de-campana-de-invierno\/","url":"https:\/\/www.eldiario.net\/portal\/2024\/05\/18\/escasez-de-diesel-perjudica-inicio-de-campana-de-invierno\/","name":"Escasez de di\u00e9sel perjudica inicio de campa\u00f1a de invierno - El Diario - Bolivia","isPartOf":{"@id":"https:\/\/www.eldiario.net\/portal\/#website"},"primaryImageOfPage":{"@id":"https:\/\/www.eldiario.net\/portal\/2024\/05\/18\/escasez-de-diesel-perjudica-inicio-de-campana-de-invierno\/#primaryimage"},"image":{"@id":"https:\/\/www.eldiario.net\/portal\/2024\/05\/18\/escasez-de-diesel-perjudica-inicio-de-campana-de-invierno\/#primaryimage"},"thumbnailUrl":"https:\/\/www.eldiario.net\/portal\/wp-content\/uploads\/2024\/05\/P-3-10-cm-x-7-1.png","datePublished":"2024-05-18T08:58:39+00:00","breadcrumb":{"@id":"https:\/\/www.eldiario.net\/portal\/2024\/05\/18\/escasez-de-diesel-perjudica-inicio-de-campana-de-invierno\/#breadcrumb"},"inLanguage":"es","potentialAction":[{"@type":"ReadAction","target":["https:\/\/www.eldiario.net\/portal\/2024\/05\/18\/escasez-de-diesel-perjudica-inicio-de-campana-de-invierno\/"]}]},{"@type":"ImageObject","inLanguage":"es","@id":"https:\/\/www.eldiario.net\/portal\/2024\/05\/18\/escasez-de-diesel-perjudica-inicio-de-campana-de-invierno\/#primaryimage","url":"https:\/\/www.eldiario.net\/portal\/wp-content\/uploads\/2024\/05\/P-3-10-cm-x-7-1.png","contentUrl":"https:\/\/www.eldiario.net\/portal\/wp-content\/uploads\/2024\/05\/P-3-10-cm-x-7-1.png","width":1024,"height":512,"caption":"La falta de di\u00e9sel tendr\u00e1 repercusiones negativas en la regi\u00f3n oriental. CR\u00c9DITO: Canal Rural"},{"@type":"BreadcrumbList","@id":"https:\/\/www.eldiario.net\/portal\/2024\/05\/18\/escasez-de-diesel-perjudica-inicio-de-campana-de-invierno\/#breadcrumb","itemListElement":[{"@type":"ListItem","position":1,"name":"Portada","item":"https:\/\/www.eldiario.net\/portal\/"},{"@type":"ListItem","position":2,"name":"Escasez de di\u00e9sel perjudica inicio de campa\u00f1a de invierno"}]},{"@type":"WebSite","@id":"https:\/\/www.eldiario.net\/portal\/#website","url":"https:\/\/www.eldiario.net\/portal\/","name":"El Diario - Decano de la prensa nacional","description":"El Diario - Decano de la prensa nacional","publisher":{"@id":"https:\/\/www.eldiario.net\/portal\/#organization"},"potentialAction":[{"@type":"SearchAction","target":{"@type":"EntryPoint","urlTemplate":"https:\/\/www.eldiario.net\/portal\/?s={search_term_string}"},"query-input":{"@type":"PropertyValueSpecification","valueRequired":true,"valueName":"search_term_string"}}],"inLanguage":"es"},{"@type":"Organization","@id":"https:\/\/www.eldiario.net\/portal\/#organization","name":"El Diario - Decano de la prensa nacional","url":"https:\/\/www.eldiario.net\/portal\/","logo":{"@type":"ImageObject","inLanguage":"es","@id":"https:\/\/www.eldiario.net\/portal\/#\/schema\/logo\/image\/","url":"https:\/\/www.eldiario.net\/portal\/wp-content\/uploads\/2023\/07\/logo_ED.jpg","contentUrl":"https:\/\/www.eldiario.net\/portal\/wp-content\/uploads\/2023\/07\/logo_ED.jpg","width":272,"height":52,"caption":"El Diario - Decano de la prensa nacional"},"image":{"@id":"https:\/\/www.eldiario.net\/portal\/#\/schema\/logo\/image\/"},"sameAs":["https:\/\/www.facebook.com\/eldiario.bolivia\/","https:\/\/x.com\/eldiario_net"]},{"@type":"Person","@id":"https:\/\/www.eldiario.net\/portal\/#\/schema\/person\/f46445640444750d7d753ccd04ae01b7","name":"Jeanette","image":{"@type":"ImageObject","inLanguage":"es","@id":"https:\/\/secure.gravatar.com\/avatar\/3ea2118a5f7dad2b7138b1187a6b7ee55f160b9968b66013c3a3ef39dd7e5798?s=96&d=mm&r=g","url":"https:\/\/secure.gravatar.com\/avatar\/3ea2118a5f7dad2b7138b1187a6b7ee55f160b9968b66013c3a3ef39dd7e5798?s=96&d=mm&r=g","contentUrl":"https:\/\/secure.gravatar.com\/avatar\/3ea2118a5f7dad2b7138b1187a6b7ee55f160b9968b66013c3a3ef39dd7e5798?s=96&d=mm&r=g","caption":"Jeanette"},"sameAs":["https:\/\/www.eldiario.net\/portal"],"url":"https:\/\/www.eldiario.net\/portal\/author\/jeanette\/"}]}},"_links":{"self":[{"href":"https:\/\/www.eldiario.net\/portal\/wp-json\/wp\/v2\/posts\/221265","targetHints":{"allow":["GET"]}}],"collection":[{"href":"https:\/\/www.eldiario.net\/portal\/wp-json\/wp\/v2\/posts"}],"about":[{"href":"https:\/\/www.eldiario.net\/portal\/wp-json\/wp\/v2\/types\/post"}],"author":[{"embeddable":true,"href":"https:\/\/www.eldiario.net\/portal\/wp-json\/wp\/v2\/users\/1"}],"replies":[{"embeddable":true,"href":"https:\/\/www.eldiario.net\/portal\/wp-json\/wp\/v2\/comments?post=221265"}],"version-history":[{"count":1,"href":"https:\/\/www.eldiario.net\/portal\/wp-json\/wp\/v2\/posts\/221265\/revisions"}],"predecessor-version":[{"id":221267,"href":"https:\/\/www.eldiario.net\/portal\/wp-json\/wp\/v2\/posts\/221265\/revisions\/221267"}],"wp:featuredmedia":[{"embeddable":true,"href":"https:\/\/www.eldiario.net\/portal\/wp-json\/wp\/v2\/media\/221266"}],"wp:attachment":[{"href":"https:\/\/www.eldiario.net\/portal\/wp-json\/wp\/v2\/media?parent=221265"}],"wp:term":[{"taxonomy":"category","embeddable":true,"href":"https:\/\/www.eldiario.net\/portal\/wp-json\/wp\/v2\/categories?post=221265"},{"taxonomy":"post_tag","embeddable":true,"href":"https:\/\/www.eldiario.net\/portal\/wp-json\/wp\/v2\/tags?post=221265"}],"curies":[{"name":"wp","href":"https:\/\/api.w.org\/{rel}","templated":true}]}}