{"id":221262,"date":"2024-05-18T04:57:42","date_gmt":"2024-05-18T08:57:42","guid":{"rendered":"https:\/\/www.eldiario.net\/portal\/?p=221262"},"modified":"2024-05-18T04:57:42","modified_gmt":"2024-05-18T08:57:42","slug":"frio-en-peru-desciende-hasta-10-grados-bajo-cero","status":"publish","type":"post","link":"https:\/\/www.eldiario.net\/portal\/2024\/05\/18\/frio-en-peru-desciende-hasta-10-grados-bajo-cero\/","title":{"rendered":"Fr\u00edo en Per\u00fa desciende hasta 10 grados bajo cero"},"content":{"rendered":"<p class=\"v1MsoNormal\"><span lang=\"ES-BO\">En los pr\u00f3ximos d\u00edas, una ola de fr\u00edo afectar\u00e1 al sur del Per\u00fa, seg\u00fan los pron\u00f3sticos del Servicio Nacional de Meteorolog\u00eda e Hidrolog\u00eda (Senamhi). En las semanas previas al invierno, se espera que una de las regiones registre temperaturas bajo cero, lo que obliga a los ciudadanos y autoridades a tomar medidas preventivas.<\/span><\/p>\n<p class=\"v1MsoNormal\"><span lang=\"ES-BO\">Jos\u00e9 Luis Ticona, especialista del Senamhi, inform\u00f3 a La Rep\u00fablica que gran parte de la zona sure\u00f1a del pa\u00eds, tras los eventos de lluvias previstos para las pr\u00f3ximas horas, experimentar\u00e1 el primer descenso importante de temperatura. En ese sentido, proyect\u00f3 que esta situaci\u00f3n impactar\u00e1 significativamente a la regi\u00f3n Arequipa.<\/span><\/p>\n<p class=\"v1MsoNormal\"><span lang=\"ES-BO\">Adem\u00e1s, Ticona precis\u00f3 que la ola de fr\u00edo comenzar\u00e1 en Arequipa desde hoy el cual se extender\u00e1 al menos 48 o 72 horas. Durante este per\u00edodo, los term\u00f3metros podr\u00edan registrar temperaturas entre ocho y diez grados bajo cero, y se experimentar\u00eda heladas moderadas a severas.<\/span><\/p>\n<p class=\"v1MsoNormal\"><span lang=\"ES-BO\">Actualmente, las noches en Arequipa son ligeramente fr\u00edas, con temperaturas que oscilan entre 10 y 11 grados. Sin embargo, este primer episodio severo de descenso de temperaturas en lo que va del a\u00f1o 2024 es motivo de preocupaci\u00f3n para los residentes de la regi\u00f3n.<\/span><\/p>\n<p class=\"v1MsoNormal\"><span lang=\"ES-BO\">El Senamhi se\u00f1al\u00f3 que, aunque esta fase de temperaturas extremadamente bajas se espera que dure entre dos y tres d\u00edas, no se descarta que se extienda hasta el 24 de mayo. Una semana de heladas severas podr\u00eda afectar principalmente a las \u00e1reas altoandinas de Arequipa.<\/span><\/p>\n<p class=\"v1MsoNormal\"><span lang=\"ES-BO\">En una de sus \u00faltimas publicaciones en la plataforma X (antes llamada Twitter), la instituci\u00f3n meteorol\u00f3gica indic\u00f3 que la Sierra sur report\u00f3 nevadas, conforme al aviso de precipitaciones.<\/span><\/p>\n<p class=\"v1MsoNormal\"><span lang=\"ES-BO\">\u00a0<\/span><\/p>\n<p class=\"v1MsoNormal\"><span lang=\"ES-BO\">LLUVIAS EN LA SELVA<\/span><\/p>\n<p class=\"v1MsoNormal\"><span lang=\"ES-BO\">El \u00faltimo aviso meteorol\u00f3gico del Senamhi, n\u00ba 122, de nivel de alerta amarillo, inform\u00f3 que, desde el domingo 19 al lunes 20 de mayo, se espera lluvia de ligera a moderada intensidad en la selva.<\/span><\/p>\n<p class=\"v1MsoNormal\"><span lang=\"ES-BO\">De acuerdo al Senamhi, el domingo 19 de mayo se prev\u00e9n acumulados de lluvia por encima de los 50 mil\u00edmetros por d\u00eda para la selva norte, cercana a los 45 mil\u00edmetros por d\u00eda en la selva centro y valores pr\u00f3ximos a los 40 mil\u00edmetros por d\u00eda en la selva sur.<\/span><\/p>\n<p class=\"v1MsoNormal\"><span lang=\"ES-BO\">Seg\u00fan dicho aviso, los departamentos con posible afectaci\u00f3n son los siguientes: Ayacucho, Cusco, Hu\u00e1nuco, Jun\u00edn, Loreto, Madre de Dios, Pasco, Puno, San Mart\u00edn, Ucayali.<\/span><\/p>\n<p class=\"v1MsoNormal\"><span lang=\"ES-BO\">Cabe se\u00f1alar que el nivel de peligro amarillo de un aviso meteorol\u00f3gico significa que pueden ocurrir fen\u00f3menos meteorol\u00f3gicos peligrosos que, sin embargo, son normales en esta regi\u00f3n.<\/span><\/p>\n<p class=\"v1MsoNormal\"><span lang=\"ES-BO\">\u00abMant\u00e9ngase al corriente del desarrollo de la situaci\u00f3n meteorol\u00f3gica. Sea prudente si realiza actividades al aire libre que puedan acarrear riesgos en caso de mal tiempo\u00bb, aconsej\u00f3 el Senamhi.<\/span><\/p>\n<p class=\"v1MsoNormal\"><span lang=\"ES-BO\">En las \u00faltimas horas, la regi\u00f3n de Madre de Dios present\u00f3 bajas temperaturas nocturnas conforme al aviso de friaje. La estaci\u00f3n ubicada en Puerto Maldonado registr\u00f3 temperatura m\u00ednima de 16 grados Celsius.<\/span><\/p>\n<p class=\"v1MsoNormal\"><span lang=\"ES-BO\">\u00a0<\/span><\/p>\n<p class=\"v1MsoNormal\"><span lang=\"ES-BO\">EL CLIMA EN LA COSTA PERUANA<\/span><\/p>\n<p class=\"v1MsoNormal\"><span lang=\"ES-BO\">El clima en la costa peruana presentar\u00e1 una mayor sensaci\u00f3n de fr\u00edo desde ayer hasta el domingo 19 de mayo. Esto se debe a la presencia de fuertes vientos, lloviznas aisladas y neblina.<\/span><\/p>\n<p class=\"v1MsoNormal\"><span lang=\"ES-BO\">Senamhi pronostic\u00f3 un incremento en la velocidad del viento de moderada a fuerte intensidad, lo que podr\u00eda causar el levantamiento de polvo y arena, reduciendo la visibilidad horizontal, especialmente en la regi\u00f3n de Ica.<\/span><\/p>\n<p class=\"v1MsoNormal\"><span lang=\"ES-BO\">Adem\u00e1s, se esperan cielos nublados con niebla y lloviznas al atardecer, durante la madrugada y en las primeras horas de la ma\u00f1ana. (Infobae)<\/span><\/p>\n","protected":false},"excerpt":{"rendered":"<p>En los pr\u00f3ximos d\u00edas, una ola de fr\u00edo afectar\u00e1 al sur del Per\u00fa, seg\u00fan los pron\u00f3sticos del Servicio Nacional de Meteorolog\u00eda e Hidrolog\u00eda (Senamhi). En las semanas previas al invierno, se espera que una de las regiones registre temperaturas bajo cero, lo que obliga a los ciudadanos y autoridades a tomar medidas preventivas. Jos\u00e9 Luis [&hellip;]<\/p>\n","protected":false},"author":1,"featured_media":221263,"comment_status":"open","ping_status":"open","sticky":false,"template":"","format":"standard","meta":{"_acf_changed":false,"footnotes":""},"categories":[15],"tags":[],"class_list":["post-221262","post","type-post","status-publish","format-standard","has-post-thumbnail","category-portada"],"acf":{"antetitulo":"Autoridades toman medidas preventivas"},"yoast_head":"<!-- This site is optimized with the Yoast SEO plugin v28.3 - https:\/\/yoast.com\/product\/yoast-seo-wordpress\/ -->\n<title>Fr\u00edo en Per\u00fa desciende hasta 10 grados bajo cero - El Diario - Bolivia<\/title>\n<meta name=\"robots\" content=\"index, follow, max-snippet:-1, max-image-preview:large, max-video-preview:-1\" \/>\n<link rel=\"canonical\" href=\"https:\/\/www.eldiario.net\/portal\/2024\/05\/18\/frio-en-peru-desciende-hasta-10-grados-bajo-cero\/\" \/>\n<meta property=\"og:locale\" content=\"es_ES\" \/>\n<meta property=\"og:type\" content=\"article\" \/>\n<meta property=\"og:title\" content=\"Fr\u00edo en Per\u00fa desciende hasta 10 grados bajo cero - El Diario - Bolivia\" \/>\n<meta property=\"og:description\" content=\"En los pr\u00f3ximos d\u00edas, una ola de fr\u00edo afectar\u00e1 al sur del Per\u00fa, seg\u00fan los pron\u00f3sticos del Servicio Nacional de Meteorolog\u00eda e Hidrolog\u00eda (Senamhi). En las semanas previas al invierno, se espera que una de las regiones registre temperaturas bajo cero, lo que obliga a los ciudadanos y autoridades a tomar medidas preventivas. Jos\u00e9 Luis [&hellip;]\" \/>\n<meta property=\"og:url\" content=\"https:\/\/www.eldiario.net\/portal\/2024\/05\/18\/frio-en-peru-desciende-hasta-10-grados-bajo-cero\/\" \/>\n<meta property=\"og:site_name\" content=\"El Diario - Bolivia\" \/>\n<meta property=\"article:publisher\" content=\"https:\/\/www.facebook.com\/eldiario.bolivia\/\" \/>\n<meta property=\"article:published_time\" content=\"2024-05-18T08:57:42+00:00\" \/>\n<meta property=\"og:image\" content=\"https:\/\/www.eldiario.net\/portal\/wp-content\/uploads\/2024\/05\/P-5-10-cm-x-7-3.jpg\" \/>\n\t<meta property=\"og:image:width\" content=\"992\" \/>\n\t<meta property=\"og:image:height\" content=\"558\" \/>\n\t<meta property=\"og:image:type\" content=\"image\/jpeg\" \/>\n<meta name=\"author\" content=\"Jeanette\" \/>\n<meta name=\"twitter:card\" content=\"summary_large_image\" \/>\n<meta name=\"twitter:creator\" content=\"@eldiario_net\" \/>\n<meta name=\"twitter:site\" content=\"@eldiario_net\" \/>\n<meta name=\"twitter:label1\" content=\"Escrito por\" \/>\n\t<meta name=\"twitter:data1\" content=\"Jeanette\" \/>\n\t<meta name=\"twitter:label2\" content=\"Tiempo de lectura\" \/>\n\t<meta name=\"twitter:data2\" content=\"3 minutos\" \/>\n<script type=\"application\/ld+json\" class=\"yoast-schema-graph\">{\"@context\":\"https:\\\/\\\/schema.org\",\"@graph\":[{\"@type\":\"Article\",\"@id\":\"https:\\\/\\\/www.eldiario.net\\\/portal\\\/2024\\\/05\\\/18\\\/frio-en-peru-desciende-hasta-10-grados-bajo-cero\\\/#article\",\"isPartOf\":{\"@id\":\"https:\\\/\\\/www.eldiario.net\\\/portal\\\/2024\\\/05\\\/18\\\/frio-en-peru-desciende-hasta-10-grados-bajo-cero\\\/\"},\"author\":{\"name\":\"Jeanette\",\"@id\":\"https:\\\/\\\/www.eldiario.net\\\/portal\\\/#\\\/schema\\\/person\\\/f46445640444750d7d753ccd04ae01b7\"},\"headline\":\"Fr\u00edo en Per\u00fa desciende hasta 10 grados bajo cero\",\"datePublished\":\"2024-05-18T08:57:42+00:00\",\"mainEntityOfPage\":{\"@id\":\"https:\\\/\\\/www.eldiario.net\\\/portal\\\/2024\\\/05\\\/18\\\/frio-en-peru-desciende-hasta-10-grados-bajo-cero\\\/\"},\"wordCount\":614,\"commentCount\":0,\"publisher\":{\"@id\":\"https:\\\/\\\/www.eldiario.net\\\/portal\\\/#organization\"},\"image\":{\"@id\":\"https:\\\/\\\/www.eldiario.net\\\/portal\\\/2024\\\/05\\\/18\\\/frio-en-peru-desciende-hasta-10-grados-bajo-cero\\\/#primaryimage\"},\"thumbnailUrl\":\"https:\\\/\\\/www.eldiario.net\\\/portal\\\/wp-content\\\/uploads\\\/2024\\\/05\\\/P-5-10-cm-x-7-3.jpg\",\"articleSection\":[\"Portada\"],\"inLanguage\":\"es\",\"potentialAction\":[{\"@type\":\"CommentAction\",\"name\":\"Comment\",\"target\":[\"https:\\\/\\\/www.eldiario.net\\\/portal\\\/2024\\\/05\\\/18\\\/frio-en-peru-desciende-hasta-10-grados-bajo-cero\\\/#respond\"]}]},{\"@type\":\"WebPage\",\"@id\":\"https:\\\/\\\/www.eldiario.net\\\/portal\\\/2024\\\/05\\\/18\\\/frio-en-peru-desciende-hasta-10-grados-bajo-cero\\\/\",\"url\":\"https:\\\/\\\/www.eldiario.net\\\/portal\\\/2024\\\/05\\\/18\\\/frio-en-peru-desciende-hasta-10-grados-bajo-cero\\\/\",\"name\":\"Fr\u00edo en Per\u00fa desciende hasta 10 grados bajo cero - El Diario - Bolivia\",\"isPartOf\":{\"@id\":\"https:\\\/\\\/www.eldiario.net\\\/portal\\\/#website\"},\"primaryImageOfPage\":{\"@id\":\"https:\\\/\\\/www.eldiario.net\\\/portal\\\/2024\\\/05\\\/18\\\/frio-en-peru-desciende-hasta-10-grados-bajo-cero\\\/#primaryimage\"},\"image\":{\"@id\":\"https:\\\/\\\/www.eldiario.net\\\/portal\\\/2024\\\/05\\\/18\\\/frio-en-peru-desciende-hasta-10-grados-bajo-cero\\\/#primaryimage\"},\"thumbnailUrl\":\"https:\\\/\\\/www.eldiario.net\\\/portal\\\/wp-content\\\/uploads\\\/2024\\\/05\\\/P-5-10-cm-x-7-3.jpg\",\"datePublished\":\"2024-05-18T08:57:42+00:00\",\"breadcrumb\":{\"@id\":\"https:\\\/\\\/www.eldiario.net\\\/portal\\\/2024\\\/05\\\/18\\\/frio-en-peru-desciende-hasta-10-grados-bajo-cero\\\/#breadcrumb\"},\"inLanguage\":\"es\",\"potentialAction\":[{\"@type\":\"ReadAction\",\"target\":[\"https:\\\/\\\/www.eldiario.net\\\/portal\\\/2024\\\/05\\\/18\\\/frio-en-peru-desciende-hasta-10-grados-bajo-cero\\\/\"]}]},{\"@type\":\"ImageObject\",\"inLanguage\":\"es\",\"@id\":\"https:\\\/\\\/www.eldiario.net\\\/portal\\\/2024\\\/05\\\/18\\\/frio-en-peru-desciende-hasta-10-grados-bajo-cero\\\/#primaryimage\",\"url\":\"https:\\\/\\\/www.eldiario.net\\\/portal\\\/wp-content\\\/uploads\\\/2024\\\/05\\\/P-5-10-cm-x-7-3.jpg\",\"contentUrl\":\"https:\\\/\\\/www.eldiario.net\\\/portal\\\/wp-content\\\/uploads\\\/2024\\\/05\\\/P-5-10-cm-x-7-3.jpg\",\"width\":992,\"height\":558,\"caption\":\"En las calles peruanas se pueden ver a la ciudadan\u00eda bien abrigados a causa del fr\u00edo. FOTO: Infobae\"},{\"@type\":\"BreadcrumbList\",\"@id\":\"https:\\\/\\\/www.eldiario.net\\\/portal\\\/2024\\\/05\\\/18\\\/frio-en-peru-desciende-hasta-10-grados-bajo-cero\\\/#breadcrumb\",\"itemListElement\":[{\"@type\":\"ListItem\",\"position\":1,\"name\":\"Portada\",\"item\":\"https:\\\/\\\/www.eldiario.net\\\/portal\\\/\"},{\"@type\":\"ListItem\",\"position\":2,\"name\":\"Fr\u00edo en Per\u00fa desciende hasta 10 grados bajo cero\"}]},{\"@type\":\"WebSite\",\"@id\":\"https:\\\/\\\/www.eldiario.net\\\/portal\\\/#website\",\"url\":\"https:\\\/\\\/www.eldiario.net\\\/portal\\\/\",\"name\":\"El Diario - Decano de la prensa nacional\",\"description\":\"El Diario - Decano de la prensa nacional\",\"publisher\":{\"@id\":\"https:\\\/\\\/www.eldiario.net\\\/portal\\\/#organization\"},\"potentialAction\":[{\"@type\":\"SearchAction\",\"target\":{\"@type\":\"EntryPoint\",\"urlTemplate\":\"https:\\\/\\\/www.eldiario.net\\\/portal\\\/?s={search_term_string}\"},\"query-input\":{\"@type\":\"PropertyValueSpecification\",\"valueRequired\":true,\"valueName\":\"search_term_string\"}}],\"inLanguage\":\"es\"},{\"@type\":\"Organization\",\"@id\":\"https:\\\/\\\/www.eldiario.net\\\/portal\\\/#organization\",\"name\":\"El Diario - Decano de la prensa nacional\",\"url\":\"https:\\\/\\\/www.eldiario.net\\\/portal\\\/\",\"logo\":{\"@type\":\"ImageObject\",\"inLanguage\":\"es\",\"@id\":\"https:\\\/\\\/www.eldiario.net\\\/portal\\\/#\\\/schema\\\/logo\\\/image\\\/\",\"url\":\"https:\\\/\\\/www.eldiario.net\\\/portal\\\/wp-content\\\/uploads\\\/2023\\\/07\\\/logo_ED.jpg\",\"contentUrl\":\"https:\\\/\\\/www.eldiario.net\\\/portal\\\/wp-content\\\/uploads\\\/2023\\\/07\\\/logo_ED.jpg\",\"width\":272,\"height\":52,\"caption\":\"El Diario - Decano de la prensa nacional\"},\"image\":{\"@id\":\"https:\\\/\\\/www.eldiario.net\\\/portal\\\/#\\\/schema\\\/logo\\\/image\\\/\"},\"sameAs\":[\"https:\\\/\\\/www.facebook.com\\\/eldiario.bolivia\\\/\",\"https:\\\/\\\/x.com\\\/eldiario_net\"]},{\"@type\":\"Person\",\"@id\":\"https:\\\/\\\/www.eldiario.net\\\/portal\\\/#\\\/schema\\\/person\\\/f46445640444750d7d753ccd04ae01b7\",\"name\":\"Jeanette\",\"image\":{\"@type\":\"ImageObject\",\"inLanguage\":\"es\",\"@id\":\"https:\\\/\\\/secure.gravatar.com\\\/avatar\\\/3ea2118a5f7dad2b7138b1187a6b7ee55f160b9968b66013c3a3ef39dd7e5798?s=96&d=mm&r=g\",\"url\":\"https:\\\/\\\/secure.gravatar.com\\\/avatar\\\/3ea2118a5f7dad2b7138b1187a6b7ee55f160b9968b66013c3a3ef39dd7e5798?s=96&d=mm&r=g\",\"contentUrl\":\"https:\\\/\\\/secure.gravatar.com\\\/avatar\\\/3ea2118a5f7dad2b7138b1187a6b7ee55f160b9968b66013c3a3ef39dd7e5798?s=96&d=mm&r=g\",\"caption\":\"Jeanette\"},\"sameAs\":[\"https:\\\/\\\/www.eldiario.net\\\/portal\"],\"url\":\"https:\\\/\\\/www.eldiario.net\\\/portal\\\/author\\\/jeanette\\\/\"}]}<\/script>\n<!-- \/ Yoast SEO plugin. -->","yoast_head_json":{"title":"Fr\u00edo en Per\u00fa desciende hasta 10 grados bajo cero - El Diario - Bolivia","robots":{"index":"index","follow":"follow","max-snippet":"max-snippet:-1","max-image-preview":"max-image-preview:large","max-video-preview":"max-video-preview:-1"},"canonical":"https:\/\/www.eldiario.net\/portal\/2024\/05\/18\/frio-en-peru-desciende-hasta-10-grados-bajo-cero\/","og_locale":"es_ES","og_type":"article","og_title":"Fr\u00edo en Per\u00fa desciende hasta 10 grados bajo cero - El Diario - Bolivia","og_description":"En los pr\u00f3ximos d\u00edas, una ola de fr\u00edo afectar\u00e1 al sur del Per\u00fa, seg\u00fan los pron\u00f3sticos del Servicio Nacional de Meteorolog\u00eda e Hidrolog\u00eda (Senamhi). En las semanas previas al invierno, se espera que una de las regiones registre temperaturas bajo cero, lo que obliga a los ciudadanos y autoridades a tomar medidas preventivas. Jos\u00e9 Luis [&hellip;]","og_url":"https:\/\/www.eldiario.net\/portal\/2024\/05\/18\/frio-en-peru-desciende-hasta-10-grados-bajo-cero\/","og_site_name":"El Diario - Bolivia","article_publisher":"https:\/\/www.facebook.com\/eldiario.bolivia\/","article_published_time":"2024-05-18T08:57:42+00:00","og_image":[{"width":992,"height":558,"url":"https:\/\/www.eldiario.net\/portal\/wp-content\/uploads\/2024\/05\/P-5-10-cm-x-7-3.jpg","type":"image\/jpeg"}],"author":"Jeanette","twitter_card":"summary_large_image","twitter_creator":"@eldiario_net","twitter_site":"@eldiario_net","twitter_misc":{"Escrito por":"Jeanette","Tiempo de lectura":"3 minutos"},"schema":{"@context":"https:\/\/schema.org","@graph":[{"@type":"Article","@id":"https:\/\/www.eldiario.net\/portal\/2024\/05\/18\/frio-en-peru-desciende-hasta-10-grados-bajo-cero\/#article","isPartOf":{"@id":"https:\/\/www.eldiario.net\/portal\/2024\/05\/18\/frio-en-peru-desciende-hasta-10-grados-bajo-cero\/"},"author":{"name":"Jeanette","@id":"https:\/\/www.eldiario.net\/portal\/#\/schema\/person\/f46445640444750d7d753ccd04ae01b7"},"headline":"Fr\u00edo en Per\u00fa desciende hasta 10 grados bajo cero","datePublished":"2024-05-18T08:57:42+00:00","mainEntityOfPage":{"@id":"https:\/\/www.eldiario.net\/portal\/2024\/05\/18\/frio-en-peru-desciende-hasta-10-grados-bajo-cero\/"},"wordCount":614,"commentCount":0,"publisher":{"@id":"https:\/\/www.eldiario.net\/portal\/#organization"},"image":{"@id":"https:\/\/www.eldiario.net\/portal\/2024\/05\/18\/frio-en-peru-desciende-hasta-10-grados-bajo-cero\/#primaryimage"},"thumbnailUrl":"https:\/\/www.eldiario.net\/portal\/wp-content\/uploads\/2024\/05\/P-5-10-cm-x-7-3.jpg","articleSection":["Portada"],"inLanguage":"es","potentialAction":[{"@type":"CommentAction","name":"Comment","target":["https:\/\/www.eldiario.net\/portal\/2024\/05\/18\/frio-en-peru-desciende-hasta-10-grados-bajo-cero\/#respond"]}]},{"@type":"WebPage","@id":"https:\/\/www.eldiario.net\/portal\/2024\/05\/18\/frio-en-peru-desciende-hasta-10-grados-bajo-cero\/","url":"https:\/\/www.eldiario.net\/portal\/2024\/05\/18\/frio-en-peru-desciende-hasta-10-grados-bajo-cero\/","name":"Fr\u00edo en Per\u00fa desciende hasta 10 grados bajo cero - El Diario - Bolivia","isPartOf":{"@id":"https:\/\/www.eldiario.net\/portal\/#website"},"primaryImageOfPage":{"@id":"https:\/\/www.eldiario.net\/portal\/2024\/05\/18\/frio-en-peru-desciende-hasta-10-grados-bajo-cero\/#primaryimage"},"image":{"@id":"https:\/\/www.eldiario.net\/portal\/2024\/05\/18\/frio-en-peru-desciende-hasta-10-grados-bajo-cero\/#primaryimage"},"thumbnailUrl":"https:\/\/www.eldiario.net\/portal\/wp-content\/uploads\/2024\/05\/P-5-10-cm-x-7-3.jpg","datePublished":"2024-05-18T08:57:42+00:00","breadcrumb":{"@id":"https:\/\/www.eldiario.net\/portal\/2024\/05\/18\/frio-en-peru-desciende-hasta-10-grados-bajo-cero\/#breadcrumb"},"inLanguage":"es","potentialAction":[{"@type":"ReadAction","target":["https:\/\/www.eldiario.net\/portal\/2024\/05\/18\/frio-en-peru-desciende-hasta-10-grados-bajo-cero\/"]}]},{"@type":"ImageObject","inLanguage":"es","@id":"https:\/\/www.eldiario.net\/portal\/2024\/05\/18\/frio-en-peru-desciende-hasta-10-grados-bajo-cero\/#primaryimage","url":"https:\/\/www.eldiario.net\/portal\/wp-content\/uploads\/2024\/05\/P-5-10-cm-x-7-3.jpg","contentUrl":"https:\/\/www.eldiario.net\/portal\/wp-content\/uploads\/2024\/05\/P-5-10-cm-x-7-3.jpg","width":992,"height":558,"caption":"En las calles peruanas se pueden ver a la ciudadan\u00eda bien abrigados a causa del fr\u00edo. FOTO: Infobae"},{"@type":"BreadcrumbList","@id":"https:\/\/www.eldiario.net\/portal\/2024\/05\/18\/frio-en-peru-desciende-hasta-10-grados-bajo-cero\/#breadcrumb","itemListElement":[{"@type":"ListItem","position":1,"name":"Portada","item":"https:\/\/www.eldiario.net\/portal\/"},{"@type":"ListItem","position":2,"name":"Fr\u00edo en Per\u00fa desciende hasta 10 grados bajo cero"}]},{"@type":"WebSite","@id":"https:\/\/www.eldiario.net\/portal\/#website","url":"https:\/\/www.eldiario.net\/portal\/","name":"El Diario - Decano de la prensa nacional","description":"El Diario - Decano de la prensa nacional","publisher":{"@id":"https:\/\/www.eldiario.net\/portal\/#organization"},"potentialAction":[{"@type":"SearchAction","target":{"@type":"EntryPoint","urlTemplate":"https:\/\/www.eldiario.net\/portal\/?s={search_term_string}"},"query-input":{"@type":"PropertyValueSpecification","valueRequired":true,"valueName":"search_term_string"}}],"inLanguage":"es"},{"@type":"Organization","@id":"https:\/\/www.eldiario.net\/portal\/#organization","name":"El Diario - Decano de la prensa nacional","url":"https:\/\/www.eldiario.net\/portal\/","logo":{"@type":"ImageObject","inLanguage":"es","@id":"https:\/\/www.eldiario.net\/portal\/#\/schema\/logo\/image\/","url":"https:\/\/www.eldiario.net\/portal\/wp-content\/uploads\/2023\/07\/logo_ED.jpg","contentUrl":"https:\/\/www.eldiario.net\/portal\/wp-content\/uploads\/2023\/07\/logo_ED.jpg","width":272,"height":52,"caption":"El Diario - Decano de la prensa nacional"},"image":{"@id":"https:\/\/www.eldiario.net\/portal\/#\/schema\/logo\/image\/"},"sameAs":["https:\/\/www.facebook.com\/eldiario.bolivia\/","https:\/\/x.com\/eldiario_net"]},{"@type":"Person","@id":"https:\/\/www.eldiario.net\/portal\/#\/schema\/person\/f46445640444750d7d753ccd04ae01b7","name":"Jeanette","image":{"@type":"ImageObject","inLanguage":"es","@id":"https:\/\/secure.gravatar.com\/avatar\/3ea2118a5f7dad2b7138b1187a6b7ee55f160b9968b66013c3a3ef39dd7e5798?s=96&d=mm&r=g","url":"https:\/\/secure.gravatar.com\/avatar\/3ea2118a5f7dad2b7138b1187a6b7ee55f160b9968b66013c3a3ef39dd7e5798?s=96&d=mm&r=g","contentUrl":"https:\/\/secure.gravatar.com\/avatar\/3ea2118a5f7dad2b7138b1187a6b7ee55f160b9968b66013c3a3ef39dd7e5798?s=96&d=mm&r=g","caption":"Jeanette"},"sameAs":["https:\/\/www.eldiario.net\/portal"],"url":"https:\/\/www.eldiario.net\/portal\/author\/jeanette\/"}]}},"_links":{"self":[{"href":"https:\/\/www.eldiario.net\/portal\/wp-json\/wp\/v2\/posts\/221262","targetHints":{"allow":["GET"]}}],"collection":[{"href":"https:\/\/www.eldiario.net\/portal\/wp-json\/wp\/v2\/posts"}],"about":[{"href":"https:\/\/www.eldiario.net\/portal\/wp-json\/wp\/v2\/types\/post"}],"author":[{"embeddable":true,"href":"https:\/\/www.eldiario.net\/portal\/wp-json\/wp\/v2\/users\/1"}],"replies":[{"embeddable":true,"href":"https:\/\/www.eldiario.net\/portal\/wp-json\/wp\/v2\/comments?post=221262"}],"version-history":[{"count":1,"href":"https:\/\/www.eldiario.net\/portal\/wp-json\/wp\/v2\/posts\/221262\/revisions"}],"predecessor-version":[{"id":221264,"href":"https:\/\/www.eldiario.net\/portal\/wp-json\/wp\/v2\/posts\/221262\/revisions\/221264"}],"wp:featuredmedia":[{"embeddable":true,"href":"https:\/\/www.eldiario.net\/portal\/wp-json\/wp\/v2\/media\/221263"}],"wp:attachment":[{"href":"https:\/\/www.eldiario.net\/portal\/wp-json\/wp\/v2\/media?parent=221262"}],"wp:term":[{"taxonomy":"category","embeddable":true,"href":"https:\/\/www.eldiario.net\/portal\/wp-json\/wp\/v2\/categories?post=221262"},{"taxonomy":"post_tag","embeddable":true,"href":"https:\/\/www.eldiario.net\/portal\/wp-json\/wp\/v2\/tags?post=221262"}],"curies":[{"name":"wp","href":"https:\/\/api.w.org\/{rel}","templated":true}]}}