{"id":221255,"date":"2024-05-17T18:42:13","date_gmt":"2024-05-17T22:42:13","guid":{"rendered":"https:\/\/www.eldiario.net\/portal\/?p=221255"},"modified":"2024-05-17T18:42:13","modified_gmt":"2024-05-17T22:42:13","slug":"experto-afirma-que-hay-escasez-de-dolares-porque-el-gobierno-se-devoro-reservas-2","status":"publish","type":"post","link":"https:\/\/www.eldiario.net\/portal\/2024\/05\/17\/experto-afirma-que-hay-escasez-de-dolares-porque-el-gobierno-se-devoro-reservas-2\/","title":{"rendered":"Experto afirma que hay escasez de d\u00f3lares porque el Gobierno se \u201cdevor\u00f3\u201d reservas"},"content":{"rendered":"<p><iframe loading=\"lazy\" title=\"Experto afirma que hay escasez de d\u00f3lares porque el Gobierno se \u201cdevor\u00f3\u201d reservas\" width=\"696\" height=\"392\" src=\"https:\/\/www.youtube.com\/embed\/nutZNp4fYeE?feature=oembed\" frameborder=\"0\" allow=\"accelerometer; autoplay; clipboard-write; encrypted-media; gyroscope; picture-in-picture; web-share\" referrerpolicy=\"strict-origin-when-cross-origin\" allowfullscreen><\/iframe><\/p>\n","protected":false},"excerpt":{"rendered":"","protected":false},"author":6,"featured_media":221256,"comment_status":"open","ping_status":"open","sticky":false,"template":"","format":"video","meta":{"_acf_changed":false,"footnotes":""},"categories":[51],"tags":[],"class_list":["post-221255","post","type-post","status-publish","format-video","has-post-thumbnail","category-ultima-hora","post_format-post-format-video"],"acf":{"antetitulo":""},"yoast_head":"<!-- This site is optimized with the Yoast SEO plugin v28.3 - https:\/\/yoast.com\/product\/yoast-seo-wordpress\/ -->\n<title>Experto afirma que hay escasez de d\u00f3lares porque el Gobierno se \u201cdevor\u00f3\u201d reservas - El Diario - Bolivia<\/title>\n<meta name=\"description\" content=\"Bolivia tiene una escasez de d\u00f3lares, porque su Gobierno se \u201cdevor\u00f3\u201d sus reservas de esa divisa extranjera por gastar m\u00e1s de lo que recibe en ingresos econ\u00f3micos, seg\u00fan el an\u00e1lisis del doctor en econom\u00eda Antonio Saravia, quien es catedr\u00e1tico de la Universidad Mercer de Atlanta, Estados Unidos.\" \/>\n<meta name=\"robots\" content=\"index, follow, max-snippet:-1, max-image-preview:large, max-video-preview:-1\" \/>\n<link rel=\"canonical\" href=\"https:\/\/www.eldiario.net\/portal\/2024\/05\/17\/experto-afirma-que-hay-escasez-de-dolares-porque-el-gobierno-se-devoro-reservas-2\/\" \/>\n<meta property=\"og:locale\" content=\"es_ES\" \/>\n<meta property=\"og:type\" content=\"article\" \/>\n<meta property=\"og:title\" content=\"Experto afirma que hay escasez de d\u00f3lares porque el Gobierno se \u201cdevor\u00f3\u201d reservas - El Diario - Bolivia\" \/>\n<meta property=\"og:description\" content=\"Bolivia tiene una escasez de d\u00f3lares, porque su Gobierno se \u201cdevor\u00f3\u201d sus reservas de esa divisa extranjera por gastar m\u00e1s de lo que recibe en ingresos econ\u00f3micos, seg\u00fan el an\u00e1lisis del doctor en econom\u00eda Antonio Saravia, quien es catedr\u00e1tico de la Universidad Mercer de Atlanta, Estados Unidos.\" \/>\n<meta property=\"og:url\" content=\"https:\/\/www.eldiario.net\/portal\/2024\/05\/17\/experto-afirma-que-hay-escasez-de-dolares-porque-el-gobierno-se-devoro-reservas-2\/\" \/>\n<meta property=\"og:site_name\" content=\"El Diario - Bolivia\" \/>\n<meta property=\"article:publisher\" content=\"https:\/\/www.facebook.com\/eldiario.bolivia\/\" \/>\n<meta property=\"article:published_time\" content=\"2024-05-17T22:42:13+00:00\" \/>\n<meta property=\"og:image\" content=\"https:\/\/www.eldiario.net\/portal\/wp-content\/uploads\/2024\/05\/bandung-indonesia-jan-8-2015-600nw-2185612437.webp\" \/>\n\t<meta property=\"og:image:width\" content=\"600\" \/>\n\t<meta property=\"og:image:height\" content=\"400\" \/>\n\t<meta property=\"og:image:type\" content=\"image\/webp\" \/>\n<meta name=\"author\" content=\"Mariana Garnica\" \/>\n<meta name=\"twitter:card\" content=\"summary_large_image\" \/>\n<meta name=\"twitter:creator\" content=\"@eldiario_net\" \/>\n<meta name=\"twitter:site\" content=\"@eldiario_net\" \/>\n<meta name=\"twitter:label1\" content=\"Escrito por\" \/>\n\t<meta name=\"twitter:data1\" content=\"Mariana Garnica\" \/>\n\t<meta name=\"twitter:label2\" content=\"Tiempo de lectura\" \/>\n\t<meta name=\"twitter:data2\" content=\"1 minuto\" \/>\n<script type=\"application\/ld+json\" class=\"yoast-schema-graph\">{\"@context\":\"https:\\\/\\\/schema.org\",\"@graph\":[{\"@type\":\"Article\",\"@id\":\"https:\\\/\\\/www.eldiario.net\\\/portal\\\/2024\\\/05\\\/17\\\/experto-afirma-que-hay-escasez-de-dolares-porque-el-gobierno-se-devoro-reservas-2\\\/#article\",\"isPartOf\":{\"@id\":\"https:\\\/\\\/www.eldiario.net\\\/portal\\\/2024\\\/05\\\/17\\\/experto-afirma-que-hay-escasez-de-dolares-porque-el-gobierno-se-devoro-reservas-2\\\/\"},\"author\":{\"name\":\"Mariana Garnica\",\"@id\":\"https:\\\/\\\/www.eldiario.net\\\/portal\\\/#\\\/schema\\\/person\\\/3d6bd38bc7922cd9f6b692b3bfe47692\"},\"headline\":\"Experto afirma que hay escasez de d\u00f3lares porque el Gobierno se \u201cdevor\u00f3\u201d reservas\",\"datePublished\":\"2024-05-17T22:42:13+00:00\",\"mainEntityOfPage\":{\"@id\":\"https:\\\/\\\/www.eldiario.net\\\/portal\\\/2024\\\/05\\\/17\\\/experto-afirma-que-hay-escasez-de-dolares-porque-el-gobierno-se-devoro-reservas-2\\\/\"},\"wordCount\":21,\"commentCount\":0,\"publisher\":{\"@id\":\"https:\\\/\\\/www.eldiario.net\\\/portal\\\/#organization\"},\"image\":{\"@id\":\"https:\\\/\\\/www.eldiario.net\\\/portal\\\/2024\\\/05\\\/17\\\/experto-afirma-que-hay-escasez-de-dolares-porque-el-gobierno-se-devoro-reservas-2\\\/#primaryimage\"},\"thumbnailUrl\":\"https:\\\/\\\/www.eldiario.net\\\/portal\\\/wp-content\\\/uploads\\\/2024\\\/05\\\/bandung-indonesia-jan-8-2015-600nw-2185612437.webp\",\"articleSection\":[\"\u00daltima Hora\"],\"inLanguage\":\"es\",\"potentialAction\":[{\"@type\":\"CommentAction\",\"name\":\"Comment\",\"target\":[\"https:\\\/\\\/www.eldiario.net\\\/portal\\\/2024\\\/05\\\/17\\\/experto-afirma-que-hay-escasez-de-dolares-porque-el-gobierno-se-devoro-reservas-2\\\/#respond\"]}]},{\"@type\":\"WebPage\",\"@id\":\"https:\\\/\\\/www.eldiario.net\\\/portal\\\/2024\\\/05\\\/17\\\/experto-afirma-que-hay-escasez-de-dolares-porque-el-gobierno-se-devoro-reservas-2\\\/\",\"url\":\"https:\\\/\\\/www.eldiario.net\\\/portal\\\/2024\\\/05\\\/17\\\/experto-afirma-que-hay-escasez-de-dolares-porque-el-gobierno-se-devoro-reservas-2\\\/\",\"name\":\"Experto afirma que hay escasez de d\u00f3lares porque el Gobierno se \u201cdevor\u00f3\u201d reservas - El Diario - Bolivia\",\"isPartOf\":{\"@id\":\"https:\\\/\\\/www.eldiario.net\\\/portal\\\/#website\"},\"primaryImageOfPage\":{\"@id\":\"https:\\\/\\\/www.eldiario.net\\\/portal\\\/2024\\\/05\\\/17\\\/experto-afirma-que-hay-escasez-de-dolares-porque-el-gobierno-se-devoro-reservas-2\\\/#primaryimage\"},\"image\":{\"@id\":\"https:\\\/\\\/www.eldiario.net\\\/portal\\\/2024\\\/05\\\/17\\\/experto-afirma-que-hay-escasez-de-dolares-porque-el-gobierno-se-devoro-reservas-2\\\/#primaryimage\"},\"thumbnailUrl\":\"https:\\\/\\\/www.eldiario.net\\\/portal\\\/wp-content\\\/uploads\\\/2024\\\/05\\\/bandung-indonesia-jan-8-2015-600nw-2185612437.webp\",\"datePublished\":\"2024-05-17T22:42:13+00:00\",\"description\":\"Bolivia tiene una escasez de d\u00f3lares, porque su Gobierno se \u201cdevor\u00f3\u201d sus reservas de esa divisa extranjera por gastar m\u00e1s de lo que recibe en ingresos econ\u00f3micos, seg\u00fan el an\u00e1lisis del doctor en econom\u00eda Antonio Saravia, quien es catedr\u00e1tico de la Universidad Mercer de Atlanta, Estados Unidos.\",\"breadcrumb\":{\"@id\":\"https:\\\/\\\/www.eldiario.net\\\/portal\\\/2024\\\/05\\\/17\\\/experto-afirma-que-hay-escasez-de-dolares-porque-el-gobierno-se-devoro-reservas-2\\\/#breadcrumb\"},\"inLanguage\":\"es\",\"potentialAction\":[{\"@type\":\"ReadAction\",\"target\":[\"https:\\\/\\\/www.eldiario.net\\\/portal\\\/2024\\\/05\\\/17\\\/experto-afirma-que-hay-escasez-de-dolares-porque-el-gobierno-se-devoro-reservas-2\\\/\"]}]},{\"@type\":\"ImageObject\",\"inLanguage\":\"es\",\"@id\":\"https:\\\/\\\/www.eldiario.net\\\/portal\\\/2024\\\/05\\\/17\\\/experto-afirma-que-hay-escasez-de-dolares-porque-el-gobierno-se-devoro-reservas-2\\\/#primaryimage\",\"url\":\"https:\\\/\\\/www.eldiario.net\\\/portal\\\/wp-content\\\/uploads\\\/2024\\\/05\\\/bandung-indonesia-jan-8-2015-600nw-2185612437.webp\",\"contentUrl\":\"https:\\\/\\\/www.eldiario.net\\\/portal\\\/wp-content\\\/uploads\\\/2024\\\/05\\\/bandung-indonesia-jan-8-2015-600nw-2185612437.webp\",\"width\":600,\"height\":400},{\"@type\":\"BreadcrumbList\",\"@id\":\"https:\\\/\\\/www.eldiario.net\\\/portal\\\/2024\\\/05\\\/17\\\/experto-afirma-que-hay-escasez-de-dolares-porque-el-gobierno-se-devoro-reservas-2\\\/#breadcrumb\",\"itemListElement\":[{\"@type\":\"ListItem\",\"position\":1,\"name\":\"Portada\",\"item\":\"https:\\\/\\\/www.eldiario.net\\\/portal\\\/\"},{\"@type\":\"ListItem\",\"position\":2,\"name\":\"Experto afirma que hay escasez de d\u00f3lares porque el Gobierno se \u201cdevor\u00f3\u201d reservas\"}]},{\"@type\":\"WebSite\",\"@id\":\"https:\\\/\\\/www.eldiario.net\\\/portal\\\/#website\",\"url\":\"https:\\\/\\\/www.eldiario.net\\\/portal\\\/\",\"name\":\"El Diario - Decano de la prensa nacional\",\"description\":\"El Diario - Decano de la prensa nacional\",\"publisher\":{\"@id\":\"https:\\\/\\\/www.eldiario.net\\\/portal\\\/#organization\"},\"potentialAction\":[{\"@type\":\"SearchAction\",\"target\":{\"@type\":\"EntryPoint\",\"urlTemplate\":\"https:\\\/\\\/www.eldiario.net\\\/portal\\\/?s={search_term_string}\"},\"query-input\":{\"@type\":\"PropertyValueSpecification\",\"valueRequired\":true,\"valueName\":\"search_term_string\"}}],\"inLanguage\":\"es\"},{\"@type\":\"Organization\",\"@id\":\"https:\\\/\\\/www.eldiario.net\\\/portal\\\/#organization\",\"name\":\"El Diario - Decano de la prensa nacional\",\"url\":\"https:\\\/\\\/www.eldiario.net\\\/portal\\\/\",\"logo\":{\"@type\":\"ImageObject\",\"inLanguage\":\"es\",\"@id\":\"https:\\\/\\\/www.eldiario.net\\\/portal\\\/#\\\/schema\\\/logo\\\/image\\\/\",\"url\":\"https:\\\/\\\/www.eldiario.net\\\/portal\\\/wp-content\\\/uploads\\\/2023\\\/07\\\/logo_ED.jpg\",\"contentUrl\":\"https:\\\/\\\/www.eldiario.net\\\/portal\\\/wp-content\\\/uploads\\\/2023\\\/07\\\/logo_ED.jpg\",\"width\":272,\"height\":52,\"caption\":\"El Diario - Decano de la prensa nacional\"},\"image\":{\"@id\":\"https:\\\/\\\/www.eldiario.net\\\/portal\\\/#\\\/schema\\\/logo\\\/image\\\/\"},\"sameAs\":[\"https:\\\/\\\/www.facebook.com\\\/eldiario.bolivia\\\/\",\"https:\\\/\\\/x.com\\\/eldiario_net\"]},{\"@type\":\"Person\",\"@id\":\"https:\\\/\\\/www.eldiario.net\\\/portal\\\/#\\\/schema\\\/person\\\/3d6bd38bc7922cd9f6b692b3bfe47692\",\"name\":\"Mariana Garnica\",\"image\":{\"@type\":\"ImageObject\",\"inLanguage\":\"es\",\"@id\":\"https:\\\/\\\/secure.gravatar.com\\\/avatar\\\/41ff8773a042930478027d27070a9bf5dfb25b1f36d7245a4372dea1f9f295bf?s=96&d=mm&r=g\",\"url\":\"https:\\\/\\\/secure.gravatar.com\\\/avatar\\\/41ff8773a042930478027d27070a9bf5dfb25b1f36d7245a4372dea1f9f295bf?s=96&d=mm&r=g\",\"contentUrl\":\"https:\\\/\\\/secure.gravatar.com\\\/avatar\\\/41ff8773a042930478027d27070a9bf5dfb25b1f36d7245a4372dea1f9f295bf?s=96&d=mm&r=g\",\"caption\":\"Mariana Garnica\"},\"url\":\"https:\\\/\\\/www.eldiario.net\\\/portal\\\/author\\\/manzanita\\\/\"}]}<\/script>\n<!-- \/ Yoast SEO plugin. -->","yoast_head_json":{"title":"Experto afirma que hay escasez de d\u00f3lares porque el Gobierno se \u201cdevor\u00f3\u201d reservas - El Diario - Bolivia","description":"Bolivia tiene una escasez de d\u00f3lares, porque su Gobierno se \u201cdevor\u00f3\u201d sus reservas de esa divisa extranjera por gastar m\u00e1s de lo que recibe en ingresos econ\u00f3micos, seg\u00fan el an\u00e1lisis del doctor en econom\u00eda Antonio Saravia, quien es catedr\u00e1tico de la Universidad Mercer de Atlanta, Estados Unidos.","robots":{"index":"index","follow":"follow","max-snippet":"max-snippet:-1","max-image-preview":"max-image-preview:large","max-video-preview":"max-video-preview:-1"},"canonical":"https:\/\/www.eldiario.net\/portal\/2024\/05\/17\/experto-afirma-que-hay-escasez-de-dolares-porque-el-gobierno-se-devoro-reservas-2\/","og_locale":"es_ES","og_type":"article","og_title":"Experto afirma que hay escasez de d\u00f3lares porque el Gobierno se \u201cdevor\u00f3\u201d reservas - El Diario - Bolivia","og_description":"Bolivia tiene una escasez de d\u00f3lares, porque su Gobierno se \u201cdevor\u00f3\u201d sus reservas de esa divisa extranjera por gastar m\u00e1s de lo que recibe en ingresos econ\u00f3micos, seg\u00fan el an\u00e1lisis del doctor en econom\u00eda Antonio Saravia, quien es catedr\u00e1tico de la Universidad Mercer de Atlanta, Estados Unidos.","og_url":"https:\/\/www.eldiario.net\/portal\/2024\/05\/17\/experto-afirma-que-hay-escasez-de-dolares-porque-el-gobierno-se-devoro-reservas-2\/","og_site_name":"El Diario - Bolivia","article_publisher":"https:\/\/www.facebook.com\/eldiario.bolivia\/","article_published_time":"2024-05-17T22:42:13+00:00","og_image":[{"width":600,"height":400,"url":"https:\/\/www.eldiario.net\/portal\/wp-content\/uploads\/2024\/05\/bandung-indonesia-jan-8-2015-600nw-2185612437.webp","type":"image\/webp"}],"author":"Mariana Garnica","twitter_card":"summary_large_image","twitter_creator":"@eldiario_net","twitter_site":"@eldiario_net","twitter_misc":{"Escrito por":"Mariana Garnica","Tiempo de lectura":"1 minuto"},"schema":{"@context":"https:\/\/schema.org","@graph":[{"@type":"Article","@id":"https:\/\/www.eldiario.net\/portal\/2024\/05\/17\/experto-afirma-que-hay-escasez-de-dolares-porque-el-gobierno-se-devoro-reservas-2\/#article","isPartOf":{"@id":"https:\/\/www.eldiario.net\/portal\/2024\/05\/17\/experto-afirma-que-hay-escasez-de-dolares-porque-el-gobierno-se-devoro-reservas-2\/"},"author":{"name":"Mariana Garnica","@id":"https:\/\/www.eldiario.net\/portal\/#\/schema\/person\/3d6bd38bc7922cd9f6b692b3bfe47692"},"headline":"Experto afirma que hay escasez de d\u00f3lares porque el Gobierno se \u201cdevor\u00f3\u201d reservas","datePublished":"2024-05-17T22:42:13+00:00","mainEntityOfPage":{"@id":"https:\/\/www.eldiario.net\/portal\/2024\/05\/17\/experto-afirma-que-hay-escasez-de-dolares-porque-el-gobierno-se-devoro-reservas-2\/"},"wordCount":21,"commentCount":0,"publisher":{"@id":"https:\/\/www.eldiario.net\/portal\/#organization"},"image":{"@id":"https:\/\/www.eldiario.net\/portal\/2024\/05\/17\/experto-afirma-que-hay-escasez-de-dolares-porque-el-gobierno-se-devoro-reservas-2\/#primaryimage"},"thumbnailUrl":"https:\/\/www.eldiario.net\/portal\/wp-content\/uploads\/2024\/05\/bandung-indonesia-jan-8-2015-600nw-2185612437.webp","articleSection":["\u00daltima Hora"],"inLanguage":"es","potentialAction":[{"@type":"CommentAction","name":"Comment","target":["https:\/\/www.eldiario.net\/portal\/2024\/05\/17\/experto-afirma-que-hay-escasez-de-dolares-porque-el-gobierno-se-devoro-reservas-2\/#respond"]}]},{"@type":"WebPage","@id":"https:\/\/www.eldiario.net\/portal\/2024\/05\/17\/experto-afirma-que-hay-escasez-de-dolares-porque-el-gobierno-se-devoro-reservas-2\/","url":"https:\/\/www.eldiario.net\/portal\/2024\/05\/17\/experto-afirma-que-hay-escasez-de-dolares-porque-el-gobierno-se-devoro-reservas-2\/","name":"Experto afirma que hay escasez de d\u00f3lares porque el Gobierno se \u201cdevor\u00f3\u201d reservas - El Diario - Bolivia","isPartOf":{"@id":"https:\/\/www.eldiario.net\/portal\/#website"},"primaryImageOfPage":{"@id":"https:\/\/www.eldiario.net\/portal\/2024\/05\/17\/experto-afirma-que-hay-escasez-de-dolares-porque-el-gobierno-se-devoro-reservas-2\/#primaryimage"},"image":{"@id":"https:\/\/www.eldiario.net\/portal\/2024\/05\/17\/experto-afirma-que-hay-escasez-de-dolares-porque-el-gobierno-se-devoro-reservas-2\/#primaryimage"},"thumbnailUrl":"https:\/\/www.eldiario.net\/portal\/wp-content\/uploads\/2024\/05\/bandung-indonesia-jan-8-2015-600nw-2185612437.webp","datePublished":"2024-05-17T22:42:13+00:00","description":"Bolivia tiene una escasez de d\u00f3lares, porque su Gobierno se \u201cdevor\u00f3\u201d sus reservas de esa divisa extranjera por gastar m\u00e1s de lo que recibe en ingresos econ\u00f3micos, seg\u00fan el an\u00e1lisis del doctor en econom\u00eda Antonio Saravia, quien es catedr\u00e1tico de la Universidad Mercer de Atlanta, Estados Unidos.","breadcrumb":{"@id":"https:\/\/www.eldiario.net\/portal\/2024\/05\/17\/experto-afirma-que-hay-escasez-de-dolares-porque-el-gobierno-se-devoro-reservas-2\/#breadcrumb"},"inLanguage":"es","potentialAction":[{"@type":"ReadAction","target":["https:\/\/www.eldiario.net\/portal\/2024\/05\/17\/experto-afirma-que-hay-escasez-de-dolares-porque-el-gobierno-se-devoro-reservas-2\/"]}]},{"@type":"ImageObject","inLanguage":"es","@id":"https:\/\/www.eldiario.net\/portal\/2024\/05\/17\/experto-afirma-que-hay-escasez-de-dolares-porque-el-gobierno-se-devoro-reservas-2\/#primaryimage","url":"https:\/\/www.eldiario.net\/portal\/wp-content\/uploads\/2024\/05\/bandung-indonesia-jan-8-2015-600nw-2185612437.webp","contentUrl":"https:\/\/www.eldiario.net\/portal\/wp-content\/uploads\/2024\/05\/bandung-indonesia-jan-8-2015-600nw-2185612437.webp","width":600,"height":400},{"@type":"BreadcrumbList","@id":"https:\/\/www.eldiario.net\/portal\/2024\/05\/17\/experto-afirma-que-hay-escasez-de-dolares-porque-el-gobierno-se-devoro-reservas-2\/#breadcrumb","itemListElement":[{"@type":"ListItem","position":1,"name":"Portada","item":"https:\/\/www.eldiario.net\/portal\/"},{"@type":"ListItem","position":2,"name":"Experto afirma que hay escasez de d\u00f3lares porque el Gobierno se \u201cdevor\u00f3\u201d reservas"}]},{"@type":"WebSite","@id":"https:\/\/www.eldiario.net\/portal\/#website","url":"https:\/\/www.eldiario.net\/portal\/","name":"El Diario - Decano de la prensa nacional","description":"El Diario - Decano de la prensa nacional","publisher":{"@id":"https:\/\/www.eldiario.net\/portal\/#organization"},"potentialAction":[{"@type":"SearchAction","target":{"@type":"EntryPoint","urlTemplate":"https:\/\/www.eldiario.net\/portal\/?s={search_term_string}"},"query-input":{"@type":"PropertyValueSpecification","valueRequired":true,"valueName":"search_term_string"}}],"inLanguage":"es"},{"@type":"Organization","@id":"https:\/\/www.eldiario.net\/portal\/#organization","name":"El Diario - Decano de la prensa nacional","url":"https:\/\/www.eldiario.net\/portal\/","logo":{"@type":"ImageObject","inLanguage":"es","@id":"https:\/\/www.eldiario.net\/portal\/#\/schema\/logo\/image\/","url":"https:\/\/www.eldiario.net\/portal\/wp-content\/uploads\/2023\/07\/logo_ED.jpg","contentUrl":"https:\/\/www.eldiario.net\/portal\/wp-content\/uploads\/2023\/07\/logo_ED.jpg","width":272,"height":52,"caption":"El Diario - Decano de la prensa nacional"},"image":{"@id":"https:\/\/www.eldiario.net\/portal\/#\/schema\/logo\/image\/"},"sameAs":["https:\/\/www.facebook.com\/eldiario.bolivia\/","https:\/\/x.com\/eldiario_net"]},{"@type":"Person","@id":"https:\/\/www.eldiario.net\/portal\/#\/schema\/person\/3d6bd38bc7922cd9f6b692b3bfe47692","name":"Mariana Garnica","image":{"@type":"ImageObject","inLanguage":"es","@id":"https:\/\/secure.gravatar.com\/avatar\/41ff8773a042930478027d27070a9bf5dfb25b1f36d7245a4372dea1f9f295bf?s=96&d=mm&r=g","url":"https:\/\/secure.gravatar.com\/avatar\/41ff8773a042930478027d27070a9bf5dfb25b1f36d7245a4372dea1f9f295bf?s=96&d=mm&r=g","contentUrl":"https:\/\/secure.gravatar.com\/avatar\/41ff8773a042930478027d27070a9bf5dfb25b1f36d7245a4372dea1f9f295bf?s=96&d=mm&r=g","caption":"Mariana Garnica"},"url":"https:\/\/www.eldiario.net\/portal\/author\/manzanita\/"}]}},"_links":{"self":[{"href":"https:\/\/www.eldiario.net\/portal\/wp-json\/wp\/v2\/posts\/221255","targetHints":{"allow":["GET"]}}],"collection":[{"href":"https:\/\/www.eldiario.net\/portal\/wp-json\/wp\/v2\/posts"}],"about":[{"href":"https:\/\/www.eldiario.net\/portal\/wp-json\/wp\/v2\/types\/post"}],"author":[{"embeddable":true,"href":"https:\/\/www.eldiario.net\/portal\/wp-json\/wp\/v2\/users\/6"}],"replies":[{"embeddable":true,"href":"https:\/\/www.eldiario.net\/portal\/wp-json\/wp\/v2\/comments?post=221255"}],"version-history":[{"count":1,"href":"https:\/\/www.eldiario.net\/portal\/wp-json\/wp\/v2\/posts\/221255\/revisions"}],"predecessor-version":[{"id":221257,"href":"https:\/\/www.eldiario.net\/portal\/wp-json\/wp\/v2\/posts\/221255\/revisions\/221257"}],"wp:featuredmedia":[{"embeddable":true,"href":"https:\/\/www.eldiario.net\/portal\/wp-json\/wp\/v2\/media\/221256"}],"wp:attachment":[{"href":"https:\/\/www.eldiario.net\/portal\/wp-json\/wp\/v2\/media?parent=221255"}],"wp:term":[{"taxonomy":"category","embeddable":true,"href":"https:\/\/www.eldiario.net\/portal\/wp-json\/wp\/v2\/categories?post=221255"},{"taxonomy":"post_tag","embeddable":true,"href":"https:\/\/www.eldiario.net\/portal\/wp-json\/wp\/v2\/tags?post=221255"}],"curies":[{"name":"wp","href":"https:\/\/api.w.org\/{rel}","templated":true}]}}