{"id":221251,"date":"2024-05-17T17:47:09","date_gmt":"2024-05-17T21:47:09","guid":{"rendered":"https:\/\/www.eldiario.net\/portal\/?p=221251"},"modified":"2024-05-17T17:47:46","modified_gmt":"2024-05-17T21:47:46","slug":"santa-cruz-tendra-un-fin-de-semana-con-lluvias-y-mas-frio","status":"publish","type":"post","link":"https:\/\/www.eldiario.net\/portal\/2024\/05\/17\/santa-cruz-tendra-un-fin-de-semana-con-lluvias-y-mas-frio\/","title":{"rendered":"Santa Cruz tendr\u00e1 un fin de semana con lluvias ligeras y m\u00e1s fr\u00edo"},"content":{"rendered":"<p>El departamento de Santa Cruz tendr\u00e1 un fin de semana con lluvias ligeras y m\u00e1s fr\u00edo por el descenso de sus temperaturas hasta los cinco grados cent\u00edgrados.<\/p>\n<p>Seg\u00fan el reporte meteorol\u00f3gico m\u00e1s reciente de la Gobernaci\u00f3n de Santa Cruz, el territorio cruce\u00f1o se mantendr\u00e1 con un clima con esas caracter\u00edsticas hasta el domingo, porque tendr\u00e1 cielos con nubosidad y vientos de direcci\u00f3n sur.<\/p>\n<p>El fr\u00edo se intensificar\u00e1 en la ciudad de Santa Cruz, a causa de que tendr\u00e1 temperaturas m\u00ednimas y m\u00e1xima de entre 13 y 17 grados, respectivamente.<\/p>\n<p>La Chiquitania contar\u00e1 con una temperatura m\u00ednima de 14 grados cent\u00edgrados y una m\u00e1xima de 20.<\/p>\n<p>En los valles cruce\u00f1os se tendr\u00e1 el fr\u00edo m\u00e1s intenso, porque all\u00e1 se registrar\u00e1 una temperatura m\u00ednima de cinco grados cent\u00edgrados y una m\u00e1xima de nueve grados cent\u00edgrados.<\/p>\n","protected":false},"excerpt":{"rendered":"<p>El departamento de Santa Cruz tendr\u00e1 un fin de semana con lluvias ligeras y m\u00e1s fr\u00edo por el descenso de sus temperaturas hasta los cinco grados cent\u00edgrados. Seg\u00fan el reporte meteorol\u00f3gico m\u00e1s reciente de la Gobernaci\u00f3n de Santa Cruz, el territorio cruce\u00f1o se mantendr\u00e1 con un clima con esas caracter\u00edsticas hasta el domingo, porque tendr\u00e1 [&hellip;]<\/p>\n","protected":false},"author":2,"featured_media":221252,"comment_status":"open","ping_status":"open","sticky":false,"template":"","format":"standard","meta":{"_acf_changed":false,"footnotes":""},"categories":[51],"tags":[],"class_list":["post-221251","post","type-post","status-publish","format-standard","has-post-thumbnail","category-ultima-hora"],"acf":{"antetitulo":""},"yoast_head":"<!-- This site is optimized with the Yoast SEO plugin v28.3 - https:\/\/yoast.com\/product\/yoast-seo-wordpress\/ -->\n<title>Santa Cruz tendr\u00e1 un fin de semana con lluvias ligeras y m\u00e1s fr\u00edo - El Diario - Bolivia<\/title>\n<meta name=\"robots\" content=\"index, follow, max-snippet:-1, max-image-preview:large, max-video-preview:-1\" \/>\n<link rel=\"canonical\" href=\"https:\/\/www.eldiario.net\/portal\/2024\/05\/17\/santa-cruz-tendra-un-fin-de-semana-con-lluvias-y-mas-frio\/\" \/>\n<meta property=\"og:locale\" content=\"es_ES\" \/>\n<meta property=\"og:type\" content=\"article\" \/>\n<meta property=\"og:title\" content=\"Santa Cruz tendr\u00e1 un fin de semana con lluvias ligeras y m\u00e1s fr\u00edo - El Diario - Bolivia\" \/>\n<meta property=\"og:description\" content=\"El departamento de Santa Cruz tendr\u00e1 un fin de semana con lluvias ligeras y m\u00e1s fr\u00edo por el descenso de sus temperaturas hasta los cinco grados cent\u00edgrados. Seg\u00fan el reporte meteorol\u00f3gico m\u00e1s reciente de la Gobernaci\u00f3n de Santa Cruz, el territorio cruce\u00f1o se mantendr\u00e1 con un clima con esas caracter\u00edsticas hasta el domingo, porque tendr\u00e1 [&hellip;]\" \/>\n<meta property=\"og:url\" content=\"https:\/\/www.eldiario.net\/portal\/2024\/05\/17\/santa-cruz-tendra-un-fin-de-semana-con-lluvias-y-mas-frio\/\" \/>\n<meta property=\"og:site_name\" content=\"El Diario - Bolivia\" \/>\n<meta property=\"article:publisher\" content=\"https:\/\/www.facebook.com\/eldiario.bolivia\/\" \/>\n<meta property=\"article:published_time\" content=\"2024-05-17T21:47:09+00:00\" \/>\n<meta property=\"article:modified_time\" content=\"2024-05-17T21:47:46+00:00\" \/>\n<meta property=\"og:image\" content=\"https:\/\/www.eldiario.net\/portal\/wp-content\/uploads\/2024\/05\/CAPITAL-CRUCENA.jpg\" \/>\n\t<meta property=\"og:image:width\" content=\"500\" \/>\n\t<meta property=\"og:image:height\" content=\"340\" \/>\n\t<meta property=\"og:image:type\" content=\"image\/jpeg\" \/>\n<meta name=\"author\" content=\"luis Camacho\" \/>\n<meta name=\"twitter:card\" content=\"summary_large_image\" \/>\n<meta name=\"twitter:creator\" content=\"@eldiario_net\" \/>\n<meta name=\"twitter:site\" content=\"@eldiario_net\" \/>\n<meta name=\"twitter:label1\" content=\"Escrito por\" \/>\n\t<meta name=\"twitter:data1\" content=\"luis Camacho\" \/>\n\t<meta name=\"twitter:label2\" content=\"Tiempo de lectura\" \/>\n\t<meta name=\"twitter:data2\" content=\"1 minuto\" \/>\n<script type=\"application\/ld+json\" class=\"yoast-schema-graph\">{\"@context\":\"https:\\\/\\\/schema.org\",\"@graph\":[{\"@type\":\"Article\",\"@id\":\"https:\\\/\\\/www.eldiario.net\\\/portal\\\/2024\\\/05\\\/17\\\/santa-cruz-tendra-un-fin-de-semana-con-lluvias-y-mas-frio\\\/#article\",\"isPartOf\":{\"@id\":\"https:\\\/\\\/www.eldiario.net\\\/portal\\\/2024\\\/05\\\/17\\\/santa-cruz-tendra-un-fin-de-semana-con-lluvias-y-mas-frio\\\/\"},\"author\":{\"name\":\"luis Camacho\",\"@id\":\"https:\\\/\\\/www.eldiario.net\\\/portal\\\/#\\\/schema\\\/person\\\/cab1ae4db27e5f008a62cbffb05fbfee\"},\"headline\":\"Santa Cruz tendr\u00e1 un fin de semana con lluvias ligeras y m\u00e1s fr\u00edo\",\"datePublished\":\"2024-05-17T21:47:09+00:00\",\"dateModified\":\"2024-05-17T21:47:46+00:00\",\"mainEntityOfPage\":{\"@id\":\"https:\\\/\\\/www.eldiario.net\\\/portal\\\/2024\\\/05\\\/17\\\/santa-cruz-tendra-un-fin-de-semana-con-lluvias-y-mas-frio\\\/\"},\"wordCount\":167,\"commentCount\":0,\"publisher\":{\"@id\":\"https:\\\/\\\/www.eldiario.net\\\/portal\\\/#organization\"},\"image\":{\"@id\":\"https:\\\/\\\/www.eldiario.net\\\/portal\\\/2024\\\/05\\\/17\\\/santa-cruz-tendra-un-fin-de-semana-con-lluvias-y-mas-frio\\\/#primaryimage\"},\"thumbnailUrl\":\"https:\\\/\\\/www.eldiario.net\\\/portal\\\/wp-content\\\/uploads\\\/2024\\\/05\\\/CAPITAL-CRUCENA.jpg\",\"articleSection\":[\"\u00daltima Hora\"],\"inLanguage\":\"es\",\"potentialAction\":[{\"@type\":\"CommentAction\",\"name\":\"Comment\",\"target\":[\"https:\\\/\\\/www.eldiario.net\\\/portal\\\/2024\\\/05\\\/17\\\/santa-cruz-tendra-un-fin-de-semana-con-lluvias-y-mas-frio\\\/#respond\"]}]},{\"@type\":\"WebPage\",\"@id\":\"https:\\\/\\\/www.eldiario.net\\\/portal\\\/2024\\\/05\\\/17\\\/santa-cruz-tendra-un-fin-de-semana-con-lluvias-y-mas-frio\\\/\",\"url\":\"https:\\\/\\\/www.eldiario.net\\\/portal\\\/2024\\\/05\\\/17\\\/santa-cruz-tendra-un-fin-de-semana-con-lluvias-y-mas-frio\\\/\",\"name\":\"Santa Cruz tendr\u00e1 un fin de semana con lluvias ligeras y m\u00e1s fr\u00edo - El Diario - Bolivia\",\"isPartOf\":{\"@id\":\"https:\\\/\\\/www.eldiario.net\\\/portal\\\/#website\"},\"primaryImageOfPage\":{\"@id\":\"https:\\\/\\\/www.eldiario.net\\\/portal\\\/2024\\\/05\\\/17\\\/santa-cruz-tendra-un-fin-de-semana-con-lluvias-y-mas-frio\\\/#primaryimage\"},\"image\":{\"@id\":\"https:\\\/\\\/www.eldiario.net\\\/portal\\\/2024\\\/05\\\/17\\\/santa-cruz-tendra-un-fin-de-semana-con-lluvias-y-mas-frio\\\/#primaryimage\"},\"thumbnailUrl\":\"https:\\\/\\\/www.eldiario.net\\\/portal\\\/wp-content\\\/uploads\\\/2024\\\/05\\\/CAPITAL-CRUCENA.jpg\",\"datePublished\":\"2024-05-17T21:47:09+00:00\",\"dateModified\":\"2024-05-17T21:47:46+00:00\",\"breadcrumb\":{\"@id\":\"https:\\\/\\\/www.eldiario.net\\\/portal\\\/2024\\\/05\\\/17\\\/santa-cruz-tendra-un-fin-de-semana-con-lluvias-y-mas-frio\\\/#breadcrumb\"},\"inLanguage\":\"es\",\"potentialAction\":[{\"@type\":\"ReadAction\",\"target\":[\"https:\\\/\\\/www.eldiario.net\\\/portal\\\/2024\\\/05\\\/17\\\/santa-cruz-tendra-un-fin-de-semana-con-lluvias-y-mas-frio\\\/\"]}]},{\"@type\":\"ImageObject\",\"inLanguage\":\"es\",\"@id\":\"https:\\\/\\\/www.eldiario.net\\\/portal\\\/2024\\\/05\\\/17\\\/santa-cruz-tendra-un-fin-de-semana-con-lluvias-y-mas-frio\\\/#primaryimage\",\"url\":\"https:\\\/\\\/www.eldiario.net\\\/portal\\\/wp-content\\\/uploads\\\/2024\\\/05\\\/CAPITAL-CRUCENA.jpg\",\"contentUrl\":\"https:\\\/\\\/www.eldiario.net\\\/portal\\\/wp-content\\\/uploads\\\/2024\\\/05\\\/CAPITAL-CRUCENA.jpg\",\"width\":500,\"height\":340,\"caption\":\"Foto: Archivo.\"},{\"@type\":\"BreadcrumbList\",\"@id\":\"https:\\\/\\\/www.eldiario.net\\\/portal\\\/2024\\\/05\\\/17\\\/santa-cruz-tendra-un-fin-de-semana-con-lluvias-y-mas-frio\\\/#breadcrumb\",\"itemListElement\":[{\"@type\":\"ListItem\",\"position\":1,\"name\":\"Portada\",\"item\":\"https:\\\/\\\/www.eldiario.net\\\/portal\\\/\"},{\"@type\":\"ListItem\",\"position\":2,\"name\":\"Santa Cruz tendr\u00e1 un fin de semana con lluvias ligeras y m\u00e1s fr\u00edo\"}]},{\"@type\":\"WebSite\",\"@id\":\"https:\\\/\\\/www.eldiario.net\\\/portal\\\/#website\",\"url\":\"https:\\\/\\\/www.eldiario.net\\\/portal\\\/\",\"name\":\"El Diario - Decano de la prensa nacional\",\"description\":\"El Diario - Decano de la prensa nacional\",\"publisher\":{\"@id\":\"https:\\\/\\\/www.eldiario.net\\\/portal\\\/#organization\"},\"potentialAction\":[{\"@type\":\"SearchAction\",\"target\":{\"@type\":\"EntryPoint\",\"urlTemplate\":\"https:\\\/\\\/www.eldiario.net\\\/portal\\\/?s={search_term_string}\"},\"query-input\":{\"@type\":\"PropertyValueSpecification\",\"valueRequired\":true,\"valueName\":\"search_term_string\"}}],\"inLanguage\":\"es\"},{\"@type\":\"Organization\",\"@id\":\"https:\\\/\\\/www.eldiario.net\\\/portal\\\/#organization\",\"name\":\"El Diario - Decano de la prensa nacional\",\"url\":\"https:\\\/\\\/www.eldiario.net\\\/portal\\\/\",\"logo\":{\"@type\":\"ImageObject\",\"inLanguage\":\"es\",\"@id\":\"https:\\\/\\\/www.eldiario.net\\\/portal\\\/#\\\/schema\\\/logo\\\/image\\\/\",\"url\":\"https:\\\/\\\/www.eldiario.net\\\/portal\\\/wp-content\\\/uploads\\\/2023\\\/07\\\/logo_ED.jpg\",\"contentUrl\":\"https:\\\/\\\/www.eldiario.net\\\/portal\\\/wp-content\\\/uploads\\\/2023\\\/07\\\/logo_ED.jpg\",\"width\":272,\"height\":52,\"caption\":\"El Diario - Decano de la prensa nacional\"},\"image\":{\"@id\":\"https:\\\/\\\/www.eldiario.net\\\/portal\\\/#\\\/schema\\\/logo\\\/image\\\/\"},\"sameAs\":[\"https:\\\/\\\/www.facebook.com\\\/eldiario.bolivia\\\/\",\"https:\\\/\\\/x.com\\\/eldiario_net\"]},{\"@type\":\"Person\",\"@id\":\"https:\\\/\\\/www.eldiario.net\\\/portal\\\/#\\\/schema\\\/person\\\/cab1ae4db27e5f008a62cbffb05fbfee\",\"name\":\"luis Camacho\",\"image\":{\"@type\":\"ImageObject\",\"inLanguage\":\"es\",\"@id\":\"https:\\\/\\\/secure.gravatar.com\\\/avatar\\\/69ecb836b3826d5a2501bf06ab2a2f2c8ab211cc846758f395df21684cb38313?s=96&d=mm&r=g\",\"url\":\"https:\\\/\\\/secure.gravatar.com\\\/avatar\\\/69ecb836b3826d5a2501bf06ab2a2f2c8ab211cc846758f395df21684cb38313?s=96&d=mm&r=g\",\"contentUrl\":\"https:\\\/\\\/secure.gravatar.com\\\/avatar\\\/69ecb836b3826d5a2501bf06ab2a2f2c8ab211cc846758f395df21684cb38313?s=96&d=mm&r=g\",\"caption\":\"luis Camacho\"},\"url\":\"https:\\\/\\\/www.eldiario.net\\\/portal\\\/author\\\/luis\\\/\"}]}<\/script>\n<!-- \/ Yoast SEO plugin. -->","yoast_head_json":{"title":"Santa Cruz tendr\u00e1 un fin de semana con lluvias ligeras y m\u00e1s fr\u00edo - El Diario - Bolivia","robots":{"index":"index","follow":"follow","max-snippet":"max-snippet:-1","max-image-preview":"max-image-preview:large","max-video-preview":"max-video-preview:-1"},"canonical":"https:\/\/www.eldiario.net\/portal\/2024\/05\/17\/santa-cruz-tendra-un-fin-de-semana-con-lluvias-y-mas-frio\/","og_locale":"es_ES","og_type":"article","og_title":"Santa Cruz tendr\u00e1 un fin de semana con lluvias ligeras y m\u00e1s fr\u00edo - El Diario - Bolivia","og_description":"El departamento de Santa Cruz tendr\u00e1 un fin de semana con lluvias ligeras y m\u00e1s fr\u00edo por el descenso de sus temperaturas hasta los cinco grados cent\u00edgrados. Seg\u00fan el reporte meteorol\u00f3gico m\u00e1s reciente de la Gobernaci\u00f3n de Santa Cruz, el territorio cruce\u00f1o se mantendr\u00e1 con un clima con esas caracter\u00edsticas hasta el domingo, porque tendr\u00e1 [&hellip;]","og_url":"https:\/\/www.eldiario.net\/portal\/2024\/05\/17\/santa-cruz-tendra-un-fin-de-semana-con-lluvias-y-mas-frio\/","og_site_name":"El Diario - Bolivia","article_publisher":"https:\/\/www.facebook.com\/eldiario.bolivia\/","article_published_time":"2024-05-17T21:47:09+00:00","article_modified_time":"2024-05-17T21:47:46+00:00","og_image":[{"width":500,"height":340,"url":"https:\/\/www.eldiario.net\/portal\/wp-content\/uploads\/2024\/05\/CAPITAL-CRUCENA.jpg","type":"image\/jpeg"}],"author":"luis Camacho","twitter_card":"summary_large_image","twitter_creator":"@eldiario_net","twitter_site":"@eldiario_net","twitter_misc":{"Escrito por":"luis Camacho","Tiempo de lectura":"1 minuto"},"schema":{"@context":"https:\/\/schema.org","@graph":[{"@type":"Article","@id":"https:\/\/www.eldiario.net\/portal\/2024\/05\/17\/santa-cruz-tendra-un-fin-de-semana-con-lluvias-y-mas-frio\/#article","isPartOf":{"@id":"https:\/\/www.eldiario.net\/portal\/2024\/05\/17\/santa-cruz-tendra-un-fin-de-semana-con-lluvias-y-mas-frio\/"},"author":{"name":"luis Camacho","@id":"https:\/\/www.eldiario.net\/portal\/#\/schema\/person\/cab1ae4db27e5f008a62cbffb05fbfee"},"headline":"Santa Cruz tendr\u00e1 un fin de semana con lluvias ligeras y m\u00e1s fr\u00edo","datePublished":"2024-05-17T21:47:09+00:00","dateModified":"2024-05-17T21:47:46+00:00","mainEntityOfPage":{"@id":"https:\/\/www.eldiario.net\/portal\/2024\/05\/17\/santa-cruz-tendra-un-fin-de-semana-con-lluvias-y-mas-frio\/"},"wordCount":167,"commentCount":0,"publisher":{"@id":"https:\/\/www.eldiario.net\/portal\/#organization"},"image":{"@id":"https:\/\/www.eldiario.net\/portal\/2024\/05\/17\/santa-cruz-tendra-un-fin-de-semana-con-lluvias-y-mas-frio\/#primaryimage"},"thumbnailUrl":"https:\/\/www.eldiario.net\/portal\/wp-content\/uploads\/2024\/05\/CAPITAL-CRUCENA.jpg","articleSection":["\u00daltima Hora"],"inLanguage":"es","potentialAction":[{"@type":"CommentAction","name":"Comment","target":["https:\/\/www.eldiario.net\/portal\/2024\/05\/17\/santa-cruz-tendra-un-fin-de-semana-con-lluvias-y-mas-frio\/#respond"]}]},{"@type":"WebPage","@id":"https:\/\/www.eldiario.net\/portal\/2024\/05\/17\/santa-cruz-tendra-un-fin-de-semana-con-lluvias-y-mas-frio\/","url":"https:\/\/www.eldiario.net\/portal\/2024\/05\/17\/santa-cruz-tendra-un-fin-de-semana-con-lluvias-y-mas-frio\/","name":"Santa Cruz tendr\u00e1 un fin de semana con lluvias ligeras y m\u00e1s fr\u00edo - El Diario - Bolivia","isPartOf":{"@id":"https:\/\/www.eldiario.net\/portal\/#website"},"primaryImageOfPage":{"@id":"https:\/\/www.eldiario.net\/portal\/2024\/05\/17\/santa-cruz-tendra-un-fin-de-semana-con-lluvias-y-mas-frio\/#primaryimage"},"image":{"@id":"https:\/\/www.eldiario.net\/portal\/2024\/05\/17\/santa-cruz-tendra-un-fin-de-semana-con-lluvias-y-mas-frio\/#primaryimage"},"thumbnailUrl":"https:\/\/www.eldiario.net\/portal\/wp-content\/uploads\/2024\/05\/CAPITAL-CRUCENA.jpg","datePublished":"2024-05-17T21:47:09+00:00","dateModified":"2024-05-17T21:47:46+00:00","breadcrumb":{"@id":"https:\/\/www.eldiario.net\/portal\/2024\/05\/17\/santa-cruz-tendra-un-fin-de-semana-con-lluvias-y-mas-frio\/#breadcrumb"},"inLanguage":"es","potentialAction":[{"@type":"ReadAction","target":["https:\/\/www.eldiario.net\/portal\/2024\/05\/17\/santa-cruz-tendra-un-fin-de-semana-con-lluvias-y-mas-frio\/"]}]},{"@type":"ImageObject","inLanguage":"es","@id":"https:\/\/www.eldiario.net\/portal\/2024\/05\/17\/santa-cruz-tendra-un-fin-de-semana-con-lluvias-y-mas-frio\/#primaryimage","url":"https:\/\/www.eldiario.net\/portal\/wp-content\/uploads\/2024\/05\/CAPITAL-CRUCENA.jpg","contentUrl":"https:\/\/www.eldiario.net\/portal\/wp-content\/uploads\/2024\/05\/CAPITAL-CRUCENA.jpg","width":500,"height":340,"caption":"Foto: Archivo."},{"@type":"BreadcrumbList","@id":"https:\/\/www.eldiario.net\/portal\/2024\/05\/17\/santa-cruz-tendra-un-fin-de-semana-con-lluvias-y-mas-frio\/#breadcrumb","itemListElement":[{"@type":"ListItem","position":1,"name":"Portada","item":"https:\/\/www.eldiario.net\/portal\/"},{"@type":"ListItem","position":2,"name":"Santa Cruz tendr\u00e1 un fin de semana con lluvias ligeras y m\u00e1s fr\u00edo"}]},{"@type":"WebSite","@id":"https:\/\/www.eldiario.net\/portal\/#website","url":"https:\/\/www.eldiario.net\/portal\/","name":"El Diario - Decano de la prensa nacional","description":"El Diario - Decano de la prensa nacional","publisher":{"@id":"https:\/\/www.eldiario.net\/portal\/#organization"},"potentialAction":[{"@type":"SearchAction","target":{"@type":"EntryPoint","urlTemplate":"https:\/\/www.eldiario.net\/portal\/?s={search_term_string}"},"query-input":{"@type":"PropertyValueSpecification","valueRequired":true,"valueName":"search_term_string"}}],"inLanguage":"es"},{"@type":"Organization","@id":"https:\/\/www.eldiario.net\/portal\/#organization","name":"El Diario - Decano de la prensa nacional","url":"https:\/\/www.eldiario.net\/portal\/","logo":{"@type":"ImageObject","inLanguage":"es","@id":"https:\/\/www.eldiario.net\/portal\/#\/schema\/logo\/image\/","url":"https:\/\/www.eldiario.net\/portal\/wp-content\/uploads\/2023\/07\/logo_ED.jpg","contentUrl":"https:\/\/www.eldiario.net\/portal\/wp-content\/uploads\/2023\/07\/logo_ED.jpg","width":272,"height":52,"caption":"El Diario - Decano de la prensa nacional"},"image":{"@id":"https:\/\/www.eldiario.net\/portal\/#\/schema\/logo\/image\/"},"sameAs":["https:\/\/www.facebook.com\/eldiario.bolivia\/","https:\/\/x.com\/eldiario_net"]},{"@type":"Person","@id":"https:\/\/www.eldiario.net\/portal\/#\/schema\/person\/cab1ae4db27e5f008a62cbffb05fbfee","name":"luis Camacho","image":{"@type":"ImageObject","inLanguage":"es","@id":"https:\/\/secure.gravatar.com\/avatar\/69ecb836b3826d5a2501bf06ab2a2f2c8ab211cc846758f395df21684cb38313?s=96&d=mm&r=g","url":"https:\/\/secure.gravatar.com\/avatar\/69ecb836b3826d5a2501bf06ab2a2f2c8ab211cc846758f395df21684cb38313?s=96&d=mm&r=g","contentUrl":"https:\/\/secure.gravatar.com\/avatar\/69ecb836b3826d5a2501bf06ab2a2f2c8ab211cc846758f395df21684cb38313?s=96&d=mm&r=g","caption":"luis Camacho"},"url":"https:\/\/www.eldiario.net\/portal\/author\/luis\/"}]}},"_links":{"self":[{"href":"https:\/\/www.eldiario.net\/portal\/wp-json\/wp\/v2\/posts\/221251","targetHints":{"allow":["GET"]}}],"collection":[{"href":"https:\/\/www.eldiario.net\/portal\/wp-json\/wp\/v2\/posts"}],"about":[{"href":"https:\/\/www.eldiario.net\/portal\/wp-json\/wp\/v2\/types\/post"}],"author":[{"embeddable":true,"href":"https:\/\/www.eldiario.net\/portal\/wp-json\/wp\/v2\/users\/2"}],"replies":[{"embeddable":true,"href":"https:\/\/www.eldiario.net\/portal\/wp-json\/wp\/v2\/comments?post=221251"}],"version-history":[{"count":2,"href":"https:\/\/www.eldiario.net\/portal\/wp-json\/wp\/v2\/posts\/221251\/revisions"}],"predecessor-version":[{"id":221254,"href":"https:\/\/www.eldiario.net\/portal\/wp-json\/wp\/v2\/posts\/221251\/revisions\/221254"}],"wp:featuredmedia":[{"embeddable":true,"href":"https:\/\/www.eldiario.net\/portal\/wp-json\/wp\/v2\/media\/221252"}],"wp:attachment":[{"href":"https:\/\/www.eldiario.net\/portal\/wp-json\/wp\/v2\/media?parent=221251"}],"wp:term":[{"taxonomy":"category","embeddable":true,"href":"https:\/\/www.eldiario.net\/portal\/wp-json\/wp\/v2\/categories?post=221251"},{"taxonomy":"post_tag","embeddable":true,"href":"https:\/\/www.eldiario.net\/portal\/wp-json\/wp\/v2\/tags?post=221251"}],"curies":[{"name":"wp","href":"https:\/\/api.w.org\/{rel}","templated":true}]}}