{"id":221242,"date":"2024-05-17T11:40:16","date_gmt":"2024-05-17T15:40:16","guid":{"rendered":"https:\/\/www.eldiario.net\/portal\/?p=221242"},"modified":"2024-05-17T11:45:48","modified_gmt":"2024-05-17T15:45:48","slug":"asosur-responsabiliza-por-escasez-de-combustibles-a-bajos-volumenes-asignados-por-la-anh","status":"publish","type":"post","link":"https:\/\/www.eldiario.net\/portal\/2024\/05\/17\/asosur-responsabiliza-por-escasez-de-combustibles-a-bajos-volumenes-asignados-por-la-anh\/","title":{"rendered":"Asosur responsabiliza por escasez de combustibles a bajos vol\u00famenes asignados por la ANH"},"content":{"rendered":"<p>La Asociaci\u00f3n Nacional de Comercializadores Privados de Hidrocarburos (Asosur) de Santa Cruz neg\u00f3 que la escasez de combustibles en las estaciones de servicio del territorio cruce\u00f1o sea su responsabilidad.<\/p>\n<p>Sin embargo, esa entidad atribuy\u00f3 el problema al hecho de que los vol\u00famenes que asigna la Agencia Nacional de Hidrocarburos (ANH) a sus afiliados no se ajustan a la demanda actual.<\/p>\n<p>\u201cQueremos asegurar al p\u00fablico que, aunque nos esforzamos por cumplir con los vol\u00famenes programados y garantizar la comercializaci\u00f3n eficaz del combustible, las Estaciones de Servicio no tienen control sobre los problemas recurrentes de abastecimiento que han sido descritos. Por ello, declinamos cualquier responsabilidad por la escasez de combustibles en nuestras instalaciones, ya que esto est\u00e1 regido por las asignaciones de volumen que nos provee el ente regulador (ANH)\u201d, menciona la Asosur en un comunicado p\u00fablico.<\/p>\n<p>Seg\u00fan el documento, el problema comenz\u00f3 en abril de 2022, \u201clo que ha llevado a interrupciones en la provisi\u00f3n normada bajo las condiciones de regular, continua e ininterrumpida dispensaci\u00f3n de combustibles l\u00edquidos, afectando su disponibilidad a lo largo de las 24 horas del d\u00eda y de los 365 d\u00edas del a\u00f1o\u201d.<\/p>\n<p>La Asosur asevera tambi\u00e9n que a ese inconveniente se suma retrasos significativos frecuentes en las plantas de despacho, que en diferentes ocasiones causan que la entrega de combustibles se inicie en horarios inusuales, como las 3:00 horas.<\/p>\n","protected":false},"excerpt":{"rendered":"<p>La Asociaci\u00f3n Nacional de Comercializadores Privados de Hidrocarburos (Asosur) de Santa Cruz neg\u00f3 que la escasez de combustibles en las estaciones de servicio del territorio cruce\u00f1o sea su responsabilidad. Sin embargo, esa entidad atribuy\u00f3 el problema al hecho de que los vol\u00famenes que asigna la Agencia Nacional de Hidrocarburos (ANH) a sus afiliados no se [&hellip;]<\/p>\n","protected":false},"author":2,"featured_media":221243,"comment_status":"open","ping_status":"open","sticky":false,"template":"","format":"standard","meta":{"_acf_changed":false,"footnotes":""},"categories":[51],"tags":[],"class_list":["post-221242","post","type-post","status-publish","format-standard","has-post-thumbnail","category-ultima-hora"],"acf":{"antetitulo":""},"yoast_head":"<!-- This site is optimized with the Yoast SEO plugin v28.3 - https:\/\/yoast.com\/product\/yoast-seo-wordpress\/ -->\n<title>Asosur responsabiliza por escasez de combustibles a bajos vol\u00famenes asignados por la ANH - El Diario - Bolivia<\/title>\n<meta name=\"robots\" content=\"index, follow, max-snippet:-1, max-image-preview:large, max-video-preview:-1\" \/>\n<link rel=\"canonical\" href=\"https:\/\/www.eldiario.net\/portal\/2024\/05\/17\/asosur-responsabiliza-por-escasez-de-combustibles-a-bajos-volumenes-asignados-por-la-anh\/\" \/>\n<meta property=\"og:locale\" content=\"es_ES\" \/>\n<meta property=\"og:type\" content=\"article\" \/>\n<meta property=\"og:title\" content=\"Asosur responsabiliza por escasez de combustibles a bajos vol\u00famenes asignados por la ANH - El Diario - Bolivia\" \/>\n<meta property=\"og:description\" content=\"La Asociaci\u00f3n Nacional de Comercializadores Privados de Hidrocarburos (Asosur) de Santa Cruz neg\u00f3 que la escasez de combustibles en las estaciones de servicio del territorio cruce\u00f1o sea su responsabilidad. Sin embargo, esa entidad atribuy\u00f3 el problema al hecho de que los vol\u00famenes que asigna la Agencia Nacional de Hidrocarburos (ANH) a sus afiliados no se [&hellip;]\" \/>\n<meta property=\"og:url\" content=\"https:\/\/www.eldiario.net\/portal\/2024\/05\/17\/asosur-responsabiliza-por-escasez-de-combustibles-a-bajos-volumenes-asignados-por-la-anh\/\" \/>\n<meta property=\"og:site_name\" content=\"El Diario - Bolivia\" \/>\n<meta property=\"article:publisher\" content=\"https:\/\/www.facebook.com\/eldiario.bolivia\/\" \/>\n<meta property=\"article:published_time\" content=\"2024-05-17T15:40:16+00:00\" \/>\n<meta property=\"article:modified_time\" content=\"2024-05-17T15:45:48+00:00\" \/>\n<meta property=\"og:image\" content=\"https:\/\/www.eldiario.net\/portal\/wp-content\/uploads\/2024\/05\/ASOSUR.jpg\" \/>\n\t<meta property=\"og:image:width\" content=\"828\" \/>\n\t<meta property=\"og:image:height\" content=\"831\" \/>\n\t<meta property=\"og:image:type\" content=\"image\/jpeg\" \/>\n<meta name=\"author\" content=\"luis Camacho\" \/>\n<meta name=\"twitter:card\" content=\"summary_large_image\" \/>\n<meta name=\"twitter:creator\" content=\"@eldiario_net\" \/>\n<meta name=\"twitter:site\" content=\"@eldiario_net\" \/>\n<meta name=\"twitter:label1\" content=\"Escrito por\" \/>\n\t<meta name=\"twitter:data1\" content=\"luis Camacho\" \/>\n\t<meta name=\"twitter:label2\" content=\"Tiempo de lectura\" \/>\n\t<meta name=\"twitter:data2\" content=\"2 minutos\" \/>\n<script type=\"application\/ld+json\" class=\"yoast-schema-graph\">{\"@context\":\"https:\\\/\\\/schema.org\",\"@graph\":[{\"@type\":\"Article\",\"@id\":\"https:\\\/\\\/www.eldiario.net\\\/portal\\\/2024\\\/05\\\/17\\\/asosur-responsabiliza-por-escasez-de-combustibles-a-bajos-volumenes-asignados-por-la-anh\\\/#article\",\"isPartOf\":{\"@id\":\"https:\\\/\\\/www.eldiario.net\\\/portal\\\/2024\\\/05\\\/17\\\/asosur-responsabiliza-por-escasez-de-combustibles-a-bajos-volumenes-asignados-por-la-anh\\\/\"},\"author\":{\"name\":\"luis Camacho\",\"@id\":\"https:\\\/\\\/www.eldiario.net\\\/portal\\\/#\\\/schema\\\/person\\\/cab1ae4db27e5f008a62cbffb05fbfee\"},\"headline\":\"Asosur responsabiliza por escasez de combustibles a bajos vol\u00famenes asignados por la ANH\",\"datePublished\":\"2024-05-17T15:40:16+00:00\",\"dateModified\":\"2024-05-17T15:45:48+00:00\",\"mainEntityOfPage\":{\"@id\":\"https:\\\/\\\/www.eldiario.net\\\/portal\\\/2024\\\/05\\\/17\\\/asosur-responsabiliza-por-escasez-de-combustibles-a-bajos-volumenes-asignados-por-la-anh\\\/\"},\"wordCount\":248,\"commentCount\":0,\"publisher\":{\"@id\":\"https:\\\/\\\/www.eldiario.net\\\/portal\\\/#organization\"},\"image\":{\"@id\":\"https:\\\/\\\/www.eldiario.net\\\/portal\\\/2024\\\/05\\\/17\\\/asosur-responsabiliza-por-escasez-de-combustibles-a-bajos-volumenes-asignados-por-la-anh\\\/#primaryimage\"},\"thumbnailUrl\":\"https:\\\/\\\/www.eldiario.net\\\/portal\\\/wp-content\\\/uploads\\\/2024\\\/05\\\/ASOSUR.jpg\",\"articleSection\":[\"\u00daltima Hora\"],\"inLanguage\":\"es\",\"potentialAction\":[{\"@type\":\"CommentAction\",\"name\":\"Comment\",\"target\":[\"https:\\\/\\\/www.eldiario.net\\\/portal\\\/2024\\\/05\\\/17\\\/asosur-responsabiliza-por-escasez-de-combustibles-a-bajos-volumenes-asignados-por-la-anh\\\/#respond\"]}]},{\"@type\":\"WebPage\",\"@id\":\"https:\\\/\\\/www.eldiario.net\\\/portal\\\/2024\\\/05\\\/17\\\/asosur-responsabiliza-por-escasez-de-combustibles-a-bajos-volumenes-asignados-por-la-anh\\\/\",\"url\":\"https:\\\/\\\/www.eldiario.net\\\/portal\\\/2024\\\/05\\\/17\\\/asosur-responsabiliza-por-escasez-de-combustibles-a-bajos-volumenes-asignados-por-la-anh\\\/\",\"name\":\"Asosur responsabiliza por escasez de combustibles a bajos vol\u00famenes asignados por la ANH - El Diario - Bolivia\",\"isPartOf\":{\"@id\":\"https:\\\/\\\/www.eldiario.net\\\/portal\\\/#website\"},\"primaryImageOfPage\":{\"@id\":\"https:\\\/\\\/www.eldiario.net\\\/portal\\\/2024\\\/05\\\/17\\\/asosur-responsabiliza-por-escasez-de-combustibles-a-bajos-volumenes-asignados-por-la-anh\\\/#primaryimage\"},\"image\":{\"@id\":\"https:\\\/\\\/www.eldiario.net\\\/portal\\\/2024\\\/05\\\/17\\\/asosur-responsabiliza-por-escasez-de-combustibles-a-bajos-volumenes-asignados-por-la-anh\\\/#primaryimage\"},\"thumbnailUrl\":\"https:\\\/\\\/www.eldiario.net\\\/portal\\\/wp-content\\\/uploads\\\/2024\\\/05\\\/ASOSUR.jpg\",\"datePublished\":\"2024-05-17T15:40:16+00:00\",\"dateModified\":\"2024-05-17T15:45:48+00:00\",\"breadcrumb\":{\"@id\":\"https:\\\/\\\/www.eldiario.net\\\/portal\\\/2024\\\/05\\\/17\\\/asosur-responsabiliza-por-escasez-de-combustibles-a-bajos-volumenes-asignados-por-la-anh\\\/#breadcrumb\"},\"inLanguage\":\"es\",\"potentialAction\":[{\"@type\":\"ReadAction\",\"target\":[\"https:\\\/\\\/www.eldiario.net\\\/portal\\\/2024\\\/05\\\/17\\\/asosur-responsabiliza-por-escasez-de-combustibles-a-bajos-volumenes-asignados-por-la-anh\\\/\"]}]},{\"@type\":\"ImageObject\",\"inLanguage\":\"es\",\"@id\":\"https:\\\/\\\/www.eldiario.net\\\/portal\\\/2024\\\/05\\\/17\\\/asosur-responsabiliza-por-escasez-de-combustibles-a-bajos-volumenes-asignados-por-la-anh\\\/#primaryimage\",\"url\":\"https:\\\/\\\/www.eldiario.net\\\/portal\\\/wp-content\\\/uploads\\\/2024\\\/05\\\/ASOSUR.jpg\",\"contentUrl\":\"https:\\\/\\\/www.eldiario.net\\\/portal\\\/wp-content\\\/uploads\\\/2024\\\/05\\\/ASOSUR.jpg\",\"width\":828,\"height\":831},{\"@type\":\"BreadcrumbList\",\"@id\":\"https:\\\/\\\/www.eldiario.net\\\/portal\\\/2024\\\/05\\\/17\\\/asosur-responsabiliza-por-escasez-de-combustibles-a-bajos-volumenes-asignados-por-la-anh\\\/#breadcrumb\",\"itemListElement\":[{\"@type\":\"ListItem\",\"position\":1,\"name\":\"Portada\",\"item\":\"https:\\\/\\\/www.eldiario.net\\\/portal\\\/\"},{\"@type\":\"ListItem\",\"position\":2,\"name\":\"Asosur responsabiliza por escasez de combustibles a bajos vol\u00famenes asignados por la ANH\"}]},{\"@type\":\"WebSite\",\"@id\":\"https:\\\/\\\/www.eldiario.net\\\/portal\\\/#website\",\"url\":\"https:\\\/\\\/www.eldiario.net\\\/portal\\\/\",\"name\":\"El Diario - Decano de la prensa nacional\",\"description\":\"El Diario - Decano de la prensa nacional\",\"publisher\":{\"@id\":\"https:\\\/\\\/www.eldiario.net\\\/portal\\\/#organization\"},\"potentialAction\":[{\"@type\":\"SearchAction\",\"target\":{\"@type\":\"EntryPoint\",\"urlTemplate\":\"https:\\\/\\\/www.eldiario.net\\\/portal\\\/?s={search_term_string}\"},\"query-input\":{\"@type\":\"PropertyValueSpecification\",\"valueRequired\":true,\"valueName\":\"search_term_string\"}}],\"inLanguage\":\"es\"},{\"@type\":\"Organization\",\"@id\":\"https:\\\/\\\/www.eldiario.net\\\/portal\\\/#organization\",\"name\":\"El Diario - Decano de la prensa nacional\",\"url\":\"https:\\\/\\\/www.eldiario.net\\\/portal\\\/\",\"logo\":{\"@type\":\"ImageObject\",\"inLanguage\":\"es\",\"@id\":\"https:\\\/\\\/www.eldiario.net\\\/portal\\\/#\\\/schema\\\/logo\\\/image\\\/\",\"url\":\"https:\\\/\\\/www.eldiario.net\\\/portal\\\/wp-content\\\/uploads\\\/2023\\\/07\\\/logo_ED.jpg\",\"contentUrl\":\"https:\\\/\\\/www.eldiario.net\\\/portal\\\/wp-content\\\/uploads\\\/2023\\\/07\\\/logo_ED.jpg\",\"width\":272,\"height\":52,\"caption\":\"El Diario - Decano de la prensa nacional\"},\"image\":{\"@id\":\"https:\\\/\\\/www.eldiario.net\\\/portal\\\/#\\\/schema\\\/logo\\\/image\\\/\"},\"sameAs\":[\"https:\\\/\\\/www.facebook.com\\\/eldiario.bolivia\\\/\",\"https:\\\/\\\/x.com\\\/eldiario_net\"]},{\"@type\":\"Person\",\"@id\":\"https:\\\/\\\/www.eldiario.net\\\/portal\\\/#\\\/schema\\\/person\\\/cab1ae4db27e5f008a62cbffb05fbfee\",\"name\":\"luis Camacho\",\"image\":{\"@type\":\"ImageObject\",\"inLanguage\":\"es\",\"@id\":\"https:\\\/\\\/secure.gravatar.com\\\/avatar\\\/69ecb836b3826d5a2501bf06ab2a2f2c8ab211cc846758f395df21684cb38313?s=96&d=mm&r=g\",\"url\":\"https:\\\/\\\/secure.gravatar.com\\\/avatar\\\/69ecb836b3826d5a2501bf06ab2a2f2c8ab211cc846758f395df21684cb38313?s=96&d=mm&r=g\",\"contentUrl\":\"https:\\\/\\\/secure.gravatar.com\\\/avatar\\\/69ecb836b3826d5a2501bf06ab2a2f2c8ab211cc846758f395df21684cb38313?s=96&d=mm&r=g\",\"caption\":\"luis Camacho\"},\"url\":\"https:\\\/\\\/www.eldiario.net\\\/portal\\\/author\\\/luis\\\/\"}]}<\/script>\n<!-- \/ Yoast SEO plugin. -->","yoast_head_json":{"title":"Asosur responsabiliza por escasez de combustibles a bajos vol\u00famenes asignados por la ANH - El Diario - Bolivia","robots":{"index":"index","follow":"follow","max-snippet":"max-snippet:-1","max-image-preview":"max-image-preview:large","max-video-preview":"max-video-preview:-1"},"canonical":"https:\/\/www.eldiario.net\/portal\/2024\/05\/17\/asosur-responsabiliza-por-escasez-de-combustibles-a-bajos-volumenes-asignados-por-la-anh\/","og_locale":"es_ES","og_type":"article","og_title":"Asosur responsabiliza por escasez de combustibles a bajos vol\u00famenes asignados por la ANH - El Diario - Bolivia","og_description":"La Asociaci\u00f3n Nacional de Comercializadores Privados de Hidrocarburos (Asosur) de Santa Cruz neg\u00f3 que la escasez de combustibles en las estaciones de servicio del territorio cruce\u00f1o sea su responsabilidad. Sin embargo, esa entidad atribuy\u00f3 el problema al hecho de que los vol\u00famenes que asigna la Agencia Nacional de Hidrocarburos (ANH) a sus afiliados no se [&hellip;]","og_url":"https:\/\/www.eldiario.net\/portal\/2024\/05\/17\/asosur-responsabiliza-por-escasez-de-combustibles-a-bajos-volumenes-asignados-por-la-anh\/","og_site_name":"El Diario - Bolivia","article_publisher":"https:\/\/www.facebook.com\/eldiario.bolivia\/","article_published_time":"2024-05-17T15:40:16+00:00","article_modified_time":"2024-05-17T15:45:48+00:00","og_image":[{"width":828,"height":831,"url":"https:\/\/www.eldiario.net\/portal\/wp-content\/uploads\/2024\/05\/ASOSUR.jpg","type":"image\/jpeg"}],"author":"luis Camacho","twitter_card":"summary_large_image","twitter_creator":"@eldiario_net","twitter_site":"@eldiario_net","twitter_misc":{"Escrito por":"luis Camacho","Tiempo de lectura":"2 minutos"},"schema":{"@context":"https:\/\/schema.org","@graph":[{"@type":"Article","@id":"https:\/\/www.eldiario.net\/portal\/2024\/05\/17\/asosur-responsabiliza-por-escasez-de-combustibles-a-bajos-volumenes-asignados-por-la-anh\/#article","isPartOf":{"@id":"https:\/\/www.eldiario.net\/portal\/2024\/05\/17\/asosur-responsabiliza-por-escasez-de-combustibles-a-bajos-volumenes-asignados-por-la-anh\/"},"author":{"name":"luis Camacho","@id":"https:\/\/www.eldiario.net\/portal\/#\/schema\/person\/cab1ae4db27e5f008a62cbffb05fbfee"},"headline":"Asosur responsabiliza por escasez de combustibles a bajos vol\u00famenes asignados por la ANH","datePublished":"2024-05-17T15:40:16+00:00","dateModified":"2024-05-17T15:45:48+00:00","mainEntityOfPage":{"@id":"https:\/\/www.eldiario.net\/portal\/2024\/05\/17\/asosur-responsabiliza-por-escasez-de-combustibles-a-bajos-volumenes-asignados-por-la-anh\/"},"wordCount":248,"commentCount":0,"publisher":{"@id":"https:\/\/www.eldiario.net\/portal\/#organization"},"image":{"@id":"https:\/\/www.eldiario.net\/portal\/2024\/05\/17\/asosur-responsabiliza-por-escasez-de-combustibles-a-bajos-volumenes-asignados-por-la-anh\/#primaryimage"},"thumbnailUrl":"https:\/\/www.eldiario.net\/portal\/wp-content\/uploads\/2024\/05\/ASOSUR.jpg","articleSection":["\u00daltima Hora"],"inLanguage":"es","potentialAction":[{"@type":"CommentAction","name":"Comment","target":["https:\/\/www.eldiario.net\/portal\/2024\/05\/17\/asosur-responsabiliza-por-escasez-de-combustibles-a-bajos-volumenes-asignados-por-la-anh\/#respond"]}]},{"@type":"WebPage","@id":"https:\/\/www.eldiario.net\/portal\/2024\/05\/17\/asosur-responsabiliza-por-escasez-de-combustibles-a-bajos-volumenes-asignados-por-la-anh\/","url":"https:\/\/www.eldiario.net\/portal\/2024\/05\/17\/asosur-responsabiliza-por-escasez-de-combustibles-a-bajos-volumenes-asignados-por-la-anh\/","name":"Asosur responsabiliza por escasez de combustibles a bajos vol\u00famenes asignados por la ANH - El Diario - Bolivia","isPartOf":{"@id":"https:\/\/www.eldiario.net\/portal\/#website"},"primaryImageOfPage":{"@id":"https:\/\/www.eldiario.net\/portal\/2024\/05\/17\/asosur-responsabiliza-por-escasez-de-combustibles-a-bajos-volumenes-asignados-por-la-anh\/#primaryimage"},"image":{"@id":"https:\/\/www.eldiario.net\/portal\/2024\/05\/17\/asosur-responsabiliza-por-escasez-de-combustibles-a-bajos-volumenes-asignados-por-la-anh\/#primaryimage"},"thumbnailUrl":"https:\/\/www.eldiario.net\/portal\/wp-content\/uploads\/2024\/05\/ASOSUR.jpg","datePublished":"2024-05-17T15:40:16+00:00","dateModified":"2024-05-17T15:45:48+00:00","breadcrumb":{"@id":"https:\/\/www.eldiario.net\/portal\/2024\/05\/17\/asosur-responsabiliza-por-escasez-de-combustibles-a-bajos-volumenes-asignados-por-la-anh\/#breadcrumb"},"inLanguage":"es","potentialAction":[{"@type":"ReadAction","target":["https:\/\/www.eldiario.net\/portal\/2024\/05\/17\/asosur-responsabiliza-por-escasez-de-combustibles-a-bajos-volumenes-asignados-por-la-anh\/"]}]},{"@type":"ImageObject","inLanguage":"es","@id":"https:\/\/www.eldiario.net\/portal\/2024\/05\/17\/asosur-responsabiliza-por-escasez-de-combustibles-a-bajos-volumenes-asignados-por-la-anh\/#primaryimage","url":"https:\/\/www.eldiario.net\/portal\/wp-content\/uploads\/2024\/05\/ASOSUR.jpg","contentUrl":"https:\/\/www.eldiario.net\/portal\/wp-content\/uploads\/2024\/05\/ASOSUR.jpg","width":828,"height":831},{"@type":"BreadcrumbList","@id":"https:\/\/www.eldiario.net\/portal\/2024\/05\/17\/asosur-responsabiliza-por-escasez-de-combustibles-a-bajos-volumenes-asignados-por-la-anh\/#breadcrumb","itemListElement":[{"@type":"ListItem","position":1,"name":"Portada","item":"https:\/\/www.eldiario.net\/portal\/"},{"@type":"ListItem","position":2,"name":"Asosur responsabiliza por escasez de combustibles a bajos vol\u00famenes asignados por la ANH"}]},{"@type":"WebSite","@id":"https:\/\/www.eldiario.net\/portal\/#website","url":"https:\/\/www.eldiario.net\/portal\/","name":"El Diario - Decano de la prensa nacional","description":"El Diario - Decano de la prensa nacional","publisher":{"@id":"https:\/\/www.eldiario.net\/portal\/#organization"},"potentialAction":[{"@type":"SearchAction","target":{"@type":"EntryPoint","urlTemplate":"https:\/\/www.eldiario.net\/portal\/?s={search_term_string}"},"query-input":{"@type":"PropertyValueSpecification","valueRequired":true,"valueName":"search_term_string"}}],"inLanguage":"es"},{"@type":"Organization","@id":"https:\/\/www.eldiario.net\/portal\/#organization","name":"El Diario - Decano de la prensa nacional","url":"https:\/\/www.eldiario.net\/portal\/","logo":{"@type":"ImageObject","inLanguage":"es","@id":"https:\/\/www.eldiario.net\/portal\/#\/schema\/logo\/image\/","url":"https:\/\/www.eldiario.net\/portal\/wp-content\/uploads\/2023\/07\/logo_ED.jpg","contentUrl":"https:\/\/www.eldiario.net\/portal\/wp-content\/uploads\/2023\/07\/logo_ED.jpg","width":272,"height":52,"caption":"El Diario - Decano de la prensa nacional"},"image":{"@id":"https:\/\/www.eldiario.net\/portal\/#\/schema\/logo\/image\/"},"sameAs":["https:\/\/www.facebook.com\/eldiario.bolivia\/","https:\/\/x.com\/eldiario_net"]},{"@type":"Person","@id":"https:\/\/www.eldiario.net\/portal\/#\/schema\/person\/cab1ae4db27e5f008a62cbffb05fbfee","name":"luis Camacho","image":{"@type":"ImageObject","inLanguage":"es","@id":"https:\/\/secure.gravatar.com\/avatar\/69ecb836b3826d5a2501bf06ab2a2f2c8ab211cc846758f395df21684cb38313?s=96&d=mm&r=g","url":"https:\/\/secure.gravatar.com\/avatar\/69ecb836b3826d5a2501bf06ab2a2f2c8ab211cc846758f395df21684cb38313?s=96&d=mm&r=g","contentUrl":"https:\/\/secure.gravatar.com\/avatar\/69ecb836b3826d5a2501bf06ab2a2f2c8ab211cc846758f395df21684cb38313?s=96&d=mm&r=g","caption":"luis Camacho"},"url":"https:\/\/www.eldiario.net\/portal\/author\/luis\/"}]}},"_links":{"self":[{"href":"https:\/\/www.eldiario.net\/portal\/wp-json\/wp\/v2\/posts\/221242","targetHints":{"allow":["GET"]}}],"collection":[{"href":"https:\/\/www.eldiario.net\/portal\/wp-json\/wp\/v2\/posts"}],"about":[{"href":"https:\/\/www.eldiario.net\/portal\/wp-json\/wp\/v2\/types\/post"}],"author":[{"embeddable":true,"href":"https:\/\/www.eldiario.net\/portal\/wp-json\/wp\/v2\/users\/2"}],"replies":[{"embeddable":true,"href":"https:\/\/www.eldiario.net\/portal\/wp-json\/wp\/v2\/comments?post=221242"}],"version-history":[{"count":1,"href":"https:\/\/www.eldiario.net\/portal\/wp-json\/wp\/v2\/posts\/221242\/revisions"}],"predecessor-version":[{"id":221244,"href":"https:\/\/www.eldiario.net\/portal\/wp-json\/wp\/v2\/posts\/221242\/revisions\/221244"}],"wp:featuredmedia":[{"embeddable":true,"href":"https:\/\/www.eldiario.net\/portal\/wp-json\/wp\/v2\/media\/221243"}],"wp:attachment":[{"href":"https:\/\/www.eldiario.net\/portal\/wp-json\/wp\/v2\/media?parent=221242"}],"wp:term":[{"taxonomy":"category","embeddable":true,"href":"https:\/\/www.eldiario.net\/portal\/wp-json\/wp\/v2\/categories?post=221242"},{"taxonomy":"post_tag","embeddable":true,"href":"https:\/\/www.eldiario.net\/portal\/wp-json\/wp\/v2\/tags?post=221242"}],"curies":[{"name":"wp","href":"https:\/\/api.w.org\/{rel}","templated":true}]}}