{"id":220700,"date":"2024-05-15T05:54:00","date_gmt":"2024-05-15T09:54:00","guid":{"rendered":"https:\/\/www.eldiario.net\/portal\/?p=220700"},"modified":"2024-05-15T05:54:00","modified_gmt":"2024-05-15T09:54:00","slug":"propuesta-para-reforma-de-la-cpe-busca-demorar-mas-la-preseleccion","status":"publish","type":"post","link":"https:\/\/www.eldiario.net\/portal\/2024\/05\/15\/propuesta-para-reforma-de-la-cpe-busca-demorar-mas-la-preseleccion\/","title":{"rendered":"Propuesta para reforma de la CPE  busca demorar m\u00e1s la preselecci\u00f3n"},"content":{"rendered":"<p>Luego de plantearse la posibilidad de modificar la Constituci\u00f3n Pol\u00edtica del Estado (CPE) para ajustar los procedimientos de las elecciones judiciales, la senadora por Comunidad Ciudadana (CC), Silvia Salame, advirti\u00f3 que esta propuesta puede tratarse de una maniobra para prolongar, a\u00fan m\u00e1s, el estancamiento en el actual proceso.<br \/>\nLa asamble\u00edsta representante del departamento de Chuquisaca record\u00f3 que en 2011 este tema ya fue analizado, luego que ella misma planteara la necesidad de reformar parcialmente la Constituci\u00f3n en el tema de la elecci\u00f3n de altas autoridades del \u00d3rgano Legislativo.<br \/>\nSe\u00f1al\u00f3 que, en su momento, una de las principales observaciones ten\u00eda que ver con el verdadero sentido de una elecci\u00f3n popular, cuando los candidatos pasan por un proceso previo de preselecci\u00f3n, hecho que no puede considerarse como un proceso eleccionario como tal.<br \/>\n\u201cSi se hace un an\u00e1lisis de c\u00f3mo se han hecho las elecciones de 2011 y de 2017, el ciudadano solamente ha elegido, por lo que la Asamblea Legislativa ha seleccionado previamente, entonces, una elecci\u00f3n (judicial) real nunca ha habido en Bolivia\u201d, sostuvo.<br \/>\nEn criterio de la asamble\u00edsta nacional, ser\u00eda suficiente una \u201csimple\u201d modificaci\u00f3n parcial de la Constituci\u00f3n para solucionar este tema, sin embargo, se deben analizar las intenciones detr\u00e1s de este planteamiento en la actual coyuntura.<br \/>\n\u201cNosotros podr\u00edamos modificar esta situaci\u00f3n. El anuncio puede tener una buena intenci\u00f3n, pero tambi\u00e9n puede haber un trasfondo para demorar m\u00e1s el proceso de elecciones y convencer al ciudadano que en esta gesti\u00f3n legislativa, que termina el 2025, podamos cambiar la Constituci\u00f3n\u201d, dijo.<br \/>\nSalame advirti\u00f3 que la posibilidad de aplicar una reforma parcial a la CPE, en este u otro aspecto, no ser\u00e1 posible sin un \u201cgran consenso pol\u00edtico\u201d previo y que en caso de lograrse este acuerdo, el debate deber\u00eda centrarse en la forma de elecci\u00f3n, la composici\u00f3n de los tribunales y la participaci\u00f3n del resto de \u00d3rganos del Estado en este proceso.<br \/>\nAgreg\u00f3 que una posible modificaci\u00f3n al texto constitucional es un tema que debe ser trabajado con mucho detenimiento, aunque lo m\u00e1s probable es que en el presente per\u00edodo constitucional solo se alcance a elaborar un \u201cproyecto de necesidad de modificaci\u00f3n a la Constituci\u00f3n\u201d, que es el paso inicial para encaminar una reforma a la CPE.<br \/>\nEl lunes, durante la presentaci\u00f3n de la agenda de actividades del Bicentenario en la ciudad de Sucre, el presidente del Tribunal Supremo de Justicia (TSJ), Marco Jaimes, plante\u00f3 la posibilidad de debatir la aplicaci\u00f3n de una reforma a la Constituci\u00f3n para que las elecciones judiciales contin\u00faen o no por voto popular.<br \/>\n\u201cLa poblaci\u00f3n, si acaso ve en las elecciones judiciales demasiada dificultad pol\u00edtica por la extrema politizaci\u00f3n con miras a las elecciones presidenciales, plantee y debata una reforma constitucional para que sea la poblaci\u00f3n la que decida si contin\u00faa el voto popular o acaso se d\u00e9 el mecanismo empleado por los diferentes pa\u00edses para la designaci\u00f3n de altas autoridades judiciales\u201d, manifest\u00f3 la autoridad.<br \/>\nPara la senadora Salame, los criterios que provienen de Jaimes y otros \u201cautoprorrogados\u201d, no pueden ser considerados como planteamientos emitidos por Magistrados o Jueces, sino de un grupo de \u201cusurpadores de funciones\u201d.<br \/>\nEl pasado 30 de abril, la Sala Constitucional Primera de Cobija, determin\u00f3 dar curso a un recurso de Acci\u00f3n Popular, planteado por la supuesta vulneraci\u00f3n de derechos referentes a mujeres pertenecientes a pueblos ind\u00edgenas, originarios, campesinos, con lo que se dej\u00f3 sin efecto el proceso de preselecci\u00f3n de postulantes a las elecciones judiciales, llevado adelante en la Asamblea Legislativa, declarando adem\u00e1s la \u201cinaplicabilidad\u201d de la Ley 1549 y su reglamento.<br \/>\nLa semana pasada, las Comisiones Mixtas de Constituci\u00f3n y Justicia Plural elaboraron sus informes con relaci\u00f3n al estado de la preselecci\u00f3n previo a esta paralizaci\u00f3n y plantearon que sea el pleno de la ALP la instancia que decida el destino de los comicios judiciales. Asimismo, la bancada del MAS anunci\u00f3 haber solicitado al TCP una medida cautelar que garantice continuar con este proceso, paralizado en su fase de evaluaci\u00f3n oral y escrita.<\/p>\n","protected":false},"excerpt":{"rendered":"<p>Luego de plantearse la posibilidad de modificar la Constituci\u00f3n Pol\u00edtica del Estado (CPE) para ajustar los procedimientos de las elecciones judiciales, la senadora por Comunidad Ciudadana (CC), Silvia Salame, advirti\u00f3 que esta propuesta puede tratarse de una maniobra para prolongar, a\u00fan m\u00e1s, el estancamiento en el actual proceso. La asamble\u00edsta representante del departamento de Chuquisaca [&hellip;]<\/p>\n","protected":false},"author":1,"featured_media":220701,"comment_status":"open","ping_status":"open","sticky":false,"template":"","format":"standard","meta":{"_acf_changed":false,"footnotes":""},"categories":[14],"tags":[],"class_list":["post-220700","post","type-post","status-publish","format-standard","has-post-thumbnail","category-politica"],"acf":{"antetitulo":"Advierten doble intensi\u00f3n"},"yoast_head":"<!-- This site is optimized with the Yoast SEO plugin v28.3 - https:\/\/yoast.com\/product\/yoast-seo-wordpress\/ -->\n<title>Propuesta para reforma de la CPE busca demorar m\u00e1s la preselecci\u00f3n - El Diario - Bolivia<\/title>\n<meta name=\"robots\" content=\"index, follow, max-snippet:-1, max-image-preview:large, max-video-preview:-1\" \/>\n<link rel=\"canonical\" href=\"https:\/\/www.eldiario.net\/portal\/2024\/05\/15\/propuesta-para-reforma-de-la-cpe-busca-demorar-mas-la-preseleccion\/\" \/>\n<meta property=\"og:locale\" content=\"es_ES\" \/>\n<meta property=\"og:type\" content=\"article\" \/>\n<meta property=\"og:title\" content=\"Propuesta para reforma de la CPE busca demorar m\u00e1s la preselecci\u00f3n - El Diario - Bolivia\" \/>\n<meta property=\"og:description\" content=\"Luego de plantearse la posibilidad de modificar la Constituci\u00f3n Pol\u00edtica del Estado (CPE) para ajustar los procedimientos de las elecciones judiciales, la senadora por Comunidad Ciudadana (CC), Silvia Salame, advirti\u00f3 que esta propuesta puede tratarse de una maniobra para prolongar, a\u00fan m\u00e1s, el estancamiento en el actual proceso. La asamble\u00edsta representante del departamento de Chuquisaca [&hellip;]\" \/>\n<meta property=\"og:url\" content=\"https:\/\/www.eldiario.net\/portal\/2024\/05\/15\/propuesta-para-reforma-de-la-cpe-busca-demorar-mas-la-preseleccion\/\" \/>\n<meta property=\"og:site_name\" content=\"El Diario - Bolivia\" \/>\n<meta property=\"article:publisher\" content=\"https:\/\/www.facebook.com\/eldiario.bolivia\/\" \/>\n<meta property=\"article:published_time\" content=\"2024-05-15T09:54:00+00:00\" \/>\n<meta property=\"og:image\" content=\"https:\/\/www.eldiario.net\/portal\/wp-content\/uploads\/2024\/05\/DEMORAR-SALAME.jpg\" \/>\n\t<meta property=\"og:image:width\" content=\"1414\" \/>\n\t<meta property=\"og:image:height\" content=\"1080\" \/>\n\t<meta property=\"og:image:type\" content=\"image\/jpeg\" \/>\n<meta name=\"author\" content=\"Jeanette\" \/>\n<meta name=\"twitter:card\" content=\"summary_large_image\" \/>\n<meta name=\"twitter:creator\" content=\"@eldiario_net\" \/>\n<meta name=\"twitter:site\" content=\"@eldiario_net\" \/>\n<meta name=\"twitter:label1\" content=\"Escrito por\" \/>\n\t<meta name=\"twitter:data1\" content=\"Jeanette\" \/>\n\t<meta name=\"twitter:label2\" content=\"Tiempo de lectura\" \/>\n\t<meta name=\"twitter:data2\" content=\"3 minutos\" \/>\n<script type=\"application\/ld+json\" class=\"yoast-schema-graph\">{\"@context\":\"https:\\\/\\\/schema.org\",\"@graph\":[{\"@type\":\"Article\",\"@id\":\"https:\\\/\\\/www.eldiario.net\\\/portal\\\/2024\\\/05\\\/15\\\/propuesta-para-reforma-de-la-cpe-busca-demorar-mas-la-preseleccion\\\/#article\",\"isPartOf\":{\"@id\":\"https:\\\/\\\/www.eldiario.net\\\/portal\\\/2024\\\/05\\\/15\\\/propuesta-para-reforma-de-la-cpe-busca-demorar-mas-la-preseleccion\\\/\"},\"author\":{\"name\":\"Jeanette\",\"@id\":\"https:\\\/\\\/www.eldiario.net\\\/portal\\\/#\\\/schema\\\/person\\\/f46445640444750d7d753ccd04ae01b7\"},\"headline\":\"Propuesta para reforma de la CPE busca demorar m\u00e1s la preselecci\u00f3n\",\"datePublished\":\"2024-05-15T09:54:00+00:00\",\"mainEntityOfPage\":{\"@id\":\"https:\\\/\\\/www.eldiario.net\\\/portal\\\/2024\\\/05\\\/15\\\/propuesta-para-reforma-de-la-cpe-busca-demorar-mas-la-preseleccion\\\/\"},\"wordCount\":716,\"commentCount\":0,\"publisher\":{\"@id\":\"https:\\\/\\\/www.eldiario.net\\\/portal\\\/#organization\"},\"image\":{\"@id\":\"https:\\\/\\\/www.eldiario.net\\\/portal\\\/2024\\\/05\\\/15\\\/propuesta-para-reforma-de-la-cpe-busca-demorar-mas-la-preseleccion\\\/#primaryimage\"},\"thumbnailUrl\":\"https:\\\/\\\/www.eldiario.net\\\/portal\\\/wp-content\\\/uploads\\\/2024\\\/05\\\/DEMORAR-SALAME.jpg\",\"articleSection\":[\"Pol\u00edtica\"],\"inLanguage\":\"es\",\"potentialAction\":[{\"@type\":\"CommentAction\",\"name\":\"Comment\",\"target\":[\"https:\\\/\\\/www.eldiario.net\\\/portal\\\/2024\\\/05\\\/15\\\/propuesta-para-reforma-de-la-cpe-busca-demorar-mas-la-preseleccion\\\/#respond\"]}]},{\"@type\":\"WebPage\",\"@id\":\"https:\\\/\\\/www.eldiario.net\\\/portal\\\/2024\\\/05\\\/15\\\/propuesta-para-reforma-de-la-cpe-busca-demorar-mas-la-preseleccion\\\/\",\"url\":\"https:\\\/\\\/www.eldiario.net\\\/portal\\\/2024\\\/05\\\/15\\\/propuesta-para-reforma-de-la-cpe-busca-demorar-mas-la-preseleccion\\\/\",\"name\":\"Propuesta para reforma de la CPE busca demorar m\u00e1s la preselecci\u00f3n - El Diario - Bolivia\",\"isPartOf\":{\"@id\":\"https:\\\/\\\/www.eldiario.net\\\/portal\\\/#website\"},\"primaryImageOfPage\":{\"@id\":\"https:\\\/\\\/www.eldiario.net\\\/portal\\\/2024\\\/05\\\/15\\\/propuesta-para-reforma-de-la-cpe-busca-demorar-mas-la-preseleccion\\\/#primaryimage\"},\"image\":{\"@id\":\"https:\\\/\\\/www.eldiario.net\\\/portal\\\/2024\\\/05\\\/15\\\/propuesta-para-reforma-de-la-cpe-busca-demorar-mas-la-preseleccion\\\/#primaryimage\"},\"thumbnailUrl\":\"https:\\\/\\\/www.eldiario.net\\\/portal\\\/wp-content\\\/uploads\\\/2024\\\/05\\\/DEMORAR-SALAME.jpg\",\"datePublished\":\"2024-05-15T09:54:00+00:00\",\"breadcrumb\":{\"@id\":\"https:\\\/\\\/www.eldiario.net\\\/portal\\\/2024\\\/05\\\/15\\\/propuesta-para-reforma-de-la-cpe-busca-demorar-mas-la-preseleccion\\\/#breadcrumb\"},\"inLanguage\":\"es\",\"potentialAction\":[{\"@type\":\"ReadAction\",\"target\":[\"https:\\\/\\\/www.eldiario.net\\\/portal\\\/2024\\\/05\\\/15\\\/propuesta-para-reforma-de-la-cpe-busca-demorar-mas-la-preseleccion\\\/\"]}]},{\"@type\":\"ImageObject\",\"inLanguage\":\"es\",\"@id\":\"https:\\\/\\\/www.eldiario.net\\\/portal\\\/2024\\\/05\\\/15\\\/propuesta-para-reforma-de-la-cpe-busca-demorar-mas-la-preseleccion\\\/#primaryimage\",\"url\":\"https:\\\/\\\/www.eldiario.net\\\/portal\\\/wp-content\\\/uploads\\\/2024\\\/05\\\/DEMORAR-SALAME.jpg\",\"contentUrl\":\"https:\\\/\\\/www.eldiario.net\\\/portal\\\/wp-content\\\/uploads\\\/2024\\\/05\\\/DEMORAR-SALAME.jpg\",\"width\":1414,\"height\":1080,\"caption\":\"Senadora Silvia Salame (CC).\"},{\"@type\":\"BreadcrumbList\",\"@id\":\"https:\\\/\\\/www.eldiario.net\\\/portal\\\/2024\\\/05\\\/15\\\/propuesta-para-reforma-de-la-cpe-busca-demorar-mas-la-preseleccion\\\/#breadcrumb\",\"itemListElement\":[{\"@type\":\"ListItem\",\"position\":1,\"name\":\"Portada\",\"item\":\"https:\\\/\\\/www.eldiario.net\\\/portal\\\/\"},{\"@type\":\"ListItem\",\"position\":2,\"name\":\"Propuesta para reforma de la CPE busca demorar m\u00e1s la preselecci\u00f3n\"}]},{\"@type\":\"WebSite\",\"@id\":\"https:\\\/\\\/www.eldiario.net\\\/portal\\\/#website\",\"url\":\"https:\\\/\\\/www.eldiario.net\\\/portal\\\/\",\"name\":\"El Diario - Decano de la prensa nacional\",\"description\":\"El Diario - Decano de la prensa nacional\",\"publisher\":{\"@id\":\"https:\\\/\\\/www.eldiario.net\\\/portal\\\/#organization\"},\"potentialAction\":[{\"@type\":\"SearchAction\",\"target\":{\"@type\":\"EntryPoint\",\"urlTemplate\":\"https:\\\/\\\/www.eldiario.net\\\/portal\\\/?s={search_term_string}\"},\"query-input\":{\"@type\":\"PropertyValueSpecification\",\"valueRequired\":true,\"valueName\":\"search_term_string\"}}],\"inLanguage\":\"es\"},{\"@type\":\"Organization\",\"@id\":\"https:\\\/\\\/www.eldiario.net\\\/portal\\\/#organization\",\"name\":\"El Diario - Decano de la prensa nacional\",\"url\":\"https:\\\/\\\/www.eldiario.net\\\/portal\\\/\",\"logo\":{\"@type\":\"ImageObject\",\"inLanguage\":\"es\",\"@id\":\"https:\\\/\\\/www.eldiario.net\\\/portal\\\/#\\\/schema\\\/logo\\\/image\\\/\",\"url\":\"https:\\\/\\\/www.eldiario.net\\\/portal\\\/wp-content\\\/uploads\\\/2023\\\/07\\\/logo_ED.jpg\",\"contentUrl\":\"https:\\\/\\\/www.eldiario.net\\\/portal\\\/wp-content\\\/uploads\\\/2023\\\/07\\\/logo_ED.jpg\",\"width\":272,\"height\":52,\"caption\":\"El Diario - Decano de la prensa nacional\"},\"image\":{\"@id\":\"https:\\\/\\\/www.eldiario.net\\\/portal\\\/#\\\/schema\\\/logo\\\/image\\\/\"},\"sameAs\":[\"https:\\\/\\\/www.facebook.com\\\/eldiario.bolivia\\\/\",\"https:\\\/\\\/x.com\\\/eldiario_net\"]},{\"@type\":\"Person\",\"@id\":\"https:\\\/\\\/www.eldiario.net\\\/portal\\\/#\\\/schema\\\/person\\\/f46445640444750d7d753ccd04ae01b7\",\"name\":\"Jeanette\",\"image\":{\"@type\":\"ImageObject\",\"inLanguage\":\"es\",\"@id\":\"https:\\\/\\\/secure.gravatar.com\\\/avatar\\\/3ea2118a5f7dad2b7138b1187a6b7ee55f160b9968b66013c3a3ef39dd7e5798?s=96&d=mm&r=g\",\"url\":\"https:\\\/\\\/secure.gravatar.com\\\/avatar\\\/3ea2118a5f7dad2b7138b1187a6b7ee55f160b9968b66013c3a3ef39dd7e5798?s=96&d=mm&r=g\",\"contentUrl\":\"https:\\\/\\\/secure.gravatar.com\\\/avatar\\\/3ea2118a5f7dad2b7138b1187a6b7ee55f160b9968b66013c3a3ef39dd7e5798?s=96&d=mm&r=g\",\"caption\":\"Jeanette\"},\"sameAs\":[\"https:\\\/\\\/www.eldiario.net\\\/portal\"],\"url\":\"https:\\\/\\\/www.eldiario.net\\\/portal\\\/author\\\/jeanette\\\/\"}]}<\/script>\n<!-- \/ Yoast SEO plugin. -->","yoast_head_json":{"title":"Propuesta para reforma de la CPE busca demorar m\u00e1s la preselecci\u00f3n - El Diario - Bolivia","robots":{"index":"index","follow":"follow","max-snippet":"max-snippet:-1","max-image-preview":"max-image-preview:large","max-video-preview":"max-video-preview:-1"},"canonical":"https:\/\/www.eldiario.net\/portal\/2024\/05\/15\/propuesta-para-reforma-de-la-cpe-busca-demorar-mas-la-preseleccion\/","og_locale":"es_ES","og_type":"article","og_title":"Propuesta para reforma de la CPE busca demorar m\u00e1s la preselecci\u00f3n - El Diario - Bolivia","og_description":"Luego de plantearse la posibilidad de modificar la Constituci\u00f3n Pol\u00edtica del Estado (CPE) para ajustar los procedimientos de las elecciones judiciales, la senadora por Comunidad Ciudadana (CC), Silvia Salame, advirti\u00f3 que esta propuesta puede tratarse de una maniobra para prolongar, a\u00fan m\u00e1s, el estancamiento en el actual proceso. La asamble\u00edsta representante del departamento de Chuquisaca [&hellip;]","og_url":"https:\/\/www.eldiario.net\/portal\/2024\/05\/15\/propuesta-para-reforma-de-la-cpe-busca-demorar-mas-la-preseleccion\/","og_site_name":"El Diario - Bolivia","article_publisher":"https:\/\/www.facebook.com\/eldiario.bolivia\/","article_published_time":"2024-05-15T09:54:00+00:00","og_image":[{"width":1414,"height":1080,"url":"https:\/\/www.eldiario.net\/portal\/wp-content\/uploads\/2024\/05\/DEMORAR-SALAME.jpg","type":"image\/jpeg"}],"author":"Jeanette","twitter_card":"summary_large_image","twitter_creator":"@eldiario_net","twitter_site":"@eldiario_net","twitter_misc":{"Escrito por":"Jeanette","Tiempo de lectura":"3 minutos"},"schema":{"@context":"https:\/\/schema.org","@graph":[{"@type":"Article","@id":"https:\/\/www.eldiario.net\/portal\/2024\/05\/15\/propuesta-para-reforma-de-la-cpe-busca-demorar-mas-la-preseleccion\/#article","isPartOf":{"@id":"https:\/\/www.eldiario.net\/portal\/2024\/05\/15\/propuesta-para-reforma-de-la-cpe-busca-demorar-mas-la-preseleccion\/"},"author":{"name":"Jeanette","@id":"https:\/\/www.eldiario.net\/portal\/#\/schema\/person\/f46445640444750d7d753ccd04ae01b7"},"headline":"Propuesta para reforma de la CPE busca demorar m\u00e1s la preselecci\u00f3n","datePublished":"2024-05-15T09:54:00+00:00","mainEntityOfPage":{"@id":"https:\/\/www.eldiario.net\/portal\/2024\/05\/15\/propuesta-para-reforma-de-la-cpe-busca-demorar-mas-la-preseleccion\/"},"wordCount":716,"commentCount":0,"publisher":{"@id":"https:\/\/www.eldiario.net\/portal\/#organization"},"image":{"@id":"https:\/\/www.eldiario.net\/portal\/2024\/05\/15\/propuesta-para-reforma-de-la-cpe-busca-demorar-mas-la-preseleccion\/#primaryimage"},"thumbnailUrl":"https:\/\/www.eldiario.net\/portal\/wp-content\/uploads\/2024\/05\/DEMORAR-SALAME.jpg","articleSection":["Pol\u00edtica"],"inLanguage":"es","potentialAction":[{"@type":"CommentAction","name":"Comment","target":["https:\/\/www.eldiario.net\/portal\/2024\/05\/15\/propuesta-para-reforma-de-la-cpe-busca-demorar-mas-la-preseleccion\/#respond"]}]},{"@type":"WebPage","@id":"https:\/\/www.eldiario.net\/portal\/2024\/05\/15\/propuesta-para-reforma-de-la-cpe-busca-demorar-mas-la-preseleccion\/","url":"https:\/\/www.eldiario.net\/portal\/2024\/05\/15\/propuesta-para-reforma-de-la-cpe-busca-demorar-mas-la-preseleccion\/","name":"Propuesta para reforma de la CPE busca demorar m\u00e1s la preselecci\u00f3n - El Diario - Bolivia","isPartOf":{"@id":"https:\/\/www.eldiario.net\/portal\/#website"},"primaryImageOfPage":{"@id":"https:\/\/www.eldiario.net\/portal\/2024\/05\/15\/propuesta-para-reforma-de-la-cpe-busca-demorar-mas-la-preseleccion\/#primaryimage"},"image":{"@id":"https:\/\/www.eldiario.net\/portal\/2024\/05\/15\/propuesta-para-reforma-de-la-cpe-busca-demorar-mas-la-preseleccion\/#primaryimage"},"thumbnailUrl":"https:\/\/www.eldiario.net\/portal\/wp-content\/uploads\/2024\/05\/DEMORAR-SALAME.jpg","datePublished":"2024-05-15T09:54:00+00:00","breadcrumb":{"@id":"https:\/\/www.eldiario.net\/portal\/2024\/05\/15\/propuesta-para-reforma-de-la-cpe-busca-demorar-mas-la-preseleccion\/#breadcrumb"},"inLanguage":"es","potentialAction":[{"@type":"ReadAction","target":["https:\/\/www.eldiario.net\/portal\/2024\/05\/15\/propuesta-para-reforma-de-la-cpe-busca-demorar-mas-la-preseleccion\/"]}]},{"@type":"ImageObject","inLanguage":"es","@id":"https:\/\/www.eldiario.net\/portal\/2024\/05\/15\/propuesta-para-reforma-de-la-cpe-busca-demorar-mas-la-preseleccion\/#primaryimage","url":"https:\/\/www.eldiario.net\/portal\/wp-content\/uploads\/2024\/05\/DEMORAR-SALAME.jpg","contentUrl":"https:\/\/www.eldiario.net\/portal\/wp-content\/uploads\/2024\/05\/DEMORAR-SALAME.jpg","width":1414,"height":1080,"caption":"Senadora Silvia Salame (CC)."},{"@type":"BreadcrumbList","@id":"https:\/\/www.eldiario.net\/portal\/2024\/05\/15\/propuesta-para-reforma-de-la-cpe-busca-demorar-mas-la-preseleccion\/#breadcrumb","itemListElement":[{"@type":"ListItem","position":1,"name":"Portada","item":"https:\/\/www.eldiario.net\/portal\/"},{"@type":"ListItem","position":2,"name":"Propuesta para reforma de la CPE busca demorar m\u00e1s la preselecci\u00f3n"}]},{"@type":"WebSite","@id":"https:\/\/www.eldiario.net\/portal\/#website","url":"https:\/\/www.eldiario.net\/portal\/","name":"El Diario - Decano de la prensa nacional","description":"El Diario - Decano de la prensa nacional","publisher":{"@id":"https:\/\/www.eldiario.net\/portal\/#organization"},"potentialAction":[{"@type":"SearchAction","target":{"@type":"EntryPoint","urlTemplate":"https:\/\/www.eldiario.net\/portal\/?s={search_term_string}"},"query-input":{"@type":"PropertyValueSpecification","valueRequired":true,"valueName":"search_term_string"}}],"inLanguage":"es"},{"@type":"Organization","@id":"https:\/\/www.eldiario.net\/portal\/#organization","name":"El Diario - Decano de la prensa nacional","url":"https:\/\/www.eldiario.net\/portal\/","logo":{"@type":"ImageObject","inLanguage":"es","@id":"https:\/\/www.eldiario.net\/portal\/#\/schema\/logo\/image\/","url":"https:\/\/www.eldiario.net\/portal\/wp-content\/uploads\/2023\/07\/logo_ED.jpg","contentUrl":"https:\/\/www.eldiario.net\/portal\/wp-content\/uploads\/2023\/07\/logo_ED.jpg","width":272,"height":52,"caption":"El Diario - Decano de la prensa nacional"},"image":{"@id":"https:\/\/www.eldiario.net\/portal\/#\/schema\/logo\/image\/"},"sameAs":["https:\/\/www.facebook.com\/eldiario.bolivia\/","https:\/\/x.com\/eldiario_net"]},{"@type":"Person","@id":"https:\/\/www.eldiario.net\/portal\/#\/schema\/person\/f46445640444750d7d753ccd04ae01b7","name":"Jeanette","image":{"@type":"ImageObject","inLanguage":"es","@id":"https:\/\/secure.gravatar.com\/avatar\/3ea2118a5f7dad2b7138b1187a6b7ee55f160b9968b66013c3a3ef39dd7e5798?s=96&d=mm&r=g","url":"https:\/\/secure.gravatar.com\/avatar\/3ea2118a5f7dad2b7138b1187a6b7ee55f160b9968b66013c3a3ef39dd7e5798?s=96&d=mm&r=g","contentUrl":"https:\/\/secure.gravatar.com\/avatar\/3ea2118a5f7dad2b7138b1187a6b7ee55f160b9968b66013c3a3ef39dd7e5798?s=96&d=mm&r=g","caption":"Jeanette"},"sameAs":["https:\/\/www.eldiario.net\/portal"],"url":"https:\/\/www.eldiario.net\/portal\/author\/jeanette\/"}]}},"_links":{"self":[{"href":"https:\/\/www.eldiario.net\/portal\/wp-json\/wp\/v2\/posts\/220700","targetHints":{"allow":["GET"]}}],"collection":[{"href":"https:\/\/www.eldiario.net\/portal\/wp-json\/wp\/v2\/posts"}],"about":[{"href":"https:\/\/www.eldiario.net\/portal\/wp-json\/wp\/v2\/types\/post"}],"author":[{"embeddable":true,"href":"https:\/\/www.eldiario.net\/portal\/wp-json\/wp\/v2\/users\/1"}],"replies":[{"embeddable":true,"href":"https:\/\/www.eldiario.net\/portal\/wp-json\/wp\/v2\/comments?post=220700"}],"version-history":[{"count":1,"href":"https:\/\/www.eldiario.net\/portal\/wp-json\/wp\/v2\/posts\/220700\/revisions"}],"predecessor-version":[{"id":220702,"href":"https:\/\/www.eldiario.net\/portal\/wp-json\/wp\/v2\/posts\/220700\/revisions\/220702"}],"wp:featuredmedia":[{"embeddable":true,"href":"https:\/\/www.eldiario.net\/portal\/wp-json\/wp\/v2\/media\/220701"}],"wp:attachment":[{"href":"https:\/\/www.eldiario.net\/portal\/wp-json\/wp\/v2\/media?parent=220700"}],"wp:term":[{"taxonomy":"category","embeddable":true,"href":"https:\/\/www.eldiario.net\/portal\/wp-json\/wp\/v2\/categories?post=220700"},{"taxonomy":"post_tag","embeddable":true,"href":"https:\/\/www.eldiario.net\/portal\/wp-json\/wp\/v2\/tags?post=220700"}],"curies":[{"name":"wp","href":"https:\/\/api.w.org\/{rel}","templated":true}]}}