{"id":220531,"date":"2024-05-14T07:44:39","date_gmt":"2024-05-14T11:44:39","guid":{"rendered":"https:\/\/www.eldiario.net\/portal\/?p=220531"},"modified":"2024-05-14T07:44:39","modified_gmt":"2024-05-14T11:44:39","slug":"agetic-lanza-millonaria-licitacion-y-conade-anuncia-movilizacion-nacional","status":"publish","type":"post","link":"https:\/\/www.eldiario.net\/portal\/2024\/05\/14\/agetic-lanza-millonaria-licitacion-y-conade-anuncia-movilizacion-nacional\/","title":{"rendered":"Agetic lanza millonaria licitaci\u00f3n y  Conade anuncia movilizaci\u00f3n nacional"},"content":{"rendered":"<p>La Agencia de Gobierno Electr\u00f3nico y Tecnolog\u00edas de Informaci\u00f3n y Comunicaci\u00f3n (Agetic) lanz\u00f3 una licitaci\u00f3n por 31,1 millones de bolivianos para la compra de equipos que permitan la ejecuci\u00f3n de la reforma en Derechos Reales, pese a que el viernes (10) el Tribunal Constitucional Plurinacional (TCP) suspendi\u00f3 su aplicaci\u00f3n, y el Comit\u00e9 Nacional de Defensa de la Democracia (Conade) se declar\u00f3 en emergencia la noche de este lunes y convoc\u00f3 a una movilizaci\u00f3n nacional desde el lunes 20.<\/p>\n<p>\u201cLlevar adelante la adquisici\u00f3n de una Infraestructura Tecnol\u00f3gica de misi\u00f3n cr\u00edtica, suficiente y necesaria para realizar la implementaci\u00f3n y puesta en producci\u00f3n del Sistema \u00danico de Gesti\u00f3n de Servicios y Registros de Derechos Reales, permitiendo a dicho sistema, trabajar en alta disponibilidad, con seguridad robusta y recuperaci\u00f3n ante desastres\u201d, detalla uno de los documentos publicados por Agetic en el Sistema de Contrataciones Estatales (Sicoes).<\/p>\n<p>La Agetic, que depende del Ministerio de la Presidencia, contin\u00faa con el proceso de compra de dos \u00edtems en la p\u00e1gina web del Sicoes: el primero de ellos por 29.983.621 de bolivianos y el segundo por 1.154.720 de bolivianos, haciendo un total de 31.138.341 de bolivianos.<\/p>\n<p>El Decreto Supremo 5143, en su disposici\u00f3n transitoria tercera, establece la implementaci\u00f3n de un sistema \u00fanico de Registro de Derechos Reales que estar\u00e1 a cargo de la Agetic, en coordinaci\u00f3n con el Consejo de la Magistratura. Este punto fue altamente criticado por la oposici\u00f3n y sectores sociales como gremialistas quienes temen que la informaci\u00f3n que deber\u00eda ser privada pase a conocimiento del Gobierno.<\/p>\n<p>Seg\u00fan la convocatoria, el equipamiento tecnol\u00f3gico tiene \u201ccomo objetivo\u201d operar en dos sitios seguros y distantes, conectados v\u00eda fibra \u00f3ptica a altas velocidades, garantizando de esta manera la alta disponibilidad del sistema inform\u00e1tico.<\/p>\n<p>La convocatoria millonaria sigue en pie pese a que el TCP admiti\u00f3 el pasado viernes la acci\u00f3n de inconstitucionalidad de car\u00e1cter abstracto, presentada por el diputado arcista Juan Jos\u00e9 J\u00e1uregui en contra del DS 5143, suspendi\u00e9ndola de manera temporal su aplicaci\u00f3n, en tanto se emita la sentencia.<\/p>\n<p>El auto constitucional se\u00f1ala: \u201cAdmitir la Acci\u00f3n de Inconstitucionalidad Abstracta planteada por Juan Jos\u00e9 J\u00e1uregui, titular de la Asamblea Legislativa, (\u2026) y poner la presente acci\u00f3n en conocimiento de Luis Arce, presidente del Estado, en representaci\u00f3n del \u00d3rgano que gener\u00f3 la norma impugnada\u201d.<\/p>\n<p>El Conade tambi\u00e9n est\u00e1 en contra del DS 4732 que se centra en la obligatoriedad de obtener del Ministerio de Justicia, con car\u00e1cter previo, un \u201ccertificado de no contener cl\u00e1usulas abusivas\u201d en los contratos de preventas, ventas adelantadas, venta con reserva de propiedad, etc., de bienes inmuebles. Este Decreto Supremo data del 1 de junio de 2022 y llam\u00f3 la atenci\u00f3n del Conade despu\u00e9s de que el gobierno de Luis Arce aprob\u00f3 el DS 5143, referido a cambios substanciales en DDRR.<\/p>\n<p>El dirigente del Conade, Manuel Morales, inform\u00f3 que ambas normas vulneran el principio de propiedad privada. \u201cEl Gobierno dijo que har\u00eda una acci\u00f3n de inconstitucionalidad abstracta para que el TCP congele el desarrollo del decreto y el d\u00eda de hoy (lunes) la Agetic comenz\u00f3 a comprar nuevos equipos de computadora para DDRR vulnerando supuestamente esta paralizaci\u00f3n que se iba a hacer\u201d, afirm\u00f3.<\/p>\n<p>\u201cRatificamos, por lo tanto, que s\u00f3lo en las calles, a trav\u00e9s de la movilizaci\u00f3n ciudadana que vamos a lograr la abrogaci\u00f3n (del DS 5143). La gente del Conade estamos trabajando con la ciudadan\u00eda y otras instituciones para que el lunes 20 de mayo a nivel nacional salgamos, de manera coordinada, en los nueve departamentos a una movilizaci\u00f3n exigiendo la abrogaci\u00f3n de los dos decretos\u201d, puntualiz\u00f3.<\/p>\n<p>Para ello, Morales adelant\u00f3 que coordinar\u00e1n con otros sectores sociales que est\u00e1n en contra de ambas normas como los gremiales. \u201cHaremos todos los esfuerzos horizontales de comunicarnos con todas las organizaciones, incluso, a nivel nacional para que el 20 tengamos una movilizaci\u00f3n nacional y contundente\u201d, precis\u00f3.<\/p>\n<p>La diputada, Luciana Campero, de Comunidad Ciudadana protest\u00f3 por el proceso de compra que inici\u00f3 la Agetic, pese a que el TCP suspendi\u00f3 la aplicaci\u00f3n del DS 5143, pues considera que el Gobierno pretende manipular los datos del derecho privado de los bolivianos.<\/p>\n<p>\u201cSon m\u00e1s de 31 millones de bolivianos los que la Agetic ha destinado para la adquisici\u00f3n de computadoras y un software que va a permitir al Gobierno nacional poder manipular los datos del derecho privado de los ciudadanos bolivianos. Nuevamente estamos ante un Estado polic\u00edaco que se quiere entrometer en la vida privada de todos los bolivianos\u201d, dijo Campero.<\/p>\n<p>La parlamentaria denunci\u00f3 que tambi\u00e9n hay el inter\u00e9s gubernamental de controlar las comunicaciones de los bolivianos. \u201cLa Agetic sigue teniendo en curso una millonaria adquisici\u00f3n tecnol\u00f3gica para la implementaci\u00f3n del sistema \u00fanico de gesti\u00f3n de servicios y registros de derechos reales. Tenemos la seguridad de que el Ministerio de la Presidencia, a trav\u00e9s de Agetic, quiere controlar los datos de todos los bolivianos, no s\u00f3lo de derechos reales, sino tambi\u00e9n de telecomunicaciones\u201d, se\u00f1ala Campero en un video que comparti\u00f3 en redes sociales. (Br\u00fajula Digital)<\/p>\n","protected":false},"excerpt":{"rendered":"<p>La Agencia de Gobierno Electr\u00f3nico y Tecnolog\u00edas de Informaci\u00f3n y Comunicaci\u00f3n (Agetic) lanz\u00f3 una licitaci\u00f3n por 31,1 millones de bolivianos para la compra de equipos que permitan la ejecuci\u00f3n de la reforma en Derechos Reales, pese a que el viernes (10) el Tribunal Constitucional Plurinacional (TCP) suspendi\u00f3 su aplicaci\u00f3n, y el Comit\u00e9 Nacional de Defensa [&hellip;]<\/p>\n","protected":false},"author":1,"featured_media":220532,"comment_status":"open","ping_status":"open","sticky":false,"template":"","format":"standard","meta":{"_acf_changed":false,"footnotes":""},"categories":[7],"tags":[],"class_list":["post-220531","post","type-post","status-publish","format-standard","has-post-thumbnail","category-economia"],"acf":{"antetitulo":"Pese a la suspensi\u00f3n de reformas en DDRR"},"yoast_head":"<!-- This site is optimized with the Yoast SEO plugin v28.3 - https:\/\/yoast.com\/product\/yoast-seo-wordpress\/ -->\n<title>Agetic lanza millonaria licitaci\u00f3n y Conade anuncia movilizaci\u00f3n nacional - El Diario - Bolivia<\/title>\n<meta name=\"robots\" content=\"index, follow, max-snippet:-1, max-image-preview:large, max-video-preview:-1\" \/>\n<link rel=\"canonical\" href=\"https:\/\/www.eldiario.net\/portal\/2024\/05\/14\/agetic-lanza-millonaria-licitacion-y-conade-anuncia-movilizacion-nacional\/\" \/>\n<meta property=\"og:locale\" content=\"es_ES\" \/>\n<meta property=\"og:type\" content=\"article\" \/>\n<meta property=\"og:title\" content=\"Agetic lanza millonaria licitaci\u00f3n y Conade anuncia movilizaci\u00f3n nacional - El Diario - Bolivia\" \/>\n<meta property=\"og:description\" content=\"La Agencia de Gobierno Electr\u00f3nico y Tecnolog\u00edas de Informaci\u00f3n y Comunicaci\u00f3n (Agetic) lanz\u00f3 una licitaci\u00f3n por 31,1 millones de bolivianos para la compra de equipos que permitan la ejecuci\u00f3n de la reforma en Derechos Reales, pese a que el viernes (10) el Tribunal Constitucional Plurinacional (TCP) suspendi\u00f3 su aplicaci\u00f3n, y el Comit\u00e9 Nacional de Defensa [&hellip;]\" \/>\n<meta property=\"og:url\" content=\"https:\/\/www.eldiario.net\/portal\/2024\/05\/14\/agetic-lanza-millonaria-licitacion-y-conade-anuncia-movilizacion-nacional\/\" \/>\n<meta property=\"og:site_name\" content=\"El Diario - Bolivia\" \/>\n<meta property=\"article:publisher\" content=\"https:\/\/www.facebook.com\/eldiario.bolivia\/\" \/>\n<meta property=\"article:published_time\" content=\"2024-05-14T11:44:39+00:00\" \/>\n<meta property=\"og:image\" content=\"https:\/\/www.eldiario.net\/portal\/wp-content\/uploads\/2024\/05\/ATIC-FOTO.jpeg\" \/>\n\t<meta property=\"og:image:width\" content=\"720\" \/>\n\t<meta property=\"og:image:height\" content=\"399\" \/>\n\t<meta property=\"og:image:type\" content=\"image\/jpeg\" \/>\n<meta name=\"author\" content=\"Jeanette\" \/>\n<meta name=\"twitter:card\" content=\"summary_large_image\" \/>\n<meta name=\"twitter:creator\" content=\"@eldiario_net\" \/>\n<meta name=\"twitter:site\" content=\"@eldiario_net\" \/>\n<meta name=\"twitter:label1\" content=\"Escrito por\" \/>\n\t<meta name=\"twitter:data1\" content=\"Jeanette\" \/>\n\t<meta name=\"twitter:label2\" content=\"Tiempo de lectura\" \/>\n\t<meta name=\"twitter:data2\" content=\"4 minutos\" \/>\n<script type=\"application\/ld+json\" class=\"yoast-schema-graph\">{\"@context\":\"https:\\\/\\\/schema.org\",\"@graph\":[{\"@type\":\"Article\",\"@id\":\"https:\\\/\\\/www.eldiario.net\\\/portal\\\/2024\\\/05\\\/14\\\/agetic-lanza-millonaria-licitacion-y-conade-anuncia-movilizacion-nacional\\\/#article\",\"isPartOf\":{\"@id\":\"https:\\\/\\\/www.eldiario.net\\\/portal\\\/2024\\\/05\\\/14\\\/agetic-lanza-millonaria-licitacion-y-conade-anuncia-movilizacion-nacional\\\/\"},\"author\":{\"name\":\"Jeanette\",\"@id\":\"https:\\\/\\\/www.eldiario.net\\\/portal\\\/#\\\/schema\\\/person\\\/f46445640444750d7d753ccd04ae01b7\"},\"headline\":\"Agetic lanza millonaria licitaci\u00f3n y Conade anuncia movilizaci\u00f3n nacional\",\"datePublished\":\"2024-05-14T11:44:39+00:00\",\"mainEntityOfPage\":{\"@id\":\"https:\\\/\\\/www.eldiario.net\\\/portal\\\/2024\\\/05\\\/14\\\/agetic-lanza-millonaria-licitacion-y-conade-anuncia-movilizacion-nacional\\\/\"},\"wordCount\":879,\"commentCount\":0,\"publisher\":{\"@id\":\"https:\\\/\\\/www.eldiario.net\\\/portal\\\/#organization\"},\"image\":{\"@id\":\"https:\\\/\\\/www.eldiario.net\\\/portal\\\/2024\\\/05\\\/14\\\/agetic-lanza-millonaria-licitacion-y-conade-anuncia-movilizacion-nacional\\\/#primaryimage\"},\"thumbnailUrl\":\"https:\\\/\\\/www.eldiario.net\\\/portal\\\/wp-content\\\/uploads\\\/2024\\\/05\\\/ATIC-FOTO.jpeg\",\"articleSection\":[\"Econom\u00eda\"],\"inLanguage\":\"es\",\"potentialAction\":[{\"@type\":\"CommentAction\",\"name\":\"Comment\",\"target\":[\"https:\\\/\\\/www.eldiario.net\\\/portal\\\/2024\\\/05\\\/14\\\/agetic-lanza-millonaria-licitacion-y-conade-anuncia-movilizacion-nacional\\\/#respond\"]}]},{\"@type\":\"WebPage\",\"@id\":\"https:\\\/\\\/www.eldiario.net\\\/portal\\\/2024\\\/05\\\/14\\\/agetic-lanza-millonaria-licitacion-y-conade-anuncia-movilizacion-nacional\\\/\",\"url\":\"https:\\\/\\\/www.eldiario.net\\\/portal\\\/2024\\\/05\\\/14\\\/agetic-lanza-millonaria-licitacion-y-conade-anuncia-movilizacion-nacional\\\/\",\"name\":\"Agetic lanza millonaria licitaci\u00f3n y Conade anuncia movilizaci\u00f3n nacional - El Diario - Bolivia\",\"isPartOf\":{\"@id\":\"https:\\\/\\\/www.eldiario.net\\\/portal\\\/#website\"},\"primaryImageOfPage\":{\"@id\":\"https:\\\/\\\/www.eldiario.net\\\/portal\\\/2024\\\/05\\\/14\\\/agetic-lanza-millonaria-licitacion-y-conade-anuncia-movilizacion-nacional\\\/#primaryimage\"},\"image\":{\"@id\":\"https:\\\/\\\/www.eldiario.net\\\/portal\\\/2024\\\/05\\\/14\\\/agetic-lanza-millonaria-licitacion-y-conade-anuncia-movilizacion-nacional\\\/#primaryimage\"},\"thumbnailUrl\":\"https:\\\/\\\/www.eldiario.net\\\/portal\\\/wp-content\\\/uploads\\\/2024\\\/05\\\/ATIC-FOTO.jpeg\",\"datePublished\":\"2024-05-14T11:44:39+00:00\",\"breadcrumb\":{\"@id\":\"https:\\\/\\\/www.eldiario.net\\\/portal\\\/2024\\\/05\\\/14\\\/agetic-lanza-millonaria-licitacion-y-conade-anuncia-movilizacion-nacional\\\/#breadcrumb\"},\"inLanguage\":\"es\",\"potentialAction\":[{\"@type\":\"ReadAction\",\"target\":[\"https:\\\/\\\/www.eldiario.net\\\/portal\\\/2024\\\/05\\\/14\\\/agetic-lanza-millonaria-licitacion-y-conade-anuncia-movilizacion-nacional\\\/\"]}]},{\"@type\":\"ImageObject\",\"inLanguage\":\"es\",\"@id\":\"https:\\\/\\\/www.eldiario.net\\\/portal\\\/2024\\\/05\\\/14\\\/agetic-lanza-millonaria-licitacion-y-conade-anuncia-movilizacion-nacional\\\/#primaryimage\",\"url\":\"https:\\\/\\\/www.eldiario.net\\\/portal\\\/wp-content\\\/uploads\\\/2024\\\/05\\\/ATIC-FOTO.jpeg\",\"contentUrl\":\"https:\\\/\\\/www.eldiario.net\\\/portal\\\/wp-content\\\/uploads\\\/2024\\\/05\\\/ATIC-FOTO.jpeg\",\"width\":720,\"height\":399,\"caption\":\"Las reformas en DDRR son rechazadas. Foto: APG\"},{\"@type\":\"BreadcrumbList\",\"@id\":\"https:\\\/\\\/www.eldiario.net\\\/portal\\\/2024\\\/05\\\/14\\\/agetic-lanza-millonaria-licitacion-y-conade-anuncia-movilizacion-nacional\\\/#breadcrumb\",\"itemListElement\":[{\"@type\":\"ListItem\",\"position\":1,\"name\":\"Portada\",\"item\":\"https:\\\/\\\/www.eldiario.net\\\/portal\\\/\"},{\"@type\":\"ListItem\",\"position\":2,\"name\":\"Agetic lanza millonaria licitaci\u00f3n y Conade anuncia movilizaci\u00f3n nacional\"}]},{\"@type\":\"WebSite\",\"@id\":\"https:\\\/\\\/www.eldiario.net\\\/portal\\\/#website\",\"url\":\"https:\\\/\\\/www.eldiario.net\\\/portal\\\/\",\"name\":\"El Diario - Decano de la prensa nacional\",\"description\":\"El Diario - Decano de la prensa nacional\",\"publisher\":{\"@id\":\"https:\\\/\\\/www.eldiario.net\\\/portal\\\/#organization\"},\"potentialAction\":[{\"@type\":\"SearchAction\",\"target\":{\"@type\":\"EntryPoint\",\"urlTemplate\":\"https:\\\/\\\/www.eldiario.net\\\/portal\\\/?s={search_term_string}\"},\"query-input\":{\"@type\":\"PropertyValueSpecification\",\"valueRequired\":true,\"valueName\":\"search_term_string\"}}],\"inLanguage\":\"es\"},{\"@type\":\"Organization\",\"@id\":\"https:\\\/\\\/www.eldiario.net\\\/portal\\\/#organization\",\"name\":\"El Diario - Decano de la prensa nacional\",\"url\":\"https:\\\/\\\/www.eldiario.net\\\/portal\\\/\",\"logo\":{\"@type\":\"ImageObject\",\"inLanguage\":\"es\",\"@id\":\"https:\\\/\\\/www.eldiario.net\\\/portal\\\/#\\\/schema\\\/logo\\\/image\\\/\",\"url\":\"https:\\\/\\\/www.eldiario.net\\\/portal\\\/wp-content\\\/uploads\\\/2023\\\/07\\\/logo_ED.jpg\",\"contentUrl\":\"https:\\\/\\\/www.eldiario.net\\\/portal\\\/wp-content\\\/uploads\\\/2023\\\/07\\\/logo_ED.jpg\",\"width\":272,\"height\":52,\"caption\":\"El Diario - Decano de la prensa nacional\"},\"image\":{\"@id\":\"https:\\\/\\\/www.eldiario.net\\\/portal\\\/#\\\/schema\\\/logo\\\/image\\\/\"},\"sameAs\":[\"https:\\\/\\\/www.facebook.com\\\/eldiario.bolivia\\\/\",\"https:\\\/\\\/x.com\\\/eldiario_net\"]},{\"@type\":\"Person\",\"@id\":\"https:\\\/\\\/www.eldiario.net\\\/portal\\\/#\\\/schema\\\/person\\\/f46445640444750d7d753ccd04ae01b7\",\"name\":\"Jeanette\",\"image\":{\"@type\":\"ImageObject\",\"inLanguage\":\"es\",\"@id\":\"https:\\\/\\\/secure.gravatar.com\\\/avatar\\\/3ea2118a5f7dad2b7138b1187a6b7ee55f160b9968b66013c3a3ef39dd7e5798?s=96&d=mm&r=g\",\"url\":\"https:\\\/\\\/secure.gravatar.com\\\/avatar\\\/3ea2118a5f7dad2b7138b1187a6b7ee55f160b9968b66013c3a3ef39dd7e5798?s=96&d=mm&r=g\",\"contentUrl\":\"https:\\\/\\\/secure.gravatar.com\\\/avatar\\\/3ea2118a5f7dad2b7138b1187a6b7ee55f160b9968b66013c3a3ef39dd7e5798?s=96&d=mm&r=g\",\"caption\":\"Jeanette\"},\"sameAs\":[\"https:\\\/\\\/www.eldiario.net\\\/portal\"],\"url\":\"https:\\\/\\\/www.eldiario.net\\\/portal\\\/author\\\/jeanette\\\/\"}]}<\/script>\n<!-- \/ Yoast SEO plugin. -->","yoast_head_json":{"title":"Agetic lanza millonaria licitaci\u00f3n y Conade anuncia movilizaci\u00f3n nacional - El Diario - Bolivia","robots":{"index":"index","follow":"follow","max-snippet":"max-snippet:-1","max-image-preview":"max-image-preview:large","max-video-preview":"max-video-preview:-1"},"canonical":"https:\/\/www.eldiario.net\/portal\/2024\/05\/14\/agetic-lanza-millonaria-licitacion-y-conade-anuncia-movilizacion-nacional\/","og_locale":"es_ES","og_type":"article","og_title":"Agetic lanza millonaria licitaci\u00f3n y Conade anuncia movilizaci\u00f3n nacional - El Diario - Bolivia","og_description":"La Agencia de Gobierno Electr\u00f3nico y Tecnolog\u00edas de Informaci\u00f3n y Comunicaci\u00f3n (Agetic) lanz\u00f3 una licitaci\u00f3n por 31,1 millones de bolivianos para la compra de equipos que permitan la ejecuci\u00f3n de la reforma en Derechos Reales, pese a que el viernes (10) el Tribunal Constitucional Plurinacional (TCP) suspendi\u00f3 su aplicaci\u00f3n, y el Comit\u00e9 Nacional de Defensa [&hellip;]","og_url":"https:\/\/www.eldiario.net\/portal\/2024\/05\/14\/agetic-lanza-millonaria-licitacion-y-conade-anuncia-movilizacion-nacional\/","og_site_name":"El Diario - Bolivia","article_publisher":"https:\/\/www.facebook.com\/eldiario.bolivia\/","article_published_time":"2024-05-14T11:44:39+00:00","og_image":[{"width":720,"height":399,"url":"https:\/\/www.eldiario.net\/portal\/wp-content\/uploads\/2024\/05\/ATIC-FOTO.jpeg","type":"image\/jpeg"}],"author":"Jeanette","twitter_card":"summary_large_image","twitter_creator":"@eldiario_net","twitter_site":"@eldiario_net","twitter_misc":{"Escrito por":"Jeanette","Tiempo de lectura":"4 minutos"},"schema":{"@context":"https:\/\/schema.org","@graph":[{"@type":"Article","@id":"https:\/\/www.eldiario.net\/portal\/2024\/05\/14\/agetic-lanza-millonaria-licitacion-y-conade-anuncia-movilizacion-nacional\/#article","isPartOf":{"@id":"https:\/\/www.eldiario.net\/portal\/2024\/05\/14\/agetic-lanza-millonaria-licitacion-y-conade-anuncia-movilizacion-nacional\/"},"author":{"name":"Jeanette","@id":"https:\/\/www.eldiario.net\/portal\/#\/schema\/person\/f46445640444750d7d753ccd04ae01b7"},"headline":"Agetic lanza millonaria licitaci\u00f3n y Conade anuncia movilizaci\u00f3n nacional","datePublished":"2024-05-14T11:44:39+00:00","mainEntityOfPage":{"@id":"https:\/\/www.eldiario.net\/portal\/2024\/05\/14\/agetic-lanza-millonaria-licitacion-y-conade-anuncia-movilizacion-nacional\/"},"wordCount":879,"commentCount":0,"publisher":{"@id":"https:\/\/www.eldiario.net\/portal\/#organization"},"image":{"@id":"https:\/\/www.eldiario.net\/portal\/2024\/05\/14\/agetic-lanza-millonaria-licitacion-y-conade-anuncia-movilizacion-nacional\/#primaryimage"},"thumbnailUrl":"https:\/\/www.eldiario.net\/portal\/wp-content\/uploads\/2024\/05\/ATIC-FOTO.jpeg","articleSection":["Econom\u00eda"],"inLanguage":"es","potentialAction":[{"@type":"CommentAction","name":"Comment","target":["https:\/\/www.eldiario.net\/portal\/2024\/05\/14\/agetic-lanza-millonaria-licitacion-y-conade-anuncia-movilizacion-nacional\/#respond"]}]},{"@type":"WebPage","@id":"https:\/\/www.eldiario.net\/portal\/2024\/05\/14\/agetic-lanza-millonaria-licitacion-y-conade-anuncia-movilizacion-nacional\/","url":"https:\/\/www.eldiario.net\/portal\/2024\/05\/14\/agetic-lanza-millonaria-licitacion-y-conade-anuncia-movilizacion-nacional\/","name":"Agetic lanza millonaria licitaci\u00f3n y Conade anuncia movilizaci\u00f3n nacional - El Diario - Bolivia","isPartOf":{"@id":"https:\/\/www.eldiario.net\/portal\/#website"},"primaryImageOfPage":{"@id":"https:\/\/www.eldiario.net\/portal\/2024\/05\/14\/agetic-lanza-millonaria-licitacion-y-conade-anuncia-movilizacion-nacional\/#primaryimage"},"image":{"@id":"https:\/\/www.eldiario.net\/portal\/2024\/05\/14\/agetic-lanza-millonaria-licitacion-y-conade-anuncia-movilizacion-nacional\/#primaryimage"},"thumbnailUrl":"https:\/\/www.eldiario.net\/portal\/wp-content\/uploads\/2024\/05\/ATIC-FOTO.jpeg","datePublished":"2024-05-14T11:44:39+00:00","breadcrumb":{"@id":"https:\/\/www.eldiario.net\/portal\/2024\/05\/14\/agetic-lanza-millonaria-licitacion-y-conade-anuncia-movilizacion-nacional\/#breadcrumb"},"inLanguage":"es","potentialAction":[{"@type":"ReadAction","target":["https:\/\/www.eldiario.net\/portal\/2024\/05\/14\/agetic-lanza-millonaria-licitacion-y-conade-anuncia-movilizacion-nacional\/"]}]},{"@type":"ImageObject","inLanguage":"es","@id":"https:\/\/www.eldiario.net\/portal\/2024\/05\/14\/agetic-lanza-millonaria-licitacion-y-conade-anuncia-movilizacion-nacional\/#primaryimage","url":"https:\/\/www.eldiario.net\/portal\/wp-content\/uploads\/2024\/05\/ATIC-FOTO.jpeg","contentUrl":"https:\/\/www.eldiario.net\/portal\/wp-content\/uploads\/2024\/05\/ATIC-FOTO.jpeg","width":720,"height":399,"caption":"Las reformas en DDRR son rechazadas. Foto: APG"},{"@type":"BreadcrumbList","@id":"https:\/\/www.eldiario.net\/portal\/2024\/05\/14\/agetic-lanza-millonaria-licitacion-y-conade-anuncia-movilizacion-nacional\/#breadcrumb","itemListElement":[{"@type":"ListItem","position":1,"name":"Portada","item":"https:\/\/www.eldiario.net\/portal\/"},{"@type":"ListItem","position":2,"name":"Agetic lanza millonaria licitaci\u00f3n y Conade anuncia movilizaci\u00f3n nacional"}]},{"@type":"WebSite","@id":"https:\/\/www.eldiario.net\/portal\/#website","url":"https:\/\/www.eldiario.net\/portal\/","name":"El Diario - Decano de la prensa nacional","description":"El Diario - Decano de la prensa nacional","publisher":{"@id":"https:\/\/www.eldiario.net\/portal\/#organization"},"potentialAction":[{"@type":"SearchAction","target":{"@type":"EntryPoint","urlTemplate":"https:\/\/www.eldiario.net\/portal\/?s={search_term_string}"},"query-input":{"@type":"PropertyValueSpecification","valueRequired":true,"valueName":"search_term_string"}}],"inLanguage":"es"},{"@type":"Organization","@id":"https:\/\/www.eldiario.net\/portal\/#organization","name":"El Diario - Decano de la prensa nacional","url":"https:\/\/www.eldiario.net\/portal\/","logo":{"@type":"ImageObject","inLanguage":"es","@id":"https:\/\/www.eldiario.net\/portal\/#\/schema\/logo\/image\/","url":"https:\/\/www.eldiario.net\/portal\/wp-content\/uploads\/2023\/07\/logo_ED.jpg","contentUrl":"https:\/\/www.eldiario.net\/portal\/wp-content\/uploads\/2023\/07\/logo_ED.jpg","width":272,"height":52,"caption":"El Diario - Decano de la prensa nacional"},"image":{"@id":"https:\/\/www.eldiario.net\/portal\/#\/schema\/logo\/image\/"},"sameAs":["https:\/\/www.facebook.com\/eldiario.bolivia\/","https:\/\/x.com\/eldiario_net"]},{"@type":"Person","@id":"https:\/\/www.eldiario.net\/portal\/#\/schema\/person\/f46445640444750d7d753ccd04ae01b7","name":"Jeanette","image":{"@type":"ImageObject","inLanguage":"es","@id":"https:\/\/secure.gravatar.com\/avatar\/3ea2118a5f7dad2b7138b1187a6b7ee55f160b9968b66013c3a3ef39dd7e5798?s=96&d=mm&r=g","url":"https:\/\/secure.gravatar.com\/avatar\/3ea2118a5f7dad2b7138b1187a6b7ee55f160b9968b66013c3a3ef39dd7e5798?s=96&d=mm&r=g","contentUrl":"https:\/\/secure.gravatar.com\/avatar\/3ea2118a5f7dad2b7138b1187a6b7ee55f160b9968b66013c3a3ef39dd7e5798?s=96&d=mm&r=g","caption":"Jeanette"},"sameAs":["https:\/\/www.eldiario.net\/portal"],"url":"https:\/\/www.eldiario.net\/portal\/author\/jeanette\/"}]}},"_links":{"self":[{"href":"https:\/\/www.eldiario.net\/portal\/wp-json\/wp\/v2\/posts\/220531","targetHints":{"allow":["GET"]}}],"collection":[{"href":"https:\/\/www.eldiario.net\/portal\/wp-json\/wp\/v2\/posts"}],"about":[{"href":"https:\/\/www.eldiario.net\/portal\/wp-json\/wp\/v2\/types\/post"}],"author":[{"embeddable":true,"href":"https:\/\/www.eldiario.net\/portal\/wp-json\/wp\/v2\/users\/1"}],"replies":[{"embeddable":true,"href":"https:\/\/www.eldiario.net\/portal\/wp-json\/wp\/v2\/comments?post=220531"}],"version-history":[{"count":1,"href":"https:\/\/www.eldiario.net\/portal\/wp-json\/wp\/v2\/posts\/220531\/revisions"}],"predecessor-version":[{"id":220533,"href":"https:\/\/www.eldiario.net\/portal\/wp-json\/wp\/v2\/posts\/220531\/revisions\/220533"}],"wp:featuredmedia":[{"embeddable":true,"href":"https:\/\/www.eldiario.net\/portal\/wp-json\/wp\/v2\/media\/220532"}],"wp:attachment":[{"href":"https:\/\/www.eldiario.net\/portal\/wp-json\/wp\/v2\/media?parent=220531"}],"wp:term":[{"taxonomy":"category","embeddable":true,"href":"https:\/\/www.eldiario.net\/portal\/wp-json\/wp\/v2\/categories?post=220531"},{"taxonomy":"post_tag","embeddable":true,"href":"https:\/\/www.eldiario.net\/portal\/wp-json\/wp\/v2\/tags?post=220531"}],"curies":[{"name":"wp","href":"https:\/\/api.w.org\/{rel}","templated":true}]}}